
{"id":13315,"date":"2026-03-03T01:00:25","date_gmt":"2026-03-03T04:00:25","guid":{"rendered":"https:\/\/cuartetoenlaweb.com.ar\/sitio\/adorni-marco-la-ruptura-la-vicepresidenta-no-es-parte-del-gobierno\/"},"modified":"2026-03-03T01:00:25","modified_gmt":"2026-03-03T04:00:25","slug":"adorni-marco-la-ruptura-la-vicepresidenta-no-es-parte-del-gobierno","status":"publish","type":"post","link":"https:\/\/cuartetoenlaweb.com.ar\/sitio\/adorni-marco-la-ruptura-la-vicepresidenta-no-es-parte-del-gobierno\/","title":{"rendered":"Adorni marc\u00f3 la ruptura: \u201cla vicepresidenta no es parte del Gobierno\u201d"},"content":{"rendered":"<p>El jefe de Gabinete, Manuel Adorni, confirm\u00f3 p\u00fablicamente el quiebre pol\u00edtico entre el presidente Javier Milei y la vicepresidenta Victoria Villarruel al asegurar que \u201cla vicepresidenta no es parte del Gobierno\u201d.<\/p>\n<p>Las declaraciones se produjeron este lunes, en una entrevista con radio El Observador, luego del gesto distante que ambos protagonizaron durante la apertura de las sesiones ordinarias en el Congreso. \u201cNo hay ninguna chance de volver a tener relaci\u00f3n con la vicepresidenta, pero porque no es parte del Gobierno, no es parte de la gesti\u00f3n, no es parte de las decisiones\u201d, afirm\u00f3 el funcionario.<\/p>\n<p><strong>El gesto en el Congreso y el uso del celular<\/strong><\/p>\n<p>Durante el ingreso al recinto, Milei -acompa\u00f1ado por la secretaria general de la Presidencia, Karina Milei- apenas estrech\u00f3 la mano de Villarruel, sin intercambio de palabras. La escena no fue emitida por la transmisi\u00f3n oficial y qued\u00f3 registrada por una c\u00e1mara alternativa.<\/p>\n<p>Otro momento que gener\u00f3 repercusiones fue el uso del celular por parte de la vicepresidenta mientras el mandatario pronunciaba su discurso, que se extendi\u00f3 por m\u00e1s de una hora. Consultado sobre esa actitud, Adorni evit\u00f3 profundizar: \u201cHay que preguntarle a ella por qu\u00e9 estaba con el celular. No es algo tampoco que consideremos que tengamos que hacer una apreciaci\u00f3n\u201d.<\/p>\n<p>El jefe de Gabinete agreg\u00f3 que lo relevante fue el mensaje presidencial y minimiz\u00f3 los episodios paralelos. \u201cLo que hay que poner en valor es el discurso del Presidente, m\u00e1s all\u00e1 de la desatenci\u00f3n que pudo haber existido y de los silbidos e insultos que efectivamente hubo por parte de la bancada kirchnerista\u201d, sostuvo.<\/p>\n<p><strong>Una tensi\u00f3n que no es nueva<\/strong><\/p>\n<p>La distancia pol\u00edtica entre Milei y Villarruel no es reciente. En los \u00faltimos d\u00edas, la vicepresidenta volvi\u00f3 a marcar diferencias con el rumbo econ\u00f3mico impulsado por La Libertad Avanza, especialmente tras el avance del proyecto de reforma laboral en el Congreso.<\/p>\n<p>Villarruel cuestion\u00f3 el modelo de apertura econ\u00f3mica promovido por el oficialismo y advirti\u00f3 que esa orientaci\u00f3n \u201cimplica un golpe a las pol\u00edticas de producci\u00f3n y establecimiento de empresas en Estados Unidos\u201d, en declaraciones que profundizaron las diferencias internas.<\/p>\n","protected":false},"excerpt":{"rendered":"<p>El jefe de Gabinete, Manuel Adorni, confirm\u00f3 p\u00fablicamente el quiebre<\/p>\n","protected":false},"author":0,"featured_media":13316,"comment_status":"","ping_status":"","sticky":false,"template":"","format":"standard","meta":{"footnotes":""},"categories":[65],"tags":[],"class_list":["post-13315","post","type-post","status-publish","format-standard","has-post-thumbnail","hentry","category-pais"],"yoast_head":"<!-- This site is optimized with the Yoast SEO plugin v27.5 - https:\/\/yoast.com\/product\/yoast-seo-wordpress\/ -->\n<title>Adorni marc\u00f3 la ruptura: \u201cla vicepresidenta no es parte del Gobierno\u201d - Cuarteto en la Web<\/title>\n<meta name=\"robots\" content=\"index, follow, max-snippet:-1, max-image-preview:large, max-video-preview:-1\" \/>\n<link rel=\"canonical\" href=\"https:\/\/cuartetoenlaweb.com.ar\/sitio\/adorni-marco-la-ruptura-la-vicepresidenta-no-es-parte-del-gobierno\/\" \/>\n<meta property=\"og:locale\" content=\"es_ES\" \/>\n<meta property=\"og:type\" content=\"article\" \/>\n<meta property=\"og:title\" content=\"Adorni marc\u00f3 la ruptura: \u201cla vicepresidenta no es parte del Gobierno\u201d - Cuarteto en la Web\" \/>\n<meta property=\"og:description\" content=\"El jefe de Gabinete, Manuel Adorni, confirm\u00f3 p\u00fablicamente el quiebre\" \/>\n<meta property=\"og:url\" content=\"https:\/\/cuartetoenlaweb.com.ar\/sitio\/adorni-marco-la-ruptura-la-vicepresidenta-no-es-parte-del-gobierno\/\" \/>\n<meta property=\"og:site_name\" content=\"Cuarteto en la Web\" \/>\n<meta property=\"article:published_time\" content=\"2026-03-03T04:00:25+00:00\" \/>\n<meta property=\"og:image\" content=\"https:\/\/cuartetoenlaweb.com.ar\/sitio\/wp-content\/uploads\/2026\/03\/portadax-9.png\" \/>\n\t<meta property=\"og:image:width\" content=\"1366\" \/>\n\t<meta property=\"og:image:height\" content=\"768\" \/>\n\t<meta property=\"og:image:type\" content=\"image\/png\" \/>\n<meta name=\"twitter:card\" content=\"summary_large_image\" \/>\n<meta name=\"twitter:label1\" content=\"Tiempo de lectura\" \/>\n\t<meta name=\"twitter:data1\" content=\"2 minutos\" \/>\n<script type=\"application\/ld+json\" class=\"yoast-schema-graph\">{\"@context\":\"https:\\\/\\\/schema.org\",\"@graph\":[{\"@type\":\"Article\",\"@id\":\"https:\\\/\\\/cuartetoenlaweb.com.ar\\\/sitio\\\/adorni-marco-la-ruptura-la-vicepresidenta-no-es-parte-del-gobierno\\\/#article\",\"isPartOf\":{\"@id\":\"https:\\\/\\\/cuartetoenlaweb.com.ar\\\/sitio\\\/adorni-marco-la-ruptura-la-vicepresidenta-no-es-parte-del-gobierno\\\/\"},\"author\":{\"name\":\"\",\"@id\":\"\"},\"headline\":\"Adorni marc\u00f3 la ruptura: \u201cla vicepresidenta no es parte del Gobierno\u201d\",\"datePublished\":\"2026-03-03T04:00:25+00:00\",\"mainEntityOfPage\":{\"@id\":\"https:\\\/\\\/cuartetoenlaweb.com.ar\\\/sitio\\\/adorni-marco-la-ruptura-la-vicepresidenta-no-es-parte-del-gobierno\\\/\"},\"wordCount\":375,\"publisher\":{\"@id\":\"https:\\\/\\\/cuartetoenlaweb.com.ar\\\/sitio\\\/#organization\"},\"image\":{\"@id\":\"https:\\\/\\\/cuartetoenlaweb.com.ar\\\/sitio\\\/adorni-marco-la-ruptura-la-vicepresidenta-no-es-parte-del-gobierno\\\/#primaryimage\"},\"thumbnailUrl\":\"https:\\\/\\\/cuartetoenlaweb.com.ar\\\/sitio\\\/wp-content\\\/uploads\\\/2026\\\/03\\\/portadax-9.png\",\"articleSection\":[\"PAIS\"],\"inLanguage\":\"es\"},{\"@type\":\"WebPage\",\"@id\":\"https:\\\/\\\/cuartetoenlaweb.com.ar\\\/sitio\\\/adorni-marco-la-ruptura-la-vicepresidenta-no-es-parte-del-gobierno\\\/\",\"url\":\"https:\\\/\\\/cuartetoenlaweb.com.ar\\\/sitio\\\/adorni-marco-la-ruptura-la-vicepresidenta-no-es-parte-del-gobierno\\\/\",\"name\":\"Adorni marc\u00f3 la ruptura: \u201cla vicepresidenta no es parte del Gobierno\u201d - Cuarteto en la Web\",\"isPartOf\":{\"@id\":\"https:\\\/\\\/cuartetoenlaweb.com.ar\\\/sitio\\\/#website\"},\"primaryImageOfPage\":{\"@id\":\"https:\\\/\\\/cuartetoenlaweb.com.ar\\\/sitio\\\/adorni-marco-la-ruptura-la-vicepresidenta-no-es-parte-del-gobierno\\\/#primaryimage\"},\"image\":{\"@id\":\"https:\\\/\\\/cuartetoenlaweb.com.ar\\\/sitio\\\/adorni-marco-la-ruptura-la-vicepresidenta-no-es-parte-del-gobierno\\\/#primaryimage\"},\"thumbnailUrl\":\"https:\\\/\\\/cuartetoenlaweb.com.ar\\\/sitio\\\/wp-content\\\/uploads\\\/2026\\\/03\\\/portadax-9.png\",\"datePublished\":\"2026-03-03T04:00:25+00:00\",\"breadcrumb\":{\"@id\":\"https:\\\/\\\/cuartetoenlaweb.com.ar\\\/sitio\\\/adorni-marco-la-ruptura-la-vicepresidenta-no-es-parte-del-gobierno\\\/#breadcrumb\"},\"inLanguage\":\"es\",\"potentialAction\":[{\"@type\":\"ReadAction\",\"target\":[\"https:\\\/\\\/cuartetoenlaweb.com.ar\\\/sitio\\\/adorni-marco-la-ruptura-la-vicepresidenta-no-es-parte-del-gobierno\\\/\"]}]},{\"@type\":\"ImageObject\",\"inLanguage\":\"es\",\"@id\":\"https:\\\/\\\/cuartetoenlaweb.com.ar\\\/sitio\\\/adorni-marco-la-ruptura-la-vicepresidenta-no-es-parte-del-gobierno\\\/#primaryimage\",\"url\":\"https:\\\/\\\/cuartetoenlaweb.com.ar\\\/sitio\\\/wp-content\\\/uploads\\\/2026\\\/03\\\/portadax-9.png\",\"contentUrl\":\"https:\\\/\\\/cuartetoenlaweb.com.ar\\\/sitio\\\/wp-content\\\/uploads\\\/2026\\\/03\\\/portadax-9.png\",\"width\":1366,\"height\":768},{\"@type\":\"BreadcrumbList\",\"@id\":\"https:\\\/\\\/cuartetoenlaweb.com.ar\\\/sitio\\\/adorni-marco-la-ruptura-la-vicepresidenta-no-es-parte-del-gobierno\\\/#breadcrumb\",\"itemListElement\":[{\"@type\":\"ListItem\",\"position\":1,\"name\":\"Portada\",\"item\":\"https:\\\/\\\/cuartetoenlaweb.com.ar\\\/sitio\\\/\"},{\"@type\":\"ListItem\",\"position\":2,\"name\":\"Adorni marc\u00f3 la ruptura: \u201cla vicepresidenta no es parte del Gobierno\u201d\"}]},{\"@type\":\"WebSite\",\"@id\":\"https:\\\/\\\/cuartetoenlaweb.com.ar\\\/sitio\\\/#website\",\"url\":\"https:\\\/\\\/cuartetoenlaweb.com.ar\\\/sitio\\\/\",\"name\":\"Cuarteto en la Web\",\"description\":\"\",\"publisher\":{\"@id\":\"https:\\\/\\\/cuartetoenlaweb.com.ar\\\/sitio\\\/#organization\"},\"potentialAction\":[{\"@type\":\"SearchAction\",\"target\":{\"@type\":\"EntryPoint\",\"urlTemplate\":\"https:\\\/\\\/cuartetoenlaweb.com.ar\\\/sitio\\\/?s={search_term_string}\"},\"query-input\":{\"@type\":\"PropertyValueSpecification\",\"valueRequired\":true,\"valueName\":\"search_term_string\"}}],\"inLanguage\":\"es\"},{\"@type\":\"Organization\",\"@id\":\"https:\\\/\\\/cuartetoenlaweb.com.ar\\\/sitio\\\/#organization\",\"name\":\"Cuarteto en la Web\",\"url\":\"https:\\\/\\\/cuartetoenlaweb.com.ar\\\/sitio\\\/\",\"logo\":{\"@type\":\"ImageObject\",\"inLanguage\":\"es\",\"@id\":\"https:\\\/\\\/cuartetoenlaweb.com.ar\\\/sitio\\\/#\\\/schema\\\/logo\\\/image\\\/\",\"url\":\"https:\\\/\\\/cuartetoenlaweb.com.ar\\\/sitio\\\/wp-content\\\/uploads\\\/2025\\\/07\\\/cropped-cropped-logitoweb21.png\",\"contentUrl\":\"https:\\\/\\\/cuartetoenlaweb.com.ar\\\/sitio\\\/wp-content\\\/uploads\\\/2025\\\/07\\\/cropped-cropped-logitoweb21.png\",\"width\":199,\"height\":199,\"caption\":\"Cuarteto en la Web\"},\"image\":{\"@id\":\"https:\\\/\\\/cuartetoenlaweb.com.ar\\\/sitio\\\/#\\\/schema\\\/logo\\\/image\\\/\"}}]}<\/script>\n<!-- \/ Yoast SEO plugin. -->","yoast_head_json":{"title":"Adorni marc\u00f3 la ruptura: \u201cla vicepresidenta no es parte del Gobierno\u201d - Cuarteto en la Web","robots":{"index":"index","follow":"follow","max-snippet":"max-snippet:-1","max-image-preview":"max-image-preview:large","max-video-preview":"max-video-preview:-1"},"canonical":"https:\/\/cuartetoenlaweb.com.ar\/sitio\/adorni-marco-la-ruptura-la-vicepresidenta-no-es-parte-del-gobierno\/","og_locale":"es_ES","og_type":"article","og_title":"Adorni marc\u00f3 la ruptura: \u201cla vicepresidenta no es parte del Gobierno\u201d - Cuarteto en la Web","og_description":"El jefe de Gabinete, Manuel Adorni, confirm\u00f3 p\u00fablicamente el quiebre","og_url":"https:\/\/cuartetoenlaweb.com.ar\/sitio\/adorni-marco-la-ruptura-la-vicepresidenta-no-es-parte-del-gobierno\/","og_site_name":"Cuarteto en la Web","article_published_time":"2026-03-03T04:00:25+00:00","og_image":[{"width":1366,"height":768,"url":"https:\/\/cuartetoenlaweb.com.ar\/sitio\/wp-content\/uploads\/2026\/03\/portadax-9.png","type":"image\/png"}],"twitter_card":"summary_large_image","twitter_misc":{"Tiempo de lectura":"2 minutos"},"schema":{"@context":"https:\/\/schema.org","@graph":[{"@type":"Article","@id":"https:\/\/cuartetoenlaweb.com.ar\/sitio\/adorni-marco-la-ruptura-la-vicepresidenta-no-es-parte-del-gobierno\/#article","isPartOf":{"@id":"https:\/\/cuartetoenlaweb.com.ar\/sitio\/adorni-marco-la-ruptura-la-vicepresidenta-no-es-parte-del-gobierno\/"},"author":{"name":"","@id":""},"headline":"Adorni marc\u00f3 la ruptura: \u201cla vicepresidenta no es parte del Gobierno\u201d","datePublished":"2026-03-03T04:00:25+00:00","mainEntityOfPage":{"@id":"https:\/\/cuartetoenlaweb.com.ar\/sitio\/adorni-marco-la-ruptura-la-vicepresidenta-no-es-parte-del-gobierno\/"},"wordCount":375,"publisher":{"@id":"https:\/\/cuartetoenlaweb.com.ar\/sitio\/#organization"},"image":{"@id":"https:\/\/cuartetoenlaweb.com.ar\/sitio\/adorni-marco-la-ruptura-la-vicepresidenta-no-es-parte-del-gobierno\/#primaryimage"},"thumbnailUrl":"https:\/\/cuartetoenlaweb.com.ar\/sitio\/wp-content\/uploads\/2026\/03\/portadax-9.png","articleSection":["PAIS"],"inLanguage":"es"},{"@type":"WebPage","@id":"https:\/\/cuartetoenlaweb.com.ar\/sitio\/adorni-marco-la-ruptura-la-vicepresidenta-no-es-parte-del-gobierno\/","url":"https:\/\/cuartetoenlaweb.com.ar\/sitio\/adorni-marco-la-ruptura-la-vicepresidenta-no-es-parte-del-gobierno\/","name":"Adorni marc\u00f3 la ruptura: \u201cla vicepresidenta no es parte del Gobierno\u201d - Cuarteto en la Web","isPartOf":{"@id":"https:\/\/cuartetoenlaweb.com.ar\/sitio\/#website"},"primaryImageOfPage":{"@id":"https:\/\/cuartetoenlaweb.com.ar\/sitio\/adorni-marco-la-ruptura-la-vicepresidenta-no-es-parte-del-gobierno\/#primaryimage"},"image":{"@id":"https:\/\/cuartetoenlaweb.com.ar\/sitio\/adorni-marco-la-ruptura-la-vicepresidenta-no-es-parte-del-gobierno\/#primaryimage"},"thumbnailUrl":"https:\/\/cuartetoenlaweb.com.ar\/sitio\/wp-content\/uploads\/2026\/03\/portadax-9.png","datePublished":"2026-03-03T04:00:25+00:00","breadcrumb":{"@id":"https:\/\/cuartetoenlaweb.com.ar\/sitio\/adorni-marco-la-ruptura-la-vicepresidenta-no-es-parte-del-gobierno\/#breadcrumb"},"inLanguage":"es","potentialAction":[{"@type":"ReadAction","target":["https:\/\/cuartetoenlaweb.com.ar\/sitio\/adorni-marco-la-ruptura-la-vicepresidenta-no-es-parte-del-gobierno\/"]}]},{"@type":"ImageObject","inLanguage":"es","@id":"https:\/\/cuartetoenlaweb.com.ar\/sitio\/adorni-marco-la-ruptura-la-vicepresidenta-no-es-parte-del-gobierno\/#primaryimage","url":"https:\/\/cuartetoenlaweb.com.ar\/sitio\/wp-content\/uploads\/2026\/03\/portadax-9.png","contentUrl":"https:\/\/cuartetoenlaweb.com.ar\/sitio\/wp-content\/uploads\/2026\/03\/portadax-9.png","width":1366,"height":768},{"@type":"BreadcrumbList","@id":"https:\/\/cuartetoenlaweb.com.ar\/sitio\/adorni-marco-la-ruptura-la-vicepresidenta-no-es-parte-del-gobierno\/#breadcrumb","itemListElement":[{"@type":"ListItem","position":1,"name":"Portada","item":"https:\/\/cuartetoenlaweb.com.ar\/sitio\/"},{"@type":"ListItem","position":2,"name":"Adorni marc\u00f3 la ruptura: \u201cla vicepresidenta no es parte del Gobierno\u201d"}]},{"@type":"WebSite","@id":"https:\/\/cuartetoenlaweb.com.ar\/sitio\/#website","url":"https:\/\/cuartetoenlaweb.com.ar\/sitio\/","name":"Cuarteto en la Web","description":"","publisher":{"@id":"https:\/\/cuartetoenlaweb.com.ar\/sitio\/#organization"},"potentialAction":[{"@type":"SearchAction","target":{"@type":"EntryPoint","urlTemplate":"https:\/\/cuartetoenlaweb.com.ar\/sitio\/?s={search_term_string}"},"query-input":{"@type":"PropertyValueSpecification","valueRequired":true,"valueName":"search_term_string"}}],"inLanguage":"es"},{"@type":"Organization","@id":"https:\/\/cuartetoenlaweb.com.ar\/sitio\/#organization","name":"Cuarteto en la Web","url":"https:\/\/cuartetoenlaweb.com.ar\/sitio\/","logo":{"@type":"ImageObject","inLanguage":"es","@id":"https:\/\/cuartetoenlaweb.com.ar\/sitio\/#\/schema\/logo\/image\/","url":"https:\/\/cuartetoenlaweb.com.ar\/sitio\/wp-content\/uploads\/2025\/07\/cropped-cropped-logitoweb21.png","contentUrl":"https:\/\/cuartetoenlaweb.com.ar\/sitio\/wp-content\/uploads\/2025\/07\/cropped-cropped-logitoweb21.png","width":199,"height":199,"caption":"Cuarteto en la Web"},"image":{"@id":"https:\/\/cuartetoenlaweb.com.ar\/sitio\/#\/schema\/logo\/image\/"}}]}},"_links":{"self":[{"href":"https:\/\/cuartetoenlaweb.com.ar\/sitio\/wp-json\/wp\/v2\/posts\/13315","targetHints":{"allow":["GET"]}}],"collection":[{"href":"https:\/\/cuartetoenlaweb.com.ar\/sitio\/wp-json\/wp\/v2\/posts"}],"about":[{"href":"https:\/\/cuartetoenlaweb.com.ar\/sitio\/wp-json\/wp\/v2\/types\/post"}],"replies":[{"embeddable":true,"href":"https:\/\/cuartetoenlaweb.com.ar\/sitio\/wp-json\/wp\/v2\/comments?post=13315"}],"version-history":[{"count":0,"href":"https:\/\/cuartetoenlaweb.com.ar\/sitio\/wp-json\/wp\/v2\/posts\/13315\/revisions"}],"wp:featuredmedia":[{"embeddable":true,"href":"https:\/\/cuartetoenlaweb.com.ar\/sitio\/wp-json\/wp\/v2\/media\/13316"}],"wp:attachment":[{"href":"https:\/\/cuartetoenlaweb.com.ar\/sitio\/wp-json\/wp\/v2\/media?parent=13315"}],"wp:term":[{"taxonomy":"category","embeddable":true,"href":"https:\/\/cuartetoenlaweb.com.ar\/sitio\/wp-json\/wp\/v2\/categories?post=13315"},{"taxonomy":"post_tag","embeddable":true,"href":"https:\/\/cuartetoenlaweb.com.ar\/sitio\/wp-json\/wp\/v2\/tags?post=13315"}],"curies":[{"name":"wp","href":"https:\/\/api.w.org\/{rel}","templated":true}]}}