
{"id":13313,"date":"2026-03-03T01:00:20","date_gmt":"2026-03-03T04:00:20","guid":{"rendered":"https:\/\/cuartetoenlaweb.com.ar\/sitio\/cachi-renovo-su-pista-y-se-consolida-como-polo-deportivo-provincial-nacional-e-internacional\/"},"modified":"2026-03-03T01:00:20","modified_gmt":"2026-03-03T04:00:20","slug":"cachi-renovo-su-pista-y-se-consolida-como-polo-deportivo-provincial-nacional-e-internacional","status":"publish","type":"post","link":"https:\/\/cuartetoenlaweb.com.ar\/sitio\/cachi-renovo-su-pista-y-se-consolida-como-polo-deportivo-provincial-nacional-e-internacional\/","title":{"rendered":"Cachi renov\u00f3 su pista y se consolida como polo deportivo provincial, nacional e internacional"},"content":{"rendered":"<p>El gobernador Gustavo S\u00e1enz encabez\u00f3 la reinauguraci\u00f3n de la pista de atletismo del Centro de Entrenamiento en Altura de Cachi, luego de un proceso integral de recuperaci\u00f3n y modernizaci\u00f3n de este espacio estrat\u00e9gico para el deporte provincial, nacional y que recibe tambi\u00e9n a atletas internacionales. \u201cEsta pista es cache\u00f1a, salte\u00f1a, argentina, internacional. Es lo que la hace distinta\u201d, se\u00f1al\u00f3.<br \/>La intervenci\u00f3n forma parte de una pol\u00edtica sostenida del Gobierno de la Provincia orientada al fortalecimiento de la infraestructura deportiva y a la generaci\u00f3n de mejores condiciones de entrenamiento para atletas salte\u00f1os, delegaciones nacionales y deportistas de alto rendimiento que eligen la altura como parte de su planificaci\u00f3n.<\/p>\n<p><img decoding=\"async\" src=\"https:\/\/uscdn.eltribuno.com\/032026\/1772502018005\/cachi2.jpg\" \/><\/p>\n<p>S\u00e1enz expres\u00f3 su orgullo por el trabajo realizado que reafirma el compromiso de con el desarrollo deportivo, social y tur\u00edstico en toda la provincia.<br \/>Se\u00f1al\u00f3 que se pas\u00f3 de las promesas a los hechos concretos: \u00abEsto son hechos, no son palabras que se la lleva el viento. Tiene que ver con nuestra gesti\u00f3n, con priorizar como pol\u00edtica de Estado al deporte, a la educaci\u00f3n, a la seguridad, a la salud y al turismo\u201d, asegur\u00f3.<br \/>S\u00e1enz subray\u00f3 adem\u00e1s que el logro de la pista demuestra que se puede trabajar juntos, independientemente de las afiliaciones pol\u00edticas, cuando hay un objetivo com\u00fan que beneficia al pueblo. \u201cLas cosas se logran trabajando juntos, entonces prioricemos Salta, prioricemos los salte\u00f1os y dejemos de lado de una vez por todas las mezquindades la soberbia, las vanidades y los ego\u00edsmos, pong\u00e1monos a trabajar para que hechos como \u00e9ste se hagan realidad\u201d.<\/p>\n<\/p>\n<p>\u201cM\u00e1s deporte para todos los salte\u00f1os\u201d<\/p>\n<p>La ministra de Turismo y Deportes, Manuela Arancibia manifest\u00f3 su \u201calegr\u00eda de poder reinaugurar hoy esta obra de alto rendimiento deportivo en Cachi, de nivel internacional como las que hay en otros pa\u00edses del mundo, y que est\u00e9 ubicada a casi 2.500 metros de altura sobre el nivel del mal, lo cual proporciona un mejor entrenamiento deportivo.<\/p>\n<p><img decoding=\"async\" src=\"https:\/\/uscdn.eltribuno.com\/032026\/1772502002992\/cachi3.jpg\" \/><\/p>\n<p>Agradeci\u00f3 a todos por el apoyo y acompa\u00f1amiento para la concreci\u00f3n de esta pista y reafirm\u00f3 su trabajo por \u201cm\u00e1s deporte para todos los salte\u00f1os\u201d.<br \/>En el mismo sentido el intendente local, Am\u00e9rico Liendro destac\u00f3 la importancia de seguir trabajando junto a la Provincia en la promoci\u00f3n del deporte, \u201cpara nosotros el deporte no es solamente recreativo, sino tambi\u00e9n significa contenci\u00f3n para nuestros j\u00f3venes y ni\u00f1os\u201d. Agreg\u00f3 que esta puesta en valor, fue un objetivo primordial durante estos \u00faltimos a\u00f1os, asignando recursos y gesti\u00f3n a fin de concretar esta ahelada y necesaria obra de infraestructura.<br \/>Finalmente agradeci\u00f3 al gobernador S\u00e1enz por su acompa\u00f1amiento y trabajo conjunto. \u201cGracias por esta obra y por su seguir practicando federalismo en toda la provincia\u201d.<br \/>Igualmente, los j\u00f3venes atletas destacaron el valor de las obras al contar con instalaciones de \u201ceste nivle y a esta altura. Nos ayudar\u00e1 a cumplir sue\u00f1os\u201d, dijeron.<br \/>Cachi est\u00e1 ubicada a 2.400 metros sobre el nivel del mar, caracter\u00edstica que convierte al Centro de Entrenamiento en Altura en un polo para deportistas de alto rendimiento que lo eligen para ponerse a punto para competencias nacionales e internacionales. Prepararse en la altura los ayuda a mejorar su performance deportiva.<br \/>Comparte el predio con el polideportivo, albergue, camping y pileta municipal. La obra fue solicitada por la comuna para optimizar el espacio destinado al desarrollo deportivo y oportunidades de crecimiento para el pueblo y la regi\u00f3n. <br \/>Del acto tambi\u00e9n participaron el secretario de Deportes, Ignacio Garc\u00eda Bes; funcionarios provinciales, municipales, legisladores, deportistas y comunidad de la zona.<\/p>\n<\/p>\n<p>Las obras ejecutadas<\/p>\n<p>Se realizaron tareas de renovaci\u00f3n de la superficie deportiva, mejoras en el campo de entrenamiento, optimizaci\u00f3n de los sistemas de riego y drenaje, puesta en valor de los accesos y reacondicionamiento general de sectores complementarios del predio. Estas obras permiten que el centro opere nuevamente en condiciones \u00f3ptimas de seguridad, calidad y funcionalidad.<\/p>\n","protected":false},"excerpt":{"rendered":"<p>El gobernador Gustavo S\u00e1enz encabez\u00f3 la reinauguraci\u00f3n de la pista<\/p>\n","protected":false},"author":0,"featured_media":13314,"comment_status":"","ping_status":"","sticky":false,"template":"","format":"standard","meta":{"footnotes":""},"categories":[65],"tags":[],"class_list":["post-13313","post","type-post","status-publish","format-standard","has-post-thumbnail","hentry","category-pais"],"yoast_head":"<!-- This site is optimized with the Yoast SEO plugin v27.5 - https:\/\/yoast.com\/product\/yoast-seo-wordpress\/ -->\n<title>Cachi renov\u00f3 su pista y se consolida como polo deportivo provincial, nacional e internacional - Cuarteto en la Web<\/title>\n<meta name=\"robots\" content=\"index, follow, max-snippet:-1, max-image-preview:large, max-video-preview:-1\" \/>\n<link rel=\"canonical\" href=\"https:\/\/cuartetoenlaweb.com.ar\/sitio\/cachi-renovo-su-pista-y-se-consolida-como-polo-deportivo-provincial-nacional-e-internacional\/\" \/>\n<meta property=\"og:locale\" content=\"es_ES\" \/>\n<meta property=\"og:type\" content=\"article\" \/>\n<meta property=\"og:title\" content=\"Cachi renov\u00f3 su pista y se consolida como polo deportivo provincial, nacional e internacional - Cuarteto en la Web\" \/>\n<meta property=\"og:description\" content=\"El gobernador Gustavo S\u00e1enz encabez\u00f3 la reinauguraci\u00f3n de la pista\" \/>\n<meta property=\"og:url\" content=\"https:\/\/cuartetoenlaweb.com.ar\/sitio\/cachi-renovo-su-pista-y-se-consolida-como-polo-deportivo-provincial-nacional-e-internacional\/\" \/>\n<meta property=\"og:site_name\" content=\"Cuarteto en la Web\" \/>\n<meta property=\"article:published_time\" content=\"2026-03-03T04:00:20+00:00\" \/>\n<meta property=\"og:image\" content=\"https:\/\/cuartetoenlaweb.com.ar\/sitio\/wp-content\/uploads\/2026\/03\/cachi2.jpg\" \/>\n\t<meta property=\"og:image:width\" content=\"1000\" \/>\n\t<meta property=\"og:image:height\" content=\"1294\" \/>\n\t<meta property=\"og:image:type\" content=\"image\/jpeg\" \/>\n<meta name=\"twitter:card\" content=\"summary_large_image\" \/>\n<meta name=\"twitter:label1\" content=\"Tiempo de lectura\" \/>\n\t<meta name=\"twitter:data1\" content=\"3 minutos\" \/>\n<script type=\"application\/ld+json\" class=\"yoast-schema-graph\">{\"@context\":\"https:\\\/\\\/schema.org\",\"@graph\":[{\"@type\":\"Article\",\"@id\":\"https:\\\/\\\/cuartetoenlaweb.com.ar\\\/sitio\\\/cachi-renovo-su-pista-y-se-consolida-como-polo-deportivo-provincial-nacional-e-internacional\\\/#article\",\"isPartOf\":{\"@id\":\"https:\\\/\\\/cuartetoenlaweb.com.ar\\\/sitio\\\/cachi-renovo-su-pista-y-se-consolida-como-polo-deportivo-provincial-nacional-e-internacional\\\/\"},\"author\":{\"name\":\"\",\"@id\":\"\"},\"headline\":\"Cachi renov\u00f3 su pista y se consolida como polo deportivo provincial, nacional e internacional\",\"datePublished\":\"2026-03-03T04:00:20+00:00\",\"mainEntityOfPage\":{\"@id\":\"https:\\\/\\\/cuartetoenlaweb.com.ar\\\/sitio\\\/cachi-renovo-su-pista-y-se-consolida-como-polo-deportivo-provincial-nacional-e-internacional\\\/\"},\"wordCount\":690,\"publisher\":{\"@id\":\"https:\\\/\\\/cuartetoenlaweb.com.ar\\\/sitio\\\/#organization\"},\"image\":{\"@id\":\"https:\\\/\\\/cuartetoenlaweb.com.ar\\\/sitio\\\/cachi-renovo-su-pista-y-se-consolida-como-polo-deportivo-provincial-nacional-e-internacional\\\/#primaryimage\"},\"thumbnailUrl\":\"https:\\\/\\\/cuartetoenlaweb.com.ar\\\/sitio\\\/wp-content\\\/uploads\\\/2026\\\/03\\\/cachi2.jpg\",\"articleSection\":[\"PAIS\"],\"inLanguage\":\"es\"},{\"@type\":\"WebPage\",\"@id\":\"https:\\\/\\\/cuartetoenlaweb.com.ar\\\/sitio\\\/cachi-renovo-su-pista-y-se-consolida-como-polo-deportivo-provincial-nacional-e-internacional\\\/\",\"url\":\"https:\\\/\\\/cuartetoenlaweb.com.ar\\\/sitio\\\/cachi-renovo-su-pista-y-se-consolida-como-polo-deportivo-provincial-nacional-e-internacional\\\/\",\"name\":\"Cachi renov\u00f3 su pista y se consolida como polo deportivo provincial, nacional e internacional - Cuarteto en la Web\",\"isPartOf\":{\"@id\":\"https:\\\/\\\/cuartetoenlaweb.com.ar\\\/sitio\\\/#website\"},\"primaryImageOfPage\":{\"@id\":\"https:\\\/\\\/cuartetoenlaweb.com.ar\\\/sitio\\\/cachi-renovo-su-pista-y-se-consolida-como-polo-deportivo-provincial-nacional-e-internacional\\\/#primaryimage\"},\"image\":{\"@id\":\"https:\\\/\\\/cuartetoenlaweb.com.ar\\\/sitio\\\/cachi-renovo-su-pista-y-se-consolida-como-polo-deportivo-provincial-nacional-e-internacional\\\/#primaryimage\"},\"thumbnailUrl\":\"https:\\\/\\\/cuartetoenlaweb.com.ar\\\/sitio\\\/wp-content\\\/uploads\\\/2026\\\/03\\\/cachi2.jpg\",\"datePublished\":\"2026-03-03T04:00:20+00:00\",\"breadcrumb\":{\"@id\":\"https:\\\/\\\/cuartetoenlaweb.com.ar\\\/sitio\\\/cachi-renovo-su-pista-y-se-consolida-como-polo-deportivo-provincial-nacional-e-internacional\\\/#breadcrumb\"},\"inLanguage\":\"es\",\"potentialAction\":[{\"@type\":\"ReadAction\",\"target\":[\"https:\\\/\\\/cuartetoenlaweb.com.ar\\\/sitio\\\/cachi-renovo-su-pista-y-se-consolida-como-polo-deportivo-provincial-nacional-e-internacional\\\/\"]}]},{\"@type\":\"ImageObject\",\"inLanguage\":\"es\",\"@id\":\"https:\\\/\\\/cuartetoenlaweb.com.ar\\\/sitio\\\/cachi-renovo-su-pista-y-se-consolida-como-polo-deportivo-provincial-nacional-e-internacional\\\/#primaryimage\",\"url\":\"https:\\\/\\\/cuartetoenlaweb.com.ar\\\/sitio\\\/wp-content\\\/uploads\\\/2026\\\/03\\\/cachi2.jpg\",\"contentUrl\":\"https:\\\/\\\/cuartetoenlaweb.com.ar\\\/sitio\\\/wp-content\\\/uploads\\\/2026\\\/03\\\/cachi2.jpg\",\"width\":1000,\"height\":1294},{\"@type\":\"BreadcrumbList\",\"@id\":\"https:\\\/\\\/cuartetoenlaweb.com.ar\\\/sitio\\\/cachi-renovo-su-pista-y-se-consolida-como-polo-deportivo-provincial-nacional-e-internacional\\\/#breadcrumb\",\"itemListElement\":[{\"@type\":\"ListItem\",\"position\":1,\"name\":\"Portada\",\"item\":\"https:\\\/\\\/cuartetoenlaweb.com.ar\\\/sitio\\\/\"},{\"@type\":\"ListItem\",\"position\":2,\"name\":\"Cachi renov\u00f3 su pista y se consolida como polo deportivo provincial, nacional e internacional\"}]},{\"@type\":\"WebSite\",\"@id\":\"https:\\\/\\\/cuartetoenlaweb.com.ar\\\/sitio\\\/#website\",\"url\":\"https:\\\/\\\/cuartetoenlaweb.com.ar\\\/sitio\\\/\",\"name\":\"Cuarteto en la Web\",\"description\":\"\",\"publisher\":{\"@id\":\"https:\\\/\\\/cuartetoenlaweb.com.ar\\\/sitio\\\/#organization\"},\"potentialAction\":[{\"@type\":\"SearchAction\",\"target\":{\"@type\":\"EntryPoint\",\"urlTemplate\":\"https:\\\/\\\/cuartetoenlaweb.com.ar\\\/sitio\\\/?s={search_term_string}\"},\"query-input\":{\"@type\":\"PropertyValueSpecification\",\"valueRequired\":true,\"valueName\":\"search_term_string\"}}],\"inLanguage\":\"es\"},{\"@type\":\"Organization\",\"@id\":\"https:\\\/\\\/cuartetoenlaweb.com.ar\\\/sitio\\\/#organization\",\"name\":\"Cuarteto en la Web\",\"url\":\"https:\\\/\\\/cuartetoenlaweb.com.ar\\\/sitio\\\/\",\"logo\":{\"@type\":\"ImageObject\",\"inLanguage\":\"es\",\"@id\":\"https:\\\/\\\/cuartetoenlaweb.com.ar\\\/sitio\\\/#\\\/schema\\\/logo\\\/image\\\/\",\"url\":\"https:\\\/\\\/cuartetoenlaweb.com.ar\\\/sitio\\\/wp-content\\\/uploads\\\/2025\\\/07\\\/cropped-cropped-logitoweb21.png\",\"contentUrl\":\"https:\\\/\\\/cuartetoenlaweb.com.ar\\\/sitio\\\/wp-content\\\/uploads\\\/2025\\\/07\\\/cropped-cropped-logitoweb21.png\",\"width\":199,\"height\":199,\"caption\":\"Cuarteto en la Web\"},\"image\":{\"@id\":\"https:\\\/\\\/cuartetoenlaweb.com.ar\\\/sitio\\\/#\\\/schema\\\/logo\\\/image\\\/\"}}]}<\/script>\n<!-- \/ Yoast SEO plugin. -->","yoast_head_json":{"title":"Cachi renov\u00f3 su pista y se consolida como polo deportivo provincial, nacional e internacional - Cuarteto en la Web","robots":{"index":"index","follow":"follow","max-snippet":"max-snippet:-1","max-image-preview":"max-image-preview:large","max-video-preview":"max-video-preview:-1"},"canonical":"https:\/\/cuartetoenlaweb.com.ar\/sitio\/cachi-renovo-su-pista-y-se-consolida-como-polo-deportivo-provincial-nacional-e-internacional\/","og_locale":"es_ES","og_type":"article","og_title":"Cachi renov\u00f3 su pista y se consolida como polo deportivo provincial, nacional e internacional - Cuarteto en la Web","og_description":"El gobernador Gustavo S\u00e1enz encabez\u00f3 la reinauguraci\u00f3n de la pista","og_url":"https:\/\/cuartetoenlaweb.com.ar\/sitio\/cachi-renovo-su-pista-y-se-consolida-como-polo-deportivo-provincial-nacional-e-internacional\/","og_site_name":"Cuarteto en la Web","article_published_time":"2026-03-03T04:00:20+00:00","og_image":[{"width":1000,"height":1294,"url":"https:\/\/cuartetoenlaweb.com.ar\/sitio\/wp-content\/uploads\/2026\/03\/cachi2.jpg","type":"image\/jpeg"}],"twitter_card":"summary_large_image","twitter_misc":{"Tiempo de lectura":"3 minutos"},"schema":{"@context":"https:\/\/schema.org","@graph":[{"@type":"Article","@id":"https:\/\/cuartetoenlaweb.com.ar\/sitio\/cachi-renovo-su-pista-y-se-consolida-como-polo-deportivo-provincial-nacional-e-internacional\/#article","isPartOf":{"@id":"https:\/\/cuartetoenlaweb.com.ar\/sitio\/cachi-renovo-su-pista-y-se-consolida-como-polo-deportivo-provincial-nacional-e-internacional\/"},"author":{"name":"","@id":""},"headline":"Cachi renov\u00f3 su pista y se consolida como polo deportivo provincial, nacional e internacional","datePublished":"2026-03-03T04:00:20+00:00","mainEntityOfPage":{"@id":"https:\/\/cuartetoenlaweb.com.ar\/sitio\/cachi-renovo-su-pista-y-se-consolida-como-polo-deportivo-provincial-nacional-e-internacional\/"},"wordCount":690,"publisher":{"@id":"https:\/\/cuartetoenlaweb.com.ar\/sitio\/#organization"},"image":{"@id":"https:\/\/cuartetoenlaweb.com.ar\/sitio\/cachi-renovo-su-pista-y-se-consolida-como-polo-deportivo-provincial-nacional-e-internacional\/#primaryimage"},"thumbnailUrl":"https:\/\/cuartetoenlaweb.com.ar\/sitio\/wp-content\/uploads\/2026\/03\/cachi2.jpg","articleSection":["PAIS"],"inLanguage":"es"},{"@type":"WebPage","@id":"https:\/\/cuartetoenlaweb.com.ar\/sitio\/cachi-renovo-su-pista-y-se-consolida-como-polo-deportivo-provincial-nacional-e-internacional\/","url":"https:\/\/cuartetoenlaweb.com.ar\/sitio\/cachi-renovo-su-pista-y-se-consolida-como-polo-deportivo-provincial-nacional-e-internacional\/","name":"Cachi renov\u00f3 su pista y se consolida como polo deportivo provincial, nacional e internacional - Cuarteto en la Web","isPartOf":{"@id":"https:\/\/cuartetoenlaweb.com.ar\/sitio\/#website"},"primaryImageOfPage":{"@id":"https:\/\/cuartetoenlaweb.com.ar\/sitio\/cachi-renovo-su-pista-y-se-consolida-como-polo-deportivo-provincial-nacional-e-internacional\/#primaryimage"},"image":{"@id":"https:\/\/cuartetoenlaweb.com.ar\/sitio\/cachi-renovo-su-pista-y-se-consolida-como-polo-deportivo-provincial-nacional-e-internacional\/#primaryimage"},"thumbnailUrl":"https:\/\/cuartetoenlaweb.com.ar\/sitio\/wp-content\/uploads\/2026\/03\/cachi2.jpg","datePublished":"2026-03-03T04:00:20+00:00","breadcrumb":{"@id":"https:\/\/cuartetoenlaweb.com.ar\/sitio\/cachi-renovo-su-pista-y-se-consolida-como-polo-deportivo-provincial-nacional-e-internacional\/#breadcrumb"},"inLanguage":"es","potentialAction":[{"@type":"ReadAction","target":["https:\/\/cuartetoenlaweb.com.ar\/sitio\/cachi-renovo-su-pista-y-se-consolida-como-polo-deportivo-provincial-nacional-e-internacional\/"]}]},{"@type":"ImageObject","inLanguage":"es","@id":"https:\/\/cuartetoenlaweb.com.ar\/sitio\/cachi-renovo-su-pista-y-se-consolida-como-polo-deportivo-provincial-nacional-e-internacional\/#primaryimage","url":"https:\/\/cuartetoenlaweb.com.ar\/sitio\/wp-content\/uploads\/2026\/03\/cachi2.jpg","contentUrl":"https:\/\/cuartetoenlaweb.com.ar\/sitio\/wp-content\/uploads\/2026\/03\/cachi2.jpg","width":1000,"height":1294},{"@type":"BreadcrumbList","@id":"https:\/\/cuartetoenlaweb.com.ar\/sitio\/cachi-renovo-su-pista-y-se-consolida-como-polo-deportivo-provincial-nacional-e-internacional\/#breadcrumb","itemListElement":[{"@type":"ListItem","position":1,"name":"Portada","item":"https:\/\/cuartetoenlaweb.com.ar\/sitio\/"},{"@type":"ListItem","position":2,"name":"Cachi renov\u00f3 su pista y se consolida como polo deportivo provincial, nacional e internacional"}]},{"@type":"WebSite","@id":"https:\/\/cuartetoenlaweb.com.ar\/sitio\/#website","url":"https:\/\/cuartetoenlaweb.com.ar\/sitio\/","name":"Cuarteto en la Web","description":"","publisher":{"@id":"https:\/\/cuartetoenlaweb.com.ar\/sitio\/#organization"},"potentialAction":[{"@type":"SearchAction","target":{"@type":"EntryPoint","urlTemplate":"https:\/\/cuartetoenlaweb.com.ar\/sitio\/?s={search_term_string}"},"query-input":{"@type":"PropertyValueSpecification","valueRequired":true,"valueName":"search_term_string"}}],"inLanguage":"es"},{"@type":"Organization","@id":"https:\/\/cuartetoenlaweb.com.ar\/sitio\/#organization","name":"Cuarteto en la Web","url":"https:\/\/cuartetoenlaweb.com.ar\/sitio\/","logo":{"@type":"ImageObject","inLanguage":"es","@id":"https:\/\/cuartetoenlaweb.com.ar\/sitio\/#\/schema\/logo\/image\/","url":"https:\/\/cuartetoenlaweb.com.ar\/sitio\/wp-content\/uploads\/2025\/07\/cropped-cropped-logitoweb21.png","contentUrl":"https:\/\/cuartetoenlaweb.com.ar\/sitio\/wp-content\/uploads\/2025\/07\/cropped-cropped-logitoweb21.png","width":199,"height":199,"caption":"Cuarteto en la Web"},"image":{"@id":"https:\/\/cuartetoenlaweb.com.ar\/sitio\/#\/schema\/logo\/image\/"}}]}},"_links":{"self":[{"href":"https:\/\/cuartetoenlaweb.com.ar\/sitio\/wp-json\/wp\/v2\/posts\/13313","targetHints":{"allow":["GET"]}}],"collection":[{"href":"https:\/\/cuartetoenlaweb.com.ar\/sitio\/wp-json\/wp\/v2\/posts"}],"about":[{"href":"https:\/\/cuartetoenlaweb.com.ar\/sitio\/wp-json\/wp\/v2\/types\/post"}],"replies":[{"embeddable":true,"href":"https:\/\/cuartetoenlaweb.com.ar\/sitio\/wp-json\/wp\/v2\/comments?post=13313"}],"version-history":[{"count":0,"href":"https:\/\/cuartetoenlaweb.com.ar\/sitio\/wp-json\/wp\/v2\/posts\/13313\/revisions"}],"wp:featuredmedia":[{"embeddable":true,"href":"https:\/\/cuartetoenlaweb.com.ar\/sitio\/wp-json\/wp\/v2\/media\/13314"}],"wp:attachment":[{"href":"https:\/\/cuartetoenlaweb.com.ar\/sitio\/wp-json\/wp\/v2\/media?parent=13313"}],"wp:term":[{"taxonomy":"category","embeddable":true,"href":"https:\/\/cuartetoenlaweb.com.ar\/sitio\/wp-json\/wp\/v2\/categories?post=13313"},{"taxonomy":"post_tag","embeddable":true,"href":"https:\/\/cuartetoenlaweb.com.ar\/sitio\/wp-json\/wp\/v2\/tags?post=13313"}],"curies":[{"name":"wp","href":"https:\/\/api.w.org\/{rel}","templated":true}]}}