
{"id":13311,"date":"2026-03-03T01:00:14","date_gmt":"2026-03-03T04:00:14","guid":{"rendered":"https:\/\/cuartetoenlaweb.com.ar\/sitio\/crece-la-tension-iran-ataco-con-drones-la-embajada-de-eeuu-en-riad\/"},"modified":"2026-03-03T01:00:14","modified_gmt":"2026-03-03T04:00:14","slug":"crece-la-tension-iran-ataco-con-drones-la-embajada-de-eeuu-en-riad","status":"publish","type":"post","link":"https:\/\/cuartetoenlaweb.com.ar\/sitio\/crece-la-tension-iran-ataco-con-drones-la-embajada-de-eeuu-en-riad\/","title":{"rendered":"Crece la tensi\u00f3n: Ir\u00e1n atac\u00f3 con drones la embajada de EEUU en Riad"},"content":{"rendered":"<p>El Ministerio de Defensa de Arabia Saudita confirm\u00f3 este lunes que la embajada de Estados Unidos en Riad fue atacada por dos drones, lo que ocasion\u00f3 \u00abpeque\u00f1o incendio y da\u00f1os materiales menores en el edificio\u00bb, sin que se informara de v\u00edctimas.<\/p>\n<p>La misi\u00f3n diplom\u00e1tica estadounidense en el reino saud\u00ed hab\u00eda emitido una alerta de seguridad en la que orden\u00f3 a su personal y recomend\u00f3 a los ciudadanos estadounidenses \u00abrefugiarse\u00bb en Yeda, Riad y Dhahran, adem\u00e1s de limitar los desplazamientos no esenciales a instalaciones militares en la regi\u00f3n.<\/p>\n<p>\u00abLa Misi\u00f3n de Estados Unidos en Arabia Saud\u00ed contin\u00faa monitoreando la situaci\u00f3n regional\u00bb, se\u00f1al\u00f3 el aviso, que inst\u00f3 a los estadounidenses a \u00abmantener un plan personal de seguridad\u00bb, \u00abevitar manifestaciones y grandes concentraciones\u00bb y \u00abseguir las instrucciones de las autoridades locales\u00bb.<\/p>\n<p>La cadena CNN inform\u00f3, citando fuentes cercanas al caso, que los drones estar\u00edan presuntamente vinculados a Ir\u00e1n, extremo que no ha sido confirmado oficialmente por Washington ni por Riad. Seg\u00fan esas fuentes, no se registraron heridos.<\/p>\n<p>El ataque se produce en medio de una fuerte escalada regional. La Guardia Revolucionaria iran\u00ed anunci\u00f3 el lanzamiento de una decimotercera ola de ataques contra bases estadounidenses en pa\u00edses como Kuwait y Emiratos \u00c1rabes Unidos, as\u00ed como contra Israel, en el marco de una operaci\u00f3n denominada \u00abPromesa Verdadera 4\u00bb.<\/p>\n<p>El Departamento de Estado estadounidense pidi\u00f3 este lunes a sus ciudadanos que abandonen inmediatamente 14 pa\u00edses y territorios de Oriente Medio, incluido Arabia Saud\u00ed, debido a \u00abgraves riesgos\u00bb para su seguridad a ra\u00edz de la guerra contra Ir\u00e1n iniciada el fin de semana por EE.UU. e Israel.<\/p>\n","protected":false},"excerpt":{"rendered":"<p>El Ministerio de Defensa de Arabia Saudita confirm\u00f3 este lunes<\/p>\n","protected":false},"author":0,"featured_media":13312,"comment_status":"","ping_status":"","sticky":false,"template":"","format":"standard","meta":{"footnotes":""},"categories":[65],"tags":[],"class_list":["post-13311","post","type-post","status-publish","format-standard","has-post-thumbnail","hentry","category-pais"],"yoast_head":"<!-- This site is optimized with the Yoast SEO plugin v27.5 - https:\/\/yoast.com\/product\/yoast-seo-wordpress\/ -->\n<title>Crece la tensi\u00f3n: Ir\u00e1n atac\u00f3 con drones la embajada de EEUU en Riad - Cuarteto en la Web<\/title>\n<meta name=\"robots\" content=\"index, follow, max-snippet:-1, max-image-preview:large, max-video-preview:-1\" \/>\n<link rel=\"canonical\" href=\"http:\/\/cuartetoenlaweb.com.ar\/sitio\/crece-la-tension-iran-ataco-con-drones-la-embajada-de-eeuu-en-riad\/\" \/>\n<meta property=\"og:locale\" content=\"es_ES\" \/>\n<meta property=\"og:type\" content=\"article\" \/>\n<meta property=\"og:title\" content=\"Crece la tensi\u00f3n: Ir\u00e1n atac\u00f3 con drones la embajada de EEUU en Riad - Cuarteto en la Web\" \/>\n<meta property=\"og:description\" content=\"El Ministerio de Defensa de Arabia Saudita confirm\u00f3 este lunes\" \/>\n<meta property=\"og:url\" content=\"http:\/\/cuartetoenlaweb.com.ar\/sitio\/crece-la-tension-iran-ataco-con-drones-la-embajada-de-eeuu-en-riad\/\" \/>\n<meta property=\"og:site_name\" content=\"Cuarteto en la Web\" \/>\n<meta property=\"article:published_time\" content=\"2026-03-03T04:00:14+00:00\" \/>\n<meta property=\"og:image\" content=\"http:\/\/cuartetoenlaweb.com.ar\/sitio\/wp-content\/uploads\/2026\/03\/portadax-8.png\" \/>\n\t<meta property=\"og:image:width\" content=\"1366\" \/>\n\t<meta property=\"og:image:height\" content=\"768\" \/>\n\t<meta property=\"og:image:type\" content=\"image\/png\" \/>\n<meta name=\"twitter:card\" content=\"summary_large_image\" \/>\n<meta name=\"twitter:label1\" content=\"Tiempo de lectura\" \/>\n\t<meta name=\"twitter:data1\" content=\"1 minuto\" \/>\n<script type=\"application\/ld+json\" class=\"yoast-schema-graph\">{\"@context\":\"https:\\\/\\\/schema.org\",\"@graph\":[{\"@type\":\"Article\",\"@id\":\"http:\\\/\\\/cuartetoenlaweb.com.ar\\\/sitio\\\/crece-la-tension-iran-ataco-con-drones-la-embajada-de-eeuu-en-riad\\\/#article\",\"isPartOf\":{\"@id\":\"http:\\\/\\\/cuartetoenlaweb.com.ar\\\/sitio\\\/crece-la-tension-iran-ataco-con-drones-la-embajada-de-eeuu-en-riad\\\/\"},\"author\":{\"name\":\"\",\"@id\":\"\"},\"headline\":\"Crece la tensi\u00f3n: Ir\u00e1n atac\u00f3 con drones la embajada de EEUU en Riad\",\"datePublished\":\"2026-03-03T04:00:14+00:00\",\"mainEntityOfPage\":{\"@id\":\"http:\\\/\\\/cuartetoenlaweb.com.ar\\\/sitio\\\/crece-la-tension-iran-ataco-con-drones-la-embajada-de-eeuu-en-riad\\\/\"},\"wordCount\":294,\"publisher\":{\"@id\":\"http:\\\/\\\/cuartetoenlaweb.com.ar\\\/sitio\\\/#organization\"},\"image\":{\"@id\":\"http:\\\/\\\/cuartetoenlaweb.com.ar\\\/sitio\\\/crece-la-tension-iran-ataco-con-drones-la-embajada-de-eeuu-en-riad\\\/#primaryimage\"},\"thumbnailUrl\":\"https:\\\/\\\/cuartetoenlaweb.com.ar\\\/sitio\\\/wp-content\\\/uploads\\\/2026\\\/03\\\/portadax-8.png\",\"articleSection\":[\"PAIS\"],\"inLanguage\":\"es\"},{\"@type\":\"WebPage\",\"@id\":\"http:\\\/\\\/cuartetoenlaweb.com.ar\\\/sitio\\\/crece-la-tension-iran-ataco-con-drones-la-embajada-de-eeuu-en-riad\\\/\",\"url\":\"http:\\\/\\\/cuartetoenlaweb.com.ar\\\/sitio\\\/crece-la-tension-iran-ataco-con-drones-la-embajada-de-eeuu-en-riad\\\/\",\"name\":\"Crece la tensi\u00f3n: Ir\u00e1n atac\u00f3 con drones la embajada de EEUU en Riad - Cuarteto en la Web\",\"isPartOf\":{\"@id\":\"http:\\\/\\\/cuartetoenlaweb.com.ar\\\/sitio\\\/#website\"},\"primaryImageOfPage\":{\"@id\":\"http:\\\/\\\/cuartetoenlaweb.com.ar\\\/sitio\\\/crece-la-tension-iran-ataco-con-drones-la-embajada-de-eeuu-en-riad\\\/#primaryimage\"},\"image\":{\"@id\":\"http:\\\/\\\/cuartetoenlaweb.com.ar\\\/sitio\\\/crece-la-tension-iran-ataco-con-drones-la-embajada-de-eeuu-en-riad\\\/#primaryimage\"},\"thumbnailUrl\":\"https:\\\/\\\/cuartetoenlaweb.com.ar\\\/sitio\\\/wp-content\\\/uploads\\\/2026\\\/03\\\/portadax-8.png\",\"datePublished\":\"2026-03-03T04:00:14+00:00\",\"breadcrumb\":{\"@id\":\"http:\\\/\\\/cuartetoenlaweb.com.ar\\\/sitio\\\/crece-la-tension-iran-ataco-con-drones-la-embajada-de-eeuu-en-riad\\\/#breadcrumb\"},\"inLanguage\":\"es\",\"potentialAction\":[{\"@type\":\"ReadAction\",\"target\":[\"http:\\\/\\\/cuartetoenlaweb.com.ar\\\/sitio\\\/crece-la-tension-iran-ataco-con-drones-la-embajada-de-eeuu-en-riad\\\/\"]}]},{\"@type\":\"ImageObject\",\"inLanguage\":\"es\",\"@id\":\"http:\\\/\\\/cuartetoenlaweb.com.ar\\\/sitio\\\/crece-la-tension-iran-ataco-con-drones-la-embajada-de-eeuu-en-riad\\\/#primaryimage\",\"url\":\"https:\\\/\\\/cuartetoenlaweb.com.ar\\\/sitio\\\/wp-content\\\/uploads\\\/2026\\\/03\\\/portadax-8.png\",\"contentUrl\":\"https:\\\/\\\/cuartetoenlaweb.com.ar\\\/sitio\\\/wp-content\\\/uploads\\\/2026\\\/03\\\/portadax-8.png\",\"width\":1366,\"height\":768},{\"@type\":\"BreadcrumbList\",\"@id\":\"http:\\\/\\\/cuartetoenlaweb.com.ar\\\/sitio\\\/crece-la-tension-iran-ataco-con-drones-la-embajada-de-eeuu-en-riad\\\/#breadcrumb\",\"itemListElement\":[{\"@type\":\"ListItem\",\"position\":1,\"name\":\"Portada\",\"item\":\"http:\\\/\\\/cuartetoenlaweb.com.ar\\\/sitio\\\/\"},{\"@type\":\"ListItem\",\"position\":2,\"name\":\"Crece la tensi\u00f3n: Ir\u00e1n atac\u00f3 con drones la embajada de EEUU en Riad\"}]},{\"@type\":\"WebSite\",\"@id\":\"http:\\\/\\\/cuartetoenlaweb.com.ar\\\/sitio\\\/#website\",\"url\":\"http:\\\/\\\/cuartetoenlaweb.com.ar\\\/sitio\\\/\",\"name\":\"Cuarteto en la Web\",\"description\":\"\",\"publisher\":{\"@id\":\"http:\\\/\\\/cuartetoenlaweb.com.ar\\\/sitio\\\/#organization\"},\"potentialAction\":[{\"@type\":\"SearchAction\",\"target\":{\"@type\":\"EntryPoint\",\"urlTemplate\":\"http:\\\/\\\/cuartetoenlaweb.com.ar\\\/sitio\\\/?s={search_term_string}\"},\"query-input\":{\"@type\":\"PropertyValueSpecification\",\"valueRequired\":true,\"valueName\":\"search_term_string\"}}],\"inLanguage\":\"es\"},{\"@type\":\"Organization\",\"@id\":\"http:\\\/\\\/cuartetoenlaweb.com.ar\\\/sitio\\\/#organization\",\"name\":\"Cuarteto en la Web\",\"url\":\"http:\\\/\\\/cuartetoenlaweb.com.ar\\\/sitio\\\/\",\"logo\":{\"@type\":\"ImageObject\",\"inLanguage\":\"es\",\"@id\":\"http:\\\/\\\/cuartetoenlaweb.com.ar\\\/sitio\\\/#\\\/schema\\\/logo\\\/image\\\/\",\"url\":\"https:\\\/\\\/cuartetoenlaweb.com.ar\\\/sitio\\\/wp-content\\\/uploads\\\/2025\\\/07\\\/cropped-cropped-logitoweb21.png\",\"contentUrl\":\"https:\\\/\\\/cuartetoenlaweb.com.ar\\\/sitio\\\/wp-content\\\/uploads\\\/2025\\\/07\\\/cropped-cropped-logitoweb21.png\",\"width\":199,\"height\":199,\"caption\":\"Cuarteto en la Web\"},\"image\":{\"@id\":\"http:\\\/\\\/cuartetoenlaweb.com.ar\\\/sitio\\\/#\\\/schema\\\/logo\\\/image\\\/\"}}]}<\/script>\n<!-- \/ Yoast SEO plugin. -->","yoast_head_json":{"title":"Crece la tensi\u00f3n: Ir\u00e1n atac\u00f3 con drones la embajada de EEUU en Riad - Cuarteto en la Web","robots":{"index":"index","follow":"follow","max-snippet":"max-snippet:-1","max-image-preview":"max-image-preview:large","max-video-preview":"max-video-preview:-1"},"canonical":"http:\/\/cuartetoenlaweb.com.ar\/sitio\/crece-la-tension-iran-ataco-con-drones-la-embajada-de-eeuu-en-riad\/","og_locale":"es_ES","og_type":"article","og_title":"Crece la tensi\u00f3n: Ir\u00e1n atac\u00f3 con drones la embajada de EEUU en Riad - Cuarteto en la Web","og_description":"El Ministerio de Defensa de Arabia Saudita confirm\u00f3 este lunes","og_url":"http:\/\/cuartetoenlaweb.com.ar\/sitio\/crece-la-tension-iran-ataco-con-drones-la-embajada-de-eeuu-en-riad\/","og_site_name":"Cuarteto en la Web","article_published_time":"2026-03-03T04:00:14+00:00","og_image":[{"width":1366,"height":768,"url":"http:\/\/cuartetoenlaweb.com.ar\/sitio\/wp-content\/uploads\/2026\/03\/portadax-8.png","type":"image\/png"}],"twitter_card":"summary_large_image","twitter_misc":{"Tiempo de lectura":"1 minuto"},"schema":{"@context":"https:\/\/schema.org","@graph":[{"@type":"Article","@id":"http:\/\/cuartetoenlaweb.com.ar\/sitio\/crece-la-tension-iran-ataco-con-drones-la-embajada-de-eeuu-en-riad\/#article","isPartOf":{"@id":"http:\/\/cuartetoenlaweb.com.ar\/sitio\/crece-la-tension-iran-ataco-con-drones-la-embajada-de-eeuu-en-riad\/"},"author":{"name":"","@id":""},"headline":"Crece la tensi\u00f3n: Ir\u00e1n atac\u00f3 con drones la embajada de EEUU en Riad","datePublished":"2026-03-03T04:00:14+00:00","mainEntityOfPage":{"@id":"http:\/\/cuartetoenlaweb.com.ar\/sitio\/crece-la-tension-iran-ataco-con-drones-la-embajada-de-eeuu-en-riad\/"},"wordCount":294,"publisher":{"@id":"http:\/\/cuartetoenlaweb.com.ar\/sitio\/#organization"},"image":{"@id":"http:\/\/cuartetoenlaweb.com.ar\/sitio\/crece-la-tension-iran-ataco-con-drones-la-embajada-de-eeuu-en-riad\/#primaryimage"},"thumbnailUrl":"https:\/\/cuartetoenlaweb.com.ar\/sitio\/wp-content\/uploads\/2026\/03\/portadax-8.png","articleSection":["PAIS"],"inLanguage":"es"},{"@type":"WebPage","@id":"http:\/\/cuartetoenlaweb.com.ar\/sitio\/crece-la-tension-iran-ataco-con-drones-la-embajada-de-eeuu-en-riad\/","url":"http:\/\/cuartetoenlaweb.com.ar\/sitio\/crece-la-tension-iran-ataco-con-drones-la-embajada-de-eeuu-en-riad\/","name":"Crece la tensi\u00f3n: Ir\u00e1n atac\u00f3 con drones la embajada de EEUU en Riad - Cuarteto en la Web","isPartOf":{"@id":"http:\/\/cuartetoenlaweb.com.ar\/sitio\/#website"},"primaryImageOfPage":{"@id":"http:\/\/cuartetoenlaweb.com.ar\/sitio\/crece-la-tension-iran-ataco-con-drones-la-embajada-de-eeuu-en-riad\/#primaryimage"},"image":{"@id":"http:\/\/cuartetoenlaweb.com.ar\/sitio\/crece-la-tension-iran-ataco-con-drones-la-embajada-de-eeuu-en-riad\/#primaryimage"},"thumbnailUrl":"https:\/\/cuartetoenlaweb.com.ar\/sitio\/wp-content\/uploads\/2026\/03\/portadax-8.png","datePublished":"2026-03-03T04:00:14+00:00","breadcrumb":{"@id":"http:\/\/cuartetoenlaweb.com.ar\/sitio\/crece-la-tension-iran-ataco-con-drones-la-embajada-de-eeuu-en-riad\/#breadcrumb"},"inLanguage":"es","potentialAction":[{"@type":"ReadAction","target":["http:\/\/cuartetoenlaweb.com.ar\/sitio\/crece-la-tension-iran-ataco-con-drones-la-embajada-de-eeuu-en-riad\/"]}]},{"@type":"ImageObject","inLanguage":"es","@id":"http:\/\/cuartetoenlaweb.com.ar\/sitio\/crece-la-tension-iran-ataco-con-drones-la-embajada-de-eeuu-en-riad\/#primaryimage","url":"https:\/\/cuartetoenlaweb.com.ar\/sitio\/wp-content\/uploads\/2026\/03\/portadax-8.png","contentUrl":"https:\/\/cuartetoenlaweb.com.ar\/sitio\/wp-content\/uploads\/2026\/03\/portadax-8.png","width":1366,"height":768},{"@type":"BreadcrumbList","@id":"http:\/\/cuartetoenlaweb.com.ar\/sitio\/crece-la-tension-iran-ataco-con-drones-la-embajada-de-eeuu-en-riad\/#breadcrumb","itemListElement":[{"@type":"ListItem","position":1,"name":"Portada","item":"http:\/\/cuartetoenlaweb.com.ar\/sitio\/"},{"@type":"ListItem","position":2,"name":"Crece la tensi\u00f3n: Ir\u00e1n atac\u00f3 con drones la embajada de EEUU en Riad"}]},{"@type":"WebSite","@id":"http:\/\/cuartetoenlaweb.com.ar\/sitio\/#website","url":"http:\/\/cuartetoenlaweb.com.ar\/sitio\/","name":"Cuarteto en la Web","description":"","publisher":{"@id":"http:\/\/cuartetoenlaweb.com.ar\/sitio\/#organization"},"potentialAction":[{"@type":"SearchAction","target":{"@type":"EntryPoint","urlTemplate":"http:\/\/cuartetoenlaweb.com.ar\/sitio\/?s={search_term_string}"},"query-input":{"@type":"PropertyValueSpecification","valueRequired":true,"valueName":"search_term_string"}}],"inLanguage":"es"},{"@type":"Organization","@id":"http:\/\/cuartetoenlaweb.com.ar\/sitio\/#organization","name":"Cuarteto en la Web","url":"http:\/\/cuartetoenlaweb.com.ar\/sitio\/","logo":{"@type":"ImageObject","inLanguage":"es","@id":"http:\/\/cuartetoenlaweb.com.ar\/sitio\/#\/schema\/logo\/image\/","url":"https:\/\/cuartetoenlaweb.com.ar\/sitio\/wp-content\/uploads\/2025\/07\/cropped-cropped-logitoweb21.png","contentUrl":"https:\/\/cuartetoenlaweb.com.ar\/sitio\/wp-content\/uploads\/2025\/07\/cropped-cropped-logitoweb21.png","width":199,"height":199,"caption":"Cuarteto en la Web"},"image":{"@id":"http:\/\/cuartetoenlaweb.com.ar\/sitio\/#\/schema\/logo\/image\/"}}]}},"_links":{"self":[{"href":"https:\/\/cuartetoenlaweb.com.ar\/sitio\/wp-json\/wp\/v2\/posts\/13311","targetHints":{"allow":["GET"]}}],"collection":[{"href":"https:\/\/cuartetoenlaweb.com.ar\/sitio\/wp-json\/wp\/v2\/posts"}],"about":[{"href":"https:\/\/cuartetoenlaweb.com.ar\/sitio\/wp-json\/wp\/v2\/types\/post"}],"replies":[{"embeddable":true,"href":"https:\/\/cuartetoenlaweb.com.ar\/sitio\/wp-json\/wp\/v2\/comments?post=13311"}],"version-history":[{"count":0,"href":"https:\/\/cuartetoenlaweb.com.ar\/sitio\/wp-json\/wp\/v2\/posts\/13311\/revisions"}],"wp:featuredmedia":[{"embeddable":true,"href":"https:\/\/cuartetoenlaweb.com.ar\/sitio\/wp-json\/wp\/v2\/media\/13312"}],"wp:attachment":[{"href":"https:\/\/cuartetoenlaweb.com.ar\/sitio\/wp-json\/wp\/v2\/media?parent=13311"}],"wp:term":[{"taxonomy":"category","embeddable":true,"href":"https:\/\/cuartetoenlaweb.com.ar\/sitio\/wp-json\/wp\/v2\/categories?post=13311"},{"taxonomy":"post_tag","embeddable":true,"href":"https:\/\/cuartetoenlaweb.com.ar\/sitio\/wp-json\/wp\/v2\/tags?post=13311"}],"curies":[{"name":"wp","href":"https:\/\/api.w.org\/{rel}","templated":true}]}}