
{"id":13309,"date":"2026-03-02T20:01:00","date_gmt":"2026-03-02T23:01:00","guid":{"rendered":"https:\/\/cuartetoenlaweb.com.ar\/sitio\/monteoliva-sobre-el-regreso-de-gallo-no-teniamos-la-informacion-de-una-negociacion-de-la-afa\/"},"modified":"2026-03-02T20:01:00","modified_gmt":"2026-03-02T23:01:00","slug":"monteoliva-sobre-el-regreso-de-gallo-no-teniamos-la-informacion-de-una-negociacion-de-la-afa","status":"publish","type":"post","link":"https:\/\/cuartetoenlaweb.com.ar\/sitio\/monteoliva-sobre-el-regreso-de-gallo-no-teniamos-la-informacion-de-una-negociacion-de-la-afa\/","title":{"rendered":"Monteoliva sobre el regreso de Gallo: &quot;No ten\u00edamos la informaci\u00f3n de una negociaci\u00f3n de la AFA&quot;"},"content":{"rendered":"<p><img decoding=\"async\" src=\"https:\/\/alpha-assets.tadevel-cdn.com\/6947730bcbf033dd997a2325\/720.jpeg\" \/><\/p>\n<p>Buenos Aires, 2 marzo (NA) \u2013 La ministra de Seguridad, Alejandra Monteoliva, habl\u00f3 por primera vez de la situaci\u00f3n de Nahuel Gallo, el gendarme que estuvo detenido m\u00e1s de un a\u00f1o en Venezuela, y dijo que \u201chab\u00eda una expectativa muy grande y esta madrugada vivimos un momento muy emotivo. Adem\u00e1s baj\u00f3 con el uniforme puesto. Fue todo muy gratificante\u201d.<\/p>\n<p>En declaraciones a Radio Rivadavia, la funcionaria precis\u00f3 que el Gobierno trabaj\u00f3 \u201ctodos los d\u00edas y en todos los frentes para la liberaci\u00f3n de Nahuel\u201d, pero aclar\u00f3 que bajo la gesti\u00f3n del destituido Nicol\u00e1s Maduro no existi\u00f3 \u201cla intenci\u00f3n de entregarnos a Nahuel\u201d.<\/p>\n<p>En relaci\u00f3n con el rol que tuvo la AFA, objetada por la Casa Rosada, dijo que \u201cevidentemente hubo acuerdos y acercamientos\u201d y admiti\u00f3 que no ten\u00edan en claro qu\u00e9 hoja de ruta ten\u00eda la entidad del deporte nacional, al afirmar que \u00abno ten\u00edamos informaci\u00f3n de una negociaci\u00f3n de AFA\u00bb.<\/p>\n<p>\u201cLo importante es que est\u00e1 ac\u00e1 y est\u00e1 entero. Es un proceso dif\u00edcil\u201d, afirm\u00f3. \u00abLo importante no es qui\u00e9n puso el avi\u00f3n, sino que Nahuel est\u00e1 en casa. El Estado argentino hizo las gestiones diplom\u00e1ticas; tanto (Pablo) Quirno, yo, Patricia BUllrich)\u201d, insisti\u00f3. <\/p>\n<p>Por otro lado, descart\u00f3 que el Gobierno se haya enterado \u201cpor los medios\u201d aunque confes\u00f3 al mismo tiempo que no ten\u00eda conocimiento de que el gendarme iba a subir a un avi\u00f3n de la AFA para volver a la Argentina. #AgenciaNA<\/p>\n","protected":false},"excerpt":{"rendered":"<p>Buenos Aires, 2 marzo (NA) \u2013 La ministra de Seguridad,<\/p>\n","protected":false},"author":0,"featured_media":13310,"comment_status":"","ping_status":"","sticky":false,"template":"","format":"standard","meta":{"footnotes":""},"categories":[229],"tags":[],"class_list":["post-13309","post","type-post","status-publish","format-standard","has-post-thumbnail","hentry","category-deportes"],"yoast_head":"<!-- This site is optimized with the Yoast SEO plugin v27.5 - https:\/\/yoast.com\/product\/yoast-seo-wordpress\/ -->\n<title>Monteoliva sobre el regreso de Gallo: &quot;No ten\u00edamos la informaci\u00f3n de una negociaci\u00f3n de la AFA&quot; - Cuarteto en la Web<\/title>\n<meta name=\"robots\" content=\"index, follow, max-snippet:-1, max-image-preview:large, max-video-preview:-1\" \/>\n<link rel=\"canonical\" href=\"https:\/\/cuartetoenlaweb.com.ar\/sitio\/monteoliva-sobre-el-regreso-de-gallo-no-teniamos-la-informacion-de-una-negociacion-de-la-afa\/\" \/>\n<meta property=\"og:locale\" content=\"es_ES\" \/>\n<meta property=\"og:type\" content=\"article\" \/>\n<meta property=\"og:title\" content=\"Monteoliva sobre el regreso de Gallo: &quot;No ten\u00edamos la informaci\u00f3n de una negociaci\u00f3n de la AFA&quot; - Cuarteto en la Web\" \/>\n<meta property=\"og:description\" content=\"Buenos Aires, 2 marzo (NA) \u2013 La ministra de Seguridad,\" \/>\n<meta property=\"og:url\" content=\"https:\/\/cuartetoenlaweb.com.ar\/sitio\/monteoliva-sobre-el-regreso-de-gallo-no-teniamos-la-informacion-de-una-negociacion-de-la-afa\/\" \/>\n<meta property=\"og:site_name\" content=\"Cuarteto en la Web\" \/>\n<meta property=\"article:published_time\" content=\"2026-03-02T23:01:00+00:00\" \/>\n<meta property=\"og:image\" content=\"https:\/\/cuartetoenlaweb.com.ar\/sitio\/wp-content\/uploads\/2026\/03\/720-36.jpeg\" \/>\n\t<meta property=\"og:image:width\" content=\"1080\" \/>\n\t<meta property=\"og:image:height\" content=\"720\" \/>\n\t<meta property=\"og:image:type\" content=\"image\/jpeg\" \/>\n<meta name=\"twitter:card\" content=\"summary_large_image\" \/>\n<meta name=\"twitter:label1\" content=\"Tiempo de lectura\" \/>\n\t<meta name=\"twitter:data1\" content=\"1 minuto\" \/>\n<script type=\"application\/ld+json\" class=\"yoast-schema-graph\">{\"@context\":\"https:\\\/\\\/schema.org\",\"@graph\":[{\"@type\":\"Article\",\"@id\":\"https:\\\/\\\/cuartetoenlaweb.com.ar\\\/sitio\\\/monteoliva-sobre-el-regreso-de-gallo-no-teniamos-la-informacion-de-una-negociacion-de-la-afa\\\/#article\",\"isPartOf\":{\"@id\":\"https:\\\/\\\/cuartetoenlaweb.com.ar\\\/sitio\\\/monteoliva-sobre-el-regreso-de-gallo-no-teniamos-la-informacion-de-una-negociacion-de-la-afa\\\/\"},\"author\":{\"name\":\"\",\"@id\":\"\"},\"headline\":\"Monteoliva sobre el regreso de Gallo: &quot;No ten\u00edamos la informaci\u00f3n de una negociaci\u00f3n de la AFA&quot;\",\"datePublished\":\"2026-03-02T23:01:00+00:00\",\"mainEntityOfPage\":{\"@id\":\"https:\\\/\\\/cuartetoenlaweb.com.ar\\\/sitio\\\/monteoliva-sobre-el-regreso-de-gallo-no-teniamos-la-informacion-de-una-negociacion-de-la-afa\\\/\"},\"wordCount\":275,\"publisher\":{\"@id\":\"http:\\\/\\\/cuartetoenlaweb.com.ar\\\/sitio\\\/#organization\"},\"image\":{\"@id\":\"https:\\\/\\\/cuartetoenlaweb.com.ar\\\/sitio\\\/monteoliva-sobre-el-regreso-de-gallo-no-teniamos-la-informacion-de-una-negociacion-de-la-afa\\\/#primaryimage\"},\"thumbnailUrl\":\"https:\\\/\\\/cuartetoenlaweb.com.ar\\\/sitio\\\/wp-content\\\/uploads\\\/2026\\\/03\\\/720-36.jpeg\",\"articleSection\":[\"DEPORTES\"],\"inLanguage\":\"es\"},{\"@type\":\"WebPage\",\"@id\":\"https:\\\/\\\/cuartetoenlaweb.com.ar\\\/sitio\\\/monteoliva-sobre-el-regreso-de-gallo-no-teniamos-la-informacion-de-una-negociacion-de-la-afa\\\/\",\"url\":\"https:\\\/\\\/cuartetoenlaweb.com.ar\\\/sitio\\\/monteoliva-sobre-el-regreso-de-gallo-no-teniamos-la-informacion-de-una-negociacion-de-la-afa\\\/\",\"name\":\"Monteoliva sobre el regreso de Gallo: &quot;No ten\u00edamos la informaci\u00f3n de una negociaci\u00f3n de la AFA&quot; - Cuarteto en la Web\",\"isPartOf\":{\"@id\":\"http:\\\/\\\/cuartetoenlaweb.com.ar\\\/sitio\\\/#website\"},\"primaryImageOfPage\":{\"@id\":\"https:\\\/\\\/cuartetoenlaweb.com.ar\\\/sitio\\\/monteoliva-sobre-el-regreso-de-gallo-no-teniamos-la-informacion-de-una-negociacion-de-la-afa\\\/#primaryimage\"},\"image\":{\"@id\":\"https:\\\/\\\/cuartetoenlaweb.com.ar\\\/sitio\\\/monteoliva-sobre-el-regreso-de-gallo-no-teniamos-la-informacion-de-una-negociacion-de-la-afa\\\/#primaryimage\"},\"thumbnailUrl\":\"https:\\\/\\\/cuartetoenlaweb.com.ar\\\/sitio\\\/wp-content\\\/uploads\\\/2026\\\/03\\\/720-36.jpeg\",\"datePublished\":\"2026-03-02T23:01:00+00:00\",\"breadcrumb\":{\"@id\":\"https:\\\/\\\/cuartetoenlaweb.com.ar\\\/sitio\\\/monteoliva-sobre-el-regreso-de-gallo-no-teniamos-la-informacion-de-una-negociacion-de-la-afa\\\/#breadcrumb\"},\"inLanguage\":\"es\",\"potentialAction\":[{\"@type\":\"ReadAction\",\"target\":[\"https:\\\/\\\/cuartetoenlaweb.com.ar\\\/sitio\\\/monteoliva-sobre-el-regreso-de-gallo-no-teniamos-la-informacion-de-una-negociacion-de-la-afa\\\/\"]}]},{\"@type\":\"ImageObject\",\"inLanguage\":\"es\",\"@id\":\"https:\\\/\\\/cuartetoenlaweb.com.ar\\\/sitio\\\/monteoliva-sobre-el-regreso-de-gallo-no-teniamos-la-informacion-de-una-negociacion-de-la-afa\\\/#primaryimage\",\"url\":\"https:\\\/\\\/cuartetoenlaweb.com.ar\\\/sitio\\\/wp-content\\\/uploads\\\/2026\\\/03\\\/720-36.jpeg\",\"contentUrl\":\"https:\\\/\\\/cuartetoenlaweb.com.ar\\\/sitio\\\/wp-content\\\/uploads\\\/2026\\\/03\\\/720-36.jpeg\",\"width\":1080,\"height\":720},{\"@type\":\"BreadcrumbList\",\"@id\":\"https:\\\/\\\/cuartetoenlaweb.com.ar\\\/sitio\\\/monteoliva-sobre-el-regreso-de-gallo-no-teniamos-la-informacion-de-una-negociacion-de-la-afa\\\/#breadcrumb\",\"itemListElement\":[{\"@type\":\"ListItem\",\"position\":1,\"name\":\"Portada\",\"item\":\"http:\\\/\\\/cuartetoenlaweb.com.ar\\\/sitio\\\/\"},{\"@type\":\"ListItem\",\"position\":2,\"name\":\"Monteoliva sobre el regreso de Gallo: &quot;No ten\u00edamos la informaci\u00f3n de una negociaci\u00f3n de la AFA&quot;\"}]},{\"@type\":\"WebSite\",\"@id\":\"http:\\\/\\\/cuartetoenlaweb.com.ar\\\/sitio\\\/#website\",\"url\":\"http:\\\/\\\/cuartetoenlaweb.com.ar\\\/sitio\\\/\",\"name\":\"Cuarteto en la Web\",\"description\":\"\",\"publisher\":{\"@id\":\"http:\\\/\\\/cuartetoenlaweb.com.ar\\\/sitio\\\/#organization\"},\"potentialAction\":[{\"@type\":\"SearchAction\",\"target\":{\"@type\":\"EntryPoint\",\"urlTemplate\":\"http:\\\/\\\/cuartetoenlaweb.com.ar\\\/sitio\\\/?s={search_term_string}\"},\"query-input\":{\"@type\":\"PropertyValueSpecification\",\"valueRequired\":true,\"valueName\":\"search_term_string\"}}],\"inLanguage\":\"es\"},{\"@type\":\"Organization\",\"@id\":\"http:\\\/\\\/cuartetoenlaweb.com.ar\\\/sitio\\\/#organization\",\"name\":\"Cuarteto en la Web\",\"url\":\"http:\\\/\\\/cuartetoenlaweb.com.ar\\\/sitio\\\/\",\"logo\":{\"@type\":\"ImageObject\",\"inLanguage\":\"es\",\"@id\":\"http:\\\/\\\/cuartetoenlaweb.com.ar\\\/sitio\\\/#\\\/schema\\\/logo\\\/image\\\/\",\"url\":\"https:\\\/\\\/cuartetoenlaweb.com.ar\\\/sitio\\\/wp-content\\\/uploads\\\/2025\\\/07\\\/cropped-cropped-logitoweb21.png\",\"contentUrl\":\"https:\\\/\\\/cuartetoenlaweb.com.ar\\\/sitio\\\/wp-content\\\/uploads\\\/2025\\\/07\\\/cropped-cropped-logitoweb21.png\",\"width\":199,\"height\":199,\"caption\":\"Cuarteto en la Web\"},\"image\":{\"@id\":\"http:\\\/\\\/cuartetoenlaweb.com.ar\\\/sitio\\\/#\\\/schema\\\/logo\\\/image\\\/\"}}]}<\/script>\n<!-- \/ Yoast SEO plugin. -->","yoast_head_json":{"title":"Monteoliva sobre el regreso de Gallo: &quot;No ten\u00edamos la informaci\u00f3n de una negociaci\u00f3n de la AFA&quot; - Cuarteto en la Web","robots":{"index":"index","follow":"follow","max-snippet":"max-snippet:-1","max-image-preview":"max-image-preview:large","max-video-preview":"max-video-preview:-1"},"canonical":"https:\/\/cuartetoenlaweb.com.ar\/sitio\/monteoliva-sobre-el-regreso-de-gallo-no-teniamos-la-informacion-de-una-negociacion-de-la-afa\/","og_locale":"es_ES","og_type":"article","og_title":"Monteoliva sobre el regreso de Gallo: &quot;No ten\u00edamos la informaci\u00f3n de una negociaci\u00f3n de la AFA&quot; - Cuarteto en la Web","og_description":"Buenos Aires, 2 marzo (NA) \u2013 La ministra de Seguridad,","og_url":"https:\/\/cuartetoenlaweb.com.ar\/sitio\/monteoliva-sobre-el-regreso-de-gallo-no-teniamos-la-informacion-de-una-negociacion-de-la-afa\/","og_site_name":"Cuarteto en la Web","article_published_time":"2026-03-02T23:01:00+00:00","og_image":[{"width":1080,"height":720,"url":"https:\/\/cuartetoenlaweb.com.ar\/sitio\/wp-content\/uploads\/2026\/03\/720-36.jpeg","type":"image\/jpeg"}],"twitter_card":"summary_large_image","twitter_misc":{"Tiempo de lectura":"1 minuto"},"schema":{"@context":"https:\/\/schema.org","@graph":[{"@type":"Article","@id":"https:\/\/cuartetoenlaweb.com.ar\/sitio\/monteoliva-sobre-el-regreso-de-gallo-no-teniamos-la-informacion-de-una-negociacion-de-la-afa\/#article","isPartOf":{"@id":"https:\/\/cuartetoenlaweb.com.ar\/sitio\/monteoliva-sobre-el-regreso-de-gallo-no-teniamos-la-informacion-de-una-negociacion-de-la-afa\/"},"author":{"name":"","@id":""},"headline":"Monteoliva sobre el regreso de Gallo: &quot;No ten\u00edamos la informaci\u00f3n de una negociaci\u00f3n de la AFA&quot;","datePublished":"2026-03-02T23:01:00+00:00","mainEntityOfPage":{"@id":"https:\/\/cuartetoenlaweb.com.ar\/sitio\/monteoliva-sobre-el-regreso-de-gallo-no-teniamos-la-informacion-de-una-negociacion-de-la-afa\/"},"wordCount":275,"publisher":{"@id":"http:\/\/cuartetoenlaweb.com.ar\/sitio\/#organization"},"image":{"@id":"https:\/\/cuartetoenlaweb.com.ar\/sitio\/monteoliva-sobre-el-regreso-de-gallo-no-teniamos-la-informacion-de-una-negociacion-de-la-afa\/#primaryimage"},"thumbnailUrl":"https:\/\/cuartetoenlaweb.com.ar\/sitio\/wp-content\/uploads\/2026\/03\/720-36.jpeg","articleSection":["DEPORTES"],"inLanguage":"es"},{"@type":"WebPage","@id":"https:\/\/cuartetoenlaweb.com.ar\/sitio\/monteoliva-sobre-el-regreso-de-gallo-no-teniamos-la-informacion-de-una-negociacion-de-la-afa\/","url":"https:\/\/cuartetoenlaweb.com.ar\/sitio\/monteoliva-sobre-el-regreso-de-gallo-no-teniamos-la-informacion-de-una-negociacion-de-la-afa\/","name":"Monteoliva sobre el regreso de Gallo: &quot;No ten\u00edamos la informaci\u00f3n de una negociaci\u00f3n de la AFA&quot; - Cuarteto en la Web","isPartOf":{"@id":"http:\/\/cuartetoenlaweb.com.ar\/sitio\/#website"},"primaryImageOfPage":{"@id":"https:\/\/cuartetoenlaweb.com.ar\/sitio\/monteoliva-sobre-el-regreso-de-gallo-no-teniamos-la-informacion-de-una-negociacion-de-la-afa\/#primaryimage"},"image":{"@id":"https:\/\/cuartetoenlaweb.com.ar\/sitio\/monteoliva-sobre-el-regreso-de-gallo-no-teniamos-la-informacion-de-una-negociacion-de-la-afa\/#primaryimage"},"thumbnailUrl":"https:\/\/cuartetoenlaweb.com.ar\/sitio\/wp-content\/uploads\/2026\/03\/720-36.jpeg","datePublished":"2026-03-02T23:01:00+00:00","breadcrumb":{"@id":"https:\/\/cuartetoenlaweb.com.ar\/sitio\/monteoliva-sobre-el-regreso-de-gallo-no-teniamos-la-informacion-de-una-negociacion-de-la-afa\/#breadcrumb"},"inLanguage":"es","potentialAction":[{"@type":"ReadAction","target":["https:\/\/cuartetoenlaweb.com.ar\/sitio\/monteoliva-sobre-el-regreso-de-gallo-no-teniamos-la-informacion-de-una-negociacion-de-la-afa\/"]}]},{"@type":"ImageObject","inLanguage":"es","@id":"https:\/\/cuartetoenlaweb.com.ar\/sitio\/monteoliva-sobre-el-regreso-de-gallo-no-teniamos-la-informacion-de-una-negociacion-de-la-afa\/#primaryimage","url":"https:\/\/cuartetoenlaweb.com.ar\/sitio\/wp-content\/uploads\/2026\/03\/720-36.jpeg","contentUrl":"https:\/\/cuartetoenlaweb.com.ar\/sitio\/wp-content\/uploads\/2026\/03\/720-36.jpeg","width":1080,"height":720},{"@type":"BreadcrumbList","@id":"https:\/\/cuartetoenlaweb.com.ar\/sitio\/monteoliva-sobre-el-regreso-de-gallo-no-teniamos-la-informacion-de-una-negociacion-de-la-afa\/#breadcrumb","itemListElement":[{"@type":"ListItem","position":1,"name":"Portada","item":"http:\/\/cuartetoenlaweb.com.ar\/sitio\/"},{"@type":"ListItem","position":2,"name":"Monteoliva sobre el regreso de Gallo: &quot;No ten\u00edamos la informaci\u00f3n de una negociaci\u00f3n de la AFA&quot;"}]},{"@type":"WebSite","@id":"http:\/\/cuartetoenlaweb.com.ar\/sitio\/#website","url":"http:\/\/cuartetoenlaweb.com.ar\/sitio\/","name":"Cuarteto en la Web","description":"","publisher":{"@id":"http:\/\/cuartetoenlaweb.com.ar\/sitio\/#organization"},"potentialAction":[{"@type":"SearchAction","target":{"@type":"EntryPoint","urlTemplate":"http:\/\/cuartetoenlaweb.com.ar\/sitio\/?s={search_term_string}"},"query-input":{"@type":"PropertyValueSpecification","valueRequired":true,"valueName":"search_term_string"}}],"inLanguage":"es"},{"@type":"Organization","@id":"http:\/\/cuartetoenlaweb.com.ar\/sitio\/#organization","name":"Cuarteto en la Web","url":"http:\/\/cuartetoenlaweb.com.ar\/sitio\/","logo":{"@type":"ImageObject","inLanguage":"es","@id":"http:\/\/cuartetoenlaweb.com.ar\/sitio\/#\/schema\/logo\/image\/","url":"https:\/\/cuartetoenlaweb.com.ar\/sitio\/wp-content\/uploads\/2025\/07\/cropped-cropped-logitoweb21.png","contentUrl":"https:\/\/cuartetoenlaweb.com.ar\/sitio\/wp-content\/uploads\/2025\/07\/cropped-cropped-logitoweb21.png","width":199,"height":199,"caption":"Cuarteto en la Web"},"image":{"@id":"http:\/\/cuartetoenlaweb.com.ar\/sitio\/#\/schema\/logo\/image\/"}}]}},"_links":{"self":[{"href":"https:\/\/cuartetoenlaweb.com.ar\/sitio\/wp-json\/wp\/v2\/posts\/13309","targetHints":{"allow":["GET"]}}],"collection":[{"href":"https:\/\/cuartetoenlaweb.com.ar\/sitio\/wp-json\/wp\/v2\/posts"}],"about":[{"href":"https:\/\/cuartetoenlaweb.com.ar\/sitio\/wp-json\/wp\/v2\/types\/post"}],"replies":[{"embeddable":true,"href":"https:\/\/cuartetoenlaweb.com.ar\/sitio\/wp-json\/wp\/v2\/comments?post=13309"}],"version-history":[{"count":0,"href":"https:\/\/cuartetoenlaweb.com.ar\/sitio\/wp-json\/wp\/v2\/posts\/13309\/revisions"}],"wp:featuredmedia":[{"embeddable":true,"href":"https:\/\/cuartetoenlaweb.com.ar\/sitio\/wp-json\/wp\/v2\/media\/13310"}],"wp:attachment":[{"href":"https:\/\/cuartetoenlaweb.com.ar\/sitio\/wp-json\/wp\/v2\/media?parent=13309"}],"wp:term":[{"taxonomy":"category","embeddable":true,"href":"https:\/\/cuartetoenlaweb.com.ar\/sitio\/wp-json\/wp\/v2\/categories?post=13309"},{"taxonomy":"post_tag","embeddable":true,"href":"https:\/\/cuartetoenlaweb.com.ar\/sitio\/wp-json\/wp\/v2\/tags?post=13309"}],"curies":[{"name":"wp","href":"https:\/\/api.w.org\/{rel}","templated":true}]}}