
{"id":13307,"date":"2026-03-02T20:00:56","date_gmt":"2026-03-02T23:00:56","guid":{"rendered":"https:\/\/cuartetoenlaweb.com.ar\/sitio\/papelon-saenz-amago-con-enfrentar-a-milei-pero-despues-pidio-cantar-los-dos-en-el-movistar-arena\/"},"modified":"2026-03-02T20:00:56","modified_gmt":"2026-03-02T23:00:56","slug":"papelon-saenz-amago-con-enfrentar-a-milei-pero-despues-pidio-cantar-los-dos-en-el-movistar-arena","status":"publish","type":"post","link":"https:\/\/cuartetoenlaweb.com.ar\/sitio\/papelon-saenz-amago-con-enfrentar-a-milei-pero-despues-pidio-cantar-los-dos-en-el-movistar-arena\/","title":{"rendered":"Papel\u00f3n: S\u00e1enz amag\u00f3 con enfrentar a Milei, pero despu\u00e9s pidi\u00f3 \u201ccantar los dos\u201d en el Movistar Arena"},"content":{"rendered":"<p>En su mensaje ante diputados y senadores provinciales, el gobernador de Salta, Gustavo S\u00e1enz, mezcl\u00f3 balance de gesti\u00f3n, n\u00fameros y posicionamiento pol\u00edtico.<\/p>\n<p>\u201cVengo a cumplir el mandato constitucional de hacer un balance de lo que hicimos en el a\u00f1o 2025\u201d, abri\u00f3 el mandatario provincial.<\/p>\n<p>A lo largo de su exposici\u00f3n, marc\u00f3 diferencias con la administraci\u00f3n de Javier Milei. Sin embargo, apareci\u00f3 una frase que llam\u00f3 la atenci\u00f3n por su tono y contenido. <\/p>\n<p>Dirigi\u00e9ndose al Presidente, afirm\u00f3: \u201cYo no tengo problema en aparecer al lado de nadie\u201d. Y remat\u00f3 con una invitaci\u00f3n inesperada: \u201cLo justo es que cantemos los dos en el Movistar Arena y mostremos federalismo real\u201d.<\/p>\n","protected":false},"excerpt":{"rendered":"<p>En su mensaje ante diputados y senadores provinciales, el gobernador<\/p>\n","protected":false},"author":0,"featured_media":13308,"comment_status":"","ping_status":"","sticky":false,"template":"","format":"standard","meta":{"footnotes":""},"categories":[65],"tags":[],"class_list":["post-13307","post","type-post","status-publish","format-standard","has-post-thumbnail","hentry","category-pais"],"yoast_head":"<!-- This site is optimized with the Yoast SEO plugin v27.5 - https:\/\/yoast.com\/product\/yoast-seo-wordpress\/ -->\n<title>Papel\u00f3n: S\u00e1enz amag\u00f3 con enfrentar a Milei, pero despu\u00e9s pidi\u00f3 \u201ccantar los dos\u201d en el Movistar Arena - Cuarteto en la Web<\/title>\n<meta name=\"robots\" content=\"index, follow, max-snippet:-1, max-image-preview:large, max-video-preview:-1\" \/>\n<link rel=\"canonical\" href=\"https:\/\/cuartetoenlaweb.com.ar\/sitio\/papelon-saenz-amago-con-enfrentar-a-milei-pero-despues-pidio-cantar-los-dos-en-el-movistar-arena\/\" \/>\n<meta property=\"og:locale\" content=\"es_ES\" \/>\n<meta property=\"og:type\" content=\"article\" \/>\n<meta property=\"og:title\" content=\"Papel\u00f3n: S\u00e1enz amag\u00f3 con enfrentar a Milei, pero despu\u00e9s pidi\u00f3 \u201ccantar los dos\u201d en el Movistar Arena - Cuarteto en la Web\" \/>\n<meta property=\"og:description\" content=\"En su mensaje ante diputados y senadores provinciales, el gobernador\" \/>\n<meta property=\"og:url\" content=\"https:\/\/cuartetoenlaweb.com.ar\/sitio\/papelon-saenz-amago-con-enfrentar-a-milei-pero-despues-pidio-cantar-los-dos-en-el-movistar-arena\/\" \/>\n<meta property=\"og:site_name\" content=\"Cuarteto en la Web\" \/>\n<meta property=\"article:published_time\" content=\"2026-03-02T23:00:56+00:00\" \/>\n<meta property=\"og:image\" content=\"https:\/\/cuartetoenlaweb.com.ar\/sitio\/wp-content\/uploads\/2026\/03\/720-35.jpeg\" \/>\n\t<meta property=\"og:image:width\" content=\"1080\" \/>\n\t<meta property=\"og:image:height\" content=\"720\" \/>\n\t<meta property=\"og:image:type\" content=\"image\/jpeg\" \/>\n<meta name=\"twitter:card\" content=\"summary_large_image\" \/>\n<meta name=\"twitter:label1\" content=\"Tiempo de lectura\" \/>\n\t<meta name=\"twitter:data1\" content=\"1 minuto\" \/>\n<script type=\"application\/ld+json\" class=\"yoast-schema-graph\">{\"@context\":\"https:\\\/\\\/schema.org\",\"@graph\":[{\"@type\":\"Article\",\"@id\":\"https:\\\/\\\/cuartetoenlaweb.com.ar\\\/sitio\\\/papelon-saenz-amago-con-enfrentar-a-milei-pero-despues-pidio-cantar-los-dos-en-el-movistar-arena\\\/#article\",\"isPartOf\":{\"@id\":\"https:\\\/\\\/cuartetoenlaweb.com.ar\\\/sitio\\\/papelon-saenz-amago-con-enfrentar-a-milei-pero-despues-pidio-cantar-los-dos-en-el-movistar-arena\\\/\"},\"author\":{\"name\":\"\",\"@id\":\"\"},\"headline\":\"Papel\u00f3n: S\u00e1enz amag\u00f3 con enfrentar a Milei, pero despu\u00e9s pidi\u00f3 \u201ccantar los dos\u201d en el Movistar Arena\",\"datePublished\":\"2026-03-02T23:00:56+00:00\",\"mainEntityOfPage\":{\"@id\":\"https:\\\/\\\/cuartetoenlaweb.com.ar\\\/sitio\\\/papelon-saenz-amago-con-enfrentar-a-milei-pero-despues-pidio-cantar-los-dos-en-el-movistar-arena\\\/\"},\"wordCount\":136,\"publisher\":{\"@id\":\"http:\\\/\\\/cuartetoenlaweb.com.ar\\\/sitio\\\/#organization\"},\"image\":{\"@id\":\"https:\\\/\\\/cuartetoenlaweb.com.ar\\\/sitio\\\/papelon-saenz-amago-con-enfrentar-a-milei-pero-despues-pidio-cantar-los-dos-en-el-movistar-arena\\\/#primaryimage\"},\"thumbnailUrl\":\"https:\\\/\\\/cuartetoenlaweb.com.ar\\\/sitio\\\/wp-content\\\/uploads\\\/2026\\\/03\\\/720-35.jpeg\",\"articleSection\":[\"PAIS\"],\"inLanguage\":\"es\"},{\"@type\":\"WebPage\",\"@id\":\"https:\\\/\\\/cuartetoenlaweb.com.ar\\\/sitio\\\/papelon-saenz-amago-con-enfrentar-a-milei-pero-despues-pidio-cantar-los-dos-en-el-movistar-arena\\\/\",\"url\":\"https:\\\/\\\/cuartetoenlaweb.com.ar\\\/sitio\\\/papelon-saenz-amago-con-enfrentar-a-milei-pero-despues-pidio-cantar-los-dos-en-el-movistar-arena\\\/\",\"name\":\"Papel\u00f3n: S\u00e1enz amag\u00f3 con enfrentar a Milei, pero despu\u00e9s pidi\u00f3 \u201ccantar los dos\u201d en el Movistar Arena - Cuarteto en la Web\",\"isPartOf\":{\"@id\":\"http:\\\/\\\/cuartetoenlaweb.com.ar\\\/sitio\\\/#website\"},\"primaryImageOfPage\":{\"@id\":\"https:\\\/\\\/cuartetoenlaweb.com.ar\\\/sitio\\\/papelon-saenz-amago-con-enfrentar-a-milei-pero-despues-pidio-cantar-los-dos-en-el-movistar-arena\\\/#primaryimage\"},\"image\":{\"@id\":\"https:\\\/\\\/cuartetoenlaweb.com.ar\\\/sitio\\\/papelon-saenz-amago-con-enfrentar-a-milei-pero-despues-pidio-cantar-los-dos-en-el-movistar-arena\\\/#primaryimage\"},\"thumbnailUrl\":\"https:\\\/\\\/cuartetoenlaweb.com.ar\\\/sitio\\\/wp-content\\\/uploads\\\/2026\\\/03\\\/720-35.jpeg\",\"datePublished\":\"2026-03-02T23:00:56+00:00\",\"breadcrumb\":{\"@id\":\"https:\\\/\\\/cuartetoenlaweb.com.ar\\\/sitio\\\/papelon-saenz-amago-con-enfrentar-a-milei-pero-despues-pidio-cantar-los-dos-en-el-movistar-arena\\\/#breadcrumb\"},\"inLanguage\":\"es\",\"potentialAction\":[{\"@type\":\"ReadAction\",\"target\":[\"https:\\\/\\\/cuartetoenlaweb.com.ar\\\/sitio\\\/papelon-saenz-amago-con-enfrentar-a-milei-pero-despues-pidio-cantar-los-dos-en-el-movistar-arena\\\/\"]}]},{\"@type\":\"ImageObject\",\"inLanguage\":\"es\",\"@id\":\"https:\\\/\\\/cuartetoenlaweb.com.ar\\\/sitio\\\/papelon-saenz-amago-con-enfrentar-a-milei-pero-despues-pidio-cantar-los-dos-en-el-movistar-arena\\\/#primaryimage\",\"url\":\"https:\\\/\\\/cuartetoenlaweb.com.ar\\\/sitio\\\/wp-content\\\/uploads\\\/2026\\\/03\\\/720-35.jpeg\",\"contentUrl\":\"https:\\\/\\\/cuartetoenlaweb.com.ar\\\/sitio\\\/wp-content\\\/uploads\\\/2026\\\/03\\\/720-35.jpeg\",\"width\":1080,\"height\":720},{\"@type\":\"BreadcrumbList\",\"@id\":\"https:\\\/\\\/cuartetoenlaweb.com.ar\\\/sitio\\\/papelon-saenz-amago-con-enfrentar-a-milei-pero-despues-pidio-cantar-los-dos-en-el-movistar-arena\\\/#breadcrumb\",\"itemListElement\":[{\"@type\":\"ListItem\",\"position\":1,\"name\":\"Portada\",\"item\":\"http:\\\/\\\/cuartetoenlaweb.com.ar\\\/sitio\\\/\"},{\"@type\":\"ListItem\",\"position\":2,\"name\":\"Papel\u00f3n: S\u00e1enz amag\u00f3 con enfrentar a Milei, pero despu\u00e9s pidi\u00f3 \u201ccantar los dos\u201d en el Movistar Arena\"}]},{\"@type\":\"WebSite\",\"@id\":\"http:\\\/\\\/cuartetoenlaweb.com.ar\\\/sitio\\\/#website\",\"url\":\"http:\\\/\\\/cuartetoenlaweb.com.ar\\\/sitio\\\/\",\"name\":\"Cuarteto en la Web\",\"description\":\"\",\"publisher\":{\"@id\":\"http:\\\/\\\/cuartetoenlaweb.com.ar\\\/sitio\\\/#organization\"},\"potentialAction\":[{\"@type\":\"SearchAction\",\"target\":{\"@type\":\"EntryPoint\",\"urlTemplate\":\"http:\\\/\\\/cuartetoenlaweb.com.ar\\\/sitio\\\/?s={search_term_string}\"},\"query-input\":{\"@type\":\"PropertyValueSpecification\",\"valueRequired\":true,\"valueName\":\"search_term_string\"}}],\"inLanguage\":\"es\"},{\"@type\":\"Organization\",\"@id\":\"http:\\\/\\\/cuartetoenlaweb.com.ar\\\/sitio\\\/#organization\",\"name\":\"Cuarteto en la Web\",\"url\":\"http:\\\/\\\/cuartetoenlaweb.com.ar\\\/sitio\\\/\",\"logo\":{\"@type\":\"ImageObject\",\"inLanguage\":\"es\",\"@id\":\"http:\\\/\\\/cuartetoenlaweb.com.ar\\\/sitio\\\/#\\\/schema\\\/logo\\\/image\\\/\",\"url\":\"https:\\\/\\\/cuartetoenlaweb.com.ar\\\/sitio\\\/wp-content\\\/uploads\\\/2025\\\/07\\\/cropped-cropped-logitoweb21.png\",\"contentUrl\":\"https:\\\/\\\/cuartetoenlaweb.com.ar\\\/sitio\\\/wp-content\\\/uploads\\\/2025\\\/07\\\/cropped-cropped-logitoweb21.png\",\"width\":199,\"height\":199,\"caption\":\"Cuarteto en la Web\"},\"image\":{\"@id\":\"http:\\\/\\\/cuartetoenlaweb.com.ar\\\/sitio\\\/#\\\/schema\\\/logo\\\/image\\\/\"}}]}<\/script>\n<!-- \/ Yoast SEO plugin. -->","yoast_head_json":{"title":"Papel\u00f3n: S\u00e1enz amag\u00f3 con enfrentar a Milei, pero despu\u00e9s pidi\u00f3 \u201ccantar los dos\u201d en el Movistar Arena - Cuarteto en la Web","robots":{"index":"index","follow":"follow","max-snippet":"max-snippet:-1","max-image-preview":"max-image-preview:large","max-video-preview":"max-video-preview:-1"},"canonical":"https:\/\/cuartetoenlaweb.com.ar\/sitio\/papelon-saenz-amago-con-enfrentar-a-milei-pero-despues-pidio-cantar-los-dos-en-el-movistar-arena\/","og_locale":"es_ES","og_type":"article","og_title":"Papel\u00f3n: S\u00e1enz amag\u00f3 con enfrentar a Milei, pero despu\u00e9s pidi\u00f3 \u201ccantar los dos\u201d en el Movistar Arena - Cuarteto en la Web","og_description":"En su mensaje ante diputados y senadores provinciales, el gobernador","og_url":"https:\/\/cuartetoenlaweb.com.ar\/sitio\/papelon-saenz-amago-con-enfrentar-a-milei-pero-despues-pidio-cantar-los-dos-en-el-movistar-arena\/","og_site_name":"Cuarteto en la Web","article_published_time":"2026-03-02T23:00:56+00:00","og_image":[{"width":1080,"height":720,"url":"https:\/\/cuartetoenlaweb.com.ar\/sitio\/wp-content\/uploads\/2026\/03\/720-35.jpeg","type":"image\/jpeg"}],"twitter_card":"summary_large_image","twitter_misc":{"Tiempo de lectura":"1 minuto"},"schema":{"@context":"https:\/\/schema.org","@graph":[{"@type":"Article","@id":"https:\/\/cuartetoenlaweb.com.ar\/sitio\/papelon-saenz-amago-con-enfrentar-a-milei-pero-despues-pidio-cantar-los-dos-en-el-movistar-arena\/#article","isPartOf":{"@id":"https:\/\/cuartetoenlaweb.com.ar\/sitio\/papelon-saenz-amago-con-enfrentar-a-milei-pero-despues-pidio-cantar-los-dos-en-el-movistar-arena\/"},"author":{"name":"","@id":""},"headline":"Papel\u00f3n: S\u00e1enz amag\u00f3 con enfrentar a Milei, pero despu\u00e9s pidi\u00f3 \u201ccantar los dos\u201d en el Movistar Arena","datePublished":"2026-03-02T23:00:56+00:00","mainEntityOfPage":{"@id":"https:\/\/cuartetoenlaweb.com.ar\/sitio\/papelon-saenz-amago-con-enfrentar-a-milei-pero-despues-pidio-cantar-los-dos-en-el-movistar-arena\/"},"wordCount":136,"publisher":{"@id":"http:\/\/cuartetoenlaweb.com.ar\/sitio\/#organization"},"image":{"@id":"https:\/\/cuartetoenlaweb.com.ar\/sitio\/papelon-saenz-amago-con-enfrentar-a-milei-pero-despues-pidio-cantar-los-dos-en-el-movistar-arena\/#primaryimage"},"thumbnailUrl":"https:\/\/cuartetoenlaweb.com.ar\/sitio\/wp-content\/uploads\/2026\/03\/720-35.jpeg","articleSection":["PAIS"],"inLanguage":"es"},{"@type":"WebPage","@id":"https:\/\/cuartetoenlaweb.com.ar\/sitio\/papelon-saenz-amago-con-enfrentar-a-milei-pero-despues-pidio-cantar-los-dos-en-el-movistar-arena\/","url":"https:\/\/cuartetoenlaweb.com.ar\/sitio\/papelon-saenz-amago-con-enfrentar-a-milei-pero-despues-pidio-cantar-los-dos-en-el-movistar-arena\/","name":"Papel\u00f3n: S\u00e1enz amag\u00f3 con enfrentar a Milei, pero despu\u00e9s pidi\u00f3 \u201ccantar los dos\u201d en el Movistar Arena - Cuarteto en la Web","isPartOf":{"@id":"http:\/\/cuartetoenlaweb.com.ar\/sitio\/#website"},"primaryImageOfPage":{"@id":"https:\/\/cuartetoenlaweb.com.ar\/sitio\/papelon-saenz-amago-con-enfrentar-a-milei-pero-despues-pidio-cantar-los-dos-en-el-movistar-arena\/#primaryimage"},"image":{"@id":"https:\/\/cuartetoenlaweb.com.ar\/sitio\/papelon-saenz-amago-con-enfrentar-a-milei-pero-despues-pidio-cantar-los-dos-en-el-movistar-arena\/#primaryimage"},"thumbnailUrl":"https:\/\/cuartetoenlaweb.com.ar\/sitio\/wp-content\/uploads\/2026\/03\/720-35.jpeg","datePublished":"2026-03-02T23:00:56+00:00","breadcrumb":{"@id":"https:\/\/cuartetoenlaweb.com.ar\/sitio\/papelon-saenz-amago-con-enfrentar-a-milei-pero-despues-pidio-cantar-los-dos-en-el-movistar-arena\/#breadcrumb"},"inLanguage":"es","potentialAction":[{"@type":"ReadAction","target":["https:\/\/cuartetoenlaweb.com.ar\/sitio\/papelon-saenz-amago-con-enfrentar-a-milei-pero-despues-pidio-cantar-los-dos-en-el-movistar-arena\/"]}]},{"@type":"ImageObject","inLanguage":"es","@id":"https:\/\/cuartetoenlaweb.com.ar\/sitio\/papelon-saenz-amago-con-enfrentar-a-milei-pero-despues-pidio-cantar-los-dos-en-el-movistar-arena\/#primaryimage","url":"https:\/\/cuartetoenlaweb.com.ar\/sitio\/wp-content\/uploads\/2026\/03\/720-35.jpeg","contentUrl":"https:\/\/cuartetoenlaweb.com.ar\/sitio\/wp-content\/uploads\/2026\/03\/720-35.jpeg","width":1080,"height":720},{"@type":"BreadcrumbList","@id":"https:\/\/cuartetoenlaweb.com.ar\/sitio\/papelon-saenz-amago-con-enfrentar-a-milei-pero-despues-pidio-cantar-los-dos-en-el-movistar-arena\/#breadcrumb","itemListElement":[{"@type":"ListItem","position":1,"name":"Portada","item":"http:\/\/cuartetoenlaweb.com.ar\/sitio\/"},{"@type":"ListItem","position":2,"name":"Papel\u00f3n: S\u00e1enz amag\u00f3 con enfrentar a Milei, pero despu\u00e9s pidi\u00f3 \u201ccantar los dos\u201d en el Movistar Arena"}]},{"@type":"WebSite","@id":"http:\/\/cuartetoenlaweb.com.ar\/sitio\/#website","url":"http:\/\/cuartetoenlaweb.com.ar\/sitio\/","name":"Cuarteto en la Web","description":"","publisher":{"@id":"http:\/\/cuartetoenlaweb.com.ar\/sitio\/#organization"},"potentialAction":[{"@type":"SearchAction","target":{"@type":"EntryPoint","urlTemplate":"http:\/\/cuartetoenlaweb.com.ar\/sitio\/?s={search_term_string}"},"query-input":{"@type":"PropertyValueSpecification","valueRequired":true,"valueName":"search_term_string"}}],"inLanguage":"es"},{"@type":"Organization","@id":"http:\/\/cuartetoenlaweb.com.ar\/sitio\/#organization","name":"Cuarteto en la Web","url":"http:\/\/cuartetoenlaweb.com.ar\/sitio\/","logo":{"@type":"ImageObject","inLanguage":"es","@id":"http:\/\/cuartetoenlaweb.com.ar\/sitio\/#\/schema\/logo\/image\/","url":"https:\/\/cuartetoenlaweb.com.ar\/sitio\/wp-content\/uploads\/2025\/07\/cropped-cropped-logitoweb21.png","contentUrl":"https:\/\/cuartetoenlaweb.com.ar\/sitio\/wp-content\/uploads\/2025\/07\/cropped-cropped-logitoweb21.png","width":199,"height":199,"caption":"Cuarteto en la Web"},"image":{"@id":"http:\/\/cuartetoenlaweb.com.ar\/sitio\/#\/schema\/logo\/image\/"}}]}},"_links":{"self":[{"href":"https:\/\/cuartetoenlaweb.com.ar\/sitio\/wp-json\/wp\/v2\/posts\/13307","targetHints":{"allow":["GET"]}}],"collection":[{"href":"https:\/\/cuartetoenlaweb.com.ar\/sitio\/wp-json\/wp\/v2\/posts"}],"about":[{"href":"https:\/\/cuartetoenlaweb.com.ar\/sitio\/wp-json\/wp\/v2\/types\/post"}],"replies":[{"embeddable":true,"href":"https:\/\/cuartetoenlaweb.com.ar\/sitio\/wp-json\/wp\/v2\/comments?post=13307"}],"version-history":[{"count":0,"href":"https:\/\/cuartetoenlaweb.com.ar\/sitio\/wp-json\/wp\/v2\/posts\/13307\/revisions"}],"wp:featuredmedia":[{"embeddable":true,"href":"https:\/\/cuartetoenlaweb.com.ar\/sitio\/wp-json\/wp\/v2\/media\/13308"}],"wp:attachment":[{"href":"https:\/\/cuartetoenlaweb.com.ar\/sitio\/wp-json\/wp\/v2\/media?parent=13307"}],"wp:term":[{"taxonomy":"category","embeddable":true,"href":"https:\/\/cuartetoenlaweb.com.ar\/sitio\/wp-json\/wp\/v2\/categories?post=13307"},{"taxonomy":"post_tag","embeddable":true,"href":"https:\/\/cuartetoenlaweb.com.ar\/sitio\/wp-json\/wp\/v2\/tags?post=13307"}],"curies":[{"name":"wp","href":"https:\/\/api.w.org\/{rel}","templated":true}]}}