
{"id":13305,"date":"2026-03-02T20:00:54","date_gmt":"2026-03-02T23:00:54","guid":{"rendered":"https:\/\/cuartetoenlaweb.com.ar\/sitio\/marcela-pagano-prendio-fuego-al-gobierno-y-confirmo-que-las-autoridades-obstaculizaron-la-vuelta-de-nahuel-gallo\/"},"modified":"2026-03-02T20:00:54","modified_gmt":"2026-03-02T23:00:54","slug":"marcela-pagano-prendio-fuego-al-gobierno-y-confirmo-que-las-autoridades-obstaculizaron-la-vuelta-de-nahuel-gallo","status":"publish","type":"post","link":"https:\/\/cuartetoenlaweb.com.ar\/sitio\/marcela-pagano-prendio-fuego-al-gobierno-y-confirmo-que-las-autoridades-obstaculizaron-la-vuelta-de-nahuel-gallo\/","title":{"rendered":"Marcela Pagano prendi\u00f3 fuego al Gobierno y confirm\u00f3 que las autoridades \u201cobstaculizaron\u201d la vuelta de Nahuel Gallo"},"content":{"rendered":"<p>La diputada nacional Marcela Pagano lanz\u00f3 fuertes declaraciones en una entrevista con El Destape Radio.<\/p>\n<p>Al ser consultada sobre la postura del gobierno de Javier Milei sobre la repatriaci\u00f3n de Nahuel Gallo, confirm\u00f3 que el Gobierno \u201cobstaculiz\u00f3\u201d la vuelta del gendarme.<\/p>\n<p>Adem\u00e1s, sostuvo que \u201cfuncionarios del Ejecutivo estaban al tanto de v\u00edas alternativas para su repatriaci\u00f3n\u201d. En ese sentido, agreg\u00f3 que \u201cbajo ning\u00fan punto de vista quer\u00edan que la mam\u00e1 o el hermano viajaran a Venezuela\u201d.<\/p>\n<p>Pagano fue electa en 2023 por La Libertad Avanza, pero se apart\u00f3 del bloque oficialista y hoy forma parte de Coherencia, desde donde viene marcando diferencias con la conducci\u00f3n del espacio libertario.<\/p>\n","protected":false},"excerpt":{"rendered":"<p>La diputada nacional Marcela Pagano lanz\u00f3 fuertes declaraciones en una<\/p>\n","protected":false},"author":0,"featured_media":13306,"comment_status":"","ping_status":"","sticky":false,"template":"","format":"standard","meta":{"footnotes":""},"categories":[65],"tags":[],"class_list":["post-13305","post","type-post","status-publish","format-standard","has-post-thumbnail","hentry","category-pais"],"yoast_head":"<!-- This site is optimized with the Yoast SEO plugin v27.5 - https:\/\/yoast.com\/product\/yoast-seo-wordpress\/ -->\n<title>Marcela Pagano prendi\u00f3 fuego al Gobierno y confirm\u00f3 que las autoridades \u201cobstaculizaron\u201d la vuelta de Nahuel Gallo - Cuarteto en la Web<\/title>\n<meta name=\"robots\" content=\"index, follow, max-snippet:-1, max-image-preview:large, max-video-preview:-1\" \/>\n<link rel=\"canonical\" href=\"https:\/\/cuartetoenlaweb.com.ar\/sitio\/marcela-pagano-prendio-fuego-al-gobierno-y-confirmo-que-las-autoridades-obstaculizaron-la-vuelta-de-nahuel-gallo\/\" \/>\n<meta property=\"og:locale\" content=\"es_ES\" \/>\n<meta property=\"og:type\" content=\"article\" \/>\n<meta property=\"og:title\" content=\"Marcela Pagano prendi\u00f3 fuego al Gobierno y confirm\u00f3 que las autoridades \u201cobstaculizaron\u201d la vuelta de Nahuel Gallo - Cuarteto en la Web\" \/>\n<meta property=\"og:description\" content=\"La diputada nacional Marcela Pagano lanz\u00f3 fuertes declaraciones en una\" \/>\n<meta property=\"og:url\" content=\"https:\/\/cuartetoenlaweb.com.ar\/sitio\/marcela-pagano-prendio-fuego-al-gobierno-y-confirmo-que-las-autoridades-obstaculizaron-la-vuelta-de-nahuel-gallo\/\" \/>\n<meta property=\"og:site_name\" content=\"Cuarteto en la Web\" \/>\n<meta property=\"article:published_time\" content=\"2026-03-02T23:00:54+00:00\" \/>\n<meta property=\"og:image\" content=\"https:\/\/cuartetoenlaweb.com.ar\/sitio\/wp-content\/uploads\/2026\/03\/720-34.jpeg\" \/>\n\t<meta property=\"og:image:width\" content=\"1181\" \/>\n\t<meta property=\"og:image:height\" content=\"720\" \/>\n\t<meta property=\"og:image:type\" content=\"image\/jpeg\" \/>\n<meta name=\"twitter:card\" content=\"summary_large_image\" \/>\n<meta name=\"twitter:label1\" content=\"Tiempo de lectura\" \/>\n\t<meta name=\"twitter:data1\" content=\"1 minuto\" \/>\n<script type=\"application\/ld+json\" class=\"yoast-schema-graph\">{\"@context\":\"https:\\\/\\\/schema.org\",\"@graph\":[{\"@type\":\"Article\",\"@id\":\"https:\\\/\\\/cuartetoenlaweb.com.ar\\\/sitio\\\/marcela-pagano-prendio-fuego-al-gobierno-y-confirmo-que-las-autoridades-obstaculizaron-la-vuelta-de-nahuel-gallo\\\/#article\",\"isPartOf\":{\"@id\":\"https:\\\/\\\/cuartetoenlaweb.com.ar\\\/sitio\\\/marcela-pagano-prendio-fuego-al-gobierno-y-confirmo-que-las-autoridades-obstaculizaron-la-vuelta-de-nahuel-gallo\\\/\"},\"author\":{\"name\":\"\",\"@id\":\"\"},\"headline\":\"Marcela Pagano prendi\u00f3 fuego al Gobierno y confirm\u00f3 que las autoridades \u201cobstaculizaron\u201d la vuelta de Nahuel Gallo\",\"datePublished\":\"2026-03-02T23:00:54+00:00\",\"mainEntityOfPage\":{\"@id\":\"https:\\\/\\\/cuartetoenlaweb.com.ar\\\/sitio\\\/marcela-pagano-prendio-fuego-al-gobierno-y-confirmo-que-las-autoridades-obstaculizaron-la-vuelta-de-nahuel-gallo\\\/\"},\"wordCount\":131,\"publisher\":{\"@id\":\"http:\\\/\\\/cuartetoenlaweb.com.ar\\\/sitio\\\/#organization\"},\"image\":{\"@id\":\"https:\\\/\\\/cuartetoenlaweb.com.ar\\\/sitio\\\/marcela-pagano-prendio-fuego-al-gobierno-y-confirmo-que-las-autoridades-obstaculizaron-la-vuelta-de-nahuel-gallo\\\/#primaryimage\"},\"thumbnailUrl\":\"https:\\\/\\\/cuartetoenlaweb.com.ar\\\/sitio\\\/wp-content\\\/uploads\\\/2026\\\/03\\\/720-34.jpeg\",\"articleSection\":[\"PAIS\"],\"inLanguage\":\"es\"},{\"@type\":\"WebPage\",\"@id\":\"https:\\\/\\\/cuartetoenlaweb.com.ar\\\/sitio\\\/marcela-pagano-prendio-fuego-al-gobierno-y-confirmo-que-las-autoridades-obstaculizaron-la-vuelta-de-nahuel-gallo\\\/\",\"url\":\"https:\\\/\\\/cuartetoenlaweb.com.ar\\\/sitio\\\/marcela-pagano-prendio-fuego-al-gobierno-y-confirmo-que-las-autoridades-obstaculizaron-la-vuelta-de-nahuel-gallo\\\/\",\"name\":\"Marcela Pagano prendi\u00f3 fuego al Gobierno y confirm\u00f3 que las autoridades \u201cobstaculizaron\u201d la vuelta de Nahuel Gallo - Cuarteto en la Web\",\"isPartOf\":{\"@id\":\"http:\\\/\\\/cuartetoenlaweb.com.ar\\\/sitio\\\/#website\"},\"primaryImageOfPage\":{\"@id\":\"https:\\\/\\\/cuartetoenlaweb.com.ar\\\/sitio\\\/marcela-pagano-prendio-fuego-al-gobierno-y-confirmo-que-las-autoridades-obstaculizaron-la-vuelta-de-nahuel-gallo\\\/#primaryimage\"},\"image\":{\"@id\":\"https:\\\/\\\/cuartetoenlaweb.com.ar\\\/sitio\\\/marcela-pagano-prendio-fuego-al-gobierno-y-confirmo-que-las-autoridades-obstaculizaron-la-vuelta-de-nahuel-gallo\\\/#primaryimage\"},\"thumbnailUrl\":\"https:\\\/\\\/cuartetoenlaweb.com.ar\\\/sitio\\\/wp-content\\\/uploads\\\/2026\\\/03\\\/720-34.jpeg\",\"datePublished\":\"2026-03-02T23:00:54+00:00\",\"breadcrumb\":{\"@id\":\"https:\\\/\\\/cuartetoenlaweb.com.ar\\\/sitio\\\/marcela-pagano-prendio-fuego-al-gobierno-y-confirmo-que-las-autoridades-obstaculizaron-la-vuelta-de-nahuel-gallo\\\/#breadcrumb\"},\"inLanguage\":\"es\",\"potentialAction\":[{\"@type\":\"ReadAction\",\"target\":[\"https:\\\/\\\/cuartetoenlaweb.com.ar\\\/sitio\\\/marcela-pagano-prendio-fuego-al-gobierno-y-confirmo-que-las-autoridades-obstaculizaron-la-vuelta-de-nahuel-gallo\\\/\"]}]},{\"@type\":\"ImageObject\",\"inLanguage\":\"es\",\"@id\":\"https:\\\/\\\/cuartetoenlaweb.com.ar\\\/sitio\\\/marcela-pagano-prendio-fuego-al-gobierno-y-confirmo-que-las-autoridades-obstaculizaron-la-vuelta-de-nahuel-gallo\\\/#primaryimage\",\"url\":\"https:\\\/\\\/cuartetoenlaweb.com.ar\\\/sitio\\\/wp-content\\\/uploads\\\/2026\\\/03\\\/720-34.jpeg\",\"contentUrl\":\"https:\\\/\\\/cuartetoenlaweb.com.ar\\\/sitio\\\/wp-content\\\/uploads\\\/2026\\\/03\\\/720-34.jpeg\",\"width\":1181,\"height\":720},{\"@type\":\"BreadcrumbList\",\"@id\":\"https:\\\/\\\/cuartetoenlaweb.com.ar\\\/sitio\\\/marcela-pagano-prendio-fuego-al-gobierno-y-confirmo-que-las-autoridades-obstaculizaron-la-vuelta-de-nahuel-gallo\\\/#breadcrumb\",\"itemListElement\":[{\"@type\":\"ListItem\",\"position\":1,\"name\":\"Portada\",\"item\":\"http:\\\/\\\/cuartetoenlaweb.com.ar\\\/sitio\\\/\"},{\"@type\":\"ListItem\",\"position\":2,\"name\":\"Marcela Pagano prendi\u00f3 fuego al Gobierno y confirm\u00f3 que las autoridades \u201cobstaculizaron\u201d la vuelta de Nahuel Gallo\"}]},{\"@type\":\"WebSite\",\"@id\":\"http:\\\/\\\/cuartetoenlaweb.com.ar\\\/sitio\\\/#website\",\"url\":\"http:\\\/\\\/cuartetoenlaweb.com.ar\\\/sitio\\\/\",\"name\":\"Cuarteto en la Web\",\"description\":\"\",\"publisher\":{\"@id\":\"http:\\\/\\\/cuartetoenlaweb.com.ar\\\/sitio\\\/#organization\"},\"potentialAction\":[{\"@type\":\"SearchAction\",\"target\":{\"@type\":\"EntryPoint\",\"urlTemplate\":\"http:\\\/\\\/cuartetoenlaweb.com.ar\\\/sitio\\\/?s={search_term_string}\"},\"query-input\":{\"@type\":\"PropertyValueSpecification\",\"valueRequired\":true,\"valueName\":\"search_term_string\"}}],\"inLanguage\":\"es\"},{\"@type\":\"Organization\",\"@id\":\"http:\\\/\\\/cuartetoenlaweb.com.ar\\\/sitio\\\/#organization\",\"name\":\"Cuarteto en la Web\",\"url\":\"http:\\\/\\\/cuartetoenlaweb.com.ar\\\/sitio\\\/\",\"logo\":{\"@type\":\"ImageObject\",\"inLanguage\":\"es\",\"@id\":\"http:\\\/\\\/cuartetoenlaweb.com.ar\\\/sitio\\\/#\\\/schema\\\/logo\\\/image\\\/\",\"url\":\"https:\\\/\\\/cuartetoenlaweb.com.ar\\\/sitio\\\/wp-content\\\/uploads\\\/2025\\\/07\\\/cropped-cropped-logitoweb21.png\",\"contentUrl\":\"https:\\\/\\\/cuartetoenlaweb.com.ar\\\/sitio\\\/wp-content\\\/uploads\\\/2025\\\/07\\\/cropped-cropped-logitoweb21.png\",\"width\":199,\"height\":199,\"caption\":\"Cuarteto en la Web\"},\"image\":{\"@id\":\"http:\\\/\\\/cuartetoenlaweb.com.ar\\\/sitio\\\/#\\\/schema\\\/logo\\\/image\\\/\"}}]}<\/script>\n<!-- \/ Yoast SEO plugin. -->","yoast_head_json":{"title":"Marcela Pagano prendi\u00f3 fuego al Gobierno y confirm\u00f3 que las autoridades \u201cobstaculizaron\u201d la vuelta de Nahuel Gallo - Cuarteto en la Web","robots":{"index":"index","follow":"follow","max-snippet":"max-snippet:-1","max-image-preview":"max-image-preview:large","max-video-preview":"max-video-preview:-1"},"canonical":"https:\/\/cuartetoenlaweb.com.ar\/sitio\/marcela-pagano-prendio-fuego-al-gobierno-y-confirmo-que-las-autoridades-obstaculizaron-la-vuelta-de-nahuel-gallo\/","og_locale":"es_ES","og_type":"article","og_title":"Marcela Pagano prendi\u00f3 fuego al Gobierno y confirm\u00f3 que las autoridades \u201cobstaculizaron\u201d la vuelta de Nahuel Gallo - Cuarteto en la Web","og_description":"La diputada nacional Marcela Pagano lanz\u00f3 fuertes declaraciones en una","og_url":"https:\/\/cuartetoenlaweb.com.ar\/sitio\/marcela-pagano-prendio-fuego-al-gobierno-y-confirmo-que-las-autoridades-obstaculizaron-la-vuelta-de-nahuel-gallo\/","og_site_name":"Cuarteto en la Web","article_published_time":"2026-03-02T23:00:54+00:00","og_image":[{"width":1181,"height":720,"url":"https:\/\/cuartetoenlaweb.com.ar\/sitio\/wp-content\/uploads\/2026\/03\/720-34.jpeg","type":"image\/jpeg"}],"twitter_card":"summary_large_image","twitter_misc":{"Tiempo de lectura":"1 minuto"},"schema":{"@context":"https:\/\/schema.org","@graph":[{"@type":"Article","@id":"https:\/\/cuartetoenlaweb.com.ar\/sitio\/marcela-pagano-prendio-fuego-al-gobierno-y-confirmo-que-las-autoridades-obstaculizaron-la-vuelta-de-nahuel-gallo\/#article","isPartOf":{"@id":"https:\/\/cuartetoenlaweb.com.ar\/sitio\/marcela-pagano-prendio-fuego-al-gobierno-y-confirmo-que-las-autoridades-obstaculizaron-la-vuelta-de-nahuel-gallo\/"},"author":{"name":"","@id":""},"headline":"Marcela Pagano prendi\u00f3 fuego al Gobierno y confirm\u00f3 que las autoridades \u201cobstaculizaron\u201d la vuelta de Nahuel Gallo","datePublished":"2026-03-02T23:00:54+00:00","mainEntityOfPage":{"@id":"https:\/\/cuartetoenlaweb.com.ar\/sitio\/marcela-pagano-prendio-fuego-al-gobierno-y-confirmo-que-las-autoridades-obstaculizaron-la-vuelta-de-nahuel-gallo\/"},"wordCount":131,"publisher":{"@id":"http:\/\/cuartetoenlaweb.com.ar\/sitio\/#organization"},"image":{"@id":"https:\/\/cuartetoenlaweb.com.ar\/sitio\/marcela-pagano-prendio-fuego-al-gobierno-y-confirmo-que-las-autoridades-obstaculizaron-la-vuelta-de-nahuel-gallo\/#primaryimage"},"thumbnailUrl":"https:\/\/cuartetoenlaweb.com.ar\/sitio\/wp-content\/uploads\/2026\/03\/720-34.jpeg","articleSection":["PAIS"],"inLanguage":"es"},{"@type":"WebPage","@id":"https:\/\/cuartetoenlaweb.com.ar\/sitio\/marcela-pagano-prendio-fuego-al-gobierno-y-confirmo-que-las-autoridades-obstaculizaron-la-vuelta-de-nahuel-gallo\/","url":"https:\/\/cuartetoenlaweb.com.ar\/sitio\/marcela-pagano-prendio-fuego-al-gobierno-y-confirmo-que-las-autoridades-obstaculizaron-la-vuelta-de-nahuel-gallo\/","name":"Marcela Pagano prendi\u00f3 fuego al Gobierno y confirm\u00f3 que las autoridades \u201cobstaculizaron\u201d la vuelta de Nahuel Gallo - Cuarteto en la Web","isPartOf":{"@id":"http:\/\/cuartetoenlaweb.com.ar\/sitio\/#website"},"primaryImageOfPage":{"@id":"https:\/\/cuartetoenlaweb.com.ar\/sitio\/marcela-pagano-prendio-fuego-al-gobierno-y-confirmo-que-las-autoridades-obstaculizaron-la-vuelta-de-nahuel-gallo\/#primaryimage"},"image":{"@id":"https:\/\/cuartetoenlaweb.com.ar\/sitio\/marcela-pagano-prendio-fuego-al-gobierno-y-confirmo-que-las-autoridades-obstaculizaron-la-vuelta-de-nahuel-gallo\/#primaryimage"},"thumbnailUrl":"https:\/\/cuartetoenlaweb.com.ar\/sitio\/wp-content\/uploads\/2026\/03\/720-34.jpeg","datePublished":"2026-03-02T23:00:54+00:00","breadcrumb":{"@id":"https:\/\/cuartetoenlaweb.com.ar\/sitio\/marcela-pagano-prendio-fuego-al-gobierno-y-confirmo-que-las-autoridades-obstaculizaron-la-vuelta-de-nahuel-gallo\/#breadcrumb"},"inLanguage":"es","potentialAction":[{"@type":"ReadAction","target":["https:\/\/cuartetoenlaweb.com.ar\/sitio\/marcela-pagano-prendio-fuego-al-gobierno-y-confirmo-que-las-autoridades-obstaculizaron-la-vuelta-de-nahuel-gallo\/"]}]},{"@type":"ImageObject","inLanguage":"es","@id":"https:\/\/cuartetoenlaweb.com.ar\/sitio\/marcela-pagano-prendio-fuego-al-gobierno-y-confirmo-que-las-autoridades-obstaculizaron-la-vuelta-de-nahuel-gallo\/#primaryimage","url":"https:\/\/cuartetoenlaweb.com.ar\/sitio\/wp-content\/uploads\/2026\/03\/720-34.jpeg","contentUrl":"https:\/\/cuartetoenlaweb.com.ar\/sitio\/wp-content\/uploads\/2026\/03\/720-34.jpeg","width":1181,"height":720},{"@type":"BreadcrumbList","@id":"https:\/\/cuartetoenlaweb.com.ar\/sitio\/marcela-pagano-prendio-fuego-al-gobierno-y-confirmo-que-las-autoridades-obstaculizaron-la-vuelta-de-nahuel-gallo\/#breadcrumb","itemListElement":[{"@type":"ListItem","position":1,"name":"Portada","item":"http:\/\/cuartetoenlaweb.com.ar\/sitio\/"},{"@type":"ListItem","position":2,"name":"Marcela Pagano prendi\u00f3 fuego al Gobierno y confirm\u00f3 que las autoridades \u201cobstaculizaron\u201d la vuelta de Nahuel Gallo"}]},{"@type":"WebSite","@id":"http:\/\/cuartetoenlaweb.com.ar\/sitio\/#website","url":"http:\/\/cuartetoenlaweb.com.ar\/sitio\/","name":"Cuarteto en la Web","description":"","publisher":{"@id":"http:\/\/cuartetoenlaweb.com.ar\/sitio\/#organization"},"potentialAction":[{"@type":"SearchAction","target":{"@type":"EntryPoint","urlTemplate":"http:\/\/cuartetoenlaweb.com.ar\/sitio\/?s={search_term_string}"},"query-input":{"@type":"PropertyValueSpecification","valueRequired":true,"valueName":"search_term_string"}}],"inLanguage":"es"},{"@type":"Organization","@id":"http:\/\/cuartetoenlaweb.com.ar\/sitio\/#organization","name":"Cuarteto en la Web","url":"http:\/\/cuartetoenlaweb.com.ar\/sitio\/","logo":{"@type":"ImageObject","inLanguage":"es","@id":"http:\/\/cuartetoenlaweb.com.ar\/sitio\/#\/schema\/logo\/image\/","url":"https:\/\/cuartetoenlaweb.com.ar\/sitio\/wp-content\/uploads\/2025\/07\/cropped-cropped-logitoweb21.png","contentUrl":"https:\/\/cuartetoenlaweb.com.ar\/sitio\/wp-content\/uploads\/2025\/07\/cropped-cropped-logitoweb21.png","width":199,"height":199,"caption":"Cuarteto en la Web"},"image":{"@id":"http:\/\/cuartetoenlaweb.com.ar\/sitio\/#\/schema\/logo\/image\/"}}]}},"_links":{"self":[{"href":"https:\/\/cuartetoenlaweb.com.ar\/sitio\/wp-json\/wp\/v2\/posts\/13305","targetHints":{"allow":["GET"]}}],"collection":[{"href":"https:\/\/cuartetoenlaweb.com.ar\/sitio\/wp-json\/wp\/v2\/posts"}],"about":[{"href":"https:\/\/cuartetoenlaweb.com.ar\/sitio\/wp-json\/wp\/v2\/types\/post"}],"replies":[{"embeddable":true,"href":"https:\/\/cuartetoenlaweb.com.ar\/sitio\/wp-json\/wp\/v2\/comments?post=13305"}],"version-history":[{"count":0,"href":"https:\/\/cuartetoenlaweb.com.ar\/sitio\/wp-json\/wp\/v2\/posts\/13305\/revisions"}],"wp:featuredmedia":[{"embeddable":true,"href":"https:\/\/cuartetoenlaweb.com.ar\/sitio\/wp-json\/wp\/v2\/media\/13306"}],"wp:attachment":[{"href":"https:\/\/cuartetoenlaweb.com.ar\/sitio\/wp-json\/wp\/v2\/media?parent=13305"}],"wp:term":[{"taxonomy":"category","embeddable":true,"href":"https:\/\/cuartetoenlaweb.com.ar\/sitio\/wp-json\/wp\/v2\/categories?post=13305"},{"taxonomy":"post_tag","embeddable":true,"href":"https:\/\/cuartetoenlaweb.com.ar\/sitio\/wp-json\/wp\/v2\/tags?post=13305"}],"curies":[{"name":"wp","href":"https:\/\/api.w.org\/{rel}","templated":true}]}}