
{"id":13289,"date":"2026-03-02T20:00:09","date_gmt":"2026-03-02T23:00:09","guid":{"rendered":"https:\/\/cuartetoenlaweb.com.ar\/sitio\/ni-federacion-ni-villa-elisa-este-es-el-pintoresco-pueblito-que-tiene-las-termas-mas-lindas-del-litoral\/"},"modified":"2026-03-02T20:00:09","modified_gmt":"2026-03-02T23:00:09","slug":"ni-federacion-ni-villa-elisa-este-es-el-pintoresco-pueblito-que-tiene-las-termas-mas-lindas-del-litoral","status":"publish","type":"post","link":"https:\/\/cuartetoenlaweb.com.ar\/sitio\/ni-federacion-ni-villa-elisa-este-es-el-pintoresco-pueblito-que-tiene-las-termas-mas-lindas-del-litoral\/","title":{"rendered":"Ni Federaci\u00f3n ni Villa Elisa: este es el pintoresco pueblito que tiene las termas m\u00e1s lindas del Litoral"},"content":{"rendered":"<p>Buenos Aires, 2 marzo (NA) \u2013 San Jos\u00e9, en la provincia de Entre R\u00edos, se posiciona como uno de los destinos termales m\u00e1s completos y tranquilos del Litoral. A diferencia de Federaci\u00f3n o Villa Elisa, este pueblito combina aguas termales con parque acu\u00e1tico, spa y un entorno natural privilegiado frente al r\u00edo Uruguay, a solo cinco minutos del casco hist\u00f3rico.<\/p>\n<p>Seg\u00fan supo la Agencia Noticias Argentinas, el complejo Termas San Jos\u00e9 ocupa un predio de cinco hect\u00e1reas y funciona todo el a\u00f1o. Cuenta con diez piscinas con temperaturas que van de los 32\u00b0 a los 42\u00b0, dos de ellas cubiertas, y una propuesta que integra relax, recreaci\u00f3n y servicios gastron\u00f3micos en un mismo lugar.<\/p>\n<p>Ubicadas dentro del circuito \u201cTri Termas\u201d de la regi\u00f3n Tierra de Palmares, las termas se consolidaron como una alternativa ideal para escapadas de fin de semana, feriados largos o vacaciones familiares, con una infraestructura que permite disfrutar tanto en verano como en invierno.<\/p>\n<p>TERMAS SAN JOS\u00c9: QU\u00c9 TIENEN Y POR QU\u00c9 SE DESTACAN<\/p>\n<p>El complejo se presenta como un balc\u00f3n natural hacia el r\u00edo Uruguay. Las piscinas son de aguas dulces, s\u00f3dicas, c\u00e1lcicas y bicarbonatadas, totalmente naturales. Las profundidades var\u00edan entre 30 cent\u00edmetros y 1,40 metros, lo que permite un uso c\u00f3modo tanto para adultos como para chicos.<\/p>\n<p>Las dos piscinas cubiertas est\u00e1n orientadas al descanso y cuentan con hidromasajes. El resto se distribuye en sectores al aire libre rodeados de espacios verdes, bancos y mesas para pasar el d\u00eda con tranquilidad.<\/p>\n<p>Entre los servicios m\u00e1s destacados se encuentran:<\/p>\n<p> * Piscinas al aire libre<br \/>\n * Piscinas cubiertas<br \/>\n * Spa termal<br \/>\n * Restaurante, cafeter\u00eda y kiosco<br \/>\n * Paseo de artesanos<br \/>\n * Alquiler de insumos<br \/>\n * Duchas y sector de descanso<\/p>\n<p>PARQUE ACU\u00c1TICO: UNA PROPUESTA PENSADA PARA FAMILIAS<\/p>\n<p>Uno de los diferenciales de San Jos\u00e9 es su parque acu\u00e1tico, que suma diversi\u00f3n al cl\u00e1sico plan termal. Est\u00e1 integrado dentro del mismo predio y funciona en temporada alta y fechas especiales. Entre las atracciones principales se destacan:<\/p>\n<p> * Piscina de toboganes: 150 m\u00b2, 1,3 m de profundidad, con tobog\u00e1n m\u00faltiple tipo \u201clancha\u201d, un kamikaze de 11 metros y un tobog\u00e1n curvo de 24 metros.<br \/>\n * Piscina Jard\u00edn: 92 m\u00b2 y 0,30 m de profundidad, con juegos infantiles, hongos lluviosos y toboganes cortos.<br \/>\n * Baldazo: sector con 50 cm de profundidad y baldes de 100 y 200 litros que descargan agua en forma alternada.<\/p>\n<p>Esto convierte al complejo en una opci\u00f3n equilibrada: mientras algunos buscan descanso en las piscinas m\u00e1s calientes, otros pueden optar por una experiencia m\u00e1s activa.<\/p>\n<p>PROPIEDADES DEL AGUA Y BENEFICIOS<\/p>\n<p>Las aguas termales de San Jos\u00e9 son utilizadas como complemento en tratamientos del sistema nervioso y respiratorio, y tambi\u00e9n para aliviar dolencias musculares y articulares. Adem\u00e1s, se las asocia con beneficios dermatol\u00f3gicos y mejora en la oxigenaci\u00f3n de la piel.<\/p>\n<p>El entorno natural potencia esa experiencia. Rodeado de verde y con vistas abiertas hacia el r\u00edo, el complejo logra mantener una atm\u00f3sfera tranquila incluso en temporada alta, algo que muchos visitantes valoran frente a destinos m\u00e1s masivos.<\/p>\n<p>M\u00e1s all\u00e1 de las termas, San Jos\u00e9 conserva el esp\u00edritu de pueblo entrerriano: calles calmas, propuestas gastron\u00f3micas regionales y cercan\u00eda con bodegas y atractivos del departamento Col\u00f3n.<\/p>\n<p>CU\u00c1NTO CUESTA LA ENTRADA A LAS TERMAS SAN JOS\u00c9<\/p>\n<p>Los precios estimados para enero 2026 son:<\/p>\n<p> * Entrada general: $15.000<br \/>\n * Menores y jubilados: $8.000<\/p>\n<p>Los valores pueden variar seg\u00fan temporada o feriados largos, por lo que se recomienda consultar antes de viajar. #AgenciaNA<\/p>\n","protected":false},"excerpt":{"rendered":"<p>Buenos Aires, 2 marzo (NA) \u2013 San Jos\u00e9, en la<\/p>\n","protected":false},"author":0,"featured_media":13290,"comment_status":"","ping_status":"","sticky":false,"template":"","format":"standard","meta":{"footnotes":""},"categories":[65],"tags":[],"class_list":["post-13289","post","type-post","status-publish","format-standard","has-post-thumbnail","hentry","category-pais"],"yoast_head":"<!-- This site is optimized with the Yoast SEO plugin v27.5 - https:\/\/yoast.com\/product\/yoast-seo-wordpress\/ -->\n<title>Ni Federaci\u00f3n ni Villa Elisa: este es el pintoresco pueblito que tiene las termas m\u00e1s lindas del Litoral - Cuarteto en la Web<\/title>\n<meta name=\"robots\" content=\"index, follow, max-snippet:-1, max-image-preview:large, max-video-preview:-1\" \/>\n<link rel=\"canonical\" href=\"https:\/\/cuartetoenlaweb.com.ar\/sitio\/ni-federacion-ni-villa-elisa-este-es-el-pintoresco-pueblito-que-tiene-las-termas-mas-lindas-del-litoral\/\" \/>\n<meta property=\"og:locale\" content=\"es_ES\" \/>\n<meta property=\"og:type\" content=\"article\" \/>\n<meta property=\"og:title\" content=\"Ni Federaci\u00f3n ni Villa Elisa: este es el pintoresco pueblito que tiene las termas m\u00e1s lindas del Litoral - Cuarteto en la Web\" \/>\n<meta property=\"og:description\" content=\"Buenos Aires, 2 marzo (NA) \u2013 San Jos\u00e9, en la\" \/>\n<meta property=\"og:url\" content=\"https:\/\/cuartetoenlaweb.com.ar\/sitio\/ni-federacion-ni-villa-elisa-este-es-el-pintoresco-pueblito-que-tiene-las-termas-mas-lindas-del-litoral\/\" \/>\n<meta property=\"og:site_name\" content=\"Cuarteto en la Web\" \/>\n<meta property=\"article:published_time\" content=\"2026-03-02T23:00:09+00:00\" \/>\n<meta property=\"og:image\" content=\"https:\/\/cuartetoenlaweb.com.ar\/sitio\/wp-content\/uploads\/2026\/03\/720-27.jpeg\" \/>\n\t<meta property=\"og:image:width\" content=\"1280\" \/>\n\t<meta property=\"og:image:height\" content=\"720\" \/>\n\t<meta property=\"og:image:type\" content=\"image\/jpeg\" \/>\n<meta name=\"twitter:card\" content=\"summary_large_image\" \/>\n<meta name=\"twitter:label1\" content=\"Tiempo de lectura\" \/>\n\t<meta name=\"twitter:data1\" content=\"3 minutos\" \/>\n<script type=\"application\/ld+json\" class=\"yoast-schema-graph\">{\"@context\":\"https:\\\/\\\/schema.org\",\"@graph\":[{\"@type\":\"Article\",\"@id\":\"https:\\\/\\\/cuartetoenlaweb.com.ar\\\/sitio\\\/ni-federacion-ni-villa-elisa-este-es-el-pintoresco-pueblito-que-tiene-las-termas-mas-lindas-del-litoral\\\/#article\",\"isPartOf\":{\"@id\":\"https:\\\/\\\/cuartetoenlaweb.com.ar\\\/sitio\\\/ni-federacion-ni-villa-elisa-este-es-el-pintoresco-pueblito-que-tiene-las-termas-mas-lindas-del-litoral\\\/\"},\"author\":{\"name\":\"\",\"@id\":\"\"},\"headline\":\"Ni Federaci\u00f3n ni Villa Elisa: este es el pintoresco pueblito que tiene las termas m\u00e1s lindas del Litoral\",\"datePublished\":\"2026-03-02T23:00:09+00:00\",\"mainEntityOfPage\":{\"@id\":\"https:\\\/\\\/cuartetoenlaweb.com.ar\\\/sitio\\\/ni-federacion-ni-villa-elisa-este-es-el-pintoresco-pueblito-que-tiene-las-termas-mas-lindas-del-litoral\\\/\"},\"wordCount\":610,\"publisher\":{\"@id\":\"http:\\\/\\\/cuartetoenlaweb.com.ar\\\/sitio\\\/#organization\"},\"image\":{\"@id\":\"https:\\\/\\\/cuartetoenlaweb.com.ar\\\/sitio\\\/ni-federacion-ni-villa-elisa-este-es-el-pintoresco-pueblito-que-tiene-las-termas-mas-lindas-del-litoral\\\/#primaryimage\"},\"thumbnailUrl\":\"https:\\\/\\\/cuartetoenlaweb.com.ar\\\/sitio\\\/wp-content\\\/uploads\\\/2026\\\/03\\\/720-27.jpeg\",\"articleSection\":[\"PAIS\"],\"inLanguage\":\"es\"},{\"@type\":\"WebPage\",\"@id\":\"https:\\\/\\\/cuartetoenlaweb.com.ar\\\/sitio\\\/ni-federacion-ni-villa-elisa-este-es-el-pintoresco-pueblito-que-tiene-las-termas-mas-lindas-del-litoral\\\/\",\"url\":\"https:\\\/\\\/cuartetoenlaweb.com.ar\\\/sitio\\\/ni-federacion-ni-villa-elisa-este-es-el-pintoresco-pueblito-que-tiene-las-termas-mas-lindas-del-litoral\\\/\",\"name\":\"Ni Federaci\u00f3n ni Villa Elisa: este es el pintoresco pueblito que tiene las termas m\u00e1s lindas del Litoral - Cuarteto en la Web\",\"isPartOf\":{\"@id\":\"http:\\\/\\\/cuartetoenlaweb.com.ar\\\/sitio\\\/#website\"},\"primaryImageOfPage\":{\"@id\":\"https:\\\/\\\/cuartetoenlaweb.com.ar\\\/sitio\\\/ni-federacion-ni-villa-elisa-este-es-el-pintoresco-pueblito-que-tiene-las-termas-mas-lindas-del-litoral\\\/#primaryimage\"},\"image\":{\"@id\":\"https:\\\/\\\/cuartetoenlaweb.com.ar\\\/sitio\\\/ni-federacion-ni-villa-elisa-este-es-el-pintoresco-pueblito-que-tiene-las-termas-mas-lindas-del-litoral\\\/#primaryimage\"},\"thumbnailUrl\":\"https:\\\/\\\/cuartetoenlaweb.com.ar\\\/sitio\\\/wp-content\\\/uploads\\\/2026\\\/03\\\/720-27.jpeg\",\"datePublished\":\"2026-03-02T23:00:09+00:00\",\"breadcrumb\":{\"@id\":\"https:\\\/\\\/cuartetoenlaweb.com.ar\\\/sitio\\\/ni-federacion-ni-villa-elisa-este-es-el-pintoresco-pueblito-que-tiene-las-termas-mas-lindas-del-litoral\\\/#breadcrumb\"},\"inLanguage\":\"es\",\"potentialAction\":[{\"@type\":\"ReadAction\",\"target\":[\"https:\\\/\\\/cuartetoenlaweb.com.ar\\\/sitio\\\/ni-federacion-ni-villa-elisa-este-es-el-pintoresco-pueblito-que-tiene-las-termas-mas-lindas-del-litoral\\\/\"]}]},{\"@type\":\"ImageObject\",\"inLanguage\":\"es\",\"@id\":\"https:\\\/\\\/cuartetoenlaweb.com.ar\\\/sitio\\\/ni-federacion-ni-villa-elisa-este-es-el-pintoresco-pueblito-que-tiene-las-termas-mas-lindas-del-litoral\\\/#primaryimage\",\"url\":\"https:\\\/\\\/cuartetoenlaweb.com.ar\\\/sitio\\\/wp-content\\\/uploads\\\/2026\\\/03\\\/720-27.jpeg\",\"contentUrl\":\"https:\\\/\\\/cuartetoenlaweb.com.ar\\\/sitio\\\/wp-content\\\/uploads\\\/2026\\\/03\\\/720-27.jpeg\",\"width\":1280,\"height\":720},{\"@type\":\"BreadcrumbList\",\"@id\":\"https:\\\/\\\/cuartetoenlaweb.com.ar\\\/sitio\\\/ni-federacion-ni-villa-elisa-este-es-el-pintoresco-pueblito-que-tiene-las-termas-mas-lindas-del-litoral\\\/#breadcrumb\",\"itemListElement\":[{\"@type\":\"ListItem\",\"position\":1,\"name\":\"Portada\",\"item\":\"http:\\\/\\\/cuartetoenlaweb.com.ar\\\/sitio\\\/\"},{\"@type\":\"ListItem\",\"position\":2,\"name\":\"Ni Federaci\u00f3n ni Villa Elisa: este es el pintoresco pueblito que tiene las termas m\u00e1s lindas del Litoral\"}]},{\"@type\":\"WebSite\",\"@id\":\"http:\\\/\\\/cuartetoenlaweb.com.ar\\\/sitio\\\/#website\",\"url\":\"http:\\\/\\\/cuartetoenlaweb.com.ar\\\/sitio\\\/\",\"name\":\"Cuarteto en la Web\",\"description\":\"\",\"publisher\":{\"@id\":\"http:\\\/\\\/cuartetoenlaweb.com.ar\\\/sitio\\\/#organization\"},\"potentialAction\":[{\"@type\":\"SearchAction\",\"target\":{\"@type\":\"EntryPoint\",\"urlTemplate\":\"http:\\\/\\\/cuartetoenlaweb.com.ar\\\/sitio\\\/?s={search_term_string}\"},\"query-input\":{\"@type\":\"PropertyValueSpecification\",\"valueRequired\":true,\"valueName\":\"search_term_string\"}}],\"inLanguage\":\"es\"},{\"@type\":\"Organization\",\"@id\":\"http:\\\/\\\/cuartetoenlaweb.com.ar\\\/sitio\\\/#organization\",\"name\":\"Cuarteto en la Web\",\"url\":\"http:\\\/\\\/cuartetoenlaweb.com.ar\\\/sitio\\\/\",\"logo\":{\"@type\":\"ImageObject\",\"inLanguage\":\"es\",\"@id\":\"http:\\\/\\\/cuartetoenlaweb.com.ar\\\/sitio\\\/#\\\/schema\\\/logo\\\/image\\\/\",\"url\":\"https:\\\/\\\/cuartetoenlaweb.com.ar\\\/sitio\\\/wp-content\\\/uploads\\\/2025\\\/07\\\/cropped-cropped-logitoweb21.png\",\"contentUrl\":\"https:\\\/\\\/cuartetoenlaweb.com.ar\\\/sitio\\\/wp-content\\\/uploads\\\/2025\\\/07\\\/cropped-cropped-logitoweb21.png\",\"width\":199,\"height\":199,\"caption\":\"Cuarteto en la Web\"},\"image\":{\"@id\":\"http:\\\/\\\/cuartetoenlaweb.com.ar\\\/sitio\\\/#\\\/schema\\\/logo\\\/image\\\/\"}}]}<\/script>\n<!-- \/ Yoast SEO plugin. -->","yoast_head_json":{"title":"Ni Federaci\u00f3n ni Villa Elisa: este es el pintoresco pueblito que tiene las termas m\u00e1s lindas del Litoral - Cuarteto en la Web","robots":{"index":"index","follow":"follow","max-snippet":"max-snippet:-1","max-image-preview":"max-image-preview:large","max-video-preview":"max-video-preview:-1"},"canonical":"https:\/\/cuartetoenlaweb.com.ar\/sitio\/ni-federacion-ni-villa-elisa-este-es-el-pintoresco-pueblito-que-tiene-las-termas-mas-lindas-del-litoral\/","og_locale":"es_ES","og_type":"article","og_title":"Ni Federaci\u00f3n ni Villa Elisa: este es el pintoresco pueblito que tiene las termas m\u00e1s lindas del Litoral - Cuarteto en la Web","og_description":"Buenos Aires, 2 marzo (NA) \u2013 San Jos\u00e9, en la","og_url":"https:\/\/cuartetoenlaweb.com.ar\/sitio\/ni-federacion-ni-villa-elisa-este-es-el-pintoresco-pueblito-que-tiene-las-termas-mas-lindas-del-litoral\/","og_site_name":"Cuarteto en la Web","article_published_time":"2026-03-02T23:00:09+00:00","og_image":[{"width":1280,"height":720,"url":"https:\/\/cuartetoenlaweb.com.ar\/sitio\/wp-content\/uploads\/2026\/03\/720-27.jpeg","type":"image\/jpeg"}],"twitter_card":"summary_large_image","twitter_misc":{"Tiempo de lectura":"3 minutos"},"schema":{"@context":"https:\/\/schema.org","@graph":[{"@type":"Article","@id":"https:\/\/cuartetoenlaweb.com.ar\/sitio\/ni-federacion-ni-villa-elisa-este-es-el-pintoresco-pueblito-que-tiene-las-termas-mas-lindas-del-litoral\/#article","isPartOf":{"@id":"https:\/\/cuartetoenlaweb.com.ar\/sitio\/ni-federacion-ni-villa-elisa-este-es-el-pintoresco-pueblito-que-tiene-las-termas-mas-lindas-del-litoral\/"},"author":{"name":"","@id":""},"headline":"Ni Federaci\u00f3n ni Villa Elisa: este es el pintoresco pueblito que tiene las termas m\u00e1s lindas del Litoral","datePublished":"2026-03-02T23:00:09+00:00","mainEntityOfPage":{"@id":"https:\/\/cuartetoenlaweb.com.ar\/sitio\/ni-federacion-ni-villa-elisa-este-es-el-pintoresco-pueblito-que-tiene-las-termas-mas-lindas-del-litoral\/"},"wordCount":610,"publisher":{"@id":"http:\/\/cuartetoenlaweb.com.ar\/sitio\/#organization"},"image":{"@id":"https:\/\/cuartetoenlaweb.com.ar\/sitio\/ni-federacion-ni-villa-elisa-este-es-el-pintoresco-pueblito-que-tiene-las-termas-mas-lindas-del-litoral\/#primaryimage"},"thumbnailUrl":"https:\/\/cuartetoenlaweb.com.ar\/sitio\/wp-content\/uploads\/2026\/03\/720-27.jpeg","articleSection":["PAIS"],"inLanguage":"es"},{"@type":"WebPage","@id":"https:\/\/cuartetoenlaweb.com.ar\/sitio\/ni-federacion-ni-villa-elisa-este-es-el-pintoresco-pueblito-que-tiene-las-termas-mas-lindas-del-litoral\/","url":"https:\/\/cuartetoenlaweb.com.ar\/sitio\/ni-federacion-ni-villa-elisa-este-es-el-pintoresco-pueblito-que-tiene-las-termas-mas-lindas-del-litoral\/","name":"Ni Federaci\u00f3n ni Villa Elisa: este es el pintoresco pueblito que tiene las termas m\u00e1s lindas del Litoral - Cuarteto en la Web","isPartOf":{"@id":"http:\/\/cuartetoenlaweb.com.ar\/sitio\/#website"},"primaryImageOfPage":{"@id":"https:\/\/cuartetoenlaweb.com.ar\/sitio\/ni-federacion-ni-villa-elisa-este-es-el-pintoresco-pueblito-que-tiene-las-termas-mas-lindas-del-litoral\/#primaryimage"},"image":{"@id":"https:\/\/cuartetoenlaweb.com.ar\/sitio\/ni-federacion-ni-villa-elisa-este-es-el-pintoresco-pueblito-que-tiene-las-termas-mas-lindas-del-litoral\/#primaryimage"},"thumbnailUrl":"https:\/\/cuartetoenlaweb.com.ar\/sitio\/wp-content\/uploads\/2026\/03\/720-27.jpeg","datePublished":"2026-03-02T23:00:09+00:00","breadcrumb":{"@id":"https:\/\/cuartetoenlaweb.com.ar\/sitio\/ni-federacion-ni-villa-elisa-este-es-el-pintoresco-pueblito-que-tiene-las-termas-mas-lindas-del-litoral\/#breadcrumb"},"inLanguage":"es","potentialAction":[{"@type":"ReadAction","target":["https:\/\/cuartetoenlaweb.com.ar\/sitio\/ni-federacion-ni-villa-elisa-este-es-el-pintoresco-pueblito-que-tiene-las-termas-mas-lindas-del-litoral\/"]}]},{"@type":"ImageObject","inLanguage":"es","@id":"https:\/\/cuartetoenlaweb.com.ar\/sitio\/ni-federacion-ni-villa-elisa-este-es-el-pintoresco-pueblito-que-tiene-las-termas-mas-lindas-del-litoral\/#primaryimage","url":"https:\/\/cuartetoenlaweb.com.ar\/sitio\/wp-content\/uploads\/2026\/03\/720-27.jpeg","contentUrl":"https:\/\/cuartetoenlaweb.com.ar\/sitio\/wp-content\/uploads\/2026\/03\/720-27.jpeg","width":1280,"height":720},{"@type":"BreadcrumbList","@id":"https:\/\/cuartetoenlaweb.com.ar\/sitio\/ni-federacion-ni-villa-elisa-este-es-el-pintoresco-pueblito-que-tiene-las-termas-mas-lindas-del-litoral\/#breadcrumb","itemListElement":[{"@type":"ListItem","position":1,"name":"Portada","item":"http:\/\/cuartetoenlaweb.com.ar\/sitio\/"},{"@type":"ListItem","position":2,"name":"Ni Federaci\u00f3n ni Villa Elisa: este es el pintoresco pueblito que tiene las termas m\u00e1s lindas del Litoral"}]},{"@type":"WebSite","@id":"http:\/\/cuartetoenlaweb.com.ar\/sitio\/#website","url":"http:\/\/cuartetoenlaweb.com.ar\/sitio\/","name":"Cuarteto en la Web","description":"","publisher":{"@id":"http:\/\/cuartetoenlaweb.com.ar\/sitio\/#organization"},"potentialAction":[{"@type":"SearchAction","target":{"@type":"EntryPoint","urlTemplate":"http:\/\/cuartetoenlaweb.com.ar\/sitio\/?s={search_term_string}"},"query-input":{"@type":"PropertyValueSpecification","valueRequired":true,"valueName":"search_term_string"}}],"inLanguage":"es"},{"@type":"Organization","@id":"http:\/\/cuartetoenlaweb.com.ar\/sitio\/#organization","name":"Cuarteto en la Web","url":"http:\/\/cuartetoenlaweb.com.ar\/sitio\/","logo":{"@type":"ImageObject","inLanguage":"es","@id":"http:\/\/cuartetoenlaweb.com.ar\/sitio\/#\/schema\/logo\/image\/","url":"https:\/\/cuartetoenlaweb.com.ar\/sitio\/wp-content\/uploads\/2025\/07\/cropped-cropped-logitoweb21.png","contentUrl":"https:\/\/cuartetoenlaweb.com.ar\/sitio\/wp-content\/uploads\/2025\/07\/cropped-cropped-logitoweb21.png","width":199,"height":199,"caption":"Cuarteto en la Web"},"image":{"@id":"http:\/\/cuartetoenlaweb.com.ar\/sitio\/#\/schema\/logo\/image\/"}}]}},"_links":{"self":[{"href":"https:\/\/cuartetoenlaweb.com.ar\/sitio\/wp-json\/wp\/v2\/posts\/13289","targetHints":{"allow":["GET"]}}],"collection":[{"href":"https:\/\/cuartetoenlaweb.com.ar\/sitio\/wp-json\/wp\/v2\/posts"}],"about":[{"href":"https:\/\/cuartetoenlaweb.com.ar\/sitio\/wp-json\/wp\/v2\/types\/post"}],"replies":[{"embeddable":true,"href":"https:\/\/cuartetoenlaweb.com.ar\/sitio\/wp-json\/wp\/v2\/comments?post=13289"}],"version-history":[{"count":0,"href":"https:\/\/cuartetoenlaweb.com.ar\/sitio\/wp-json\/wp\/v2\/posts\/13289\/revisions"}],"wp:featuredmedia":[{"embeddable":true,"href":"https:\/\/cuartetoenlaweb.com.ar\/sitio\/wp-json\/wp\/v2\/media\/13290"}],"wp:attachment":[{"href":"https:\/\/cuartetoenlaweb.com.ar\/sitio\/wp-json\/wp\/v2\/media?parent=13289"}],"wp:term":[{"taxonomy":"category","embeddable":true,"href":"https:\/\/cuartetoenlaweb.com.ar\/sitio\/wp-json\/wp\/v2\/categories?post=13289"},{"taxonomy":"post_tag","embeddable":true,"href":"https:\/\/cuartetoenlaweb.com.ar\/sitio\/wp-json\/wp\/v2\/tags?post=13289"}],"curies":[{"name":"wp","href":"https:\/\/api.w.org\/{rel}","templated":true}]}}