
{"id":13287,"date":"2026-03-02T20:00:00","date_gmt":"2026-03-02T23:00:00","guid":{"rendered":"https:\/\/cuartetoenlaweb.com.ar\/sitio\/festeja-el-barcelona-real-madrid-cayo-ante-getafe-y-se-aleja-en-la-cima-de-la-liga\/"},"modified":"2026-03-02T20:00:00","modified_gmt":"2026-03-02T23:00:00","slug":"festeja-el-barcelona-real-madrid-cayo-ante-getafe-y-se-aleja-en-la-cima-de-la-liga","status":"publish","type":"post","link":"https:\/\/cuartetoenlaweb.com.ar\/sitio\/festeja-el-barcelona-real-madrid-cayo-ante-getafe-y-se-aleja-en-la-cima-de-la-liga\/","title":{"rendered":"Festeja el Barcelona: Real Madrid cay\u00f3 ante Getafe y se aleja en la cima de La Liga"},"content":{"rendered":"<p>Buenos Aires, 2 marzo (NA) \u2013 Real Madrid cay\u00f3 este lunes como local ante el Getafe por 1-0 en un encuentro correspondiente a la vig\u00e9simo sexta fecha de la Liga de Espa\u00f1a, llevado a cabo en el estadio Santiago Bernab\u00e9u.<\/p>\n<p>Seg\u00fan supo la Agencia Noticias Argentinas, el \u00fanico gol de encuentro para la visita lo convirti\u00f3 Mart\u00edn Satriano, a los 39 minutos del primer tiempo.<\/p>\n<p>Adem\u00e1s, ambos equipos debieron disputar los instantes finales del duelo con un hombre menos por las expulsiones del argentino Franco Mastantuono en el cuadro merengue, a los 50\u2019 de la segunda parte, y Adri\u00e1n Liso, a los 52\u2019 del mismo periodo.<\/p>\n<p>Con este resultado, el conjunto comandado por el espa\u00f1ol \u00c1lvaro Arbeloa perdi\u00f3 tres puntos fundamentales en la lucha por el t\u00edtulo de liga y qued\u00f3 como escolta a 4 unidades del l\u00edder, Barcelona, que viene de golear por 4-1 al Villarreal.<\/p>\n<p>Por su parte, Getafe alcanz\u00f3 la und\u00e9cima posici\u00f3n con 32 puntos, mientras se prepara para recibir al Real Betis, el pr\u00f3ximo domingo desde las 12:15.<\/p>\n<p>En una primera parte que ofrec\u00eda pocas emociones, el mediocampista uruguayo del Getafe, Satriano, captur\u00f3 una pelota en el borde del \u00e1rea y con un remate de volea venci\u00f3 al arquero Thibaut Courtois, que nada pudo hacer ante la potencia del disparo.<\/p>\n<p>El entrenador de la Casa Blanca movi\u00f3 el banco tratando de buscar la igualdad y, no solo que no la consigui\u00f3, sino que se qued\u00f3 con diez futbolistas por la expulsi\u00f3n de Mastantuono, quien hab\u00eda ingresado a los 24 minutos, debido a presuntos insultos al \u00e1rbitro Alejandro Mu\u00f1\u00edz Ruiz.<\/p>\n<p>El surgido en River, rezagado en el \u00faltimo tiempo en las consideraciones de Arbeloa, atraviesa un complicado momento en la instituci\u00f3n en la que la falta de regularidad por lesiones, se combin\u00f3 con un flojo desempe\u00f1o y ahora sum\u00f3 un nuevo episodio que lo marginar\u00e1 del pr\u00f3ximo cotejo frente al Celta de Vigo.<\/p>\n<p>De esta manera, el Real Madrid acumula dos derrotas consecutivas y comienza a peligrar la lucha por el campeonato. Si bien se encuentra a 4 puntos del Barcelona, el cuadro azulgrana mostr\u00f3 mayor regularidad y mejor desempe\u00f1o en los \u00faltimos partidos.<\/p>\n<p>#AgenciaNA<\/p>\n","protected":false},"excerpt":{"rendered":"<p>Buenos Aires, 2 marzo (NA) \u2013 Real Madrid cay\u00f3 este<\/p>\n","protected":false},"author":0,"featured_media":13288,"comment_status":"","ping_status":"","sticky":false,"template":"","format":"standard","meta":{"footnotes":""},"categories":[65],"tags":[],"class_list":["post-13287","post","type-post","status-publish","format-standard","has-post-thumbnail","hentry","category-pais"],"yoast_head":"<!-- This site is optimized with the Yoast SEO plugin v27.5 - https:\/\/yoast.com\/product\/yoast-seo-wordpress\/ -->\n<title>Festeja el Barcelona: Real Madrid cay\u00f3 ante Getafe y se aleja en la cima de La Liga - Cuarteto en la Web<\/title>\n<meta name=\"robots\" content=\"index, follow, max-snippet:-1, max-image-preview:large, max-video-preview:-1\" \/>\n<link rel=\"canonical\" href=\"https:\/\/cuartetoenlaweb.com.ar\/sitio\/festeja-el-barcelona-real-madrid-cayo-ante-getafe-y-se-aleja-en-la-cima-de-la-liga\/\" \/>\n<meta property=\"og:locale\" content=\"es_ES\" \/>\n<meta property=\"og:type\" content=\"article\" \/>\n<meta property=\"og:title\" content=\"Festeja el Barcelona: Real Madrid cay\u00f3 ante Getafe y se aleja en la cima de La Liga - Cuarteto en la Web\" \/>\n<meta property=\"og:description\" content=\"Buenos Aires, 2 marzo (NA) \u2013 Real Madrid cay\u00f3 este\" \/>\n<meta property=\"og:url\" content=\"https:\/\/cuartetoenlaweb.com.ar\/sitio\/festeja-el-barcelona-real-madrid-cayo-ante-getafe-y-se-aleja-en-la-cima-de-la-liga\/\" \/>\n<meta property=\"og:site_name\" content=\"Cuarteto en la Web\" \/>\n<meta property=\"article:published_time\" content=\"2026-03-02T23:00:00+00:00\" \/>\n<meta property=\"og:image\" content=\"https:\/\/cuartetoenlaweb.com.ar\/sitio\/wp-content\/uploads\/2026\/03\/720-26.jpeg\" \/>\n\t<meta property=\"og:image:width\" content=\"576\" \/>\n\t<meta property=\"og:image:height\" content=\"720\" \/>\n\t<meta property=\"og:image:type\" content=\"image\/jpeg\" \/>\n<meta name=\"twitter:card\" content=\"summary_large_image\" \/>\n<meta name=\"twitter:label1\" content=\"Tiempo de lectura\" \/>\n\t<meta name=\"twitter:data1\" content=\"2 minutos\" \/>\n<script type=\"application\/ld+json\" class=\"yoast-schema-graph\">{\"@context\":\"https:\\\/\\\/schema.org\",\"@graph\":[{\"@type\":\"Article\",\"@id\":\"https:\\\/\\\/cuartetoenlaweb.com.ar\\\/sitio\\\/festeja-el-barcelona-real-madrid-cayo-ante-getafe-y-se-aleja-en-la-cima-de-la-liga\\\/#article\",\"isPartOf\":{\"@id\":\"https:\\\/\\\/cuartetoenlaweb.com.ar\\\/sitio\\\/festeja-el-barcelona-real-madrid-cayo-ante-getafe-y-se-aleja-en-la-cima-de-la-liga\\\/\"},\"author\":{\"name\":\"\",\"@id\":\"\"},\"headline\":\"Festeja el Barcelona: Real Madrid cay\u00f3 ante Getafe y se aleja en la cima de La Liga\",\"datePublished\":\"2026-03-02T23:00:00+00:00\",\"mainEntityOfPage\":{\"@id\":\"https:\\\/\\\/cuartetoenlaweb.com.ar\\\/sitio\\\/festeja-el-barcelona-real-madrid-cayo-ante-getafe-y-se-aleja-en-la-cima-de-la-liga\\\/\"},\"wordCount\":386,\"publisher\":{\"@id\":\"http:\\\/\\\/cuartetoenlaweb.com.ar\\\/sitio\\\/#organization\"},\"image\":{\"@id\":\"https:\\\/\\\/cuartetoenlaweb.com.ar\\\/sitio\\\/festeja-el-barcelona-real-madrid-cayo-ante-getafe-y-se-aleja-en-la-cima-de-la-liga\\\/#primaryimage\"},\"thumbnailUrl\":\"https:\\\/\\\/cuartetoenlaweb.com.ar\\\/sitio\\\/wp-content\\\/uploads\\\/2026\\\/03\\\/720-26.jpeg\",\"articleSection\":[\"PAIS\"],\"inLanguage\":\"es\"},{\"@type\":\"WebPage\",\"@id\":\"https:\\\/\\\/cuartetoenlaweb.com.ar\\\/sitio\\\/festeja-el-barcelona-real-madrid-cayo-ante-getafe-y-se-aleja-en-la-cima-de-la-liga\\\/\",\"url\":\"https:\\\/\\\/cuartetoenlaweb.com.ar\\\/sitio\\\/festeja-el-barcelona-real-madrid-cayo-ante-getafe-y-se-aleja-en-la-cima-de-la-liga\\\/\",\"name\":\"Festeja el Barcelona: Real Madrid cay\u00f3 ante Getafe y se aleja en la cima de La Liga - Cuarteto en la Web\",\"isPartOf\":{\"@id\":\"http:\\\/\\\/cuartetoenlaweb.com.ar\\\/sitio\\\/#website\"},\"primaryImageOfPage\":{\"@id\":\"https:\\\/\\\/cuartetoenlaweb.com.ar\\\/sitio\\\/festeja-el-barcelona-real-madrid-cayo-ante-getafe-y-se-aleja-en-la-cima-de-la-liga\\\/#primaryimage\"},\"image\":{\"@id\":\"https:\\\/\\\/cuartetoenlaweb.com.ar\\\/sitio\\\/festeja-el-barcelona-real-madrid-cayo-ante-getafe-y-se-aleja-en-la-cima-de-la-liga\\\/#primaryimage\"},\"thumbnailUrl\":\"https:\\\/\\\/cuartetoenlaweb.com.ar\\\/sitio\\\/wp-content\\\/uploads\\\/2026\\\/03\\\/720-26.jpeg\",\"datePublished\":\"2026-03-02T23:00:00+00:00\",\"breadcrumb\":{\"@id\":\"https:\\\/\\\/cuartetoenlaweb.com.ar\\\/sitio\\\/festeja-el-barcelona-real-madrid-cayo-ante-getafe-y-se-aleja-en-la-cima-de-la-liga\\\/#breadcrumb\"},\"inLanguage\":\"es\",\"potentialAction\":[{\"@type\":\"ReadAction\",\"target\":[\"https:\\\/\\\/cuartetoenlaweb.com.ar\\\/sitio\\\/festeja-el-barcelona-real-madrid-cayo-ante-getafe-y-se-aleja-en-la-cima-de-la-liga\\\/\"]}]},{\"@type\":\"ImageObject\",\"inLanguage\":\"es\",\"@id\":\"https:\\\/\\\/cuartetoenlaweb.com.ar\\\/sitio\\\/festeja-el-barcelona-real-madrid-cayo-ante-getafe-y-se-aleja-en-la-cima-de-la-liga\\\/#primaryimage\",\"url\":\"https:\\\/\\\/cuartetoenlaweb.com.ar\\\/sitio\\\/wp-content\\\/uploads\\\/2026\\\/03\\\/720-26.jpeg\",\"contentUrl\":\"https:\\\/\\\/cuartetoenlaweb.com.ar\\\/sitio\\\/wp-content\\\/uploads\\\/2026\\\/03\\\/720-26.jpeg\",\"width\":576,\"height\":720},{\"@type\":\"BreadcrumbList\",\"@id\":\"https:\\\/\\\/cuartetoenlaweb.com.ar\\\/sitio\\\/festeja-el-barcelona-real-madrid-cayo-ante-getafe-y-se-aleja-en-la-cima-de-la-liga\\\/#breadcrumb\",\"itemListElement\":[{\"@type\":\"ListItem\",\"position\":1,\"name\":\"Portada\",\"item\":\"http:\\\/\\\/cuartetoenlaweb.com.ar\\\/sitio\\\/\"},{\"@type\":\"ListItem\",\"position\":2,\"name\":\"Festeja el Barcelona: Real Madrid cay\u00f3 ante Getafe y se aleja en la cima de La Liga\"}]},{\"@type\":\"WebSite\",\"@id\":\"http:\\\/\\\/cuartetoenlaweb.com.ar\\\/sitio\\\/#website\",\"url\":\"http:\\\/\\\/cuartetoenlaweb.com.ar\\\/sitio\\\/\",\"name\":\"Cuarteto en la Web\",\"description\":\"\",\"publisher\":{\"@id\":\"http:\\\/\\\/cuartetoenlaweb.com.ar\\\/sitio\\\/#organization\"},\"potentialAction\":[{\"@type\":\"SearchAction\",\"target\":{\"@type\":\"EntryPoint\",\"urlTemplate\":\"http:\\\/\\\/cuartetoenlaweb.com.ar\\\/sitio\\\/?s={search_term_string}\"},\"query-input\":{\"@type\":\"PropertyValueSpecification\",\"valueRequired\":true,\"valueName\":\"search_term_string\"}}],\"inLanguage\":\"es\"},{\"@type\":\"Organization\",\"@id\":\"http:\\\/\\\/cuartetoenlaweb.com.ar\\\/sitio\\\/#organization\",\"name\":\"Cuarteto en la Web\",\"url\":\"http:\\\/\\\/cuartetoenlaweb.com.ar\\\/sitio\\\/\",\"logo\":{\"@type\":\"ImageObject\",\"inLanguage\":\"es\",\"@id\":\"http:\\\/\\\/cuartetoenlaweb.com.ar\\\/sitio\\\/#\\\/schema\\\/logo\\\/image\\\/\",\"url\":\"https:\\\/\\\/cuartetoenlaweb.com.ar\\\/sitio\\\/wp-content\\\/uploads\\\/2025\\\/07\\\/cropped-cropped-logitoweb21.png\",\"contentUrl\":\"https:\\\/\\\/cuartetoenlaweb.com.ar\\\/sitio\\\/wp-content\\\/uploads\\\/2025\\\/07\\\/cropped-cropped-logitoweb21.png\",\"width\":199,\"height\":199,\"caption\":\"Cuarteto en la Web\"},\"image\":{\"@id\":\"http:\\\/\\\/cuartetoenlaweb.com.ar\\\/sitio\\\/#\\\/schema\\\/logo\\\/image\\\/\"}}]}<\/script>\n<!-- \/ Yoast SEO plugin. -->","yoast_head_json":{"title":"Festeja el Barcelona: Real Madrid cay\u00f3 ante Getafe y se aleja en la cima de La Liga - Cuarteto en la Web","robots":{"index":"index","follow":"follow","max-snippet":"max-snippet:-1","max-image-preview":"max-image-preview:large","max-video-preview":"max-video-preview:-1"},"canonical":"https:\/\/cuartetoenlaweb.com.ar\/sitio\/festeja-el-barcelona-real-madrid-cayo-ante-getafe-y-se-aleja-en-la-cima-de-la-liga\/","og_locale":"es_ES","og_type":"article","og_title":"Festeja el Barcelona: Real Madrid cay\u00f3 ante Getafe y se aleja en la cima de La Liga - Cuarteto en la Web","og_description":"Buenos Aires, 2 marzo (NA) \u2013 Real Madrid cay\u00f3 este","og_url":"https:\/\/cuartetoenlaweb.com.ar\/sitio\/festeja-el-barcelona-real-madrid-cayo-ante-getafe-y-se-aleja-en-la-cima-de-la-liga\/","og_site_name":"Cuarteto en la Web","article_published_time":"2026-03-02T23:00:00+00:00","og_image":[{"width":576,"height":720,"url":"https:\/\/cuartetoenlaweb.com.ar\/sitio\/wp-content\/uploads\/2026\/03\/720-26.jpeg","type":"image\/jpeg"}],"twitter_card":"summary_large_image","twitter_misc":{"Tiempo de lectura":"2 minutos"},"schema":{"@context":"https:\/\/schema.org","@graph":[{"@type":"Article","@id":"https:\/\/cuartetoenlaweb.com.ar\/sitio\/festeja-el-barcelona-real-madrid-cayo-ante-getafe-y-se-aleja-en-la-cima-de-la-liga\/#article","isPartOf":{"@id":"https:\/\/cuartetoenlaweb.com.ar\/sitio\/festeja-el-barcelona-real-madrid-cayo-ante-getafe-y-se-aleja-en-la-cima-de-la-liga\/"},"author":{"name":"","@id":""},"headline":"Festeja el Barcelona: Real Madrid cay\u00f3 ante Getafe y se aleja en la cima de La Liga","datePublished":"2026-03-02T23:00:00+00:00","mainEntityOfPage":{"@id":"https:\/\/cuartetoenlaweb.com.ar\/sitio\/festeja-el-barcelona-real-madrid-cayo-ante-getafe-y-se-aleja-en-la-cima-de-la-liga\/"},"wordCount":386,"publisher":{"@id":"http:\/\/cuartetoenlaweb.com.ar\/sitio\/#organization"},"image":{"@id":"https:\/\/cuartetoenlaweb.com.ar\/sitio\/festeja-el-barcelona-real-madrid-cayo-ante-getafe-y-se-aleja-en-la-cima-de-la-liga\/#primaryimage"},"thumbnailUrl":"https:\/\/cuartetoenlaweb.com.ar\/sitio\/wp-content\/uploads\/2026\/03\/720-26.jpeg","articleSection":["PAIS"],"inLanguage":"es"},{"@type":"WebPage","@id":"https:\/\/cuartetoenlaweb.com.ar\/sitio\/festeja-el-barcelona-real-madrid-cayo-ante-getafe-y-se-aleja-en-la-cima-de-la-liga\/","url":"https:\/\/cuartetoenlaweb.com.ar\/sitio\/festeja-el-barcelona-real-madrid-cayo-ante-getafe-y-se-aleja-en-la-cima-de-la-liga\/","name":"Festeja el Barcelona: Real Madrid cay\u00f3 ante Getafe y se aleja en la cima de La Liga - Cuarteto en la Web","isPartOf":{"@id":"http:\/\/cuartetoenlaweb.com.ar\/sitio\/#website"},"primaryImageOfPage":{"@id":"https:\/\/cuartetoenlaweb.com.ar\/sitio\/festeja-el-barcelona-real-madrid-cayo-ante-getafe-y-se-aleja-en-la-cima-de-la-liga\/#primaryimage"},"image":{"@id":"https:\/\/cuartetoenlaweb.com.ar\/sitio\/festeja-el-barcelona-real-madrid-cayo-ante-getafe-y-se-aleja-en-la-cima-de-la-liga\/#primaryimage"},"thumbnailUrl":"https:\/\/cuartetoenlaweb.com.ar\/sitio\/wp-content\/uploads\/2026\/03\/720-26.jpeg","datePublished":"2026-03-02T23:00:00+00:00","breadcrumb":{"@id":"https:\/\/cuartetoenlaweb.com.ar\/sitio\/festeja-el-barcelona-real-madrid-cayo-ante-getafe-y-se-aleja-en-la-cima-de-la-liga\/#breadcrumb"},"inLanguage":"es","potentialAction":[{"@type":"ReadAction","target":["https:\/\/cuartetoenlaweb.com.ar\/sitio\/festeja-el-barcelona-real-madrid-cayo-ante-getafe-y-se-aleja-en-la-cima-de-la-liga\/"]}]},{"@type":"ImageObject","inLanguage":"es","@id":"https:\/\/cuartetoenlaweb.com.ar\/sitio\/festeja-el-barcelona-real-madrid-cayo-ante-getafe-y-se-aleja-en-la-cima-de-la-liga\/#primaryimage","url":"https:\/\/cuartetoenlaweb.com.ar\/sitio\/wp-content\/uploads\/2026\/03\/720-26.jpeg","contentUrl":"https:\/\/cuartetoenlaweb.com.ar\/sitio\/wp-content\/uploads\/2026\/03\/720-26.jpeg","width":576,"height":720},{"@type":"BreadcrumbList","@id":"https:\/\/cuartetoenlaweb.com.ar\/sitio\/festeja-el-barcelona-real-madrid-cayo-ante-getafe-y-se-aleja-en-la-cima-de-la-liga\/#breadcrumb","itemListElement":[{"@type":"ListItem","position":1,"name":"Portada","item":"http:\/\/cuartetoenlaweb.com.ar\/sitio\/"},{"@type":"ListItem","position":2,"name":"Festeja el Barcelona: Real Madrid cay\u00f3 ante Getafe y se aleja en la cima de La Liga"}]},{"@type":"WebSite","@id":"http:\/\/cuartetoenlaweb.com.ar\/sitio\/#website","url":"http:\/\/cuartetoenlaweb.com.ar\/sitio\/","name":"Cuarteto en la Web","description":"","publisher":{"@id":"http:\/\/cuartetoenlaweb.com.ar\/sitio\/#organization"},"potentialAction":[{"@type":"SearchAction","target":{"@type":"EntryPoint","urlTemplate":"http:\/\/cuartetoenlaweb.com.ar\/sitio\/?s={search_term_string}"},"query-input":{"@type":"PropertyValueSpecification","valueRequired":true,"valueName":"search_term_string"}}],"inLanguage":"es"},{"@type":"Organization","@id":"http:\/\/cuartetoenlaweb.com.ar\/sitio\/#organization","name":"Cuarteto en la Web","url":"http:\/\/cuartetoenlaweb.com.ar\/sitio\/","logo":{"@type":"ImageObject","inLanguage":"es","@id":"http:\/\/cuartetoenlaweb.com.ar\/sitio\/#\/schema\/logo\/image\/","url":"https:\/\/cuartetoenlaweb.com.ar\/sitio\/wp-content\/uploads\/2025\/07\/cropped-cropped-logitoweb21.png","contentUrl":"https:\/\/cuartetoenlaweb.com.ar\/sitio\/wp-content\/uploads\/2025\/07\/cropped-cropped-logitoweb21.png","width":199,"height":199,"caption":"Cuarteto en la Web"},"image":{"@id":"http:\/\/cuartetoenlaweb.com.ar\/sitio\/#\/schema\/logo\/image\/"}}]}},"_links":{"self":[{"href":"https:\/\/cuartetoenlaweb.com.ar\/sitio\/wp-json\/wp\/v2\/posts\/13287","targetHints":{"allow":["GET"]}}],"collection":[{"href":"https:\/\/cuartetoenlaweb.com.ar\/sitio\/wp-json\/wp\/v2\/posts"}],"about":[{"href":"https:\/\/cuartetoenlaweb.com.ar\/sitio\/wp-json\/wp\/v2\/types\/post"}],"replies":[{"embeddable":true,"href":"https:\/\/cuartetoenlaweb.com.ar\/sitio\/wp-json\/wp\/v2\/comments?post=13287"}],"version-history":[{"count":0,"href":"https:\/\/cuartetoenlaweb.com.ar\/sitio\/wp-json\/wp\/v2\/posts\/13287\/revisions"}],"wp:featuredmedia":[{"embeddable":true,"href":"https:\/\/cuartetoenlaweb.com.ar\/sitio\/wp-json\/wp\/v2\/media\/13288"}],"wp:attachment":[{"href":"https:\/\/cuartetoenlaweb.com.ar\/sitio\/wp-json\/wp\/v2\/media?parent=13287"}],"wp:term":[{"taxonomy":"category","embeddable":true,"href":"https:\/\/cuartetoenlaweb.com.ar\/sitio\/wp-json\/wp\/v2\/categories?post=13287"},{"taxonomy":"post_tag","embeddable":true,"href":"https:\/\/cuartetoenlaweb.com.ar\/sitio\/wp-json\/wp\/v2\/tags?post=13287"}],"curies":[{"name":"wp","href":"https:\/\/api.w.org\/{rel}","templated":true}]}}