
{"id":13283,"date":"2026-03-02T19:59:58","date_gmt":"2026-03-02T22:59:58","guid":{"rendered":"https:\/\/cuartetoenlaweb.com.ar\/sitio\/todas-las-fotos-del-impactante-cumpleanos-k-pop-de-matilda-la-hija-de-luciana-salazar\/"},"modified":"2026-03-02T19:59:58","modified_gmt":"2026-03-02T22:59:58","slug":"todas-las-fotos-del-impactante-cumpleanos-k-pop-de-matilda-la-hija-de-luciana-salazar","status":"publish","type":"post","link":"https:\/\/cuartetoenlaweb.com.ar\/sitio\/todas-las-fotos-del-impactante-cumpleanos-k-pop-de-matilda-la-hija-de-luciana-salazar\/","title":{"rendered":"Todas las fotos del impactante cumplea\u00f1os k-pop de Matilda, la hija de Luciana Salazar"},"content":{"rendered":"<p>Este fin de semana, <strong><a href=\"https:\/\/www.paparazzi.com.ar\/?s=Luciana+Salazar\">Luciana Salazar<\/a> <\/strong>volvi\u00f3 a dar que hablar en redes sociales al compartir la impactante fiesta de cumplea\u00f1os que prepar\u00f3 para su hija <strong>Matilda<\/strong>. Aunque la ni\u00f1a cumpli\u00f3 8 a\u00f1os el 15 de diciembre, el gran festejo se realiz\u00f3 reci\u00e9n este s\u00e1bado 28 de febrero, tal como hab\u00eda anticipado meses atr\u00e1s.<\/p>\n<p>En su momento, Matilda hab\u00eda soplado las velitas en un encuentro m\u00e1s \u00edntimo junto a sus amigas, entre ellas <strong>Sarah Burlando<\/strong> \u2014hija de <strong>Barby Franco<\/strong> y <strong>Fernando Burlando<\/strong>\u2014 y <strong>Dionisio<\/strong>, el hijo de <strong>Flavio Mendoza<\/strong>. Sin embargo, Luli hab\u00eda prometido que la gran fiesta llegar\u00eda despu\u00e9s\u2026 y cumpli\u00f3.<\/p>\n<p>La tem\u00e1tica elegida fue nada menos que el universo k-pop, con una puesta en escena que no dej\u00f3 detalle librado al azar. El sal\u00f3n se transform\u00f3 en una verdadera escenograf\u00eda pop: globos metalizados, destellos multicolores, carteles luminosos y una ambientaci\u00f3n inspirada en la est\u00e9tica de los idols surcoreanos y el fen\u00f3meno global que incluso inspira producciones como <em>Sony Pictures Animation<\/em>.<\/p>\n<div class=\"mt-box \">\n<h4 class=\"mt-heading\">Mir\u00e1 Tambi\u00e9n<\/h4>\n<p><a href=\"https:\/\/www.paparazzi.com.ar\/teve\/exclusivo-asi-fue-el-cumpleanos-de-martita-y-felipe-fort-festejo-top-en-costanera-famosos-y-looks-impactantes\/\"><\/p>\n<div class=\"mt-content\">\n<div class=\"mt-image-container\"><img decoding=\"async\" src=\"https:\/\/www.paparazzi.com.ar\/wp-content\/uploads\/2026\/02\/Marta-Fort-y-Felipe-359x226.jpg\" alt=\"\u00a1Exclusivo! Martita y Felipe Fort celebraron sus 22 a\u00f1os con una fiesta repleta de famosos\" class=\"mt-image\" loading=\"lazy\" \/><\/div>\n<h5 class=\"mt-title\">\u00a1Exclusivo! Martita y Felipe Fort celebraron sus 22 a\u00f1os con una fiesta repleta de famosos<\/h5>\n<\/div>\n<p><\/a><\/div>\n<p>Matilda fue la gran protagonista de la noche. Con un look vibrante lleno de brillos dorados, contrastes en blanco y negro y gui\u00f1os en azul, violeta y rosa, la peque\u00f1a disfrut\u00f3 no solo de la fiesta sino tambi\u00e9n de una sesi\u00f3n de fotos y un mini desfile frente a c\u00e1mara. Hubo karaoke infantil, coreograf\u00edas, poses y mucha actitud fashionista.<\/p>\n<p>Como era de esperarse, Luciana comparti\u00f3 cada momento en su cuenta de Instagram: desde la entrada triunfal de su hija hasta el instante en que sopl\u00f3 las velitas rodeada de amigos y familia. La emoci\u00f3n fue total.<\/p>\n<div class=\"mt-box \">\n<h4 class=\"mt-heading\">Mir\u00e1 Tambi\u00e9n<\/h4>\n<p><a href=\"https:\/\/www.paparazzi.com.ar\/looks\/a-matilda-salazar-se-le-cayo-un-diente-y-recibio-un-dineral-del-raton-perez-las-fotos\/\"><\/p>\n<div class=\"mt-content\">\n<div class=\"mt-image-container\"><img decoding=\"async\" src=\"https:\/\/www.paparazzi.com.ar\/wp-content\/uploads\/2023\/09\/matilda-salazar-luciana-salazar.jpg.webp\" alt=\"A Matilda Salazar se le cay\u00f3 un diente y recibi\u00f3 un dineral del Rat\u00f3n P\u00e9rez: las fotos\" class=\"mt-image\" loading=\"lazy\" \/><\/div>\n<h5 class=\"mt-title\">A Matilda Salazar se le cay\u00f3 un diente y recibi\u00f3 un dineral del Rat\u00f3n P\u00e9rez: las fotos<\/h5>\n<\/div>\n<p><\/a><\/div>\n<p>\u201cMatilda hoy tuvo un d\u00eda de pura felicidad, rodeada de su familia y todos sus amiguitos, que hicieron que su corazoncito latiera m\u00e1s que nunca\u201d, escribi\u00f3 la modelo en sus historias. Adem\u00e1s, agradeci\u00f3 especialmente a quienes la ayudaron con la organizaci\u00f3n y destac\u00f3 lo importante que era para ella verla disfrutar.<\/p>\n<p>El cumplea\u00f1os, que combin\u00f3 glamour, producci\u00f3n y una est\u00e9tica muy cuidada, dej\u00f3 en claro que cuando se trata de su hija, Luciana apuesta siempre a lo grande. Y esta vez, el brillo y el esp\u00edritu k-pop fueron los grandes protagonistas de una noche que Matilda dif\u00edcilmente olvide.<\/p>\n<figure class=\"wp-block-image size-large\"><img decoding=\"async\" src=\"https:\/\/www.paparazzi.com.ar\/wp-content\/uploads\/2026\/03\/image-6-576x1024.png.webp\" loading=\"lazy\" alt=\"\" class=\"wp-image-466781\" \/><figcaption class=\"wp-element-caption\">Mensaje de Luciana Salazar v\u00eda Instagram.<\/figcaption><\/figure>\n<h2 class=\"wp-block-heading\">TODAS LAS FOTOS DEL CUMPLEA\u00d1OS K-POP DE MATILDA SALAZAR:<\/h2>\n<figure class=\"wp-block-image size-large\"><img decoding=\"async\" src=\"https:\/\/www.paparazzi.com.ar\/wp-content\/uploads\/2026\/03\/Matilda-Salazar-cumpleanos-577x1024.png.webp\" loading=\"lazy\" alt=\"\" class=\"wp-image-466782\" \/><\/figure>\n<figure class=\"wp-block-image size-large\"><img decoding=\"async\" src=\"https:\/\/www.paparazzi.com.ar\/wp-content\/uploads\/2026\/03\/Matilda-Salazar-cumpleanos1-574x1024.png.webp\" loading=\"lazy\" alt=\"\" class=\"wp-image-466783\" \/><\/figure>\n<figure class=\"wp-block-image size-large\"><img decoding=\"async\" src=\"https:\/\/www.paparazzi.com.ar\/wp-content\/uploads\/2026\/03\/Matilda-Salazar-cumpleanos3-574x1024.png.webp\" loading=\"lazy\" alt=\"\" class=\"wp-image-466784\" \/><\/figure>\n<figure class=\"wp-block-image size-large\"><img decoding=\"async\" src=\"https:\/\/www.paparazzi.com.ar\/wp-content\/uploads\/2026\/03\/Matilda-Salazar-cumpleanos4-570x1024.png.webp\" loading=\"lazy\" alt=\"\" class=\"wp-image-466785\" \/><\/figure>\n<figure class=\"wp-block-image size-large\"><img decoding=\"async\" src=\"https:\/\/www.paparazzi.com.ar\/wp-content\/uploads\/2026\/03\/Matilda-Salazar-cumpleanos5-569x1024.png.webp\" loading=\"lazy\" alt=\"\" class=\"wp-image-466786\" \/><\/figure>\n<figure class=\"wp-block-image size-large\"><img decoding=\"async\" src=\"https:\/\/www.paparazzi.com.ar\/wp-content\/uploads\/2026\/03\/Matilda-Salazar-cumpleanos6-576x1024.png.webp\" loading=\"lazy\" alt=\"\" class=\"wp-image-466787\" \/><\/figure>\n<figure class=\"wp-block-image size-large\"><img decoding=\"async\" src=\"https:\/\/www.paparazzi.com.ar\/wp-content\/uploads\/2026\/03\/Matilda-Salazar-cumpleanos7-579x1024.png.webp\" loading=\"lazy\" alt=\"\" class=\"wp-image-466788\" \/><\/figure>\n<div class=\"mt-box \">\n<h4 class=\"mt-heading\">Mir\u00e1 Tambi\u00e9n<\/h4>\n<p><a href=\"https:\/\/www.paparazzi.com.ar\/teve\/la-inesperada-declaracion-de-fernando-burlando-sobre-quien-es-el-padre-de-matilda-salazar-garantizo-que\/\"><\/p>\n<div class=\"mt-content\">\n<div class=\"mt-image-container\"><img decoding=\"async\" src=\"https:\/\/www.paparazzi.com.ar\/wp-content\/uploads\/2022\/04\/burlando-redrado-salazar.jpg.webp\" alt=\"La inesperada declaraci\u00f3n de Fernando Burlando sobre qui\u00e9n es el padre de Matilda Salazar: \u201cGarantizo que\u2026\u201d\" class=\"mt-image\" loading=\"lazy\" \/><\/div>\n<h5 class=\"mt-title\">La inesperada declaraci\u00f3n de Fernando Burlando sobre qui\u00e9n es el padre de Matilda Salazar: \u201cGarantizo que\u2026\u201d<\/h5>\n<\/div>\n<p><\/a><\/div>\n<div class=\"mt-box \">\n<h4 class=\"mt-heading\">Mir\u00e1 Tambi\u00e9n<\/h4>\n<p><a href=\"https:\/\/www.paparazzi.com.ar\/teve\/martin-redrado-hablo-de-sus-hijos-y-no-incluyo-a-matilda-salazar-la-nena-de-luciana\/\"><\/p>\n<div class=\"mt-content\">\n<div class=\"mt-image-container\"><img decoding=\"async\" src=\"https:\/\/www.paparazzi.com.ar\/wp-content\/uploads\/2023\/07\/La-reaccion-de-Martin-Redrado-ante-una-posibilidad-de-acercarse-a-Matilda.jpg.webp\" alt=\"Mart\u00edn Redrado habl\u00f3 de sus hijos y no incluy\u00f3 a Matilda Salazar, la nena de Luciana\" class=\"mt-image\" loading=\"lazy\" \/><\/div>\n<h5 class=\"mt-title\">Mart\u00edn Redrado habl\u00f3 de sus hijos y no incluy\u00f3 a Matilda Salazar, la nena de Luciana<\/h5>\n<\/div>\n<p><\/a><\/div>\n<p>The post <a href=\"https:\/\/www.paparazzi.com.ar\/teve\/todas-las-fotos-del-impactante-cumpleanos-k-pop-de-matilda-la-hija-de-luciana-salazar\/\">Todas las fotos del impactante cumplea\u00f1os k-pop de Matilda, la hija de Luciana Salazar<\/a> appeared first on <a href=\"https:\/\/www.paparazzi.com.ar\">Revista Paparazzi<\/a>.<\/p>\n","protected":false},"excerpt":{"rendered":"<p>Este fin de semana, Luciana Salazar volvi\u00f3 a dar que<\/p>\n","protected":false},"author":0,"featured_media":13284,"comment_status":"","ping_status":"","sticky":false,"template":"","format":"standard","meta":{"footnotes":""},"categories":[12],"tags":[],"class_list":["post-13283","post","type-post","status-publish","format-standard","has-post-thumbnail","hentry","category-espectaculo"],"yoast_head":"<!-- This site is optimized with the Yoast SEO plugin v27.5 - https:\/\/yoast.com\/product\/yoast-seo-wordpress\/ -->\n<title>Todas las fotos del impactante cumplea\u00f1os k-pop de Matilda, la hija de Luciana Salazar - Cuarteto en la Web<\/title>\n<meta name=\"robots\" content=\"index, follow, max-snippet:-1, max-image-preview:large, max-video-preview:-1\" \/>\n<link rel=\"canonical\" href=\"https:\/\/cuartetoenlaweb.com.ar\/sitio\/todas-las-fotos-del-impactante-cumpleanos-k-pop-de-matilda-la-hija-de-luciana-salazar\/\" \/>\n<meta property=\"og:locale\" content=\"es_ES\" \/>\n<meta property=\"og:type\" content=\"article\" \/>\n<meta property=\"og:title\" content=\"Todas las fotos del impactante cumplea\u00f1os k-pop de Matilda, la hija de Luciana Salazar - Cuarteto en la Web\" \/>\n<meta property=\"og:description\" content=\"Este fin de semana, Luciana Salazar volvi\u00f3 a dar que\" \/>\n<meta property=\"og:url\" content=\"https:\/\/cuartetoenlaweb.com.ar\/sitio\/todas-las-fotos-del-impactante-cumpleanos-k-pop-de-matilda-la-hija-de-luciana-salazar\/\" \/>\n<meta property=\"og:site_name\" content=\"Cuarteto en la Web\" \/>\n<meta property=\"article:published_time\" content=\"2026-03-02T22:59:58+00:00\" \/>\n<meta property=\"og:image\" content=\"https:\/\/cuartetoenlaweb.com.ar\/sitio\/wp-content\/uploads\/2026\/03\/Marta-Fort-y-Felipe-359x226-21.jpg\" \/>\n\t<meta property=\"og:image:width\" content=\"359\" \/>\n\t<meta property=\"og:image:height\" content=\"226\" \/>\n\t<meta property=\"og:image:type\" content=\"image\/jpeg\" \/>\n<meta name=\"twitter:card\" content=\"summary_large_image\" \/>\n<meta name=\"twitter:label1\" content=\"Tiempo de lectura\" \/>\n\t<meta name=\"twitter:data1\" content=\"3 minutos\" \/>\n<script type=\"application\/ld+json\" class=\"yoast-schema-graph\">{\"@context\":\"https:\\\/\\\/schema.org\",\"@graph\":[{\"@type\":\"Article\",\"@id\":\"https:\\\/\\\/cuartetoenlaweb.com.ar\\\/sitio\\\/todas-las-fotos-del-impactante-cumpleanos-k-pop-de-matilda-la-hija-de-luciana-salazar\\\/#article\",\"isPartOf\":{\"@id\":\"https:\\\/\\\/cuartetoenlaweb.com.ar\\\/sitio\\\/todas-las-fotos-del-impactante-cumpleanos-k-pop-de-matilda-la-hija-de-luciana-salazar\\\/\"},\"author\":{\"name\":\"\",\"@id\":\"\"},\"headline\":\"Todas las fotos del impactante cumplea\u00f1os k-pop de Matilda, la hija de Luciana Salazar\",\"datePublished\":\"2026-03-02T22:59:58+00:00\",\"mainEntityOfPage\":{\"@id\":\"https:\\\/\\\/cuartetoenlaweb.com.ar\\\/sitio\\\/todas-las-fotos-del-impactante-cumpleanos-k-pop-de-matilda-la-hija-de-luciana-salazar\\\/\"},\"wordCount\":522,\"publisher\":{\"@id\":\"http:\\\/\\\/cuartetoenlaweb.com.ar\\\/sitio\\\/#organization\"},\"image\":{\"@id\":\"https:\\\/\\\/cuartetoenlaweb.com.ar\\\/sitio\\\/todas-las-fotos-del-impactante-cumpleanos-k-pop-de-matilda-la-hija-de-luciana-salazar\\\/#primaryimage\"},\"thumbnailUrl\":\"https:\\\/\\\/cuartetoenlaweb.com.ar\\\/sitio\\\/wp-content\\\/uploads\\\/2026\\\/03\\\/Marta-Fort-y-Felipe-359x226-21.jpg\",\"articleSection\":[\"ESPECT\u00c1CULO\"],\"inLanguage\":\"es\"},{\"@type\":\"WebPage\",\"@id\":\"https:\\\/\\\/cuartetoenlaweb.com.ar\\\/sitio\\\/todas-las-fotos-del-impactante-cumpleanos-k-pop-de-matilda-la-hija-de-luciana-salazar\\\/\",\"url\":\"https:\\\/\\\/cuartetoenlaweb.com.ar\\\/sitio\\\/todas-las-fotos-del-impactante-cumpleanos-k-pop-de-matilda-la-hija-de-luciana-salazar\\\/\",\"name\":\"Todas las fotos del impactante cumplea\u00f1os k-pop de Matilda, la hija de Luciana Salazar - Cuarteto en la Web\",\"isPartOf\":{\"@id\":\"http:\\\/\\\/cuartetoenlaweb.com.ar\\\/sitio\\\/#website\"},\"primaryImageOfPage\":{\"@id\":\"https:\\\/\\\/cuartetoenlaweb.com.ar\\\/sitio\\\/todas-las-fotos-del-impactante-cumpleanos-k-pop-de-matilda-la-hija-de-luciana-salazar\\\/#primaryimage\"},\"image\":{\"@id\":\"https:\\\/\\\/cuartetoenlaweb.com.ar\\\/sitio\\\/todas-las-fotos-del-impactante-cumpleanos-k-pop-de-matilda-la-hija-de-luciana-salazar\\\/#primaryimage\"},\"thumbnailUrl\":\"https:\\\/\\\/cuartetoenlaweb.com.ar\\\/sitio\\\/wp-content\\\/uploads\\\/2026\\\/03\\\/Marta-Fort-y-Felipe-359x226-21.jpg\",\"datePublished\":\"2026-03-02T22:59:58+00:00\",\"breadcrumb\":{\"@id\":\"https:\\\/\\\/cuartetoenlaweb.com.ar\\\/sitio\\\/todas-las-fotos-del-impactante-cumpleanos-k-pop-de-matilda-la-hija-de-luciana-salazar\\\/#breadcrumb\"},\"inLanguage\":\"es\",\"potentialAction\":[{\"@type\":\"ReadAction\",\"target\":[\"https:\\\/\\\/cuartetoenlaweb.com.ar\\\/sitio\\\/todas-las-fotos-del-impactante-cumpleanos-k-pop-de-matilda-la-hija-de-luciana-salazar\\\/\"]}]},{\"@type\":\"ImageObject\",\"inLanguage\":\"es\",\"@id\":\"https:\\\/\\\/cuartetoenlaweb.com.ar\\\/sitio\\\/todas-las-fotos-del-impactante-cumpleanos-k-pop-de-matilda-la-hija-de-luciana-salazar\\\/#primaryimage\",\"url\":\"https:\\\/\\\/cuartetoenlaweb.com.ar\\\/sitio\\\/wp-content\\\/uploads\\\/2026\\\/03\\\/Marta-Fort-y-Felipe-359x226-21.jpg\",\"contentUrl\":\"https:\\\/\\\/cuartetoenlaweb.com.ar\\\/sitio\\\/wp-content\\\/uploads\\\/2026\\\/03\\\/Marta-Fort-y-Felipe-359x226-21.jpg\",\"width\":359,\"height\":226},{\"@type\":\"BreadcrumbList\",\"@id\":\"https:\\\/\\\/cuartetoenlaweb.com.ar\\\/sitio\\\/todas-las-fotos-del-impactante-cumpleanos-k-pop-de-matilda-la-hija-de-luciana-salazar\\\/#breadcrumb\",\"itemListElement\":[{\"@type\":\"ListItem\",\"position\":1,\"name\":\"Portada\",\"item\":\"http:\\\/\\\/cuartetoenlaweb.com.ar\\\/sitio\\\/\"},{\"@type\":\"ListItem\",\"position\":2,\"name\":\"Todas las fotos del impactante cumplea\u00f1os k-pop de Matilda, la hija de Luciana Salazar\"}]},{\"@type\":\"WebSite\",\"@id\":\"http:\\\/\\\/cuartetoenlaweb.com.ar\\\/sitio\\\/#website\",\"url\":\"http:\\\/\\\/cuartetoenlaweb.com.ar\\\/sitio\\\/\",\"name\":\"Cuarteto en la Web\",\"description\":\"\",\"publisher\":{\"@id\":\"http:\\\/\\\/cuartetoenlaweb.com.ar\\\/sitio\\\/#organization\"},\"potentialAction\":[{\"@type\":\"SearchAction\",\"target\":{\"@type\":\"EntryPoint\",\"urlTemplate\":\"http:\\\/\\\/cuartetoenlaweb.com.ar\\\/sitio\\\/?s={search_term_string}\"},\"query-input\":{\"@type\":\"PropertyValueSpecification\",\"valueRequired\":true,\"valueName\":\"search_term_string\"}}],\"inLanguage\":\"es\"},{\"@type\":\"Organization\",\"@id\":\"http:\\\/\\\/cuartetoenlaweb.com.ar\\\/sitio\\\/#organization\",\"name\":\"Cuarteto en la Web\",\"url\":\"http:\\\/\\\/cuartetoenlaweb.com.ar\\\/sitio\\\/\",\"logo\":{\"@type\":\"ImageObject\",\"inLanguage\":\"es\",\"@id\":\"http:\\\/\\\/cuartetoenlaweb.com.ar\\\/sitio\\\/#\\\/schema\\\/logo\\\/image\\\/\",\"url\":\"https:\\\/\\\/cuartetoenlaweb.com.ar\\\/sitio\\\/wp-content\\\/uploads\\\/2025\\\/07\\\/cropped-cropped-logitoweb21.png\",\"contentUrl\":\"https:\\\/\\\/cuartetoenlaweb.com.ar\\\/sitio\\\/wp-content\\\/uploads\\\/2025\\\/07\\\/cropped-cropped-logitoweb21.png\",\"width\":199,\"height\":199,\"caption\":\"Cuarteto en la Web\"},\"image\":{\"@id\":\"http:\\\/\\\/cuartetoenlaweb.com.ar\\\/sitio\\\/#\\\/schema\\\/logo\\\/image\\\/\"}}]}<\/script>\n<!-- \/ Yoast SEO plugin. -->","yoast_head_json":{"title":"Todas las fotos del impactante cumplea\u00f1os k-pop de Matilda, la hija de Luciana Salazar - Cuarteto en la Web","robots":{"index":"index","follow":"follow","max-snippet":"max-snippet:-1","max-image-preview":"max-image-preview:large","max-video-preview":"max-video-preview:-1"},"canonical":"https:\/\/cuartetoenlaweb.com.ar\/sitio\/todas-las-fotos-del-impactante-cumpleanos-k-pop-de-matilda-la-hija-de-luciana-salazar\/","og_locale":"es_ES","og_type":"article","og_title":"Todas las fotos del impactante cumplea\u00f1os k-pop de Matilda, la hija de Luciana Salazar - Cuarteto en la Web","og_description":"Este fin de semana, Luciana Salazar volvi\u00f3 a dar que","og_url":"https:\/\/cuartetoenlaweb.com.ar\/sitio\/todas-las-fotos-del-impactante-cumpleanos-k-pop-de-matilda-la-hija-de-luciana-salazar\/","og_site_name":"Cuarteto en la Web","article_published_time":"2026-03-02T22:59:58+00:00","og_image":[{"width":359,"height":226,"url":"https:\/\/cuartetoenlaweb.com.ar\/sitio\/wp-content\/uploads\/2026\/03\/Marta-Fort-y-Felipe-359x226-21.jpg","type":"image\/jpeg"}],"twitter_card":"summary_large_image","twitter_misc":{"Tiempo de lectura":"3 minutos"},"schema":{"@context":"https:\/\/schema.org","@graph":[{"@type":"Article","@id":"https:\/\/cuartetoenlaweb.com.ar\/sitio\/todas-las-fotos-del-impactante-cumpleanos-k-pop-de-matilda-la-hija-de-luciana-salazar\/#article","isPartOf":{"@id":"https:\/\/cuartetoenlaweb.com.ar\/sitio\/todas-las-fotos-del-impactante-cumpleanos-k-pop-de-matilda-la-hija-de-luciana-salazar\/"},"author":{"name":"","@id":""},"headline":"Todas las fotos del impactante cumplea\u00f1os k-pop de Matilda, la hija de Luciana Salazar","datePublished":"2026-03-02T22:59:58+00:00","mainEntityOfPage":{"@id":"https:\/\/cuartetoenlaweb.com.ar\/sitio\/todas-las-fotos-del-impactante-cumpleanos-k-pop-de-matilda-la-hija-de-luciana-salazar\/"},"wordCount":522,"publisher":{"@id":"http:\/\/cuartetoenlaweb.com.ar\/sitio\/#organization"},"image":{"@id":"https:\/\/cuartetoenlaweb.com.ar\/sitio\/todas-las-fotos-del-impactante-cumpleanos-k-pop-de-matilda-la-hija-de-luciana-salazar\/#primaryimage"},"thumbnailUrl":"https:\/\/cuartetoenlaweb.com.ar\/sitio\/wp-content\/uploads\/2026\/03\/Marta-Fort-y-Felipe-359x226-21.jpg","articleSection":["ESPECT\u00c1CULO"],"inLanguage":"es"},{"@type":"WebPage","@id":"https:\/\/cuartetoenlaweb.com.ar\/sitio\/todas-las-fotos-del-impactante-cumpleanos-k-pop-de-matilda-la-hija-de-luciana-salazar\/","url":"https:\/\/cuartetoenlaweb.com.ar\/sitio\/todas-las-fotos-del-impactante-cumpleanos-k-pop-de-matilda-la-hija-de-luciana-salazar\/","name":"Todas las fotos del impactante cumplea\u00f1os k-pop de Matilda, la hija de Luciana Salazar - Cuarteto en la Web","isPartOf":{"@id":"http:\/\/cuartetoenlaweb.com.ar\/sitio\/#website"},"primaryImageOfPage":{"@id":"https:\/\/cuartetoenlaweb.com.ar\/sitio\/todas-las-fotos-del-impactante-cumpleanos-k-pop-de-matilda-la-hija-de-luciana-salazar\/#primaryimage"},"image":{"@id":"https:\/\/cuartetoenlaweb.com.ar\/sitio\/todas-las-fotos-del-impactante-cumpleanos-k-pop-de-matilda-la-hija-de-luciana-salazar\/#primaryimage"},"thumbnailUrl":"https:\/\/cuartetoenlaweb.com.ar\/sitio\/wp-content\/uploads\/2026\/03\/Marta-Fort-y-Felipe-359x226-21.jpg","datePublished":"2026-03-02T22:59:58+00:00","breadcrumb":{"@id":"https:\/\/cuartetoenlaweb.com.ar\/sitio\/todas-las-fotos-del-impactante-cumpleanos-k-pop-de-matilda-la-hija-de-luciana-salazar\/#breadcrumb"},"inLanguage":"es","potentialAction":[{"@type":"ReadAction","target":["https:\/\/cuartetoenlaweb.com.ar\/sitio\/todas-las-fotos-del-impactante-cumpleanos-k-pop-de-matilda-la-hija-de-luciana-salazar\/"]}]},{"@type":"ImageObject","inLanguage":"es","@id":"https:\/\/cuartetoenlaweb.com.ar\/sitio\/todas-las-fotos-del-impactante-cumpleanos-k-pop-de-matilda-la-hija-de-luciana-salazar\/#primaryimage","url":"https:\/\/cuartetoenlaweb.com.ar\/sitio\/wp-content\/uploads\/2026\/03\/Marta-Fort-y-Felipe-359x226-21.jpg","contentUrl":"https:\/\/cuartetoenlaweb.com.ar\/sitio\/wp-content\/uploads\/2026\/03\/Marta-Fort-y-Felipe-359x226-21.jpg","width":359,"height":226},{"@type":"BreadcrumbList","@id":"https:\/\/cuartetoenlaweb.com.ar\/sitio\/todas-las-fotos-del-impactante-cumpleanos-k-pop-de-matilda-la-hija-de-luciana-salazar\/#breadcrumb","itemListElement":[{"@type":"ListItem","position":1,"name":"Portada","item":"http:\/\/cuartetoenlaweb.com.ar\/sitio\/"},{"@type":"ListItem","position":2,"name":"Todas las fotos del impactante cumplea\u00f1os k-pop de Matilda, la hija de Luciana Salazar"}]},{"@type":"WebSite","@id":"http:\/\/cuartetoenlaweb.com.ar\/sitio\/#website","url":"http:\/\/cuartetoenlaweb.com.ar\/sitio\/","name":"Cuarteto en la Web","description":"","publisher":{"@id":"http:\/\/cuartetoenlaweb.com.ar\/sitio\/#organization"},"potentialAction":[{"@type":"SearchAction","target":{"@type":"EntryPoint","urlTemplate":"http:\/\/cuartetoenlaweb.com.ar\/sitio\/?s={search_term_string}"},"query-input":{"@type":"PropertyValueSpecification","valueRequired":true,"valueName":"search_term_string"}}],"inLanguage":"es"},{"@type":"Organization","@id":"http:\/\/cuartetoenlaweb.com.ar\/sitio\/#organization","name":"Cuarteto en la Web","url":"http:\/\/cuartetoenlaweb.com.ar\/sitio\/","logo":{"@type":"ImageObject","inLanguage":"es","@id":"http:\/\/cuartetoenlaweb.com.ar\/sitio\/#\/schema\/logo\/image\/","url":"https:\/\/cuartetoenlaweb.com.ar\/sitio\/wp-content\/uploads\/2025\/07\/cropped-cropped-logitoweb21.png","contentUrl":"https:\/\/cuartetoenlaweb.com.ar\/sitio\/wp-content\/uploads\/2025\/07\/cropped-cropped-logitoweb21.png","width":199,"height":199,"caption":"Cuarteto en la Web"},"image":{"@id":"http:\/\/cuartetoenlaweb.com.ar\/sitio\/#\/schema\/logo\/image\/"}}]}},"_links":{"self":[{"href":"https:\/\/cuartetoenlaweb.com.ar\/sitio\/wp-json\/wp\/v2\/posts\/13283","targetHints":{"allow":["GET"]}}],"collection":[{"href":"https:\/\/cuartetoenlaweb.com.ar\/sitio\/wp-json\/wp\/v2\/posts"}],"about":[{"href":"https:\/\/cuartetoenlaweb.com.ar\/sitio\/wp-json\/wp\/v2\/types\/post"}],"replies":[{"embeddable":true,"href":"https:\/\/cuartetoenlaweb.com.ar\/sitio\/wp-json\/wp\/v2\/comments?post=13283"}],"version-history":[{"count":0,"href":"https:\/\/cuartetoenlaweb.com.ar\/sitio\/wp-json\/wp\/v2\/posts\/13283\/revisions"}],"wp:featuredmedia":[{"embeddable":true,"href":"https:\/\/cuartetoenlaweb.com.ar\/sitio\/wp-json\/wp\/v2\/media\/13284"}],"wp:attachment":[{"href":"https:\/\/cuartetoenlaweb.com.ar\/sitio\/wp-json\/wp\/v2\/media?parent=13283"}],"wp:term":[{"taxonomy":"category","embeddable":true,"href":"https:\/\/cuartetoenlaweb.com.ar\/sitio\/wp-json\/wp\/v2\/categories?post=13283"},{"taxonomy":"post_tag","embeddable":true,"href":"https:\/\/cuartetoenlaweb.com.ar\/sitio\/wp-json\/wp\/v2\/tags?post=13283"}],"curies":[{"name":"wp","href":"https:\/\/api.w.org\/{rel}","templated":true}]}}