
{"id":13281,"date":"2026-03-02T19:59:57","date_gmt":"2026-03-02T22:59:57","guid":{"rendered":"https:\/\/cuartetoenlaweb.com.ar\/sitio\/la-famosa-que-se-arrepintio-de-dejarse-las-canas-y-volvio-a-su-color-no-me-las-aguanto\/"},"modified":"2026-03-02T19:59:57","modified_gmt":"2026-03-02T22:59:57","slug":"la-famosa-que-se-arrepintio-de-dejarse-las-canas-y-volvio-a-su-color-no-me-las-aguanto","status":"publish","type":"post","link":"https:\/\/cuartetoenlaweb.com.ar\/sitio\/la-famosa-que-se-arrepintio-de-dejarse-las-canas-y-volvio-a-su-color-no-me-las-aguanto\/","title":{"rendered":"La famosa que se arrepinti\u00f3 de dejarse las canas y volvi\u00f3 a su color: &quot;\u00a1No me las aguanto!&quot;"},"content":{"rendered":"<p><strong><a href=\"https:\/\/www.paparazzi.com.ar\/?s=Ginette+Reynal\">Ginette Reynal<\/a><\/strong> volvi\u00f3 a ser noticia, pero esta vez no por un proyecto laboral sino por una decisi\u00f3n muy personal. La exmodelo y conductora sorprendi\u00f3 en redes sociales al contar que dio marcha atr\u00e1s con el proceso de dejarse las canas y regresar a su color habitual.<\/p>\n<p>En diciembre pasado, la actriz hab\u00eda anunciado con entusiasmo que dejar\u00eda de te\u00f1irse el pelo para mostrar su cabello natural. Incluso comparti\u00f3 el paso a paso junto a su colorista de confianza, documentando la transici\u00f3n y mostrando c\u00f3mo iba mutando su look. <\/p>\n<p>La decisi\u00f3n hab\u00eda sido celebrada por muchas seguidoras que valoraron su postura y la naturalidad con la que encar\u00f3 el cambio. Sin embargo, la experiencia no result\u00f3 como esperaba.<\/p>\n<div class=\"mt-box \">\n<h4 class=\"mt-heading\">Mir\u00e1 Tambi\u00e9n<\/h4>\n<p><a href=\"https:\/\/www.paparazzi.com.ar\/teve\/exclusivo-asi-fue-el-cumpleanos-de-martita-y-felipe-fort-festejo-top-en-costanera-famosos-y-looks-impactantes\/\"><\/p>\n<div class=\"mt-content\">\n<div class=\"mt-image-container\"><img decoding=\"async\" src=\"https:\/\/www.paparazzi.com.ar\/wp-content\/uploads\/2026\/02\/Marta-Fort-y-Felipe-359x226.jpg\" alt=\"\u00a1Exclusivo! Martita y Felipe Fort celebraron sus 22 a\u00f1os con una fiesta repleta de famosos\" class=\"mt-image\" loading=\"lazy\" \/><\/div>\n<h5 class=\"mt-title\">\u00a1Exclusivo! Martita y Felipe Fort celebraron sus 22 a\u00f1os con una fiesta repleta de famosos<\/h5>\n<\/div>\n<p><\/a><\/div>\n<p>En un video que public\u00f3 en sus redes, Reynal fue directa y sincera: \u201cChicas, tengo una mala noticia: \u00a1no me aguanto! No me aguanto las canas y este color naranja que me qued\u00f3\u2026 vuelvo a mi color\u201d, expres\u00f3 entre risas, dejando en claro que no se sent\u00eda c\u00f3moda con el resultado.<\/p>\n<p>Lejos de dramatizar la situaci\u00f3n, la actriz se mostr\u00f3 reflexiva y aut\u00e9ntica. Reconoci\u00f3 que, aunque hab\u00eda tomado la decisi\u00f3n convencida y la comparti\u00f3 p\u00fablicamente, no ten\u00eda sentido sostener algo que no la hac\u00eda sentir bien frente al espejo. \u201cProb\u00e9, no me gust\u00f3 y est\u00e1 bien\u201d, fue el mensaje impl\u00edcito que muchas interpretaron en sus palabras.<\/p>\n<div class=\"mt-box \">\n<h4 class=\"mt-heading\">Mir\u00e1 Tambi\u00e9n<\/h4>\n<p><a href=\"https:\/\/www.paparazzi.com.ar\/actualidad\/chechu-bonelli-jujuy-jimenez-cande-ruggeri-y-soledad-solaro-brillaron-en-el-pinamar-moda-look-2026-las-mejores-fotos\/\"><\/p>\n<div class=\"mt-content\">\n<div class=\"mt-image-container\"><img decoding=\"async\" src=\"https:\/\/www.paparazzi.com.ar\/wp-content\/uploads\/2026\/01\/Pinamar-Moda-Look-2026-359x226.jpg\" alt=\"Chechu Bonelli, Jujuy Jim\u00e9nez, Cande Ruggeri y Soledad Solaro brillaron en el Pinamar Moda Look 2026: las mejores fotos\" class=\"mt-image\" loading=\"lazy\" \/><\/div>\n<h5 class=\"mt-title\">Chechu Bonelli, Jujuy Jim\u00e9nez, Cande Ruggeri y Soledad Solaro brillaron en el Pinamar Moda Look 2026: las mejores fotos<\/h5>\n<\/div>\n<p><\/a><\/div>\n<p>Su publicaci\u00f3n gener\u00f3 una inmediata ola de comentarios de apoyo. Varias seguidoras destacaron su honestidad y la valent\u00eda de reconocer que cambiar de opini\u00f3n tambi\u00e9n es v\u00e1lido. En tiempos donde cada decisi\u00f3n est\u00e9tica suele quedar bajo la lupa en redes sociales, su postura fue le\u00edda como un gesto de autenticidad.<\/p>\n<p>As\u00ed, Ginette Reynal volvi\u00f3 a apostar por el tono que la acompa\u00f1\u00f3 durante a\u00f1os, demostrando que, m\u00e1s all\u00e1 de las tendencias o los discursos sobre belleza natural, lo m\u00e1s importante sigue siendo sentirse c\u00f3moda con una misma. Y esta vez, eligi\u00f3 priorizar eso.<\/p>\n<div class=\"mt-box \">\n<h4 class=\"mt-heading\">Mir\u00e1 Tambi\u00e9n<\/h4>\n<p><a href=\"https:\/\/www.paparazzi.com.ar\/romances\/el-look-sensual-de-griselda-siciliani-que-enamoro-a-luciano-castro-durante-sus-vacaciones-en-brasil\/\"><\/p>\n<div class=\"mt-content\">\n<div class=\"mt-image-container\"><img decoding=\"async\" src=\"https:\/\/www.paparazzi.com.ar\/wp-content\/uploads\/2025\/12\/Griselda-Siciliani-3-359x226.jpg\" alt=\"El look sensual de Griselda Siciliani que enamor\u00f3 a Luciano Castro durante sus vacaciones en Brasil\" class=\"mt-image\" loading=\"lazy\" \/><\/div>\n<h5 class=\"mt-title\">El look sensual de Griselda Siciliani que enamor\u00f3 a Luciano Castro durante sus vacaciones en Brasil<\/h5>\n<\/div>\n<p><\/a><\/div>\n<div class=\"mt-box \">\n<h4 class=\"mt-heading\">Mir\u00e1 Tambi\u00e9n<\/h4>\n<p><a href=\"https:\/\/www.paparazzi.com.ar\/looks\/da-o-no-da-el-look-de-rufina-cabre-junto-a-la-china-suarez-que-desato-polemica-en-turquia\/\"><\/p>\n<div class=\"mt-content\">\n<div class=\"mt-image-container\"><img decoding=\"async\" src=\"https:\/\/www.paparazzi.com.ar\/wp-content\/uploads\/2025\/09\/Rufina-Cabre-China-Suarez.jpg.webp\" alt=\"\u00bfDa o no da? El look de Rufina Cabr\u00e9 junto a la China Su\u00e1rez que desat\u00f3 pol\u00e9mica en Turqu\u00eda\" class=\"mt-image\" loading=\"lazy\" \/><\/div>\n<h5 class=\"mt-title\">\u00bfDa o no da? El look de Rufina Cabr\u00e9 junto a la China Su\u00e1rez que desat\u00f3 pol\u00e9mica en Turqu\u00eda<\/h5>\n<\/div>\n<p><\/a><\/div>\n<p>The post <a href=\"https:\/\/www.paparazzi.com.ar\/teve\/la-famosa-que-se-arrepintio-de-dejarse-las-canas-y-volvio-a-su-color-no-me-las-aguanto\/\">La famosa que se arrepinti\u00f3 de dejarse las canas y volvi\u00f3 a su color: &quot;\u00a1No me las aguanto!&quot;<\/a> appeared first on <a href=\"https:\/\/www.paparazzi.com.ar\">Revista Paparazzi<\/a>.<\/p>\n","protected":false},"excerpt":{"rendered":"<p>Ginette Reynal volvi\u00f3 a ser noticia, pero esta vez no<\/p>\n","protected":false},"author":0,"featured_media":13282,"comment_status":"","ping_status":"","sticky":false,"template":"","format":"standard","meta":{"footnotes":""},"categories":[12],"tags":[],"class_list":["post-13281","post","type-post","status-publish","format-standard","has-post-thumbnail","hentry","category-espectaculo"],"yoast_head":"<!-- This site is optimized with the Yoast SEO plugin v27.5 - https:\/\/yoast.com\/product\/yoast-seo-wordpress\/ -->\n<title>La famosa que se arrepinti\u00f3 de dejarse las canas y volvi\u00f3 a su color: &quot;\u00a1No me las aguanto!&quot; - Cuarteto en la Web<\/title>\n<meta name=\"robots\" content=\"index, follow, max-snippet:-1, max-image-preview:large, max-video-preview:-1\" \/>\n<link rel=\"canonical\" href=\"https:\/\/cuartetoenlaweb.com.ar\/sitio\/la-famosa-que-se-arrepintio-de-dejarse-las-canas-y-volvio-a-su-color-no-me-las-aguanto\/\" \/>\n<meta property=\"og:locale\" content=\"es_ES\" \/>\n<meta property=\"og:type\" content=\"article\" \/>\n<meta property=\"og:title\" content=\"La famosa que se arrepinti\u00f3 de dejarse las canas y volvi\u00f3 a su color: &quot;\u00a1No me las aguanto!&quot; - Cuarteto en la Web\" \/>\n<meta property=\"og:description\" content=\"Ginette Reynal volvi\u00f3 a ser noticia, pero esta vez no\" \/>\n<meta property=\"og:url\" content=\"https:\/\/cuartetoenlaweb.com.ar\/sitio\/la-famosa-que-se-arrepintio-de-dejarse-las-canas-y-volvio-a-su-color-no-me-las-aguanto\/\" \/>\n<meta property=\"og:site_name\" content=\"Cuarteto en la Web\" \/>\n<meta property=\"article:published_time\" content=\"2026-03-02T22:59:57+00:00\" \/>\n<meta property=\"og:image\" content=\"https:\/\/cuartetoenlaweb.com.ar\/sitio\/wp-content\/uploads\/2026\/03\/Marta-Fort-y-Felipe-359x226-20.jpg\" \/>\n\t<meta property=\"og:image:width\" content=\"359\" \/>\n\t<meta property=\"og:image:height\" content=\"226\" \/>\n\t<meta property=\"og:image:type\" content=\"image\/jpeg\" \/>\n<meta name=\"twitter:card\" content=\"summary_large_image\" \/>\n<meta name=\"twitter:label1\" content=\"Tiempo de lectura\" \/>\n\t<meta name=\"twitter:data1\" content=\"2 minutos\" \/>\n<script type=\"application\/ld+json\" class=\"yoast-schema-graph\">{\"@context\":\"https:\\\/\\\/schema.org\",\"@graph\":[{\"@type\":\"Article\",\"@id\":\"https:\\\/\\\/cuartetoenlaweb.com.ar\\\/sitio\\\/la-famosa-que-se-arrepintio-de-dejarse-las-canas-y-volvio-a-su-color-no-me-las-aguanto\\\/#article\",\"isPartOf\":{\"@id\":\"https:\\\/\\\/cuartetoenlaweb.com.ar\\\/sitio\\\/la-famosa-que-se-arrepintio-de-dejarse-las-canas-y-volvio-a-su-color-no-me-las-aguanto\\\/\"},\"author\":{\"name\":\"\",\"@id\":\"\"},\"headline\":\"La famosa que se arrepinti\u00f3 de dejarse las canas y volvi\u00f3 a su color: &quot;\u00a1No me las aguanto!&quot;\",\"datePublished\":\"2026-03-02T22:59:57+00:00\",\"mainEntityOfPage\":{\"@id\":\"https:\\\/\\\/cuartetoenlaweb.com.ar\\\/sitio\\\/la-famosa-que-se-arrepintio-de-dejarse-las-canas-y-volvio-a-su-color-no-me-las-aguanto\\\/\"},\"wordCount\":479,\"publisher\":{\"@id\":\"http:\\\/\\\/cuartetoenlaweb.com.ar\\\/sitio\\\/#organization\"},\"image\":{\"@id\":\"https:\\\/\\\/cuartetoenlaweb.com.ar\\\/sitio\\\/la-famosa-que-se-arrepintio-de-dejarse-las-canas-y-volvio-a-su-color-no-me-las-aguanto\\\/#primaryimage\"},\"thumbnailUrl\":\"https:\\\/\\\/cuartetoenlaweb.com.ar\\\/sitio\\\/wp-content\\\/uploads\\\/2026\\\/03\\\/Marta-Fort-y-Felipe-359x226-20.jpg\",\"articleSection\":[\"ESPECT\u00c1CULO\"],\"inLanguage\":\"es\"},{\"@type\":\"WebPage\",\"@id\":\"https:\\\/\\\/cuartetoenlaweb.com.ar\\\/sitio\\\/la-famosa-que-se-arrepintio-de-dejarse-las-canas-y-volvio-a-su-color-no-me-las-aguanto\\\/\",\"url\":\"https:\\\/\\\/cuartetoenlaweb.com.ar\\\/sitio\\\/la-famosa-que-se-arrepintio-de-dejarse-las-canas-y-volvio-a-su-color-no-me-las-aguanto\\\/\",\"name\":\"La famosa que se arrepinti\u00f3 de dejarse las canas y volvi\u00f3 a su color: &quot;\u00a1No me las aguanto!&quot; - Cuarteto en la Web\",\"isPartOf\":{\"@id\":\"http:\\\/\\\/cuartetoenlaweb.com.ar\\\/sitio\\\/#website\"},\"primaryImageOfPage\":{\"@id\":\"https:\\\/\\\/cuartetoenlaweb.com.ar\\\/sitio\\\/la-famosa-que-se-arrepintio-de-dejarse-las-canas-y-volvio-a-su-color-no-me-las-aguanto\\\/#primaryimage\"},\"image\":{\"@id\":\"https:\\\/\\\/cuartetoenlaweb.com.ar\\\/sitio\\\/la-famosa-que-se-arrepintio-de-dejarse-las-canas-y-volvio-a-su-color-no-me-las-aguanto\\\/#primaryimage\"},\"thumbnailUrl\":\"https:\\\/\\\/cuartetoenlaweb.com.ar\\\/sitio\\\/wp-content\\\/uploads\\\/2026\\\/03\\\/Marta-Fort-y-Felipe-359x226-20.jpg\",\"datePublished\":\"2026-03-02T22:59:57+00:00\",\"breadcrumb\":{\"@id\":\"https:\\\/\\\/cuartetoenlaweb.com.ar\\\/sitio\\\/la-famosa-que-se-arrepintio-de-dejarse-las-canas-y-volvio-a-su-color-no-me-las-aguanto\\\/#breadcrumb\"},\"inLanguage\":\"es\",\"potentialAction\":[{\"@type\":\"ReadAction\",\"target\":[\"https:\\\/\\\/cuartetoenlaweb.com.ar\\\/sitio\\\/la-famosa-que-se-arrepintio-de-dejarse-las-canas-y-volvio-a-su-color-no-me-las-aguanto\\\/\"]}]},{\"@type\":\"ImageObject\",\"inLanguage\":\"es\",\"@id\":\"https:\\\/\\\/cuartetoenlaweb.com.ar\\\/sitio\\\/la-famosa-que-se-arrepintio-de-dejarse-las-canas-y-volvio-a-su-color-no-me-las-aguanto\\\/#primaryimage\",\"url\":\"https:\\\/\\\/cuartetoenlaweb.com.ar\\\/sitio\\\/wp-content\\\/uploads\\\/2026\\\/03\\\/Marta-Fort-y-Felipe-359x226-20.jpg\",\"contentUrl\":\"https:\\\/\\\/cuartetoenlaweb.com.ar\\\/sitio\\\/wp-content\\\/uploads\\\/2026\\\/03\\\/Marta-Fort-y-Felipe-359x226-20.jpg\",\"width\":359,\"height\":226},{\"@type\":\"BreadcrumbList\",\"@id\":\"https:\\\/\\\/cuartetoenlaweb.com.ar\\\/sitio\\\/la-famosa-que-se-arrepintio-de-dejarse-las-canas-y-volvio-a-su-color-no-me-las-aguanto\\\/#breadcrumb\",\"itemListElement\":[{\"@type\":\"ListItem\",\"position\":1,\"name\":\"Portada\",\"item\":\"http:\\\/\\\/cuartetoenlaweb.com.ar\\\/sitio\\\/\"},{\"@type\":\"ListItem\",\"position\":2,\"name\":\"La famosa que se arrepinti\u00f3 de dejarse las canas y volvi\u00f3 a su color: &quot;\u00a1No me las aguanto!&quot;\"}]},{\"@type\":\"WebSite\",\"@id\":\"http:\\\/\\\/cuartetoenlaweb.com.ar\\\/sitio\\\/#website\",\"url\":\"http:\\\/\\\/cuartetoenlaweb.com.ar\\\/sitio\\\/\",\"name\":\"Cuarteto en la Web\",\"description\":\"\",\"publisher\":{\"@id\":\"http:\\\/\\\/cuartetoenlaweb.com.ar\\\/sitio\\\/#organization\"},\"potentialAction\":[{\"@type\":\"SearchAction\",\"target\":{\"@type\":\"EntryPoint\",\"urlTemplate\":\"http:\\\/\\\/cuartetoenlaweb.com.ar\\\/sitio\\\/?s={search_term_string}\"},\"query-input\":{\"@type\":\"PropertyValueSpecification\",\"valueRequired\":true,\"valueName\":\"search_term_string\"}}],\"inLanguage\":\"es\"},{\"@type\":\"Organization\",\"@id\":\"http:\\\/\\\/cuartetoenlaweb.com.ar\\\/sitio\\\/#organization\",\"name\":\"Cuarteto en la Web\",\"url\":\"http:\\\/\\\/cuartetoenlaweb.com.ar\\\/sitio\\\/\",\"logo\":{\"@type\":\"ImageObject\",\"inLanguage\":\"es\",\"@id\":\"http:\\\/\\\/cuartetoenlaweb.com.ar\\\/sitio\\\/#\\\/schema\\\/logo\\\/image\\\/\",\"url\":\"https:\\\/\\\/cuartetoenlaweb.com.ar\\\/sitio\\\/wp-content\\\/uploads\\\/2025\\\/07\\\/cropped-cropped-logitoweb21.png\",\"contentUrl\":\"https:\\\/\\\/cuartetoenlaweb.com.ar\\\/sitio\\\/wp-content\\\/uploads\\\/2025\\\/07\\\/cropped-cropped-logitoweb21.png\",\"width\":199,\"height\":199,\"caption\":\"Cuarteto en la Web\"},\"image\":{\"@id\":\"http:\\\/\\\/cuartetoenlaweb.com.ar\\\/sitio\\\/#\\\/schema\\\/logo\\\/image\\\/\"}}]}<\/script>\n<!-- \/ Yoast SEO plugin. -->","yoast_head_json":{"title":"La famosa que se arrepinti\u00f3 de dejarse las canas y volvi\u00f3 a su color: &quot;\u00a1No me las aguanto!&quot; - Cuarteto en la Web","robots":{"index":"index","follow":"follow","max-snippet":"max-snippet:-1","max-image-preview":"max-image-preview:large","max-video-preview":"max-video-preview:-1"},"canonical":"https:\/\/cuartetoenlaweb.com.ar\/sitio\/la-famosa-que-se-arrepintio-de-dejarse-las-canas-y-volvio-a-su-color-no-me-las-aguanto\/","og_locale":"es_ES","og_type":"article","og_title":"La famosa que se arrepinti\u00f3 de dejarse las canas y volvi\u00f3 a su color: &quot;\u00a1No me las aguanto!&quot; - Cuarteto en la Web","og_description":"Ginette Reynal volvi\u00f3 a ser noticia, pero esta vez no","og_url":"https:\/\/cuartetoenlaweb.com.ar\/sitio\/la-famosa-que-se-arrepintio-de-dejarse-las-canas-y-volvio-a-su-color-no-me-las-aguanto\/","og_site_name":"Cuarteto en la Web","article_published_time":"2026-03-02T22:59:57+00:00","og_image":[{"width":359,"height":226,"url":"https:\/\/cuartetoenlaweb.com.ar\/sitio\/wp-content\/uploads\/2026\/03\/Marta-Fort-y-Felipe-359x226-20.jpg","type":"image\/jpeg"}],"twitter_card":"summary_large_image","twitter_misc":{"Tiempo de lectura":"2 minutos"},"schema":{"@context":"https:\/\/schema.org","@graph":[{"@type":"Article","@id":"https:\/\/cuartetoenlaweb.com.ar\/sitio\/la-famosa-que-se-arrepintio-de-dejarse-las-canas-y-volvio-a-su-color-no-me-las-aguanto\/#article","isPartOf":{"@id":"https:\/\/cuartetoenlaweb.com.ar\/sitio\/la-famosa-que-se-arrepintio-de-dejarse-las-canas-y-volvio-a-su-color-no-me-las-aguanto\/"},"author":{"name":"","@id":""},"headline":"La famosa que se arrepinti\u00f3 de dejarse las canas y volvi\u00f3 a su color: &quot;\u00a1No me las aguanto!&quot;","datePublished":"2026-03-02T22:59:57+00:00","mainEntityOfPage":{"@id":"https:\/\/cuartetoenlaweb.com.ar\/sitio\/la-famosa-que-se-arrepintio-de-dejarse-las-canas-y-volvio-a-su-color-no-me-las-aguanto\/"},"wordCount":479,"publisher":{"@id":"http:\/\/cuartetoenlaweb.com.ar\/sitio\/#organization"},"image":{"@id":"https:\/\/cuartetoenlaweb.com.ar\/sitio\/la-famosa-que-se-arrepintio-de-dejarse-las-canas-y-volvio-a-su-color-no-me-las-aguanto\/#primaryimage"},"thumbnailUrl":"https:\/\/cuartetoenlaweb.com.ar\/sitio\/wp-content\/uploads\/2026\/03\/Marta-Fort-y-Felipe-359x226-20.jpg","articleSection":["ESPECT\u00c1CULO"],"inLanguage":"es"},{"@type":"WebPage","@id":"https:\/\/cuartetoenlaweb.com.ar\/sitio\/la-famosa-que-se-arrepintio-de-dejarse-las-canas-y-volvio-a-su-color-no-me-las-aguanto\/","url":"https:\/\/cuartetoenlaweb.com.ar\/sitio\/la-famosa-que-se-arrepintio-de-dejarse-las-canas-y-volvio-a-su-color-no-me-las-aguanto\/","name":"La famosa que se arrepinti\u00f3 de dejarse las canas y volvi\u00f3 a su color: &quot;\u00a1No me las aguanto!&quot; - Cuarteto en la Web","isPartOf":{"@id":"http:\/\/cuartetoenlaweb.com.ar\/sitio\/#website"},"primaryImageOfPage":{"@id":"https:\/\/cuartetoenlaweb.com.ar\/sitio\/la-famosa-que-se-arrepintio-de-dejarse-las-canas-y-volvio-a-su-color-no-me-las-aguanto\/#primaryimage"},"image":{"@id":"https:\/\/cuartetoenlaweb.com.ar\/sitio\/la-famosa-que-se-arrepintio-de-dejarse-las-canas-y-volvio-a-su-color-no-me-las-aguanto\/#primaryimage"},"thumbnailUrl":"https:\/\/cuartetoenlaweb.com.ar\/sitio\/wp-content\/uploads\/2026\/03\/Marta-Fort-y-Felipe-359x226-20.jpg","datePublished":"2026-03-02T22:59:57+00:00","breadcrumb":{"@id":"https:\/\/cuartetoenlaweb.com.ar\/sitio\/la-famosa-que-se-arrepintio-de-dejarse-las-canas-y-volvio-a-su-color-no-me-las-aguanto\/#breadcrumb"},"inLanguage":"es","potentialAction":[{"@type":"ReadAction","target":["https:\/\/cuartetoenlaweb.com.ar\/sitio\/la-famosa-que-se-arrepintio-de-dejarse-las-canas-y-volvio-a-su-color-no-me-las-aguanto\/"]}]},{"@type":"ImageObject","inLanguage":"es","@id":"https:\/\/cuartetoenlaweb.com.ar\/sitio\/la-famosa-que-se-arrepintio-de-dejarse-las-canas-y-volvio-a-su-color-no-me-las-aguanto\/#primaryimage","url":"https:\/\/cuartetoenlaweb.com.ar\/sitio\/wp-content\/uploads\/2026\/03\/Marta-Fort-y-Felipe-359x226-20.jpg","contentUrl":"https:\/\/cuartetoenlaweb.com.ar\/sitio\/wp-content\/uploads\/2026\/03\/Marta-Fort-y-Felipe-359x226-20.jpg","width":359,"height":226},{"@type":"BreadcrumbList","@id":"https:\/\/cuartetoenlaweb.com.ar\/sitio\/la-famosa-que-se-arrepintio-de-dejarse-las-canas-y-volvio-a-su-color-no-me-las-aguanto\/#breadcrumb","itemListElement":[{"@type":"ListItem","position":1,"name":"Portada","item":"http:\/\/cuartetoenlaweb.com.ar\/sitio\/"},{"@type":"ListItem","position":2,"name":"La famosa que se arrepinti\u00f3 de dejarse las canas y volvi\u00f3 a su color: &quot;\u00a1No me las aguanto!&quot;"}]},{"@type":"WebSite","@id":"http:\/\/cuartetoenlaweb.com.ar\/sitio\/#website","url":"http:\/\/cuartetoenlaweb.com.ar\/sitio\/","name":"Cuarteto en la Web","description":"","publisher":{"@id":"http:\/\/cuartetoenlaweb.com.ar\/sitio\/#organization"},"potentialAction":[{"@type":"SearchAction","target":{"@type":"EntryPoint","urlTemplate":"http:\/\/cuartetoenlaweb.com.ar\/sitio\/?s={search_term_string}"},"query-input":{"@type":"PropertyValueSpecification","valueRequired":true,"valueName":"search_term_string"}}],"inLanguage":"es"},{"@type":"Organization","@id":"http:\/\/cuartetoenlaweb.com.ar\/sitio\/#organization","name":"Cuarteto en la Web","url":"http:\/\/cuartetoenlaweb.com.ar\/sitio\/","logo":{"@type":"ImageObject","inLanguage":"es","@id":"http:\/\/cuartetoenlaweb.com.ar\/sitio\/#\/schema\/logo\/image\/","url":"https:\/\/cuartetoenlaweb.com.ar\/sitio\/wp-content\/uploads\/2025\/07\/cropped-cropped-logitoweb21.png","contentUrl":"https:\/\/cuartetoenlaweb.com.ar\/sitio\/wp-content\/uploads\/2025\/07\/cropped-cropped-logitoweb21.png","width":199,"height":199,"caption":"Cuarteto en la Web"},"image":{"@id":"http:\/\/cuartetoenlaweb.com.ar\/sitio\/#\/schema\/logo\/image\/"}}]}},"_links":{"self":[{"href":"https:\/\/cuartetoenlaweb.com.ar\/sitio\/wp-json\/wp\/v2\/posts\/13281","targetHints":{"allow":["GET"]}}],"collection":[{"href":"https:\/\/cuartetoenlaweb.com.ar\/sitio\/wp-json\/wp\/v2\/posts"}],"about":[{"href":"https:\/\/cuartetoenlaweb.com.ar\/sitio\/wp-json\/wp\/v2\/types\/post"}],"replies":[{"embeddable":true,"href":"https:\/\/cuartetoenlaweb.com.ar\/sitio\/wp-json\/wp\/v2\/comments?post=13281"}],"version-history":[{"count":0,"href":"https:\/\/cuartetoenlaweb.com.ar\/sitio\/wp-json\/wp\/v2\/posts\/13281\/revisions"}],"wp:featuredmedia":[{"embeddable":true,"href":"https:\/\/cuartetoenlaweb.com.ar\/sitio\/wp-json\/wp\/v2\/media\/13282"}],"wp:attachment":[{"href":"https:\/\/cuartetoenlaweb.com.ar\/sitio\/wp-json\/wp\/v2\/media?parent=13281"}],"wp:term":[{"taxonomy":"category","embeddable":true,"href":"https:\/\/cuartetoenlaweb.com.ar\/sitio\/wp-json\/wp\/v2\/categories?post=13281"},{"taxonomy":"post_tag","embeddable":true,"href":"https:\/\/cuartetoenlaweb.com.ar\/sitio\/wp-json\/wp\/v2\/tags?post=13281"}],"curies":[{"name":"wp","href":"https:\/\/api.w.org\/{rel}","templated":true}]}}