
{"id":13279,"date":"2026-03-02T19:59:55","date_gmt":"2026-03-02T22:59:55","guid":{"rendered":"https:\/\/cuartetoenlaweb.com.ar\/sitio\/nicole-neumann-confirmo-el-escandalo-con-su-hija-allegra-por-su-fiesta-de-15-paralela-ella-queria-que\/"},"modified":"2026-03-02T19:59:55","modified_gmt":"2026-03-02T22:59:55","slug":"nicole-neumann-confirmo-el-escandalo-con-su-hija-allegra-por-su-fiesta-de-15-paralela-ella-queria-que","status":"publish","type":"post","link":"https:\/\/cuartetoenlaweb.com.ar\/sitio\/nicole-neumann-confirmo-el-escandalo-con-su-hija-allegra-por-su-fiesta-de-15-paralela-ella-queria-que\/","title":{"rendered":"Nicole Neumann confirm\u00f3 el esc\u00e1ndalo con su hija Allegra por su fiesta de 15 paralela: \u201cElla quer\u00eda que\u2026\u201d"},"content":{"rendered":"<p>Cuando los adultos no toman dimensi\u00f3n real de las cosas y piensan solo en su propio ego, los caminos nunca llegan a buen puerto. Eso mismo pas\u00f3 por estos d\u00edas cuando <strong>Nicole Neumann <\/strong>decidi\u00f3 celebrar la fiesta de 15 a\u00f1os a <strong>Allegra Cubero<\/strong>, su segunda hija. Una celebraci\u00f3n que, m\u00e1s all\u00e1 de las luces y la alegr\u00eda que la rode\u00f3, tambi\u00e9n ven\u00eda con un esc\u00e1ndalo de fondo: la eterna pelea de la modelo contra <strong>Fabi\u00e1n Cubero<\/strong> y <strong>Mica Viciconte<\/strong>.<\/p>\n<p>Definitivamente, los rencores nunca son un buen aliado de las personas. <strong>Allegra<\/strong> cumpli\u00f3 a\u00f1os hace unas semanas y la ni\u00f1a siempre quiso su fiesta de 15. Ahora bien, como <strong><a href=\"https:\/\/www.paparazzi.com.ar\/teve\/el-filoso-descargo-de-mica-viciconte-tras-la-polemica-fiesta-de-15-de-la-hija-de-nicole-neumann\/\">Nicole<\/a><\/strong> y <strong>Cubero<\/strong> -sus padres- nunca se pusieron de acuerdo, la adolescente tendr\u00e1 dos festejos. Uno con su mam\u00e1 el pasado viernes 27 de febrero, y el otro aparte con su pap\u00e1.<\/p>\n<p>En un principio la idea era que <strong><em>Poroto<\/em><\/strong> le organizara la fiesta junto a <strong>Viciconte<\/strong>, y que <strong><a href=\"https:\/\/www.paparazzi.com.ar\/teve\/el-insolito-motivo-por-el-que-nicole-neumann-mantuvo-en-secreto-la-fiesta-de-15-anos-de-su-hija-allegra\/\">Nicole<\/a><\/strong> iba a regalarle un viaje. Sin embargo, la ni\u00f1a quer\u00eda a sus dos pap\u00e1s en su fiesta, poder tener una celebraci\u00f3n con los dos lados de su familia. Y como desde el bando del exfutbolista rechazaron tener una velada conjunta con la modelo, tuvieron que dividirla. \u00a1Innecesario!<\/p>\n<div class=\"mt-box \">\n<h4 class=\"mt-heading\">Mir\u00e1 Tambi\u00e9n<\/h4>\n<p><a href=\"https:\/\/www.paparazzi.com.ar\/romances\/el-cholo-simeone-y-la-chola-baldini-la-infidelidad-que-provoco-el-bochorno-mas-grande-de-la-historia\/\"><\/p>\n<div class=\"mt-content\">\n<div class=\"mt-image-container\"><img decoding=\"async\" src=\"https:\/\/www.paparazzi.com.ar\/wp-content\/uploads\/2026\/02\/Simeone-1-359x226.jpg\" alt=\"El Cholo Simeone y la Chola Baldini: la infidelidad que provoc\u00f3 el bochorno m\u00e1s grande de la historia\" class=\"mt-image\" loading=\"lazy\" \/><\/div>\n<h5 class=\"mt-title\">El Cholo Simeone y la Chola Baldini: la infidelidad que provoc\u00f3 el bochorno m\u00e1s grande de la historia<\/h5>\n<\/div>\n<p><\/a><\/div>\n<p>\u00bfPor qu\u00e9? Porque los adultos no vieron el deseo de <strong>Allegra<\/strong> y priorizaron las diferencias que desde hace ya muchos a\u00f1os tienen. As\u00ed lo explic\u00f3 <strong><a href=\"https:\/\/www.paparazzi.com.ar\/teve\/asi-fue-la-polemica-fiesta-de-15-anos-que-nicole-neumann-le-organizo-a-su-hija-allegra-las-fotos\/\">Nicole<\/a><\/strong> en el div\u00e1n de <strong>Vero Lozano<\/strong>, dando detalles de la charla que tuvo con su hija por sus 15 y la decisi\u00f3n que se vio obligada a tomar cuando vio que desde la otra vereda era imposible conciliar.<\/p>\n<h2 class=\"wp-block-heading\">NICOLE NEUMANN REVEL\u00d3 EL PEDIDO DE SU HIJA ALLEGRA POR SUS 15 A\u00d1OS Y FABI\u00c1N CUBERO RECHAZ\u00d3<\/h2>\n<p>\u201cSiempre iba a haber una fiesta. En un momento hablamos y dijimos \u2018hagamos un viaje\u2019 as\u00ed ella no pasaba un mal momento. Pero despu\u00e9s dijimos \u2018\u00bfPor qu\u00e9 eso? La vida se celebra\u2019. Yo todav\u00eda tengo a mi abuela que es su bisabuela, la familia de Manu (Urcera) que la ama, mi hermana (Geraldine Neumann) que es su t\u00eda\u2026 todos ellos tambi\u00e9n quer\u00edan festejar con ella\u201d, comenz\u00f3 diciendo <strong><a href=\"https:\/\/www.paparazzi.com.ar\/teve\/la-burla-de-allegra-cubero-a-nicole-neumann-su-mama-por-su-relacion-con-manu-urcera-todo-por-el-macho\/\">Nicole<\/a><\/strong>.<\/p>\n<p>\u201cEntonces dijimos \u2018hagamos una fiesta tambi\u00e9n para toda nuestra familia\u2019. Estuvo muy lindo\u201d, sigui\u00f3 <strong>Nicole<\/strong> sobre la decisi\u00f3n que tom\u00f3 para con <strong>Allegra<\/strong> y la fiesta de 15 paralela. Y cuando <strong>Lozano<\/strong> le pregunt\u00f3 por c\u00f3mo se dio esa celebraci\u00f3n, la modelo no dud\u00f3 en subrayar: \u201cEstuvo re lindo. Todos tenemos derecho a celebrar la vida, disfrutar, y as\u00ed lo hicimos\u201d.<\/p>\n<div class=\"mt-box \">\n<h4 class=\"mt-heading\">Mir\u00e1 Tambi\u00e9n<\/h4>\n<p><a href=\"https:\/\/www.paparazzi.com.ar\/teve\/destrozaron-a-nicole-neumann-por-una-fuerte-mentira-sobre-su-bebe-y-el-escandalo-es-total\/\"><\/p>\n<div class=\"mt-content\">\n<div class=\"mt-image-container\"><img decoding=\"async\" src=\"https:\/\/www.paparazzi.com.ar\/wp-content\/uploads\/2026\/02\/Nicole-Neumann-Cruz-Urcera-359x226.jpg\" alt=\"Destrozaron a Nicole Neumann por una fuerte mentira sobre su beb\u00e9 y el esc\u00e1ndalo es total\" class=\"mt-image\" loading=\"lazy\" \/><\/div>\n<h5 class=\"mt-title\">Destrozaron a Nicole Neumann por una fuerte mentira sobre su beb\u00e9 y el esc\u00e1ndalo es total<\/h5>\n<\/div>\n<p><\/a><\/div>\n<p>En ese momento, <strong>Vero<\/strong> se meti\u00f3 en un terreno m\u00e1s sensible: las peleas con <strong>Cubero<\/strong>. Cuando le pregunt\u00f3 si viendo hacia atr\u00e1s cree que podr\u00eda haber evitado alg\u00fan que otro conflicto, <strong>Neumann<\/strong> fue sincera. \u201cUno siempre se arrepiente de cosas, s\u00ed. Con el diario del lunes pens\u00e1s \u2018podr\u00eda haber hecho esto\u2019 o \u2018esto tendr\u00eda que haberlo hecho de otra manera\u2019, pero es como que no me quedo en los arrepentimientos. Soy como muy de vivir todo como viene\u201d, explic\u00f3.<\/p>\n<p>\u201cVida hay una sola y hay que aprovecharla y vivirla con todo. Mientras uno no lastime a otros\u2026 siempre hay unos que se sienten lastimados sin que vos lo hubieras querido hacer porque es inevitable\u201d, sigui\u00f3. \u00bfUn palito a su ex?. Luego <strong>Nicole<\/strong> advirti\u00f3 que acompa\u00f1a tambi\u00e9n a <strong>Allegra<\/strong> en el dise\u00f1o del vestido de 15 que usar\u00e1 en la fiesta que le organizar\u00e1 <strong>Cubero<\/strong>.<\/p>\n<div class=\"mt-box \">\n<h4 class=\"mt-heading\">Mir\u00e1 Tambi\u00e9n<\/h4>\n<p><a href=\"https:\/\/www.paparazzi.com.ar\/teve\/el-insolito-motivo-por-el-que-nicole-neumann-mantuvo-en-secreto-la-fiesta-de-15-anos-de-su-hija-allegra\/\"><\/p>\n<div class=\"mt-content\">\n<div class=\"mt-image-container\"><img decoding=\"async\" src=\"https:\/\/www.paparazzi.com.ar\/wp-content\/uploads\/2026\/03\/nicole-neumann-allegra-cubero-15-359x226.jpg\" alt=\"El ins\u00f3lito motivo por el que Nicole Neumann mantuvo en secreto la fiesta de 15 a\u00f1os de su hija Allegra\" class=\"mt-image\" loading=\"lazy\" \/><\/div>\n<h5 class=\"mt-title\">El ins\u00f3lito motivo por el que Nicole Neumann mantuvo en secreto la fiesta de 15 a\u00f1os de su hija Allegra<\/h5>\n<\/div>\n<p><\/a><\/div>\n<p>\u201cTambi\u00e9n la estoy acompa\u00f1ando en el vestido de sus pr\u00f3ximos 15. Porque en realidad es un s\u00f3lo 15, pero va a tener otra fiesta que tambi\u00e9n va a estar buen\u00edsima y va a ser m\u00e1s adelante\u201d, cont\u00f3 la modelo sobre la otra celebraci\u00f3n que <strong>Allegra<\/strong> tendr\u00e1 con su pap\u00e1 y <strong>Viciconte<\/strong>.<\/p>\n<p><strong>Lozano<\/strong> hizo un breve repaso por las idas y vueltas que hubo con la fiesta de 15, y entonces <strong>Nicole<\/strong> decidi\u00f3 aclarar que nunca hubo alg\u00fan tipo de arreglo con <strong>Cubero<\/strong> por ese motivo. \u201cNo fue un acuerdo. Ella (por Allegra) dijo \u2018bueno, entonces hagamos el viaje con vos\u2019 y yo le dije \u2018dale\u2019\u201d. Y ah\u00ed, cuando la conductora de <em>Cort\u00e1 por Lozano <\/em>le pregunt\u00f3 si cree que alguna vez van a poder festejar las dos familias juntas, la modelo marc\u00f3 la cancha y dijo que el problema existe del otro lado.<\/p>\n<div class=\"mt-box \">\n<h4 class=\"mt-heading\">Mir\u00e1 Tambi\u00e9n<\/h4>\n<p><a href=\"https:\/\/www.paparazzi.com.ar\/teve\/asi-fue-la-polemica-fiesta-de-15-anos-que-nicole-neumann-le-organizo-a-su-hija-allegra-las-fotos\/\"><\/p>\n<div class=\"mt-content\">\n<div class=\"mt-image-container\"><img decoding=\"async\" src=\"https:\/\/www.paparazzi.com.ar\/wp-content\/uploads\/2026\/02\/Allegra-Cubero-15-anos-359x226.jpg\" alt=\"As\u00ed fue la pol\u00e9mica fiesta de 15 a\u00f1os que Nicole Neumann le organiz\u00f3 a su hija Allegra: las fotos\" class=\"mt-image\" loading=\"lazy\" \/><\/div>\n<h5 class=\"mt-title\">As\u00ed fue la pol\u00e9mica fiesta de 15 a\u00f1os que Nicole Neumann le organiz\u00f3 a su hija Allegra: las fotos<\/h5>\n<\/div>\n<p><\/a><\/div>\n<p>\u201cYo hubiera celebrado con todos juntos, porque es lo que le dije a ella desde el primer momento: \u2018\u00bfVos qu\u00e9 quer\u00e9s?\u2019. Ella me dijo \u2018Todos juntos\u2019. Le digo \u2018Bueno, dale, es tu d\u00eda, tu noche\u2019. Pero bueno, nada, obvio que ac\u00e1 son dos partes las que tienen que estar de acuerdo\u201d, dispar\u00f3 <strong>Nicole<\/strong>. \u201cBueno, ella chocha, porque tiene doble fiesta y doble regalos\u201d, cerr\u00f3 <strong>Lozano<\/strong> descomprimiendo el tema.<\/p>\n<div class=\"mt-box \">\n<h4 class=\"mt-heading\">Mir\u00e1 Tambi\u00e9n<\/h4>\n<p><a href=\"https:\/\/www.paparazzi.com.ar\/teve\/la-burla-de-allegra-cubero-a-nicole-neumann-su-mama-por-su-relacion-con-manu-urcera-todo-por-el-macho\/\"><\/p>\n<div class=\"mt-content\">\n<div class=\"mt-image-container\"><img decoding=\"async\" src=\"https:\/\/www.paparazzi.com.ar\/wp-content\/uploads\/2025\/12\/Nicole-Neumann-Allegra-Cubero-1-359x226.jpg\" alt=\"La burla de Allegra Cubero a Nicole Neumann, su mam\u00e1, por su relaci\u00f3n con Manu Urcera: \u201cTodo por el macho\u201d\" class=\"mt-image\" loading=\"lazy\" \/><\/div>\n<h5 class=\"mt-title\">La burla de Allegra Cubero a Nicole Neumann, su mam\u00e1, por su relaci\u00f3n con Manu Urcera: \u201cTodo por el macho\u201d<\/h5>\n<\/div>\n<p><\/a><\/div>\n<div class=\"mt-box \">\n<h4 class=\"mt-heading\">Mir\u00e1 Tambi\u00e9n<\/h4>\n<p><a href=\"https:\/\/www.paparazzi.com.ar\/teve\/la-muerte-que-quebro-en-llanto-a-fabian-cubero-y-salpico-a-nicole-neumann\/\"><\/p>\n<div class=\"mt-content\">\n<div class=\"mt-image-container\"><img decoding=\"async\" src=\"https:\/\/www.paparazzi.com.ar\/wp-content\/uploads\/2026\/02\/Fabian-Cubero-Nicole-Neumann-359x226.jpg\" alt=\"La muerte que quebr\u00f3 en llanto a Fabi\u00e1n Cubero y salpic\u00f3 a Nicole Neumann\" class=\"mt-image\" loading=\"lazy\" \/><\/div>\n<h5 class=\"mt-title\">La muerte que quebr\u00f3 en llanto a Fabi\u00e1n Cubero y salpic\u00f3 a Nicole Neumann<\/h5>\n<\/div>\n<p><\/a><\/div>\n<p>The post <a href=\"https:\/\/www.paparazzi.com.ar\/teve\/nicole-neumann-confirmo-el-escandalo-con-su-hija-allegra-por-su-fiesta-de-15-paralela-ella-queria-que\/\">Nicole Neumann confirm\u00f3 el esc\u00e1ndalo con su hija Allegra por su fiesta de 15 paralela: \u201cElla quer\u00eda que\u2026\u201d<\/a> appeared first on <a href=\"https:\/\/www.paparazzi.com.ar\">Revista Paparazzi<\/a>.<\/p>\n","protected":false},"excerpt":{"rendered":"<p>Cuando los adultos no toman dimensi\u00f3n real de las cosas<\/p>\n","protected":false},"author":0,"featured_media":13280,"comment_status":"","ping_status":"","sticky":false,"template":"","format":"standard","meta":{"footnotes":""},"categories":[12],"tags":[],"class_list":["post-13279","post","type-post","status-publish","format-standard","has-post-thumbnail","hentry","category-espectaculo"],"yoast_head":"<!-- This site is optimized with the Yoast SEO plugin v27.5 - https:\/\/yoast.com\/product\/yoast-seo-wordpress\/ -->\n<title>Nicole Neumann confirm\u00f3 el esc\u00e1ndalo con su hija Allegra por su fiesta de 15 paralela: \u201cElla quer\u00eda que\u2026\u201d - Cuarteto en la Web<\/title>\n<meta name=\"robots\" content=\"index, follow, max-snippet:-1, max-image-preview:large, max-video-preview:-1\" \/>\n<link rel=\"canonical\" href=\"https:\/\/cuartetoenlaweb.com.ar\/sitio\/nicole-neumann-confirmo-el-escandalo-con-su-hija-allegra-por-su-fiesta-de-15-paralela-ella-queria-que\/\" \/>\n<meta property=\"og:locale\" content=\"es_ES\" \/>\n<meta property=\"og:type\" content=\"article\" \/>\n<meta property=\"og:title\" content=\"Nicole Neumann confirm\u00f3 el esc\u00e1ndalo con su hija Allegra por su fiesta de 15 paralela: \u201cElla quer\u00eda que\u2026\u201d - Cuarteto en la Web\" \/>\n<meta property=\"og:description\" content=\"Cuando los adultos no toman dimensi\u00f3n real de las cosas\" \/>\n<meta property=\"og:url\" content=\"https:\/\/cuartetoenlaweb.com.ar\/sitio\/nicole-neumann-confirmo-el-escandalo-con-su-hija-allegra-por-su-fiesta-de-15-paralela-ella-queria-que\/\" \/>\n<meta property=\"og:site_name\" content=\"Cuarteto en la Web\" \/>\n<meta property=\"article:published_time\" content=\"2026-03-02T22:59:55+00:00\" \/>\n<meta property=\"og:image\" content=\"https:\/\/cuartetoenlaweb.com.ar\/sitio\/wp-content\/uploads\/2026\/03\/Simeone-1-359x226-5.jpg\" \/>\n\t<meta property=\"og:image:width\" content=\"359\" \/>\n\t<meta property=\"og:image:height\" content=\"226\" \/>\n\t<meta property=\"og:image:type\" content=\"image\/jpeg\" \/>\n<meta name=\"twitter:card\" content=\"summary_large_image\" \/>\n<meta name=\"twitter:label1\" content=\"Tiempo de lectura\" \/>\n\t<meta name=\"twitter:data1\" content=\"5 minutos\" \/>\n<script type=\"application\/ld+json\" class=\"yoast-schema-graph\">{\"@context\":\"https:\\\/\\\/schema.org\",\"@graph\":[{\"@type\":\"Article\",\"@id\":\"https:\\\/\\\/cuartetoenlaweb.com.ar\\\/sitio\\\/nicole-neumann-confirmo-el-escandalo-con-su-hija-allegra-por-su-fiesta-de-15-paralela-ella-queria-que\\\/#article\",\"isPartOf\":{\"@id\":\"https:\\\/\\\/cuartetoenlaweb.com.ar\\\/sitio\\\/nicole-neumann-confirmo-el-escandalo-con-su-hija-allegra-por-su-fiesta-de-15-paralela-ella-queria-que\\\/\"},\"author\":{\"name\":\"\",\"@id\":\"\"},\"headline\":\"Nicole Neumann confirm\u00f3 el esc\u00e1ndalo con su hija Allegra por su fiesta de 15 paralela: \u201cElla quer\u00eda que\u2026\u201d\",\"datePublished\":\"2026-03-02T22:59:55+00:00\",\"mainEntityOfPage\":{\"@id\":\"https:\\\/\\\/cuartetoenlaweb.com.ar\\\/sitio\\\/nicole-neumann-confirmo-el-escandalo-con-su-hija-allegra-por-su-fiesta-de-15-paralela-ella-queria-que\\\/\"},\"wordCount\":987,\"publisher\":{\"@id\":\"http:\\\/\\\/cuartetoenlaweb.com.ar\\\/sitio\\\/#organization\"},\"image\":{\"@id\":\"https:\\\/\\\/cuartetoenlaweb.com.ar\\\/sitio\\\/nicole-neumann-confirmo-el-escandalo-con-su-hija-allegra-por-su-fiesta-de-15-paralela-ella-queria-que\\\/#primaryimage\"},\"thumbnailUrl\":\"https:\\\/\\\/cuartetoenlaweb.com.ar\\\/sitio\\\/wp-content\\\/uploads\\\/2026\\\/03\\\/Simeone-1-359x226-5.jpg\",\"articleSection\":[\"ESPECT\u00c1CULO\"],\"inLanguage\":\"es\"},{\"@type\":\"WebPage\",\"@id\":\"https:\\\/\\\/cuartetoenlaweb.com.ar\\\/sitio\\\/nicole-neumann-confirmo-el-escandalo-con-su-hija-allegra-por-su-fiesta-de-15-paralela-ella-queria-que\\\/\",\"url\":\"https:\\\/\\\/cuartetoenlaweb.com.ar\\\/sitio\\\/nicole-neumann-confirmo-el-escandalo-con-su-hija-allegra-por-su-fiesta-de-15-paralela-ella-queria-que\\\/\",\"name\":\"Nicole Neumann confirm\u00f3 el esc\u00e1ndalo con su hija Allegra por su fiesta de 15 paralela: \u201cElla quer\u00eda que\u2026\u201d - Cuarteto en la Web\",\"isPartOf\":{\"@id\":\"http:\\\/\\\/cuartetoenlaweb.com.ar\\\/sitio\\\/#website\"},\"primaryImageOfPage\":{\"@id\":\"https:\\\/\\\/cuartetoenlaweb.com.ar\\\/sitio\\\/nicole-neumann-confirmo-el-escandalo-con-su-hija-allegra-por-su-fiesta-de-15-paralela-ella-queria-que\\\/#primaryimage\"},\"image\":{\"@id\":\"https:\\\/\\\/cuartetoenlaweb.com.ar\\\/sitio\\\/nicole-neumann-confirmo-el-escandalo-con-su-hija-allegra-por-su-fiesta-de-15-paralela-ella-queria-que\\\/#primaryimage\"},\"thumbnailUrl\":\"https:\\\/\\\/cuartetoenlaweb.com.ar\\\/sitio\\\/wp-content\\\/uploads\\\/2026\\\/03\\\/Simeone-1-359x226-5.jpg\",\"datePublished\":\"2026-03-02T22:59:55+00:00\",\"breadcrumb\":{\"@id\":\"https:\\\/\\\/cuartetoenlaweb.com.ar\\\/sitio\\\/nicole-neumann-confirmo-el-escandalo-con-su-hija-allegra-por-su-fiesta-de-15-paralela-ella-queria-que\\\/#breadcrumb\"},\"inLanguage\":\"es\",\"potentialAction\":[{\"@type\":\"ReadAction\",\"target\":[\"https:\\\/\\\/cuartetoenlaweb.com.ar\\\/sitio\\\/nicole-neumann-confirmo-el-escandalo-con-su-hija-allegra-por-su-fiesta-de-15-paralela-ella-queria-que\\\/\"]}]},{\"@type\":\"ImageObject\",\"inLanguage\":\"es\",\"@id\":\"https:\\\/\\\/cuartetoenlaweb.com.ar\\\/sitio\\\/nicole-neumann-confirmo-el-escandalo-con-su-hija-allegra-por-su-fiesta-de-15-paralela-ella-queria-que\\\/#primaryimage\",\"url\":\"https:\\\/\\\/cuartetoenlaweb.com.ar\\\/sitio\\\/wp-content\\\/uploads\\\/2026\\\/03\\\/Simeone-1-359x226-5.jpg\",\"contentUrl\":\"https:\\\/\\\/cuartetoenlaweb.com.ar\\\/sitio\\\/wp-content\\\/uploads\\\/2026\\\/03\\\/Simeone-1-359x226-5.jpg\",\"width\":359,\"height\":226},{\"@type\":\"BreadcrumbList\",\"@id\":\"https:\\\/\\\/cuartetoenlaweb.com.ar\\\/sitio\\\/nicole-neumann-confirmo-el-escandalo-con-su-hija-allegra-por-su-fiesta-de-15-paralela-ella-queria-que\\\/#breadcrumb\",\"itemListElement\":[{\"@type\":\"ListItem\",\"position\":1,\"name\":\"Portada\",\"item\":\"http:\\\/\\\/cuartetoenlaweb.com.ar\\\/sitio\\\/\"},{\"@type\":\"ListItem\",\"position\":2,\"name\":\"Nicole Neumann confirm\u00f3 el esc\u00e1ndalo con su hija Allegra por su fiesta de 15 paralela: \u201cElla quer\u00eda que\u2026\u201d\"}]},{\"@type\":\"WebSite\",\"@id\":\"http:\\\/\\\/cuartetoenlaweb.com.ar\\\/sitio\\\/#website\",\"url\":\"http:\\\/\\\/cuartetoenlaweb.com.ar\\\/sitio\\\/\",\"name\":\"Cuarteto en la Web\",\"description\":\"\",\"publisher\":{\"@id\":\"http:\\\/\\\/cuartetoenlaweb.com.ar\\\/sitio\\\/#organization\"},\"potentialAction\":[{\"@type\":\"SearchAction\",\"target\":{\"@type\":\"EntryPoint\",\"urlTemplate\":\"http:\\\/\\\/cuartetoenlaweb.com.ar\\\/sitio\\\/?s={search_term_string}\"},\"query-input\":{\"@type\":\"PropertyValueSpecification\",\"valueRequired\":true,\"valueName\":\"search_term_string\"}}],\"inLanguage\":\"es\"},{\"@type\":\"Organization\",\"@id\":\"http:\\\/\\\/cuartetoenlaweb.com.ar\\\/sitio\\\/#organization\",\"name\":\"Cuarteto en la Web\",\"url\":\"http:\\\/\\\/cuartetoenlaweb.com.ar\\\/sitio\\\/\",\"logo\":{\"@type\":\"ImageObject\",\"inLanguage\":\"es\",\"@id\":\"http:\\\/\\\/cuartetoenlaweb.com.ar\\\/sitio\\\/#\\\/schema\\\/logo\\\/image\\\/\",\"url\":\"https:\\\/\\\/cuartetoenlaweb.com.ar\\\/sitio\\\/wp-content\\\/uploads\\\/2025\\\/07\\\/cropped-cropped-logitoweb21.png\",\"contentUrl\":\"https:\\\/\\\/cuartetoenlaweb.com.ar\\\/sitio\\\/wp-content\\\/uploads\\\/2025\\\/07\\\/cropped-cropped-logitoweb21.png\",\"width\":199,\"height\":199,\"caption\":\"Cuarteto en la Web\"},\"image\":{\"@id\":\"http:\\\/\\\/cuartetoenlaweb.com.ar\\\/sitio\\\/#\\\/schema\\\/logo\\\/image\\\/\"}}]}<\/script>\n<!-- \/ Yoast SEO plugin. -->","yoast_head_json":{"title":"Nicole Neumann confirm\u00f3 el esc\u00e1ndalo con su hija Allegra por su fiesta de 15 paralela: \u201cElla quer\u00eda que\u2026\u201d - Cuarteto en la Web","robots":{"index":"index","follow":"follow","max-snippet":"max-snippet:-1","max-image-preview":"max-image-preview:large","max-video-preview":"max-video-preview:-1"},"canonical":"https:\/\/cuartetoenlaweb.com.ar\/sitio\/nicole-neumann-confirmo-el-escandalo-con-su-hija-allegra-por-su-fiesta-de-15-paralela-ella-queria-que\/","og_locale":"es_ES","og_type":"article","og_title":"Nicole Neumann confirm\u00f3 el esc\u00e1ndalo con su hija Allegra por su fiesta de 15 paralela: \u201cElla quer\u00eda que\u2026\u201d - Cuarteto en la Web","og_description":"Cuando los adultos no toman dimensi\u00f3n real de las cosas","og_url":"https:\/\/cuartetoenlaweb.com.ar\/sitio\/nicole-neumann-confirmo-el-escandalo-con-su-hija-allegra-por-su-fiesta-de-15-paralela-ella-queria-que\/","og_site_name":"Cuarteto en la Web","article_published_time":"2026-03-02T22:59:55+00:00","og_image":[{"width":359,"height":226,"url":"https:\/\/cuartetoenlaweb.com.ar\/sitio\/wp-content\/uploads\/2026\/03\/Simeone-1-359x226-5.jpg","type":"image\/jpeg"}],"twitter_card":"summary_large_image","twitter_misc":{"Tiempo de lectura":"5 minutos"},"schema":{"@context":"https:\/\/schema.org","@graph":[{"@type":"Article","@id":"https:\/\/cuartetoenlaweb.com.ar\/sitio\/nicole-neumann-confirmo-el-escandalo-con-su-hija-allegra-por-su-fiesta-de-15-paralela-ella-queria-que\/#article","isPartOf":{"@id":"https:\/\/cuartetoenlaweb.com.ar\/sitio\/nicole-neumann-confirmo-el-escandalo-con-su-hija-allegra-por-su-fiesta-de-15-paralela-ella-queria-que\/"},"author":{"name":"","@id":""},"headline":"Nicole Neumann confirm\u00f3 el esc\u00e1ndalo con su hija Allegra por su fiesta de 15 paralela: \u201cElla quer\u00eda que\u2026\u201d","datePublished":"2026-03-02T22:59:55+00:00","mainEntityOfPage":{"@id":"https:\/\/cuartetoenlaweb.com.ar\/sitio\/nicole-neumann-confirmo-el-escandalo-con-su-hija-allegra-por-su-fiesta-de-15-paralela-ella-queria-que\/"},"wordCount":987,"publisher":{"@id":"http:\/\/cuartetoenlaweb.com.ar\/sitio\/#organization"},"image":{"@id":"https:\/\/cuartetoenlaweb.com.ar\/sitio\/nicole-neumann-confirmo-el-escandalo-con-su-hija-allegra-por-su-fiesta-de-15-paralela-ella-queria-que\/#primaryimage"},"thumbnailUrl":"https:\/\/cuartetoenlaweb.com.ar\/sitio\/wp-content\/uploads\/2026\/03\/Simeone-1-359x226-5.jpg","articleSection":["ESPECT\u00c1CULO"],"inLanguage":"es"},{"@type":"WebPage","@id":"https:\/\/cuartetoenlaweb.com.ar\/sitio\/nicole-neumann-confirmo-el-escandalo-con-su-hija-allegra-por-su-fiesta-de-15-paralela-ella-queria-que\/","url":"https:\/\/cuartetoenlaweb.com.ar\/sitio\/nicole-neumann-confirmo-el-escandalo-con-su-hija-allegra-por-su-fiesta-de-15-paralela-ella-queria-que\/","name":"Nicole Neumann confirm\u00f3 el esc\u00e1ndalo con su hija Allegra por su fiesta de 15 paralela: \u201cElla quer\u00eda que\u2026\u201d - Cuarteto en la Web","isPartOf":{"@id":"http:\/\/cuartetoenlaweb.com.ar\/sitio\/#website"},"primaryImageOfPage":{"@id":"https:\/\/cuartetoenlaweb.com.ar\/sitio\/nicole-neumann-confirmo-el-escandalo-con-su-hija-allegra-por-su-fiesta-de-15-paralela-ella-queria-que\/#primaryimage"},"image":{"@id":"https:\/\/cuartetoenlaweb.com.ar\/sitio\/nicole-neumann-confirmo-el-escandalo-con-su-hija-allegra-por-su-fiesta-de-15-paralela-ella-queria-que\/#primaryimage"},"thumbnailUrl":"https:\/\/cuartetoenlaweb.com.ar\/sitio\/wp-content\/uploads\/2026\/03\/Simeone-1-359x226-5.jpg","datePublished":"2026-03-02T22:59:55+00:00","breadcrumb":{"@id":"https:\/\/cuartetoenlaweb.com.ar\/sitio\/nicole-neumann-confirmo-el-escandalo-con-su-hija-allegra-por-su-fiesta-de-15-paralela-ella-queria-que\/#breadcrumb"},"inLanguage":"es","potentialAction":[{"@type":"ReadAction","target":["https:\/\/cuartetoenlaweb.com.ar\/sitio\/nicole-neumann-confirmo-el-escandalo-con-su-hija-allegra-por-su-fiesta-de-15-paralela-ella-queria-que\/"]}]},{"@type":"ImageObject","inLanguage":"es","@id":"https:\/\/cuartetoenlaweb.com.ar\/sitio\/nicole-neumann-confirmo-el-escandalo-con-su-hija-allegra-por-su-fiesta-de-15-paralela-ella-queria-que\/#primaryimage","url":"https:\/\/cuartetoenlaweb.com.ar\/sitio\/wp-content\/uploads\/2026\/03\/Simeone-1-359x226-5.jpg","contentUrl":"https:\/\/cuartetoenlaweb.com.ar\/sitio\/wp-content\/uploads\/2026\/03\/Simeone-1-359x226-5.jpg","width":359,"height":226},{"@type":"BreadcrumbList","@id":"https:\/\/cuartetoenlaweb.com.ar\/sitio\/nicole-neumann-confirmo-el-escandalo-con-su-hija-allegra-por-su-fiesta-de-15-paralela-ella-queria-que\/#breadcrumb","itemListElement":[{"@type":"ListItem","position":1,"name":"Portada","item":"http:\/\/cuartetoenlaweb.com.ar\/sitio\/"},{"@type":"ListItem","position":2,"name":"Nicole Neumann confirm\u00f3 el esc\u00e1ndalo con su hija Allegra por su fiesta de 15 paralela: \u201cElla quer\u00eda que\u2026\u201d"}]},{"@type":"WebSite","@id":"http:\/\/cuartetoenlaweb.com.ar\/sitio\/#website","url":"http:\/\/cuartetoenlaweb.com.ar\/sitio\/","name":"Cuarteto en la Web","description":"","publisher":{"@id":"http:\/\/cuartetoenlaweb.com.ar\/sitio\/#organization"},"potentialAction":[{"@type":"SearchAction","target":{"@type":"EntryPoint","urlTemplate":"http:\/\/cuartetoenlaweb.com.ar\/sitio\/?s={search_term_string}"},"query-input":{"@type":"PropertyValueSpecification","valueRequired":true,"valueName":"search_term_string"}}],"inLanguage":"es"},{"@type":"Organization","@id":"http:\/\/cuartetoenlaweb.com.ar\/sitio\/#organization","name":"Cuarteto en la Web","url":"http:\/\/cuartetoenlaweb.com.ar\/sitio\/","logo":{"@type":"ImageObject","inLanguage":"es","@id":"http:\/\/cuartetoenlaweb.com.ar\/sitio\/#\/schema\/logo\/image\/","url":"https:\/\/cuartetoenlaweb.com.ar\/sitio\/wp-content\/uploads\/2025\/07\/cropped-cropped-logitoweb21.png","contentUrl":"https:\/\/cuartetoenlaweb.com.ar\/sitio\/wp-content\/uploads\/2025\/07\/cropped-cropped-logitoweb21.png","width":199,"height":199,"caption":"Cuarteto en la Web"},"image":{"@id":"http:\/\/cuartetoenlaweb.com.ar\/sitio\/#\/schema\/logo\/image\/"}}]}},"_links":{"self":[{"href":"https:\/\/cuartetoenlaweb.com.ar\/sitio\/wp-json\/wp\/v2\/posts\/13279","targetHints":{"allow":["GET"]}}],"collection":[{"href":"https:\/\/cuartetoenlaweb.com.ar\/sitio\/wp-json\/wp\/v2\/posts"}],"about":[{"href":"https:\/\/cuartetoenlaweb.com.ar\/sitio\/wp-json\/wp\/v2\/types\/post"}],"replies":[{"embeddable":true,"href":"https:\/\/cuartetoenlaweb.com.ar\/sitio\/wp-json\/wp\/v2\/comments?post=13279"}],"version-history":[{"count":0,"href":"https:\/\/cuartetoenlaweb.com.ar\/sitio\/wp-json\/wp\/v2\/posts\/13279\/revisions"}],"wp:featuredmedia":[{"embeddable":true,"href":"https:\/\/cuartetoenlaweb.com.ar\/sitio\/wp-json\/wp\/v2\/media\/13280"}],"wp:attachment":[{"href":"https:\/\/cuartetoenlaweb.com.ar\/sitio\/wp-json\/wp\/v2\/media?parent=13279"}],"wp:term":[{"taxonomy":"category","embeddable":true,"href":"https:\/\/cuartetoenlaweb.com.ar\/sitio\/wp-json\/wp\/v2\/categories?post=13279"},{"taxonomy":"post_tag","embeddable":true,"href":"https:\/\/cuartetoenlaweb.com.ar\/sitio\/wp-json\/wp\/v2\/tags?post=13279"}],"curies":[{"name":"wp","href":"https:\/\/api.w.org\/{rel}","templated":true}]}}