
{"id":13277,"date":"2026-03-02T19:59:54","date_gmt":"2026-03-02T22:59:54","guid":{"rendered":"https:\/\/cuartetoenlaweb.com.ar\/sitio\/detuvieron-al-papa-de-thiago-medina-por-supuesta-agresion-y-amenazas-que-dice-la-fiscalia\/"},"modified":"2026-03-02T19:59:54","modified_gmt":"2026-03-02T22:59:54","slug":"detuvieron-al-papa-de-thiago-medina-por-supuesta-agresion-y-amenazas-que-dice-la-fiscalia","status":"publish","type":"post","link":"https:\/\/cuartetoenlaweb.com.ar\/sitio\/detuvieron-al-papa-de-thiago-medina-por-supuesta-agresion-y-amenazas-que-dice-la-fiscalia\/","title":{"rendered":"Detuvieron al pap\u00e1 de Thiago Medina por supuesta agresi\u00f3n y amenazas: qu\u00e9 dice la fiscal\u00eda"},"content":{"rendered":"<p>El entorno de <strong><a href=\"https:\/\/www.paparazzi.com.ar\/?s=Thiago+Medina\">Thiago Medina<\/a><\/strong> volvi\u00f3 a quedar en el centro de la escena, esta vez por un episodio policial que involucra directamente a su padre, <strong>Julio Ricardo Medina<\/strong>. Seg\u00fan trascendi\u00f3 en las \u00faltimas horas, el hombre fue demorado tras una denuncia por presuntas lesiones y amenazas.<\/p>\n<p>De acuerdo a la informaci\u00f3n difundida por el periodista <strong>Germ\u00e1n Marcucci<\/strong>, el caso fue puesto en conocimiento de la Fiscal\u00eda N\u00b01 especializada en delitos derivados de violencia familiar de La Matanza, que intervino de manera inmediata ante la presentaci\u00f3n realizada por una integrante del grupo familiar.<\/p>\n<p>Si bien en un primer momento circularon versiones que minimizaban la gravedad del hecho, desde el \u00e1mbito judicial confirmaron que existen actuaciones en curso y que la denuncia fue formalmente radicada. La causa se encuentra bajo investigaci\u00f3n y, por el momento, no trascendieron mayores detalles oficiales sobre las circunstancias en las que se habr\u00eda producido el conflicto.<\/p>\n<div class=\"mt-box \">\n<h4 class=\"mt-heading\">Mir\u00e1 Tambi\u00e9n<\/h4>\n<p><a href=\"https:\/\/www.paparazzi.com.ar\/teve\/exclusivo-asi-fue-el-cumpleanos-de-martita-y-felipe-fort-festejo-top-en-costanera-famosos-y-looks-impactantes\/\"><\/p>\n<div class=\"mt-content\">\n<div class=\"mt-image-container\"><img decoding=\"async\" src=\"https:\/\/www.paparazzi.com.ar\/wp-content\/uploads\/2026\/02\/Marta-Fort-y-Felipe-359x226.jpg\" alt=\"\u00a1Exclusivo! Martita y Felipe Fort celebraron sus 22 a\u00f1os con una fiesta repleta de famosos\" class=\"mt-image\" loading=\"lazy\" \/><\/div>\n<h5 class=\"mt-title\">\u00a1Exclusivo! Martita y Felipe Fort celebraron sus 22 a\u00f1os con una fiesta repleta de famosos<\/h5>\n<\/div>\n<p><\/a><\/div>\n<p>En paralelo, el ex participante de Gran Hermano Argentina se expres\u00f3 en redes sociales intentando llevar tranquilidad y relativizar lo ocurrido. Sin embargo, la intervenci\u00f3n de la fiscal\u00eda confirm\u00f3 que el caso tom\u00f3 car\u00e1cter judicial y que se activaron los protocolos correspondientes.<\/p>\n<p>La situaci\u00f3n gener\u00f3 preocupaci\u00f3n entre sus seguidores, ya que no es la primera vez que el entorno familiar del ex hermanito queda expuesto p\u00fablicamente. Mientras tanto, la investigaci\u00f3n contin\u00faa su curso y se espera que en las pr\u00f3ximas horas haya m\u00e1s precisiones sobre la situaci\u00f3n procesal de Julio Ricardo Medina.<\/p>\n<figure class=\"wp-block-image size-full\"><img decoding=\"async\" width=\"912\" height=\"513\" src=\"https:\/\/www.paparazzi.com.ar\/wp-content\/uploads\/2026\/03\/image-7.png.webp\" loading=\"lazy\" alt=\"\" class=\"wp-image-466801\" \/><\/figure>\n<div class=\"mt-box \">\n<h4 class=\"mt-heading\">Mir\u00e1 Tambi\u00e9n<\/h4>\n<p><a href=\"https:\/\/www.paparazzi.com.ar\/teve\/thiago-medina-mostro-por-primera-vez-las-terribles-cicatrices-del-accidente-en-moto\/\"><\/p>\n<div class=\"mt-content\">\n<div class=\"mt-image-container\"><img decoding=\"async\" src=\"https:\/\/www.paparazzi.com.ar\/wp-content\/uploads\/2026\/02\/Thiago-Medina-359x226.jpg\" alt=\"Thiago Medina mostr\u00f3 por primera vez las terribles cicatrices del accidente en moto\" class=\"mt-image\" loading=\"lazy\" \/><\/div>\n<h5 class=\"mt-title\">Thiago Medina mostr\u00f3 por primera vez las terribles cicatrices del accidente en moto<\/h5>\n<\/div>\n<p><\/a><\/div>\n<div class=\"mt-box \">\n<h4 class=\"mt-heading\">Mir\u00e1 Tambi\u00e9n<\/h4>\n<p><a href=\"https:\/\/www.paparazzi.com.ar\/teve\/thiago-medina-revelo-con-que-sonaba-estando-en-terapia-intensiva-y-tras-su-dramatico-accidente\/\"><\/p>\n<div class=\"mt-content\">\n<div class=\"mt-image-container\"><img decoding=\"async\" src=\"https:\/\/www.paparazzi.com.ar\/wp-content\/uploads\/2025\/11\/La-cruda-confesion-de-Thiago-Medina-a-sus-22-anos-tras-su-accidente-22Quedar-en-sillas-de-ruedas22-359x226.jpg\" alt=\"Thiago Medina revel\u00f3 con qu\u00e9 so\u00f1aba estando en terapia intensiva y tras su dram\u00e1tico accidente\" class=\"mt-image\" loading=\"lazy\" \/><\/div>\n<h5 class=\"mt-title\">Thiago Medina revel\u00f3 con qu\u00e9 so\u00f1aba estando en terapia intensiva y tras su dram\u00e1tico accidente<\/h5>\n<\/div>\n<p><\/a><\/div>\n<p>The post <a href=\"https:\/\/www.paparazzi.com.ar\/teve\/detuvieron-al-papa-de-thiago-medina-por-supuesta-agresion-y-amenazas-que-dice-la-fiscalia\/\">Detuvieron al pap\u00e1 de Thiago Medina por supuesta agresi\u00f3n y amenazas: qu\u00e9 dice la fiscal\u00eda<\/a> appeared first on <a href=\"https:\/\/www.paparazzi.com.ar\">Revista Paparazzi<\/a>.<\/p>\n","protected":false},"excerpt":{"rendered":"<p>El entorno de Thiago Medina volvi\u00f3 a quedar en el<\/p>\n","protected":false},"author":0,"featured_media":13278,"comment_status":"","ping_status":"","sticky":false,"template":"","format":"standard","meta":{"footnotes":""},"categories":[12],"tags":[],"class_list":["post-13277","post","type-post","status-publish","format-standard","has-post-thumbnail","hentry","category-espectaculo"],"yoast_head":"<!-- This site is optimized with the Yoast SEO plugin v27.5 - https:\/\/yoast.com\/product\/yoast-seo-wordpress\/ -->\n<title>Detuvieron al pap\u00e1 de Thiago Medina por supuesta agresi\u00f3n y amenazas: qu\u00e9 dice la fiscal\u00eda - Cuarteto en la Web<\/title>\n<meta name=\"robots\" content=\"index, follow, max-snippet:-1, max-image-preview:large, max-video-preview:-1\" \/>\n<link rel=\"canonical\" href=\"https:\/\/cuartetoenlaweb.com.ar\/sitio\/detuvieron-al-papa-de-thiago-medina-por-supuesta-agresion-y-amenazas-que-dice-la-fiscalia\/\" \/>\n<meta property=\"og:locale\" content=\"es_ES\" \/>\n<meta property=\"og:type\" content=\"article\" \/>\n<meta property=\"og:title\" content=\"Detuvieron al pap\u00e1 de Thiago Medina por supuesta agresi\u00f3n y amenazas: qu\u00e9 dice la fiscal\u00eda - Cuarteto en la Web\" \/>\n<meta property=\"og:description\" content=\"El entorno de Thiago Medina volvi\u00f3 a quedar en el\" \/>\n<meta property=\"og:url\" content=\"https:\/\/cuartetoenlaweb.com.ar\/sitio\/detuvieron-al-papa-de-thiago-medina-por-supuesta-agresion-y-amenazas-que-dice-la-fiscalia\/\" \/>\n<meta property=\"og:site_name\" content=\"Cuarteto en la Web\" \/>\n<meta property=\"article:published_time\" content=\"2026-03-02T22:59:54+00:00\" \/>\n<meta property=\"og:image\" content=\"https:\/\/cuartetoenlaweb.com.ar\/sitio\/wp-content\/uploads\/2026\/03\/Marta-Fort-y-Felipe-359x226-19.jpg\" \/>\n\t<meta property=\"og:image:width\" content=\"359\" \/>\n\t<meta property=\"og:image:height\" content=\"226\" \/>\n\t<meta property=\"og:image:type\" content=\"image\/jpeg\" \/>\n<meta name=\"twitter:card\" content=\"summary_large_image\" \/>\n<meta name=\"twitter:label1\" content=\"Tiempo de lectura\" \/>\n\t<meta name=\"twitter:data1\" content=\"2 minutos\" \/>\n<script type=\"application\/ld+json\" class=\"yoast-schema-graph\">{\"@context\":\"https:\\\/\\\/schema.org\",\"@graph\":[{\"@type\":\"Article\",\"@id\":\"https:\\\/\\\/cuartetoenlaweb.com.ar\\\/sitio\\\/detuvieron-al-papa-de-thiago-medina-por-supuesta-agresion-y-amenazas-que-dice-la-fiscalia\\\/#article\",\"isPartOf\":{\"@id\":\"https:\\\/\\\/cuartetoenlaweb.com.ar\\\/sitio\\\/detuvieron-al-papa-de-thiago-medina-por-supuesta-agresion-y-amenazas-que-dice-la-fiscalia\\\/\"},\"author\":{\"name\":\"\",\"@id\":\"\"},\"headline\":\"Detuvieron al pap\u00e1 de Thiago Medina por supuesta agresi\u00f3n y amenazas: qu\u00e9 dice la fiscal\u00eda\",\"datePublished\":\"2026-03-02T22:59:54+00:00\",\"mainEntityOfPage\":{\"@id\":\"https:\\\/\\\/cuartetoenlaweb.com.ar\\\/sitio\\\/detuvieron-al-papa-de-thiago-medina-por-supuesta-agresion-y-amenazas-que-dice-la-fiscalia\\\/\"},\"wordCount\":355,\"publisher\":{\"@id\":\"http:\\\/\\\/cuartetoenlaweb.com.ar\\\/sitio\\\/#organization\"},\"image\":{\"@id\":\"https:\\\/\\\/cuartetoenlaweb.com.ar\\\/sitio\\\/detuvieron-al-papa-de-thiago-medina-por-supuesta-agresion-y-amenazas-que-dice-la-fiscalia\\\/#primaryimage\"},\"thumbnailUrl\":\"https:\\\/\\\/cuartetoenlaweb.com.ar\\\/sitio\\\/wp-content\\\/uploads\\\/2026\\\/03\\\/Marta-Fort-y-Felipe-359x226-19.jpg\",\"articleSection\":[\"ESPECT\u00c1CULO\"],\"inLanguage\":\"es\"},{\"@type\":\"WebPage\",\"@id\":\"https:\\\/\\\/cuartetoenlaweb.com.ar\\\/sitio\\\/detuvieron-al-papa-de-thiago-medina-por-supuesta-agresion-y-amenazas-que-dice-la-fiscalia\\\/\",\"url\":\"https:\\\/\\\/cuartetoenlaweb.com.ar\\\/sitio\\\/detuvieron-al-papa-de-thiago-medina-por-supuesta-agresion-y-amenazas-que-dice-la-fiscalia\\\/\",\"name\":\"Detuvieron al pap\u00e1 de Thiago Medina por supuesta agresi\u00f3n y amenazas: qu\u00e9 dice la fiscal\u00eda - Cuarteto en la Web\",\"isPartOf\":{\"@id\":\"http:\\\/\\\/cuartetoenlaweb.com.ar\\\/sitio\\\/#website\"},\"primaryImageOfPage\":{\"@id\":\"https:\\\/\\\/cuartetoenlaweb.com.ar\\\/sitio\\\/detuvieron-al-papa-de-thiago-medina-por-supuesta-agresion-y-amenazas-que-dice-la-fiscalia\\\/#primaryimage\"},\"image\":{\"@id\":\"https:\\\/\\\/cuartetoenlaweb.com.ar\\\/sitio\\\/detuvieron-al-papa-de-thiago-medina-por-supuesta-agresion-y-amenazas-que-dice-la-fiscalia\\\/#primaryimage\"},\"thumbnailUrl\":\"https:\\\/\\\/cuartetoenlaweb.com.ar\\\/sitio\\\/wp-content\\\/uploads\\\/2026\\\/03\\\/Marta-Fort-y-Felipe-359x226-19.jpg\",\"datePublished\":\"2026-03-02T22:59:54+00:00\",\"breadcrumb\":{\"@id\":\"https:\\\/\\\/cuartetoenlaweb.com.ar\\\/sitio\\\/detuvieron-al-papa-de-thiago-medina-por-supuesta-agresion-y-amenazas-que-dice-la-fiscalia\\\/#breadcrumb\"},\"inLanguage\":\"es\",\"potentialAction\":[{\"@type\":\"ReadAction\",\"target\":[\"https:\\\/\\\/cuartetoenlaweb.com.ar\\\/sitio\\\/detuvieron-al-papa-de-thiago-medina-por-supuesta-agresion-y-amenazas-que-dice-la-fiscalia\\\/\"]}]},{\"@type\":\"ImageObject\",\"inLanguage\":\"es\",\"@id\":\"https:\\\/\\\/cuartetoenlaweb.com.ar\\\/sitio\\\/detuvieron-al-papa-de-thiago-medina-por-supuesta-agresion-y-amenazas-que-dice-la-fiscalia\\\/#primaryimage\",\"url\":\"https:\\\/\\\/cuartetoenlaweb.com.ar\\\/sitio\\\/wp-content\\\/uploads\\\/2026\\\/03\\\/Marta-Fort-y-Felipe-359x226-19.jpg\",\"contentUrl\":\"https:\\\/\\\/cuartetoenlaweb.com.ar\\\/sitio\\\/wp-content\\\/uploads\\\/2026\\\/03\\\/Marta-Fort-y-Felipe-359x226-19.jpg\",\"width\":359,\"height\":226},{\"@type\":\"BreadcrumbList\",\"@id\":\"https:\\\/\\\/cuartetoenlaweb.com.ar\\\/sitio\\\/detuvieron-al-papa-de-thiago-medina-por-supuesta-agresion-y-amenazas-que-dice-la-fiscalia\\\/#breadcrumb\",\"itemListElement\":[{\"@type\":\"ListItem\",\"position\":1,\"name\":\"Portada\",\"item\":\"http:\\\/\\\/cuartetoenlaweb.com.ar\\\/sitio\\\/\"},{\"@type\":\"ListItem\",\"position\":2,\"name\":\"Detuvieron al pap\u00e1 de Thiago Medina por supuesta agresi\u00f3n y amenazas: qu\u00e9 dice la fiscal\u00eda\"}]},{\"@type\":\"WebSite\",\"@id\":\"http:\\\/\\\/cuartetoenlaweb.com.ar\\\/sitio\\\/#website\",\"url\":\"http:\\\/\\\/cuartetoenlaweb.com.ar\\\/sitio\\\/\",\"name\":\"Cuarteto en la Web\",\"description\":\"\",\"publisher\":{\"@id\":\"http:\\\/\\\/cuartetoenlaweb.com.ar\\\/sitio\\\/#organization\"},\"potentialAction\":[{\"@type\":\"SearchAction\",\"target\":{\"@type\":\"EntryPoint\",\"urlTemplate\":\"http:\\\/\\\/cuartetoenlaweb.com.ar\\\/sitio\\\/?s={search_term_string}\"},\"query-input\":{\"@type\":\"PropertyValueSpecification\",\"valueRequired\":true,\"valueName\":\"search_term_string\"}}],\"inLanguage\":\"es\"},{\"@type\":\"Organization\",\"@id\":\"http:\\\/\\\/cuartetoenlaweb.com.ar\\\/sitio\\\/#organization\",\"name\":\"Cuarteto en la Web\",\"url\":\"http:\\\/\\\/cuartetoenlaweb.com.ar\\\/sitio\\\/\",\"logo\":{\"@type\":\"ImageObject\",\"inLanguage\":\"es\",\"@id\":\"http:\\\/\\\/cuartetoenlaweb.com.ar\\\/sitio\\\/#\\\/schema\\\/logo\\\/image\\\/\",\"url\":\"https:\\\/\\\/cuartetoenlaweb.com.ar\\\/sitio\\\/wp-content\\\/uploads\\\/2025\\\/07\\\/cropped-cropped-logitoweb21.png\",\"contentUrl\":\"https:\\\/\\\/cuartetoenlaweb.com.ar\\\/sitio\\\/wp-content\\\/uploads\\\/2025\\\/07\\\/cropped-cropped-logitoweb21.png\",\"width\":199,\"height\":199,\"caption\":\"Cuarteto en la Web\"},\"image\":{\"@id\":\"http:\\\/\\\/cuartetoenlaweb.com.ar\\\/sitio\\\/#\\\/schema\\\/logo\\\/image\\\/\"}}]}<\/script>\n<!-- \/ Yoast SEO plugin. -->","yoast_head_json":{"title":"Detuvieron al pap\u00e1 de Thiago Medina por supuesta agresi\u00f3n y amenazas: qu\u00e9 dice la fiscal\u00eda - Cuarteto en la Web","robots":{"index":"index","follow":"follow","max-snippet":"max-snippet:-1","max-image-preview":"max-image-preview:large","max-video-preview":"max-video-preview:-1"},"canonical":"https:\/\/cuartetoenlaweb.com.ar\/sitio\/detuvieron-al-papa-de-thiago-medina-por-supuesta-agresion-y-amenazas-que-dice-la-fiscalia\/","og_locale":"es_ES","og_type":"article","og_title":"Detuvieron al pap\u00e1 de Thiago Medina por supuesta agresi\u00f3n y amenazas: qu\u00e9 dice la fiscal\u00eda - Cuarteto en la Web","og_description":"El entorno de Thiago Medina volvi\u00f3 a quedar en el","og_url":"https:\/\/cuartetoenlaweb.com.ar\/sitio\/detuvieron-al-papa-de-thiago-medina-por-supuesta-agresion-y-amenazas-que-dice-la-fiscalia\/","og_site_name":"Cuarteto en la Web","article_published_time":"2026-03-02T22:59:54+00:00","og_image":[{"width":359,"height":226,"url":"https:\/\/cuartetoenlaweb.com.ar\/sitio\/wp-content\/uploads\/2026\/03\/Marta-Fort-y-Felipe-359x226-19.jpg","type":"image\/jpeg"}],"twitter_card":"summary_large_image","twitter_misc":{"Tiempo de lectura":"2 minutos"},"schema":{"@context":"https:\/\/schema.org","@graph":[{"@type":"Article","@id":"https:\/\/cuartetoenlaweb.com.ar\/sitio\/detuvieron-al-papa-de-thiago-medina-por-supuesta-agresion-y-amenazas-que-dice-la-fiscalia\/#article","isPartOf":{"@id":"https:\/\/cuartetoenlaweb.com.ar\/sitio\/detuvieron-al-papa-de-thiago-medina-por-supuesta-agresion-y-amenazas-que-dice-la-fiscalia\/"},"author":{"name":"","@id":""},"headline":"Detuvieron al pap\u00e1 de Thiago Medina por supuesta agresi\u00f3n y amenazas: qu\u00e9 dice la fiscal\u00eda","datePublished":"2026-03-02T22:59:54+00:00","mainEntityOfPage":{"@id":"https:\/\/cuartetoenlaweb.com.ar\/sitio\/detuvieron-al-papa-de-thiago-medina-por-supuesta-agresion-y-amenazas-que-dice-la-fiscalia\/"},"wordCount":355,"publisher":{"@id":"http:\/\/cuartetoenlaweb.com.ar\/sitio\/#organization"},"image":{"@id":"https:\/\/cuartetoenlaweb.com.ar\/sitio\/detuvieron-al-papa-de-thiago-medina-por-supuesta-agresion-y-amenazas-que-dice-la-fiscalia\/#primaryimage"},"thumbnailUrl":"https:\/\/cuartetoenlaweb.com.ar\/sitio\/wp-content\/uploads\/2026\/03\/Marta-Fort-y-Felipe-359x226-19.jpg","articleSection":["ESPECT\u00c1CULO"],"inLanguage":"es"},{"@type":"WebPage","@id":"https:\/\/cuartetoenlaweb.com.ar\/sitio\/detuvieron-al-papa-de-thiago-medina-por-supuesta-agresion-y-amenazas-que-dice-la-fiscalia\/","url":"https:\/\/cuartetoenlaweb.com.ar\/sitio\/detuvieron-al-papa-de-thiago-medina-por-supuesta-agresion-y-amenazas-que-dice-la-fiscalia\/","name":"Detuvieron al pap\u00e1 de Thiago Medina por supuesta agresi\u00f3n y amenazas: qu\u00e9 dice la fiscal\u00eda - Cuarteto en la Web","isPartOf":{"@id":"http:\/\/cuartetoenlaweb.com.ar\/sitio\/#website"},"primaryImageOfPage":{"@id":"https:\/\/cuartetoenlaweb.com.ar\/sitio\/detuvieron-al-papa-de-thiago-medina-por-supuesta-agresion-y-amenazas-que-dice-la-fiscalia\/#primaryimage"},"image":{"@id":"https:\/\/cuartetoenlaweb.com.ar\/sitio\/detuvieron-al-papa-de-thiago-medina-por-supuesta-agresion-y-amenazas-que-dice-la-fiscalia\/#primaryimage"},"thumbnailUrl":"https:\/\/cuartetoenlaweb.com.ar\/sitio\/wp-content\/uploads\/2026\/03\/Marta-Fort-y-Felipe-359x226-19.jpg","datePublished":"2026-03-02T22:59:54+00:00","breadcrumb":{"@id":"https:\/\/cuartetoenlaweb.com.ar\/sitio\/detuvieron-al-papa-de-thiago-medina-por-supuesta-agresion-y-amenazas-que-dice-la-fiscalia\/#breadcrumb"},"inLanguage":"es","potentialAction":[{"@type":"ReadAction","target":["https:\/\/cuartetoenlaweb.com.ar\/sitio\/detuvieron-al-papa-de-thiago-medina-por-supuesta-agresion-y-amenazas-que-dice-la-fiscalia\/"]}]},{"@type":"ImageObject","inLanguage":"es","@id":"https:\/\/cuartetoenlaweb.com.ar\/sitio\/detuvieron-al-papa-de-thiago-medina-por-supuesta-agresion-y-amenazas-que-dice-la-fiscalia\/#primaryimage","url":"https:\/\/cuartetoenlaweb.com.ar\/sitio\/wp-content\/uploads\/2026\/03\/Marta-Fort-y-Felipe-359x226-19.jpg","contentUrl":"https:\/\/cuartetoenlaweb.com.ar\/sitio\/wp-content\/uploads\/2026\/03\/Marta-Fort-y-Felipe-359x226-19.jpg","width":359,"height":226},{"@type":"BreadcrumbList","@id":"https:\/\/cuartetoenlaweb.com.ar\/sitio\/detuvieron-al-papa-de-thiago-medina-por-supuesta-agresion-y-amenazas-que-dice-la-fiscalia\/#breadcrumb","itemListElement":[{"@type":"ListItem","position":1,"name":"Portada","item":"http:\/\/cuartetoenlaweb.com.ar\/sitio\/"},{"@type":"ListItem","position":2,"name":"Detuvieron al pap\u00e1 de Thiago Medina por supuesta agresi\u00f3n y amenazas: qu\u00e9 dice la fiscal\u00eda"}]},{"@type":"WebSite","@id":"http:\/\/cuartetoenlaweb.com.ar\/sitio\/#website","url":"http:\/\/cuartetoenlaweb.com.ar\/sitio\/","name":"Cuarteto en la Web","description":"","publisher":{"@id":"http:\/\/cuartetoenlaweb.com.ar\/sitio\/#organization"},"potentialAction":[{"@type":"SearchAction","target":{"@type":"EntryPoint","urlTemplate":"http:\/\/cuartetoenlaweb.com.ar\/sitio\/?s={search_term_string}"},"query-input":{"@type":"PropertyValueSpecification","valueRequired":true,"valueName":"search_term_string"}}],"inLanguage":"es"},{"@type":"Organization","@id":"http:\/\/cuartetoenlaweb.com.ar\/sitio\/#organization","name":"Cuarteto en la Web","url":"http:\/\/cuartetoenlaweb.com.ar\/sitio\/","logo":{"@type":"ImageObject","inLanguage":"es","@id":"http:\/\/cuartetoenlaweb.com.ar\/sitio\/#\/schema\/logo\/image\/","url":"https:\/\/cuartetoenlaweb.com.ar\/sitio\/wp-content\/uploads\/2025\/07\/cropped-cropped-logitoweb21.png","contentUrl":"https:\/\/cuartetoenlaweb.com.ar\/sitio\/wp-content\/uploads\/2025\/07\/cropped-cropped-logitoweb21.png","width":199,"height":199,"caption":"Cuarteto en la Web"},"image":{"@id":"http:\/\/cuartetoenlaweb.com.ar\/sitio\/#\/schema\/logo\/image\/"}}]}},"_links":{"self":[{"href":"https:\/\/cuartetoenlaweb.com.ar\/sitio\/wp-json\/wp\/v2\/posts\/13277","targetHints":{"allow":["GET"]}}],"collection":[{"href":"https:\/\/cuartetoenlaweb.com.ar\/sitio\/wp-json\/wp\/v2\/posts"}],"about":[{"href":"https:\/\/cuartetoenlaweb.com.ar\/sitio\/wp-json\/wp\/v2\/types\/post"}],"replies":[{"embeddable":true,"href":"https:\/\/cuartetoenlaweb.com.ar\/sitio\/wp-json\/wp\/v2\/comments?post=13277"}],"version-history":[{"count":0,"href":"https:\/\/cuartetoenlaweb.com.ar\/sitio\/wp-json\/wp\/v2\/posts\/13277\/revisions"}],"wp:featuredmedia":[{"embeddable":true,"href":"https:\/\/cuartetoenlaweb.com.ar\/sitio\/wp-json\/wp\/v2\/media\/13278"}],"wp:attachment":[{"href":"https:\/\/cuartetoenlaweb.com.ar\/sitio\/wp-json\/wp\/v2\/media?parent=13277"}],"wp:term":[{"taxonomy":"category","embeddable":true,"href":"https:\/\/cuartetoenlaweb.com.ar\/sitio\/wp-json\/wp\/v2\/categories?post=13277"},{"taxonomy":"post_tag","embeddable":true,"href":"https:\/\/cuartetoenlaweb.com.ar\/sitio\/wp-json\/wp\/v2\/tags?post=13277"}],"curies":[{"name":"wp","href":"https:\/\/api.w.org\/{rel}","templated":true}]}}