
{"id":13267,"date":"2026-03-02T18:25:06","date_gmt":"2026-03-02T21:25:06","guid":{"rendered":"https:\/\/cuartetoenlaweb.com.ar\/sitio\/?p=13267"},"modified":"2026-03-02T18:31:57","modified_gmt":"2026-03-02T21:31:57","slug":"sueno-cumplido-de-vivir-bajo-un-puente-a-debutar-en-plaza-de-la-musica","status":"publish","type":"post","link":"https:\/\/cuartetoenlaweb.com.ar\/sitio\/sueno-cumplido-de-vivir-bajo-un-puente-a-debutar-en-plaza-de-la-musica\/","title":{"rendered":"Sue\u00f1o cumplido: de vivir bajo un puente a debutar en Plaza de la M\u00fasica"},"content":{"rendered":"<p>La magia de la tecnolog\u00eda que lleva a que un video casual se haga viral y de all\u00ed a cumplir un sue\u00f1o. La historia de Brian Guzm\u00e1n, un artista callejero que cantaba en las calles y a trav\u00e9s de su arte logr\u00f3 que Nico Sattler de Q&#8217;lokura lo escuche y fuera a buscarlo, para proponerle grabar algunas canciones y acompa\u00f1arlo en su show en Plaza de la M\u00fasica.<\/p>\n<p>Brian, cont\u00f3 que el mal camino lo llevo a caer en las adicciones y de all\u00ed a vivir en las calles, durmiendo bajo un puente. Pero a pesar de eso, tambi\u00e9n mostraba su arte, cantando cuarteto. Adem\u00e1s dijo que este es un sue\u00f1o, algo que siempre esper\u00f3.<\/p>\n<p>Nico hizo un video en redes donde contaba que lo estaba buscando para ofrecerle grabar algo e invitarlo a cantar con ellos. Finalmente lo encontr\u00f3 y todo fue sorpresa, el joven artista se emocion\u00f3 al verlo y mas a\u00fan cuando Nico le dijo que quer\u00eda producirle un disco y tambi\u00e9n invitarlo a cantar con ellos.<\/p>\n<p><img loading=\"lazy\" decoding=\"async\" class=\"alignnone wp-image-13270\" src=\"http:\/\/cuartetoenlaweb.com.ar\/sitio\/wp-content\/uploads\/2026\/03\/2026-03-02_18h21_37.png\" alt=\"\" width=\"288\" height=\"213\" srcset=\"https:\/\/cuartetoenlaweb.com.ar\/sitio\/wp-content\/uploads\/2026\/03\/2026-03-02_18h21_37.png 399w, https:\/\/cuartetoenlaweb.com.ar\/sitio\/wp-content\/uploads\/2026\/03\/2026-03-02_18h21_37-300x222.png 300w\" sizes=\"auto, (max-width: 288px) 100vw, 288px\" \/> <img loading=\"lazy\" decoding=\"async\" class=\"alignnone wp-image-13271\" src=\"http:\/\/cuartetoenlaweb.com.ar\/sitio\/wp-content\/uploads\/2026\/03\/2026-03-02_18h23_20.png\" alt=\"\" width=\"245\" height=\"214\" srcset=\"https:\/\/cuartetoenlaweb.com.ar\/sitio\/wp-content\/uploads\/2026\/03\/2026-03-02_18h23_20.png 400w, https:\/\/cuartetoenlaweb.com.ar\/sitio\/wp-content\/uploads\/2026\/03\/2026-03-02_18h23_20-300x263.png 300w\" sizes=\"auto, (max-width: 245px) 100vw, 245px\" \/> <img loading=\"lazy\" decoding=\"async\" class=\"alignnone wp-image-13269\" src=\"http:\/\/cuartetoenlaweb.com.ar\/sitio\/wp-content\/uploads\/2026\/03\/2026-03-02_18h20_51.png\" alt=\"\" width=\"323\" height=\"212\" srcset=\"https:\/\/cuartetoenlaweb.com.ar\/sitio\/wp-content\/uploads\/2026\/03\/2026-03-02_18h20_51.png 543w, https:\/\/cuartetoenlaweb.com.ar\/sitio\/wp-content\/uploads\/2026\/03\/2026-03-02_18h20_51-300x197.png 300w\" sizes=\"auto, (max-width: 323px) 100vw, 323px\" \/><\/p>\n<p>Inmediatamente Brian llam\u00f3 a su madre para contarle la sorpresa y dijo: &#8216;Mam\u00e1 lo logramos, llegamos&#8217;<\/p>\n<p>Este es un lugar que no muchos encuentran o consiguen, esperemos que este joven artista pueda superar toda la adversidad, olvidar el pasado y mirar hacia el futuro, para \u00e9l para su familia y para demostrar que siempre se puede, con esfuerzo y valent\u00eda.<\/p>\n<p>A Brian no les falta nada y lo demostr\u00f3 sobre el escenario de la plaza, se comi\u00f3 al publico y demostr\u00f3 todo lo que tiene para entregar. Ahora resta esperar su nueva producci\u00f3n y como se encamina hacia adelante.<\/p>\n<p>Desde Cuarteto en la Web, apoyamos este tipo de acciones que no se ven a menudo, pero por suerte suceden. Gracias Nico por tus valores por ese coraz\u00f3n enorme, sos un grande y esto quedar\u00e1 en la historia y en la memoria de todos los bailarines.<\/p>\n<p>&nbsp;<\/p>\n<p>&nbsp;<\/p>\n<blockquote class=\"tiktok-embed\" style=\"max-width: 605px; min-width: 325px;\" cite=\"https:\/\/www.tiktok.com\/@qlokuraok\/video\/7610197429245463816\" data-video-id=\"7610197429245463816\">\n<section><a title=\"@qlokuraok\" href=\"https:\/\/www.tiktok.com\/@qlokuraok?refer=embed\" target=\"_blank\" rel=\"noopener\">@qlokuraok<\/a> Los sue\u00f1os se cumplen amigo, le presentamos a @brian guzman <a title=\"\u266c sonido original - Q\u2019 Lokura\" href=\"https:\/\/www.tiktok.com\/music\/sonido-original-7610197938897128212?refer=embed\" target=\"_blank\" rel=\"noopener\">\u266c sonido original &#8211; Q\u2019 Lokura<\/a><\/section>\n<\/blockquote>\n<p><script async src=\"https:\/\/www.tiktok.com\/embed.js\"><\/script><\/p>\n<p>&nbsp;<\/p>\n","protected":false},"excerpt":{"rendered":"<p>La magia de la tecnolog\u00eda que lleva a que un<\/p>\n","protected":false},"author":1,"featured_media":13268,"comment_status":"closed","ping_status":"closed","sticky":false,"template":"","format":"standard","meta":{"footnotes":""},"categories":[1],"tags":[233,232,234,18,113,103],"class_list":["post-13267","post","type-post","status-publish","format-standard","has-post-thumbnail","hentry","category-populares","tag-artista","tag-brian","tag-callejero","tag-cuarteto","tag-plaza-de-la-musica","tag-qlokura"],"yoast_head":"<!-- This site is optimized with the Yoast SEO plugin v27.5 - https:\/\/yoast.com\/product\/yoast-seo-wordpress\/ -->\n<title>Sue\u00f1o cumplido: de vivir bajo un puente a debutar en Plaza de la M\u00fasica - Cuarteto en la Web<\/title>\n<meta name=\"robots\" content=\"index, follow, max-snippet:-1, max-image-preview:large, max-video-preview:-1\" \/>\n<link rel=\"canonical\" href=\"https:\/\/cuartetoenlaweb.com.ar\/sitio\/sueno-cumplido-de-vivir-bajo-un-puente-a-debutar-en-plaza-de-la-musica\/\" \/>\n<meta property=\"og:locale\" content=\"es_ES\" \/>\n<meta property=\"og:type\" content=\"article\" \/>\n<meta property=\"og:title\" content=\"Sue\u00f1o cumplido: de vivir bajo un puente a debutar en Plaza de la M\u00fasica - Cuarteto en la Web\" \/>\n<meta property=\"og:description\" content=\"La magia de la tecnolog\u00eda que lleva a que un\" \/>\n<meta property=\"og:url\" content=\"https:\/\/cuartetoenlaweb.com.ar\/sitio\/sueno-cumplido-de-vivir-bajo-un-puente-a-debutar-en-plaza-de-la-musica\/\" \/>\n<meta property=\"og:site_name\" content=\"Cuarteto en la Web\" \/>\n<meta property=\"article:published_time\" content=\"2026-03-02T21:25:06+00:00\" \/>\n<meta property=\"article:modified_time\" content=\"2026-03-02T21:31:57+00:00\" \/>\n<meta property=\"og:image\" content=\"https:\/\/cuartetoenlaweb.com.ar\/sitio\/wp-content\/uploads\/2026\/03\/2026-03-02_18h23_32.png\" \/>\n\t<meta property=\"og:image:width\" content=\"398\" \/>\n\t<meta property=\"og:image:height\" content=\"300\" \/>\n\t<meta property=\"og:image:type\" content=\"image\/png\" \/>\n<meta name=\"author\" content=\"Redaccion Web\" \/>\n<meta name=\"twitter:card\" content=\"summary_large_image\" \/>\n<meta name=\"twitter:label1\" content=\"Escrito por\" \/>\n\t<meta name=\"twitter:data1\" content=\"Redaccion Web\" \/>\n\t<meta name=\"twitter:label2\" content=\"Tiempo de lectura\" \/>\n\t<meta name=\"twitter:data2\" content=\"3 minutos\" \/>\n<script type=\"application\/ld+json\" class=\"yoast-schema-graph\">{\"@context\":\"https:\\\/\\\/schema.org\",\"@graph\":[{\"@type\":\"Article\",\"@id\":\"https:\\\/\\\/cuartetoenlaweb.com.ar\\\/sitio\\\/sueno-cumplido-de-vivir-bajo-un-puente-a-debutar-en-plaza-de-la-musica\\\/#article\",\"isPartOf\":{\"@id\":\"https:\\\/\\\/cuartetoenlaweb.com.ar\\\/sitio\\\/sueno-cumplido-de-vivir-bajo-un-puente-a-debutar-en-plaza-de-la-musica\\\/\"},\"author\":{\"name\":\"Redaccion Web\",\"@id\":\"http:\\\/\\\/cuartetoenlaweb.com.ar\\\/sitio\\\/#\\\/schema\\\/person\\\/8d8975379a9396b13dbdad543e1f08f9\"},\"headline\":\"Sue\u00f1o cumplido: de vivir bajo un puente a debutar en Plaza de la M\u00fasica\",\"datePublished\":\"2026-03-02T21:25:06+00:00\",\"dateModified\":\"2026-03-02T21:31:57+00:00\",\"mainEntityOfPage\":{\"@id\":\"https:\\\/\\\/cuartetoenlaweb.com.ar\\\/sitio\\\/sueno-cumplido-de-vivir-bajo-un-puente-a-debutar-en-plaza-de-la-musica\\\/\"},\"wordCount\":367,\"publisher\":{\"@id\":\"http:\\\/\\\/cuartetoenlaweb.com.ar\\\/sitio\\\/#organization\"},\"image\":{\"@id\":\"https:\\\/\\\/cuartetoenlaweb.com.ar\\\/sitio\\\/sueno-cumplido-de-vivir-bajo-un-puente-a-debutar-en-plaza-de-la-musica\\\/#primaryimage\"},\"thumbnailUrl\":\"https:\\\/\\\/cuartetoenlaweb.com.ar\\\/sitio\\\/wp-content\\\/uploads\\\/2026\\\/03\\\/2026-03-02_18h23_32.png\",\"keywords\":[\"artista\",\"Brian\",\"callejero\",\"cuarteto\",\"plaza de la m\u00fasica\",\"qlokura\"],\"articleSection\":[\"POPULARES\"],\"inLanguage\":\"es\"},{\"@type\":\"WebPage\",\"@id\":\"https:\\\/\\\/cuartetoenlaweb.com.ar\\\/sitio\\\/sueno-cumplido-de-vivir-bajo-un-puente-a-debutar-en-plaza-de-la-musica\\\/\",\"url\":\"https:\\\/\\\/cuartetoenlaweb.com.ar\\\/sitio\\\/sueno-cumplido-de-vivir-bajo-un-puente-a-debutar-en-plaza-de-la-musica\\\/\",\"name\":\"Sue\u00f1o cumplido: de vivir bajo un puente a debutar en Plaza de la M\u00fasica - Cuarteto en la Web\",\"isPartOf\":{\"@id\":\"http:\\\/\\\/cuartetoenlaweb.com.ar\\\/sitio\\\/#website\"},\"primaryImageOfPage\":{\"@id\":\"https:\\\/\\\/cuartetoenlaweb.com.ar\\\/sitio\\\/sueno-cumplido-de-vivir-bajo-un-puente-a-debutar-en-plaza-de-la-musica\\\/#primaryimage\"},\"image\":{\"@id\":\"https:\\\/\\\/cuartetoenlaweb.com.ar\\\/sitio\\\/sueno-cumplido-de-vivir-bajo-un-puente-a-debutar-en-plaza-de-la-musica\\\/#primaryimage\"},\"thumbnailUrl\":\"https:\\\/\\\/cuartetoenlaweb.com.ar\\\/sitio\\\/wp-content\\\/uploads\\\/2026\\\/03\\\/2026-03-02_18h23_32.png\",\"datePublished\":\"2026-03-02T21:25:06+00:00\",\"dateModified\":\"2026-03-02T21:31:57+00:00\",\"breadcrumb\":{\"@id\":\"https:\\\/\\\/cuartetoenlaweb.com.ar\\\/sitio\\\/sueno-cumplido-de-vivir-bajo-un-puente-a-debutar-en-plaza-de-la-musica\\\/#breadcrumb\"},\"inLanguage\":\"es\",\"potentialAction\":[{\"@type\":\"ReadAction\",\"target\":[\"https:\\\/\\\/cuartetoenlaweb.com.ar\\\/sitio\\\/sueno-cumplido-de-vivir-bajo-un-puente-a-debutar-en-plaza-de-la-musica\\\/\"]}]},{\"@type\":\"ImageObject\",\"inLanguage\":\"es\",\"@id\":\"https:\\\/\\\/cuartetoenlaweb.com.ar\\\/sitio\\\/sueno-cumplido-de-vivir-bajo-un-puente-a-debutar-en-plaza-de-la-musica\\\/#primaryimage\",\"url\":\"https:\\\/\\\/cuartetoenlaweb.com.ar\\\/sitio\\\/wp-content\\\/uploads\\\/2026\\\/03\\\/2026-03-02_18h23_32.png\",\"contentUrl\":\"https:\\\/\\\/cuartetoenlaweb.com.ar\\\/sitio\\\/wp-content\\\/uploads\\\/2026\\\/03\\\/2026-03-02_18h23_32.png\",\"width\":398,\"height\":300},{\"@type\":\"BreadcrumbList\",\"@id\":\"https:\\\/\\\/cuartetoenlaweb.com.ar\\\/sitio\\\/sueno-cumplido-de-vivir-bajo-un-puente-a-debutar-en-plaza-de-la-musica\\\/#breadcrumb\",\"itemListElement\":[{\"@type\":\"ListItem\",\"position\":1,\"name\":\"Portada\",\"item\":\"http:\\\/\\\/cuartetoenlaweb.com.ar\\\/sitio\\\/\"},{\"@type\":\"ListItem\",\"position\":2,\"name\":\"Sue\u00f1o cumplido: de vivir bajo un puente a debutar en Plaza de la M\u00fasica\"}]},{\"@type\":\"WebSite\",\"@id\":\"http:\\\/\\\/cuartetoenlaweb.com.ar\\\/sitio\\\/#website\",\"url\":\"http:\\\/\\\/cuartetoenlaweb.com.ar\\\/sitio\\\/\",\"name\":\"Cuarteto en la Web\",\"description\":\"\",\"publisher\":{\"@id\":\"http:\\\/\\\/cuartetoenlaweb.com.ar\\\/sitio\\\/#organization\"},\"potentialAction\":[{\"@type\":\"SearchAction\",\"target\":{\"@type\":\"EntryPoint\",\"urlTemplate\":\"http:\\\/\\\/cuartetoenlaweb.com.ar\\\/sitio\\\/?s={search_term_string}\"},\"query-input\":{\"@type\":\"PropertyValueSpecification\",\"valueRequired\":true,\"valueName\":\"search_term_string\"}}],\"inLanguage\":\"es\"},{\"@type\":\"Organization\",\"@id\":\"http:\\\/\\\/cuartetoenlaweb.com.ar\\\/sitio\\\/#organization\",\"name\":\"Cuarteto en la Web\",\"url\":\"http:\\\/\\\/cuartetoenlaweb.com.ar\\\/sitio\\\/\",\"logo\":{\"@type\":\"ImageObject\",\"inLanguage\":\"es\",\"@id\":\"http:\\\/\\\/cuartetoenlaweb.com.ar\\\/sitio\\\/#\\\/schema\\\/logo\\\/image\\\/\",\"url\":\"https:\\\/\\\/cuartetoenlaweb.com.ar\\\/sitio\\\/wp-content\\\/uploads\\\/2025\\\/07\\\/cropped-cropped-logitoweb21.png\",\"contentUrl\":\"https:\\\/\\\/cuartetoenlaweb.com.ar\\\/sitio\\\/wp-content\\\/uploads\\\/2025\\\/07\\\/cropped-cropped-logitoweb21.png\",\"width\":199,\"height\":199,\"caption\":\"Cuarteto en la Web\"},\"image\":{\"@id\":\"http:\\\/\\\/cuartetoenlaweb.com.ar\\\/sitio\\\/#\\\/schema\\\/logo\\\/image\\\/\"}},{\"@type\":\"Person\",\"@id\":\"http:\\\/\\\/cuartetoenlaweb.com.ar\\\/sitio\\\/#\\\/schema\\\/person\\\/8d8975379a9396b13dbdad543e1f08f9\",\"name\":\"Redaccion Web\",\"sameAs\":[\"http:\\\/\\\/cuartetoenlaweb.com.ar\\\/sitio\"],\"url\":\"https:\\\/\\\/cuartetoenlaweb.com.ar\\\/sitio\\\/author\\\/redaccion-web\\\/\"}]}<\/script>\n<!-- \/ Yoast SEO plugin. -->","yoast_head_json":{"title":"Sue\u00f1o cumplido: de vivir bajo un puente a debutar en Plaza de la M\u00fasica - Cuarteto en la Web","robots":{"index":"index","follow":"follow","max-snippet":"max-snippet:-1","max-image-preview":"max-image-preview:large","max-video-preview":"max-video-preview:-1"},"canonical":"https:\/\/cuartetoenlaweb.com.ar\/sitio\/sueno-cumplido-de-vivir-bajo-un-puente-a-debutar-en-plaza-de-la-musica\/","og_locale":"es_ES","og_type":"article","og_title":"Sue\u00f1o cumplido: de vivir bajo un puente a debutar en Plaza de la M\u00fasica - Cuarteto en la Web","og_description":"La magia de la tecnolog\u00eda que lleva a que un","og_url":"https:\/\/cuartetoenlaweb.com.ar\/sitio\/sueno-cumplido-de-vivir-bajo-un-puente-a-debutar-en-plaza-de-la-musica\/","og_site_name":"Cuarteto en la Web","article_published_time":"2026-03-02T21:25:06+00:00","article_modified_time":"2026-03-02T21:31:57+00:00","og_image":[{"width":398,"height":300,"url":"https:\/\/cuartetoenlaweb.com.ar\/sitio\/wp-content\/uploads\/2026\/03\/2026-03-02_18h23_32.png","type":"image\/png"}],"author":"Redaccion Web","twitter_card":"summary_large_image","twitter_misc":{"Escrito por":"Redaccion Web","Tiempo de lectura":"3 minutos"},"schema":{"@context":"https:\/\/schema.org","@graph":[{"@type":"Article","@id":"https:\/\/cuartetoenlaweb.com.ar\/sitio\/sueno-cumplido-de-vivir-bajo-un-puente-a-debutar-en-plaza-de-la-musica\/#article","isPartOf":{"@id":"https:\/\/cuartetoenlaweb.com.ar\/sitio\/sueno-cumplido-de-vivir-bajo-un-puente-a-debutar-en-plaza-de-la-musica\/"},"author":{"name":"Redaccion Web","@id":"http:\/\/cuartetoenlaweb.com.ar\/sitio\/#\/schema\/person\/8d8975379a9396b13dbdad543e1f08f9"},"headline":"Sue\u00f1o cumplido: de vivir bajo un puente a debutar en Plaza de la M\u00fasica","datePublished":"2026-03-02T21:25:06+00:00","dateModified":"2026-03-02T21:31:57+00:00","mainEntityOfPage":{"@id":"https:\/\/cuartetoenlaweb.com.ar\/sitio\/sueno-cumplido-de-vivir-bajo-un-puente-a-debutar-en-plaza-de-la-musica\/"},"wordCount":367,"publisher":{"@id":"http:\/\/cuartetoenlaweb.com.ar\/sitio\/#organization"},"image":{"@id":"https:\/\/cuartetoenlaweb.com.ar\/sitio\/sueno-cumplido-de-vivir-bajo-un-puente-a-debutar-en-plaza-de-la-musica\/#primaryimage"},"thumbnailUrl":"https:\/\/cuartetoenlaweb.com.ar\/sitio\/wp-content\/uploads\/2026\/03\/2026-03-02_18h23_32.png","keywords":["artista","Brian","callejero","cuarteto","plaza de la m\u00fasica","qlokura"],"articleSection":["POPULARES"],"inLanguage":"es"},{"@type":"WebPage","@id":"https:\/\/cuartetoenlaweb.com.ar\/sitio\/sueno-cumplido-de-vivir-bajo-un-puente-a-debutar-en-plaza-de-la-musica\/","url":"https:\/\/cuartetoenlaweb.com.ar\/sitio\/sueno-cumplido-de-vivir-bajo-un-puente-a-debutar-en-plaza-de-la-musica\/","name":"Sue\u00f1o cumplido: de vivir bajo un puente a debutar en Plaza de la M\u00fasica - Cuarteto en la Web","isPartOf":{"@id":"http:\/\/cuartetoenlaweb.com.ar\/sitio\/#website"},"primaryImageOfPage":{"@id":"https:\/\/cuartetoenlaweb.com.ar\/sitio\/sueno-cumplido-de-vivir-bajo-un-puente-a-debutar-en-plaza-de-la-musica\/#primaryimage"},"image":{"@id":"https:\/\/cuartetoenlaweb.com.ar\/sitio\/sueno-cumplido-de-vivir-bajo-un-puente-a-debutar-en-plaza-de-la-musica\/#primaryimage"},"thumbnailUrl":"https:\/\/cuartetoenlaweb.com.ar\/sitio\/wp-content\/uploads\/2026\/03\/2026-03-02_18h23_32.png","datePublished":"2026-03-02T21:25:06+00:00","dateModified":"2026-03-02T21:31:57+00:00","breadcrumb":{"@id":"https:\/\/cuartetoenlaweb.com.ar\/sitio\/sueno-cumplido-de-vivir-bajo-un-puente-a-debutar-en-plaza-de-la-musica\/#breadcrumb"},"inLanguage":"es","potentialAction":[{"@type":"ReadAction","target":["https:\/\/cuartetoenlaweb.com.ar\/sitio\/sueno-cumplido-de-vivir-bajo-un-puente-a-debutar-en-plaza-de-la-musica\/"]}]},{"@type":"ImageObject","inLanguage":"es","@id":"https:\/\/cuartetoenlaweb.com.ar\/sitio\/sueno-cumplido-de-vivir-bajo-un-puente-a-debutar-en-plaza-de-la-musica\/#primaryimage","url":"https:\/\/cuartetoenlaweb.com.ar\/sitio\/wp-content\/uploads\/2026\/03\/2026-03-02_18h23_32.png","contentUrl":"https:\/\/cuartetoenlaweb.com.ar\/sitio\/wp-content\/uploads\/2026\/03\/2026-03-02_18h23_32.png","width":398,"height":300},{"@type":"BreadcrumbList","@id":"https:\/\/cuartetoenlaweb.com.ar\/sitio\/sueno-cumplido-de-vivir-bajo-un-puente-a-debutar-en-plaza-de-la-musica\/#breadcrumb","itemListElement":[{"@type":"ListItem","position":1,"name":"Portada","item":"http:\/\/cuartetoenlaweb.com.ar\/sitio\/"},{"@type":"ListItem","position":2,"name":"Sue\u00f1o cumplido: de vivir bajo un puente a debutar en Plaza de la M\u00fasica"}]},{"@type":"WebSite","@id":"http:\/\/cuartetoenlaweb.com.ar\/sitio\/#website","url":"http:\/\/cuartetoenlaweb.com.ar\/sitio\/","name":"Cuarteto en la Web","description":"","publisher":{"@id":"http:\/\/cuartetoenlaweb.com.ar\/sitio\/#organization"},"potentialAction":[{"@type":"SearchAction","target":{"@type":"EntryPoint","urlTemplate":"http:\/\/cuartetoenlaweb.com.ar\/sitio\/?s={search_term_string}"},"query-input":{"@type":"PropertyValueSpecification","valueRequired":true,"valueName":"search_term_string"}}],"inLanguage":"es"},{"@type":"Organization","@id":"http:\/\/cuartetoenlaweb.com.ar\/sitio\/#organization","name":"Cuarteto en la Web","url":"http:\/\/cuartetoenlaweb.com.ar\/sitio\/","logo":{"@type":"ImageObject","inLanguage":"es","@id":"http:\/\/cuartetoenlaweb.com.ar\/sitio\/#\/schema\/logo\/image\/","url":"https:\/\/cuartetoenlaweb.com.ar\/sitio\/wp-content\/uploads\/2025\/07\/cropped-cropped-logitoweb21.png","contentUrl":"https:\/\/cuartetoenlaweb.com.ar\/sitio\/wp-content\/uploads\/2025\/07\/cropped-cropped-logitoweb21.png","width":199,"height":199,"caption":"Cuarteto en la Web"},"image":{"@id":"http:\/\/cuartetoenlaweb.com.ar\/sitio\/#\/schema\/logo\/image\/"}},{"@type":"Person","@id":"http:\/\/cuartetoenlaweb.com.ar\/sitio\/#\/schema\/person\/8d8975379a9396b13dbdad543e1f08f9","name":"Redaccion Web","sameAs":["http:\/\/cuartetoenlaweb.com.ar\/sitio"],"url":"https:\/\/cuartetoenlaweb.com.ar\/sitio\/author\/redaccion-web\/"}]}},"_links":{"self":[{"href":"https:\/\/cuartetoenlaweb.com.ar\/sitio\/wp-json\/wp\/v2\/posts\/13267","targetHints":{"allow":["GET"]}}],"collection":[{"href":"https:\/\/cuartetoenlaweb.com.ar\/sitio\/wp-json\/wp\/v2\/posts"}],"about":[{"href":"https:\/\/cuartetoenlaweb.com.ar\/sitio\/wp-json\/wp\/v2\/types\/post"}],"author":[{"embeddable":true,"href":"https:\/\/cuartetoenlaweb.com.ar\/sitio\/wp-json\/wp\/v2\/users\/1"}],"replies":[{"embeddable":true,"href":"https:\/\/cuartetoenlaweb.com.ar\/sitio\/wp-json\/wp\/v2\/comments?post=13267"}],"version-history":[{"count":4,"href":"https:\/\/cuartetoenlaweb.com.ar\/sitio\/wp-json\/wp\/v2\/posts\/13267\/revisions"}],"predecessor-version":[{"id":13276,"href":"https:\/\/cuartetoenlaweb.com.ar\/sitio\/wp-json\/wp\/v2\/posts\/13267\/revisions\/13276"}],"wp:featuredmedia":[{"embeddable":true,"href":"https:\/\/cuartetoenlaweb.com.ar\/sitio\/wp-json\/wp\/v2\/media\/13268"}],"wp:attachment":[{"href":"https:\/\/cuartetoenlaweb.com.ar\/sitio\/wp-json\/wp\/v2\/media?parent=13267"}],"wp:term":[{"taxonomy":"category","embeddable":true,"href":"https:\/\/cuartetoenlaweb.com.ar\/sitio\/wp-json\/wp\/v2\/categories?post=13267"},{"taxonomy":"post_tag","embeddable":true,"href":"https:\/\/cuartetoenlaweb.com.ar\/sitio\/wp-json\/wp\/v2\/tags?post=13267"}],"curies":[{"name":"wp","href":"https:\/\/api.w.org\/{rel}","templated":true}]}}