
{"id":13265,"date":"2026-03-02T12:00:41","date_gmt":"2026-03-02T15:00:41","guid":{"rendered":"http:\/\/cuartetoenlaweb.com.ar\/sitio\/desde-cachi-saenz-dejo-inaugurado-el-ciclo-lectivo-2026-persigan-sus-suenos-peleen-por-sus-suenos\/"},"modified":"2026-03-02T12:00:41","modified_gmt":"2026-03-02T15:00:41","slug":"desde-cachi-saenz-dejo-inaugurado-el-ciclo-lectivo-2026-persigan-sus-suenos-peleen-por-sus-suenos","status":"publish","type":"post","link":"https:\/\/cuartetoenlaweb.com.ar\/sitio\/desde-cachi-saenz-dejo-inaugurado-el-ciclo-lectivo-2026-persigan-sus-suenos-peleen-por-sus-suenos\/","title":{"rendered":"Desde Cachi, S\u00e1enz dej\u00f3 inaugurado el ciclo lectivo 2026: &quot;Persigan sus sue\u00f1os,  peleen por sus sue\u00f1os&quot;"},"content":{"rendered":"<p>El gobernador Gustavo S\u00e1enz dej\u00f3 formalmente inaugurado el ciclo lectivo 2026 en Cachi, donde adem\u00e1s habilit\u00f3 un tinglado en la escuela Victorino de la Plaza. La obra permitir\u00e1 que los alumnos cuenten con un espacio cubierto para realizar actividades cuando llueve o en d\u00edas de altas temperaturas.<\/p>\n<p>Durante el acto, el mandatario remarc\u00f3 que este tipo de infraestructura es especialmente necesaria en las escuelas del interior. \u201cNo hay que esperar a inaugurar una vez que est\u00e1 listo. Que lo disfruten as\u00ed tiene que ser, porque en definitiva es para cada uno de ellos\u201d, se\u00f1al\u00f3.<\/p>\n<p>S\u00e1enz comparti\u00f3 un momento con los alumnos del nivel inicial, en particular con los ni\u00f1os de sala de cuatro y cinco a\u00f1os que comenzaron su etapa escolar. Tambi\u00e9n destac\u00f3 la presencia de los padres que acompa\u00f1aron el primer d\u00eda de clases y puso en valor el rol de los docentes, a quienes defini\u00f3 como \u201cesa mam\u00e1 del coraz\u00f3n\u201d de cada ni\u00f1o.<\/p>\n<p>En su mensaje, el gobernador alent\u00f3 a los estudiantes a perseguir sus metas y a sostener valores. \u201cPersigan sus sue\u00f1os, peleen por sus sue\u00f1os. No hay nada m\u00e1s importante en este mundo que sean buenas personas\u201d, expres\u00f3 ante la comunidad educativa.<\/p>\n<p>El acto marc\u00f3 el inicio formal del calendario escolar 2026 en la provincia, con la participaci\u00f3n de autoridades locales, docentes y familias, en una jornada que combin\u00f3 la inauguraci\u00f3n de una obra esperada con el comienzo de un nuevo a\u00f1o educativo en el interior salte\u00f1o.<\/p>\n","protected":false},"excerpt":{"rendered":"<p>El gobernador Gustavo S\u00e1enz dej\u00f3 formalmente inaugurado el ciclo lectivo<\/p>\n","protected":false},"author":0,"featured_media":13266,"comment_status":"","ping_status":"","sticky":false,"template":"","format":"standard","meta":{"footnotes":""},"categories":[65],"tags":[],"class_list":["post-13265","post","type-post","status-publish","format-standard","has-post-thumbnail","hentry","category-pais"],"yoast_head":"<!-- This site is optimized with the Yoast SEO plugin v27.5 - https:\/\/yoast.com\/product\/yoast-seo-wordpress\/ -->\n<title>Desde Cachi, S\u00e1enz dej\u00f3 inaugurado el ciclo lectivo 2026: &quot;Persigan sus sue\u00f1os, peleen por sus sue\u00f1os&quot; - Cuarteto en la Web<\/title>\n<meta name=\"robots\" content=\"index, follow, max-snippet:-1, max-image-preview:large, max-video-preview:-1\" \/>\n<link rel=\"canonical\" href=\"https:\/\/cuartetoenlaweb.com.ar\/sitio\/desde-cachi-saenz-dejo-inaugurado-el-ciclo-lectivo-2026-persigan-sus-suenos-peleen-por-sus-suenos\/\" \/>\n<meta property=\"og:locale\" content=\"es_ES\" \/>\n<meta property=\"og:type\" content=\"article\" \/>\n<meta property=\"og:title\" content=\"Desde Cachi, S\u00e1enz dej\u00f3 inaugurado el ciclo lectivo 2026: &quot;Persigan sus sue\u00f1os, peleen por sus sue\u00f1os&quot; - Cuarteto en la Web\" \/>\n<meta property=\"og:description\" content=\"El gobernador Gustavo S\u00e1enz dej\u00f3 formalmente inaugurado el ciclo lectivo\" \/>\n<meta property=\"og:url\" content=\"https:\/\/cuartetoenlaweb.com.ar\/sitio\/desde-cachi-saenz-dejo-inaugurado-el-ciclo-lectivo-2026-persigan-sus-suenos-peleen-por-sus-suenos\/\" \/>\n<meta property=\"og:site_name\" content=\"Cuarteto en la Web\" \/>\n<meta property=\"article:published_time\" content=\"2026-03-02T15:00:41+00:00\" \/>\n<meta property=\"og:image\" content=\"https:\/\/cuartetoenlaweb.com.ar\/sitio\/wp-content\/uploads\/2026\/03\/portadax-7.png\" \/>\n\t<meta property=\"og:image:width\" content=\"1366\" \/>\n\t<meta property=\"og:image:height\" content=\"768\" \/>\n\t<meta property=\"og:image:type\" content=\"image\/png\" \/>\n<meta name=\"twitter:card\" content=\"summary_large_image\" \/>\n<meta name=\"twitter:label1\" content=\"Tiempo de lectura\" \/>\n\t<meta name=\"twitter:data1\" content=\"1 minuto\" \/>\n<script type=\"application\/ld+json\" class=\"yoast-schema-graph\">{\"@context\":\"https:\\\/\\\/schema.org\",\"@graph\":[{\"@type\":\"Article\",\"@id\":\"https:\\\/\\\/cuartetoenlaweb.com.ar\\\/sitio\\\/desde-cachi-saenz-dejo-inaugurado-el-ciclo-lectivo-2026-persigan-sus-suenos-peleen-por-sus-suenos\\\/#article\",\"isPartOf\":{\"@id\":\"https:\\\/\\\/cuartetoenlaweb.com.ar\\\/sitio\\\/desde-cachi-saenz-dejo-inaugurado-el-ciclo-lectivo-2026-persigan-sus-suenos-peleen-por-sus-suenos\\\/\"},\"author\":{\"name\":\"\",\"@id\":\"\"},\"headline\":\"Desde Cachi, S\u00e1enz dej\u00f3 inaugurado el ciclo lectivo 2026: &quot;Persigan sus sue\u00f1os, peleen por sus sue\u00f1os&quot;\",\"datePublished\":\"2026-03-02T15:00:41+00:00\",\"mainEntityOfPage\":{\"@id\":\"https:\\\/\\\/cuartetoenlaweb.com.ar\\\/sitio\\\/desde-cachi-saenz-dejo-inaugurado-el-ciclo-lectivo-2026-persigan-sus-suenos-peleen-por-sus-suenos\\\/\"},\"wordCount\":278,\"publisher\":{\"@id\":\"http:\\\/\\\/cuartetoenlaweb.com.ar\\\/sitio\\\/#organization\"},\"image\":{\"@id\":\"https:\\\/\\\/cuartetoenlaweb.com.ar\\\/sitio\\\/desde-cachi-saenz-dejo-inaugurado-el-ciclo-lectivo-2026-persigan-sus-suenos-peleen-por-sus-suenos\\\/#primaryimage\"},\"thumbnailUrl\":\"https:\\\/\\\/cuartetoenlaweb.com.ar\\\/sitio\\\/wp-content\\\/uploads\\\/2026\\\/03\\\/portadax-7.png\",\"articleSection\":[\"PAIS\"],\"inLanguage\":\"es\"},{\"@type\":\"WebPage\",\"@id\":\"https:\\\/\\\/cuartetoenlaweb.com.ar\\\/sitio\\\/desde-cachi-saenz-dejo-inaugurado-el-ciclo-lectivo-2026-persigan-sus-suenos-peleen-por-sus-suenos\\\/\",\"url\":\"https:\\\/\\\/cuartetoenlaweb.com.ar\\\/sitio\\\/desde-cachi-saenz-dejo-inaugurado-el-ciclo-lectivo-2026-persigan-sus-suenos-peleen-por-sus-suenos\\\/\",\"name\":\"Desde Cachi, S\u00e1enz dej\u00f3 inaugurado el ciclo lectivo 2026: &quot;Persigan sus sue\u00f1os, peleen por sus sue\u00f1os&quot; - Cuarteto en la Web\",\"isPartOf\":{\"@id\":\"http:\\\/\\\/cuartetoenlaweb.com.ar\\\/sitio\\\/#website\"},\"primaryImageOfPage\":{\"@id\":\"https:\\\/\\\/cuartetoenlaweb.com.ar\\\/sitio\\\/desde-cachi-saenz-dejo-inaugurado-el-ciclo-lectivo-2026-persigan-sus-suenos-peleen-por-sus-suenos\\\/#primaryimage\"},\"image\":{\"@id\":\"https:\\\/\\\/cuartetoenlaweb.com.ar\\\/sitio\\\/desde-cachi-saenz-dejo-inaugurado-el-ciclo-lectivo-2026-persigan-sus-suenos-peleen-por-sus-suenos\\\/#primaryimage\"},\"thumbnailUrl\":\"https:\\\/\\\/cuartetoenlaweb.com.ar\\\/sitio\\\/wp-content\\\/uploads\\\/2026\\\/03\\\/portadax-7.png\",\"datePublished\":\"2026-03-02T15:00:41+00:00\",\"breadcrumb\":{\"@id\":\"https:\\\/\\\/cuartetoenlaweb.com.ar\\\/sitio\\\/desde-cachi-saenz-dejo-inaugurado-el-ciclo-lectivo-2026-persigan-sus-suenos-peleen-por-sus-suenos\\\/#breadcrumb\"},\"inLanguage\":\"es\",\"potentialAction\":[{\"@type\":\"ReadAction\",\"target\":[\"https:\\\/\\\/cuartetoenlaweb.com.ar\\\/sitio\\\/desde-cachi-saenz-dejo-inaugurado-el-ciclo-lectivo-2026-persigan-sus-suenos-peleen-por-sus-suenos\\\/\"]}]},{\"@type\":\"ImageObject\",\"inLanguage\":\"es\",\"@id\":\"https:\\\/\\\/cuartetoenlaweb.com.ar\\\/sitio\\\/desde-cachi-saenz-dejo-inaugurado-el-ciclo-lectivo-2026-persigan-sus-suenos-peleen-por-sus-suenos\\\/#primaryimage\",\"url\":\"https:\\\/\\\/cuartetoenlaweb.com.ar\\\/sitio\\\/wp-content\\\/uploads\\\/2026\\\/03\\\/portadax-7.png\",\"contentUrl\":\"https:\\\/\\\/cuartetoenlaweb.com.ar\\\/sitio\\\/wp-content\\\/uploads\\\/2026\\\/03\\\/portadax-7.png\",\"width\":1366,\"height\":768},{\"@type\":\"BreadcrumbList\",\"@id\":\"https:\\\/\\\/cuartetoenlaweb.com.ar\\\/sitio\\\/desde-cachi-saenz-dejo-inaugurado-el-ciclo-lectivo-2026-persigan-sus-suenos-peleen-por-sus-suenos\\\/#breadcrumb\",\"itemListElement\":[{\"@type\":\"ListItem\",\"position\":1,\"name\":\"Portada\",\"item\":\"http:\\\/\\\/cuartetoenlaweb.com.ar\\\/sitio\\\/\"},{\"@type\":\"ListItem\",\"position\":2,\"name\":\"Desde Cachi, S\u00e1enz dej\u00f3 inaugurado el ciclo lectivo 2026: &quot;Persigan sus sue\u00f1os, peleen por sus sue\u00f1os&quot;\"}]},{\"@type\":\"WebSite\",\"@id\":\"http:\\\/\\\/cuartetoenlaweb.com.ar\\\/sitio\\\/#website\",\"url\":\"http:\\\/\\\/cuartetoenlaweb.com.ar\\\/sitio\\\/\",\"name\":\"Cuarteto en la Web\",\"description\":\"\",\"publisher\":{\"@id\":\"http:\\\/\\\/cuartetoenlaweb.com.ar\\\/sitio\\\/#organization\"},\"potentialAction\":[{\"@type\":\"SearchAction\",\"target\":{\"@type\":\"EntryPoint\",\"urlTemplate\":\"http:\\\/\\\/cuartetoenlaweb.com.ar\\\/sitio\\\/?s={search_term_string}\"},\"query-input\":{\"@type\":\"PropertyValueSpecification\",\"valueRequired\":true,\"valueName\":\"search_term_string\"}}],\"inLanguage\":\"es\"},{\"@type\":\"Organization\",\"@id\":\"http:\\\/\\\/cuartetoenlaweb.com.ar\\\/sitio\\\/#organization\",\"name\":\"Cuarteto en la Web\",\"url\":\"http:\\\/\\\/cuartetoenlaweb.com.ar\\\/sitio\\\/\",\"logo\":{\"@type\":\"ImageObject\",\"inLanguage\":\"es\",\"@id\":\"http:\\\/\\\/cuartetoenlaweb.com.ar\\\/sitio\\\/#\\\/schema\\\/logo\\\/image\\\/\",\"url\":\"https:\\\/\\\/cuartetoenlaweb.com.ar\\\/sitio\\\/wp-content\\\/uploads\\\/2025\\\/07\\\/cropped-cropped-logitoweb21.png\",\"contentUrl\":\"https:\\\/\\\/cuartetoenlaweb.com.ar\\\/sitio\\\/wp-content\\\/uploads\\\/2025\\\/07\\\/cropped-cropped-logitoweb21.png\",\"width\":199,\"height\":199,\"caption\":\"Cuarteto en la Web\"},\"image\":{\"@id\":\"http:\\\/\\\/cuartetoenlaweb.com.ar\\\/sitio\\\/#\\\/schema\\\/logo\\\/image\\\/\"}}]}<\/script>\n<!-- \/ Yoast SEO plugin. -->","yoast_head_json":{"title":"Desde Cachi, S\u00e1enz dej\u00f3 inaugurado el ciclo lectivo 2026: &quot;Persigan sus sue\u00f1os, peleen por sus sue\u00f1os&quot; - Cuarteto en la Web","robots":{"index":"index","follow":"follow","max-snippet":"max-snippet:-1","max-image-preview":"max-image-preview:large","max-video-preview":"max-video-preview:-1"},"canonical":"https:\/\/cuartetoenlaweb.com.ar\/sitio\/desde-cachi-saenz-dejo-inaugurado-el-ciclo-lectivo-2026-persigan-sus-suenos-peleen-por-sus-suenos\/","og_locale":"es_ES","og_type":"article","og_title":"Desde Cachi, S\u00e1enz dej\u00f3 inaugurado el ciclo lectivo 2026: &quot;Persigan sus sue\u00f1os, peleen por sus sue\u00f1os&quot; - Cuarteto en la Web","og_description":"El gobernador Gustavo S\u00e1enz dej\u00f3 formalmente inaugurado el ciclo lectivo","og_url":"https:\/\/cuartetoenlaweb.com.ar\/sitio\/desde-cachi-saenz-dejo-inaugurado-el-ciclo-lectivo-2026-persigan-sus-suenos-peleen-por-sus-suenos\/","og_site_name":"Cuarteto en la Web","article_published_time":"2026-03-02T15:00:41+00:00","og_image":[{"width":1366,"height":768,"url":"https:\/\/cuartetoenlaweb.com.ar\/sitio\/wp-content\/uploads\/2026\/03\/portadax-7.png","type":"image\/png"}],"twitter_card":"summary_large_image","twitter_misc":{"Tiempo de lectura":"1 minuto"},"schema":{"@context":"https:\/\/schema.org","@graph":[{"@type":"Article","@id":"https:\/\/cuartetoenlaweb.com.ar\/sitio\/desde-cachi-saenz-dejo-inaugurado-el-ciclo-lectivo-2026-persigan-sus-suenos-peleen-por-sus-suenos\/#article","isPartOf":{"@id":"https:\/\/cuartetoenlaweb.com.ar\/sitio\/desde-cachi-saenz-dejo-inaugurado-el-ciclo-lectivo-2026-persigan-sus-suenos-peleen-por-sus-suenos\/"},"author":{"name":"","@id":""},"headline":"Desde Cachi, S\u00e1enz dej\u00f3 inaugurado el ciclo lectivo 2026: &quot;Persigan sus sue\u00f1os, peleen por sus sue\u00f1os&quot;","datePublished":"2026-03-02T15:00:41+00:00","mainEntityOfPage":{"@id":"https:\/\/cuartetoenlaweb.com.ar\/sitio\/desde-cachi-saenz-dejo-inaugurado-el-ciclo-lectivo-2026-persigan-sus-suenos-peleen-por-sus-suenos\/"},"wordCount":278,"publisher":{"@id":"http:\/\/cuartetoenlaweb.com.ar\/sitio\/#organization"},"image":{"@id":"https:\/\/cuartetoenlaweb.com.ar\/sitio\/desde-cachi-saenz-dejo-inaugurado-el-ciclo-lectivo-2026-persigan-sus-suenos-peleen-por-sus-suenos\/#primaryimage"},"thumbnailUrl":"https:\/\/cuartetoenlaweb.com.ar\/sitio\/wp-content\/uploads\/2026\/03\/portadax-7.png","articleSection":["PAIS"],"inLanguage":"es"},{"@type":"WebPage","@id":"https:\/\/cuartetoenlaweb.com.ar\/sitio\/desde-cachi-saenz-dejo-inaugurado-el-ciclo-lectivo-2026-persigan-sus-suenos-peleen-por-sus-suenos\/","url":"https:\/\/cuartetoenlaweb.com.ar\/sitio\/desde-cachi-saenz-dejo-inaugurado-el-ciclo-lectivo-2026-persigan-sus-suenos-peleen-por-sus-suenos\/","name":"Desde Cachi, S\u00e1enz dej\u00f3 inaugurado el ciclo lectivo 2026: &quot;Persigan sus sue\u00f1os, peleen por sus sue\u00f1os&quot; - Cuarteto en la Web","isPartOf":{"@id":"http:\/\/cuartetoenlaweb.com.ar\/sitio\/#website"},"primaryImageOfPage":{"@id":"https:\/\/cuartetoenlaweb.com.ar\/sitio\/desde-cachi-saenz-dejo-inaugurado-el-ciclo-lectivo-2026-persigan-sus-suenos-peleen-por-sus-suenos\/#primaryimage"},"image":{"@id":"https:\/\/cuartetoenlaweb.com.ar\/sitio\/desde-cachi-saenz-dejo-inaugurado-el-ciclo-lectivo-2026-persigan-sus-suenos-peleen-por-sus-suenos\/#primaryimage"},"thumbnailUrl":"https:\/\/cuartetoenlaweb.com.ar\/sitio\/wp-content\/uploads\/2026\/03\/portadax-7.png","datePublished":"2026-03-02T15:00:41+00:00","breadcrumb":{"@id":"https:\/\/cuartetoenlaweb.com.ar\/sitio\/desde-cachi-saenz-dejo-inaugurado-el-ciclo-lectivo-2026-persigan-sus-suenos-peleen-por-sus-suenos\/#breadcrumb"},"inLanguage":"es","potentialAction":[{"@type":"ReadAction","target":["https:\/\/cuartetoenlaweb.com.ar\/sitio\/desde-cachi-saenz-dejo-inaugurado-el-ciclo-lectivo-2026-persigan-sus-suenos-peleen-por-sus-suenos\/"]}]},{"@type":"ImageObject","inLanguage":"es","@id":"https:\/\/cuartetoenlaweb.com.ar\/sitio\/desde-cachi-saenz-dejo-inaugurado-el-ciclo-lectivo-2026-persigan-sus-suenos-peleen-por-sus-suenos\/#primaryimage","url":"https:\/\/cuartetoenlaweb.com.ar\/sitio\/wp-content\/uploads\/2026\/03\/portadax-7.png","contentUrl":"https:\/\/cuartetoenlaweb.com.ar\/sitio\/wp-content\/uploads\/2026\/03\/portadax-7.png","width":1366,"height":768},{"@type":"BreadcrumbList","@id":"https:\/\/cuartetoenlaweb.com.ar\/sitio\/desde-cachi-saenz-dejo-inaugurado-el-ciclo-lectivo-2026-persigan-sus-suenos-peleen-por-sus-suenos\/#breadcrumb","itemListElement":[{"@type":"ListItem","position":1,"name":"Portada","item":"http:\/\/cuartetoenlaweb.com.ar\/sitio\/"},{"@type":"ListItem","position":2,"name":"Desde Cachi, S\u00e1enz dej\u00f3 inaugurado el ciclo lectivo 2026: &quot;Persigan sus sue\u00f1os, peleen por sus sue\u00f1os&quot;"}]},{"@type":"WebSite","@id":"http:\/\/cuartetoenlaweb.com.ar\/sitio\/#website","url":"http:\/\/cuartetoenlaweb.com.ar\/sitio\/","name":"Cuarteto en la Web","description":"","publisher":{"@id":"http:\/\/cuartetoenlaweb.com.ar\/sitio\/#organization"},"potentialAction":[{"@type":"SearchAction","target":{"@type":"EntryPoint","urlTemplate":"http:\/\/cuartetoenlaweb.com.ar\/sitio\/?s={search_term_string}"},"query-input":{"@type":"PropertyValueSpecification","valueRequired":true,"valueName":"search_term_string"}}],"inLanguage":"es"},{"@type":"Organization","@id":"http:\/\/cuartetoenlaweb.com.ar\/sitio\/#organization","name":"Cuarteto en la Web","url":"http:\/\/cuartetoenlaweb.com.ar\/sitio\/","logo":{"@type":"ImageObject","inLanguage":"es","@id":"http:\/\/cuartetoenlaweb.com.ar\/sitio\/#\/schema\/logo\/image\/","url":"https:\/\/cuartetoenlaweb.com.ar\/sitio\/wp-content\/uploads\/2025\/07\/cropped-cropped-logitoweb21.png","contentUrl":"https:\/\/cuartetoenlaweb.com.ar\/sitio\/wp-content\/uploads\/2025\/07\/cropped-cropped-logitoweb21.png","width":199,"height":199,"caption":"Cuarteto en la Web"},"image":{"@id":"http:\/\/cuartetoenlaweb.com.ar\/sitio\/#\/schema\/logo\/image\/"}}]}},"_links":{"self":[{"href":"https:\/\/cuartetoenlaweb.com.ar\/sitio\/wp-json\/wp\/v2\/posts\/13265","targetHints":{"allow":["GET"]}}],"collection":[{"href":"https:\/\/cuartetoenlaweb.com.ar\/sitio\/wp-json\/wp\/v2\/posts"}],"about":[{"href":"https:\/\/cuartetoenlaweb.com.ar\/sitio\/wp-json\/wp\/v2\/types\/post"}],"replies":[{"embeddable":true,"href":"https:\/\/cuartetoenlaweb.com.ar\/sitio\/wp-json\/wp\/v2\/comments?post=13265"}],"version-history":[{"count":0,"href":"https:\/\/cuartetoenlaweb.com.ar\/sitio\/wp-json\/wp\/v2\/posts\/13265\/revisions"}],"wp:featuredmedia":[{"embeddable":true,"href":"https:\/\/cuartetoenlaweb.com.ar\/sitio\/wp-json\/wp\/v2\/media\/13266"}],"wp:attachment":[{"href":"https:\/\/cuartetoenlaweb.com.ar\/sitio\/wp-json\/wp\/v2\/media?parent=13265"}],"wp:term":[{"taxonomy":"category","embeddable":true,"href":"https:\/\/cuartetoenlaweb.com.ar\/sitio\/wp-json\/wp\/v2\/categories?post=13265"},{"taxonomy":"post_tag","embeddable":true,"href":"https:\/\/cuartetoenlaweb.com.ar\/sitio\/wp-json\/wp\/v2\/tags?post=13265"}],"curies":[{"name":"wp","href":"https:\/\/api.w.org\/{rel}","templated":true}]}}