
{"id":13263,"date":"2026-03-02T12:00:37","date_gmt":"2026-03-02T15:00:37","guid":{"rendered":"http:\/\/cuartetoenlaweb.com.ar\/sitio\/orgullo-salteno-en-el-congreso-reconocieron-a-maria-noel-de-castro-por-su-candidatura-a-una-mision-espacial\/"},"modified":"2026-03-02T12:00:37","modified_gmt":"2026-03-02T15:00:37","slug":"orgullo-salteno-en-el-congreso-reconocieron-a-maria-noel-de-castro-por-su-candidatura-a-una-mision-espacial","status":"publish","type":"post","link":"https:\/\/cuartetoenlaweb.com.ar\/sitio\/orgullo-salteno-en-el-congreso-reconocieron-a-maria-noel-de-castro-por-su-candidatura-a-una-mision-espacial\/","title":{"rendered":"Orgullo salte\u00f1o en el Congreso: reconocieron a Mar\u00eda Noel de Castro por su candidatura a una misi\u00f3n espacial"},"content":{"rendered":"<p>La ingeniera biom\u00e9dica salte\u00f1a<strong> Mar\u00eda Noel de Castro Campos <\/strong>fue reconocida en la C\u00e1mara de Diputados de la Naci\u00f3n por su candidatura a integrar una misi\u00f3n espacial tripulada bajo el programa PAM de Axiom Space.<\/p>\n<p>El reconocimiento fue impulsado por el diputado nacional Carlos Zapata, quien junto a Mar\u00eda Emilia Orozco destac\u00f3 la trayectoria y el m\u00e9rito profesional de la joven salte\u00f1a en el \u00e1mbito cient\u00edfico y tecnol\u00f3gico. El acto se realiz\u00f3 en el \u00e1mbito de C\u00e1mara de Diputados de la Naci\u00f3n Argentina.<\/p>\n<\/p>\n<blockquote class=\"twitter-tweet\">\n<p>Orgullo salte\u00f1o       <\/p>\n<p>Hoy, junto a <a href=\"https:\/\/twitter.com\/MariaEmiliaOro?ref_src=twsrc%5Etfw\">@MariaEmiliaOro<\/a>, reconocimos en <a href=\"https:\/\/twitter.com\/DiputadosAR?ref_src=twsrc%5Etfw\">@DiputadosAR<\/a> a la ingeniera biom\u00e9dica salte\u00f1a Mar\u00eda Noel de Castro Campos, candidata a integrar una misi\u00f3n espacial tripulada bajo el programa PAM de Axiom Space.<\/p>\n<p>Nada es casualidad: este logro es fruto del\u2026 <a href=\"https:\/\/t.co\/AqDfRwnPEF\">pic.twitter.com\/AqDfRwnPEF<\/a><\/p>\n<p>\u2014 Carlos Zapata (@ZapataDiputado) <a href=\"https:\/\/twitter.com\/ZapataDiputado\/status\/2028261183883526311?ref_src=twsrc%5Etfw\">March 2, 2026<\/a><\/p><\/blockquote>\n<p>A trav\u00e9s de sus redes sociales, Zapata expres\u00f3 que<strong> se trata de un \u201corgullo salte\u00f1o\u201d y remarc\u00f3 que el logro es fruto del \u201cesfuerzo, la disciplina y el m\u00e9rito\u201d. Tambi\u00e9n se\u00f1al\u00f3 que la ciencia y la tecnolog\u00eda \u201cse construyen desde Salta para el mundo\u201d.<\/strong><\/p>\n<p>De Castro Campos es candidata dentro del programa PAM (Private Astronaut Mission), una iniciativa que promueve misiones privadas al espacio y que posiciona a profesionales de distintos pa\u00edses en proyectos de alcance internacional. Su postulaci\u00f3n representa un hito para la provincia y vuelve a poner a Salta en el mapa de la innovaci\u00f3n cient\u00edfica global.<\/p>\n","protected":false},"excerpt":{"rendered":"<p>La ingeniera biom\u00e9dica salte\u00f1a Mar\u00eda Noel de Castro Campos fue<\/p>\n","protected":false},"author":0,"featured_media":13264,"comment_status":"","ping_status":"","sticky":false,"template":"","format":"standard","meta":{"footnotes":""},"categories":[65],"tags":[],"class_list":["post-13263","post","type-post","status-publish","format-standard","has-post-thumbnail","hentry","category-pais"],"yoast_head":"<!-- This site is optimized with the Yoast SEO plugin v27.5 - https:\/\/yoast.com\/product\/yoast-seo-wordpress\/ -->\n<title>Orgullo salte\u00f1o en el Congreso: reconocieron a Mar\u00eda Noel de Castro por su candidatura a una misi\u00f3n espacial - Cuarteto en la Web<\/title>\n<meta name=\"robots\" content=\"index, follow, max-snippet:-1, max-image-preview:large, max-video-preview:-1\" \/>\n<link rel=\"canonical\" href=\"https:\/\/cuartetoenlaweb.com.ar\/sitio\/orgullo-salteno-en-el-congreso-reconocieron-a-maria-noel-de-castro-por-su-candidatura-a-una-mision-espacial\/\" \/>\n<meta property=\"og:locale\" content=\"es_ES\" \/>\n<meta property=\"og:type\" content=\"article\" \/>\n<meta property=\"og:title\" content=\"Orgullo salte\u00f1o en el Congreso: reconocieron a Mar\u00eda Noel de Castro por su candidatura a una misi\u00f3n espacial - Cuarteto en la Web\" \/>\n<meta property=\"og:description\" content=\"La ingeniera biom\u00e9dica salte\u00f1a Mar\u00eda Noel de Castro Campos fue\" \/>\n<meta property=\"og:url\" content=\"https:\/\/cuartetoenlaweb.com.ar\/sitio\/orgullo-salteno-en-el-congreso-reconocieron-a-maria-noel-de-castro-por-su-candidatura-a-una-mision-espacial\/\" \/>\n<meta property=\"og:site_name\" content=\"Cuarteto en la Web\" \/>\n<meta property=\"article:published_time\" content=\"2026-03-02T15:00:37+00:00\" \/>\n<meta property=\"og:image\" content=\"https:\/\/cuartetoenlaweb.com.ar\/sitio\/wp-content\/uploads\/2026\/03\/portadax-6.png\" \/>\n\t<meta property=\"og:image:width\" content=\"1366\" \/>\n\t<meta property=\"og:image:height\" content=\"768\" \/>\n\t<meta property=\"og:image:type\" content=\"image\/png\" \/>\n<meta name=\"twitter:card\" content=\"summary_large_image\" \/>\n<meta name=\"twitter:label1\" content=\"Tiempo de lectura\" \/>\n\t<meta name=\"twitter:data1\" content=\"1 minuto\" \/>\n<script type=\"application\/ld+json\" class=\"yoast-schema-graph\">{\"@context\":\"https:\\\/\\\/schema.org\",\"@graph\":[{\"@type\":\"Article\",\"@id\":\"https:\\\/\\\/cuartetoenlaweb.com.ar\\\/sitio\\\/orgullo-salteno-en-el-congreso-reconocieron-a-maria-noel-de-castro-por-su-candidatura-a-una-mision-espacial\\\/#article\",\"isPartOf\":{\"@id\":\"https:\\\/\\\/cuartetoenlaweb.com.ar\\\/sitio\\\/orgullo-salteno-en-el-congreso-reconocieron-a-maria-noel-de-castro-por-su-candidatura-a-una-mision-espacial\\\/\"},\"author\":{\"name\":\"\",\"@id\":\"\"},\"headline\":\"Orgullo salte\u00f1o en el Congreso: reconocieron a Mar\u00eda Noel de Castro por su candidatura a una misi\u00f3n espacial\",\"datePublished\":\"2026-03-02T15:00:37+00:00\",\"mainEntityOfPage\":{\"@id\":\"https:\\\/\\\/cuartetoenlaweb.com.ar\\\/sitio\\\/orgullo-salteno-en-el-congreso-reconocieron-a-maria-noel-de-castro-por-su-candidatura-a-una-mision-espacial\\\/\"},\"wordCount\":280,\"publisher\":{\"@id\":\"http:\\\/\\\/cuartetoenlaweb.com.ar\\\/sitio\\\/#organization\"},\"image\":{\"@id\":\"https:\\\/\\\/cuartetoenlaweb.com.ar\\\/sitio\\\/orgullo-salteno-en-el-congreso-reconocieron-a-maria-noel-de-castro-por-su-candidatura-a-una-mision-espacial\\\/#primaryimage\"},\"thumbnailUrl\":\"https:\\\/\\\/cuartetoenlaweb.com.ar\\\/sitio\\\/wp-content\\\/uploads\\\/2026\\\/03\\\/portadax-6.png\",\"articleSection\":[\"PAIS\"],\"inLanguage\":\"es\"},{\"@type\":\"WebPage\",\"@id\":\"https:\\\/\\\/cuartetoenlaweb.com.ar\\\/sitio\\\/orgullo-salteno-en-el-congreso-reconocieron-a-maria-noel-de-castro-por-su-candidatura-a-una-mision-espacial\\\/\",\"url\":\"https:\\\/\\\/cuartetoenlaweb.com.ar\\\/sitio\\\/orgullo-salteno-en-el-congreso-reconocieron-a-maria-noel-de-castro-por-su-candidatura-a-una-mision-espacial\\\/\",\"name\":\"Orgullo salte\u00f1o en el Congreso: reconocieron a Mar\u00eda Noel de Castro por su candidatura a una misi\u00f3n espacial - Cuarteto en la Web\",\"isPartOf\":{\"@id\":\"http:\\\/\\\/cuartetoenlaweb.com.ar\\\/sitio\\\/#website\"},\"primaryImageOfPage\":{\"@id\":\"https:\\\/\\\/cuartetoenlaweb.com.ar\\\/sitio\\\/orgullo-salteno-en-el-congreso-reconocieron-a-maria-noel-de-castro-por-su-candidatura-a-una-mision-espacial\\\/#primaryimage\"},\"image\":{\"@id\":\"https:\\\/\\\/cuartetoenlaweb.com.ar\\\/sitio\\\/orgullo-salteno-en-el-congreso-reconocieron-a-maria-noel-de-castro-por-su-candidatura-a-una-mision-espacial\\\/#primaryimage\"},\"thumbnailUrl\":\"https:\\\/\\\/cuartetoenlaweb.com.ar\\\/sitio\\\/wp-content\\\/uploads\\\/2026\\\/03\\\/portadax-6.png\",\"datePublished\":\"2026-03-02T15:00:37+00:00\",\"breadcrumb\":{\"@id\":\"https:\\\/\\\/cuartetoenlaweb.com.ar\\\/sitio\\\/orgullo-salteno-en-el-congreso-reconocieron-a-maria-noel-de-castro-por-su-candidatura-a-una-mision-espacial\\\/#breadcrumb\"},\"inLanguage\":\"es\",\"potentialAction\":[{\"@type\":\"ReadAction\",\"target\":[\"https:\\\/\\\/cuartetoenlaweb.com.ar\\\/sitio\\\/orgullo-salteno-en-el-congreso-reconocieron-a-maria-noel-de-castro-por-su-candidatura-a-una-mision-espacial\\\/\"]}]},{\"@type\":\"ImageObject\",\"inLanguage\":\"es\",\"@id\":\"https:\\\/\\\/cuartetoenlaweb.com.ar\\\/sitio\\\/orgullo-salteno-en-el-congreso-reconocieron-a-maria-noel-de-castro-por-su-candidatura-a-una-mision-espacial\\\/#primaryimage\",\"url\":\"https:\\\/\\\/cuartetoenlaweb.com.ar\\\/sitio\\\/wp-content\\\/uploads\\\/2026\\\/03\\\/portadax-6.png\",\"contentUrl\":\"https:\\\/\\\/cuartetoenlaweb.com.ar\\\/sitio\\\/wp-content\\\/uploads\\\/2026\\\/03\\\/portadax-6.png\",\"width\":1366,\"height\":768},{\"@type\":\"BreadcrumbList\",\"@id\":\"https:\\\/\\\/cuartetoenlaweb.com.ar\\\/sitio\\\/orgullo-salteno-en-el-congreso-reconocieron-a-maria-noel-de-castro-por-su-candidatura-a-una-mision-espacial\\\/#breadcrumb\",\"itemListElement\":[{\"@type\":\"ListItem\",\"position\":1,\"name\":\"Portada\",\"item\":\"http:\\\/\\\/cuartetoenlaweb.com.ar\\\/sitio\\\/\"},{\"@type\":\"ListItem\",\"position\":2,\"name\":\"Orgullo salte\u00f1o en el Congreso: reconocieron a Mar\u00eda Noel de Castro por su candidatura a una misi\u00f3n espacial\"}]},{\"@type\":\"WebSite\",\"@id\":\"http:\\\/\\\/cuartetoenlaweb.com.ar\\\/sitio\\\/#website\",\"url\":\"http:\\\/\\\/cuartetoenlaweb.com.ar\\\/sitio\\\/\",\"name\":\"Cuarteto en la Web\",\"description\":\"\",\"publisher\":{\"@id\":\"http:\\\/\\\/cuartetoenlaweb.com.ar\\\/sitio\\\/#organization\"},\"potentialAction\":[{\"@type\":\"SearchAction\",\"target\":{\"@type\":\"EntryPoint\",\"urlTemplate\":\"http:\\\/\\\/cuartetoenlaweb.com.ar\\\/sitio\\\/?s={search_term_string}\"},\"query-input\":{\"@type\":\"PropertyValueSpecification\",\"valueRequired\":true,\"valueName\":\"search_term_string\"}}],\"inLanguage\":\"es\"},{\"@type\":\"Organization\",\"@id\":\"http:\\\/\\\/cuartetoenlaweb.com.ar\\\/sitio\\\/#organization\",\"name\":\"Cuarteto en la Web\",\"url\":\"http:\\\/\\\/cuartetoenlaweb.com.ar\\\/sitio\\\/\",\"logo\":{\"@type\":\"ImageObject\",\"inLanguage\":\"es\",\"@id\":\"http:\\\/\\\/cuartetoenlaweb.com.ar\\\/sitio\\\/#\\\/schema\\\/logo\\\/image\\\/\",\"url\":\"https:\\\/\\\/cuartetoenlaweb.com.ar\\\/sitio\\\/wp-content\\\/uploads\\\/2025\\\/07\\\/cropped-cropped-logitoweb21.png\",\"contentUrl\":\"https:\\\/\\\/cuartetoenlaweb.com.ar\\\/sitio\\\/wp-content\\\/uploads\\\/2025\\\/07\\\/cropped-cropped-logitoweb21.png\",\"width\":199,\"height\":199,\"caption\":\"Cuarteto en la Web\"},\"image\":{\"@id\":\"http:\\\/\\\/cuartetoenlaweb.com.ar\\\/sitio\\\/#\\\/schema\\\/logo\\\/image\\\/\"}}]}<\/script>\n<!-- \/ Yoast SEO plugin. -->","yoast_head_json":{"title":"Orgullo salte\u00f1o en el Congreso: reconocieron a Mar\u00eda Noel de Castro por su candidatura a una misi\u00f3n espacial - Cuarteto en la Web","robots":{"index":"index","follow":"follow","max-snippet":"max-snippet:-1","max-image-preview":"max-image-preview:large","max-video-preview":"max-video-preview:-1"},"canonical":"https:\/\/cuartetoenlaweb.com.ar\/sitio\/orgullo-salteno-en-el-congreso-reconocieron-a-maria-noel-de-castro-por-su-candidatura-a-una-mision-espacial\/","og_locale":"es_ES","og_type":"article","og_title":"Orgullo salte\u00f1o en el Congreso: reconocieron a Mar\u00eda Noel de Castro por su candidatura a una misi\u00f3n espacial - Cuarteto en la Web","og_description":"La ingeniera biom\u00e9dica salte\u00f1a Mar\u00eda Noel de Castro Campos fue","og_url":"https:\/\/cuartetoenlaweb.com.ar\/sitio\/orgullo-salteno-en-el-congreso-reconocieron-a-maria-noel-de-castro-por-su-candidatura-a-una-mision-espacial\/","og_site_name":"Cuarteto en la Web","article_published_time":"2026-03-02T15:00:37+00:00","og_image":[{"width":1366,"height":768,"url":"https:\/\/cuartetoenlaweb.com.ar\/sitio\/wp-content\/uploads\/2026\/03\/portadax-6.png","type":"image\/png"}],"twitter_card":"summary_large_image","twitter_misc":{"Tiempo de lectura":"1 minuto"},"schema":{"@context":"https:\/\/schema.org","@graph":[{"@type":"Article","@id":"https:\/\/cuartetoenlaweb.com.ar\/sitio\/orgullo-salteno-en-el-congreso-reconocieron-a-maria-noel-de-castro-por-su-candidatura-a-una-mision-espacial\/#article","isPartOf":{"@id":"https:\/\/cuartetoenlaweb.com.ar\/sitio\/orgullo-salteno-en-el-congreso-reconocieron-a-maria-noel-de-castro-por-su-candidatura-a-una-mision-espacial\/"},"author":{"name":"","@id":""},"headline":"Orgullo salte\u00f1o en el Congreso: reconocieron a Mar\u00eda Noel de Castro por su candidatura a una misi\u00f3n espacial","datePublished":"2026-03-02T15:00:37+00:00","mainEntityOfPage":{"@id":"https:\/\/cuartetoenlaweb.com.ar\/sitio\/orgullo-salteno-en-el-congreso-reconocieron-a-maria-noel-de-castro-por-su-candidatura-a-una-mision-espacial\/"},"wordCount":280,"publisher":{"@id":"http:\/\/cuartetoenlaweb.com.ar\/sitio\/#organization"},"image":{"@id":"https:\/\/cuartetoenlaweb.com.ar\/sitio\/orgullo-salteno-en-el-congreso-reconocieron-a-maria-noel-de-castro-por-su-candidatura-a-una-mision-espacial\/#primaryimage"},"thumbnailUrl":"https:\/\/cuartetoenlaweb.com.ar\/sitio\/wp-content\/uploads\/2026\/03\/portadax-6.png","articleSection":["PAIS"],"inLanguage":"es"},{"@type":"WebPage","@id":"https:\/\/cuartetoenlaweb.com.ar\/sitio\/orgullo-salteno-en-el-congreso-reconocieron-a-maria-noel-de-castro-por-su-candidatura-a-una-mision-espacial\/","url":"https:\/\/cuartetoenlaweb.com.ar\/sitio\/orgullo-salteno-en-el-congreso-reconocieron-a-maria-noel-de-castro-por-su-candidatura-a-una-mision-espacial\/","name":"Orgullo salte\u00f1o en el Congreso: reconocieron a Mar\u00eda Noel de Castro por su candidatura a una misi\u00f3n espacial - Cuarteto en la Web","isPartOf":{"@id":"http:\/\/cuartetoenlaweb.com.ar\/sitio\/#website"},"primaryImageOfPage":{"@id":"https:\/\/cuartetoenlaweb.com.ar\/sitio\/orgullo-salteno-en-el-congreso-reconocieron-a-maria-noel-de-castro-por-su-candidatura-a-una-mision-espacial\/#primaryimage"},"image":{"@id":"https:\/\/cuartetoenlaweb.com.ar\/sitio\/orgullo-salteno-en-el-congreso-reconocieron-a-maria-noel-de-castro-por-su-candidatura-a-una-mision-espacial\/#primaryimage"},"thumbnailUrl":"https:\/\/cuartetoenlaweb.com.ar\/sitio\/wp-content\/uploads\/2026\/03\/portadax-6.png","datePublished":"2026-03-02T15:00:37+00:00","breadcrumb":{"@id":"https:\/\/cuartetoenlaweb.com.ar\/sitio\/orgullo-salteno-en-el-congreso-reconocieron-a-maria-noel-de-castro-por-su-candidatura-a-una-mision-espacial\/#breadcrumb"},"inLanguage":"es","potentialAction":[{"@type":"ReadAction","target":["https:\/\/cuartetoenlaweb.com.ar\/sitio\/orgullo-salteno-en-el-congreso-reconocieron-a-maria-noel-de-castro-por-su-candidatura-a-una-mision-espacial\/"]}]},{"@type":"ImageObject","inLanguage":"es","@id":"https:\/\/cuartetoenlaweb.com.ar\/sitio\/orgullo-salteno-en-el-congreso-reconocieron-a-maria-noel-de-castro-por-su-candidatura-a-una-mision-espacial\/#primaryimage","url":"https:\/\/cuartetoenlaweb.com.ar\/sitio\/wp-content\/uploads\/2026\/03\/portadax-6.png","contentUrl":"https:\/\/cuartetoenlaweb.com.ar\/sitio\/wp-content\/uploads\/2026\/03\/portadax-6.png","width":1366,"height":768},{"@type":"BreadcrumbList","@id":"https:\/\/cuartetoenlaweb.com.ar\/sitio\/orgullo-salteno-en-el-congreso-reconocieron-a-maria-noel-de-castro-por-su-candidatura-a-una-mision-espacial\/#breadcrumb","itemListElement":[{"@type":"ListItem","position":1,"name":"Portada","item":"http:\/\/cuartetoenlaweb.com.ar\/sitio\/"},{"@type":"ListItem","position":2,"name":"Orgullo salte\u00f1o en el Congreso: reconocieron a Mar\u00eda Noel de Castro por su candidatura a una misi\u00f3n espacial"}]},{"@type":"WebSite","@id":"http:\/\/cuartetoenlaweb.com.ar\/sitio\/#website","url":"http:\/\/cuartetoenlaweb.com.ar\/sitio\/","name":"Cuarteto en la Web","description":"","publisher":{"@id":"http:\/\/cuartetoenlaweb.com.ar\/sitio\/#organization"},"potentialAction":[{"@type":"SearchAction","target":{"@type":"EntryPoint","urlTemplate":"http:\/\/cuartetoenlaweb.com.ar\/sitio\/?s={search_term_string}"},"query-input":{"@type":"PropertyValueSpecification","valueRequired":true,"valueName":"search_term_string"}}],"inLanguage":"es"},{"@type":"Organization","@id":"http:\/\/cuartetoenlaweb.com.ar\/sitio\/#organization","name":"Cuarteto en la Web","url":"http:\/\/cuartetoenlaweb.com.ar\/sitio\/","logo":{"@type":"ImageObject","inLanguage":"es","@id":"http:\/\/cuartetoenlaweb.com.ar\/sitio\/#\/schema\/logo\/image\/","url":"https:\/\/cuartetoenlaweb.com.ar\/sitio\/wp-content\/uploads\/2025\/07\/cropped-cropped-logitoweb21.png","contentUrl":"https:\/\/cuartetoenlaweb.com.ar\/sitio\/wp-content\/uploads\/2025\/07\/cropped-cropped-logitoweb21.png","width":199,"height":199,"caption":"Cuarteto en la Web"},"image":{"@id":"http:\/\/cuartetoenlaweb.com.ar\/sitio\/#\/schema\/logo\/image\/"}}]}},"_links":{"self":[{"href":"https:\/\/cuartetoenlaweb.com.ar\/sitio\/wp-json\/wp\/v2\/posts\/13263","targetHints":{"allow":["GET"]}}],"collection":[{"href":"https:\/\/cuartetoenlaweb.com.ar\/sitio\/wp-json\/wp\/v2\/posts"}],"about":[{"href":"https:\/\/cuartetoenlaweb.com.ar\/sitio\/wp-json\/wp\/v2\/types\/post"}],"replies":[{"embeddable":true,"href":"https:\/\/cuartetoenlaweb.com.ar\/sitio\/wp-json\/wp\/v2\/comments?post=13263"}],"version-history":[{"count":0,"href":"https:\/\/cuartetoenlaweb.com.ar\/sitio\/wp-json\/wp\/v2\/posts\/13263\/revisions"}],"wp:featuredmedia":[{"embeddable":true,"href":"https:\/\/cuartetoenlaweb.com.ar\/sitio\/wp-json\/wp\/v2\/media\/13264"}],"wp:attachment":[{"href":"https:\/\/cuartetoenlaweb.com.ar\/sitio\/wp-json\/wp\/v2\/media?parent=13263"}],"wp:term":[{"taxonomy":"category","embeddable":true,"href":"https:\/\/cuartetoenlaweb.com.ar\/sitio\/wp-json\/wp\/v2\/categories?post=13263"},{"taxonomy":"post_tag","embeddable":true,"href":"https:\/\/cuartetoenlaweb.com.ar\/sitio\/wp-json\/wp\/v2\/tags?post=13263"}],"curies":[{"name":"wp","href":"https:\/\/api.w.org\/{rel}","templated":true}]}}