
{"id":13261,"date":"2026-03-02T12:00:34","date_gmt":"2026-03-02T15:00:34","guid":{"rendered":"http:\/\/cuartetoenlaweb.com.ar\/sitio\/juicios-por-jurados-en-salta-ya-quedaron-conformados-los-12-que-definiran-el-veredicto\/"},"modified":"2026-03-02T12:00:34","modified_gmt":"2026-03-02T15:00:34","slug":"juicios-por-jurados-en-salta-ya-quedaron-conformados-los-12-que-definiran-el-veredicto","status":"publish","type":"post","link":"https:\/\/cuartetoenlaweb.com.ar\/sitio\/juicios-por-jurados-en-salta-ya-quedaron-conformados-los-12-que-definiran-el-veredicto\/","title":{"rendered":"Juicios por\u00a0 jurados en Salta: ya quedaron conformados los 12 que definir\u00e1n el veredicto"},"content":{"rendered":"<p>Salta atraviesa una jornada hist\u00f3rica en el Poder Judicial.<strong> Este lunes se llev\u00f3 a cabo la primera audiencia de selecci\u00f3n en el marco del debut del juicio por jurados en la provincia,<\/strong> el nuevo sistema que pone en manos de ciudadanos comunes la decisi\u00f3n sobre la culpabilidad o no de un imputado en delitos graves.<\/p>\n<p><strong>Fernando Leoni, director de Juicios por Jurados, <\/strong>explic\u00f3 que fueron convocados 70 potenciales jurados, quienes participaron de la instancia de selecci\u00f3n conocida como audiencia de voir dire. All\u00ed, fiscal\u00eda y defensa realizaron preguntas para detectar posibles incompatibilidades o inhabilidades, con el objetivo de conformar un jurado \u201cimparcial y justo\u201d.<\/p>\n<\/p>\n<blockquote class=\"instagram-media\">\n<div>\n<div>\n<div> <\/div>\n<div>\n<div> <\/div>\n<div> <\/div>\n<\/div>\n<\/div>\n<div> <\/div>\n<div><a href=\"https:\/\/www.instagram.com\/reel\/DVYjzs7Dhhp\/?utm_source=ig_embed&amp;utm_campaign=loading\" target=\"_blank\"><\/a><\/div>\n<div>\n<div><a href=\"https:\/\/www.instagram.com\/reel\/DVYjzs7Dhhp\/?utm_source=ig_embed&amp;utm_campaign=loading\" target=\"_blank\">Ver esta publicaci\u00f3n en Instagram<\/a><\/div>\n<\/div>\n<div> <\/div>\n<div>\n<div>\n<div> <\/div>\n<div> <\/div>\n<div> <\/div>\n<\/div>\n<div>\n<div> <\/div>\n<div> <\/div>\n<\/div>\n<div>\n<div> <\/div>\n<div> <\/div>\n<div> <\/div>\n<\/div>\n<\/div>\n<div>\n<div> <\/div>\n<div> <\/div>\n<\/div>\n<p><a href=\"https:\/\/www.instagram.com\/reel\/DVYjzs7Dhhp\/?utm_source=ig_embed&amp;utm_campaign=loading\" target=\"_blank\">Una publicaci\u00f3n compartida por El Tribuno (@eltribunosalta)<\/a><\/p>\n<\/div>\n<\/blockquote>\n<p>La convocatoria surge de un sorteo realizado en julio de 2025 sobre el padr\u00f3n electoral, organizado por departamento. Es decir, los jurados se extraen del mismo distrito donde ocurri\u00f3 el hecho. Para ser jurado se debe ser mayor de 18 a\u00f1os, saber leer y escribir y no pertenecer a fuerzas de seguridad, ni al Poder Judicial ni ejercer la abogac\u00eda, entre otras incompatibilidades previstas por ley.<\/p>\n<p>C<strong>erca de las 10 de la ma\u00f1ana quedaron definidos los primeros 16 jurados: 12 titulares y 4 suplentes. Tras la toma de juramento, comenz\u00f3 el debate propiamente dicho. En este sistema, los doce ciudadanos son quienes deliberan y deciden el veredicto. El juez t\u00e9cnico no define la culpabilidad, sino que interviene posteriormente en caso de que corresponda fijar la pena.<\/strong><\/p>\n<p><strong><img decoding=\"async\" src=\"https:\/\/uscdn.eltribuno.com\/032026\/1772463283449.jpg\" \/><\/strong><\/p>\n<p>El juicio en curso tiene una duraci\u00f3n prevista de tres d\u00edas. La ley establece un m\u00e1ximo de cinco jornadas para no afectar de manera prolongada a los ciudadanos convocados, ya que se trata de una carga p\u00fablica obligatoria. Los jurados deben ausentarse de sus trabajos con justificaci\u00f3n oficial y reciben una retribuci\u00f3n aproximada de 65 mil pesos por d\u00eda.<\/p>\n<p>Las audiencias se desarrollan en jornadas completas que pueden extenderse hasta la tarde o noche, dependiendo del tiempo que demanden los testimonios.<strong> Tras las exposiciones iniciales de fiscal\u00eda y defensa, comienza la producci\u00f3n de pruebas con la declaraci\u00f3n de testigos, etapa central para que el jurado pueda luego deliberar y emitir su veredicto.<\/strong><\/p>\n","protected":false},"excerpt":{"rendered":"<p>Salta atraviesa una jornada hist\u00f3rica en el Poder Judicial. Este<\/p>\n","protected":false},"author":0,"featured_media":13262,"comment_status":"","ping_status":"","sticky":false,"template":"","format":"standard","meta":{"footnotes":""},"categories":[65],"tags":[],"class_list":["post-13261","post","type-post","status-publish","format-standard","has-post-thumbnail","hentry","category-pais"],"yoast_head":"<!-- This site is optimized with the Yoast SEO plugin v27.5 - https:\/\/yoast.com\/product\/yoast-seo-wordpress\/ -->\n<title>Juicios por\u00a0 jurados en Salta: ya quedaron conformados los 12 que definir\u00e1n el veredicto - Cuarteto en la Web<\/title>\n<meta name=\"robots\" content=\"index, follow, max-snippet:-1, max-image-preview:large, max-video-preview:-1\" \/>\n<link rel=\"canonical\" href=\"https:\/\/cuartetoenlaweb.com.ar\/sitio\/juicios-por-jurados-en-salta-ya-quedaron-conformados-los-12-que-definiran-el-veredicto\/\" \/>\n<meta property=\"og:locale\" content=\"es_ES\" \/>\n<meta property=\"og:type\" content=\"article\" \/>\n<meta property=\"og:title\" content=\"Juicios por\u00a0 jurados en Salta: ya quedaron conformados los 12 que definir\u00e1n el veredicto - Cuarteto en la Web\" \/>\n<meta property=\"og:description\" content=\"Salta atraviesa una jornada hist\u00f3rica en el Poder Judicial. Este\" \/>\n<meta property=\"og:url\" content=\"https:\/\/cuartetoenlaweb.com.ar\/sitio\/juicios-por-jurados-en-salta-ya-quedaron-conformados-los-12-que-definiran-el-veredicto\/\" \/>\n<meta property=\"og:site_name\" content=\"Cuarteto en la Web\" \/>\n<meta property=\"article:published_time\" content=\"2026-03-02T15:00:34+00:00\" \/>\n<meta property=\"og:image\" content=\"https:\/\/cuartetoenlaweb.com.ar\/sitio\/wp-content\/uploads\/2026\/03\/1772463283449.jpg\" \/>\n\t<meta property=\"og:image:width\" content=\"1280\" \/>\n\t<meta property=\"og:image:height\" content=\"720\" \/>\n\t<meta property=\"og:image:type\" content=\"image\/jpeg\" \/>\n<meta name=\"twitter:card\" content=\"summary_large_image\" \/>\n<meta name=\"twitter:label1\" content=\"Tiempo de lectura\" \/>\n\t<meta name=\"twitter:data1\" content=\"2 minutos\" \/>\n<script type=\"application\/ld+json\" class=\"yoast-schema-graph\">{\"@context\":\"https:\\\/\\\/schema.org\",\"@graph\":[{\"@type\":\"Article\",\"@id\":\"https:\\\/\\\/cuartetoenlaweb.com.ar\\\/sitio\\\/juicios-por-jurados-en-salta-ya-quedaron-conformados-los-12-que-definiran-el-veredicto\\\/#article\",\"isPartOf\":{\"@id\":\"https:\\\/\\\/cuartetoenlaweb.com.ar\\\/sitio\\\/juicios-por-jurados-en-salta-ya-quedaron-conformados-los-12-que-definiran-el-veredicto\\\/\"},\"author\":{\"name\":\"\",\"@id\":\"\"},\"headline\":\"Juicios por\u00a0 jurados en Salta: ya quedaron conformados los 12 que definir\u00e1n el veredicto\",\"datePublished\":\"2026-03-02T15:00:34+00:00\",\"mainEntityOfPage\":{\"@id\":\"https:\\\/\\\/cuartetoenlaweb.com.ar\\\/sitio\\\/juicios-por-jurados-en-salta-ya-quedaron-conformados-los-12-que-definiran-el-veredicto\\\/\"},\"wordCount\":382,\"publisher\":{\"@id\":\"http:\\\/\\\/cuartetoenlaweb.com.ar\\\/sitio\\\/#organization\"},\"image\":{\"@id\":\"https:\\\/\\\/cuartetoenlaweb.com.ar\\\/sitio\\\/juicios-por-jurados-en-salta-ya-quedaron-conformados-los-12-que-definiran-el-veredicto\\\/#primaryimage\"},\"thumbnailUrl\":\"https:\\\/\\\/cuartetoenlaweb.com.ar\\\/sitio\\\/wp-content\\\/uploads\\\/2026\\\/03\\\/1772463283449.jpg\",\"articleSection\":[\"PAIS\"],\"inLanguage\":\"es\"},{\"@type\":\"WebPage\",\"@id\":\"https:\\\/\\\/cuartetoenlaweb.com.ar\\\/sitio\\\/juicios-por-jurados-en-salta-ya-quedaron-conformados-los-12-que-definiran-el-veredicto\\\/\",\"url\":\"https:\\\/\\\/cuartetoenlaweb.com.ar\\\/sitio\\\/juicios-por-jurados-en-salta-ya-quedaron-conformados-los-12-que-definiran-el-veredicto\\\/\",\"name\":\"Juicios por\u00a0 jurados en Salta: ya quedaron conformados los 12 que definir\u00e1n el veredicto - Cuarteto en la Web\",\"isPartOf\":{\"@id\":\"http:\\\/\\\/cuartetoenlaweb.com.ar\\\/sitio\\\/#website\"},\"primaryImageOfPage\":{\"@id\":\"https:\\\/\\\/cuartetoenlaweb.com.ar\\\/sitio\\\/juicios-por-jurados-en-salta-ya-quedaron-conformados-los-12-que-definiran-el-veredicto\\\/#primaryimage\"},\"image\":{\"@id\":\"https:\\\/\\\/cuartetoenlaweb.com.ar\\\/sitio\\\/juicios-por-jurados-en-salta-ya-quedaron-conformados-los-12-que-definiran-el-veredicto\\\/#primaryimage\"},\"thumbnailUrl\":\"https:\\\/\\\/cuartetoenlaweb.com.ar\\\/sitio\\\/wp-content\\\/uploads\\\/2026\\\/03\\\/1772463283449.jpg\",\"datePublished\":\"2026-03-02T15:00:34+00:00\",\"breadcrumb\":{\"@id\":\"https:\\\/\\\/cuartetoenlaweb.com.ar\\\/sitio\\\/juicios-por-jurados-en-salta-ya-quedaron-conformados-los-12-que-definiran-el-veredicto\\\/#breadcrumb\"},\"inLanguage\":\"es\",\"potentialAction\":[{\"@type\":\"ReadAction\",\"target\":[\"https:\\\/\\\/cuartetoenlaweb.com.ar\\\/sitio\\\/juicios-por-jurados-en-salta-ya-quedaron-conformados-los-12-que-definiran-el-veredicto\\\/\"]}]},{\"@type\":\"ImageObject\",\"inLanguage\":\"es\",\"@id\":\"https:\\\/\\\/cuartetoenlaweb.com.ar\\\/sitio\\\/juicios-por-jurados-en-salta-ya-quedaron-conformados-los-12-que-definiran-el-veredicto\\\/#primaryimage\",\"url\":\"https:\\\/\\\/cuartetoenlaweb.com.ar\\\/sitio\\\/wp-content\\\/uploads\\\/2026\\\/03\\\/1772463283449.jpg\",\"contentUrl\":\"https:\\\/\\\/cuartetoenlaweb.com.ar\\\/sitio\\\/wp-content\\\/uploads\\\/2026\\\/03\\\/1772463283449.jpg\",\"width\":1280,\"height\":720},{\"@type\":\"BreadcrumbList\",\"@id\":\"https:\\\/\\\/cuartetoenlaweb.com.ar\\\/sitio\\\/juicios-por-jurados-en-salta-ya-quedaron-conformados-los-12-que-definiran-el-veredicto\\\/#breadcrumb\",\"itemListElement\":[{\"@type\":\"ListItem\",\"position\":1,\"name\":\"Portada\",\"item\":\"http:\\\/\\\/cuartetoenlaweb.com.ar\\\/sitio\\\/\"},{\"@type\":\"ListItem\",\"position\":2,\"name\":\"Juicios por\u00a0 jurados en Salta: ya quedaron conformados los 12 que definir\u00e1n el veredicto\"}]},{\"@type\":\"WebSite\",\"@id\":\"http:\\\/\\\/cuartetoenlaweb.com.ar\\\/sitio\\\/#website\",\"url\":\"http:\\\/\\\/cuartetoenlaweb.com.ar\\\/sitio\\\/\",\"name\":\"Cuarteto en la Web\",\"description\":\"\",\"publisher\":{\"@id\":\"http:\\\/\\\/cuartetoenlaweb.com.ar\\\/sitio\\\/#organization\"},\"potentialAction\":[{\"@type\":\"SearchAction\",\"target\":{\"@type\":\"EntryPoint\",\"urlTemplate\":\"http:\\\/\\\/cuartetoenlaweb.com.ar\\\/sitio\\\/?s={search_term_string}\"},\"query-input\":{\"@type\":\"PropertyValueSpecification\",\"valueRequired\":true,\"valueName\":\"search_term_string\"}}],\"inLanguage\":\"es\"},{\"@type\":\"Organization\",\"@id\":\"http:\\\/\\\/cuartetoenlaweb.com.ar\\\/sitio\\\/#organization\",\"name\":\"Cuarteto en la Web\",\"url\":\"http:\\\/\\\/cuartetoenlaweb.com.ar\\\/sitio\\\/\",\"logo\":{\"@type\":\"ImageObject\",\"inLanguage\":\"es\",\"@id\":\"http:\\\/\\\/cuartetoenlaweb.com.ar\\\/sitio\\\/#\\\/schema\\\/logo\\\/image\\\/\",\"url\":\"https:\\\/\\\/cuartetoenlaweb.com.ar\\\/sitio\\\/wp-content\\\/uploads\\\/2025\\\/07\\\/cropped-cropped-logitoweb21.png\",\"contentUrl\":\"https:\\\/\\\/cuartetoenlaweb.com.ar\\\/sitio\\\/wp-content\\\/uploads\\\/2025\\\/07\\\/cropped-cropped-logitoweb21.png\",\"width\":199,\"height\":199,\"caption\":\"Cuarteto en la Web\"},\"image\":{\"@id\":\"http:\\\/\\\/cuartetoenlaweb.com.ar\\\/sitio\\\/#\\\/schema\\\/logo\\\/image\\\/\"}}]}<\/script>\n<!-- \/ Yoast SEO plugin. -->","yoast_head_json":{"title":"Juicios por\u00a0 jurados en Salta: ya quedaron conformados los 12 que definir\u00e1n el veredicto - Cuarteto en la Web","robots":{"index":"index","follow":"follow","max-snippet":"max-snippet:-1","max-image-preview":"max-image-preview:large","max-video-preview":"max-video-preview:-1"},"canonical":"https:\/\/cuartetoenlaweb.com.ar\/sitio\/juicios-por-jurados-en-salta-ya-quedaron-conformados-los-12-que-definiran-el-veredicto\/","og_locale":"es_ES","og_type":"article","og_title":"Juicios por\u00a0 jurados en Salta: ya quedaron conformados los 12 que definir\u00e1n el veredicto - Cuarteto en la Web","og_description":"Salta atraviesa una jornada hist\u00f3rica en el Poder Judicial. Este","og_url":"https:\/\/cuartetoenlaweb.com.ar\/sitio\/juicios-por-jurados-en-salta-ya-quedaron-conformados-los-12-que-definiran-el-veredicto\/","og_site_name":"Cuarteto en la Web","article_published_time":"2026-03-02T15:00:34+00:00","og_image":[{"width":1280,"height":720,"url":"https:\/\/cuartetoenlaweb.com.ar\/sitio\/wp-content\/uploads\/2026\/03\/1772463283449.jpg","type":"image\/jpeg"}],"twitter_card":"summary_large_image","twitter_misc":{"Tiempo de lectura":"2 minutos"},"schema":{"@context":"https:\/\/schema.org","@graph":[{"@type":"Article","@id":"https:\/\/cuartetoenlaweb.com.ar\/sitio\/juicios-por-jurados-en-salta-ya-quedaron-conformados-los-12-que-definiran-el-veredicto\/#article","isPartOf":{"@id":"https:\/\/cuartetoenlaweb.com.ar\/sitio\/juicios-por-jurados-en-salta-ya-quedaron-conformados-los-12-que-definiran-el-veredicto\/"},"author":{"name":"","@id":""},"headline":"Juicios por\u00a0 jurados en Salta: ya quedaron conformados los 12 que definir\u00e1n el veredicto","datePublished":"2026-03-02T15:00:34+00:00","mainEntityOfPage":{"@id":"https:\/\/cuartetoenlaweb.com.ar\/sitio\/juicios-por-jurados-en-salta-ya-quedaron-conformados-los-12-que-definiran-el-veredicto\/"},"wordCount":382,"publisher":{"@id":"http:\/\/cuartetoenlaweb.com.ar\/sitio\/#organization"},"image":{"@id":"https:\/\/cuartetoenlaweb.com.ar\/sitio\/juicios-por-jurados-en-salta-ya-quedaron-conformados-los-12-que-definiran-el-veredicto\/#primaryimage"},"thumbnailUrl":"https:\/\/cuartetoenlaweb.com.ar\/sitio\/wp-content\/uploads\/2026\/03\/1772463283449.jpg","articleSection":["PAIS"],"inLanguage":"es"},{"@type":"WebPage","@id":"https:\/\/cuartetoenlaweb.com.ar\/sitio\/juicios-por-jurados-en-salta-ya-quedaron-conformados-los-12-que-definiran-el-veredicto\/","url":"https:\/\/cuartetoenlaweb.com.ar\/sitio\/juicios-por-jurados-en-salta-ya-quedaron-conformados-los-12-que-definiran-el-veredicto\/","name":"Juicios por\u00a0 jurados en Salta: ya quedaron conformados los 12 que definir\u00e1n el veredicto - Cuarteto en la Web","isPartOf":{"@id":"http:\/\/cuartetoenlaweb.com.ar\/sitio\/#website"},"primaryImageOfPage":{"@id":"https:\/\/cuartetoenlaweb.com.ar\/sitio\/juicios-por-jurados-en-salta-ya-quedaron-conformados-los-12-que-definiran-el-veredicto\/#primaryimage"},"image":{"@id":"https:\/\/cuartetoenlaweb.com.ar\/sitio\/juicios-por-jurados-en-salta-ya-quedaron-conformados-los-12-que-definiran-el-veredicto\/#primaryimage"},"thumbnailUrl":"https:\/\/cuartetoenlaweb.com.ar\/sitio\/wp-content\/uploads\/2026\/03\/1772463283449.jpg","datePublished":"2026-03-02T15:00:34+00:00","breadcrumb":{"@id":"https:\/\/cuartetoenlaweb.com.ar\/sitio\/juicios-por-jurados-en-salta-ya-quedaron-conformados-los-12-que-definiran-el-veredicto\/#breadcrumb"},"inLanguage":"es","potentialAction":[{"@type":"ReadAction","target":["https:\/\/cuartetoenlaweb.com.ar\/sitio\/juicios-por-jurados-en-salta-ya-quedaron-conformados-los-12-que-definiran-el-veredicto\/"]}]},{"@type":"ImageObject","inLanguage":"es","@id":"https:\/\/cuartetoenlaweb.com.ar\/sitio\/juicios-por-jurados-en-salta-ya-quedaron-conformados-los-12-que-definiran-el-veredicto\/#primaryimage","url":"https:\/\/cuartetoenlaweb.com.ar\/sitio\/wp-content\/uploads\/2026\/03\/1772463283449.jpg","contentUrl":"https:\/\/cuartetoenlaweb.com.ar\/sitio\/wp-content\/uploads\/2026\/03\/1772463283449.jpg","width":1280,"height":720},{"@type":"BreadcrumbList","@id":"https:\/\/cuartetoenlaweb.com.ar\/sitio\/juicios-por-jurados-en-salta-ya-quedaron-conformados-los-12-que-definiran-el-veredicto\/#breadcrumb","itemListElement":[{"@type":"ListItem","position":1,"name":"Portada","item":"http:\/\/cuartetoenlaweb.com.ar\/sitio\/"},{"@type":"ListItem","position":2,"name":"Juicios por\u00a0 jurados en Salta: ya quedaron conformados los 12 que definir\u00e1n el veredicto"}]},{"@type":"WebSite","@id":"http:\/\/cuartetoenlaweb.com.ar\/sitio\/#website","url":"http:\/\/cuartetoenlaweb.com.ar\/sitio\/","name":"Cuarteto en la Web","description":"","publisher":{"@id":"http:\/\/cuartetoenlaweb.com.ar\/sitio\/#organization"},"potentialAction":[{"@type":"SearchAction","target":{"@type":"EntryPoint","urlTemplate":"http:\/\/cuartetoenlaweb.com.ar\/sitio\/?s={search_term_string}"},"query-input":{"@type":"PropertyValueSpecification","valueRequired":true,"valueName":"search_term_string"}}],"inLanguage":"es"},{"@type":"Organization","@id":"http:\/\/cuartetoenlaweb.com.ar\/sitio\/#organization","name":"Cuarteto en la Web","url":"http:\/\/cuartetoenlaweb.com.ar\/sitio\/","logo":{"@type":"ImageObject","inLanguage":"es","@id":"http:\/\/cuartetoenlaweb.com.ar\/sitio\/#\/schema\/logo\/image\/","url":"https:\/\/cuartetoenlaweb.com.ar\/sitio\/wp-content\/uploads\/2025\/07\/cropped-cropped-logitoweb21.png","contentUrl":"https:\/\/cuartetoenlaweb.com.ar\/sitio\/wp-content\/uploads\/2025\/07\/cropped-cropped-logitoweb21.png","width":199,"height":199,"caption":"Cuarteto en la Web"},"image":{"@id":"http:\/\/cuartetoenlaweb.com.ar\/sitio\/#\/schema\/logo\/image\/"}}]}},"_links":{"self":[{"href":"https:\/\/cuartetoenlaweb.com.ar\/sitio\/wp-json\/wp\/v2\/posts\/13261","targetHints":{"allow":["GET"]}}],"collection":[{"href":"https:\/\/cuartetoenlaweb.com.ar\/sitio\/wp-json\/wp\/v2\/posts"}],"about":[{"href":"https:\/\/cuartetoenlaweb.com.ar\/sitio\/wp-json\/wp\/v2\/types\/post"}],"replies":[{"embeddable":true,"href":"https:\/\/cuartetoenlaweb.com.ar\/sitio\/wp-json\/wp\/v2\/comments?post=13261"}],"version-history":[{"count":0,"href":"https:\/\/cuartetoenlaweb.com.ar\/sitio\/wp-json\/wp\/v2\/posts\/13261\/revisions"}],"wp:featuredmedia":[{"embeddable":true,"href":"https:\/\/cuartetoenlaweb.com.ar\/sitio\/wp-json\/wp\/v2\/media\/13262"}],"wp:attachment":[{"href":"https:\/\/cuartetoenlaweb.com.ar\/sitio\/wp-json\/wp\/v2\/media?parent=13261"}],"wp:term":[{"taxonomy":"category","embeddable":true,"href":"https:\/\/cuartetoenlaweb.com.ar\/sitio\/wp-json\/wp\/v2\/categories?post=13261"},{"taxonomy":"post_tag","embeddable":true,"href":"https:\/\/cuartetoenlaweb.com.ar\/sitio\/wp-json\/wp\/v2\/tags?post=13261"}],"curies":[{"name":"wp","href":"https:\/\/api.w.org\/{rel}","templated":true}]}}