
{"id":13259,"date":"2026-03-02T12:00:30","date_gmt":"2026-03-02T15:00:30","guid":{"rendered":"http:\/\/cuartetoenlaweb.com.ar\/sitio\/durand-detallo-las-obras-viales-plazas-y-el-proyecto-hidrico-estructural-para-la-ciudad\/"},"modified":"2026-03-02T12:00:30","modified_gmt":"2026-03-02T15:00:30","slug":"durand-detallo-las-obras-viales-plazas-y-el-proyecto-hidrico-estructural-para-la-ciudad","status":"publish","type":"post","link":"https:\/\/cuartetoenlaweb.com.ar\/sitio\/durand-detallo-las-obras-viales-plazas-y-el-proyecto-hidrico-estructural-para-la-ciudad\/","title":{"rendered":"Durand detall\u00f3 las obras viales, plazas y el proyecto h\u00eddrico estructural para la ciudad"},"content":{"rendered":"<p>El intendente Emiliano Durand detall\u00f3 el paquete de obras p\u00fablicas que el municipio pondr\u00e1 en marcha este a\u00f1o y asegur\u00f3 que<strong> la inversi\u00f3n se sostendr\u00e1 <\/strong>mayoritariamente con recursos propios, durante el encuentro de esta ma\u00f1ana con <strong>Radio Salta<\/strong>. Seg\u00fan precis\u00f3, nueve de cada diez pesos destinados a infraestructura provienen de la recaudaci\u00f3n municipal y vuelven a la ciudad en forma de obras.<\/p>\n<p>Uno de los ejes centrales ser\u00e1 la intervenci\u00f3n integral en la <strong>colectora de avenida Bolivia<\/strong>, una de las arterias m\u00e1s transitadas de la zona norte. El proyecto contempla la reconstrucci\u00f3n completa de la calzada, nueva iluminaci\u00f3n, rotondas de acceso a barrios y mejoras en la conectividad.<strong> Barrios como Pereyra Rosas, Parque General Belgrano, Ciudad del Milagro y Juan Manuel de Rosas <\/strong>se ver\u00e1n beneficiados con accesos m\u00e1s seguros y ordenados, ya que actualmente el cruce sin rotondas genera situaciones de riesgo y congesti\u00f3n.<\/p>\n<p><img decoding=\"async\" src=\"https:\/\/uscdn.eltribuno.com\/032026\/1772461721488.jpg\" \/><\/p>\n<p>La obra tambi\u00e9n incluir\u00e1 nuevos espacios verdes y parques en la zona de Casta\u00f1ares, siguiendo el modelo de recuperaci\u00f3n urbana aplicado en plaza Alvarado. El objetivo, explic\u00f3 el intendente, es combinar infraestructura vial con espacios p\u00fablicos que promuevan la integraci\u00f3n barrial.<\/p>\n<p>En paralelo, el municipio avanzar\u00e1 con la segunda etapa del<strong> Plan Vial Zona Sur. All\u00ed se trabajar\u00e1 sobre las colectoras de avenida Excombatientes<\/strong>, con nueva carpeta asf\u00e1ltica, iluminaci\u00f3n LED y mejoras en los accesos a los barrios. Adem\u00e1s, se construir\u00e1 la <strong>rotonda de avenida del Carnaval en avenida Banchik<\/strong>, un punto que hoy carece de un ingreso ordenado y genera complicaciones en horas pico.<\/p>\n<p><img decoding=\"async\" src=\"https:\/\/uscdn.eltribuno.com\/032026\/1772461717511.jpg\" \/><\/p>\n<p>Otra intervenci\u00f3n estrat\u00e9gica ser\u00e1 la transformaci\u00f3n del ingreso hist\u00f3rico a la ciudad por avenida Asunci\u00f3n, desde el aut\u00f3dromo hasta la terminal. Se prev\u00e9 la construcci\u00f3n de una rotonda de acceso al cerro San Bernardo para evitar que los conductores deban llegar hasta la rotonda de los Gauchos, y una nueva conexi\u00f3n por Boedo que permitir\u00e1 descongestionar el acceso a la terminal y generar un v\u00ednculo m\u00e1s directo con el hospital San Bernardo y la zona de Leandro N. Alem. La obra apunta a mejorar la conectividad y reducir embudos de tr\u00e1nsito en uno de los sectores m\u00e1s cr\u00edticos.<\/p>\n<p>En materia de espacios p\u00fablicos, el municipio confirm\u00f3 la recuperaci\u00f3n de plazas hist\u00f3ricas como plaza Evita y plaza Gurruchaga, que ser\u00e1n remodeladas integralmente. La experiencia en otras plazas ya intervenidas, como la de los Deportes en Tres Cerritos, mostr\u00f3 un aumento significativo en la concurrencia de familias, lo que refuerza la apuesta por el espacio p\u00fablico como punto de encuentro comunitario.<\/p>\n<p><img decoding=\"async\" src=\"https:\/\/uscdn.eltribuno.com\/032026\/1772461719711.jpg\" \/><\/p>\n<p>Un cap\u00edtulo destacado ser\u00e1 el plan de iluminaci\u00f3n. <strong>Este a\u00f1o se instalar\u00e1n 17.000 nuevas luminarias LED<\/strong>, ampliando el proceso de modernizaci\u00f3n iniciado el a\u00f1o pasado. La meta es mejorar la seguridad, reducir el consumo energ\u00e9tico y optimizar el mantenimiento del sistema de alumbrado.<\/p>\n<p>Durand tambi\u00e9n abord\u00f3 uno de los desaf\u00edos estructurales de la capital: las inundaciones. Explic\u00f3 que la ciudad, al estar emplazada en un valle atravesado hist\u00f3ricamente por canales naturales, perdi\u00f3 capacidad de absorci\u00f3n de agua debido al crecimiento urbano y la impermeabilizaci\u00f3n del suelo. El plan h\u00eddrico proyectado contempla obras de canalizaci\u00f3n e infraestructura para derivar el agua hacia los r\u00edos, pero demandar\u00eda una inversi\u00f3n cercana a los 700 mil millones de pesos, equivalente a dos presupuestos municipales.<\/p>\n<p>El intendente se\u00f1al\u00f3 que el municipio no puede afrontar en soledad ese proyecto y pidi\u00f3 acompa\u00f1amiento nacional para concretarlo. Sostuvo que se trata de una obra estructural que ning\u00fan privado ejecutar\u00e1 y que es clave para mejorar la calidad de vida de los vecinos en \u00e9pocas de lluvias intensas.<\/p>\n<p><strong>En paralelo al plan de obras, el jefe comunal ratific\u00f3 la pol\u00edtica de impulso al empleo mediante la apertura de nuevas f\u00e1bricas municipales y la creaci\u00f3n de escuelas de formaci\u00f3n t\u00e9cnica, como la futura escuela municipal de miner\u00eda y la escuela de mec\u00e1nica de motos, autom\u00f3viles y maquinaria pesada. Estas iniciativas buscan acompa\u00f1ar el crecimiento proyectado del sector minero y generar oportunidades laborales con certificaci\u00f3n formal para los salte\u00f1os.<\/strong><\/p>\n<p>El mensaje del Ejecutivo municipal combina infraestructura urbana, recuperaci\u00f3n de espacios p\u00fablicos, modernizaci\u00f3n tecnol\u00f3gica e impulso a la formaci\u00f3n laboral, en un escenario donde la inversi\u00f3n nacional en obra p\u00fablica se redujo y el municipio apuesta a sostener el ritmo con recursos propios y articulaci\u00f3n con el sector privado.<\/p>\n","protected":false},"excerpt":{"rendered":"<p>El intendente Emiliano Durand detall\u00f3 el paquete de obras p\u00fablicas<\/p>\n","protected":false},"author":0,"featured_media":13260,"comment_status":"","ping_status":"","sticky":false,"template":"","format":"standard","meta":{"footnotes":""},"categories":[65],"tags":[],"class_list":["post-13259","post","type-post","status-publish","format-standard","has-post-thumbnail","hentry","category-pais"],"yoast_head":"<!-- This site is optimized with the Yoast SEO plugin v27.5 - https:\/\/yoast.com\/product\/yoast-seo-wordpress\/ -->\n<title>Durand detall\u00f3 las obras viales, plazas y el proyecto h\u00eddrico estructural para la ciudad - Cuarteto en la Web<\/title>\n<meta name=\"robots\" content=\"index, follow, max-snippet:-1, max-image-preview:large, max-video-preview:-1\" \/>\n<link rel=\"canonical\" href=\"https:\/\/cuartetoenlaweb.com.ar\/sitio\/durand-detallo-las-obras-viales-plazas-y-el-proyecto-hidrico-estructural-para-la-ciudad\/\" \/>\n<meta property=\"og:locale\" content=\"es_ES\" \/>\n<meta property=\"og:type\" content=\"article\" \/>\n<meta property=\"og:title\" content=\"Durand detall\u00f3 las obras viales, plazas y el proyecto h\u00eddrico estructural para la ciudad - Cuarteto en la Web\" \/>\n<meta property=\"og:description\" content=\"El intendente Emiliano Durand detall\u00f3 el paquete de obras p\u00fablicas\" \/>\n<meta property=\"og:url\" content=\"https:\/\/cuartetoenlaweb.com.ar\/sitio\/durand-detallo-las-obras-viales-plazas-y-el-proyecto-hidrico-estructural-para-la-ciudad\/\" \/>\n<meta property=\"og:site_name\" content=\"Cuarteto en la Web\" \/>\n<meta property=\"article:published_time\" content=\"2026-03-02T15:00:30+00:00\" \/>\n<meta property=\"og:image\" content=\"https:\/\/cuartetoenlaweb.com.ar\/sitio\/wp-content\/uploads\/2026\/03\/1772461721488.jpg\" \/>\n\t<meta property=\"og:image:width\" content=\"1500\" \/>\n\t<meta property=\"og:image:height\" content=\"970\" \/>\n\t<meta property=\"og:image:type\" content=\"image\/jpeg\" \/>\n<meta name=\"twitter:card\" content=\"summary_large_image\" \/>\n<meta name=\"twitter:label1\" content=\"Tiempo de lectura\" \/>\n\t<meta name=\"twitter:data1\" content=\"4 minutos\" \/>\n<script type=\"application\/ld+json\" class=\"yoast-schema-graph\">{\"@context\":\"https:\\\/\\\/schema.org\",\"@graph\":[{\"@type\":\"Article\",\"@id\":\"https:\\\/\\\/cuartetoenlaweb.com.ar\\\/sitio\\\/durand-detallo-las-obras-viales-plazas-y-el-proyecto-hidrico-estructural-para-la-ciudad\\\/#article\",\"isPartOf\":{\"@id\":\"https:\\\/\\\/cuartetoenlaweb.com.ar\\\/sitio\\\/durand-detallo-las-obras-viales-plazas-y-el-proyecto-hidrico-estructural-para-la-ciudad\\\/\"},\"author\":{\"name\":\"\",\"@id\":\"\"},\"headline\":\"Durand detall\u00f3 las obras viales, plazas y el proyecto h\u00eddrico estructural para la ciudad\",\"datePublished\":\"2026-03-02T15:00:30+00:00\",\"mainEntityOfPage\":{\"@id\":\"https:\\\/\\\/cuartetoenlaweb.com.ar\\\/sitio\\\/durand-detallo-las-obras-viales-plazas-y-el-proyecto-hidrico-estructural-para-la-ciudad\\\/\"},\"wordCount\":787,\"publisher\":{\"@id\":\"http:\\\/\\\/cuartetoenlaweb.com.ar\\\/sitio\\\/#organization\"},\"image\":{\"@id\":\"https:\\\/\\\/cuartetoenlaweb.com.ar\\\/sitio\\\/durand-detallo-las-obras-viales-plazas-y-el-proyecto-hidrico-estructural-para-la-ciudad\\\/#primaryimage\"},\"thumbnailUrl\":\"https:\\\/\\\/cuartetoenlaweb.com.ar\\\/sitio\\\/wp-content\\\/uploads\\\/2026\\\/03\\\/1772461721488.jpg\",\"articleSection\":[\"PAIS\"],\"inLanguage\":\"es\"},{\"@type\":\"WebPage\",\"@id\":\"https:\\\/\\\/cuartetoenlaweb.com.ar\\\/sitio\\\/durand-detallo-las-obras-viales-plazas-y-el-proyecto-hidrico-estructural-para-la-ciudad\\\/\",\"url\":\"https:\\\/\\\/cuartetoenlaweb.com.ar\\\/sitio\\\/durand-detallo-las-obras-viales-plazas-y-el-proyecto-hidrico-estructural-para-la-ciudad\\\/\",\"name\":\"Durand detall\u00f3 las obras viales, plazas y el proyecto h\u00eddrico estructural para la ciudad - Cuarteto en la Web\",\"isPartOf\":{\"@id\":\"http:\\\/\\\/cuartetoenlaweb.com.ar\\\/sitio\\\/#website\"},\"primaryImageOfPage\":{\"@id\":\"https:\\\/\\\/cuartetoenlaweb.com.ar\\\/sitio\\\/durand-detallo-las-obras-viales-plazas-y-el-proyecto-hidrico-estructural-para-la-ciudad\\\/#primaryimage\"},\"image\":{\"@id\":\"https:\\\/\\\/cuartetoenlaweb.com.ar\\\/sitio\\\/durand-detallo-las-obras-viales-plazas-y-el-proyecto-hidrico-estructural-para-la-ciudad\\\/#primaryimage\"},\"thumbnailUrl\":\"https:\\\/\\\/cuartetoenlaweb.com.ar\\\/sitio\\\/wp-content\\\/uploads\\\/2026\\\/03\\\/1772461721488.jpg\",\"datePublished\":\"2026-03-02T15:00:30+00:00\",\"breadcrumb\":{\"@id\":\"https:\\\/\\\/cuartetoenlaweb.com.ar\\\/sitio\\\/durand-detallo-las-obras-viales-plazas-y-el-proyecto-hidrico-estructural-para-la-ciudad\\\/#breadcrumb\"},\"inLanguage\":\"es\",\"potentialAction\":[{\"@type\":\"ReadAction\",\"target\":[\"https:\\\/\\\/cuartetoenlaweb.com.ar\\\/sitio\\\/durand-detallo-las-obras-viales-plazas-y-el-proyecto-hidrico-estructural-para-la-ciudad\\\/\"]}]},{\"@type\":\"ImageObject\",\"inLanguage\":\"es\",\"@id\":\"https:\\\/\\\/cuartetoenlaweb.com.ar\\\/sitio\\\/durand-detallo-las-obras-viales-plazas-y-el-proyecto-hidrico-estructural-para-la-ciudad\\\/#primaryimage\",\"url\":\"https:\\\/\\\/cuartetoenlaweb.com.ar\\\/sitio\\\/wp-content\\\/uploads\\\/2026\\\/03\\\/1772461721488.jpg\",\"contentUrl\":\"https:\\\/\\\/cuartetoenlaweb.com.ar\\\/sitio\\\/wp-content\\\/uploads\\\/2026\\\/03\\\/1772461721488.jpg\",\"width\":1500,\"height\":970},{\"@type\":\"BreadcrumbList\",\"@id\":\"https:\\\/\\\/cuartetoenlaweb.com.ar\\\/sitio\\\/durand-detallo-las-obras-viales-plazas-y-el-proyecto-hidrico-estructural-para-la-ciudad\\\/#breadcrumb\",\"itemListElement\":[{\"@type\":\"ListItem\",\"position\":1,\"name\":\"Portada\",\"item\":\"http:\\\/\\\/cuartetoenlaweb.com.ar\\\/sitio\\\/\"},{\"@type\":\"ListItem\",\"position\":2,\"name\":\"Durand detall\u00f3 las obras viales, plazas y el proyecto h\u00eddrico estructural para la ciudad\"}]},{\"@type\":\"WebSite\",\"@id\":\"http:\\\/\\\/cuartetoenlaweb.com.ar\\\/sitio\\\/#website\",\"url\":\"http:\\\/\\\/cuartetoenlaweb.com.ar\\\/sitio\\\/\",\"name\":\"Cuarteto en la Web\",\"description\":\"\",\"publisher\":{\"@id\":\"http:\\\/\\\/cuartetoenlaweb.com.ar\\\/sitio\\\/#organization\"},\"potentialAction\":[{\"@type\":\"SearchAction\",\"target\":{\"@type\":\"EntryPoint\",\"urlTemplate\":\"http:\\\/\\\/cuartetoenlaweb.com.ar\\\/sitio\\\/?s={search_term_string}\"},\"query-input\":{\"@type\":\"PropertyValueSpecification\",\"valueRequired\":true,\"valueName\":\"search_term_string\"}}],\"inLanguage\":\"es\"},{\"@type\":\"Organization\",\"@id\":\"http:\\\/\\\/cuartetoenlaweb.com.ar\\\/sitio\\\/#organization\",\"name\":\"Cuarteto en la Web\",\"url\":\"http:\\\/\\\/cuartetoenlaweb.com.ar\\\/sitio\\\/\",\"logo\":{\"@type\":\"ImageObject\",\"inLanguage\":\"es\",\"@id\":\"http:\\\/\\\/cuartetoenlaweb.com.ar\\\/sitio\\\/#\\\/schema\\\/logo\\\/image\\\/\",\"url\":\"https:\\\/\\\/cuartetoenlaweb.com.ar\\\/sitio\\\/wp-content\\\/uploads\\\/2025\\\/07\\\/cropped-cropped-logitoweb21.png\",\"contentUrl\":\"https:\\\/\\\/cuartetoenlaweb.com.ar\\\/sitio\\\/wp-content\\\/uploads\\\/2025\\\/07\\\/cropped-cropped-logitoweb21.png\",\"width\":199,\"height\":199,\"caption\":\"Cuarteto en la Web\"},\"image\":{\"@id\":\"http:\\\/\\\/cuartetoenlaweb.com.ar\\\/sitio\\\/#\\\/schema\\\/logo\\\/image\\\/\"}}]}<\/script>\n<!-- \/ Yoast SEO plugin. -->","yoast_head_json":{"title":"Durand detall\u00f3 las obras viales, plazas y el proyecto h\u00eddrico estructural para la ciudad - Cuarteto en la Web","robots":{"index":"index","follow":"follow","max-snippet":"max-snippet:-1","max-image-preview":"max-image-preview:large","max-video-preview":"max-video-preview:-1"},"canonical":"https:\/\/cuartetoenlaweb.com.ar\/sitio\/durand-detallo-las-obras-viales-plazas-y-el-proyecto-hidrico-estructural-para-la-ciudad\/","og_locale":"es_ES","og_type":"article","og_title":"Durand detall\u00f3 las obras viales, plazas y el proyecto h\u00eddrico estructural para la ciudad - Cuarteto en la Web","og_description":"El intendente Emiliano Durand detall\u00f3 el paquete de obras p\u00fablicas","og_url":"https:\/\/cuartetoenlaweb.com.ar\/sitio\/durand-detallo-las-obras-viales-plazas-y-el-proyecto-hidrico-estructural-para-la-ciudad\/","og_site_name":"Cuarteto en la Web","article_published_time":"2026-03-02T15:00:30+00:00","og_image":[{"width":1500,"height":970,"url":"https:\/\/cuartetoenlaweb.com.ar\/sitio\/wp-content\/uploads\/2026\/03\/1772461721488.jpg","type":"image\/jpeg"}],"twitter_card":"summary_large_image","twitter_misc":{"Tiempo de lectura":"4 minutos"},"schema":{"@context":"https:\/\/schema.org","@graph":[{"@type":"Article","@id":"https:\/\/cuartetoenlaweb.com.ar\/sitio\/durand-detallo-las-obras-viales-plazas-y-el-proyecto-hidrico-estructural-para-la-ciudad\/#article","isPartOf":{"@id":"https:\/\/cuartetoenlaweb.com.ar\/sitio\/durand-detallo-las-obras-viales-plazas-y-el-proyecto-hidrico-estructural-para-la-ciudad\/"},"author":{"name":"","@id":""},"headline":"Durand detall\u00f3 las obras viales, plazas y el proyecto h\u00eddrico estructural para la ciudad","datePublished":"2026-03-02T15:00:30+00:00","mainEntityOfPage":{"@id":"https:\/\/cuartetoenlaweb.com.ar\/sitio\/durand-detallo-las-obras-viales-plazas-y-el-proyecto-hidrico-estructural-para-la-ciudad\/"},"wordCount":787,"publisher":{"@id":"http:\/\/cuartetoenlaweb.com.ar\/sitio\/#organization"},"image":{"@id":"https:\/\/cuartetoenlaweb.com.ar\/sitio\/durand-detallo-las-obras-viales-plazas-y-el-proyecto-hidrico-estructural-para-la-ciudad\/#primaryimage"},"thumbnailUrl":"https:\/\/cuartetoenlaweb.com.ar\/sitio\/wp-content\/uploads\/2026\/03\/1772461721488.jpg","articleSection":["PAIS"],"inLanguage":"es"},{"@type":"WebPage","@id":"https:\/\/cuartetoenlaweb.com.ar\/sitio\/durand-detallo-las-obras-viales-plazas-y-el-proyecto-hidrico-estructural-para-la-ciudad\/","url":"https:\/\/cuartetoenlaweb.com.ar\/sitio\/durand-detallo-las-obras-viales-plazas-y-el-proyecto-hidrico-estructural-para-la-ciudad\/","name":"Durand detall\u00f3 las obras viales, plazas y el proyecto h\u00eddrico estructural para la ciudad - Cuarteto en la Web","isPartOf":{"@id":"http:\/\/cuartetoenlaweb.com.ar\/sitio\/#website"},"primaryImageOfPage":{"@id":"https:\/\/cuartetoenlaweb.com.ar\/sitio\/durand-detallo-las-obras-viales-plazas-y-el-proyecto-hidrico-estructural-para-la-ciudad\/#primaryimage"},"image":{"@id":"https:\/\/cuartetoenlaweb.com.ar\/sitio\/durand-detallo-las-obras-viales-plazas-y-el-proyecto-hidrico-estructural-para-la-ciudad\/#primaryimage"},"thumbnailUrl":"https:\/\/cuartetoenlaweb.com.ar\/sitio\/wp-content\/uploads\/2026\/03\/1772461721488.jpg","datePublished":"2026-03-02T15:00:30+00:00","breadcrumb":{"@id":"https:\/\/cuartetoenlaweb.com.ar\/sitio\/durand-detallo-las-obras-viales-plazas-y-el-proyecto-hidrico-estructural-para-la-ciudad\/#breadcrumb"},"inLanguage":"es","potentialAction":[{"@type":"ReadAction","target":["https:\/\/cuartetoenlaweb.com.ar\/sitio\/durand-detallo-las-obras-viales-plazas-y-el-proyecto-hidrico-estructural-para-la-ciudad\/"]}]},{"@type":"ImageObject","inLanguage":"es","@id":"https:\/\/cuartetoenlaweb.com.ar\/sitio\/durand-detallo-las-obras-viales-plazas-y-el-proyecto-hidrico-estructural-para-la-ciudad\/#primaryimage","url":"https:\/\/cuartetoenlaweb.com.ar\/sitio\/wp-content\/uploads\/2026\/03\/1772461721488.jpg","contentUrl":"https:\/\/cuartetoenlaweb.com.ar\/sitio\/wp-content\/uploads\/2026\/03\/1772461721488.jpg","width":1500,"height":970},{"@type":"BreadcrumbList","@id":"https:\/\/cuartetoenlaweb.com.ar\/sitio\/durand-detallo-las-obras-viales-plazas-y-el-proyecto-hidrico-estructural-para-la-ciudad\/#breadcrumb","itemListElement":[{"@type":"ListItem","position":1,"name":"Portada","item":"http:\/\/cuartetoenlaweb.com.ar\/sitio\/"},{"@type":"ListItem","position":2,"name":"Durand detall\u00f3 las obras viales, plazas y el proyecto h\u00eddrico estructural para la ciudad"}]},{"@type":"WebSite","@id":"http:\/\/cuartetoenlaweb.com.ar\/sitio\/#website","url":"http:\/\/cuartetoenlaweb.com.ar\/sitio\/","name":"Cuarteto en la Web","description":"","publisher":{"@id":"http:\/\/cuartetoenlaweb.com.ar\/sitio\/#organization"},"potentialAction":[{"@type":"SearchAction","target":{"@type":"EntryPoint","urlTemplate":"http:\/\/cuartetoenlaweb.com.ar\/sitio\/?s={search_term_string}"},"query-input":{"@type":"PropertyValueSpecification","valueRequired":true,"valueName":"search_term_string"}}],"inLanguage":"es"},{"@type":"Organization","@id":"http:\/\/cuartetoenlaweb.com.ar\/sitio\/#organization","name":"Cuarteto en la Web","url":"http:\/\/cuartetoenlaweb.com.ar\/sitio\/","logo":{"@type":"ImageObject","inLanguage":"es","@id":"http:\/\/cuartetoenlaweb.com.ar\/sitio\/#\/schema\/logo\/image\/","url":"https:\/\/cuartetoenlaweb.com.ar\/sitio\/wp-content\/uploads\/2025\/07\/cropped-cropped-logitoweb21.png","contentUrl":"https:\/\/cuartetoenlaweb.com.ar\/sitio\/wp-content\/uploads\/2025\/07\/cropped-cropped-logitoweb21.png","width":199,"height":199,"caption":"Cuarteto en la Web"},"image":{"@id":"http:\/\/cuartetoenlaweb.com.ar\/sitio\/#\/schema\/logo\/image\/"}}]}},"_links":{"self":[{"href":"https:\/\/cuartetoenlaweb.com.ar\/sitio\/wp-json\/wp\/v2\/posts\/13259","targetHints":{"allow":["GET"]}}],"collection":[{"href":"https:\/\/cuartetoenlaweb.com.ar\/sitio\/wp-json\/wp\/v2\/posts"}],"about":[{"href":"https:\/\/cuartetoenlaweb.com.ar\/sitio\/wp-json\/wp\/v2\/types\/post"}],"replies":[{"embeddable":true,"href":"https:\/\/cuartetoenlaweb.com.ar\/sitio\/wp-json\/wp\/v2\/comments?post=13259"}],"version-history":[{"count":0,"href":"https:\/\/cuartetoenlaweb.com.ar\/sitio\/wp-json\/wp\/v2\/posts\/13259\/revisions"}],"wp:featuredmedia":[{"embeddable":true,"href":"https:\/\/cuartetoenlaweb.com.ar\/sitio\/wp-json\/wp\/v2\/media\/13260"}],"wp:attachment":[{"href":"https:\/\/cuartetoenlaweb.com.ar\/sitio\/wp-json\/wp\/v2\/media?parent=13259"}],"wp:term":[{"taxonomy":"category","embeddable":true,"href":"https:\/\/cuartetoenlaweb.com.ar\/sitio\/wp-json\/wp\/v2\/categories?post=13259"},{"taxonomy":"post_tag","embeddable":true,"href":"https:\/\/cuartetoenlaweb.com.ar\/sitio\/wp-json\/wp\/v2\/tags?post=13259"}],"curies":[{"name":"wp","href":"https:\/\/api.w.org\/{rel}","templated":true}]}}