
{"id":13239,"date":"2026-03-02T07:00:07","date_gmt":"2026-03-02T10:00:07","guid":{"rendered":"https:\/\/cuartetoenlaweb.com.ar\/sitio\/quienes-son-los-dos-participantes-que-entran-a-gran-hermano-en-reemplazo-de-divina-gloria-y-daniela-de-lucia\/"},"modified":"2026-03-02T07:00:07","modified_gmt":"2026-03-02T10:00:07","slug":"quienes-son-los-dos-participantes-que-entran-a-gran-hermano-en-reemplazo-de-divina-gloria-y-daniela-de-lucia","status":"publish","type":"post","link":"https:\/\/cuartetoenlaweb.com.ar\/sitio\/quienes-son-los-dos-participantes-que-entran-a-gran-hermano-en-reemplazo-de-divina-gloria-y-daniela-de-lucia\/","title":{"rendered":"Qui\u00e9nes son los dos participantes que entran a Gran Hermano en reemplazo de Divina Gloria y Daniela De Luc\u00eda"},"content":{"rendered":"<p>La casa de<em><a href=\"https:\/\/www.paparazzi.com.ar\/?s=Gran+Hermano+Generaci%C3%B3n+Dorada\">Gran Hermano Generaci\u00f3n Dorada<\/a><\/em> vuelve a sacudirse esta noche con el ingreso de dos nuevos participantes que llegan para reemplazar a <strong>Divina Gloria<\/strong> y <strong>Daniela De Luc\u00eda<\/strong>. La producci\u00f3n decidi\u00f3 mover fichas tras las recientes salidas y el reality se prepara para una jugada que promete cambiar alianzas, estrategias y el clima interno del juego.<\/p>\n<p>Con la tensi\u00f3n ya instalada y varios grupos consolidados, la llegada de estas nuevas figuras podr\u00eda alterar por completo el equilibrio dentro de la casa m\u00e1s famosa del pa\u00eds. \u00bfEntrar\u00e1n con informaci\u00f3n del afuera? \u00bfSe adaptar\u00e1n r\u00e1pido o quedar\u00e1n en la mira desde el primer minuto? La expectativa es total y el programa anticipa una noche clave.<\/p>\n<div class=\"mt-box \">\n<h4 class=\"mt-heading\">Mir\u00e1 Tambi\u00e9n<\/h4>\n<p><a href=\"https:\/\/www.paparazzi.com.ar\/teve\/exclusivo-asi-fue-el-cumpleanos-de-martita-y-felipe-fort-festejo-top-en-costanera-famosos-y-looks-impactantes\/\"><\/p>\n<div class=\"mt-content\">\n<div class=\"mt-image-container\"><img decoding=\"async\" src=\"https:\/\/www.paparazzi.com.ar\/wp-content\/uploads\/2026\/02\/Marta-Fort-y-Felipe-359x226.jpg\" alt=\"\u00a1Exclusivo! Martita y Felipe Fort celebraron sus 22 a\u00f1os con una fiesta repleta de famosos\" class=\"mt-image\" loading=\"lazy\" \/><\/div>\n<h5 class=\"mt-title\">\u00a1Exclusivo! Martita y Felipe Fort celebraron sus 22 a\u00f1os con una fiesta repleta de famosos<\/h5>\n<\/div>\n<p><\/a><\/div>\n<h2 class=\"wp-block-heading\">\u00a1AHORA S\u00cd! ESTOS SON LOS NUEVOS PARTICIPANTES QUE ENTRAN A REEMPLAZAR A DIVINA FLORIA Y DANIELA DE LUC\u00cdA:<\/h2>\n<h2 class=\"wp-block-heading\"><strong>Carla Bigliani<\/strong>:<\/h2>\n<figure class=\"wp-block-image size-large\"><img decoding=\"async\" src=\"https:\/\/www.paparazzi.com.ar\/wp-content\/uploads\/2026\/03\/image-3-1024x754.png.webp\" loading=\"lazy\" alt=\"\" class=\"wp-image-466659\" \/><\/figure>\n<p><strong>Carla Bigliani<\/strong> es la nueva participante que se suma a <em>Gran Hermano Generaci\u00f3n Dorada<\/em>. Se define como creadora digital y dise\u00f1adora de bijou y accesorios, con un perfil glam y emprendedor que promete dar que hablar dentro de la casa. Mam\u00e1 y amante de los animales, llega con impronta art\u00edstica y personalidad marcada. Ahora resta saber si entrar\u00e1 en modo perfil bajo\u2026 o lista para revolucionar el juego.<\/p>\n<h2 class=\"wp-block-heading\">Daniela De Luc\u00eda:<\/h2>\n<figure class=\"wp-block-image size-large\"><img decoding=\"async\" src=\"https:\/\/www.paparazzi.com.ar\/wp-content\/uploads\/2026\/02\/Daniela-De-Lucia.-Telefe-1024x647.jpg.webp\" loading=\"lazy\" alt=\"Daniela De Lucia. (Telefe)\" class=\"wp-image-466068\" \/><figcaption class=\"wp-element-caption\">Daniela De Lucia. (Telefe)<\/figcaption><\/figure>\n<p>Y cuando todo parec\u00eda cerrado, lleg\u00f3 la sorpresa: <strong>Daniela De Luc\u00eda<\/strong> volvi\u00f3 a la casa a trav\u00e9s de la famosa puerta giratoria. Su reingreso tom\u00f3 por sorpresa a varios participantes y cambi\u00f3 por completo el clima del juego. La jugadora, que hab\u00eda dejado la competencia d\u00edas atr\u00e1s por la muerte de su padre, ahora tiene una segunda oportunidad. \u00bfEntr\u00f3 con cuentas pendientes o lista para rearmar su estrategia desde cero? La casa, otra vez, qued\u00f3 patas para arriba.<\/p>\n<div class=\"mt-box \">\n<h4 class=\"mt-heading\">Mir\u00e1 Tambi\u00e9n<\/h4>\n<p><a href=\"https:\/\/www.paparazzi.com.ar\/teve\/bomba-angel-de-brito-filtro-las-dos-famosas-que-entran-a-gran-hermano-una-actriz-y-una-ex-reality\/\"><\/p>\n<div class=\"mt-content\">\n<div class=\"mt-image-container\"><img decoding=\"async\" src=\"https:\/\/www.paparazzi.com.ar\/wp-content\/uploads\/2026\/03\/Angel-de-Brito-Gran-Hermano-359x226.jpg\" alt=\"\u00a1Bomba! \u00c1ngel de Brito filtr\u00f3 las dos nuevas famosas que entran como reemplazo a Gran Hermano\" class=\"mt-image\" loading=\"lazy\" \/><\/div>\n<h5 class=\"mt-title\">\u00a1Bomba! \u00c1ngel de Brito filtr\u00f3 las dos nuevas famosas que entran como reemplazo a Gran Hermano<\/h5>\n<\/div>\n<p><\/a><\/div>\n<div class=\"mt-box \">\n<h4 class=\"mt-heading\">Mir\u00e1 Tambi\u00e9n<\/h4>\n<p><a href=\"https:\/\/www.paparazzi.com.ar\/teve\/la-hija-de-andrea-del-boca-revelo-el-grave-error-de-su-mama-en-gran-hermano-la-pifio\/\"><\/p>\n<div class=\"mt-content\">\n<div class=\"mt-image-container\"><img decoding=\"async\" src=\"https:\/\/www.paparazzi.com.ar\/wp-content\/uploads\/2026\/02\/Andrea-del-Boca-Anna-Chiara-del-Boca-359x226.jpg\" alt=\"La bronca de la hija de Andrea del Boca por el grave error de su mam\u00e1 en Gran Hermano: \u201cLa pifi\u00f3\u201d\" class=\"mt-image\" loading=\"lazy\" \/><\/div>\n<h5 class=\"mt-title\">La bronca de la hija de Andrea del Boca por el grave error de su mam\u00e1 en Gran Hermano: \u201cLa pifi\u00f3\u201d<\/h5>\n<\/div>\n<p><\/a><\/div>\n<p>The post <a href=\"https:\/\/www.paparazzi.com.ar\/teve\/quienes-son-los-dos-participantes-que-entran-a-gran-hermano-en-reemplazo-de-divina-gloria-y-daniela-de-lucia\/\">Qui\u00e9nes son los dos participantes que entran a Gran Hermano en reemplazo de Divina Gloria y Daniela De Luc\u00eda<\/a> appeared first on <a href=\"https:\/\/www.paparazzi.com.ar\">Revista Paparazzi<\/a>.<\/p>\n","protected":false},"excerpt":{"rendered":"<p>La casa deGran Hermano Generaci\u00f3n Dorada vuelve a sacudirse esta<\/p>\n","protected":false},"author":0,"featured_media":13240,"comment_status":"","ping_status":"","sticky":false,"template":"","format":"standard","meta":{"footnotes":""},"categories":[12],"tags":[],"class_list":["post-13239","post","type-post","status-publish","format-standard","has-post-thumbnail","hentry","category-espectaculo"],"yoast_head":"<!-- This site is optimized with the Yoast SEO plugin v27.5 - https:\/\/yoast.com\/product\/yoast-seo-wordpress\/ -->\n<title>Qui\u00e9nes son los dos participantes que entran a Gran Hermano en reemplazo de Divina Gloria y Daniela De Luc\u00eda - Cuarteto en la Web<\/title>\n<meta name=\"robots\" content=\"index, follow, max-snippet:-1, max-image-preview:large, max-video-preview:-1\" \/>\n<link rel=\"canonical\" href=\"https:\/\/cuartetoenlaweb.com.ar\/sitio\/quienes-son-los-dos-participantes-que-entran-a-gran-hermano-en-reemplazo-de-divina-gloria-y-daniela-de-lucia\/\" \/>\n<meta property=\"og:locale\" content=\"es_ES\" \/>\n<meta property=\"og:type\" content=\"article\" \/>\n<meta property=\"og:title\" content=\"Qui\u00e9nes son los dos participantes que entran a Gran Hermano en reemplazo de Divina Gloria y Daniela De Luc\u00eda - Cuarteto en la Web\" \/>\n<meta property=\"og:description\" content=\"La casa deGran Hermano Generaci\u00f3n Dorada vuelve a sacudirse esta\" \/>\n<meta property=\"og:url\" content=\"https:\/\/cuartetoenlaweb.com.ar\/sitio\/quienes-son-los-dos-participantes-que-entran-a-gran-hermano-en-reemplazo-de-divina-gloria-y-daniela-de-lucia\/\" \/>\n<meta property=\"og:site_name\" content=\"Cuarteto en la Web\" \/>\n<meta property=\"article:published_time\" content=\"2026-03-02T10:00:07+00:00\" \/>\n<meta property=\"og:image\" content=\"https:\/\/cuartetoenlaweb.com.ar\/sitio\/wp-content\/uploads\/2026\/03\/Marta-Fort-y-Felipe-359x226-18.jpg\" \/>\n\t<meta property=\"og:image:width\" content=\"359\" \/>\n\t<meta property=\"og:image:height\" content=\"226\" \/>\n\t<meta property=\"og:image:type\" content=\"image\/jpeg\" \/>\n<meta name=\"twitter:card\" content=\"summary_large_image\" \/>\n<meta name=\"twitter:label1\" content=\"Tiempo de lectura\" \/>\n\t<meta name=\"twitter:data1\" content=\"2 minutos\" \/>\n<script type=\"application\/ld+json\" class=\"yoast-schema-graph\">{\"@context\":\"https:\\\/\\\/schema.org\",\"@graph\":[{\"@type\":\"Article\",\"@id\":\"https:\\\/\\\/cuartetoenlaweb.com.ar\\\/sitio\\\/quienes-son-los-dos-participantes-que-entran-a-gran-hermano-en-reemplazo-de-divina-gloria-y-daniela-de-lucia\\\/#article\",\"isPartOf\":{\"@id\":\"https:\\\/\\\/cuartetoenlaweb.com.ar\\\/sitio\\\/quienes-son-los-dos-participantes-que-entran-a-gran-hermano-en-reemplazo-de-divina-gloria-y-daniela-de-lucia\\\/\"},\"author\":{\"name\":\"\",\"@id\":\"\"},\"headline\":\"Qui\u00e9nes son los dos participantes que entran a Gran Hermano en reemplazo de Divina Gloria y Daniela De Luc\u00eda\",\"datePublished\":\"2026-03-02T10:00:07+00:00\",\"mainEntityOfPage\":{\"@id\":\"https:\\\/\\\/cuartetoenlaweb.com.ar\\\/sitio\\\/quienes-son-los-dos-participantes-que-entran-a-gran-hermano-en-reemplazo-de-divina-gloria-y-daniela-de-lucia\\\/\"},\"wordCount\":421,\"publisher\":{\"@id\":\"http:\\\/\\\/cuartetoenlaweb.com.ar\\\/sitio\\\/#organization\"},\"image\":{\"@id\":\"https:\\\/\\\/cuartetoenlaweb.com.ar\\\/sitio\\\/quienes-son-los-dos-participantes-que-entran-a-gran-hermano-en-reemplazo-de-divina-gloria-y-daniela-de-lucia\\\/#primaryimage\"},\"thumbnailUrl\":\"https:\\\/\\\/cuartetoenlaweb.com.ar\\\/sitio\\\/wp-content\\\/uploads\\\/2026\\\/03\\\/Marta-Fort-y-Felipe-359x226-18.jpg\",\"articleSection\":[\"ESPECT\u00c1CULO\"],\"inLanguage\":\"es\"},{\"@type\":\"WebPage\",\"@id\":\"https:\\\/\\\/cuartetoenlaweb.com.ar\\\/sitio\\\/quienes-son-los-dos-participantes-que-entran-a-gran-hermano-en-reemplazo-de-divina-gloria-y-daniela-de-lucia\\\/\",\"url\":\"https:\\\/\\\/cuartetoenlaweb.com.ar\\\/sitio\\\/quienes-son-los-dos-participantes-que-entran-a-gran-hermano-en-reemplazo-de-divina-gloria-y-daniela-de-lucia\\\/\",\"name\":\"Qui\u00e9nes son los dos participantes que entran a Gran Hermano en reemplazo de Divina Gloria y Daniela De Luc\u00eda - Cuarteto en la Web\",\"isPartOf\":{\"@id\":\"http:\\\/\\\/cuartetoenlaweb.com.ar\\\/sitio\\\/#website\"},\"primaryImageOfPage\":{\"@id\":\"https:\\\/\\\/cuartetoenlaweb.com.ar\\\/sitio\\\/quienes-son-los-dos-participantes-que-entran-a-gran-hermano-en-reemplazo-de-divina-gloria-y-daniela-de-lucia\\\/#primaryimage\"},\"image\":{\"@id\":\"https:\\\/\\\/cuartetoenlaweb.com.ar\\\/sitio\\\/quienes-son-los-dos-participantes-que-entran-a-gran-hermano-en-reemplazo-de-divina-gloria-y-daniela-de-lucia\\\/#primaryimage\"},\"thumbnailUrl\":\"https:\\\/\\\/cuartetoenlaweb.com.ar\\\/sitio\\\/wp-content\\\/uploads\\\/2026\\\/03\\\/Marta-Fort-y-Felipe-359x226-18.jpg\",\"datePublished\":\"2026-03-02T10:00:07+00:00\",\"breadcrumb\":{\"@id\":\"https:\\\/\\\/cuartetoenlaweb.com.ar\\\/sitio\\\/quienes-son-los-dos-participantes-que-entran-a-gran-hermano-en-reemplazo-de-divina-gloria-y-daniela-de-lucia\\\/#breadcrumb\"},\"inLanguage\":\"es\",\"potentialAction\":[{\"@type\":\"ReadAction\",\"target\":[\"https:\\\/\\\/cuartetoenlaweb.com.ar\\\/sitio\\\/quienes-son-los-dos-participantes-que-entran-a-gran-hermano-en-reemplazo-de-divina-gloria-y-daniela-de-lucia\\\/\"]}]},{\"@type\":\"ImageObject\",\"inLanguage\":\"es\",\"@id\":\"https:\\\/\\\/cuartetoenlaweb.com.ar\\\/sitio\\\/quienes-son-los-dos-participantes-que-entran-a-gran-hermano-en-reemplazo-de-divina-gloria-y-daniela-de-lucia\\\/#primaryimage\",\"url\":\"https:\\\/\\\/cuartetoenlaweb.com.ar\\\/sitio\\\/wp-content\\\/uploads\\\/2026\\\/03\\\/Marta-Fort-y-Felipe-359x226-18.jpg\",\"contentUrl\":\"https:\\\/\\\/cuartetoenlaweb.com.ar\\\/sitio\\\/wp-content\\\/uploads\\\/2026\\\/03\\\/Marta-Fort-y-Felipe-359x226-18.jpg\",\"width\":359,\"height\":226},{\"@type\":\"BreadcrumbList\",\"@id\":\"https:\\\/\\\/cuartetoenlaweb.com.ar\\\/sitio\\\/quienes-son-los-dos-participantes-que-entran-a-gran-hermano-en-reemplazo-de-divina-gloria-y-daniela-de-lucia\\\/#breadcrumb\",\"itemListElement\":[{\"@type\":\"ListItem\",\"position\":1,\"name\":\"Portada\",\"item\":\"http:\\\/\\\/cuartetoenlaweb.com.ar\\\/sitio\\\/\"},{\"@type\":\"ListItem\",\"position\":2,\"name\":\"Qui\u00e9nes son los dos participantes que entran a Gran Hermano en reemplazo de Divina Gloria y Daniela De Luc\u00eda\"}]},{\"@type\":\"WebSite\",\"@id\":\"http:\\\/\\\/cuartetoenlaweb.com.ar\\\/sitio\\\/#website\",\"url\":\"http:\\\/\\\/cuartetoenlaweb.com.ar\\\/sitio\\\/\",\"name\":\"Cuarteto en la Web\",\"description\":\"\",\"publisher\":{\"@id\":\"http:\\\/\\\/cuartetoenlaweb.com.ar\\\/sitio\\\/#organization\"},\"potentialAction\":[{\"@type\":\"SearchAction\",\"target\":{\"@type\":\"EntryPoint\",\"urlTemplate\":\"http:\\\/\\\/cuartetoenlaweb.com.ar\\\/sitio\\\/?s={search_term_string}\"},\"query-input\":{\"@type\":\"PropertyValueSpecification\",\"valueRequired\":true,\"valueName\":\"search_term_string\"}}],\"inLanguage\":\"es\"},{\"@type\":\"Organization\",\"@id\":\"http:\\\/\\\/cuartetoenlaweb.com.ar\\\/sitio\\\/#organization\",\"name\":\"Cuarteto en la Web\",\"url\":\"http:\\\/\\\/cuartetoenlaweb.com.ar\\\/sitio\\\/\",\"logo\":{\"@type\":\"ImageObject\",\"inLanguage\":\"es\",\"@id\":\"http:\\\/\\\/cuartetoenlaweb.com.ar\\\/sitio\\\/#\\\/schema\\\/logo\\\/image\\\/\",\"url\":\"https:\\\/\\\/cuartetoenlaweb.com.ar\\\/sitio\\\/wp-content\\\/uploads\\\/2025\\\/07\\\/cropped-cropped-logitoweb21.png\",\"contentUrl\":\"https:\\\/\\\/cuartetoenlaweb.com.ar\\\/sitio\\\/wp-content\\\/uploads\\\/2025\\\/07\\\/cropped-cropped-logitoweb21.png\",\"width\":199,\"height\":199,\"caption\":\"Cuarteto en la Web\"},\"image\":{\"@id\":\"http:\\\/\\\/cuartetoenlaweb.com.ar\\\/sitio\\\/#\\\/schema\\\/logo\\\/image\\\/\"}}]}<\/script>\n<!-- \/ Yoast SEO plugin. -->","yoast_head_json":{"title":"Qui\u00e9nes son los dos participantes que entran a Gran Hermano en reemplazo de Divina Gloria y Daniela De Luc\u00eda - Cuarteto en la Web","robots":{"index":"index","follow":"follow","max-snippet":"max-snippet:-1","max-image-preview":"max-image-preview:large","max-video-preview":"max-video-preview:-1"},"canonical":"https:\/\/cuartetoenlaweb.com.ar\/sitio\/quienes-son-los-dos-participantes-que-entran-a-gran-hermano-en-reemplazo-de-divina-gloria-y-daniela-de-lucia\/","og_locale":"es_ES","og_type":"article","og_title":"Qui\u00e9nes son los dos participantes que entran a Gran Hermano en reemplazo de Divina Gloria y Daniela De Luc\u00eda - Cuarteto en la Web","og_description":"La casa deGran Hermano Generaci\u00f3n Dorada vuelve a sacudirse esta","og_url":"https:\/\/cuartetoenlaweb.com.ar\/sitio\/quienes-son-los-dos-participantes-que-entran-a-gran-hermano-en-reemplazo-de-divina-gloria-y-daniela-de-lucia\/","og_site_name":"Cuarteto en la Web","article_published_time":"2026-03-02T10:00:07+00:00","og_image":[{"width":359,"height":226,"url":"https:\/\/cuartetoenlaweb.com.ar\/sitio\/wp-content\/uploads\/2026\/03\/Marta-Fort-y-Felipe-359x226-18.jpg","type":"image\/jpeg"}],"twitter_card":"summary_large_image","twitter_misc":{"Tiempo de lectura":"2 minutos"},"schema":{"@context":"https:\/\/schema.org","@graph":[{"@type":"Article","@id":"https:\/\/cuartetoenlaweb.com.ar\/sitio\/quienes-son-los-dos-participantes-que-entran-a-gran-hermano-en-reemplazo-de-divina-gloria-y-daniela-de-lucia\/#article","isPartOf":{"@id":"https:\/\/cuartetoenlaweb.com.ar\/sitio\/quienes-son-los-dos-participantes-que-entran-a-gran-hermano-en-reemplazo-de-divina-gloria-y-daniela-de-lucia\/"},"author":{"name":"","@id":""},"headline":"Qui\u00e9nes son los dos participantes que entran a Gran Hermano en reemplazo de Divina Gloria y Daniela De Luc\u00eda","datePublished":"2026-03-02T10:00:07+00:00","mainEntityOfPage":{"@id":"https:\/\/cuartetoenlaweb.com.ar\/sitio\/quienes-son-los-dos-participantes-que-entran-a-gran-hermano-en-reemplazo-de-divina-gloria-y-daniela-de-lucia\/"},"wordCount":421,"publisher":{"@id":"http:\/\/cuartetoenlaweb.com.ar\/sitio\/#organization"},"image":{"@id":"https:\/\/cuartetoenlaweb.com.ar\/sitio\/quienes-son-los-dos-participantes-que-entran-a-gran-hermano-en-reemplazo-de-divina-gloria-y-daniela-de-lucia\/#primaryimage"},"thumbnailUrl":"https:\/\/cuartetoenlaweb.com.ar\/sitio\/wp-content\/uploads\/2026\/03\/Marta-Fort-y-Felipe-359x226-18.jpg","articleSection":["ESPECT\u00c1CULO"],"inLanguage":"es"},{"@type":"WebPage","@id":"https:\/\/cuartetoenlaweb.com.ar\/sitio\/quienes-son-los-dos-participantes-que-entran-a-gran-hermano-en-reemplazo-de-divina-gloria-y-daniela-de-lucia\/","url":"https:\/\/cuartetoenlaweb.com.ar\/sitio\/quienes-son-los-dos-participantes-que-entran-a-gran-hermano-en-reemplazo-de-divina-gloria-y-daniela-de-lucia\/","name":"Qui\u00e9nes son los dos participantes que entran a Gran Hermano en reemplazo de Divina Gloria y Daniela De Luc\u00eda - Cuarteto en la Web","isPartOf":{"@id":"http:\/\/cuartetoenlaweb.com.ar\/sitio\/#website"},"primaryImageOfPage":{"@id":"https:\/\/cuartetoenlaweb.com.ar\/sitio\/quienes-son-los-dos-participantes-que-entran-a-gran-hermano-en-reemplazo-de-divina-gloria-y-daniela-de-lucia\/#primaryimage"},"image":{"@id":"https:\/\/cuartetoenlaweb.com.ar\/sitio\/quienes-son-los-dos-participantes-que-entran-a-gran-hermano-en-reemplazo-de-divina-gloria-y-daniela-de-lucia\/#primaryimage"},"thumbnailUrl":"https:\/\/cuartetoenlaweb.com.ar\/sitio\/wp-content\/uploads\/2026\/03\/Marta-Fort-y-Felipe-359x226-18.jpg","datePublished":"2026-03-02T10:00:07+00:00","breadcrumb":{"@id":"https:\/\/cuartetoenlaweb.com.ar\/sitio\/quienes-son-los-dos-participantes-que-entran-a-gran-hermano-en-reemplazo-de-divina-gloria-y-daniela-de-lucia\/#breadcrumb"},"inLanguage":"es","potentialAction":[{"@type":"ReadAction","target":["https:\/\/cuartetoenlaweb.com.ar\/sitio\/quienes-son-los-dos-participantes-que-entran-a-gran-hermano-en-reemplazo-de-divina-gloria-y-daniela-de-lucia\/"]}]},{"@type":"ImageObject","inLanguage":"es","@id":"https:\/\/cuartetoenlaweb.com.ar\/sitio\/quienes-son-los-dos-participantes-que-entran-a-gran-hermano-en-reemplazo-de-divina-gloria-y-daniela-de-lucia\/#primaryimage","url":"https:\/\/cuartetoenlaweb.com.ar\/sitio\/wp-content\/uploads\/2026\/03\/Marta-Fort-y-Felipe-359x226-18.jpg","contentUrl":"https:\/\/cuartetoenlaweb.com.ar\/sitio\/wp-content\/uploads\/2026\/03\/Marta-Fort-y-Felipe-359x226-18.jpg","width":359,"height":226},{"@type":"BreadcrumbList","@id":"https:\/\/cuartetoenlaweb.com.ar\/sitio\/quienes-son-los-dos-participantes-que-entran-a-gran-hermano-en-reemplazo-de-divina-gloria-y-daniela-de-lucia\/#breadcrumb","itemListElement":[{"@type":"ListItem","position":1,"name":"Portada","item":"http:\/\/cuartetoenlaweb.com.ar\/sitio\/"},{"@type":"ListItem","position":2,"name":"Qui\u00e9nes son los dos participantes que entran a Gran Hermano en reemplazo de Divina Gloria y Daniela De Luc\u00eda"}]},{"@type":"WebSite","@id":"http:\/\/cuartetoenlaweb.com.ar\/sitio\/#website","url":"http:\/\/cuartetoenlaweb.com.ar\/sitio\/","name":"Cuarteto en la Web","description":"","publisher":{"@id":"http:\/\/cuartetoenlaweb.com.ar\/sitio\/#organization"},"potentialAction":[{"@type":"SearchAction","target":{"@type":"EntryPoint","urlTemplate":"http:\/\/cuartetoenlaweb.com.ar\/sitio\/?s={search_term_string}"},"query-input":{"@type":"PropertyValueSpecification","valueRequired":true,"valueName":"search_term_string"}}],"inLanguage":"es"},{"@type":"Organization","@id":"http:\/\/cuartetoenlaweb.com.ar\/sitio\/#organization","name":"Cuarteto en la Web","url":"http:\/\/cuartetoenlaweb.com.ar\/sitio\/","logo":{"@type":"ImageObject","inLanguage":"es","@id":"http:\/\/cuartetoenlaweb.com.ar\/sitio\/#\/schema\/logo\/image\/","url":"https:\/\/cuartetoenlaweb.com.ar\/sitio\/wp-content\/uploads\/2025\/07\/cropped-cropped-logitoweb21.png","contentUrl":"https:\/\/cuartetoenlaweb.com.ar\/sitio\/wp-content\/uploads\/2025\/07\/cropped-cropped-logitoweb21.png","width":199,"height":199,"caption":"Cuarteto en la Web"},"image":{"@id":"http:\/\/cuartetoenlaweb.com.ar\/sitio\/#\/schema\/logo\/image\/"}}]}},"_links":{"self":[{"href":"https:\/\/cuartetoenlaweb.com.ar\/sitio\/wp-json\/wp\/v2\/posts\/13239","targetHints":{"allow":["GET"]}}],"collection":[{"href":"https:\/\/cuartetoenlaweb.com.ar\/sitio\/wp-json\/wp\/v2\/posts"}],"about":[{"href":"https:\/\/cuartetoenlaweb.com.ar\/sitio\/wp-json\/wp\/v2\/types\/post"}],"replies":[{"embeddable":true,"href":"https:\/\/cuartetoenlaweb.com.ar\/sitio\/wp-json\/wp\/v2\/comments?post=13239"}],"version-history":[{"count":0,"href":"https:\/\/cuartetoenlaweb.com.ar\/sitio\/wp-json\/wp\/v2\/posts\/13239\/revisions"}],"wp:featuredmedia":[{"embeddable":true,"href":"https:\/\/cuartetoenlaweb.com.ar\/sitio\/wp-json\/wp\/v2\/media\/13240"}],"wp:attachment":[{"href":"https:\/\/cuartetoenlaweb.com.ar\/sitio\/wp-json\/wp\/v2\/media?parent=13239"}],"wp:term":[{"taxonomy":"category","embeddable":true,"href":"https:\/\/cuartetoenlaweb.com.ar\/sitio\/wp-json\/wp\/v2\/categories?post=13239"},{"taxonomy":"post_tag","embeddable":true,"href":"https:\/\/cuartetoenlaweb.com.ar\/sitio\/wp-json\/wp\/v2\/tags?post=13239"}],"curies":[{"name":"wp","href":"https:\/\/api.w.org\/{rel}","templated":true}]}}