
{"id":13237,"date":"2026-03-02T07:00:01","date_gmt":"2026-03-02T10:00:01","guid":{"rendered":"https:\/\/cuartetoenlaweb.com.ar\/sitio\/se-quebro-el-campeon-oscar-ruggeri-lloro-en-la-boda-de-su-hija-cande-y-su-descgargo-sorprendio-a-todos\/"},"modified":"2026-03-02T07:00:01","modified_gmt":"2026-03-02T10:00:01","slug":"se-quebro-el-campeon-oscar-ruggeri-lloro-en-la-boda-de-su-hija-cande-y-su-descgargo-sorprendio-a-todos","status":"publish","type":"post","link":"https:\/\/cuartetoenlaweb.com.ar\/sitio\/se-quebro-el-campeon-oscar-ruggeri-lloro-en-la-boda-de-su-hija-cande-y-su-descgargo-sorprendio-a-todos\/","title":{"rendered":"\u00a1Se quebr\u00f3 el campe\u00f3n! Oscar Ruggeri llor\u00f3 en la boda de su hija Cande y su descgargo sorprendi\u00f3 a todos"},"content":{"rendered":"<p><a href=\"https:\/\/www.paparazzi.com.ar\/romances\/que-vivan-los-novios-asi-fue-la-emocionante-boda-de-cande-ruggeri-y-nicolas-maccari\/\">El casamiento de <strong>Cande Ruggeri<\/strong> y <strong>Nicol\u00e1s Maccari<\/strong> fue una verdadera celebraci\u00f3n del amor<\/a>, pero hubo un momento que se rob\u00f3 toda la atenci\u00f3n: el discurso de <strong>Oscar Ruggeri<\/strong>, que dej\u00f3 de lado su imagen de campe\u00f3n duro para mostrarse como un pap\u00e1 completamente emocionado.<\/p>\n<p>La ceremonia se realiz\u00f3 de manera \u00edntima en Nordelta, rodeada de familiares y amigos cercanos. Entre los invitados estuvieron figuras como <strong>Stephanie Demner<\/strong>, <strong>Guido Pella<\/strong>, <strong>Sof\u00eda \u201cJujuy\u201d Jim\u00e9nez <\/strong>y <strong>Lizardo Ponce<\/strong>, <a href=\"https:\/\/www.paparazzi.com.ar\/teve\/rodeada-de-amigas-y-puro-descontrol-cande-ruggeri-tuvo-su-despedida-de-soltera-las-fotos\/\">quienes fueron testigos del instante m\u00e1s conmovedor de la noche<\/a>. Todo transcurr\u00eda entre risas y abrazos hasta que Ruggeri tom\u00f3 la palabra.<\/p>\n<p>Fiel a su estilo frontal, el ex campe\u00f3n del mundo comenz\u00f3 con una broma para distender el clima. \u201cEstoy contento de verdad, se llevaron a esta intensa de casa\u201d, lanz\u00f3, provocando carcajadas entre los presentes. Pero enseguida el tono cambi\u00f3. Con la voz entrecortada y los ojos llenos de l\u00e1grimas, mir\u00f3 a su hija y a su flamante yerno y expres\u00f3 su deseo m\u00e1s profundo: que sean felices, que disfruten y que construyan una historia s\u00f3lida como la suya.<\/p>\n<div class=\"mt-box \">\n<h4 class=\"mt-heading\">Mir\u00e1 Tambi\u00e9n<\/h4>\n<p><a href=\"https:\/\/www.paparazzi.com.ar\/teve\/exclusivo-asi-fue-el-cumpleanos-de-martita-y-felipe-fort-festejo-top-en-costanera-famosos-y-looks-impactantes\/\"><\/p>\n<div class=\"mt-content\">\n<div class=\"mt-image-container\"><img decoding=\"async\" src=\"https:\/\/www.paparazzi.com.ar\/wp-content\/uploads\/2026\/02\/Marta-Fort-y-Felipe-359x226.jpg\" alt=\"\u00a1Exclusivo! Martita y Felipe Fort celebraron sus 22 a\u00f1os con una fiesta repleta de famosos\" class=\"mt-image\" loading=\"lazy\" \/><\/div>\n<h5 class=\"mt-title\">\u00a1Exclusivo! Martita y Felipe Fort celebraron sus 22 a\u00f1os con una fiesta repleta de famosos<\/h5>\n<\/div>\n<p><\/a><\/div>\n<p>\u201cQuiero que sean felices, que la pasen bien, que disfruten como disfrutamos nosotros despu\u00e9s de tantos a\u00f1os\u201d, dijo, haciendo referencia a su propio matrimonio. Sin ocultar la emoci\u00f3n, Ruggeri se mostr\u00f3 vulnerable frente a todos, y Cande no dud\u00f3 en levantarse para abrazarlo junto a Nicol\u00e1s.<\/p>\n<p>El gesto enterneci\u00f3 a los invitados. Acostumbrado a los gritos, la intensidad y la pasi\u00f3n en cada debate deportivo, esta vez mostr\u00f3 una faceta completamente distinta: la del padre orgulloso que entrega a su hija en uno de los d\u00edas m\u00e1s importantes de su vida. Porque a veces, incluso los campeones del mundo lloran.<\/p>\n<figure class=\"wp-block-image size-large\"><img decoding=\"async\" src=\"https:\/\/www.paparazzi.com.ar\/wp-content\/uploads\/2026\/03\/cande-ruggeri-boda-3-820x1024.jpg.webp\" loading=\"lazy\" alt=\"\" class=\"wp-image-466598\" \/><\/figure>\n<div class=\"mt-box \">\n<h4 class=\"mt-heading\">Mir\u00e1 Tambi\u00e9n<\/h4>\n<p><a href=\"https:\/\/www.paparazzi.com.ar\/romances\/que-vivan-los-novios-asi-fue-la-emocionante-boda-de-cande-ruggeri-y-nicolas-maccari\/\"><\/p>\n<div class=\"mt-content\">\n<div class=\"mt-image-container\"><img decoding=\"async\" src=\"https:\/\/www.paparazzi.com.ar\/wp-content\/uploads\/2026\/03\/Cande-Ruggeri-boda-359x226.jpg\" alt=\"\u00a1Que vivan los novios! As\u00ed fue la emocionante boda de Cande Ruggeri y Nicol\u00e1s Maccari\" class=\"mt-image\" loading=\"lazy\" \/><\/div>\n<h5 class=\"mt-title\">\u00a1Que vivan los novios! As\u00ed fue la emocionante boda de Cande Ruggeri y Nicol\u00e1s Maccari<\/h5>\n<\/div>\n<p><\/a><\/div>\n<div class=\"mt-box \">\n<h4 class=\"mt-heading\">Mir\u00e1 Tambi\u00e9n<\/h4>\n<p><a href=\"https:\/\/www.paparazzi.com.ar\/romances\/cande-ruggeri-anuncio-su-casamiento-con-nico-maccari-como-fue-la-sorpresiva-propuesta\/\"><\/p>\n<div class=\"mt-content\">\n<div class=\"mt-image-container\"><img decoding=\"async\" src=\"https:\/\/www.paparazzi.com.ar\/wp-content\/uploads\/2025\/09\/Cande-Ruggeri-y-Nico-Macci.jpg.webp\" alt=\"Cande Ruggeri anunci\u00f3 su casamiento con Nico Maccari: c\u00f3mo fue la sorpresiva propuesta\" class=\"mt-image\" loading=\"lazy\" \/><\/div>\n<h5 class=\"mt-title\">Cande Ruggeri anunci\u00f3 su casamiento con Nico Maccari: c\u00f3mo fue la sorpresiva propuesta<\/h5>\n<\/div>\n<p><\/a><\/div>\n<p>The post <a href=\"https:\/\/www.paparazzi.com.ar\/teve\/se-quebro-el-campeon-oscar-ruggeri-lloro-en-la-boda-de-su-hija-cande-y-su-descgargo-sorprendio-a-todos\/\">\u00a1Se quebr\u00f3 el campe\u00f3n! Oscar Ruggeri llor\u00f3 en la boda de su hija Cande y su descgargo sorprendi\u00f3 a todos<\/a> appeared first on <a href=\"https:\/\/www.paparazzi.com.ar\">Revista Paparazzi<\/a>.<\/p>\n","protected":false},"excerpt":{"rendered":"<p>El casamiento de Cande Ruggeri y Nicol\u00e1s Maccari fue una<\/p>\n","protected":false},"author":0,"featured_media":13238,"comment_status":"","ping_status":"","sticky":false,"template":"","format":"standard","meta":{"footnotes":""},"categories":[12],"tags":[],"class_list":["post-13237","post","type-post","status-publish","format-standard","has-post-thumbnail","hentry","category-espectaculo"],"yoast_head":"<!-- This site is optimized with the Yoast SEO plugin v27.5 - https:\/\/yoast.com\/product\/yoast-seo-wordpress\/ -->\n<title>\u00a1Se quebr\u00f3 el campe\u00f3n! Oscar Ruggeri llor\u00f3 en la boda de su hija Cande y su descgargo sorprendi\u00f3 a todos - Cuarteto en la Web<\/title>\n<meta name=\"robots\" content=\"index, follow, max-snippet:-1, max-image-preview:large, max-video-preview:-1\" \/>\n<link rel=\"canonical\" href=\"https:\/\/cuartetoenlaweb.com.ar\/sitio\/se-quebro-el-campeon-oscar-ruggeri-lloro-en-la-boda-de-su-hija-cande-y-su-descgargo-sorprendio-a-todos\/\" \/>\n<meta property=\"og:locale\" content=\"es_ES\" \/>\n<meta property=\"og:type\" content=\"article\" \/>\n<meta property=\"og:title\" content=\"\u00a1Se quebr\u00f3 el campe\u00f3n! Oscar Ruggeri llor\u00f3 en la boda de su hija Cande y su descgargo sorprendi\u00f3 a todos - Cuarteto en la Web\" \/>\n<meta property=\"og:description\" content=\"El casamiento de Cande Ruggeri y Nicol\u00e1s Maccari fue una\" \/>\n<meta property=\"og:url\" content=\"https:\/\/cuartetoenlaweb.com.ar\/sitio\/se-quebro-el-campeon-oscar-ruggeri-lloro-en-la-boda-de-su-hija-cande-y-su-descgargo-sorprendio-a-todos\/\" \/>\n<meta property=\"og:site_name\" content=\"Cuarteto en la Web\" \/>\n<meta property=\"article:published_time\" content=\"2026-03-02T10:00:01+00:00\" \/>\n<meta property=\"og:image\" content=\"https:\/\/cuartetoenlaweb.com.ar\/sitio\/wp-content\/uploads\/2026\/03\/Marta-Fort-y-Felipe-359x226-17.jpg\" \/>\n\t<meta property=\"og:image:width\" content=\"359\" \/>\n\t<meta property=\"og:image:height\" content=\"226\" \/>\n\t<meta property=\"og:image:type\" content=\"image\/jpeg\" \/>\n<meta name=\"twitter:card\" content=\"summary_large_image\" \/>\n<meta name=\"twitter:label1\" content=\"Tiempo de lectura\" \/>\n\t<meta name=\"twitter:data1\" content=\"2 minutos\" \/>\n<script type=\"application\/ld+json\" class=\"yoast-schema-graph\">{\"@context\":\"https:\\\/\\\/schema.org\",\"@graph\":[{\"@type\":\"Article\",\"@id\":\"https:\\\/\\\/cuartetoenlaweb.com.ar\\\/sitio\\\/se-quebro-el-campeon-oscar-ruggeri-lloro-en-la-boda-de-su-hija-cande-y-su-descgargo-sorprendio-a-todos\\\/#article\",\"isPartOf\":{\"@id\":\"https:\\\/\\\/cuartetoenlaweb.com.ar\\\/sitio\\\/se-quebro-el-campeon-oscar-ruggeri-lloro-en-la-boda-de-su-hija-cande-y-su-descgargo-sorprendio-a-todos\\\/\"},\"author\":{\"name\":\"\",\"@id\":\"\"},\"headline\":\"\u00a1Se quebr\u00f3 el campe\u00f3n! Oscar Ruggeri llor\u00f3 en la boda de su hija Cande y su descgargo sorprendi\u00f3 a todos\",\"datePublished\":\"2026-03-02T10:00:01+00:00\",\"mainEntityOfPage\":{\"@id\":\"https:\\\/\\\/cuartetoenlaweb.com.ar\\\/sitio\\\/se-quebro-el-campeon-oscar-ruggeri-lloro-en-la-boda-de-su-hija-cande-y-su-descgargo-sorprendio-a-todos\\\/\"},\"wordCount\":399,\"publisher\":{\"@id\":\"http:\\\/\\\/cuartetoenlaweb.com.ar\\\/sitio\\\/#organization\"},\"image\":{\"@id\":\"https:\\\/\\\/cuartetoenlaweb.com.ar\\\/sitio\\\/se-quebro-el-campeon-oscar-ruggeri-lloro-en-la-boda-de-su-hija-cande-y-su-descgargo-sorprendio-a-todos\\\/#primaryimage\"},\"thumbnailUrl\":\"https:\\\/\\\/cuartetoenlaweb.com.ar\\\/sitio\\\/wp-content\\\/uploads\\\/2026\\\/03\\\/Marta-Fort-y-Felipe-359x226-17.jpg\",\"articleSection\":[\"ESPECT\u00c1CULO\"],\"inLanguage\":\"es\"},{\"@type\":\"WebPage\",\"@id\":\"https:\\\/\\\/cuartetoenlaweb.com.ar\\\/sitio\\\/se-quebro-el-campeon-oscar-ruggeri-lloro-en-la-boda-de-su-hija-cande-y-su-descgargo-sorprendio-a-todos\\\/\",\"url\":\"https:\\\/\\\/cuartetoenlaweb.com.ar\\\/sitio\\\/se-quebro-el-campeon-oscar-ruggeri-lloro-en-la-boda-de-su-hija-cande-y-su-descgargo-sorprendio-a-todos\\\/\",\"name\":\"\u00a1Se quebr\u00f3 el campe\u00f3n! Oscar Ruggeri llor\u00f3 en la boda de su hija Cande y su descgargo sorprendi\u00f3 a todos - Cuarteto en la Web\",\"isPartOf\":{\"@id\":\"http:\\\/\\\/cuartetoenlaweb.com.ar\\\/sitio\\\/#website\"},\"primaryImageOfPage\":{\"@id\":\"https:\\\/\\\/cuartetoenlaweb.com.ar\\\/sitio\\\/se-quebro-el-campeon-oscar-ruggeri-lloro-en-la-boda-de-su-hija-cande-y-su-descgargo-sorprendio-a-todos\\\/#primaryimage\"},\"image\":{\"@id\":\"https:\\\/\\\/cuartetoenlaweb.com.ar\\\/sitio\\\/se-quebro-el-campeon-oscar-ruggeri-lloro-en-la-boda-de-su-hija-cande-y-su-descgargo-sorprendio-a-todos\\\/#primaryimage\"},\"thumbnailUrl\":\"https:\\\/\\\/cuartetoenlaweb.com.ar\\\/sitio\\\/wp-content\\\/uploads\\\/2026\\\/03\\\/Marta-Fort-y-Felipe-359x226-17.jpg\",\"datePublished\":\"2026-03-02T10:00:01+00:00\",\"breadcrumb\":{\"@id\":\"https:\\\/\\\/cuartetoenlaweb.com.ar\\\/sitio\\\/se-quebro-el-campeon-oscar-ruggeri-lloro-en-la-boda-de-su-hija-cande-y-su-descgargo-sorprendio-a-todos\\\/#breadcrumb\"},\"inLanguage\":\"es\",\"potentialAction\":[{\"@type\":\"ReadAction\",\"target\":[\"https:\\\/\\\/cuartetoenlaweb.com.ar\\\/sitio\\\/se-quebro-el-campeon-oscar-ruggeri-lloro-en-la-boda-de-su-hija-cande-y-su-descgargo-sorprendio-a-todos\\\/\"]}]},{\"@type\":\"ImageObject\",\"inLanguage\":\"es\",\"@id\":\"https:\\\/\\\/cuartetoenlaweb.com.ar\\\/sitio\\\/se-quebro-el-campeon-oscar-ruggeri-lloro-en-la-boda-de-su-hija-cande-y-su-descgargo-sorprendio-a-todos\\\/#primaryimage\",\"url\":\"https:\\\/\\\/cuartetoenlaweb.com.ar\\\/sitio\\\/wp-content\\\/uploads\\\/2026\\\/03\\\/Marta-Fort-y-Felipe-359x226-17.jpg\",\"contentUrl\":\"https:\\\/\\\/cuartetoenlaweb.com.ar\\\/sitio\\\/wp-content\\\/uploads\\\/2026\\\/03\\\/Marta-Fort-y-Felipe-359x226-17.jpg\",\"width\":359,\"height\":226},{\"@type\":\"BreadcrumbList\",\"@id\":\"https:\\\/\\\/cuartetoenlaweb.com.ar\\\/sitio\\\/se-quebro-el-campeon-oscar-ruggeri-lloro-en-la-boda-de-su-hija-cande-y-su-descgargo-sorprendio-a-todos\\\/#breadcrumb\",\"itemListElement\":[{\"@type\":\"ListItem\",\"position\":1,\"name\":\"Portada\",\"item\":\"http:\\\/\\\/cuartetoenlaweb.com.ar\\\/sitio\\\/\"},{\"@type\":\"ListItem\",\"position\":2,\"name\":\"\u00a1Se quebr\u00f3 el campe\u00f3n! Oscar Ruggeri llor\u00f3 en la boda de su hija Cande y su descgargo sorprendi\u00f3 a todos\"}]},{\"@type\":\"WebSite\",\"@id\":\"http:\\\/\\\/cuartetoenlaweb.com.ar\\\/sitio\\\/#website\",\"url\":\"http:\\\/\\\/cuartetoenlaweb.com.ar\\\/sitio\\\/\",\"name\":\"Cuarteto en la Web\",\"description\":\"\",\"publisher\":{\"@id\":\"http:\\\/\\\/cuartetoenlaweb.com.ar\\\/sitio\\\/#organization\"},\"potentialAction\":[{\"@type\":\"SearchAction\",\"target\":{\"@type\":\"EntryPoint\",\"urlTemplate\":\"http:\\\/\\\/cuartetoenlaweb.com.ar\\\/sitio\\\/?s={search_term_string}\"},\"query-input\":{\"@type\":\"PropertyValueSpecification\",\"valueRequired\":true,\"valueName\":\"search_term_string\"}}],\"inLanguage\":\"es\"},{\"@type\":\"Organization\",\"@id\":\"http:\\\/\\\/cuartetoenlaweb.com.ar\\\/sitio\\\/#organization\",\"name\":\"Cuarteto en la Web\",\"url\":\"http:\\\/\\\/cuartetoenlaweb.com.ar\\\/sitio\\\/\",\"logo\":{\"@type\":\"ImageObject\",\"inLanguage\":\"es\",\"@id\":\"http:\\\/\\\/cuartetoenlaweb.com.ar\\\/sitio\\\/#\\\/schema\\\/logo\\\/image\\\/\",\"url\":\"https:\\\/\\\/cuartetoenlaweb.com.ar\\\/sitio\\\/wp-content\\\/uploads\\\/2025\\\/07\\\/cropped-cropped-logitoweb21.png\",\"contentUrl\":\"https:\\\/\\\/cuartetoenlaweb.com.ar\\\/sitio\\\/wp-content\\\/uploads\\\/2025\\\/07\\\/cropped-cropped-logitoweb21.png\",\"width\":199,\"height\":199,\"caption\":\"Cuarteto en la Web\"},\"image\":{\"@id\":\"http:\\\/\\\/cuartetoenlaweb.com.ar\\\/sitio\\\/#\\\/schema\\\/logo\\\/image\\\/\"}}]}<\/script>\n<!-- \/ Yoast SEO plugin. -->","yoast_head_json":{"title":"\u00a1Se quebr\u00f3 el campe\u00f3n! Oscar Ruggeri llor\u00f3 en la boda de su hija Cande y su descgargo sorprendi\u00f3 a todos - Cuarteto en la Web","robots":{"index":"index","follow":"follow","max-snippet":"max-snippet:-1","max-image-preview":"max-image-preview:large","max-video-preview":"max-video-preview:-1"},"canonical":"https:\/\/cuartetoenlaweb.com.ar\/sitio\/se-quebro-el-campeon-oscar-ruggeri-lloro-en-la-boda-de-su-hija-cande-y-su-descgargo-sorprendio-a-todos\/","og_locale":"es_ES","og_type":"article","og_title":"\u00a1Se quebr\u00f3 el campe\u00f3n! Oscar Ruggeri llor\u00f3 en la boda de su hija Cande y su descgargo sorprendi\u00f3 a todos - Cuarteto en la Web","og_description":"El casamiento de Cande Ruggeri y Nicol\u00e1s Maccari fue una","og_url":"https:\/\/cuartetoenlaweb.com.ar\/sitio\/se-quebro-el-campeon-oscar-ruggeri-lloro-en-la-boda-de-su-hija-cande-y-su-descgargo-sorprendio-a-todos\/","og_site_name":"Cuarteto en la Web","article_published_time":"2026-03-02T10:00:01+00:00","og_image":[{"width":359,"height":226,"url":"https:\/\/cuartetoenlaweb.com.ar\/sitio\/wp-content\/uploads\/2026\/03\/Marta-Fort-y-Felipe-359x226-17.jpg","type":"image\/jpeg"}],"twitter_card":"summary_large_image","twitter_misc":{"Tiempo de lectura":"2 minutos"},"schema":{"@context":"https:\/\/schema.org","@graph":[{"@type":"Article","@id":"https:\/\/cuartetoenlaweb.com.ar\/sitio\/se-quebro-el-campeon-oscar-ruggeri-lloro-en-la-boda-de-su-hija-cande-y-su-descgargo-sorprendio-a-todos\/#article","isPartOf":{"@id":"https:\/\/cuartetoenlaweb.com.ar\/sitio\/se-quebro-el-campeon-oscar-ruggeri-lloro-en-la-boda-de-su-hija-cande-y-su-descgargo-sorprendio-a-todos\/"},"author":{"name":"","@id":""},"headline":"\u00a1Se quebr\u00f3 el campe\u00f3n! Oscar Ruggeri llor\u00f3 en la boda de su hija Cande y su descgargo sorprendi\u00f3 a todos","datePublished":"2026-03-02T10:00:01+00:00","mainEntityOfPage":{"@id":"https:\/\/cuartetoenlaweb.com.ar\/sitio\/se-quebro-el-campeon-oscar-ruggeri-lloro-en-la-boda-de-su-hija-cande-y-su-descgargo-sorprendio-a-todos\/"},"wordCount":399,"publisher":{"@id":"http:\/\/cuartetoenlaweb.com.ar\/sitio\/#organization"},"image":{"@id":"https:\/\/cuartetoenlaweb.com.ar\/sitio\/se-quebro-el-campeon-oscar-ruggeri-lloro-en-la-boda-de-su-hija-cande-y-su-descgargo-sorprendio-a-todos\/#primaryimage"},"thumbnailUrl":"https:\/\/cuartetoenlaweb.com.ar\/sitio\/wp-content\/uploads\/2026\/03\/Marta-Fort-y-Felipe-359x226-17.jpg","articleSection":["ESPECT\u00c1CULO"],"inLanguage":"es"},{"@type":"WebPage","@id":"https:\/\/cuartetoenlaweb.com.ar\/sitio\/se-quebro-el-campeon-oscar-ruggeri-lloro-en-la-boda-de-su-hija-cande-y-su-descgargo-sorprendio-a-todos\/","url":"https:\/\/cuartetoenlaweb.com.ar\/sitio\/se-quebro-el-campeon-oscar-ruggeri-lloro-en-la-boda-de-su-hija-cande-y-su-descgargo-sorprendio-a-todos\/","name":"\u00a1Se quebr\u00f3 el campe\u00f3n! Oscar Ruggeri llor\u00f3 en la boda de su hija Cande y su descgargo sorprendi\u00f3 a todos - Cuarteto en la Web","isPartOf":{"@id":"http:\/\/cuartetoenlaweb.com.ar\/sitio\/#website"},"primaryImageOfPage":{"@id":"https:\/\/cuartetoenlaweb.com.ar\/sitio\/se-quebro-el-campeon-oscar-ruggeri-lloro-en-la-boda-de-su-hija-cande-y-su-descgargo-sorprendio-a-todos\/#primaryimage"},"image":{"@id":"https:\/\/cuartetoenlaweb.com.ar\/sitio\/se-quebro-el-campeon-oscar-ruggeri-lloro-en-la-boda-de-su-hija-cande-y-su-descgargo-sorprendio-a-todos\/#primaryimage"},"thumbnailUrl":"https:\/\/cuartetoenlaweb.com.ar\/sitio\/wp-content\/uploads\/2026\/03\/Marta-Fort-y-Felipe-359x226-17.jpg","datePublished":"2026-03-02T10:00:01+00:00","breadcrumb":{"@id":"https:\/\/cuartetoenlaweb.com.ar\/sitio\/se-quebro-el-campeon-oscar-ruggeri-lloro-en-la-boda-de-su-hija-cande-y-su-descgargo-sorprendio-a-todos\/#breadcrumb"},"inLanguage":"es","potentialAction":[{"@type":"ReadAction","target":["https:\/\/cuartetoenlaweb.com.ar\/sitio\/se-quebro-el-campeon-oscar-ruggeri-lloro-en-la-boda-de-su-hija-cande-y-su-descgargo-sorprendio-a-todos\/"]}]},{"@type":"ImageObject","inLanguage":"es","@id":"https:\/\/cuartetoenlaweb.com.ar\/sitio\/se-quebro-el-campeon-oscar-ruggeri-lloro-en-la-boda-de-su-hija-cande-y-su-descgargo-sorprendio-a-todos\/#primaryimage","url":"https:\/\/cuartetoenlaweb.com.ar\/sitio\/wp-content\/uploads\/2026\/03\/Marta-Fort-y-Felipe-359x226-17.jpg","contentUrl":"https:\/\/cuartetoenlaweb.com.ar\/sitio\/wp-content\/uploads\/2026\/03\/Marta-Fort-y-Felipe-359x226-17.jpg","width":359,"height":226},{"@type":"BreadcrumbList","@id":"https:\/\/cuartetoenlaweb.com.ar\/sitio\/se-quebro-el-campeon-oscar-ruggeri-lloro-en-la-boda-de-su-hija-cande-y-su-descgargo-sorprendio-a-todos\/#breadcrumb","itemListElement":[{"@type":"ListItem","position":1,"name":"Portada","item":"http:\/\/cuartetoenlaweb.com.ar\/sitio\/"},{"@type":"ListItem","position":2,"name":"\u00a1Se quebr\u00f3 el campe\u00f3n! Oscar Ruggeri llor\u00f3 en la boda de su hija Cande y su descgargo sorprendi\u00f3 a todos"}]},{"@type":"WebSite","@id":"http:\/\/cuartetoenlaweb.com.ar\/sitio\/#website","url":"http:\/\/cuartetoenlaweb.com.ar\/sitio\/","name":"Cuarteto en la Web","description":"","publisher":{"@id":"http:\/\/cuartetoenlaweb.com.ar\/sitio\/#organization"},"potentialAction":[{"@type":"SearchAction","target":{"@type":"EntryPoint","urlTemplate":"http:\/\/cuartetoenlaweb.com.ar\/sitio\/?s={search_term_string}"},"query-input":{"@type":"PropertyValueSpecification","valueRequired":true,"valueName":"search_term_string"}}],"inLanguage":"es"},{"@type":"Organization","@id":"http:\/\/cuartetoenlaweb.com.ar\/sitio\/#organization","name":"Cuarteto en la Web","url":"http:\/\/cuartetoenlaweb.com.ar\/sitio\/","logo":{"@type":"ImageObject","inLanguage":"es","@id":"http:\/\/cuartetoenlaweb.com.ar\/sitio\/#\/schema\/logo\/image\/","url":"https:\/\/cuartetoenlaweb.com.ar\/sitio\/wp-content\/uploads\/2025\/07\/cropped-cropped-logitoweb21.png","contentUrl":"https:\/\/cuartetoenlaweb.com.ar\/sitio\/wp-content\/uploads\/2025\/07\/cropped-cropped-logitoweb21.png","width":199,"height":199,"caption":"Cuarteto en la Web"},"image":{"@id":"http:\/\/cuartetoenlaweb.com.ar\/sitio\/#\/schema\/logo\/image\/"}}]}},"_links":{"self":[{"href":"https:\/\/cuartetoenlaweb.com.ar\/sitio\/wp-json\/wp\/v2\/posts\/13237","targetHints":{"allow":["GET"]}}],"collection":[{"href":"https:\/\/cuartetoenlaweb.com.ar\/sitio\/wp-json\/wp\/v2\/posts"}],"about":[{"href":"https:\/\/cuartetoenlaweb.com.ar\/sitio\/wp-json\/wp\/v2\/types\/post"}],"replies":[{"embeddable":true,"href":"https:\/\/cuartetoenlaweb.com.ar\/sitio\/wp-json\/wp\/v2\/comments?post=13237"}],"version-history":[{"count":0,"href":"https:\/\/cuartetoenlaweb.com.ar\/sitio\/wp-json\/wp\/v2\/posts\/13237\/revisions"}],"wp:featuredmedia":[{"embeddable":true,"href":"https:\/\/cuartetoenlaweb.com.ar\/sitio\/wp-json\/wp\/v2\/media\/13238"}],"wp:attachment":[{"href":"https:\/\/cuartetoenlaweb.com.ar\/sitio\/wp-json\/wp\/v2\/media?parent=13237"}],"wp:term":[{"taxonomy":"category","embeddable":true,"href":"https:\/\/cuartetoenlaweb.com.ar\/sitio\/wp-json\/wp\/v2\/categories?post=13237"},{"taxonomy":"post_tag","embeddable":true,"href":"https:\/\/cuartetoenlaweb.com.ar\/sitio\/wp-json\/wp\/v2\/tags?post=13237"}],"curies":[{"name":"wp","href":"https:\/\/api.w.org\/{rel}","templated":true}]}}