
{"id":13207,"date":"2026-03-01T18:00:41","date_gmt":"2026-03-01T21:00:41","guid":{"rendered":"https:\/\/cuartetoenlaweb.com.ar\/sitio\/bajo-palabra-inquietud-en-la-ucr-por-el-cambio-de-llaryora\/"},"modified":"2026-03-01T18:00:41","modified_gmt":"2026-03-01T21:00:41","slug":"bajo-palabra-inquietud-en-la-ucr-por-el-cambio-de-llaryora","status":"publish","type":"post","link":"https:\/\/cuartetoenlaweb.com.ar\/sitio\/bajo-palabra-inquietud-en-la-ucr-por-el-cambio-de-llaryora\/","title":{"rendered":"Bajo palabra: inquietud en la UCR por el cambio de Llaryora"},"content":{"rendered":"<p>El gobernador Mart\u00edn Llaryora movi\u00f3 una sola pieza en su gabinete, pero el efecto pol\u00edtico fue mucho mayor que el alcance formal de la decisi\u00f3n. El exintendente de Alta Gracia, Marcos Torres (quien pidi\u00f3 licencia en su ciudad) reemplaz\u00f3 a la schiarettista Laura Jure.<\/p>\n<p><img loading=\"lazy\" decoding=\"async\" src=\"https:\/\/www.lavoz.com.ar\/resizer\/qUsvxVQvF48mctxUyVZjYiEM2j4=\/cloudfront-us-east-1.images.arcpublishing.com\/grupoclarin\/N4QMCQEEDRDR3HAPBA2GS62ZYM.jpg\" alt=\"Legislador. Arduh seguir\u00e1 como presidente del bloque de Juntos por el Cambio.\" height=\"1120\" width=\"1676\" \/><\/p>\n<p>En los papeles fue un cambio puntual. En la pr\u00e1ctica, muchos lo leen como la se\u00f1al de un viraje m\u00e1s profundo. Hasta las elecciones legislativas de octubre pasado, la prioridad del mandatario era ampliar el oficialismo con intendentes y dirigentes radicales, del PRO y vecinalistas. Ahora, en cambio, Llaryora parece haber girado el tim\u00f3n hacia adentro del PJ. En los pr\u00f3ximos d\u00edas se oficializar\u00eda el desembarco de varios intendentes peronistas del interior en cargos de segundas l\u00edneas ministeriales, consolidando ese repliegue hacia la estructura propia.<\/p>\n<p>Algunos nombres ya est\u00e1n confirmados. Agust\u00edn Gonz\u00e1lez, ahora exintendente de Cruz Alta, ser\u00e1 el segundo del ministro de Seguridad, Juan Pablo Quinteros. Fabricio D\u00edaz, intendente de Capilla del Monte, asumir\u00e1 en una secretar\u00eda de Infraestructura del Ministerio de Cooperativas. A esa misma cartera tambi\u00e9n podr\u00eda sumarse el intendente de Idiaz\u00e1bal, Juan Pablo Vassia.<\/p>\n<p>La posible salida de Arduh encendi\u00f3 luces de alerta entre m\u00e1s de 50 intendentes radicales que se hab\u00edan sumado al oficialismo. Para ellos, el dirigente era el nexo directo con el Centro C\u00edvico y su eventual traslado a la Defensor\u00eda del Pueblo provincial implicar\u00eda perder un canal de interlocuci\u00f3n clave.<\/p>\n<p>Tambi\u00e9n observan con inquietud esta \u201cperonizaci\u00f3n\u201d de la gesti\u00f3n provincial los radicales que responden a la vicegobernadora Myrian Prunotto<\/p>\n<h2>Un asesor de Juez juega de defensor del Chiqui Tapia<\/h2>\n<p>La flexibilidad de Luis Juez al momento de sellar alianzas electorales y encolumnarse detr\u00e1s de proyectos pol\u00edticos es conocida y est\u00e1 avalada por decenas de ejemplos a lo largo de su extensa carrera. Esta cualidad parece haber sido transmitida a miembros de su equipo, que ahora abrazan consignas libertarias cuando antes hicieron lo propio con banderas progresistas.<\/p>\n<p><img loading=\"lazy\" decoding=\"async\" src=\"https:\/\/www.lavoz.com.ar\/resizer\/KkVjt4NgRdgHMz5Pnb4kCF7lnDY=\/cloudfront-us-east-1.images.arcpublishing.com\/grupoclarin\/PPW4I43GP5D25FJLLQVQ6S3ETM.jpg\" alt=\"Claudio \u201cChiqui\u201d Tapia reapareci\u00f3 en medio de la tormenta: respald\u00f3 a los \u00e1rbitros en la fiesta anual de la UADA. (Instagram Chiqui Tapia).\" height=\"675\" width=\"1080\" \/><\/p>\n<p>Es el caso de Marcelo Lemos, hombre fuerte de Racing de Nueva Italia y asesor de Luis Juez en el Senado, donde opera en la planta permanente en la categor\u00eda A-14, la m\u00e1s baja de la estructura de personal. Antes, Lemos estuvo en planta transitoria, pero ahora ya ocupa un puesto fijo en el Congreso.<\/p>\n<p>Lo cierto es que mientras Juez formalizaba su ingreso al bloque de La Libertad Avanza, Lemos sal\u00eda a defender impetuosamente a Claudio \u201cChiqui\u201d Tapia, el mandam\u00e1s de la AFA que est\u00e1 en la mira de la Justicia por los supuestos delitos financieros y econ\u00f3micos; investigaciones que son impulsadas por el Gobierno nacional.<\/p>\n<p>La guerra desatada entre Milei y Tapia no es nueva, pero el cap\u00edtulo judicial puede llevar a la c\u00e1rcel al presidente jefe del f\u00fatbol argentino justo en el a\u00f1o en el cual la Selecci\u00f3n defender\u00e1 el t\u00edtulo mundial que obtuvo en Qatar.<\/p>\n<p>En el contexto de esa pelea a todo o nada el asesor de Juez sali\u00f3 a bancar los trapos de Tapita: Lemos, secretario General de Racing de C\u00f3rdoba y miembro de la Asociaci\u00f3n Cordobesa de F\u00fatbol, dijo en redes sociales que la denuncia contra \u201cChiqui\u201d es \u201cpuro humo\u201d, con el objetivo de tapar la fuerte crisis de la econom\u00eda real y el aumento de la inflaci\u00f3n de los \u00faltimos meses.<\/p>\n<p>\u201cHumo para tapar la realidad; circo. Fijate el supermercado, el d\u00f3lar, y esper\u00e1 las facturas de servicios\u201d escribi\u00f3 Lemos en un posteo junto a una captura de pantalla de la web de <b>La Voz<\/b> en la que se daba cuenta de uno de las patas de investigaci\u00f3n abierta contra el l\u00edder de la AFA: \u201cDe Sur Finanzas a las cuentas de Estados Unidos\u201d, era el t\u00edtulo.<\/p>\n<h3>\u201cTranquilo, no pasa nada\u201d<\/h3>\n<p>\u201cTe juro que no pasa nada\u201d. La frase, de un t\u00e9cnico a un alto funcionario, se escuch\u00f3 en el Centro C\u00edvico horas antes de que C\u00f3rdoba confirmara a comienzos de a\u00f1o que no dar\u00eda marcha atr\u00e1s con la nueva canasta del IPC, a diferencia del Indec, que decidi\u00f3 postergar el cambio metodol\u00f3gico.<\/p>\n<p>La salida de Marco Lavagna del organismo nacional coincidi\u00f3 con la decisi\u00f3n del Ministerio de Econom\u00eda de frenar la actualizaci\u00f3n. La afirmaci\u00f3n fue en respuesta a la versi\u00f3n de que una nueva estructura, con mayor peso de los servicios, podr\u00eda alterar (hasta arriba) el resultado del \u00edndice en un momento sensible.<\/p>\n<p><img loading=\"lazy\" decoding=\"async\" src=\"https:\/\/www.lavoz.com.ar\/resizer\/k93T_q9_g1Dy6rSD5TIfPlCnglY=\/cloudfront-us-east-1.images.arcpublishing.com\/grupoclarin\/HO4XXV6K45FPXAXZF6Y77R7TH4.jpg\" alt=\"Protesta. El titular del SEP, Sergio Castro, encabez\u00f3 este jueves una protesta en R\u00edo Cuarto, igual a la que el mi\u00e9rcoles hicieron en la ciudad de C\u00f3rdoba.\" height=\"3000\" width=\"4000\" \/><\/p>\n<p>El problema es que los salarios de los empleados p\u00fablicos provinciales se ajustan por el IPC local, no por el nacional. Una diferencia importante entre ambos indicadores implica millones adicionales en el ajustad\u00edsimo presupuesto de Mart\u00edn Llaryora.<\/p>\n<p>De all\u00ed la necesidad de transmitir tranquilidad. Seg\u00fan repiten los t\u00e9cnicos provinciales, la estructura de precios en C\u00f3rdoba (con tarifas y transporte que ya acumulan fuertes subas desde antes) no deber\u00eda generar un salto extra por el cambio de canasta. Al menos, esa es la apuesta. \u201cOk, pero espero que sea s\u00ed porque Mart\u00edn nos mata, eh\u201d, respondi\u00f3, algo desconfiado, el funcionario.<\/p>\n<h2>Desarrollo Social: motivos pol\u00edticos en el cambio de Torres por Jure<\/h2>\n<p>La designaci\u00f3n de Marcos Torres en lugar de Laura Jure al frente del Ministerio de Desarrollo Social y Promoci\u00f3n del Empleo gener\u00f3 comentarios en el PJ, sobre todo porque Jure era considerada la ministra m\u00e1s cercana al exgobernador Juan Schiaretti.<\/p>\n<p>Desde el Centro C\u00edvico negaron cualquier lectura interna. \u201cFue un cambio pol\u00edtico, y Laura lo entendi\u00f3 perfectamente. Por eso seguir\u00e1 como secretaria general, con rango de ministra, en el Ministerio de Cooperativas\u201d, explic\u00f3 un hombre de confianza del gobernador.<\/p>\n<p><img loading=\"lazy\" decoding=\"async\" src=\"https:\/\/www.lavoz.com.ar\/resizer\/TnV8t3RQ3RhxHs1ZylBuFc_JJDc=\/cloudfront-us-east-1.images.arcpublishing.com\/grupoclarin\/5CRZVSTPJRH55BLI64636HZOOY.JPG\" alt=\"Laura Jure, ministra de Desarrollo Social de C\u00f3rdoba, en el programa Voz y Voto.  (Nicol\u00e1s Bravo \/ La Voz)\" height=\"867\" width=\"1300\" \/><\/p>\n<p>La explicaci\u00f3n oficial apunta a una raz\u00f3n estrat\u00e9gica: Marcos Torres es el \u00fanico intendente de las ciudades \u201cgrandes\u201d que no tiene posibilidad de reelecci\u00f3n. Su salida del municipio le permitir\u00e1 ordenar la sucesi\u00f3n y respaldar al intendente interino Jorge \u201cel Ruso\u201d De N\u00e1poli, quien qued\u00f3 al frente de la gesti\u00f3n en Alta Gracia.<\/p>\n<p>Pero hay un c\u00e1lculo adicional. Facundo Torres, presidente del bloque oficialista en la Legislatura, tampoco tiene reelecci\u00f3n como legislador. En ese tablero, la jugada de Llaryora ser\u00eda posicionar a Marcos Torres en Desarrollo Social para que gane volumen pol\u00edtico y se proyecte como eventual candidato a legislador departamental por Santa Mar\u00eda.<\/p>\n<p>En el entorno schiarettista aseguran que Jure qued\u00f3 conforme tras reunirse con el gobernador. Mantendr\u00e1 el rango de ministra como secretaria general en Cooperativas y conservar\u00e1 bajo su \u00f3rbita las secretar\u00edas de Urbanizaci\u00f3n, Emprendedurismo y Escrituraci\u00f3n.<\/p>\n<p>Jure, junto a Liliana Montero (Salud) y Mar\u00eda Victoria Flores (Educaci\u00f3n), son las \u00fanicas secretarias generales con rango de ministras. Mientras tanto, en la oposici\u00f3n ya toman nota: el reordenamiento del gabinete se convirti\u00f3 tambi\u00e9n en un argumento para cuestionar el gasto pol\u00edtico de la gesti\u00f3n llaryorista.<\/p>\n<h2>Equidad de g\u00e9nero, batalla perdida en el gabinete de Llaryora<\/h2>\n<p>Baja de impuestos, baja de la edad de imputabilidad, apoyo a la reforma laboral, son muchos los temas centrales de la agenda libertaria que contaron con el apoyo del peronismo cordob\u00e9s en las \u00faltimas semanas. Pero hay un frente en el que el Gobierno de Mart\u00edn Llaryora supera al de Javier Milei: el desconocimiento de toda noci\u00f3n de equidad de g\u00e9nero en el equipo de decisiones.<\/p>\n<p><img loading=\"lazy\" decoding=\"async\" src=\"https:\/\/www.lavoz.com.ar\/resizer\/tDiiRBiOXzy0xSbS9XBgtukplj0=\/cloudfront-us-east-1.images.arcpublishing.com\/grupoclarin\/HYU35H54RJF4HIAXOJRY733KHU.JPG\" alt=\"Liliana Montero en el programa Voz y Voto.  (Nicol\u00e1s Bravo \/ La Voz)\" height=\"867\" width=\"1300\" \/><\/p>\n<p>Desde esta semana, con la salida de Laura Jure del gabinete, ning\u00fan ministerio estar\u00e1 encabezado por una mujer. Hasta hace algunas semanas, hab\u00eda tres ministras: Jure en Desarrollo Social, Liliana Montero en Capital Humano y Victoria Flores en Ambiente. Hoy las tres pasaron a ser segundas de otros ministerios conducidos por hombres, con cargos de secretarias o secretarias generales.<\/p>\n<p>La tendencia no es nueva, pero se agudiz\u00f3 en 2026. De hecho, desde el vamos Llaryora, al igual que Milei, elimin\u00f3 el Ministerio de la Mujer. Esa cartera s\u00f3lo existi\u00f3 en la Provincia entre 2019 y 2023, cuando estuvo encabezada por Claudia Mart\u00ednez.<\/p>\n<h2>Un cambio radical<\/h2>\n<p>Aunque a\u00fan restan varios meses para el recambio de autoridades en la Uni\u00f3n C\u00edvica Radical, comenzaron los sondeos para ver qui\u00e9n suceder\u00e1 a Marcos Ferrer, el intendente de R\u00edo Tercero y presidente albirrojo.<\/p>\n<p>A los radicales no hace falta recordarles el traum\u00e1tico proceso interno que deriv\u00f3 en la p\u00e9rdida absoluta de bancas radicales cordobesas en el Congreso Nacional. Pero varios le pasan factura a Ferrer por la falta de conducci\u00f3n de la interna, que deriv\u00f3 en la p\u00e9sima elecci\u00f3n de Ram\u00f3n Mestre.<\/p>\n<p>Como sea, Rodrigo de Loredo comenz\u00f3 a mover las fichas para quedarse con el control del partido, una herramienta que ser\u00e1 clave en el armado opositor de 2027, donde \u00e9l aspira a quedarse con la candidatura a gobernador.<\/p>\n<p><img loading=\"lazy\" decoding=\"async\" src=\"https:\/\/www.lavoz.com.ar\/resizer\/8c6Fqxomx0QOcoHh0i8skEnHe0Q=\/cloudfront-us-east-1.images.arcpublishing.com\/grupoclarin\/Z4IBAC6MO5HFLBGYVDG2XFGU6I.jfif\" alt=\"Asamblea. El diputado nacional Rodrigo de Loredo, y el presidente del bloque radical en la Legislatura, Mat\u00edas Gvozdenovich, participaron de la asamblea ruralista en R\u00edo Cuarto.\" height=\"1153\" width=\"2048\" \/><\/p>\n<p>As\u00ed, comenz\u00f3 a sonar el nombre de Mat\u00edas Gvozdenovich como el probable sucesor de Ferrer. El actual jefe de bloque de legisladores provinciales de la UCR ofrece un estilo de conducci\u00f3n \u201cid\u00e9ntico\u201d al que tuvo en la bancada, con di\u00e1logo con todos los sectores internos.<\/p>\n<p>\u201cMat\u00edas tiene el perfil indicado\u201d, confiaron fuentes cercanas a De Loredo, quien opera en la sucesi\u00f3n en la presidencia del partido radical. Con Gvozdenovich ubicado en el tercer piso de la Casa Radical, De Loredo se asegurar\u00eda un puro. Como si fuera poco, Gvozdenovich sostiene, convencido, que De Loredo es mejor candidato que Luis Juez y Gabriel Bornoroni. Apuntala esa opini\u00f3n con encuestas.<\/p>\n<p>En el bloque radical, algunos legisladores comenzaron a preguntarse si Gvozdenovich, eventualmente, podr\u00eda conducir el partido y al bloque. Asoma otra disputa.<\/p>\n","protected":false},"excerpt":{"rendered":"<p>El gobernador Mart\u00edn Llaryora movi\u00f3 una sola pieza en su<\/p>\n","protected":false},"author":0,"featured_media":13208,"comment_status":"","ping_status":"","sticky":false,"template":"","format":"standard","meta":{"footnotes":""},"categories":[65],"tags":[],"class_list":["post-13207","post","type-post","status-publish","format-standard","has-post-thumbnail","hentry","category-pais"],"yoast_head":"<!-- This site is optimized with the Yoast SEO plugin v27.5 - https:\/\/yoast.com\/product\/yoast-seo-wordpress\/ -->\n<title>Bajo palabra: inquietud en la UCR por el cambio de Llaryora - Cuarteto en la Web<\/title>\n<meta name=\"robots\" content=\"index, follow, max-snippet:-1, max-image-preview:large, max-video-preview:-1\" \/>\n<link rel=\"canonical\" href=\"https:\/\/cuartetoenlaweb.com.ar\/sitio\/bajo-palabra-inquietud-en-la-ucr-por-el-cambio-de-llaryora\/\" \/>\n<meta property=\"og:locale\" content=\"es_ES\" \/>\n<meta property=\"og:type\" content=\"article\" \/>\n<meta property=\"og:title\" content=\"Bajo palabra: inquietud en la UCR por el cambio de Llaryora - Cuarteto en la Web\" \/>\n<meta property=\"og:description\" content=\"El gobernador Mart\u00edn Llaryora movi\u00f3 una sola pieza en su\" \/>\n<meta property=\"og:url\" content=\"https:\/\/cuartetoenlaweb.com.ar\/sitio\/bajo-palabra-inquietud-en-la-ucr-por-el-cambio-de-llaryora\/\" \/>\n<meta property=\"og:site_name\" content=\"Cuarteto en la Web\" \/>\n<meta property=\"article:published_time\" content=\"2026-03-01T21:00:41+00:00\" \/>\n<meta property=\"og:image\" content=\"https:\/\/cuartetoenlaweb.com.ar\/sitio\/wp-content\/uploads\/2026\/03\/N4QMCQEEDRDR3HAPBA2GS62ZYM.jpg\" \/>\n\t<meta property=\"og:image:width\" content=\"1200\" \/>\n\t<meta property=\"og:image:height\" content=\"802\" \/>\n\t<meta property=\"og:image:type\" content=\"image\/jpeg\" \/>\n<meta name=\"twitter:card\" content=\"summary_large_image\" \/>\n<meta name=\"twitter:label1\" content=\"Tiempo de lectura\" \/>\n\t<meta name=\"twitter:data1\" content=\"8 minutos\" \/>\n<script type=\"application\/ld+json\" class=\"yoast-schema-graph\">{\"@context\":\"https:\\\/\\\/schema.org\",\"@graph\":[{\"@type\":\"Article\",\"@id\":\"https:\\\/\\\/cuartetoenlaweb.com.ar\\\/sitio\\\/bajo-palabra-inquietud-en-la-ucr-por-el-cambio-de-llaryora\\\/#article\",\"isPartOf\":{\"@id\":\"https:\\\/\\\/cuartetoenlaweb.com.ar\\\/sitio\\\/bajo-palabra-inquietud-en-la-ucr-por-el-cambio-de-llaryora\\\/\"},\"author\":{\"name\":\"\",\"@id\":\"\"},\"headline\":\"Bajo palabra: inquietud en la UCR por el cambio de Llaryora\",\"datePublished\":\"2026-03-01T21:00:41+00:00\",\"mainEntityOfPage\":{\"@id\":\"https:\\\/\\\/cuartetoenlaweb.com.ar\\\/sitio\\\/bajo-palabra-inquietud-en-la-ucr-por-el-cambio-de-llaryora\\\/\"},\"wordCount\":1650,\"publisher\":{\"@id\":\"https:\\\/\\\/cuartetoenlaweb.com.ar\\\/sitio\\\/#organization\"},\"image\":{\"@id\":\"https:\\\/\\\/cuartetoenlaweb.com.ar\\\/sitio\\\/bajo-palabra-inquietud-en-la-ucr-por-el-cambio-de-llaryora\\\/#primaryimage\"},\"thumbnailUrl\":\"https:\\\/\\\/cuartetoenlaweb.com.ar\\\/sitio\\\/wp-content\\\/uploads\\\/2026\\\/03\\\/N4QMCQEEDRDR3HAPBA2GS62ZYM.jpg\",\"articleSection\":[\"PAIS\"],\"inLanguage\":\"es\"},{\"@type\":\"WebPage\",\"@id\":\"https:\\\/\\\/cuartetoenlaweb.com.ar\\\/sitio\\\/bajo-palabra-inquietud-en-la-ucr-por-el-cambio-de-llaryora\\\/\",\"url\":\"https:\\\/\\\/cuartetoenlaweb.com.ar\\\/sitio\\\/bajo-palabra-inquietud-en-la-ucr-por-el-cambio-de-llaryora\\\/\",\"name\":\"Bajo palabra: inquietud en la UCR por el cambio de Llaryora - Cuarteto en la Web\",\"isPartOf\":{\"@id\":\"https:\\\/\\\/cuartetoenlaweb.com.ar\\\/sitio\\\/#website\"},\"primaryImageOfPage\":{\"@id\":\"https:\\\/\\\/cuartetoenlaweb.com.ar\\\/sitio\\\/bajo-palabra-inquietud-en-la-ucr-por-el-cambio-de-llaryora\\\/#primaryimage\"},\"image\":{\"@id\":\"https:\\\/\\\/cuartetoenlaweb.com.ar\\\/sitio\\\/bajo-palabra-inquietud-en-la-ucr-por-el-cambio-de-llaryora\\\/#primaryimage\"},\"thumbnailUrl\":\"https:\\\/\\\/cuartetoenlaweb.com.ar\\\/sitio\\\/wp-content\\\/uploads\\\/2026\\\/03\\\/N4QMCQEEDRDR3HAPBA2GS62ZYM.jpg\",\"datePublished\":\"2026-03-01T21:00:41+00:00\",\"breadcrumb\":{\"@id\":\"https:\\\/\\\/cuartetoenlaweb.com.ar\\\/sitio\\\/bajo-palabra-inquietud-en-la-ucr-por-el-cambio-de-llaryora\\\/#breadcrumb\"},\"inLanguage\":\"es\",\"potentialAction\":[{\"@type\":\"ReadAction\",\"target\":[\"https:\\\/\\\/cuartetoenlaweb.com.ar\\\/sitio\\\/bajo-palabra-inquietud-en-la-ucr-por-el-cambio-de-llaryora\\\/\"]}]},{\"@type\":\"ImageObject\",\"inLanguage\":\"es\",\"@id\":\"https:\\\/\\\/cuartetoenlaweb.com.ar\\\/sitio\\\/bajo-palabra-inquietud-en-la-ucr-por-el-cambio-de-llaryora\\\/#primaryimage\",\"url\":\"https:\\\/\\\/cuartetoenlaweb.com.ar\\\/sitio\\\/wp-content\\\/uploads\\\/2026\\\/03\\\/N4QMCQEEDRDR3HAPBA2GS62ZYM.jpg\",\"contentUrl\":\"https:\\\/\\\/cuartetoenlaweb.com.ar\\\/sitio\\\/wp-content\\\/uploads\\\/2026\\\/03\\\/N4QMCQEEDRDR3HAPBA2GS62ZYM.jpg\",\"width\":1200,\"height\":802},{\"@type\":\"BreadcrumbList\",\"@id\":\"https:\\\/\\\/cuartetoenlaweb.com.ar\\\/sitio\\\/bajo-palabra-inquietud-en-la-ucr-por-el-cambio-de-llaryora\\\/#breadcrumb\",\"itemListElement\":[{\"@type\":\"ListItem\",\"position\":1,\"name\":\"Portada\",\"item\":\"https:\\\/\\\/cuartetoenlaweb.com.ar\\\/sitio\\\/\"},{\"@type\":\"ListItem\",\"position\":2,\"name\":\"Bajo palabra: inquietud en la UCR por el cambio de Llaryora\"}]},{\"@type\":\"WebSite\",\"@id\":\"https:\\\/\\\/cuartetoenlaweb.com.ar\\\/sitio\\\/#website\",\"url\":\"https:\\\/\\\/cuartetoenlaweb.com.ar\\\/sitio\\\/\",\"name\":\"Cuarteto en la Web\",\"description\":\"\",\"publisher\":{\"@id\":\"https:\\\/\\\/cuartetoenlaweb.com.ar\\\/sitio\\\/#organization\"},\"potentialAction\":[{\"@type\":\"SearchAction\",\"target\":{\"@type\":\"EntryPoint\",\"urlTemplate\":\"https:\\\/\\\/cuartetoenlaweb.com.ar\\\/sitio\\\/?s={search_term_string}\"},\"query-input\":{\"@type\":\"PropertyValueSpecification\",\"valueRequired\":true,\"valueName\":\"search_term_string\"}}],\"inLanguage\":\"es\"},{\"@type\":\"Organization\",\"@id\":\"https:\\\/\\\/cuartetoenlaweb.com.ar\\\/sitio\\\/#organization\",\"name\":\"Cuarteto en la Web\",\"url\":\"https:\\\/\\\/cuartetoenlaweb.com.ar\\\/sitio\\\/\",\"logo\":{\"@type\":\"ImageObject\",\"inLanguage\":\"es\",\"@id\":\"https:\\\/\\\/cuartetoenlaweb.com.ar\\\/sitio\\\/#\\\/schema\\\/logo\\\/image\\\/\",\"url\":\"https:\\\/\\\/cuartetoenlaweb.com.ar\\\/sitio\\\/wp-content\\\/uploads\\\/2025\\\/07\\\/cropped-cropped-logitoweb21.png\",\"contentUrl\":\"https:\\\/\\\/cuartetoenlaweb.com.ar\\\/sitio\\\/wp-content\\\/uploads\\\/2025\\\/07\\\/cropped-cropped-logitoweb21.png\",\"width\":199,\"height\":199,\"caption\":\"Cuarteto en la Web\"},\"image\":{\"@id\":\"https:\\\/\\\/cuartetoenlaweb.com.ar\\\/sitio\\\/#\\\/schema\\\/logo\\\/image\\\/\"}}]}<\/script>\n<!-- \/ Yoast SEO plugin. -->","yoast_head_json":{"title":"Bajo palabra: inquietud en la UCR por el cambio de Llaryora - Cuarteto en la Web","robots":{"index":"index","follow":"follow","max-snippet":"max-snippet:-1","max-image-preview":"max-image-preview:large","max-video-preview":"max-video-preview:-1"},"canonical":"https:\/\/cuartetoenlaweb.com.ar\/sitio\/bajo-palabra-inquietud-en-la-ucr-por-el-cambio-de-llaryora\/","og_locale":"es_ES","og_type":"article","og_title":"Bajo palabra: inquietud en la UCR por el cambio de Llaryora - Cuarteto en la Web","og_description":"El gobernador Mart\u00edn Llaryora movi\u00f3 una sola pieza en su","og_url":"https:\/\/cuartetoenlaweb.com.ar\/sitio\/bajo-palabra-inquietud-en-la-ucr-por-el-cambio-de-llaryora\/","og_site_name":"Cuarteto en la Web","article_published_time":"2026-03-01T21:00:41+00:00","og_image":[{"width":1200,"height":802,"url":"https:\/\/cuartetoenlaweb.com.ar\/sitio\/wp-content\/uploads\/2026\/03\/N4QMCQEEDRDR3HAPBA2GS62ZYM.jpg","type":"image\/jpeg"}],"twitter_card":"summary_large_image","twitter_misc":{"Tiempo de lectura":"8 minutos"},"schema":{"@context":"https:\/\/schema.org","@graph":[{"@type":"Article","@id":"https:\/\/cuartetoenlaweb.com.ar\/sitio\/bajo-palabra-inquietud-en-la-ucr-por-el-cambio-de-llaryora\/#article","isPartOf":{"@id":"https:\/\/cuartetoenlaweb.com.ar\/sitio\/bajo-palabra-inquietud-en-la-ucr-por-el-cambio-de-llaryora\/"},"author":{"name":"","@id":""},"headline":"Bajo palabra: inquietud en la UCR por el cambio de Llaryora","datePublished":"2026-03-01T21:00:41+00:00","mainEntityOfPage":{"@id":"https:\/\/cuartetoenlaweb.com.ar\/sitio\/bajo-palabra-inquietud-en-la-ucr-por-el-cambio-de-llaryora\/"},"wordCount":1650,"publisher":{"@id":"https:\/\/cuartetoenlaweb.com.ar\/sitio\/#organization"},"image":{"@id":"https:\/\/cuartetoenlaweb.com.ar\/sitio\/bajo-palabra-inquietud-en-la-ucr-por-el-cambio-de-llaryora\/#primaryimage"},"thumbnailUrl":"https:\/\/cuartetoenlaweb.com.ar\/sitio\/wp-content\/uploads\/2026\/03\/N4QMCQEEDRDR3HAPBA2GS62ZYM.jpg","articleSection":["PAIS"],"inLanguage":"es"},{"@type":"WebPage","@id":"https:\/\/cuartetoenlaweb.com.ar\/sitio\/bajo-palabra-inquietud-en-la-ucr-por-el-cambio-de-llaryora\/","url":"https:\/\/cuartetoenlaweb.com.ar\/sitio\/bajo-palabra-inquietud-en-la-ucr-por-el-cambio-de-llaryora\/","name":"Bajo palabra: inquietud en la UCR por el cambio de Llaryora - Cuarteto en la Web","isPartOf":{"@id":"https:\/\/cuartetoenlaweb.com.ar\/sitio\/#website"},"primaryImageOfPage":{"@id":"https:\/\/cuartetoenlaweb.com.ar\/sitio\/bajo-palabra-inquietud-en-la-ucr-por-el-cambio-de-llaryora\/#primaryimage"},"image":{"@id":"https:\/\/cuartetoenlaweb.com.ar\/sitio\/bajo-palabra-inquietud-en-la-ucr-por-el-cambio-de-llaryora\/#primaryimage"},"thumbnailUrl":"https:\/\/cuartetoenlaweb.com.ar\/sitio\/wp-content\/uploads\/2026\/03\/N4QMCQEEDRDR3HAPBA2GS62ZYM.jpg","datePublished":"2026-03-01T21:00:41+00:00","breadcrumb":{"@id":"https:\/\/cuartetoenlaweb.com.ar\/sitio\/bajo-palabra-inquietud-en-la-ucr-por-el-cambio-de-llaryora\/#breadcrumb"},"inLanguage":"es","potentialAction":[{"@type":"ReadAction","target":["https:\/\/cuartetoenlaweb.com.ar\/sitio\/bajo-palabra-inquietud-en-la-ucr-por-el-cambio-de-llaryora\/"]}]},{"@type":"ImageObject","inLanguage":"es","@id":"https:\/\/cuartetoenlaweb.com.ar\/sitio\/bajo-palabra-inquietud-en-la-ucr-por-el-cambio-de-llaryora\/#primaryimage","url":"https:\/\/cuartetoenlaweb.com.ar\/sitio\/wp-content\/uploads\/2026\/03\/N4QMCQEEDRDR3HAPBA2GS62ZYM.jpg","contentUrl":"https:\/\/cuartetoenlaweb.com.ar\/sitio\/wp-content\/uploads\/2026\/03\/N4QMCQEEDRDR3HAPBA2GS62ZYM.jpg","width":1200,"height":802},{"@type":"BreadcrumbList","@id":"https:\/\/cuartetoenlaweb.com.ar\/sitio\/bajo-palabra-inquietud-en-la-ucr-por-el-cambio-de-llaryora\/#breadcrumb","itemListElement":[{"@type":"ListItem","position":1,"name":"Portada","item":"https:\/\/cuartetoenlaweb.com.ar\/sitio\/"},{"@type":"ListItem","position":2,"name":"Bajo palabra: inquietud en la UCR por el cambio de Llaryora"}]},{"@type":"WebSite","@id":"https:\/\/cuartetoenlaweb.com.ar\/sitio\/#website","url":"https:\/\/cuartetoenlaweb.com.ar\/sitio\/","name":"Cuarteto en la Web","description":"","publisher":{"@id":"https:\/\/cuartetoenlaweb.com.ar\/sitio\/#organization"},"potentialAction":[{"@type":"SearchAction","target":{"@type":"EntryPoint","urlTemplate":"https:\/\/cuartetoenlaweb.com.ar\/sitio\/?s={search_term_string}"},"query-input":{"@type":"PropertyValueSpecification","valueRequired":true,"valueName":"search_term_string"}}],"inLanguage":"es"},{"@type":"Organization","@id":"https:\/\/cuartetoenlaweb.com.ar\/sitio\/#organization","name":"Cuarteto en la Web","url":"https:\/\/cuartetoenlaweb.com.ar\/sitio\/","logo":{"@type":"ImageObject","inLanguage":"es","@id":"https:\/\/cuartetoenlaweb.com.ar\/sitio\/#\/schema\/logo\/image\/","url":"https:\/\/cuartetoenlaweb.com.ar\/sitio\/wp-content\/uploads\/2025\/07\/cropped-cropped-logitoweb21.png","contentUrl":"https:\/\/cuartetoenlaweb.com.ar\/sitio\/wp-content\/uploads\/2025\/07\/cropped-cropped-logitoweb21.png","width":199,"height":199,"caption":"Cuarteto en la Web"},"image":{"@id":"https:\/\/cuartetoenlaweb.com.ar\/sitio\/#\/schema\/logo\/image\/"}}]}},"_links":{"self":[{"href":"https:\/\/cuartetoenlaweb.com.ar\/sitio\/wp-json\/wp\/v2\/posts\/13207","targetHints":{"allow":["GET"]}}],"collection":[{"href":"https:\/\/cuartetoenlaweb.com.ar\/sitio\/wp-json\/wp\/v2\/posts"}],"about":[{"href":"https:\/\/cuartetoenlaweb.com.ar\/sitio\/wp-json\/wp\/v2\/types\/post"}],"replies":[{"embeddable":true,"href":"https:\/\/cuartetoenlaweb.com.ar\/sitio\/wp-json\/wp\/v2\/comments?post=13207"}],"version-history":[{"count":0,"href":"https:\/\/cuartetoenlaweb.com.ar\/sitio\/wp-json\/wp\/v2\/posts\/13207\/revisions"}],"wp:featuredmedia":[{"embeddable":true,"href":"https:\/\/cuartetoenlaweb.com.ar\/sitio\/wp-json\/wp\/v2\/media\/13208"}],"wp:attachment":[{"href":"https:\/\/cuartetoenlaweb.com.ar\/sitio\/wp-json\/wp\/v2\/media?parent=13207"}],"wp:term":[{"taxonomy":"category","embeddable":true,"href":"https:\/\/cuartetoenlaweb.com.ar\/sitio\/wp-json\/wp\/v2\/categories?post=13207"},{"taxonomy":"post_tag","embeddable":true,"href":"https:\/\/cuartetoenlaweb.com.ar\/sitio\/wp-json\/wp\/v2\/tags?post=13207"}],"curies":[{"name":"wp","href":"https:\/\/api.w.org\/{rel}","templated":true}]}}