
{"id":13203,"date":"2026-03-01T18:00:24","date_gmt":"2026-03-01T21:00:24","guid":{"rendered":"https:\/\/cuartetoenlaweb.com.ar\/sitio\/paro-nacional-docente-cuantas-provincias-comenzaran-la-semana-sin-clases\/"},"modified":"2026-03-01T18:00:24","modified_gmt":"2026-03-01T21:00:24","slug":"paro-nacional-docente-cuantas-provincias-comenzaran-la-semana-sin-clases","status":"publish","type":"post","link":"https:\/\/cuartetoenlaweb.com.ar\/sitio\/paro-nacional-docente-cuantas-provincias-comenzaran-la-semana-sin-clases\/","title":{"rendered":"Paro nacional docente: \u00bfCu\u00e1ntas provincias comenzar\u00e1n la semana sin clases?"},"content":{"rendered":"<p>Buenos Aires, 1\u00ba marzo (NA) \u2013 El primer lunes h\u00e1bil del mes comenzar\u00e1 con un paro nacional docente en contra de la reforma laboral, aprobada la semana pasada en el Congreso, y en la \u00abdefensa de la educaci\u00f3n p\u00fablica, el trabajo digno y los derechos de las y los trabajadores\u201d.<\/p>\n<p>El gremio que convoc\u00f3 a esta medida, principalmente, es la Confederaci\u00f3n de Trabajadores de la Educaci\u00f3n de la Rep\u00fablica Argentina (CTERA) y asegur\u00f3 que la Ley de Modernizaci\u00f3n Laboral impulsada por el Gobierno Nacional \u201cno tiene como objetivo la creaci\u00f3n de empleo ni la mejora de las condiciones laborales\u201d, sino \u201cprecarizar el trabajo\u201d y fomentar \u201cla flexibilizaci\u00f3n de las relaciones laborales\u201d, que concluir\u00edan con \u00abla p\u00e9rdida de empleo\u201d.<\/p>\n<p>Seg\u00fan supo la Agencia Noticias Argentinas, la iniciativa de CTERA tambi\u00e9n fue respaldada por otros sindicatos como Uni\u00f3n de Docentes Argentinos (UDA), la Asociaci\u00f3n del Magisterio de Ense\u00f1anza T\u00e9cnica (AMET), la Confederaci\u00f3n de Educadores Argentinos (CEA) y el Sindicato Argentino de Docentes Privados (SADOP).<\/p>\n<p>Hasta el momento, las provincias confirmadas son aquellas en donde estaba previsto el inicio del ciclo lectivo para ma\u00f1ana lunes 2 de marzo: Buenos Aires (PBA y Ciudad Aut\u00f3noma), Santa Fe, C\u00f3rdoba, Entre R\u00edos, Salta, Santa Cruz, Mendoza, San Luis, Corrientes, Catamarca, Jujuy, Chaco, Formosa y Misiones.<\/p>\n<p>En Tucum\u00e1n, la Agremiaci\u00f3n Tucumana de Educadores Provinciales (ATEP) suspendi\u00f3 su adhesi\u00f3n al paro luego de acatar la conciliaci\u00f3n obligatoria dictada por la Secretar\u00eda de Trabajo. El reclamo principal de la provincia se centraba en la convocatoria a la Paritaria Nacional Docente, el aumento del presupuesto educativo y la restituci\u00f3n del FONID (Fondo Nacional de Incentivo Docente).<\/p>\n<p>El comienzo de clases se regularizar\u00eda el martes 3 de marzo; para verificar el cronograma espec\u00edfico de cada distrito se puede consultar el portal y los sitios oficiales de cada ministerio provincial. #AgenciaNA<\/p>\n","protected":false},"excerpt":{"rendered":"<p>Buenos Aires, 1\u00ba marzo (NA) \u2013 El primer lunes h\u00e1bil<\/p>\n","protected":false},"author":0,"featured_media":13204,"comment_status":"","ping_status":"","sticky":false,"template":"","format":"standard","meta":{"footnotes":""},"categories":[65],"tags":[],"class_list":["post-13203","post","type-post","status-publish","format-standard","has-post-thumbnail","hentry","category-pais"],"yoast_head":"<!-- This site is optimized with the Yoast SEO plugin v27.5 - https:\/\/yoast.com\/product\/yoast-seo-wordpress\/ -->\n<title>Paro nacional docente: \u00bfCu\u00e1ntas provincias comenzar\u00e1n la semana sin clases? - Cuarteto en la Web<\/title>\n<meta name=\"robots\" content=\"index, follow, max-snippet:-1, max-image-preview:large, max-video-preview:-1\" \/>\n<link rel=\"canonical\" href=\"https:\/\/cuartetoenlaweb.com.ar\/sitio\/paro-nacional-docente-cuantas-provincias-comenzaran-la-semana-sin-clases\/\" \/>\n<meta property=\"og:locale\" content=\"es_ES\" \/>\n<meta property=\"og:type\" content=\"article\" \/>\n<meta property=\"og:title\" content=\"Paro nacional docente: \u00bfCu\u00e1ntas provincias comenzar\u00e1n la semana sin clases? - Cuarteto en la Web\" \/>\n<meta property=\"og:description\" content=\"Buenos Aires, 1\u00ba marzo (NA) \u2013 El primer lunes h\u00e1bil\" \/>\n<meta property=\"og:url\" content=\"https:\/\/cuartetoenlaweb.com.ar\/sitio\/paro-nacional-docente-cuantas-provincias-comenzaran-la-semana-sin-clases\/\" \/>\n<meta property=\"og:site_name\" content=\"Cuarteto en la Web\" \/>\n<meta property=\"article:published_time\" content=\"2026-03-01T21:00:24+00:00\" \/>\n<meta property=\"og:image\" content=\"https:\/\/cuartetoenlaweb.com.ar\/sitio\/wp-content\/uploads\/2026\/03\/720-10.jpeg\" \/>\n\t<meta property=\"og:image:width\" content=\"1280\" \/>\n\t<meta property=\"og:image:height\" content=\"611\" \/>\n\t<meta property=\"og:image:type\" content=\"image\/jpeg\" \/>\n<meta name=\"twitter:card\" content=\"summary_large_image\" \/>\n<meta name=\"twitter:label1\" content=\"Tiempo de lectura\" \/>\n\t<meta name=\"twitter:data1\" content=\"2 minutos\" \/>\n<script type=\"application\/ld+json\" class=\"yoast-schema-graph\">{\"@context\":\"https:\\\/\\\/schema.org\",\"@graph\":[{\"@type\":\"Article\",\"@id\":\"https:\\\/\\\/cuartetoenlaweb.com.ar\\\/sitio\\\/paro-nacional-docente-cuantas-provincias-comenzaran-la-semana-sin-clases\\\/#article\",\"isPartOf\":{\"@id\":\"https:\\\/\\\/cuartetoenlaweb.com.ar\\\/sitio\\\/paro-nacional-docente-cuantas-provincias-comenzaran-la-semana-sin-clases\\\/\"},\"author\":{\"name\":\"\",\"@id\":\"\"},\"headline\":\"Paro nacional docente: \u00bfCu\u00e1ntas provincias comenzar\u00e1n la semana sin clases?\",\"datePublished\":\"2026-03-01T21:00:24+00:00\",\"mainEntityOfPage\":{\"@id\":\"https:\\\/\\\/cuartetoenlaweb.com.ar\\\/sitio\\\/paro-nacional-docente-cuantas-provincias-comenzaran-la-semana-sin-clases\\\/\"},\"wordCount\":337,\"publisher\":{\"@id\":\"https:\\\/\\\/cuartetoenlaweb.com.ar\\\/sitio\\\/#organization\"},\"image\":{\"@id\":\"https:\\\/\\\/cuartetoenlaweb.com.ar\\\/sitio\\\/paro-nacional-docente-cuantas-provincias-comenzaran-la-semana-sin-clases\\\/#primaryimage\"},\"thumbnailUrl\":\"https:\\\/\\\/cuartetoenlaweb.com.ar\\\/sitio\\\/wp-content\\\/uploads\\\/2026\\\/03\\\/720-10.jpeg\",\"articleSection\":[\"PAIS\"],\"inLanguage\":\"es\"},{\"@type\":\"WebPage\",\"@id\":\"https:\\\/\\\/cuartetoenlaweb.com.ar\\\/sitio\\\/paro-nacional-docente-cuantas-provincias-comenzaran-la-semana-sin-clases\\\/\",\"url\":\"https:\\\/\\\/cuartetoenlaweb.com.ar\\\/sitio\\\/paro-nacional-docente-cuantas-provincias-comenzaran-la-semana-sin-clases\\\/\",\"name\":\"Paro nacional docente: \u00bfCu\u00e1ntas provincias comenzar\u00e1n la semana sin clases? - Cuarteto en la Web\",\"isPartOf\":{\"@id\":\"https:\\\/\\\/cuartetoenlaweb.com.ar\\\/sitio\\\/#website\"},\"primaryImageOfPage\":{\"@id\":\"https:\\\/\\\/cuartetoenlaweb.com.ar\\\/sitio\\\/paro-nacional-docente-cuantas-provincias-comenzaran-la-semana-sin-clases\\\/#primaryimage\"},\"image\":{\"@id\":\"https:\\\/\\\/cuartetoenlaweb.com.ar\\\/sitio\\\/paro-nacional-docente-cuantas-provincias-comenzaran-la-semana-sin-clases\\\/#primaryimage\"},\"thumbnailUrl\":\"https:\\\/\\\/cuartetoenlaweb.com.ar\\\/sitio\\\/wp-content\\\/uploads\\\/2026\\\/03\\\/720-10.jpeg\",\"datePublished\":\"2026-03-01T21:00:24+00:00\",\"breadcrumb\":{\"@id\":\"https:\\\/\\\/cuartetoenlaweb.com.ar\\\/sitio\\\/paro-nacional-docente-cuantas-provincias-comenzaran-la-semana-sin-clases\\\/#breadcrumb\"},\"inLanguage\":\"es\",\"potentialAction\":[{\"@type\":\"ReadAction\",\"target\":[\"https:\\\/\\\/cuartetoenlaweb.com.ar\\\/sitio\\\/paro-nacional-docente-cuantas-provincias-comenzaran-la-semana-sin-clases\\\/\"]}]},{\"@type\":\"ImageObject\",\"inLanguage\":\"es\",\"@id\":\"https:\\\/\\\/cuartetoenlaweb.com.ar\\\/sitio\\\/paro-nacional-docente-cuantas-provincias-comenzaran-la-semana-sin-clases\\\/#primaryimage\",\"url\":\"https:\\\/\\\/cuartetoenlaweb.com.ar\\\/sitio\\\/wp-content\\\/uploads\\\/2026\\\/03\\\/720-10.jpeg\",\"contentUrl\":\"https:\\\/\\\/cuartetoenlaweb.com.ar\\\/sitio\\\/wp-content\\\/uploads\\\/2026\\\/03\\\/720-10.jpeg\",\"width\":1280,\"height\":611},{\"@type\":\"BreadcrumbList\",\"@id\":\"https:\\\/\\\/cuartetoenlaweb.com.ar\\\/sitio\\\/paro-nacional-docente-cuantas-provincias-comenzaran-la-semana-sin-clases\\\/#breadcrumb\",\"itemListElement\":[{\"@type\":\"ListItem\",\"position\":1,\"name\":\"Portada\",\"item\":\"https:\\\/\\\/cuartetoenlaweb.com.ar\\\/sitio\\\/\"},{\"@type\":\"ListItem\",\"position\":2,\"name\":\"Paro nacional docente: \u00bfCu\u00e1ntas provincias comenzar\u00e1n la semana sin clases?\"}]},{\"@type\":\"WebSite\",\"@id\":\"https:\\\/\\\/cuartetoenlaweb.com.ar\\\/sitio\\\/#website\",\"url\":\"https:\\\/\\\/cuartetoenlaweb.com.ar\\\/sitio\\\/\",\"name\":\"Cuarteto en la Web\",\"description\":\"\",\"publisher\":{\"@id\":\"https:\\\/\\\/cuartetoenlaweb.com.ar\\\/sitio\\\/#organization\"},\"potentialAction\":[{\"@type\":\"SearchAction\",\"target\":{\"@type\":\"EntryPoint\",\"urlTemplate\":\"https:\\\/\\\/cuartetoenlaweb.com.ar\\\/sitio\\\/?s={search_term_string}\"},\"query-input\":{\"@type\":\"PropertyValueSpecification\",\"valueRequired\":true,\"valueName\":\"search_term_string\"}}],\"inLanguage\":\"es\"},{\"@type\":\"Organization\",\"@id\":\"https:\\\/\\\/cuartetoenlaweb.com.ar\\\/sitio\\\/#organization\",\"name\":\"Cuarteto en la Web\",\"url\":\"https:\\\/\\\/cuartetoenlaweb.com.ar\\\/sitio\\\/\",\"logo\":{\"@type\":\"ImageObject\",\"inLanguage\":\"es\",\"@id\":\"https:\\\/\\\/cuartetoenlaweb.com.ar\\\/sitio\\\/#\\\/schema\\\/logo\\\/image\\\/\",\"url\":\"https:\\\/\\\/cuartetoenlaweb.com.ar\\\/sitio\\\/wp-content\\\/uploads\\\/2025\\\/07\\\/cropped-cropped-logitoweb21.png\",\"contentUrl\":\"https:\\\/\\\/cuartetoenlaweb.com.ar\\\/sitio\\\/wp-content\\\/uploads\\\/2025\\\/07\\\/cropped-cropped-logitoweb21.png\",\"width\":199,\"height\":199,\"caption\":\"Cuarteto en la Web\"},\"image\":{\"@id\":\"https:\\\/\\\/cuartetoenlaweb.com.ar\\\/sitio\\\/#\\\/schema\\\/logo\\\/image\\\/\"}}]}<\/script>\n<!-- \/ Yoast SEO plugin. -->","yoast_head_json":{"title":"Paro nacional docente: \u00bfCu\u00e1ntas provincias comenzar\u00e1n la semana sin clases? - Cuarteto en la Web","robots":{"index":"index","follow":"follow","max-snippet":"max-snippet:-1","max-image-preview":"max-image-preview:large","max-video-preview":"max-video-preview:-1"},"canonical":"https:\/\/cuartetoenlaweb.com.ar\/sitio\/paro-nacional-docente-cuantas-provincias-comenzaran-la-semana-sin-clases\/","og_locale":"es_ES","og_type":"article","og_title":"Paro nacional docente: \u00bfCu\u00e1ntas provincias comenzar\u00e1n la semana sin clases? - Cuarteto en la Web","og_description":"Buenos Aires, 1\u00ba marzo (NA) \u2013 El primer lunes h\u00e1bil","og_url":"https:\/\/cuartetoenlaweb.com.ar\/sitio\/paro-nacional-docente-cuantas-provincias-comenzaran-la-semana-sin-clases\/","og_site_name":"Cuarteto en la Web","article_published_time":"2026-03-01T21:00:24+00:00","og_image":[{"width":1280,"height":611,"url":"https:\/\/cuartetoenlaweb.com.ar\/sitio\/wp-content\/uploads\/2026\/03\/720-10.jpeg","type":"image\/jpeg"}],"twitter_card":"summary_large_image","twitter_misc":{"Tiempo de lectura":"2 minutos"},"schema":{"@context":"https:\/\/schema.org","@graph":[{"@type":"Article","@id":"https:\/\/cuartetoenlaweb.com.ar\/sitio\/paro-nacional-docente-cuantas-provincias-comenzaran-la-semana-sin-clases\/#article","isPartOf":{"@id":"https:\/\/cuartetoenlaweb.com.ar\/sitio\/paro-nacional-docente-cuantas-provincias-comenzaran-la-semana-sin-clases\/"},"author":{"name":"","@id":""},"headline":"Paro nacional docente: \u00bfCu\u00e1ntas provincias comenzar\u00e1n la semana sin clases?","datePublished":"2026-03-01T21:00:24+00:00","mainEntityOfPage":{"@id":"https:\/\/cuartetoenlaweb.com.ar\/sitio\/paro-nacional-docente-cuantas-provincias-comenzaran-la-semana-sin-clases\/"},"wordCount":337,"publisher":{"@id":"https:\/\/cuartetoenlaweb.com.ar\/sitio\/#organization"},"image":{"@id":"https:\/\/cuartetoenlaweb.com.ar\/sitio\/paro-nacional-docente-cuantas-provincias-comenzaran-la-semana-sin-clases\/#primaryimage"},"thumbnailUrl":"https:\/\/cuartetoenlaweb.com.ar\/sitio\/wp-content\/uploads\/2026\/03\/720-10.jpeg","articleSection":["PAIS"],"inLanguage":"es"},{"@type":"WebPage","@id":"https:\/\/cuartetoenlaweb.com.ar\/sitio\/paro-nacional-docente-cuantas-provincias-comenzaran-la-semana-sin-clases\/","url":"https:\/\/cuartetoenlaweb.com.ar\/sitio\/paro-nacional-docente-cuantas-provincias-comenzaran-la-semana-sin-clases\/","name":"Paro nacional docente: \u00bfCu\u00e1ntas provincias comenzar\u00e1n la semana sin clases? - Cuarteto en la Web","isPartOf":{"@id":"https:\/\/cuartetoenlaweb.com.ar\/sitio\/#website"},"primaryImageOfPage":{"@id":"https:\/\/cuartetoenlaweb.com.ar\/sitio\/paro-nacional-docente-cuantas-provincias-comenzaran-la-semana-sin-clases\/#primaryimage"},"image":{"@id":"https:\/\/cuartetoenlaweb.com.ar\/sitio\/paro-nacional-docente-cuantas-provincias-comenzaran-la-semana-sin-clases\/#primaryimage"},"thumbnailUrl":"https:\/\/cuartetoenlaweb.com.ar\/sitio\/wp-content\/uploads\/2026\/03\/720-10.jpeg","datePublished":"2026-03-01T21:00:24+00:00","breadcrumb":{"@id":"https:\/\/cuartetoenlaweb.com.ar\/sitio\/paro-nacional-docente-cuantas-provincias-comenzaran-la-semana-sin-clases\/#breadcrumb"},"inLanguage":"es","potentialAction":[{"@type":"ReadAction","target":["https:\/\/cuartetoenlaweb.com.ar\/sitio\/paro-nacional-docente-cuantas-provincias-comenzaran-la-semana-sin-clases\/"]}]},{"@type":"ImageObject","inLanguage":"es","@id":"https:\/\/cuartetoenlaweb.com.ar\/sitio\/paro-nacional-docente-cuantas-provincias-comenzaran-la-semana-sin-clases\/#primaryimage","url":"https:\/\/cuartetoenlaweb.com.ar\/sitio\/wp-content\/uploads\/2026\/03\/720-10.jpeg","contentUrl":"https:\/\/cuartetoenlaweb.com.ar\/sitio\/wp-content\/uploads\/2026\/03\/720-10.jpeg","width":1280,"height":611},{"@type":"BreadcrumbList","@id":"https:\/\/cuartetoenlaweb.com.ar\/sitio\/paro-nacional-docente-cuantas-provincias-comenzaran-la-semana-sin-clases\/#breadcrumb","itemListElement":[{"@type":"ListItem","position":1,"name":"Portada","item":"https:\/\/cuartetoenlaweb.com.ar\/sitio\/"},{"@type":"ListItem","position":2,"name":"Paro nacional docente: \u00bfCu\u00e1ntas provincias comenzar\u00e1n la semana sin clases?"}]},{"@type":"WebSite","@id":"https:\/\/cuartetoenlaweb.com.ar\/sitio\/#website","url":"https:\/\/cuartetoenlaweb.com.ar\/sitio\/","name":"Cuarteto en la Web","description":"","publisher":{"@id":"https:\/\/cuartetoenlaweb.com.ar\/sitio\/#organization"},"potentialAction":[{"@type":"SearchAction","target":{"@type":"EntryPoint","urlTemplate":"https:\/\/cuartetoenlaweb.com.ar\/sitio\/?s={search_term_string}"},"query-input":{"@type":"PropertyValueSpecification","valueRequired":true,"valueName":"search_term_string"}}],"inLanguage":"es"},{"@type":"Organization","@id":"https:\/\/cuartetoenlaweb.com.ar\/sitio\/#organization","name":"Cuarteto en la Web","url":"https:\/\/cuartetoenlaweb.com.ar\/sitio\/","logo":{"@type":"ImageObject","inLanguage":"es","@id":"https:\/\/cuartetoenlaweb.com.ar\/sitio\/#\/schema\/logo\/image\/","url":"https:\/\/cuartetoenlaweb.com.ar\/sitio\/wp-content\/uploads\/2025\/07\/cropped-cropped-logitoweb21.png","contentUrl":"https:\/\/cuartetoenlaweb.com.ar\/sitio\/wp-content\/uploads\/2025\/07\/cropped-cropped-logitoweb21.png","width":199,"height":199,"caption":"Cuarteto en la Web"},"image":{"@id":"https:\/\/cuartetoenlaweb.com.ar\/sitio\/#\/schema\/logo\/image\/"}}]}},"_links":{"self":[{"href":"https:\/\/cuartetoenlaweb.com.ar\/sitio\/wp-json\/wp\/v2\/posts\/13203","targetHints":{"allow":["GET"]}}],"collection":[{"href":"https:\/\/cuartetoenlaweb.com.ar\/sitio\/wp-json\/wp\/v2\/posts"}],"about":[{"href":"https:\/\/cuartetoenlaweb.com.ar\/sitio\/wp-json\/wp\/v2\/types\/post"}],"replies":[{"embeddable":true,"href":"https:\/\/cuartetoenlaweb.com.ar\/sitio\/wp-json\/wp\/v2\/comments?post=13203"}],"version-history":[{"count":0,"href":"https:\/\/cuartetoenlaweb.com.ar\/sitio\/wp-json\/wp\/v2\/posts\/13203\/revisions"}],"wp:featuredmedia":[{"embeddable":true,"href":"https:\/\/cuartetoenlaweb.com.ar\/sitio\/wp-json\/wp\/v2\/media\/13204"}],"wp:attachment":[{"href":"https:\/\/cuartetoenlaweb.com.ar\/sitio\/wp-json\/wp\/v2\/media?parent=13203"}],"wp:term":[{"taxonomy":"category","embeddable":true,"href":"https:\/\/cuartetoenlaweb.com.ar\/sitio\/wp-json\/wp\/v2\/categories?post=13203"},{"taxonomy":"post_tag","embeddable":true,"href":"https:\/\/cuartetoenlaweb.com.ar\/sitio\/wp-json\/wp\/v2\/tags?post=13203"}],"curies":[{"name":"wp","href":"https:\/\/api.w.org\/{rel}","templated":true}]}}