
{"id":12549,"date":"2026-02-23T13:00:39","date_gmt":"2026-02-23T16:00:39","guid":{"rendered":"https:\/\/cuartetoenlaweb.com.ar\/sitio\/tras-el-incidente-con-vinicius-prestianni-fue-sancionado-y-no-estara-ante-el-real-madrid\/"},"modified":"2026-02-23T13:00:39","modified_gmt":"2026-02-23T16:00:39","slug":"tras-el-incidente-con-vinicius-prestianni-fue-sancionado-y-no-estara-ante-el-real-madrid","status":"publish","type":"post","link":"https:\/\/cuartetoenlaweb.com.ar\/sitio\/tras-el-incidente-con-vinicius-prestianni-fue-sancionado-y-no-estara-ante-el-real-madrid\/","title":{"rendered":"Tras el incidente con Vinicius, Prestianni fue sancionado y no estar\u00e1 ante el Real Madrid"},"content":{"rendered":"<p><img decoding=\"async\" src=\"https:\/\/alpha-assets.tadevel-cdn.com\/6995cfe4c331fb251808331b\/720.jpeg\" \/><\/p>\n<p>Buenos Aires, 23 febrero (NA) \u2013 El futbolista argentino Gianluca Prestianni fue suspendido provisionalmente por la UEFA tras el incidente con Vinicius en el partido de la ida de la Champions League, por lo cual no estar\u00e1 en el encuentro de vuelta que se llevar\u00e1 a cabo este martes ante el Real Madrid en el Santiago Bernabeu, mientras que el Benfica revel\u00f3 que apelar\u00e1 la medida<\/p>\n<p>\u201cTras el nombramiento de un Inspector de \u00c9tica y Disciplina de la UEFA (EDI) para investigar las acusaciones de comportamiento discriminatorio durante el partido de la Liga de Campeones 2025\/2026 de la UEFA entre el SL Benfica y el Real Madrid CF el 17 de febrero de 2026, y a petici\u00f3n del EDI con un informe provisional, el Organismo de Control, \u00c9tica y Disciplinario de la UEFA (CEDB) decidi\u00f3 hoy suspender provisionalmente al Sr. Gianluca Prestianni\u00bb, indic\u00f3 la entidad.<\/p>\n<p>En un escrito al que accedi\u00f3 la Agencia Noticias Argentinas, a\u00f1adi\u00f3 que la suspensi\u00f3n es \u00abpara el pr\u00f3ximo partido de competici\u00f3n de clubes de la UEFA para el que de otro modo ser\u00eda elegible por la violaci\u00f3n prima facie del Art\u00edculo 14 del Reglamento Disciplinario de la UEFA (DR) relacionado con un comportamiento discriminatorio\u201d.<\/p>\n<p>En tanto, trascendi\u00f3 que Prestianni podr\u00eda tener que afrontar alguna otra sanci\u00f3n, mientras que no se descartaba que tambi\u00e9n haya posibles multas, porque la investigaci\u00f3n sobre el caso a\u00fan est\u00e1 abierta, seg\u00fan manifest\u00f3 la UEFA.<\/p>\n<p>\u201cEsto se entiende sin perjuicio de cualquier decisi\u00f3n que los \u00f3rganos disciplinarios de la UEFA puedan tomar posteriormente tras la conclusi\u00f3n de la investigaci\u00f3n en curso y su respectiva presentaci\u00f3n a los \u00f3rganos disciplinarios de la UEFA\u201d, culmin\u00f3 el escrito.<\/p>\n<p>LA RESPUESTA DEL BENFICA<\/p>\n<p>Tras conocerse la suspensi\u00f3n, el club de Portugal sali\u00f3 al cruce con un comunicado en el que expres\u00f3: \u201cEl Benfica ha tenido conocimiento de la decisi\u00f3n de la UEFA de aplicar una suspensi\u00f3n provisional de un partido a su jugador Gianluca Prestianni, en el marco de la investigaci\u00f3n en curso relativa al incidente ocurrido en el partido frente al Real Madrid\u201d.<\/p>\n<p>\u201cEl Club lamenta verse privado del jugador mientras el proceso sigue a\u00fan en investigaci\u00f3n y recurrir\u00e1 esta decisi\u00f3n de la UEFA, aunque dif\u00edcilmente los plazos implicados tendr\u00e1n alg\u00fan efecto pr\u00e1ctico para el partido de vuelta del play-off de la Liga de Campeones. El Benfica reafirma asimismo su compromiso inquebrantable en la lucha contra cualquier forma de racismo o discriminaci\u00f3n, valores que forman parte de su identidad hist\u00f3rica y que se reflejan en su acci\u00f3n cotidiana, en su comunidad global, en el trabajo de la Fundaci\u00f3n Benfica y en figuras mayores de la historia del Club, como Eus\u00e9bio\u00bb, asever\u00f3.<\/p>\n<p>#AgenciaNA<\/p>\n","protected":false},"excerpt":{"rendered":"<p>Buenos Aires, 23 febrero (NA) \u2013 El futbolista argentino Gianluca<\/p>\n","protected":false},"author":0,"featured_media":12550,"comment_status":"","ping_status":"","sticky":false,"template":"","format":"standard","meta":{"footnotes":""},"categories":[229],"tags":[],"class_list":["post-12549","post","type-post","status-publish","format-standard","has-post-thumbnail","hentry","category-deportes"],"yoast_head":"<!-- This site is optimized with the Yoast SEO plugin v27.5 - https:\/\/yoast.com\/product\/yoast-seo-wordpress\/ -->\n<title>Tras el incidente con Vinicius, Prestianni fue sancionado y no estar\u00e1 ante el Real Madrid - Cuarteto en la Web<\/title>\n<meta name=\"robots\" content=\"index, follow, max-snippet:-1, max-image-preview:large, max-video-preview:-1\" \/>\n<link rel=\"canonical\" href=\"https:\/\/cuartetoenlaweb.com.ar\/sitio\/tras-el-incidente-con-vinicius-prestianni-fue-sancionado-y-no-estara-ante-el-real-madrid\/\" \/>\n<meta property=\"og:locale\" content=\"es_ES\" \/>\n<meta property=\"og:type\" content=\"article\" \/>\n<meta property=\"og:title\" content=\"Tras el incidente con Vinicius, Prestianni fue sancionado y no estar\u00e1 ante el Real Madrid - Cuarteto en la Web\" \/>\n<meta property=\"og:description\" content=\"Buenos Aires, 23 febrero (NA) \u2013 El futbolista argentino Gianluca\" \/>\n<meta property=\"og:url\" content=\"https:\/\/cuartetoenlaweb.com.ar\/sitio\/tras-el-incidente-con-vinicius-prestianni-fue-sancionado-y-no-estara-ante-el-real-madrid\/\" \/>\n<meta property=\"og:site_name\" content=\"Cuarteto en la Web\" \/>\n<meta property=\"article:published_time\" content=\"2026-02-23T16:00:39+00:00\" \/>\n<meta property=\"og:image\" content=\"https:\/\/cuartetoenlaweb.com.ar\/sitio\/wp-content\/uploads\/2026\/02\/720-315.jpeg\" \/>\n\t<meta property=\"og:image:width\" content=\"1082\" \/>\n\t<meta property=\"og:image:height\" content=\"720\" \/>\n\t<meta property=\"og:image:type\" content=\"image\/jpeg\" \/>\n<meta name=\"twitter:card\" content=\"summary_large_image\" \/>\n<meta name=\"twitter:label1\" content=\"Tiempo de lectura\" \/>\n\t<meta name=\"twitter:data1\" content=\"2 minutos\" \/>\n<script type=\"application\/ld+json\" class=\"yoast-schema-graph\">{\"@context\":\"https:\\\/\\\/schema.org\",\"@graph\":[{\"@type\":\"Article\",\"@id\":\"https:\\\/\\\/cuartetoenlaweb.com.ar\\\/sitio\\\/tras-el-incidente-con-vinicius-prestianni-fue-sancionado-y-no-estara-ante-el-real-madrid\\\/#article\",\"isPartOf\":{\"@id\":\"https:\\\/\\\/cuartetoenlaweb.com.ar\\\/sitio\\\/tras-el-incidente-con-vinicius-prestianni-fue-sancionado-y-no-estara-ante-el-real-madrid\\\/\"},\"author\":{\"name\":\"\",\"@id\":\"\"},\"headline\":\"Tras el incidente con Vinicius, Prestianni fue sancionado y no estar\u00e1 ante el Real Madrid\",\"datePublished\":\"2026-02-23T16:00:39+00:00\",\"mainEntityOfPage\":{\"@id\":\"https:\\\/\\\/cuartetoenlaweb.com.ar\\\/sitio\\\/tras-el-incidente-con-vinicius-prestianni-fue-sancionado-y-no-estara-ante-el-real-madrid\\\/\"},\"wordCount\":481,\"publisher\":{\"@id\":\"https:\\\/\\\/cuartetoenlaweb.com.ar\\\/sitio\\\/#organization\"},\"image\":{\"@id\":\"https:\\\/\\\/cuartetoenlaweb.com.ar\\\/sitio\\\/tras-el-incidente-con-vinicius-prestianni-fue-sancionado-y-no-estara-ante-el-real-madrid\\\/#primaryimage\"},\"thumbnailUrl\":\"https:\\\/\\\/cuartetoenlaweb.com.ar\\\/sitio\\\/wp-content\\\/uploads\\\/2026\\\/02\\\/720-315.jpeg\",\"articleSection\":[\"DEPORTES\"],\"inLanguage\":\"es\"},{\"@type\":\"WebPage\",\"@id\":\"https:\\\/\\\/cuartetoenlaweb.com.ar\\\/sitio\\\/tras-el-incidente-con-vinicius-prestianni-fue-sancionado-y-no-estara-ante-el-real-madrid\\\/\",\"url\":\"https:\\\/\\\/cuartetoenlaweb.com.ar\\\/sitio\\\/tras-el-incidente-con-vinicius-prestianni-fue-sancionado-y-no-estara-ante-el-real-madrid\\\/\",\"name\":\"Tras el incidente con Vinicius, Prestianni fue sancionado y no estar\u00e1 ante el Real Madrid - Cuarteto en la Web\",\"isPartOf\":{\"@id\":\"https:\\\/\\\/cuartetoenlaweb.com.ar\\\/sitio\\\/#website\"},\"primaryImageOfPage\":{\"@id\":\"https:\\\/\\\/cuartetoenlaweb.com.ar\\\/sitio\\\/tras-el-incidente-con-vinicius-prestianni-fue-sancionado-y-no-estara-ante-el-real-madrid\\\/#primaryimage\"},\"image\":{\"@id\":\"https:\\\/\\\/cuartetoenlaweb.com.ar\\\/sitio\\\/tras-el-incidente-con-vinicius-prestianni-fue-sancionado-y-no-estara-ante-el-real-madrid\\\/#primaryimage\"},\"thumbnailUrl\":\"https:\\\/\\\/cuartetoenlaweb.com.ar\\\/sitio\\\/wp-content\\\/uploads\\\/2026\\\/02\\\/720-315.jpeg\",\"datePublished\":\"2026-02-23T16:00:39+00:00\",\"breadcrumb\":{\"@id\":\"https:\\\/\\\/cuartetoenlaweb.com.ar\\\/sitio\\\/tras-el-incidente-con-vinicius-prestianni-fue-sancionado-y-no-estara-ante-el-real-madrid\\\/#breadcrumb\"},\"inLanguage\":\"es\",\"potentialAction\":[{\"@type\":\"ReadAction\",\"target\":[\"https:\\\/\\\/cuartetoenlaweb.com.ar\\\/sitio\\\/tras-el-incidente-con-vinicius-prestianni-fue-sancionado-y-no-estara-ante-el-real-madrid\\\/\"]}]},{\"@type\":\"ImageObject\",\"inLanguage\":\"es\",\"@id\":\"https:\\\/\\\/cuartetoenlaweb.com.ar\\\/sitio\\\/tras-el-incidente-con-vinicius-prestianni-fue-sancionado-y-no-estara-ante-el-real-madrid\\\/#primaryimage\",\"url\":\"https:\\\/\\\/cuartetoenlaweb.com.ar\\\/sitio\\\/wp-content\\\/uploads\\\/2026\\\/02\\\/720-315.jpeg\",\"contentUrl\":\"https:\\\/\\\/cuartetoenlaweb.com.ar\\\/sitio\\\/wp-content\\\/uploads\\\/2026\\\/02\\\/720-315.jpeg\",\"width\":1082,\"height\":720},{\"@type\":\"BreadcrumbList\",\"@id\":\"https:\\\/\\\/cuartetoenlaweb.com.ar\\\/sitio\\\/tras-el-incidente-con-vinicius-prestianni-fue-sancionado-y-no-estara-ante-el-real-madrid\\\/#breadcrumb\",\"itemListElement\":[{\"@type\":\"ListItem\",\"position\":1,\"name\":\"Portada\",\"item\":\"https:\\\/\\\/cuartetoenlaweb.com.ar\\\/sitio\\\/\"},{\"@type\":\"ListItem\",\"position\":2,\"name\":\"Tras el incidente con Vinicius, Prestianni fue sancionado y no estar\u00e1 ante el Real Madrid\"}]},{\"@type\":\"WebSite\",\"@id\":\"https:\\\/\\\/cuartetoenlaweb.com.ar\\\/sitio\\\/#website\",\"url\":\"https:\\\/\\\/cuartetoenlaweb.com.ar\\\/sitio\\\/\",\"name\":\"Cuarteto en la Web\",\"description\":\"\",\"publisher\":{\"@id\":\"https:\\\/\\\/cuartetoenlaweb.com.ar\\\/sitio\\\/#organization\"},\"potentialAction\":[{\"@type\":\"SearchAction\",\"target\":{\"@type\":\"EntryPoint\",\"urlTemplate\":\"https:\\\/\\\/cuartetoenlaweb.com.ar\\\/sitio\\\/?s={search_term_string}\"},\"query-input\":{\"@type\":\"PropertyValueSpecification\",\"valueRequired\":true,\"valueName\":\"search_term_string\"}}],\"inLanguage\":\"es\"},{\"@type\":\"Organization\",\"@id\":\"https:\\\/\\\/cuartetoenlaweb.com.ar\\\/sitio\\\/#organization\",\"name\":\"Cuarteto en la Web\",\"url\":\"https:\\\/\\\/cuartetoenlaweb.com.ar\\\/sitio\\\/\",\"logo\":{\"@type\":\"ImageObject\",\"inLanguage\":\"es\",\"@id\":\"https:\\\/\\\/cuartetoenlaweb.com.ar\\\/sitio\\\/#\\\/schema\\\/logo\\\/image\\\/\",\"url\":\"https:\\\/\\\/cuartetoenlaweb.com.ar\\\/sitio\\\/wp-content\\\/uploads\\\/2025\\\/07\\\/cropped-cropped-logitoweb21.png\",\"contentUrl\":\"https:\\\/\\\/cuartetoenlaweb.com.ar\\\/sitio\\\/wp-content\\\/uploads\\\/2025\\\/07\\\/cropped-cropped-logitoweb21.png\",\"width\":199,\"height\":199,\"caption\":\"Cuarteto en la Web\"},\"image\":{\"@id\":\"https:\\\/\\\/cuartetoenlaweb.com.ar\\\/sitio\\\/#\\\/schema\\\/logo\\\/image\\\/\"}}]}<\/script>\n<!-- \/ Yoast SEO plugin. -->","yoast_head_json":{"title":"Tras el incidente con Vinicius, Prestianni fue sancionado y no estar\u00e1 ante el Real Madrid - Cuarteto en la Web","robots":{"index":"index","follow":"follow","max-snippet":"max-snippet:-1","max-image-preview":"max-image-preview:large","max-video-preview":"max-video-preview:-1"},"canonical":"https:\/\/cuartetoenlaweb.com.ar\/sitio\/tras-el-incidente-con-vinicius-prestianni-fue-sancionado-y-no-estara-ante-el-real-madrid\/","og_locale":"es_ES","og_type":"article","og_title":"Tras el incidente con Vinicius, Prestianni fue sancionado y no estar\u00e1 ante el Real Madrid - Cuarteto en la Web","og_description":"Buenos Aires, 23 febrero (NA) \u2013 El futbolista argentino Gianluca","og_url":"https:\/\/cuartetoenlaweb.com.ar\/sitio\/tras-el-incidente-con-vinicius-prestianni-fue-sancionado-y-no-estara-ante-el-real-madrid\/","og_site_name":"Cuarteto en la Web","article_published_time":"2026-02-23T16:00:39+00:00","og_image":[{"width":1082,"height":720,"url":"https:\/\/cuartetoenlaweb.com.ar\/sitio\/wp-content\/uploads\/2026\/02\/720-315.jpeg","type":"image\/jpeg"}],"twitter_card":"summary_large_image","twitter_misc":{"Tiempo de lectura":"2 minutos"},"schema":{"@context":"https:\/\/schema.org","@graph":[{"@type":"Article","@id":"https:\/\/cuartetoenlaweb.com.ar\/sitio\/tras-el-incidente-con-vinicius-prestianni-fue-sancionado-y-no-estara-ante-el-real-madrid\/#article","isPartOf":{"@id":"https:\/\/cuartetoenlaweb.com.ar\/sitio\/tras-el-incidente-con-vinicius-prestianni-fue-sancionado-y-no-estara-ante-el-real-madrid\/"},"author":{"name":"","@id":""},"headline":"Tras el incidente con Vinicius, Prestianni fue sancionado y no estar\u00e1 ante el Real Madrid","datePublished":"2026-02-23T16:00:39+00:00","mainEntityOfPage":{"@id":"https:\/\/cuartetoenlaweb.com.ar\/sitio\/tras-el-incidente-con-vinicius-prestianni-fue-sancionado-y-no-estara-ante-el-real-madrid\/"},"wordCount":481,"publisher":{"@id":"https:\/\/cuartetoenlaweb.com.ar\/sitio\/#organization"},"image":{"@id":"https:\/\/cuartetoenlaweb.com.ar\/sitio\/tras-el-incidente-con-vinicius-prestianni-fue-sancionado-y-no-estara-ante-el-real-madrid\/#primaryimage"},"thumbnailUrl":"https:\/\/cuartetoenlaweb.com.ar\/sitio\/wp-content\/uploads\/2026\/02\/720-315.jpeg","articleSection":["DEPORTES"],"inLanguage":"es"},{"@type":"WebPage","@id":"https:\/\/cuartetoenlaweb.com.ar\/sitio\/tras-el-incidente-con-vinicius-prestianni-fue-sancionado-y-no-estara-ante-el-real-madrid\/","url":"https:\/\/cuartetoenlaweb.com.ar\/sitio\/tras-el-incidente-con-vinicius-prestianni-fue-sancionado-y-no-estara-ante-el-real-madrid\/","name":"Tras el incidente con Vinicius, Prestianni fue sancionado y no estar\u00e1 ante el Real Madrid - Cuarteto en la Web","isPartOf":{"@id":"https:\/\/cuartetoenlaweb.com.ar\/sitio\/#website"},"primaryImageOfPage":{"@id":"https:\/\/cuartetoenlaweb.com.ar\/sitio\/tras-el-incidente-con-vinicius-prestianni-fue-sancionado-y-no-estara-ante-el-real-madrid\/#primaryimage"},"image":{"@id":"https:\/\/cuartetoenlaweb.com.ar\/sitio\/tras-el-incidente-con-vinicius-prestianni-fue-sancionado-y-no-estara-ante-el-real-madrid\/#primaryimage"},"thumbnailUrl":"https:\/\/cuartetoenlaweb.com.ar\/sitio\/wp-content\/uploads\/2026\/02\/720-315.jpeg","datePublished":"2026-02-23T16:00:39+00:00","breadcrumb":{"@id":"https:\/\/cuartetoenlaweb.com.ar\/sitio\/tras-el-incidente-con-vinicius-prestianni-fue-sancionado-y-no-estara-ante-el-real-madrid\/#breadcrumb"},"inLanguage":"es","potentialAction":[{"@type":"ReadAction","target":["https:\/\/cuartetoenlaweb.com.ar\/sitio\/tras-el-incidente-con-vinicius-prestianni-fue-sancionado-y-no-estara-ante-el-real-madrid\/"]}]},{"@type":"ImageObject","inLanguage":"es","@id":"https:\/\/cuartetoenlaweb.com.ar\/sitio\/tras-el-incidente-con-vinicius-prestianni-fue-sancionado-y-no-estara-ante-el-real-madrid\/#primaryimage","url":"https:\/\/cuartetoenlaweb.com.ar\/sitio\/wp-content\/uploads\/2026\/02\/720-315.jpeg","contentUrl":"https:\/\/cuartetoenlaweb.com.ar\/sitio\/wp-content\/uploads\/2026\/02\/720-315.jpeg","width":1082,"height":720},{"@type":"BreadcrumbList","@id":"https:\/\/cuartetoenlaweb.com.ar\/sitio\/tras-el-incidente-con-vinicius-prestianni-fue-sancionado-y-no-estara-ante-el-real-madrid\/#breadcrumb","itemListElement":[{"@type":"ListItem","position":1,"name":"Portada","item":"https:\/\/cuartetoenlaweb.com.ar\/sitio\/"},{"@type":"ListItem","position":2,"name":"Tras el incidente con Vinicius, Prestianni fue sancionado y no estar\u00e1 ante el Real Madrid"}]},{"@type":"WebSite","@id":"https:\/\/cuartetoenlaweb.com.ar\/sitio\/#website","url":"https:\/\/cuartetoenlaweb.com.ar\/sitio\/","name":"Cuarteto en la Web","description":"","publisher":{"@id":"https:\/\/cuartetoenlaweb.com.ar\/sitio\/#organization"},"potentialAction":[{"@type":"SearchAction","target":{"@type":"EntryPoint","urlTemplate":"https:\/\/cuartetoenlaweb.com.ar\/sitio\/?s={search_term_string}"},"query-input":{"@type":"PropertyValueSpecification","valueRequired":true,"valueName":"search_term_string"}}],"inLanguage":"es"},{"@type":"Organization","@id":"https:\/\/cuartetoenlaweb.com.ar\/sitio\/#organization","name":"Cuarteto en la Web","url":"https:\/\/cuartetoenlaweb.com.ar\/sitio\/","logo":{"@type":"ImageObject","inLanguage":"es","@id":"https:\/\/cuartetoenlaweb.com.ar\/sitio\/#\/schema\/logo\/image\/","url":"https:\/\/cuartetoenlaweb.com.ar\/sitio\/wp-content\/uploads\/2025\/07\/cropped-cropped-logitoweb21.png","contentUrl":"https:\/\/cuartetoenlaweb.com.ar\/sitio\/wp-content\/uploads\/2025\/07\/cropped-cropped-logitoweb21.png","width":199,"height":199,"caption":"Cuarteto en la Web"},"image":{"@id":"https:\/\/cuartetoenlaweb.com.ar\/sitio\/#\/schema\/logo\/image\/"}}]}},"_links":{"self":[{"href":"https:\/\/cuartetoenlaweb.com.ar\/sitio\/wp-json\/wp\/v2\/posts\/12549","targetHints":{"allow":["GET"]}}],"collection":[{"href":"https:\/\/cuartetoenlaweb.com.ar\/sitio\/wp-json\/wp\/v2\/posts"}],"about":[{"href":"https:\/\/cuartetoenlaweb.com.ar\/sitio\/wp-json\/wp\/v2\/types\/post"}],"replies":[{"embeddable":true,"href":"https:\/\/cuartetoenlaweb.com.ar\/sitio\/wp-json\/wp\/v2\/comments?post=12549"}],"version-history":[{"count":0,"href":"https:\/\/cuartetoenlaweb.com.ar\/sitio\/wp-json\/wp\/v2\/posts\/12549\/revisions"}],"wp:featuredmedia":[{"embeddable":true,"href":"https:\/\/cuartetoenlaweb.com.ar\/sitio\/wp-json\/wp\/v2\/media\/12550"}],"wp:attachment":[{"href":"https:\/\/cuartetoenlaweb.com.ar\/sitio\/wp-json\/wp\/v2\/media?parent=12549"}],"wp:term":[{"taxonomy":"category","embeddable":true,"href":"https:\/\/cuartetoenlaweb.com.ar\/sitio\/wp-json\/wp\/v2\/categories?post=12549"},{"taxonomy":"post_tag","embeddable":true,"href":"https:\/\/cuartetoenlaweb.com.ar\/sitio\/wp-json\/wp\/v2\/tags?post=12549"}],"curies":[{"name":"wp","href":"https:\/\/api.w.org\/{rel}","templated":true}]}}