
{"id":12546,"date":"2026-02-23T13:00:34","date_gmt":"2026-02-23T16:00:34","guid":{"rendered":"https:\/\/cuartetoenlaweb.com.ar\/sitio\/se-aceleran-los-armados-electorales-para-suceder-a-kicillof-en-la-provincia-de-buenos-aires\/"},"modified":"2026-02-23T13:00:34","modified_gmt":"2026-02-23T16:00:34","slug":"se-aceleran-los-armados-electorales-para-suceder-a-kicillof-en-la-provincia-de-buenos-aires","status":"publish","type":"post","link":"https:\/\/cuartetoenlaweb.com.ar\/sitio\/se-aceleran-los-armados-electorales-para-suceder-a-kicillof-en-la-provincia-de-buenos-aires\/","title":{"rendered":"Se aceleran los armados electorales para suceder a Kicillof en la provincia de Buenos Aires"},"content":{"rendered":"<p>LA PLATA.- <b>Axel Kicillof y Ver\u00f3nica Magario <\/b>no tienen reelecci\u00f3n. La Libertad Avanza (LLA) ya comenz\u00f3 la campa\u00f1a por la gobernaci\u00f3n de la provincia de Buenos Aires en 2027, mientras que en el peronismo los sectores en pugna se anotan para definir la sucesi\u00f3n.<\/p>\n<p>\u201cNo hay proyecto nacional de 2027 sin proyecto provincial en dos a\u00f1os\u201d, se escucha en el entorno m\u00e1s \u00edntimo de la gobernaci\u00f3n, en La Plata. \u201cPara que Axel pueda ser candidato nacional la provincia tiene que estar bien representada\u201d, sostienen los referentes de la mesa chica del gobernador. <\/p>\n<p><img loading=\"lazy\" decoding=\"async\" src=\"https:\/\/resizer.glanacion.com\/resizer\/v2\/2ZVLFP5HZZAGZLEHFSLHNLJ4OE.jpg?auth=e8fac4dd74db42e1f6f2bee5fc26fb638b5c704630797a24e4e54c724306e280&amp;smart=true&amp;width=6755&amp;height=4503\" alt=\"Kicillof y Magario no tienen reelecci\u00f3n y su sucesi\u00f3n ya est\u00e1 en disputa\" height=\"4503\" width=\"6755\" \/><\/p>\n<p>En este escenario, la posibilidad de desdoblar y anticipar los comicios provinciales emerge como una alternativa que nadie admitir\u00e1 a\u00fan, pero que ya se comenz\u00f3 a sopesar en privado. \u201cLa elecci\u00f3n de septiembre [del a\u00f1o pasado] fue muy buena y Axel qued\u00f3 satisfecho con la experiencia\u201d, deslizan quienes frecuentan al gobernador. <\/p>\n<p>Antes deber\u00e1 resolverse, adem\u00e1s, si se eliminan las Primarias Abiertas Simult\u00e1neas y Obligatorias (PASO) que por ahora est\u00e1n vigentes, ya que en 2025 se suspendieron por \u00fanica vez. <\/p>\n<p>Ya resuelta la pulseada con La C\u00e1mpora por la presidencia del Partido Justicialista (PJ), Kicillof espera poder <a href=\"https:\/\/www.lanacion.com.ar\/politica\/kicillof-se-enfoca-en-el-armado-nacional-y-prepara-su-desembarco-en-el-interior-tras-la-conquista-nid17022026\/\" target=\"_self\" rel=\"\" title=\"https:\/\/www.lanacion.com.ar\/politica\/kicillof-se-enfoca-en-el-armado-nacional-y-prepara-su-desembarco-en-el-interior-tras-la-conquista-nid17022026\/\">enfocarse ahora en el armado nacional<\/a> mientras se perfilan sus sucesores para ir por la gobernaci\u00f3n. <\/p>\n<p>\u201cA no bajar los brazos. Quedan dos a\u00f1os de esto, nada m\u00e1s\u201d, expres\u00f3 el mandatario la semana que pas\u00f3, cuando inst\u00f3 a salir a caminar para recuperar el gobierno nacional. <\/p>\n<p>En este esquema de movilizaci\u00f3n, el gobernador habilit\u00f3 a que caminen todos los aspirantes el territorio provincial, dado que es p\u00fablica la orden de <b>Javier Milei<\/b> de comenzar a trabajar para arrebatar la provincia al peronismo. <\/p>\n<p>Dos de los aspirantes de La Libertad Avanza &#8211;<b>Diego Santilli y Sebasti\u00e1n Pareja<\/b>&#8211; ya se mostraron con intenci\u00f3n de competir, durante el Derecha Fest de Mar del Plata. En el mismo espacio tambi\u00e9n tienen vocaci\u00f3n de liderar en el proyecto para desplazar al peronismo el exjefe de gabinete de la Naci\u00f3n Guillermo Francos m\u00e1s <b>Diego Valenzuela<\/b> y <b>Guillermo Montenegro,<\/b> dos exintendentes que participan del armado bonaerense de LLA. <\/p>\n<p><img loading=\"lazy\" decoding=\"async\" src=\"https:\/\/resizer.glanacion.com\/resizer\/v2\/ZZT5MGBXRBE57PSEOSPDNRWN5E.JPG?auth=be2052b7f1a0f5ba0184b6daed239f0072778d0819b62d84f2ac8f321311e9b2&amp;smart=true&amp;width=2000&amp;height=1333\" alt=\"Sebasti\u00e1n Pareja y Diego Santilli, dos de los varios aspitantes que tiene la LLA para ir por la gobernaci\u00f3n de Buenos Aires en 2027\n\" height=\"1333\" width=\"2000\" \/><\/p>\n<p>Mientras los tiempos de la alianza violeta se aceleran, el gobernador arma con los referentes del Movimiento Derecho al Futuro (MDF) la plataforma desde la que busca proyectarse para competir para llegar a la Casa Rosada. <\/p>\n<p>Son al menos cuatro los posibles aspirantes a suceder a Kicillof desde el MDF<b>: Jorge Ferraresi,<\/b> alcalde de Avellaneda y armador en la tercera secci\u00f3n del MDF, y <b>Gabriel Katopodis,<\/b> ministro de Infraestructura y Servicios, tambi\u00e9n armador del mismo movimiento en la primera secci\u00f3n. Ambos son de estrecha confianza del gobernador. <\/p>\n<p><img loading=\"lazy\" decoding=\"async\" src=\"https:\/\/resizer.glanacion.com\/resizer\/v2\/WLO2XN5JKVESJHNZEQDBIDG2XE.jpg?auth=e6a9710a752c3e1cd1bcd9398afcd8ee9738eabd6d1c2a3c50e303091f7d2f95&amp;smart=true&amp;width=2000&amp;height=1333\" alt=\"Kicillof y Ferraresi en Avellaneda\" height=\"1333\" width=\"2000\" \/><\/p>\n<p>En ese espacio, podr\u00edan emerger, tambi\u00e9n, como candidatos el ministro de gobierno y mano derecha de Kicillof, <b>Carlos Bianco, y el intendente de esta capital y armado del movimiento en la octava secci\u00f3n, <\/b>Julio Alak, aunque estos dos funcionarios, no hicieron gestos p\u00fablicos en ese sentido. <\/p>\n<p>Por cuerda separada, <b>Mayra Mendoza<\/b>, diputada provincial e intendente en uso de licencia de Quilmes, tambi\u00e9n aspira a construir un espacio competitivo en representaci\u00f3n de La C\u00e1mpora y con el aval de Cristina y <b>de M\u00e1ximo Kirchner<\/b>. En este mismo espacio se anota Eduardo Wado de Pedro.<\/p>\n<p><img loading=\"lazy\" decoding=\"async\" src=\"https:\/\/resizer.glanacion.com\/resizer\/v2\/33BLNWVAFJHVDGXYTKTE6PYXGA.JPG?auth=c9acbf6d9628bf42c502ee5c2296a8734dc81f9dad096700e582c7c8b6b2779a&amp;smart=true&amp;width=2000&amp;height=1333\" height=\"1333\" width=\"2000\" \/><\/p>\n<p><b>Mariel Fern\u00e1ndez,<\/b> intendente de Moreno e integrante del Movimiento Evita, ya arranc\u00f3 su carrera provincial. En ese distrito aparecieron carteles con la leyenda que anuncia su voluntad de levantar el perfil de representaci\u00f3n: \u201cSe viene Mariel\u201d. Su intenci\u00f3n era ir por el PJ bonaerense. <\/p>\n<p>Lejos de esa estructura, desde el Frente Renovador, Sergio Massa y Malena Galmarini buscar\u00e1n tener un espacio en la f\u00f3rmula con <b>Juan Andreott<\/b>i, intendente de San Fernando<b>. <\/b>En la primera secci\u00f3n electoral tambi\u00e9n se anota <b>Federico Achaval<\/b>, de Pilar. <\/p>\n<p>Tambi\u00e9n con ra\u00edz peronista aspira a competir <b>Fernando Gray<\/b>, que en la \u00faltima elecci\u00f3n fue por fuera del partido con el sello Somos Buenos Aires. <\/p>\n<p>A instancias del presidente <b>Javier Milei<\/b>, el ministro del Interior <b>Diego Santilli<\/b> y el armador <b>Sebasti\u00e1n Pareja<\/b> comenzaron a medirse en territorio y frente a la interna de La Libertad Avanza como posibles candidatos. <\/p>\n<p><b>Santilli y Pareja<\/b> iniciaron la campa\u00f1a para arrebatar el poder del peronismo en la provincia que gobierna<b> Axel Kicillof<\/b>, un desaf\u00edo que tomar\u00e1 volumen en los pr\u00f3ximos dos a\u00f1os. <\/p>\n<p>El presidente de La Libertad Avanza neg\u00f3 a <b>LA NACION<\/b> que ya est\u00e9 lanzado. Pero su discurso en Derecha Fest fue claro: \u201cE<b>n la provincia de Buenos Aires, el \u00faltimo reducto del kircherismo vamos a gobernar en 2027. Vamos a gobernar esta provincia, se lo puedo asegurar<\/b>\u201d, prometi\u00f3 como si ya fuera candidato. <\/p>\n<p>Pareja, que cuenta el aval de <b>Karina Milei,<\/b> dijo que \u201cA\u00fan no se defini\u00f3\u201d el candidato. <\/p>\n<p>Santilli, que gan\u00f3 como diputado en octubre \u00faltimo. tambi\u00e9n se lanz\u00f3 ante ese mismo auditorio de Mar del Plata. \u201c<b>Empecemos por ac\u00e1. Por todas las provincias que no quieren cambiar. Salgamos del sometimiento<\/b>\u201d, dijo el ministro del Interior.<\/p>\n<p>En tanto, <b>Valenzuela<\/b> dijo a <b>LA NACION<\/b>: \u201cYo siempre mostr\u00e9 mi vocaci\u00f3n de trabajar para desplazar al peronismo de la provincia de Buenos Aires\u201d. El ex alcalde de Tres de Febrero, uno de los primeros en saltar del Pro a la militancia de La Libertad Avanza, espera a\u00fan su designaci\u00f3n en Migraciones antes de volver a reactivar el chip electoral para 2027. <\/p>\n","protected":false},"excerpt":{"rendered":"<p>LA PLATA.- Axel Kicillof y Ver\u00f3nica Magario no tienen reelecci\u00f3n.<\/p>\n","protected":false},"author":0,"featured_media":0,"comment_status":"","ping_status":"","sticky":false,"template":"","format":"standard","meta":{"footnotes":""},"categories":[65],"tags":[],"class_list":["post-12546","post","type-post","status-publish","format-standard","hentry","category-pais"],"yoast_head":"<!-- This site is optimized with the Yoast SEO plugin v27.5 - https:\/\/yoast.com\/product\/yoast-seo-wordpress\/ -->\n<title>Se aceleran los armados electorales para suceder a Kicillof en la provincia de Buenos Aires - Cuarteto en la Web<\/title>\n<meta name=\"robots\" content=\"index, follow, max-snippet:-1, max-image-preview:large, max-video-preview:-1\" \/>\n<link rel=\"canonical\" href=\"http:\/\/cuartetoenlaweb.com.ar\/sitio\/se-aceleran-los-armados-electorales-para-suceder-a-kicillof-en-la-provincia-de-buenos-aires\/\" \/>\n<meta property=\"og:locale\" content=\"es_ES\" \/>\n<meta property=\"og:type\" content=\"article\" \/>\n<meta property=\"og:title\" content=\"Se aceleran los armados electorales para suceder a Kicillof en la provincia de Buenos Aires - Cuarteto en la Web\" \/>\n<meta property=\"og:description\" content=\"LA PLATA.- Axel Kicillof y Ver\u00f3nica Magario no tienen reelecci\u00f3n.\" \/>\n<meta property=\"og:url\" content=\"http:\/\/cuartetoenlaweb.com.ar\/sitio\/se-aceleran-los-armados-electorales-para-suceder-a-kicillof-en-la-provincia-de-buenos-aires\/\" \/>\n<meta property=\"og:site_name\" content=\"Cuarteto en la Web\" \/>\n<meta property=\"article:published_time\" content=\"2026-02-23T16:00:34+00:00\" \/>\n<meta property=\"og:image\" content=\"https:\/\/resizer.glanacion.com\/resizer\/v2\/2ZVLFP5HZZAGZLEHFSLHNLJ4OE.jpg?auth=e8fac4dd74db42e1f6f2bee5fc26fb638b5c704630797a24e4e54c724306e280&amp;smart=true&amp;width=6755&amp;height=4503\" \/>\n<meta name=\"twitter:card\" content=\"summary_large_image\" \/>\n<meta name=\"twitter:label1\" content=\"Tiempo de lectura\" \/>\n\t<meta name=\"twitter:data1\" content=\"5 minutos\" \/>\n<script type=\"application\/ld+json\" class=\"yoast-schema-graph\">{\"@context\":\"https:\\\/\\\/schema.org\",\"@graph\":[{\"@type\":\"Article\",\"@id\":\"http:\\\/\\\/cuartetoenlaweb.com.ar\\\/sitio\\\/se-aceleran-los-armados-electorales-para-suceder-a-kicillof-en-la-provincia-de-buenos-aires\\\/#article\",\"isPartOf\":{\"@id\":\"http:\\\/\\\/cuartetoenlaweb.com.ar\\\/sitio\\\/se-aceleran-los-armados-electorales-para-suceder-a-kicillof-en-la-provincia-de-buenos-aires\\\/\"},\"author\":{\"name\":\"\",\"@id\":\"\"},\"headline\":\"Se aceleran los armados electorales para suceder a Kicillof en la provincia de Buenos Aires\",\"datePublished\":\"2026-02-23T16:00:34+00:00\",\"mainEntityOfPage\":{\"@id\":\"http:\\\/\\\/cuartetoenlaweb.com.ar\\\/sitio\\\/se-aceleran-los-armados-electorales-para-suceder-a-kicillof-en-la-provincia-de-buenos-aires\\\/\"},\"wordCount\":926,\"publisher\":{\"@id\":\"https:\\\/\\\/cuartetoenlaweb.com.ar\\\/sitio\\\/#organization\"},\"image\":{\"@id\":\"http:\\\/\\\/cuartetoenlaweb.com.ar\\\/sitio\\\/se-aceleran-los-armados-electorales-para-suceder-a-kicillof-en-la-provincia-de-buenos-aires\\\/#primaryimage\"},\"thumbnailUrl\":\"https:\\\/\\\/resizer.glanacion.com\\\/resizer\\\/v2\\\/2ZVLFP5HZZAGZLEHFSLHNLJ4OE.jpg?auth=e8fac4dd74db42e1f6f2bee5fc26fb638b5c704630797a24e4e54c724306e280&amp;smart=true&amp;width=6755&amp;height=4503\",\"articleSection\":[\"PAIS\"],\"inLanguage\":\"es\"},{\"@type\":\"WebPage\",\"@id\":\"http:\\\/\\\/cuartetoenlaweb.com.ar\\\/sitio\\\/se-aceleran-los-armados-electorales-para-suceder-a-kicillof-en-la-provincia-de-buenos-aires\\\/\",\"url\":\"http:\\\/\\\/cuartetoenlaweb.com.ar\\\/sitio\\\/se-aceleran-los-armados-electorales-para-suceder-a-kicillof-en-la-provincia-de-buenos-aires\\\/\",\"name\":\"Se aceleran los armados electorales para suceder a Kicillof en la provincia de Buenos Aires - Cuarteto en la Web\",\"isPartOf\":{\"@id\":\"https:\\\/\\\/cuartetoenlaweb.com.ar\\\/sitio\\\/#website\"},\"primaryImageOfPage\":{\"@id\":\"http:\\\/\\\/cuartetoenlaweb.com.ar\\\/sitio\\\/se-aceleran-los-armados-electorales-para-suceder-a-kicillof-en-la-provincia-de-buenos-aires\\\/#primaryimage\"},\"image\":{\"@id\":\"http:\\\/\\\/cuartetoenlaweb.com.ar\\\/sitio\\\/se-aceleran-los-armados-electorales-para-suceder-a-kicillof-en-la-provincia-de-buenos-aires\\\/#primaryimage\"},\"thumbnailUrl\":\"https:\\\/\\\/resizer.glanacion.com\\\/resizer\\\/v2\\\/2ZVLFP5HZZAGZLEHFSLHNLJ4OE.jpg?auth=e8fac4dd74db42e1f6f2bee5fc26fb638b5c704630797a24e4e54c724306e280&amp;smart=true&amp;width=6755&amp;height=4503\",\"datePublished\":\"2026-02-23T16:00:34+00:00\",\"breadcrumb\":{\"@id\":\"http:\\\/\\\/cuartetoenlaweb.com.ar\\\/sitio\\\/se-aceleran-los-armados-electorales-para-suceder-a-kicillof-en-la-provincia-de-buenos-aires\\\/#breadcrumb\"},\"inLanguage\":\"es\",\"potentialAction\":[{\"@type\":\"ReadAction\",\"target\":[\"http:\\\/\\\/cuartetoenlaweb.com.ar\\\/sitio\\\/se-aceleran-los-armados-electorales-para-suceder-a-kicillof-en-la-provincia-de-buenos-aires\\\/\"]}]},{\"@type\":\"ImageObject\",\"inLanguage\":\"es\",\"@id\":\"http:\\\/\\\/cuartetoenlaweb.com.ar\\\/sitio\\\/se-aceleran-los-armados-electorales-para-suceder-a-kicillof-en-la-provincia-de-buenos-aires\\\/#primaryimage\",\"url\":\"https:\\\/\\\/resizer.glanacion.com\\\/resizer\\\/v2\\\/2ZVLFP5HZZAGZLEHFSLHNLJ4OE.jpg?auth=e8fac4dd74db42e1f6f2bee5fc26fb638b5c704630797a24e4e54c724306e280&amp;smart=true&amp;width=6755&amp;height=4503\",\"contentUrl\":\"https:\\\/\\\/resizer.glanacion.com\\\/resizer\\\/v2\\\/2ZVLFP5HZZAGZLEHFSLHNLJ4OE.jpg?auth=e8fac4dd74db42e1f6f2bee5fc26fb638b5c704630797a24e4e54c724306e280&amp;smart=true&amp;width=6755&amp;height=4503\"},{\"@type\":\"BreadcrumbList\",\"@id\":\"http:\\\/\\\/cuartetoenlaweb.com.ar\\\/sitio\\\/se-aceleran-los-armados-electorales-para-suceder-a-kicillof-en-la-provincia-de-buenos-aires\\\/#breadcrumb\",\"itemListElement\":[{\"@type\":\"ListItem\",\"position\":1,\"name\":\"Portada\",\"item\":\"https:\\\/\\\/cuartetoenlaweb.com.ar\\\/sitio\\\/\"},{\"@type\":\"ListItem\",\"position\":2,\"name\":\"Se aceleran los armados electorales para suceder a Kicillof en la provincia de Buenos Aires\"}]},{\"@type\":\"WebSite\",\"@id\":\"https:\\\/\\\/cuartetoenlaweb.com.ar\\\/sitio\\\/#website\",\"url\":\"https:\\\/\\\/cuartetoenlaweb.com.ar\\\/sitio\\\/\",\"name\":\"Cuarteto en la Web\",\"description\":\"\",\"publisher\":{\"@id\":\"https:\\\/\\\/cuartetoenlaweb.com.ar\\\/sitio\\\/#organization\"},\"potentialAction\":[{\"@type\":\"SearchAction\",\"target\":{\"@type\":\"EntryPoint\",\"urlTemplate\":\"https:\\\/\\\/cuartetoenlaweb.com.ar\\\/sitio\\\/?s={search_term_string}\"},\"query-input\":{\"@type\":\"PropertyValueSpecification\",\"valueRequired\":true,\"valueName\":\"search_term_string\"}}],\"inLanguage\":\"es\"},{\"@type\":\"Organization\",\"@id\":\"https:\\\/\\\/cuartetoenlaweb.com.ar\\\/sitio\\\/#organization\",\"name\":\"Cuarteto en la Web\",\"url\":\"https:\\\/\\\/cuartetoenlaweb.com.ar\\\/sitio\\\/\",\"logo\":{\"@type\":\"ImageObject\",\"inLanguage\":\"es\",\"@id\":\"https:\\\/\\\/cuartetoenlaweb.com.ar\\\/sitio\\\/#\\\/schema\\\/logo\\\/image\\\/\",\"url\":\"https:\\\/\\\/cuartetoenlaweb.com.ar\\\/sitio\\\/wp-content\\\/uploads\\\/2025\\\/07\\\/cropped-cropped-logitoweb21.png\",\"contentUrl\":\"https:\\\/\\\/cuartetoenlaweb.com.ar\\\/sitio\\\/wp-content\\\/uploads\\\/2025\\\/07\\\/cropped-cropped-logitoweb21.png\",\"width\":199,\"height\":199,\"caption\":\"Cuarteto en la Web\"},\"image\":{\"@id\":\"https:\\\/\\\/cuartetoenlaweb.com.ar\\\/sitio\\\/#\\\/schema\\\/logo\\\/image\\\/\"}}]}<\/script>\n<!-- \/ Yoast SEO plugin. -->","yoast_head_json":{"title":"Se aceleran los armados electorales para suceder a Kicillof en la provincia de Buenos Aires - Cuarteto en la Web","robots":{"index":"index","follow":"follow","max-snippet":"max-snippet:-1","max-image-preview":"max-image-preview:large","max-video-preview":"max-video-preview:-1"},"canonical":"http:\/\/cuartetoenlaweb.com.ar\/sitio\/se-aceleran-los-armados-electorales-para-suceder-a-kicillof-en-la-provincia-de-buenos-aires\/","og_locale":"es_ES","og_type":"article","og_title":"Se aceleran los armados electorales para suceder a Kicillof en la provincia de Buenos Aires - Cuarteto en la Web","og_description":"LA PLATA.- Axel Kicillof y Ver\u00f3nica Magario no tienen reelecci\u00f3n.","og_url":"http:\/\/cuartetoenlaweb.com.ar\/sitio\/se-aceleran-los-armados-electorales-para-suceder-a-kicillof-en-la-provincia-de-buenos-aires\/","og_site_name":"Cuarteto en la Web","article_published_time":"2026-02-23T16:00:34+00:00","og_image":[{"url":"https:\/\/resizer.glanacion.com\/resizer\/v2\/2ZVLFP5HZZAGZLEHFSLHNLJ4OE.jpg?auth=e8fac4dd74db42e1f6f2bee5fc26fb638b5c704630797a24e4e54c724306e280&amp;smart=true&amp;width=6755&amp;height=4503","type":"","width":"","height":""}],"twitter_card":"summary_large_image","twitter_misc":{"Tiempo de lectura":"5 minutos"},"schema":{"@context":"https:\/\/schema.org","@graph":[{"@type":"Article","@id":"http:\/\/cuartetoenlaweb.com.ar\/sitio\/se-aceleran-los-armados-electorales-para-suceder-a-kicillof-en-la-provincia-de-buenos-aires\/#article","isPartOf":{"@id":"http:\/\/cuartetoenlaweb.com.ar\/sitio\/se-aceleran-los-armados-electorales-para-suceder-a-kicillof-en-la-provincia-de-buenos-aires\/"},"author":{"name":"","@id":""},"headline":"Se aceleran los armados electorales para suceder a Kicillof en la provincia de Buenos Aires","datePublished":"2026-02-23T16:00:34+00:00","mainEntityOfPage":{"@id":"http:\/\/cuartetoenlaweb.com.ar\/sitio\/se-aceleran-los-armados-electorales-para-suceder-a-kicillof-en-la-provincia-de-buenos-aires\/"},"wordCount":926,"publisher":{"@id":"https:\/\/cuartetoenlaweb.com.ar\/sitio\/#organization"},"image":{"@id":"http:\/\/cuartetoenlaweb.com.ar\/sitio\/se-aceleran-los-armados-electorales-para-suceder-a-kicillof-en-la-provincia-de-buenos-aires\/#primaryimage"},"thumbnailUrl":"https:\/\/resizer.glanacion.com\/resizer\/v2\/2ZVLFP5HZZAGZLEHFSLHNLJ4OE.jpg?auth=e8fac4dd74db42e1f6f2bee5fc26fb638b5c704630797a24e4e54c724306e280&amp;smart=true&amp;width=6755&amp;height=4503","articleSection":["PAIS"],"inLanguage":"es"},{"@type":"WebPage","@id":"http:\/\/cuartetoenlaweb.com.ar\/sitio\/se-aceleran-los-armados-electorales-para-suceder-a-kicillof-en-la-provincia-de-buenos-aires\/","url":"http:\/\/cuartetoenlaweb.com.ar\/sitio\/se-aceleran-los-armados-electorales-para-suceder-a-kicillof-en-la-provincia-de-buenos-aires\/","name":"Se aceleran los armados electorales para suceder a Kicillof en la provincia de Buenos Aires - Cuarteto en la Web","isPartOf":{"@id":"https:\/\/cuartetoenlaweb.com.ar\/sitio\/#website"},"primaryImageOfPage":{"@id":"http:\/\/cuartetoenlaweb.com.ar\/sitio\/se-aceleran-los-armados-electorales-para-suceder-a-kicillof-en-la-provincia-de-buenos-aires\/#primaryimage"},"image":{"@id":"http:\/\/cuartetoenlaweb.com.ar\/sitio\/se-aceleran-los-armados-electorales-para-suceder-a-kicillof-en-la-provincia-de-buenos-aires\/#primaryimage"},"thumbnailUrl":"https:\/\/resizer.glanacion.com\/resizer\/v2\/2ZVLFP5HZZAGZLEHFSLHNLJ4OE.jpg?auth=e8fac4dd74db42e1f6f2bee5fc26fb638b5c704630797a24e4e54c724306e280&amp;smart=true&amp;width=6755&amp;height=4503","datePublished":"2026-02-23T16:00:34+00:00","breadcrumb":{"@id":"http:\/\/cuartetoenlaweb.com.ar\/sitio\/se-aceleran-los-armados-electorales-para-suceder-a-kicillof-en-la-provincia-de-buenos-aires\/#breadcrumb"},"inLanguage":"es","potentialAction":[{"@type":"ReadAction","target":["http:\/\/cuartetoenlaweb.com.ar\/sitio\/se-aceleran-los-armados-electorales-para-suceder-a-kicillof-en-la-provincia-de-buenos-aires\/"]}]},{"@type":"ImageObject","inLanguage":"es","@id":"http:\/\/cuartetoenlaweb.com.ar\/sitio\/se-aceleran-los-armados-electorales-para-suceder-a-kicillof-en-la-provincia-de-buenos-aires\/#primaryimage","url":"https:\/\/resizer.glanacion.com\/resizer\/v2\/2ZVLFP5HZZAGZLEHFSLHNLJ4OE.jpg?auth=e8fac4dd74db42e1f6f2bee5fc26fb638b5c704630797a24e4e54c724306e280&amp;smart=true&amp;width=6755&amp;height=4503","contentUrl":"https:\/\/resizer.glanacion.com\/resizer\/v2\/2ZVLFP5HZZAGZLEHFSLHNLJ4OE.jpg?auth=e8fac4dd74db42e1f6f2bee5fc26fb638b5c704630797a24e4e54c724306e280&amp;smart=true&amp;width=6755&amp;height=4503"},{"@type":"BreadcrumbList","@id":"http:\/\/cuartetoenlaweb.com.ar\/sitio\/se-aceleran-los-armados-electorales-para-suceder-a-kicillof-en-la-provincia-de-buenos-aires\/#breadcrumb","itemListElement":[{"@type":"ListItem","position":1,"name":"Portada","item":"https:\/\/cuartetoenlaweb.com.ar\/sitio\/"},{"@type":"ListItem","position":2,"name":"Se aceleran los armados electorales para suceder a Kicillof en la provincia de Buenos Aires"}]},{"@type":"WebSite","@id":"https:\/\/cuartetoenlaweb.com.ar\/sitio\/#website","url":"https:\/\/cuartetoenlaweb.com.ar\/sitio\/","name":"Cuarteto en la Web","description":"","publisher":{"@id":"https:\/\/cuartetoenlaweb.com.ar\/sitio\/#organization"},"potentialAction":[{"@type":"SearchAction","target":{"@type":"EntryPoint","urlTemplate":"https:\/\/cuartetoenlaweb.com.ar\/sitio\/?s={search_term_string}"},"query-input":{"@type":"PropertyValueSpecification","valueRequired":true,"valueName":"search_term_string"}}],"inLanguage":"es"},{"@type":"Organization","@id":"https:\/\/cuartetoenlaweb.com.ar\/sitio\/#organization","name":"Cuarteto en la Web","url":"https:\/\/cuartetoenlaweb.com.ar\/sitio\/","logo":{"@type":"ImageObject","inLanguage":"es","@id":"https:\/\/cuartetoenlaweb.com.ar\/sitio\/#\/schema\/logo\/image\/","url":"https:\/\/cuartetoenlaweb.com.ar\/sitio\/wp-content\/uploads\/2025\/07\/cropped-cropped-logitoweb21.png","contentUrl":"https:\/\/cuartetoenlaweb.com.ar\/sitio\/wp-content\/uploads\/2025\/07\/cropped-cropped-logitoweb21.png","width":199,"height":199,"caption":"Cuarteto en la Web"},"image":{"@id":"https:\/\/cuartetoenlaweb.com.ar\/sitio\/#\/schema\/logo\/image\/"}}]}},"_links":{"self":[{"href":"https:\/\/cuartetoenlaweb.com.ar\/sitio\/wp-json\/wp\/v2\/posts\/12546","targetHints":{"allow":["GET"]}}],"collection":[{"href":"https:\/\/cuartetoenlaweb.com.ar\/sitio\/wp-json\/wp\/v2\/posts"}],"about":[{"href":"https:\/\/cuartetoenlaweb.com.ar\/sitio\/wp-json\/wp\/v2\/types\/post"}],"replies":[{"embeddable":true,"href":"https:\/\/cuartetoenlaweb.com.ar\/sitio\/wp-json\/wp\/v2\/comments?post=12546"}],"version-history":[{"count":0,"href":"https:\/\/cuartetoenlaweb.com.ar\/sitio\/wp-json\/wp\/v2\/posts\/12546\/revisions"}],"wp:attachment":[{"href":"https:\/\/cuartetoenlaweb.com.ar\/sitio\/wp-json\/wp\/v2\/media?parent=12546"}],"wp:term":[{"taxonomy":"category","embeddable":true,"href":"https:\/\/cuartetoenlaweb.com.ar\/sitio\/wp-json\/wp\/v2\/categories?post=12546"},{"taxonomy":"post_tag","embeddable":true,"href":"https:\/\/cuartetoenlaweb.com.ar\/sitio\/wp-json\/wp\/v2\/tags?post=12546"}],"curies":[{"name":"wp","href":"https:\/\/api.w.org\/{rel}","templated":true}]}}