
{"id":12526,"date":"2026-02-23T10:00:54","date_gmt":"2026-02-23T13:00:54","guid":{"rendered":"https:\/\/cuartetoenlaweb.com.ar\/sitio\/asesinaron-a-punaladas-a-un-hombre-en-una-pelea-en-lanus-hay-un-policia-entre-los-detenidos\/"},"modified":"2026-02-23T10:00:54","modified_gmt":"2026-02-23T13:00:54","slug":"asesinaron-a-punaladas-a-un-hombre-en-una-pelea-en-lanus-hay-un-policia-entre-los-detenidos","status":"publish","type":"post","link":"https:\/\/cuartetoenlaweb.com.ar\/sitio\/asesinaron-a-punaladas-a-un-hombre-en-una-pelea-en-lanus-hay-un-policia-entre-los-detenidos\/","title":{"rendered":"Asesinaron a pu\u00f1aladas a un hombre en una pelea en Lan\u00fas: hay un polic\u00eda entre los detenidos"},"content":{"rendered":"<p>Un violento episodio ocurri\u00f3 este lunes por la madrugada en una estaci\u00f3n de servicio de la firma <b>Lider Oil<\/b>, ubicada en la intersecci\u00f3n de la <b>avenida Remedios de Escalada de San Mart\u00edn y Teniente Coronel Jorge Ob\u00f3n<\/b>, en el partido bonaerense de Lan\u00fas. <\/p>\n<p>La secuencia, seg\u00fan inform\u00f3 TN, se inici\u00f3 tras un llamado al 911 que alertaba sobre un grupo de personas enfrent\u00e1ndose con armas blancas.<\/p>\n<p>Al arribar al lugar, efectivos del Comando de Patrullas Lan\u00fas se encontraron con una <b>feroz disputa a cuchillazos<\/b> que involucraba al menos a cinco personas. En medio de la gresca, <b>J.F.S., un hombre de 38 a\u00f1os, recibi\u00f3 una herida mortal en el cuello<\/b> y falleci\u00f3 en el lugar antes de que pudiera recibir asistencia m\u00e9dica.<\/p>\n<h2>Un sargento de civil entre los detenidos<\/h2>\n<p>Uno de los datos m\u00e1s impactantes del caso es la presunta participaci\u00f3n de <b>A.F., un sargento de 30 a\u00f1os<\/b> perteneciente a la Unidad de Polic\u00eda de Prevenci\u00f3n Local de Lan\u00fas. El efectivo se encontraba de civil y fuera de servicio al momento del enfrentamiento, donde sufri\u00f3 una herida de arma blanca en el muslo derecho.<\/p>\n<p>A ra\u00edz de su involucramiento en el hecho, la <b>Agencia de Control Policial (Agai)<\/b> dispuso su inmediata desafectaci\u00f3n de la fuerza y se le inici\u00f3 un sumario interno mientras se investiga su responsabilidad en la pelea. Actualmente, el sargento se encuentra bajo custodia policial en el <b>Hospital Evita de Lan\u00fas<\/b>, imputado por el delito de <b>tentativa de homicidio<\/b>.<\/p>\n<h2>Detenidos, heridos y el arma homicida<\/h2>\n<p>En tanto, la Polic\u00eda logr\u00f3 reducir en el lugar a otros tres sospechosos, quienes tambi\u00e9n presentaban heridas de diversa gravedad:<\/p>\n<ul>\n<li><b>E.D. (30):<\/b> Fue se\u00f1alado como el presunto autor material del crimen. Al momento de ser arrestado, <b>ten\u00eda un cuchillo tipo navaja en sus manos<\/b> y presentaba heridas graves en el t\u00f3rax y el brazo izquierdo.<\/li>\n<li><b>Z.G.O. (26):<\/b> Fue aprehendido mientras agred\u00eda a otro de los involucrados y presentaba diversos golpes.<\/li>\n<li><b>Z.D.M. (28):<\/b> Result\u00f3 con lesiones cortopunzantes en el cuello y el torso.<\/li>\n<\/ul>\n<p>Todos los implicados fueron trasladados al Hospital Evita para ser atendidos bajo custodia. En el operativo, los peritos secuestraron <b>un cuchillo, una motocicleta y un autom\u00f3vil Chevrolet \u00c1gile<\/b> que estar\u00edan vinculados a los sospechosos.<\/p>\n<h2>Avance de la investigaci\u00f3n judicial<\/h2>\n<p>La causa qued\u00f3 a cargo del <b>fiscal Mart\u00edn Rodr\u00edguez<\/b>, titular de la Unidad Funcional de Instrucci\u00f3n (UFI) N\u00b0 6 del Departamento Judicial Avellaneda-Lan\u00fas. El fiscal orden\u00f3 la detenci\u00f3n formal de <b>E.D. bajo el cargo de homicidio<\/b>, mientras que los otros tres participantes, incluido el polic\u00eda, permanecen detenidos e imputados por <b>tentativa de homicidio<\/b>.<\/p>\n<p>Las autoridades trabajan ahora en el an\u00e1lisis de las c\u00e1maras de seguridad de la estaci\u00f3n de servicio y en la toma de testimonios para esclarecer los motivos que desencadenaron la violenta ri\u00f1a que termin\u00f3 con la vida de J.F.S..<\/p>\n","protected":false},"excerpt":{"rendered":"<p>Un violento episodio ocurri\u00f3 este lunes por la madrugada en<\/p>\n","protected":false},"author":0,"featured_media":12527,"comment_status":"","ping_status":"","sticky":false,"template":"","format":"standard","meta":{"footnotes":""},"categories":[65],"tags":[],"class_list":["post-12526","post","type-post","status-publish","format-standard","has-post-thumbnail","hentry","category-pais"],"yoast_head":"<!-- This site is optimized with the Yoast SEO plugin v27.5 - https:\/\/yoast.com\/product\/yoast-seo-wordpress\/ -->\n<title>Asesinaron a pu\u00f1aladas a un hombre en una pelea en Lan\u00fas: hay un polic\u00eda entre los detenidos - Cuarteto en la Web<\/title>\n<meta name=\"robots\" content=\"index, follow, max-snippet:-1, max-image-preview:large, max-video-preview:-1\" \/>\n<link rel=\"canonical\" href=\"https:\/\/cuartetoenlaweb.com.ar\/sitio\/asesinaron-a-punaladas-a-un-hombre-en-una-pelea-en-lanus-hay-un-policia-entre-los-detenidos\/\" \/>\n<meta property=\"og:locale\" content=\"es_ES\" \/>\n<meta property=\"og:type\" content=\"article\" \/>\n<meta property=\"og:title\" content=\"Asesinaron a pu\u00f1aladas a un hombre en una pelea en Lan\u00fas: hay un polic\u00eda entre los detenidos - Cuarteto en la Web\" \/>\n<meta property=\"og:description\" content=\"Un violento episodio ocurri\u00f3 este lunes por la madrugada en\" \/>\n<meta property=\"og:url\" content=\"https:\/\/cuartetoenlaweb.com.ar\/sitio\/asesinaron-a-punaladas-a-un-hombre-en-una-pelea-en-lanus-hay-un-policia-entre-los-detenidos\/\" \/>\n<meta property=\"og:site_name\" content=\"Cuarteto en la Web\" \/>\n<meta property=\"article:published_time\" content=\"2026-02-23T13:00:54+00:00\" \/>\n<meta property=\"og:image\" content=\"https:\/\/cuartetoenlaweb.com.ar\/sitio\/wp-content\/uploads\/2026\/02\/YPVWA6ERNBAKVBKZUBAHZHG4TU.jpg\" \/>\n\t<meta property=\"og:image:width\" content=\"837\" \/>\n\t<meta property=\"og:image:height\" content=\"558\" \/>\n\t<meta property=\"og:image:type\" content=\"image\/jpeg\" \/>\n<meta name=\"twitter:card\" content=\"summary_large_image\" \/>\n<meta name=\"twitter:label1\" content=\"Tiempo de lectura\" \/>\n\t<meta name=\"twitter:data1\" content=\"2 minutos\" \/>\n<script type=\"application\/ld+json\" class=\"yoast-schema-graph\">{\"@context\":\"https:\\\/\\\/schema.org\",\"@graph\":[{\"@type\":\"Article\",\"@id\":\"https:\\\/\\\/cuartetoenlaweb.com.ar\\\/sitio\\\/asesinaron-a-punaladas-a-un-hombre-en-una-pelea-en-lanus-hay-un-policia-entre-los-detenidos\\\/#article\",\"isPartOf\":{\"@id\":\"https:\\\/\\\/cuartetoenlaweb.com.ar\\\/sitio\\\/asesinaron-a-punaladas-a-un-hombre-en-una-pelea-en-lanus-hay-un-policia-entre-los-detenidos\\\/\"},\"author\":{\"name\":\"\",\"@id\":\"\"},\"headline\":\"Asesinaron a pu\u00f1aladas a un hombre en una pelea en Lan\u00fas: hay un polic\u00eda entre los detenidos\",\"datePublished\":\"2026-02-23T13:00:54+00:00\",\"mainEntityOfPage\":{\"@id\":\"https:\\\/\\\/cuartetoenlaweb.com.ar\\\/sitio\\\/asesinaron-a-punaladas-a-un-hombre-en-una-pelea-en-lanus-hay-un-policia-entre-los-detenidos\\\/\"},\"wordCount\":522,\"publisher\":{\"@id\":\"https:\\\/\\\/cuartetoenlaweb.com.ar\\\/sitio\\\/#organization\"},\"image\":{\"@id\":\"https:\\\/\\\/cuartetoenlaweb.com.ar\\\/sitio\\\/asesinaron-a-punaladas-a-un-hombre-en-una-pelea-en-lanus-hay-un-policia-entre-los-detenidos\\\/#primaryimage\"},\"thumbnailUrl\":\"https:\\\/\\\/cuartetoenlaweb.com.ar\\\/sitio\\\/wp-content\\\/uploads\\\/2026\\\/02\\\/YPVWA6ERNBAKVBKZUBAHZHG4TU.jpg\",\"articleSection\":[\"PAIS\"],\"inLanguage\":\"es\"},{\"@type\":\"WebPage\",\"@id\":\"https:\\\/\\\/cuartetoenlaweb.com.ar\\\/sitio\\\/asesinaron-a-punaladas-a-un-hombre-en-una-pelea-en-lanus-hay-un-policia-entre-los-detenidos\\\/\",\"url\":\"https:\\\/\\\/cuartetoenlaweb.com.ar\\\/sitio\\\/asesinaron-a-punaladas-a-un-hombre-en-una-pelea-en-lanus-hay-un-policia-entre-los-detenidos\\\/\",\"name\":\"Asesinaron a pu\u00f1aladas a un hombre en una pelea en Lan\u00fas: hay un polic\u00eda entre los detenidos - Cuarteto en la Web\",\"isPartOf\":{\"@id\":\"https:\\\/\\\/cuartetoenlaweb.com.ar\\\/sitio\\\/#website\"},\"primaryImageOfPage\":{\"@id\":\"https:\\\/\\\/cuartetoenlaweb.com.ar\\\/sitio\\\/asesinaron-a-punaladas-a-un-hombre-en-una-pelea-en-lanus-hay-un-policia-entre-los-detenidos\\\/#primaryimage\"},\"image\":{\"@id\":\"https:\\\/\\\/cuartetoenlaweb.com.ar\\\/sitio\\\/asesinaron-a-punaladas-a-un-hombre-en-una-pelea-en-lanus-hay-un-policia-entre-los-detenidos\\\/#primaryimage\"},\"thumbnailUrl\":\"https:\\\/\\\/cuartetoenlaweb.com.ar\\\/sitio\\\/wp-content\\\/uploads\\\/2026\\\/02\\\/YPVWA6ERNBAKVBKZUBAHZHG4TU.jpg\",\"datePublished\":\"2026-02-23T13:00:54+00:00\",\"breadcrumb\":{\"@id\":\"https:\\\/\\\/cuartetoenlaweb.com.ar\\\/sitio\\\/asesinaron-a-punaladas-a-un-hombre-en-una-pelea-en-lanus-hay-un-policia-entre-los-detenidos\\\/#breadcrumb\"},\"inLanguage\":\"es\",\"potentialAction\":[{\"@type\":\"ReadAction\",\"target\":[\"https:\\\/\\\/cuartetoenlaweb.com.ar\\\/sitio\\\/asesinaron-a-punaladas-a-un-hombre-en-una-pelea-en-lanus-hay-un-policia-entre-los-detenidos\\\/\"]}]},{\"@type\":\"ImageObject\",\"inLanguage\":\"es\",\"@id\":\"https:\\\/\\\/cuartetoenlaweb.com.ar\\\/sitio\\\/asesinaron-a-punaladas-a-un-hombre-en-una-pelea-en-lanus-hay-un-policia-entre-los-detenidos\\\/#primaryimage\",\"url\":\"https:\\\/\\\/cuartetoenlaweb.com.ar\\\/sitio\\\/wp-content\\\/uploads\\\/2026\\\/02\\\/YPVWA6ERNBAKVBKZUBAHZHG4TU.jpg\",\"contentUrl\":\"https:\\\/\\\/cuartetoenlaweb.com.ar\\\/sitio\\\/wp-content\\\/uploads\\\/2026\\\/02\\\/YPVWA6ERNBAKVBKZUBAHZHG4TU.jpg\",\"width\":837,\"height\":558},{\"@type\":\"BreadcrumbList\",\"@id\":\"https:\\\/\\\/cuartetoenlaweb.com.ar\\\/sitio\\\/asesinaron-a-punaladas-a-un-hombre-en-una-pelea-en-lanus-hay-un-policia-entre-los-detenidos\\\/#breadcrumb\",\"itemListElement\":[{\"@type\":\"ListItem\",\"position\":1,\"name\":\"Portada\",\"item\":\"https:\\\/\\\/cuartetoenlaweb.com.ar\\\/sitio\\\/\"},{\"@type\":\"ListItem\",\"position\":2,\"name\":\"Asesinaron a pu\u00f1aladas a un hombre en una pelea en Lan\u00fas: hay un polic\u00eda entre los detenidos\"}]},{\"@type\":\"WebSite\",\"@id\":\"https:\\\/\\\/cuartetoenlaweb.com.ar\\\/sitio\\\/#website\",\"url\":\"https:\\\/\\\/cuartetoenlaweb.com.ar\\\/sitio\\\/\",\"name\":\"Cuarteto en la Web\",\"description\":\"\",\"publisher\":{\"@id\":\"https:\\\/\\\/cuartetoenlaweb.com.ar\\\/sitio\\\/#organization\"},\"potentialAction\":[{\"@type\":\"SearchAction\",\"target\":{\"@type\":\"EntryPoint\",\"urlTemplate\":\"https:\\\/\\\/cuartetoenlaweb.com.ar\\\/sitio\\\/?s={search_term_string}\"},\"query-input\":{\"@type\":\"PropertyValueSpecification\",\"valueRequired\":true,\"valueName\":\"search_term_string\"}}],\"inLanguage\":\"es\"},{\"@type\":\"Organization\",\"@id\":\"https:\\\/\\\/cuartetoenlaweb.com.ar\\\/sitio\\\/#organization\",\"name\":\"Cuarteto en la Web\",\"url\":\"https:\\\/\\\/cuartetoenlaweb.com.ar\\\/sitio\\\/\",\"logo\":{\"@type\":\"ImageObject\",\"inLanguage\":\"es\",\"@id\":\"https:\\\/\\\/cuartetoenlaweb.com.ar\\\/sitio\\\/#\\\/schema\\\/logo\\\/image\\\/\",\"url\":\"https:\\\/\\\/cuartetoenlaweb.com.ar\\\/sitio\\\/wp-content\\\/uploads\\\/2025\\\/07\\\/cropped-cropped-logitoweb21.png\",\"contentUrl\":\"https:\\\/\\\/cuartetoenlaweb.com.ar\\\/sitio\\\/wp-content\\\/uploads\\\/2025\\\/07\\\/cropped-cropped-logitoweb21.png\",\"width\":199,\"height\":199,\"caption\":\"Cuarteto en la Web\"},\"image\":{\"@id\":\"https:\\\/\\\/cuartetoenlaweb.com.ar\\\/sitio\\\/#\\\/schema\\\/logo\\\/image\\\/\"}}]}<\/script>\n<!-- \/ Yoast SEO plugin. -->","yoast_head_json":{"title":"Asesinaron a pu\u00f1aladas a un hombre en una pelea en Lan\u00fas: hay un polic\u00eda entre los detenidos - Cuarteto en la Web","robots":{"index":"index","follow":"follow","max-snippet":"max-snippet:-1","max-image-preview":"max-image-preview:large","max-video-preview":"max-video-preview:-1"},"canonical":"https:\/\/cuartetoenlaweb.com.ar\/sitio\/asesinaron-a-punaladas-a-un-hombre-en-una-pelea-en-lanus-hay-un-policia-entre-los-detenidos\/","og_locale":"es_ES","og_type":"article","og_title":"Asesinaron a pu\u00f1aladas a un hombre en una pelea en Lan\u00fas: hay un polic\u00eda entre los detenidos - Cuarteto en la Web","og_description":"Un violento episodio ocurri\u00f3 este lunes por la madrugada en","og_url":"https:\/\/cuartetoenlaweb.com.ar\/sitio\/asesinaron-a-punaladas-a-un-hombre-en-una-pelea-en-lanus-hay-un-policia-entre-los-detenidos\/","og_site_name":"Cuarteto en la Web","article_published_time":"2026-02-23T13:00:54+00:00","og_image":[{"width":837,"height":558,"url":"https:\/\/cuartetoenlaweb.com.ar\/sitio\/wp-content\/uploads\/2026\/02\/YPVWA6ERNBAKVBKZUBAHZHG4TU.jpg","type":"image\/jpeg"}],"twitter_card":"summary_large_image","twitter_misc":{"Tiempo de lectura":"2 minutos"},"schema":{"@context":"https:\/\/schema.org","@graph":[{"@type":"Article","@id":"https:\/\/cuartetoenlaweb.com.ar\/sitio\/asesinaron-a-punaladas-a-un-hombre-en-una-pelea-en-lanus-hay-un-policia-entre-los-detenidos\/#article","isPartOf":{"@id":"https:\/\/cuartetoenlaweb.com.ar\/sitio\/asesinaron-a-punaladas-a-un-hombre-en-una-pelea-en-lanus-hay-un-policia-entre-los-detenidos\/"},"author":{"name":"","@id":""},"headline":"Asesinaron a pu\u00f1aladas a un hombre en una pelea en Lan\u00fas: hay un polic\u00eda entre los detenidos","datePublished":"2026-02-23T13:00:54+00:00","mainEntityOfPage":{"@id":"https:\/\/cuartetoenlaweb.com.ar\/sitio\/asesinaron-a-punaladas-a-un-hombre-en-una-pelea-en-lanus-hay-un-policia-entre-los-detenidos\/"},"wordCount":522,"publisher":{"@id":"https:\/\/cuartetoenlaweb.com.ar\/sitio\/#organization"},"image":{"@id":"https:\/\/cuartetoenlaweb.com.ar\/sitio\/asesinaron-a-punaladas-a-un-hombre-en-una-pelea-en-lanus-hay-un-policia-entre-los-detenidos\/#primaryimage"},"thumbnailUrl":"https:\/\/cuartetoenlaweb.com.ar\/sitio\/wp-content\/uploads\/2026\/02\/YPVWA6ERNBAKVBKZUBAHZHG4TU.jpg","articleSection":["PAIS"],"inLanguage":"es"},{"@type":"WebPage","@id":"https:\/\/cuartetoenlaweb.com.ar\/sitio\/asesinaron-a-punaladas-a-un-hombre-en-una-pelea-en-lanus-hay-un-policia-entre-los-detenidos\/","url":"https:\/\/cuartetoenlaweb.com.ar\/sitio\/asesinaron-a-punaladas-a-un-hombre-en-una-pelea-en-lanus-hay-un-policia-entre-los-detenidos\/","name":"Asesinaron a pu\u00f1aladas a un hombre en una pelea en Lan\u00fas: hay un polic\u00eda entre los detenidos - Cuarteto en la Web","isPartOf":{"@id":"https:\/\/cuartetoenlaweb.com.ar\/sitio\/#website"},"primaryImageOfPage":{"@id":"https:\/\/cuartetoenlaweb.com.ar\/sitio\/asesinaron-a-punaladas-a-un-hombre-en-una-pelea-en-lanus-hay-un-policia-entre-los-detenidos\/#primaryimage"},"image":{"@id":"https:\/\/cuartetoenlaweb.com.ar\/sitio\/asesinaron-a-punaladas-a-un-hombre-en-una-pelea-en-lanus-hay-un-policia-entre-los-detenidos\/#primaryimage"},"thumbnailUrl":"https:\/\/cuartetoenlaweb.com.ar\/sitio\/wp-content\/uploads\/2026\/02\/YPVWA6ERNBAKVBKZUBAHZHG4TU.jpg","datePublished":"2026-02-23T13:00:54+00:00","breadcrumb":{"@id":"https:\/\/cuartetoenlaweb.com.ar\/sitio\/asesinaron-a-punaladas-a-un-hombre-en-una-pelea-en-lanus-hay-un-policia-entre-los-detenidos\/#breadcrumb"},"inLanguage":"es","potentialAction":[{"@type":"ReadAction","target":["https:\/\/cuartetoenlaweb.com.ar\/sitio\/asesinaron-a-punaladas-a-un-hombre-en-una-pelea-en-lanus-hay-un-policia-entre-los-detenidos\/"]}]},{"@type":"ImageObject","inLanguage":"es","@id":"https:\/\/cuartetoenlaweb.com.ar\/sitio\/asesinaron-a-punaladas-a-un-hombre-en-una-pelea-en-lanus-hay-un-policia-entre-los-detenidos\/#primaryimage","url":"https:\/\/cuartetoenlaweb.com.ar\/sitio\/wp-content\/uploads\/2026\/02\/YPVWA6ERNBAKVBKZUBAHZHG4TU.jpg","contentUrl":"https:\/\/cuartetoenlaweb.com.ar\/sitio\/wp-content\/uploads\/2026\/02\/YPVWA6ERNBAKVBKZUBAHZHG4TU.jpg","width":837,"height":558},{"@type":"BreadcrumbList","@id":"https:\/\/cuartetoenlaweb.com.ar\/sitio\/asesinaron-a-punaladas-a-un-hombre-en-una-pelea-en-lanus-hay-un-policia-entre-los-detenidos\/#breadcrumb","itemListElement":[{"@type":"ListItem","position":1,"name":"Portada","item":"https:\/\/cuartetoenlaweb.com.ar\/sitio\/"},{"@type":"ListItem","position":2,"name":"Asesinaron a pu\u00f1aladas a un hombre en una pelea en Lan\u00fas: hay un polic\u00eda entre los detenidos"}]},{"@type":"WebSite","@id":"https:\/\/cuartetoenlaweb.com.ar\/sitio\/#website","url":"https:\/\/cuartetoenlaweb.com.ar\/sitio\/","name":"Cuarteto en la Web","description":"","publisher":{"@id":"https:\/\/cuartetoenlaweb.com.ar\/sitio\/#organization"},"potentialAction":[{"@type":"SearchAction","target":{"@type":"EntryPoint","urlTemplate":"https:\/\/cuartetoenlaweb.com.ar\/sitio\/?s={search_term_string}"},"query-input":{"@type":"PropertyValueSpecification","valueRequired":true,"valueName":"search_term_string"}}],"inLanguage":"es"},{"@type":"Organization","@id":"https:\/\/cuartetoenlaweb.com.ar\/sitio\/#organization","name":"Cuarteto en la Web","url":"https:\/\/cuartetoenlaweb.com.ar\/sitio\/","logo":{"@type":"ImageObject","inLanguage":"es","@id":"https:\/\/cuartetoenlaweb.com.ar\/sitio\/#\/schema\/logo\/image\/","url":"https:\/\/cuartetoenlaweb.com.ar\/sitio\/wp-content\/uploads\/2025\/07\/cropped-cropped-logitoweb21.png","contentUrl":"https:\/\/cuartetoenlaweb.com.ar\/sitio\/wp-content\/uploads\/2025\/07\/cropped-cropped-logitoweb21.png","width":199,"height":199,"caption":"Cuarteto en la Web"},"image":{"@id":"https:\/\/cuartetoenlaweb.com.ar\/sitio\/#\/schema\/logo\/image\/"}}]}},"_links":{"self":[{"href":"https:\/\/cuartetoenlaweb.com.ar\/sitio\/wp-json\/wp\/v2\/posts\/12526","targetHints":{"allow":["GET"]}}],"collection":[{"href":"https:\/\/cuartetoenlaweb.com.ar\/sitio\/wp-json\/wp\/v2\/posts"}],"about":[{"href":"https:\/\/cuartetoenlaweb.com.ar\/sitio\/wp-json\/wp\/v2\/types\/post"}],"replies":[{"embeddable":true,"href":"https:\/\/cuartetoenlaweb.com.ar\/sitio\/wp-json\/wp\/v2\/comments?post=12526"}],"version-history":[{"count":0,"href":"https:\/\/cuartetoenlaweb.com.ar\/sitio\/wp-json\/wp\/v2\/posts\/12526\/revisions"}],"wp:featuredmedia":[{"embeddable":true,"href":"https:\/\/cuartetoenlaweb.com.ar\/sitio\/wp-json\/wp\/v2\/media\/12527"}],"wp:attachment":[{"href":"https:\/\/cuartetoenlaweb.com.ar\/sitio\/wp-json\/wp\/v2\/media?parent=12526"}],"wp:term":[{"taxonomy":"category","embeddable":true,"href":"https:\/\/cuartetoenlaweb.com.ar\/sitio\/wp-json\/wp\/v2\/categories?post=12526"},{"taxonomy":"post_tag","embeddable":true,"href":"https:\/\/cuartetoenlaweb.com.ar\/sitio\/wp-json\/wp\/v2\/tags?post=12526"}],"curies":[{"name":"wp","href":"https:\/\/api.w.org\/{rel}","templated":true}]}}