
{"id":12525,"date":"2026-02-23T10:00:53","date_gmt":"2026-02-23T13:00:53","guid":{"rendered":"https:\/\/cuartetoenlaweb.com.ar\/sitio\/cordoba-uepc-adhiere-a-ctera-y-las-clases-no-comenzaran-el-2-de-marzo\/"},"modified":"2026-02-23T10:00:53","modified_gmt":"2026-02-23T13:00:53","slug":"cordoba-uepc-adhiere-a-ctera-y-las-clases-no-comenzaran-el-2-de-marzo","status":"publish","type":"post","link":"https:\/\/cuartetoenlaweb.com.ar\/sitio\/cordoba-uepc-adhiere-a-ctera-y-las-clases-no-comenzaran-el-2-de-marzo\/","title":{"rendered":"C\u00f3rdoba: UEPC adhiere a Ctera y las clases no comenzar\u00e1n el 2 de marzo"},"content":{"rendered":"<p>La Uni\u00f3n de Educadores de la Provincia de C\u00f3rdoba (UEPC) confirm\u00f3 que adherir\u00e1 al paro convocado nacional convocado por la Confederaci\u00f3n de Trabajadores de la Educaci\u00f3n de la Rep\u00fablica Argentina (Ctera), para el 2 de marzo. <\/p>\n<p>Por lo tanto, las clases no comenzar\u00e1n en la fecha prevista para la provincia de C\u00f3rdoba. As\u00ed lo confirm\u00f3 a <b>La Voz <\/b>el secretario General de la UEPC, Roberto Cristalli.<\/p>\n<p>La decisi\u00f3n de no dar inicio al ciclo lectivo, tal como estaba previsto (en algunas provincias comenzaba este lunes, en otras, como C\u00f3rdoba, el pr\u00f3ximo lunes), se tom\u00f3 en el congreso extraordinario que se hizo este fin de semana en Ctera. <\/p>\n<p>\u201cComo entidad de base adherimos a la medida\u201d, ratific\u00f3 Cristalli. <\/p>\n<p>Adem\u00e1s, explic\u00f3 que la decisi\u00f3n de ir al paro se fundamenta en el desfinanciamiento del Estado Nacional y la eliminaci\u00f3n de partidas presupuestarias claves. Dijo que con la sanci\u00f3n del Presupuesto 2026 se eliminaron los art\u00edculos por los cuales dan garant\u00edas al financiamiento educativo. <\/p>\n<p>\u201cSe elimin\u00f3 el 6% del producto Bruto Interno; la responsabilidad del Estado nacional, los recursos para infraestructura; para conectividad, para becas escolares, para capacitaci\u00f3n docente\u201d, expres\u00f3 el Secretario General de UEPC.<\/p>\n<p>Y a\u00f1adi\u00f3 que no existe el incentivo docentes y no est\u00e1n garantizados los recursos para las cajas no transferidas, y los recursos para ciencia y t\u00e9cnica de las escuelas de formaci\u00f3n profesional. \u201cNo hay m\u00e1s financiamiento, tampoco para los programas que ven\u00edan llev\u00e1ndose adelante a nivel nacional\u201d, ratific\u00f3. <\/p>\n","protected":false},"excerpt":{"rendered":"<p>La Uni\u00f3n de Educadores de la Provincia de C\u00f3rdoba (UEPC)<\/p>\n","protected":false},"author":0,"featured_media":0,"comment_status":"","ping_status":"","sticky":false,"template":"","format":"standard","meta":{"footnotes":""},"categories":[65],"tags":[],"class_list":["post-12525","post","type-post","status-publish","format-standard","hentry","category-pais"],"yoast_head":"<!-- This site is optimized with the Yoast SEO plugin v27.5 - https:\/\/yoast.com\/product\/yoast-seo-wordpress\/ -->\n<title>C\u00f3rdoba: UEPC adhiere a Ctera y las clases no comenzar\u00e1n el 2 de marzo - Cuarteto en la Web<\/title>\n<meta name=\"robots\" content=\"index, follow, max-snippet:-1, max-image-preview:large, max-video-preview:-1\" \/>\n<link rel=\"canonical\" href=\"https:\/\/cuartetoenlaweb.com.ar\/sitio\/cordoba-uepc-adhiere-a-ctera-y-las-clases-no-comenzaran-el-2-de-marzo\/\" \/>\n<meta property=\"og:locale\" content=\"es_ES\" \/>\n<meta property=\"og:type\" content=\"article\" \/>\n<meta property=\"og:title\" content=\"C\u00f3rdoba: UEPC adhiere a Ctera y las clases no comenzar\u00e1n el 2 de marzo - Cuarteto en la Web\" \/>\n<meta property=\"og:description\" content=\"La Uni\u00f3n de Educadores de la Provincia de C\u00f3rdoba (UEPC)\" \/>\n<meta property=\"og:url\" content=\"https:\/\/cuartetoenlaweb.com.ar\/sitio\/cordoba-uepc-adhiere-a-ctera-y-las-clases-no-comenzaran-el-2-de-marzo\/\" \/>\n<meta property=\"og:site_name\" content=\"Cuarteto en la Web\" \/>\n<meta property=\"article:published_time\" content=\"2026-02-23T13:00:53+00:00\" \/>\n<meta name=\"twitter:card\" content=\"summary_large_image\" \/>\n<meta name=\"twitter:label1\" content=\"Tiempo de lectura\" \/>\n\t<meta name=\"twitter:data1\" content=\"1 minuto\" \/>\n<script type=\"application\/ld+json\" class=\"yoast-schema-graph\">{\"@context\":\"https:\\\/\\\/schema.org\",\"@graph\":[{\"@type\":\"Article\",\"@id\":\"https:\\\/\\\/cuartetoenlaweb.com.ar\\\/sitio\\\/cordoba-uepc-adhiere-a-ctera-y-las-clases-no-comenzaran-el-2-de-marzo\\\/#article\",\"isPartOf\":{\"@id\":\"https:\\\/\\\/cuartetoenlaweb.com.ar\\\/sitio\\\/cordoba-uepc-adhiere-a-ctera-y-las-clases-no-comenzaran-el-2-de-marzo\\\/\"},\"author\":{\"name\":\"\",\"@id\":\"\"},\"headline\":\"C\u00f3rdoba: UEPC adhiere a Ctera y las clases no comenzar\u00e1n el 2 de marzo\",\"datePublished\":\"2026-02-23T13:00:53+00:00\",\"mainEntityOfPage\":{\"@id\":\"https:\\\/\\\/cuartetoenlaweb.com.ar\\\/sitio\\\/cordoba-uepc-adhiere-a-ctera-y-las-clases-no-comenzaran-el-2-de-marzo\\\/\"},\"wordCount\":276,\"publisher\":{\"@id\":\"http:\\\/\\\/cuartetoenlaweb.com.ar\\\/sitio\\\/#organization\"},\"articleSection\":[\"PAIS\"],\"inLanguage\":\"es\"},{\"@type\":\"WebPage\",\"@id\":\"https:\\\/\\\/cuartetoenlaweb.com.ar\\\/sitio\\\/cordoba-uepc-adhiere-a-ctera-y-las-clases-no-comenzaran-el-2-de-marzo\\\/\",\"url\":\"https:\\\/\\\/cuartetoenlaweb.com.ar\\\/sitio\\\/cordoba-uepc-adhiere-a-ctera-y-las-clases-no-comenzaran-el-2-de-marzo\\\/\",\"name\":\"C\u00f3rdoba: UEPC adhiere a Ctera y las clases no comenzar\u00e1n el 2 de marzo - Cuarteto en la Web\",\"isPartOf\":{\"@id\":\"http:\\\/\\\/cuartetoenlaweb.com.ar\\\/sitio\\\/#website\"},\"datePublished\":\"2026-02-23T13:00:53+00:00\",\"breadcrumb\":{\"@id\":\"https:\\\/\\\/cuartetoenlaweb.com.ar\\\/sitio\\\/cordoba-uepc-adhiere-a-ctera-y-las-clases-no-comenzaran-el-2-de-marzo\\\/#breadcrumb\"},\"inLanguage\":\"es\",\"potentialAction\":[{\"@type\":\"ReadAction\",\"target\":[\"https:\\\/\\\/cuartetoenlaweb.com.ar\\\/sitio\\\/cordoba-uepc-adhiere-a-ctera-y-las-clases-no-comenzaran-el-2-de-marzo\\\/\"]}]},{\"@type\":\"BreadcrumbList\",\"@id\":\"https:\\\/\\\/cuartetoenlaweb.com.ar\\\/sitio\\\/cordoba-uepc-adhiere-a-ctera-y-las-clases-no-comenzaran-el-2-de-marzo\\\/#breadcrumb\",\"itemListElement\":[{\"@type\":\"ListItem\",\"position\":1,\"name\":\"Portada\",\"item\":\"http:\\\/\\\/cuartetoenlaweb.com.ar\\\/sitio\\\/\"},{\"@type\":\"ListItem\",\"position\":2,\"name\":\"C\u00f3rdoba: UEPC adhiere a Ctera y las clases no comenzar\u00e1n el 2 de marzo\"}]},{\"@type\":\"WebSite\",\"@id\":\"http:\\\/\\\/cuartetoenlaweb.com.ar\\\/sitio\\\/#website\",\"url\":\"http:\\\/\\\/cuartetoenlaweb.com.ar\\\/sitio\\\/\",\"name\":\"Cuarteto en la Web\",\"description\":\"\",\"publisher\":{\"@id\":\"http:\\\/\\\/cuartetoenlaweb.com.ar\\\/sitio\\\/#organization\"},\"potentialAction\":[{\"@type\":\"SearchAction\",\"target\":{\"@type\":\"EntryPoint\",\"urlTemplate\":\"http:\\\/\\\/cuartetoenlaweb.com.ar\\\/sitio\\\/?s={search_term_string}\"},\"query-input\":{\"@type\":\"PropertyValueSpecification\",\"valueRequired\":true,\"valueName\":\"search_term_string\"}}],\"inLanguage\":\"es\"},{\"@type\":\"Organization\",\"@id\":\"http:\\\/\\\/cuartetoenlaweb.com.ar\\\/sitio\\\/#organization\",\"name\":\"Cuarteto en la Web\",\"url\":\"http:\\\/\\\/cuartetoenlaweb.com.ar\\\/sitio\\\/\",\"logo\":{\"@type\":\"ImageObject\",\"inLanguage\":\"es\",\"@id\":\"http:\\\/\\\/cuartetoenlaweb.com.ar\\\/sitio\\\/#\\\/schema\\\/logo\\\/image\\\/\",\"url\":\"https:\\\/\\\/cuartetoenlaweb.com.ar\\\/sitio\\\/wp-content\\\/uploads\\\/2025\\\/07\\\/cropped-cropped-logitoweb21.png\",\"contentUrl\":\"https:\\\/\\\/cuartetoenlaweb.com.ar\\\/sitio\\\/wp-content\\\/uploads\\\/2025\\\/07\\\/cropped-cropped-logitoweb21.png\",\"width\":199,\"height\":199,\"caption\":\"Cuarteto en la Web\"},\"image\":{\"@id\":\"http:\\\/\\\/cuartetoenlaweb.com.ar\\\/sitio\\\/#\\\/schema\\\/logo\\\/image\\\/\"}}]}<\/script>\n<!-- \/ Yoast SEO plugin. -->","yoast_head_json":{"title":"C\u00f3rdoba: UEPC adhiere a Ctera y las clases no comenzar\u00e1n el 2 de marzo - Cuarteto en la Web","robots":{"index":"index","follow":"follow","max-snippet":"max-snippet:-1","max-image-preview":"max-image-preview:large","max-video-preview":"max-video-preview:-1"},"canonical":"https:\/\/cuartetoenlaweb.com.ar\/sitio\/cordoba-uepc-adhiere-a-ctera-y-las-clases-no-comenzaran-el-2-de-marzo\/","og_locale":"es_ES","og_type":"article","og_title":"C\u00f3rdoba: UEPC adhiere a Ctera y las clases no comenzar\u00e1n el 2 de marzo - Cuarteto en la Web","og_description":"La Uni\u00f3n de Educadores de la Provincia de C\u00f3rdoba (UEPC)","og_url":"https:\/\/cuartetoenlaweb.com.ar\/sitio\/cordoba-uepc-adhiere-a-ctera-y-las-clases-no-comenzaran-el-2-de-marzo\/","og_site_name":"Cuarteto en la Web","article_published_time":"2026-02-23T13:00:53+00:00","twitter_card":"summary_large_image","twitter_misc":{"Tiempo de lectura":"1 minuto"},"schema":{"@context":"https:\/\/schema.org","@graph":[{"@type":"Article","@id":"https:\/\/cuartetoenlaweb.com.ar\/sitio\/cordoba-uepc-adhiere-a-ctera-y-las-clases-no-comenzaran-el-2-de-marzo\/#article","isPartOf":{"@id":"https:\/\/cuartetoenlaweb.com.ar\/sitio\/cordoba-uepc-adhiere-a-ctera-y-las-clases-no-comenzaran-el-2-de-marzo\/"},"author":{"name":"","@id":""},"headline":"C\u00f3rdoba: UEPC adhiere a Ctera y las clases no comenzar\u00e1n el 2 de marzo","datePublished":"2026-02-23T13:00:53+00:00","mainEntityOfPage":{"@id":"https:\/\/cuartetoenlaweb.com.ar\/sitio\/cordoba-uepc-adhiere-a-ctera-y-las-clases-no-comenzaran-el-2-de-marzo\/"},"wordCount":276,"publisher":{"@id":"http:\/\/cuartetoenlaweb.com.ar\/sitio\/#organization"},"articleSection":["PAIS"],"inLanguage":"es"},{"@type":"WebPage","@id":"https:\/\/cuartetoenlaweb.com.ar\/sitio\/cordoba-uepc-adhiere-a-ctera-y-las-clases-no-comenzaran-el-2-de-marzo\/","url":"https:\/\/cuartetoenlaweb.com.ar\/sitio\/cordoba-uepc-adhiere-a-ctera-y-las-clases-no-comenzaran-el-2-de-marzo\/","name":"C\u00f3rdoba: UEPC adhiere a Ctera y las clases no comenzar\u00e1n el 2 de marzo - Cuarteto en la Web","isPartOf":{"@id":"http:\/\/cuartetoenlaweb.com.ar\/sitio\/#website"},"datePublished":"2026-02-23T13:00:53+00:00","breadcrumb":{"@id":"https:\/\/cuartetoenlaweb.com.ar\/sitio\/cordoba-uepc-adhiere-a-ctera-y-las-clases-no-comenzaran-el-2-de-marzo\/#breadcrumb"},"inLanguage":"es","potentialAction":[{"@type":"ReadAction","target":["https:\/\/cuartetoenlaweb.com.ar\/sitio\/cordoba-uepc-adhiere-a-ctera-y-las-clases-no-comenzaran-el-2-de-marzo\/"]}]},{"@type":"BreadcrumbList","@id":"https:\/\/cuartetoenlaweb.com.ar\/sitio\/cordoba-uepc-adhiere-a-ctera-y-las-clases-no-comenzaran-el-2-de-marzo\/#breadcrumb","itemListElement":[{"@type":"ListItem","position":1,"name":"Portada","item":"http:\/\/cuartetoenlaweb.com.ar\/sitio\/"},{"@type":"ListItem","position":2,"name":"C\u00f3rdoba: UEPC adhiere a Ctera y las clases no comenzar\u00e1n el 2 de marzo"}]},{"@type":"WebSite","@id":"http:\/\/cuartetoenlaweb.com.ar\/sitio\/#website","url":"http:\/\/cuartetoenlaweb.com.ar\/sitio\/","name":"Cuarteto en la Web","description":"","publisher":{"@id":"http:\/\/cuartetoenlaweb.com.ar\/sitio\/#organization"},"potentialAction":[{"@type":"SearchAction","target":{"@type":"EntryPoint","urlTemplate":"http:\/\/cuartetoenlaweb.com.ar\/sitio\/?s={search_term_string}"},"query-input":{"@type":"PropertyValueSpecification","valueRequired":true,"valueName":"search_term_string"}}],"inLanguage":"es"},{"@type":"Organization","@id":"http:\/\/cuartetoenlaweb.com.ar\/sitio\/#organization","name":"Cuarteto en la Web","url":"http:\/\/cuartetoenlaweb.com.ar\/sitio\/","logo":{"@type":"ImageObject","inLanguage":"es","@id":"http:\/\/cuartetoenlaweb.com.ar\/sitio\/#\/schema\/logo\/image\/","url":"https:\/\/cuartetoenlaweb.com.ar\/sitio\/wp-content\/uploads\/2025\/07\/cropped-cropped-logitoweb21.png","contentUrl":"https:\/\/cuartetoenlaweb.com.ar\/sitio\/wp-content\/uploads\/2025\/07\/cropped-cropped-logitoweb21.png","width":199,"height":199,"caption":"Cuarteto en la Web"},"image":{"@id":"http:\/\/cuartetoenlaweb.com.ar\/sitio\/#\/schema\/logo\/image\/"}}]}},"_links":{"self":[{"href":"https:\/\/cuartetoenlaweb.com.ar\/sitio\/wp-json\/wp\/v2\/posts\/12525","targetHints":{"allow":["GET"]}}],"collection":[{"href":"https:\/\/cuartetoenlaweb.com.ar\/sitio\/wp-json\/wp\/v2\/posts"}],"about":[{"href":"https:\/\/cuartetoenlaweb.com.ar\/sitio\/wp-json\/wp\/v2\/types\/post"}],"replies":[{"embeddable":true,"href":"https:\/\/cuartetoenlaweb.com.ar\/sitio\/wp-json\/wp\/v2\/comments?post=12525"}],"version-history":[{"count":0,"href":"https:\/\/cuartetoenlaweb.com.ar\/sitio\/wp-json\/wp\/v2\/posts\/12525\/revisions"}],"wp:attachment":[{"href":"https:\/\/cuartetoenlaweb.com.ar\/sitio\/wp-json\/wp\/v2\/media?parent=12525"}],"wp:term":[{"taxonomy":"category","embeddable":true,"href":"https:\/\/cuartetoenlaweb.com.ar\/sitio\/wp-json\/wp\/v2\/categories?post=12525"},{"taxonomy":"post_tag","embeddable":true,"href":"https:\/\/cuartetoenlaweb.com.ar\/sitio\/wp-json\/wp\/v2\/tags?post=12525"}],"curies":[{"name":"wp","href":"https:\/\/api.w.org\/{rel}","templated":true}]}}