
{"id":12523,"date":"2026-02-23T10:00:47","date_gmt":"2026-02-23T13:00:47","guid":{"rendered":"https:\/\/cuartetoenlaweb.com.ar\/sitio\/instituto-busca-un-delantero-y-uno-de-los-apuntados-es-matias-tissera\/"},"modified":"2026-02-23T10:00:47","modified_gmt":"2026-02-23T13:00:47","slug":"instituto-busca-un-delantero-y-uno-de-los-apuntados-es-matias-tissera","status":"publish","type":"post","link":"https:\/\/cuartetoenlaweb.com.ar\/sitio\/instituto-busca-un-delantero-y-uno-de-los-apuntados-es-matias-tissera\/","title":{"rendered":"Instituto busca un delantero y uno de los apuntados es Mat\u00edas Tissera"},"content":{"rendered":"<p>La semana de <a href=\"https:\/\/x.com\/InstitutoACC\" target=\"_self\" rel=\"\" title=\"https:\/\/x.com\/InstitutoACC\">Instituto<\/a> tiene doble frente. Mientras el plantel se enfoca en el compromiso de este martes ante San Lorenzo por la s\u00e9ptima fecha del Apertura, la dirigencia contin\u00faa en movimiento para sumar una pieza m\u00e1s que termine de darle forma al plantel. El objetivo es claro: un delantero que eleve la competencia interna y ampl\u00ede variantes en el ataque.<\/p>\n<p>En ese radar aparece con fuerza el nombre de Mat\u00edas Tissera. El atacante de 29 a\u00f1os, con pasado destacado en Platense y actualidad en el Ludogorets de Bulgaria, es uno de los apuntados en Alta C\u00f3rdoba. Sin embargo, su eventual llegada depende primero de destrabar su salida del club europeo, donde hoy tiene contrato vigente y poco lugar.<\/p>\n<p>En Instituto prefieren la cautela. Aunque en los \u00faltimos d\u00edas circularon versiones que daban el acuerdo como cercano, desde el club bajan el tono: la negociaci\u00f3n est\u00e1 \u201cfr\u00eda\u201d, aunque admiten que podr\u00eda haber novedades en breve. La intenci\u00f3n es que Tissera compita por un lugar con el uruguayo Mat\u00edas Fonseca, el chileno Nicol\u00e1s Guerra y con Franco Jara, quien ya dej\u00f3 atr\u00e1s una tendinopat\u00eda y viajar\u00e1 a Buenos Aires con la delegaci\u00f3n.<\/p>\n<p>Por otra parte, en la Gloria tambi\u00e9n buscan un defensor central y un volante ofensivo. <\/p>\n<p>As\u00ed, entre la urgencia deportiva y la expectativa del mercado, Instituto se prepara para una tarde-noche exigente en el Nuevo Gas\u00f3metro, con la mira puesta en sumar y, al mismo tiempo, en reforzar su poder de gol para lo que viene.<\/p>\n<h2>Video: as\u00ed juega Mat\u00edas Tissera<\/h2>\n<h2>Posiciones en la Liga Profesional<\/h2><\/p>\n","protected":false},"excerpt":{"rendered":"<p>La semana de Instituto tiene doble frente. Mientras el plantel<\/p>\n","protected":false},"author":0,"featured_media":12524,"comment_status":"","ping_status":"","sticky":false,"template":"","format":"standard","meta":{"footnotes":""},"categories":[65],"tags":[],"class_list":["post-12523","post","type-post","status-publish","format-standard","has-post-thumbnail","hentry","category-pais"],"yoast_head":"<!-- This site is optimized with the Yoast SEO plugin v27.5 - https:\/\/yoast.com\/product\/yoast-seo-wordpress\/ -->\n<title>Instituto busca un delantero y uno de los apuntados es Mat\u00edas Tissera - Cuarteto en la Web<\/title>\n<meta name=\"robots\" content=\"index, follow, max-snippet:-1, max-image-preview:large, max-video-preview:-1\" \/>\n<link rel=\"canonical\" href=\"https:\/\/cuartetoenlaweb.com.ar\/sitio\/instituto-busca-un-delantero-y-uno-de-los-apuntados-es-matias-tissera\/\" \/>\n<meta property=\"og:locale\" content=\"es_ES\" \/>\n<meta property=\"og:type\" content=\"article\" \/>\n<meta property=\"og:title\" content=\"Instituto busca un delantero y uno de los apuntados es Mat\u00edas Tissera - Cuarteto en la Web\" \/>\n<meta property=\"og:description\" content=\"La semana de Instituto tiene doble frente. Mientras el plantel\" \/>\n<meta property=\"og:url\" content=\"https:\/\/cuartetoenlaweb.com.ar\/sitio\/instituto-busca-un-delantero-y-uno-de-los-apuntados-es-matias-tissera\/\" \/>\n<meta property=\"og:site_name\" content=\"Cuarteto en la Web\" \/>\n<meta property=\"article:published_time\" content=\"2026-02-23T13:00:47+00:00\" \/>\n<meta property=\"og:image\" content=\"https:\/\/cuartetoenlaweb.com.ar\/sitio\/wp-content\/uploads\/2026\/02\/C5AMPNURM5AGXCCGIECG5VUMYQ.jpg\" \/>\n\t<meta property=\"og:image:width\" content=\"1440\" \/>\n\t<meta property=\"og:image:height\" content=\"806\" \/>\n\t<meta property=\"og:image:type\" content=\"image\/jpeg\" \/>\n<meta name=\"twitter:card\" content=\"summary_large_image\" \/>\n<meta name=\"twitter:label1\" content=\"Tiempo de lectura\" \/>\n\t<meta name=\"twitter:data1\" content=\"1 minuto\" \/>\n<script type=\"application\/ld+json\" class=\"yoast-schema-graph\">{\"@context\":\"https:\\\/\\\/schema.org\",\"@graph\":[{\"@type\":\"Article\",\"@id\":\"https:\\\/\\\/cuartetoenlaweb.com.ar\\\/sitio\\\/instituto-busca-un-delantero-y-uno-de-los-apuntados-es-matias-tissera\\\/#article\",\"isPartOf\":{\"@id\":\"https:\\\/\\\/cuartetoenlaweb.com.ar\\\/sitio\\\/instituto-busca-un-delantero-y-uno-de-los-apuntados-es-matias-tissera\\\/\"},\"author\":{\"name\":\"\",\"@id\":\"\"},\"headline\":\"Instituto busca un delantero y uno de los apuntados es Mat\u00edas Tissera\",\"datePublished\":\"2026-02-23T13:00:47+00:00\",\"mainEntityOfPage\":{\"@id\":\"https:\\\/\\\/cuartetoenlaweb.com.ar\\\/sitio\\\/instituto-busca-un-delantero-y-uno-de-los-apuntados-es-matias-tissera\\\/\"},\"wordCount\":289,\"publisher\":{\"@id\":\"http:\\\/\\\/cuartetoenlaweb.com.ar\\\/sitio\\\/#organization\"},\"image\":{\"@id\":\"https:\\\/\\\/cuartetoenlaweb.com.ar\\\/sitio\\\/instituto-busca-un-delantero-y-uno-de-los-apuntados-es-matias-tissera\\\/#primaryimage\"},\"thumbnailUrl\":\"https:\\\/\\\/cuartetoenlaweb.com.ar\\\/sitio\\\/wp-content\\\/uploads\\\/2026\\\/02\\\/C5AMPNURM5AGXCCGIECG5VUMYQ.jpg\",\"articleSection\":[\"PAIS\"],\"inLanguage\":\"es\"},{\"@type\":\"WebPage\",\"@id\":\"https:\\\/\\\/cuartetoenlaweb.com.ar\\\/sitio\\\/instituto-busca-un-delantero-y-uno-de-los-apuntados-es-matias-tissera\\\/\",\"url\":\"https:\\\/\\\/cuartetoenlaweb.com.ar\\\/sitio\\\/instituto-busca-un-delantero-y-uno-de-los-apuntados-es-matias-tissera\\\/\",\"name\":\"Instituto busca un delantero y uno de los apuntados es Mat\u00edas Tissera - Cuarteto en la Web\",\"isPartOf\":{\"@id\":\"http:\\\/\\\/cuartetoenlaweb.com.ar\\\/sitio\\\/#website\"},\"primaryImageOfPage\":{\"@id\":\"https:\\\/\\\/cuartetoenlaweb.com.ar\\\/sitio\\\/instituto-busca-un-delantero-y-uno-de-los-apuntados-es-matias-tissera\\\/#primaryimage\"},\"image\":{\"@id\":\"https:\\\/\\\/cuartetoenlaweb.com.ar\\\/sitio\\\/instituto-busca-un-delantero-y-uno-de-los-apuntados-es-matias-tissera\\\/#primaryimage\"},\"thumbnailUrl\":\"https:\\\/\\\/cuartetoenlaweb.com.ar\\\/sitio\\\/wp-content\\\/uploads\\\/2026\\\/02\\\/C5AMPNURM5AGXCCGIECG5VUMYQ.jpg\",\"datePublished\":\"2026-02-23T13:00:47+00:00\",\"breadcrumb\":{\"@id\":\"https:\\\/\\\/cuartetoenlaweb.com.ar\\\/sitio\\\/instituto-busca-un-delantero-y-uno-de-los-apuntados-es-matias-tissera\\\/#breadcrumb\"},\"inLanguage\":\"es\",\"potentialAction\":[{\"@type\":\"ReadAction\",\"target\":[\"https:\\\/\\\/cuartetoenlaweb.com.ar\\\/sitio\\\/instituto-busca-un-delantero-y-uno-de-los-apuntados-es-matias-tissera\\\/\"]}]},{\"@type\":\"ImageObject\",\"inLanguage\":\"es\",\"@id\":\"https:\\\/\\\/cuartetoenlaweb.com.ar\\\/sitio\\\/instituto-busca-un-delantero-y-uno-de-los-apuntados-es-matias-tissera\\\/#primaryimage\",\"url\":\"https:\\\/\\\/cuartetoenlaweb.com.ar\\\/sitio\\\/wp-content\\\/uploads\\\/2026\\\/02\\\/C5AMPNURM5AGXCCGIECG5VUMYQ.jpg\",\"contentUrl\":\"https:\\\/\\\/cuartetoenlaweb.com.ar\\\/sitio\\\/wp-content\\\/uploads\\\/2026\\\/02\\\/C5AMPNURM5AGXCCGIECG5VUMYQ.jpg\",\"width\":1440,\"height\":806},{\"@type\":\"BreadcrumbList\",\"@id\":\"https:\\\/\\\/cuartetoenlaweb.com.ar\\\/sitio\\\/instituto-busca-un-delantero-y-uno-de-los-apuntados-es-matias-tissera\\\/#breadcrumb\",\"itemListElement\":[{\"@type\":\"ListItem\",\"position\":1,\"name\":\"Portada\",\"item\":\"http:\\\/\\\/cuartetoenlaweb.com.ar\\\/sitio\\\/\"},{\"@type\":\"ListItem\",\"position\":2,\"name\":\"Instituto busca un delantero y uno de los apuntados es Mat\u00edas Tissera\"}]},{\"@type\":\"WebSite\",\"@id\":\"http:\\\/\\\/cuartetoenlaweb.com.ar\\\/sitio\\\/#website\",\"url\":\"http:\\\/\\\/cuartetoenlaweb.com.ar\\\/sitio\\\/\",\"name\":\"Cuarteto en la Web\",\"description\":\"\",\"publisher\":{\"@id\":\"http:\\\/\\\/cuartetoenlaweb.com.ar\\\/sitio\\\/#organization\"},\"potentialAction\":[{\"@type\":\"SearchAction\",\"target\":{\"@type\":\"EntryPoint\",\"urlTemplate\":\"http:\\\/\\\/cuartetoenlaweb.com.ar\\\/sitio\\\/?s={search_term_string}\"},\"query-input\":{\"@type\":\"PropertyValueSpecification\",\"valueRequired\":true,\"valueName\":\"search_term_string\"}}],\"inLanguage\":\"es\"},{\"@type\":\"Organization\",\"@id\":\"http:\\\/\\\/cuartetoenlaweb.com.ar\\\/sitio\\\/#organization\",\"name\":\"Cuarteto en la Web\",\"url\":\"http:\\\/\\\/cuartetoenlaweb.com.ar\\\/sitio\\\/\",\"logo\":{\"@type\":\"ImageObject\",\"inLanguage\":\"es\",\"@id\":\"http:\\\/\\\/cuartetoenlaweb.com.ar\\\/sitio\\\/#\\\/schema\\\/logo\\\/image\\\/\",\"url\":\"https:\\\/\\\/cuartetoenlaweb.com.ar\\\/sitio\\\/wp-content\\\/uploads\\\/2025\\\/07\\\/cropped-cropped-logitoweb21.png\",\"contentUrl\":\"https:\\\/\\\/cuartetoenlaweb.com.ar\\\/sitio\\\/wp-content\\\/uploads\\\/2025\\\/07\\\/cropped-cropped-logitoweb21.png\",\"width\":199,\"height\":199,\"caption\":\"Cuarteto en la Web\"},\"image\":{\"@id\":\"http:\\\/\\\/cuartetoenlaweb.com.ar\\\/sitio\\\/#\\\/schema\\\/logo\\\/image\\\/\"}}]}<\/script>\n<!-- \/ Yoast SEO plugin. -->","yoast_head_json":{"title":"Instituto busca un delantero y uno de los apuntados es Mat\u00edas Tissera - Cuarteto en la Web","robots":{"index":"index","follow":"follow","max-snippet":"max-snippet:-1","max-image-preview":"max-image-preview:large","max-video-preview":"max-video-preview:-1"},"canonical":"https:\/\/cuartetoenlaweb.com.ar\/sitio\/instituto-busca-un-delantero-y-uno-de-los-apuntados-es-matias-tissera\/","og_locale":"es_ES","og_type":"article","og_title":"Instituto busca un delantero y uno de los apuntados es Mat\u00edas Tissera - Cuarteto en la Web","og_description":"La semana de Instituto tiene doble frente. Mientras el plantel","og_url":"https:\/\/cuartetoenlaweb.com.ar\/sitio\/instituto-busca-un-delantero-y-uno-de-los-apuntados-es-matias-tissera\/","og_site_name":"Cuarteto en la Web","article_published_time":"2026-02-23T13:00:47+00:00","og_image":[{"width":1440,"height":806,"url":"https:\/\/cuartetoenlaweb.com.ar\/sitio\/wp-content\/uploads\/2026\/02\/C5AMPNURM5AGXCCGIECG5VUMYQ.jpg","type":"image\/jpeg"}],"twitter_card":"summary_large_image","twitter_misc":{"Tiempo de lectura":"1 minuto"},"schema":{"@context":"https:\/\/schema.org","@graph":[{"@type":"Article","@id":"https:\/\/cuartetoenlaweb.com.ar\/sitio\/instituto-busca-un-delantero-y-uno-de-los-apuntados-es-matias-tissera\/#article","isPartOf":{"@id":"https:\/\/cuartetoenlaweb.com.ar\/sitio\/instituto-busca-un-delantero-y-uno-de-los-apuntados-es-matias-tissera\/"},"author":{"name":"","@id":""},"headline":"Instituto busca un delantero y uno de los apuntados es Mat\u00edas Tissera","datePublished":"2026-02-23T13:00:47+00:00","mainEntityOfPage":{"@id":"https:\/\/cuartetoenlaweb.com.ar\/sitio\/instituto-busca-un-delantero-y-uno-de-los-apuntados-es-matias-tissera\/"},"wordCount":289,"publisher":{"@id":"http:\/\/cuartetoenlaweb.com.ar\/sitio\/#organization"},"image":{"@id":"https:\/\/cuartetoenlaweb.com.ar\/sitio\/instituto-busca-un-delantero-y-uno-de-los-apuntados-es-matias-tissera\/#primaryimage"},"thumbnailUrl":"https:\/\/cuartetoenlaweb.com.ar\/sitio\/wp-content\/uploads\/2026\/02\/C5AMPNURM5AGXCCGIECG5VUMYQ.jpg","articleSection":["PAIS"],"inLanguage":"es"},{"@type":"WebPage","@id":"https:\/\/cuartetoenlaweb.com.ar\/sitio\/instituto-busca-un-delantero-y-uno-de-los-apuntados-es-matias-tissera\/","url":"https:\/\/cuartetoenlaweb.com.ar\/sitio\/instituto-busca-un-delantero-y-uno-de-los-apuntados-es-matias-tissera\/","name":"Instituto busca un delantero y uno de los apuntados es Mat\u00edas Tissera - Cuarteto en la Web","isPartOf":{"@id":"http:\/\/cuartetoenlaweb.com.ar\/sitio\/#website"},"primaryImageOfPage":{"@id":"https:\/\/cuartetoenlaweb.com.ar\/sitio\/instituto-busca-un-delantero-y-uno-de-los-apuntados-es-matias-tissera\/#primaryimage"},"image":{"@id":"https:\/\/cuartetoenlaweb.com.ar\/sitio\/instituto-busca-un-delantero-y-uno-de-los-apuntados-es-matias-tissera\/#primaryimage"},"thumbnailUrl":"https:\/\/cuartetoenlaweb.com.ar\/sitio\/wp-content\/uploads\/2026\/02\/C5AMPNURM5AGXCCGIECG5VUMYQ.jpg","datePublished":"2026-02-23T13:00:47+00:00","breadcrumb":{"@id":"https:\/\/cuartetoenlaweb.com.ar\/sitio\/instituto-busca-un-delantero-y-uno-de-los-apuntados-es-matias-tissera\/#breadcrumb"},"inLanguage":"es","potentialAction":[{"@type":"ReadAction","target":["https:\/\/cuartetoenlaweb.com.ar\/sitio\/instituto-busca-un-delantero-y-uno-de-los-apuntados-es-matias-tissera\/"]}]},{"@type":"ImageObject","inLanguage":"es","@id":"https:\/\/cuartetoenlaweb.com.ar\/sitio\/instituto-busca-un-delantero-y-uno-de-los-apuntados-es-matias-tissera\/#primaryimage","url":"https:\/\/cuartetoenlaweb.com.ar\/sitio\/wp-content\/uploads\/2026\/02\/C5AMPNURM5AGXCCGIECG5VUMYQ.jpg","contentUrl":"https:\/\/cuartetoenlaweb.com.ar\/sitio\/wp-content\/uploads\/2026\/02\/C5AMPNURM5AGXCCGIECG5VUMYQ.jpg","width":1440,"height":806},{"@type":"BreadcrumbList","@id":"https:\/\/cuartetoenlaweb.com.ar\/sitio\/instituto-busca-un-delantero-y-uno-de-los-apuntados-es-matias-tissera\/#breadcrumb","itemListElement":[{"@type":"ListItem","position":1,"name":"Portada","item":"http:\/\/cuartetoenlaweb.com.ar\/sitio\/"},{"@type":"ListItem","position":2,"name":"Instituto busca un delantero y uno de los apuntados es Mat\u00edas Tissera"}]},{"@type":"WebSite","@id":"http:\/\/cuartetoenlaweb.com.ar\/sitio\/#website","url":"http:\/\/cuartetoenlaweb.com.ar\/sitio\/","name":"Cuarteto en la Web","description":"","publisher":{"@id":"http:\/\/cuartetoenlaweb.com.ar\/sitio\/#organization"},"potentialAction":[{"@type":"SearchAction","target":{"@type":"EntryPoint","urlTemplate":"http:\/\/cuartetoenlaweb.com.ar\/sitio\/?s={search_term_string}"},"query-input":{"@type":"PropertyValueSpecification","valueRequired":true,"valueName":"search_term_string"}}],"inLanguage":"es"},{"@type":"Organization","@id":"http:\/\/cuartetoenlaweb.com.ar\/sitio\/#organization","name":"Cuarteto en la Web","url":"http:\/\/cuartetoenlaweb.com.ar\/sitio\/","logo":{"@type":"ImageObject","inLanguage":"es","@id":"http:\/\/cuartetoenlaweb.com.ar\/sitio\/#\/schema\/logo\/image\/","url":"https:\/\/cuartetoenlaweb.com.ar\/sitio\/wp-content\/uploads\/2025\/07\/cropped-cropped-logitoweb21.png","contentUrl":"https:\/\/cuartetoenlaweb.com.ar\/sitio\/wp-content\/uploads\/2025\/07\/cropped-cropped-logitoweb21.png","width":199,"height":199,"caption":"Cuarteto en la Web"},"image":{"@id":"http:\/\/cuartetoenlaweb.com.ar\/sitio\/#\/schema\/logo\/image\/"}}]}},"_links":{"self":[{"href":"https:\/\/cuartetoenlaweb.com.ar\/sitio\/wp-json\/wp\/v2\/posts\/12523","targetHints":{"allow":["GET"]}}],"collection":[{"href":"https:\/\/cuartetoenlaweb.com.ar\/sitio\/wp-json\/wp\/v2\/posts"}],"about":[{"href":"https:\/\/cuartetoenlaweb.com.ar\/sitio\/wp-json\/wp\/v2\/types\/post"}],"replies":[{"embeddable":true,"href":"https:\/\/cuartetoenlaweb.com.ar\/sitio\/wp-json\/wp\/v2\/comments?post=12523"}],"version-history":[{"count":0,"href":"https:\/\/cuartetoenlaweb.com.ar\/sitio\/wp-json\/wp\/v2\/posts\/12523\/revisions"}],"wp:featuredmedia":[{"embeddable":true,"href":"https:\/\/cuartetoenlaweb.com.ar\/sitio\/wp-json\/wp\/v2\/media\/12524"}],"wp:attachment":[{"href":"https:\/\/cuartetoenlaweb.com.ar\/sitio\/wp-json\/wp\/v2\/media?parent=12523"}],"wp:term":[{"taxonomy":"category","embeddable":true,"href":"https:\/\/cuartetoenlaweb.com.ar\/sitio\/wp-json\/wp\/v2\/categories?post=12523"},{"taxonomy":"post_tag","embeddable":true,"href":"https:\/\/cuartetoenlaweb.com.ar\/sitio\/wp-json\/wp\/v2\/tags?post=12523"}],"curies":[{"name":"wp","href":"https:\/\/api.w.org\/{rel}","templated":true}]}}