
{"id":12521,"date":"2026-02-23T10:00:45","date_gmt":"2026-02-23T13:00:45","guid":{"rendered":"https:\/\/cuartetoenlaweb.com.ar\/sitio\/golpe-al-dueno-de-fate-y-aluar-el-gobierno-de-milei-elimino-el-arancel-al-aluminio-de-china\/"},"modified":"2026-02-23T10:00:45","modified_gmt":"2026-02-23T13:00:45","slug":"golpe-al-dueno-de-fate-y-aluar-el-gobierno-de-milei-elimino-el-arancel-al-aluminio-de-china","status":"publish","type":"post","link":"https:\/\/cuartetoenlaweb.com.ar\/sitio\/golpe-al-dueno-de-fate-y-aluar-el-gobierno-de-milei-elimino-el-arancel-al-aluminio-de-china\/","title":{"rendered":"Golpe al due\u00f1o de Fate y Aluar: el Gobierno de Milei elimin\u00f3 el arancel al aluminio de China"},"content":{"rendered":"<p>El Gobierno nacional dej\u00f3 sin efecto un arancel antidumping del 28% aplicado a las importaciones de hojas de aluminio provenientes de China. La medida afectar\u00e1 de manera directa a Aluar, la principal empresa productora del pa\u00eds, <a href=\"https:\/\/www.lavoz.com.ar\/negocios\/las-advertencias-del-dueno-de-fate-en-2024-hemos-armado-un-frankenstein-economico-y-dormimos-15-anos\/\" target=\"_self\" rel=\"\" title=\"https:\/\/www.lavoz.com.ar\/negocios\/las-advertencias-del-dueno-de-fate-en-2024-hemos-armado-un-frankenstein-economico-y-dormimos-15-anos\/\"><b>ligada al empresario Javier Madanes Quintanilla<\/b><\/a>.<\/p>\n<p>La decisi\u00f3n fue oficializada en el Bolet\u00edn Oficial a trav\u00e9s de una resoluci\u00f3n del Ministerio de Econom\u00eda, cartera que se encuentra bajo la conducci\u00f3n de Luis Caputo. La protecci\u00f3n comercial hab\u00eda sido otorgada en el a\u00f1o 2020 durante la gesti\u00f3n de Alberto Fern\u00e1ndez y ten\u00eda fecha de vencimiento para el pr\u00f3ximo 5 de marzo.<\/p>\n<p>Esta quita de beneficios arancelarios se produce apenas d\u00edas despu\u00e9s del anuncio de cierre de la planta productora de neum\u00e1ticos Fate. Dicha f\u00e1brica tambi\u00e9n pertenece al mismo grupo econ\u00f3mico que controla actualmente el mercado primario del aluminio a nivel nacional.<\/p>\n<h2>Los motivos t\u00e9cnicos y el control de precios<\/h2>\n<p>Para fundamentar la medida adoptada, el Gobierno analiz\u00f3 un informe t\u00e9cnico elaborado por el \u00e1rea de Comercio Exterior. El documento concluy\u00f3 textualmente que \u201cno surge margen de dumping para las operaciones de exportaci\u00f3n hacia la Rep\u00fablica Argentina\u201d.<\/p>\n<p><img loading=\"lazy\" decoding=\"async\" src=\"https:\/\/www.lavoz.com.ar\/resizer\/aHTCm_AFkdS_y2ZgI10Aln0x92g=\/cloudfront-us-east-1.images.arcpublishing.com\/grupoclarin\/GKATJLOWIRAGDHJJYXZLCLBYLQ.jpg\" alt=\"Aluar, empresa argentina l\u00edder en venta de alumnio.\" height=\"800\" width=\"1200\" \/><\/p>\n<p>Las autoridades advirtieron que, al integrar sus insumos b\u00e1sicos, Aluar pudo independizar sus decisiones de producci\u00f3n y precios del resultado econ\u00f3mico inmediato. Seg\u00fan los registros del per\u00edodo investigado, el precio internacional del aluminio experiment\u00f3 una baja sostenida del 16%.<\/p>\n<p>Sin embargo, en ese mismo lapso temporal, la empresa nacional aplic\u00f3 subas de entre el 5% y el 7% en el mercado interno. Con esta din\u00e1mica de precios locales al alza, Aluar pas\u00f3 de tener una participaci\u00f3n del 64% en 2019 a concentrar el 91% en 2024.<\/p>\n<p>En contrapartida, durante la vigencia de la normativa de emergencia, las importaciones desde China se redujeron de manera dr\u00e1stica. Su participaci\u00f3n real en el mercado nacional no logr\u00f3 superar la barrera del 3% en todo el per\u00edodo comprendido entre los a\u00f1os 2022 y 2025.<\/p>\n<h2>El impacto en los alimentos y la construcci\u00f3n<\/h2>\n<p>El insumo afectado por la resoluci\u00f3n gubernamental se denomina comercialmente como<b> \u201cfoil\u201d<\/b> u hoja de aluminio simplemente laminada y sin soporte. Se trata de un material con un espesor que var\u00eda de 0,006 a 0,2 mil\u00edmetros y una anchura m\u00e1xima de 1.300 mil\u00edmetros.<\/p>\n<p>La resoluci\u00f3n ministerial puntualiz\u00f3 que este producto se utiliza masivamente en la fabricaci\u00f3n de envases para diversos bienes de consumo. Entre sus principales aplicaciones industriales directas se destacan el envasado de alimentos, de bebidas y de medicamentos.<\/p>\n<p>Adem\u00e1s, este tipo de material resulta indispensable para la elaboraci\u00f3n de membranas aislantes destinadas al rubro de la construcci\u00f3n. Por este motivo, el precio del producto termina impactando fuertemente en la estructura operativa de m\u00faltiples cadenas de consumo b\u00e1sico.<\/p>\n<h2>El rechazo a la pr\u00f3rroga y la visi\u00f3n t\u00e9cnica<\/h2>\n<p>Ante la inminencia de la fecha l\u00edmite para el fin del tributo, las autoridades de Aluar hab\u00edan solicitado formalmente la continuidad del esquema arancelario. No obstante, la respuesta definitiva del Poder Ejecutivo nacional fue negativa ante los resultados arrojados por el an\u00e1lisis.<\/p>\n<p>Yanina Lojo, especialista en comercio exterior, explic\u00f3 que las medidas de defensa comercial \u201cno est\u00e1n pensadas para transformarse en esquemas permanentes\u201d, public\u00f3 Infobae. Su objetivo normativo es corregir distorsiones concretas \u00fanicamente cuando existen pruebas suficientes de \u201cdumping y de da\u00f1o\u201d.<\/p>\n<p>\u201cSi esa evidencia no alcanza el est\u00e1ndar t\u00e9cnico exigido por el Acuerdo Antidumping, la medida debe caer\u201d, sentenci\u00f3 la experta sectorial consultada. Lojo remarc\u00f3 tambi\u00e9n que la solidez t\u00e9cnica en el an\u00e1lisis de los precios representa el \u201cn\u00facleo de cualquier decisi\u00f3n responsable\u201d en la materia.<\/p>\n<p>La eliminaci\u00f3n de esta barrera proteccionista promete transformar el ecosistema de los insumos industriales del pa\u00eds, obligando al proveedor dominante a readecuar su competitividad comercial frente al regreso inminente de la oferta asi\u00e1tica.<\/p>\n","protected":false},"excerpt":{"rendered":"<p>El Gobierno nacional dej\u00f3 sin efecto un arancel antidumping del<\/p>\n","protected":false},"author":0,"featured_media":12522,"comment_status":"","ping_status":"","sticky":false,"template":"","format":"standard","meta":{"footnotes":""},"categories":[65],"tags":[],"class_list":["post-12521","post","type-post","status-publish","format-standard","has-post-thumbnail","hentry","category-pais"],"yoast_head":"<!-- This site is optimized with the Yoast SEO plugin v27.5 - https:\/\/yoast.com\/product\/yoast-seo-wordpress\/ -->\n<title>Golpe al due\u00f1o de Fate y Aluar: el Gobierno de Milei elimin\u00f3 el arancel al aluminio de China - Cuarteto en la Web<\/title>\n<meta name=\"robots\" content=\"index, follow, max-snippet:-1, max-image-preview:large, max-video-preview:-1\" \/>\n<link rel=\"canonical\" href=\"https:\/\/cuartetoenlaweb.com.ar\/sitio\/golpe-al-dueno-de-fate-y-aluar-el-gobierno-de-milei-elimino-el-arancel-al-aluminio-de-china\/\" \/>\n<meta property=\"og:locale\" content=\"es_ES\" \/>\n<meta property=\"og:type\" content=\"article\" \/>\n<meta property=\"og:title\" content=\"Golpe al due\u00f1o de Fate y Aluar: el Gobierno de Milei elimin\u00f3 el arancel al aluminio de China - Cuarteto en la Web\" \/>\n<meta property=\"og:description\" content=\"El Gobierno nacional dej\u00f3 sin efecto un arancel antidumping del\" \/>\n<meta property=\"og:url\" content=\"https:\/\/cuartetoenlaweb.com.ar\/sitio\/golpe-al-dueno-de-fate-y-aluar-el-gobierno-de-milei-elimino-el-arancel-al-aluminio-de-china\/\" \/>\n<meta property=\"og:site_name\" content=\"Cuarteto en la Web\" \/>\n<meta property=\"article:published_time\" content=\"2026-02-23T13:00:45+00:00\" \/>\n<meta property=\"og:image\" content=\"https:\/\/cuartetoenlaweb.com.ar\/sitio\/wp-content\/uploads\/2026\/02\/MUYDAYZZMZSTGNBZG42TSMBVME.jpg\" \/>\n\t<meta property=\"og:image:width\" content=\"768\" \/>\n\t<meta property=\"og:image:height\" content=\"432\" \/>\n\t<meta property=\"og:image:type\" content=\"image\/jpeg\" \/>\n<meta name=\"twitter:card\" content=\"summary_large_image\" \/>\n<meta name=\"twitter:label1\" content=\"Tiempo de lectura\" \/>\n\t<meta name=\"twitter:data1\" content=\"3 minutos\" \/>\n<script type=\"application\/ld+json\" class=\"yoast-schema-graph\">{\"@context\":\"https:\\\/\\\/schema.org\",\"@graph\":[{\"@type\":\"Article\",\"@id\":\"https:\\\/\\\/cuartetoenlaweb.com.ar\\\/sitio\\\/golpe-al-dueno-de-fate-y-aluar-el-gobierno-de-milei-elimino-el-arancel-al-aluminio-de-china\\\/#article\",\"isPartOf\":{\"@id\":\"https:\\\/\\\/cuartetoenlaweb.com.ar\\\/sitio\\\/golpe-al-dueno-de-fate-y-aluar-el-gobierno-de-milei-elimino-el-arancel-al-aluminio-de-china\\\/\"},\"author\":{\"name\":\"\",\"@id\":\"\"},\"headline\":\"Golpe al due\u00f1o de Fate y Aluar: el Gobierno de Milei elimin\u00f3 el arancel al aluminio de China\",\"datePublished\":\"2026-02-23T13:00:45+00:00\",\"mainEntityOfPage\":{\"@id\":\"https:\\\/\\\/cuartetoenlaweb.com.ar\\\/sitio\\\/golpe-al-dueno-de-fate-y-aluar-el-gobierno-de-milei-elimino-el-arancel-al-aluminio-de-china\\\/\"},\"wordCount\":676,\"publisher\":{\"@id\":\"http:\\\/\\\/cuartetoenlaweb.com.ar\\\/sitio\\\/#organization\"},\"image\":{\"@id\":\"https:\\\/\\\/cuartetoenlaweb.com.ar\\\/sitio\\\/golpe-al-dueno-de-fate-y-aluar-el-gobierno-de-milei-elimino-el-arancel-al-aluminio-de-china\\\/#primaryimage\"},\"thumbnailUrl\":\"https:\\\/\\\/cuartetoenlaweb.com.ar\\\/sitio\\\/wp-content\\\/uploads\\\/2026\\\/02\\\/MUYDAYZZMZSTGNBZG42TSMBVME.jpg\",\"articleSection\":[\"PAIS\"],\"inLanguage\":\"es\"},{\"@type\":\"WebPage\",\"@id\":\"https:\\\/\\\/cuartetoenlaweb.com.ar\\\/sitio\\\/golpe-al-dueno-de-fate-y-aluar-el-gobierno-de-milei-elimino-el-arancel-al-aluminio-de-china\\\/\",\"url\":\"https:\\\/\\\/cuartetoenlaweb.com.ar\\\/sitio\\\/golpe-al-dueno-de-fate-y-aluar-el-gobierno-de-milei-elimino-el-arancel-al-aluminio-de-china\\\/\",\"name\":\"Golpe al due\u00f1o de Fate y Aluar: el Gobierno de Milei elimin\u00f3 el arancel al aluminio de China - Cuarteto en la Web\",\"isPartOf\":{\"@id\":\"http:\\\/\\\/cuartetoenlaweb.com.ar\\\/sitio\\\/#website\"},\"primaryImageOfPage\":{\"@id\":\"https:\\\/\\\/cuartetoenlaweb.com.ar\\\/sitio\\\/golpe-al-dueno-de-fate-y-aluar-el-gobierno-de-milei-elimino-el-arancel-al-aluminio-de-china\\\/#primaryimage\"},\"image\":{\"@id\":\"https:\\\/\\\/cuartetoenlaweb.com.ar\\\/sitio\\\/golpe-al-dueno-de-fate-y-aluar-el-gobierno-de-milei-elimino-el-arancel-al-aluminio-de-china\\\/#primaryimage\"},\"thumbnailUrl\":\"https:\\\/\\\/cuartetoenlaweb.com.ar\\\/sitio\\\/wp-content\\\/uploads\\\/2026\\\/02\\\/MUYDAYZZMZSTGNBZG42TSMBVME.jpg\",\"datePublished\":\"2026-02-23T13:00:45+00:00\",\"breadcrumb\":{\"@id\":\"https:\\\/\\\/cuartetoenlaweb.com.ar\\\/sitio\\\/golpe-al-dueno-de-fate-y-aluar-el-gobierno-de-milei-elimino-el-arancel-al-aluminio-de-china\\\/#breadcrumb\"},\"inLanguage\":\"es\",\"potentialAction\":[{\"@type\":\"ReadAction\",\"target\":[\"https:\\\/\\\/cuartetoenlaweb.com.ar\\\/sitio\\\/golpe-al-dueno-de-fate-y-aluar-el-gobierno-de-milei-elimino-el-arancel-al-aluminio-de-china\\\/\"]}]},{\"@type\":\"ImageObject\",\"inLanguage\":\"es\",\"@id\":\"https:\\\/\\\/cuartetoenlaweb.com.ar\\\/sitio\\\/golpe-al-dueno-de-fate-y-aluar-el-gobierno-de-milei-elimino-el-arancel-al-aluminio-de-china\\\/#primaryimage\",\"url\":\"https:\\\/\\\/cuartetoenlaweb.com.ar\\\/sitio\\\/wp-content\\\/uploads\\\/2026\\\/02\\\/MUYDAYZZMZSTGNBZG42TSMBVME.jpg\",\"contentUrl\":\"https:\\\/\\\/cuartetoenlaweb.com.ar\\\/sitio\\\/wp-content\\\/uploads\\\/2026\\\/02\\\/MUYDAYZZMZSTGNBZG42TSMBVME.jpg\",\"width\":768,\"height\":432},{\"@type\":\"BreadcrumbList\",\"@id\":\"https:\\\/\\\/cuartetoenlaweb.com.ar\\\/sitio\\\/golpe-al-dueno-de-fate-y-aluar-el-gobierno-de-milei-elimino-el-arancel-al-aluminio-de-china\\\/#breadcrumb\",\"itemListElement\":[{\"@type\":\"ListItem\",\"position\":1,\"name\":\"Portada\",\"item\":\"http:\\\/\\\/cuartetoenlaweb.com.ar\\\/sitio\\\/\"},{\"@type\":\"ListItem\",\"position\":2,\"name\":\"Golpe al due\u00f1o de Fate y Aluar: el Gobierno de Milei elimin\u00f3 el arancel al aluminio de China\"}]},{\"@type\":\"WebSite\",\"@id\":\"http:\\\/\\\/cuartetoenlaweb.com.ar\\\/sitio\\\/#website\",\"url\":\"http:\\\/\\\/cuartetoenlaweb.com.ar\\\/sitio\\\/\",\"name\":\"Cuarteto en la Web\",\"description\":\"\",\"publisher\":{\"@id\":\"http:\\\/\\\/cuartetoenlaweb.com.ar\\\/sitio\\\/#organization\"},\"potentialAction\":[{\"@type\":\"SearchAction\",\"target\":{\"@type\":\"EntryPoint\",\"urlTemplate\":\"http:\\\/\\\/cuartetoenlaweb.com.ar\\\/sitio\\\/?s={search_term_string}\"},\"query-input\":{\"@type\":\"PropertyValueSpecification\",\"valueRequired\":true,\"valueName\":\"search_term_string\"}}],\"inLanguage\":\"es\"},{\"@type\":\"Organization\",\"@id\":\"http:\\\/\\\/cuartetoenlaweb.com.ar\\\/sitio\\\/#organization\",\"name\":\"Cuarteto en la Web\",\"url\":\"http:\\\/\\\/cuartetoenlaweb.com.ar\\\/sitio\\\/\",\"logo\":{\"@type\":\"ImageObject\",\"inLanguage\":\"es\",\"@id\":\"http:\\\/\\\/cuartetoenlaweb.com.ar\\\/sitio\\\/#\\\/schema\\\/logo\\\/image\\\/\",\"url\":\"https:\\\/\\\/cuartetoenlaweb.com.ar\\\/sitio\\\/wp-content\\\/uploads\\\/2025\\\/07\\\/cropped-cropped-logitoweb21.png\",\"contentUrl\":\"https:\\\/\\\/cuartetoenlaweb.com.ar\\\/sitio\\\/wp-content\\\/uploads\\\/2025\\\/07\\\/cropped-cropped-logitoweb21.png\",\"width\":199,\"height\":199,\"caption\":\"Cuarteto en la Web\"},\"image\":{\"@id\":\"http:\\\/\\\/cuartetoenlaweb.com.ar\\\/sitio\\\/#\\\/schema\\\/logo\\\/image\\\/\"}}]}<\/script>\n<!-- \/ Yoast SEO plugin. -->","yoast_head_json":{"title":"Golpe al due\u00f1o de Fate y Aluar: el Gobierno de Milei elimin\u00f3 el arancel al aluminio de China - Cuarteto en la Web","robots":{"index":"index","follow":"follow","max-snippet":"max-snippet:-1","max-image-preview":"max-image-preview:large","max-video-preview":"max-video-preview:-1"},"canonical":"https:\/\/cuartetoenlaweb.com.ar\/sitio\/golpe-al-dueno-de-fate-y-aluar-el-gobierno-de-milei-elimino-el-arancel-al-aluminio-de-china\/","og_locale":"es_ES","og_type":"article","og_title":"Golpe al due\u00f1o de Fate y Aluar: el Gobierno de Milei elimin\u00f3 el arancel al aluminio de China - Cuarteto en la Web","og_description":"El Gobierno nacional dej\u00f3 sin efecto un arancel antidumping del","og_url":"https:\/\/cuartetoenlaweb.com.ar\/sitio\/golpe-al-dueno-de-fate-y-aluar-el-gobierno-de-milei-elimino-el-arancel-al-aluminio-de-china\/","og_site_name":"Cuarteto en la Web","article_published_time":"2026-02-23T13:00:45+00:00","og_image":[{"width":768,"height":432,"url":"https:\/\/cuartetoenlaweb.com.ar\/sitio\/wp-content\/uploads\/2026\/02\/MUYDAYZZMZSTGNBZG42TSMBVME.jpg","type":"image\/jpeg"}],"twitter_card":"summary_large_image","twitter_misc":{"Tiempo de lectura":"3 minutos"},"schema":{"@context":"https:\/\/schema.org","@graph":[{"@type":"Article","@id":"https:\/\/cuartetoenlaweb.com.ar\/sitio\/golpe-al-dueno-de-fate-y-aluar-el-gobierno-de-milei-elimino-el-arancel-al-aluminio-de-china\/#article","isPartOf":{"@id":"https:\/\/cuartetoenlaweb.com.ar\/sitio\/golpe-al-dueno-de-fate-y-aluar-el-gobierno-de-milei-elimino-el-arancel-al-aluminio-de-china\/"},"author":{"name":"","@id":""},"headline":"Golpe al due\u00f1o de Fate y Aluar: el Gobierno de Milei elimin\u00f3 el arancel al aluminio de China","datePublished":"2026-02-23T13:00:45+00:00","mainEntityOfPage":{"@id":"https:\/\/cuartetoenlaweb.com.ar\/sitio\/golpe-al-dueno-de-fate-y-aluar-el-gobierno-de-milei-elimino-el-arancel-al-aluminio-de-china\/"},"wordCount":676,"publisher":{"@id":"http:\/\/cuartetoenlaweb.com.ar\/sitio\/#organization"},"image":{"@id":"https:\/\/cuartetoenlaweb.com.ar\/sitio\/golpe-al-dueno-de-fate-y-aluar-el-gobierno-de-milei-elimino-el-arancel-al-aluminio-de-china\/#primaryimage"},"thumbnailUrl":"https:\/\/cuartetoenlaweb.com.ar\/sitio\/wp-content\/uploads\/2026\/02\/MUYDAYZZMZSTGNBZG42TSMBVME.jpg","articleSection":["PAIS"],"inLanguage":"es"},{"@type":"WebPage","@id":"https:\/\/cuartetoenlaweb.com.ar\/sitio\/golpe-al-dueno-de-fate-y-aluar-el-gobierno-de-milei-elimino-el-arancel-al-aluminio-de-china\/","url":"https:\/\/cuartetoenlaweb.com.ar\/sitio\/golpe-al-dueno-de-fate-y-aluar-el-gobierno-de-milei-elimino-el-arancel-al-aluminio-de-china\/","name":"Golpe al due\u00f1o de Fate y Aluar: el Gobierno de Milei elimin\u00f3 el arancel al aluminio de China - Cuarteto en la Web","isPartOf":{"@id":"http:\/\/cuartetoenlaweb.com.ar\/sitio\/#website"},"primaryImageOfPage":{"@id":"https:\/\/cuartetoenlaweb.com.ar\/sitio\/golpe-al-dueno-de-fate-y-aluar-el-gobierno-de-milei-elimino-el-arancel-al-aluminio-de-china\/#primaryimage"},"image":{"@id":"https:\/\/cuartetoenlaweb.com.ar\/sitio\/golpe-al-dueno-de-fate-y-aluar-el-gobierno-de-milei-elimino-el-arancel-al-aluminio-de-china\/#primaryimage"},"thumbnailUrl":"https:\/\/cuartetoenlaweb.com.ar\/sitio\/wp-content\/uploads\/2026\/02\/MUYDAYZZMZSTGNBZG42TSMBVME.jpg","datePublished":"2026-02-23T13:00:45+00:00","breadcrumb":{"@id":"https:\/\/cuartetoenlaweb.com.ar\/sitio\/golpe-al-dueno-de-fate-y-aluar-el-gobierno-de-milei-elimino-el-arancel-al-aluminio-de-china\/#breadcrumb"},"inLanguage":"es","potentialAction":[{"@type":"ReadAction","target":["https:\/\/cuartetoenlaweb.com.ar\/sitio\/golpe-al-dueno-de-fate-y-aluar-el-gobierno-de-milei-elimino-el-arancel-al-aluminio-de-china\/"]}]},{"@type":"ImageObject","inLanguage":"es","@id":"https:\/\/cuartetoenlaweb.com.ar\/sitio\/golpe-al-dueno-de-fate-y-aluar-el-gobierno-de-milei-elimino-el-arancel-al-aluminio-de-china\/#primaryimage","url":"https:\/\/cuartetoenlaweb.com.ar\/sitio\/wp-content\/uploads\/2026\/02\/MUYDAYZZMZSTGNBZG42TSMBVME.jpg","contentUrl":"https:\/\/cuartetoenlaweb.com.ar\/sitio\/wp-content\/uploads\/2026\/02\/MUYDAYZZMZSTGNBZG42TSMBVME.jpg","width":768,"height":432},{"@type":"BreadcrumbList","@id":"https:\/\/cuartetoenlaweb.com.ar\/sitio\/golpe-al-dueno-de-fate-y-aluar-el-gobierno-de-milei-elimino-el-arancel-al-aluminio-de-china\/#breadcrumb","itemListElement":[{"@type":"ListItem","position":1,"name":"Portada","item":"http:\/\/cuartetoenlaweb.com.ar\/sitio\/"},{"@type":"ListItem","position":2,"name":"Golpe al due\u00f1o de Fate y Aluar: el Gobierno de Milei elimin\u00f3 el arancel al aluminio de China"}]},{"@type":"WebSite","@id":"http:\/\/cuartetoenlaweb.com.ar\/sitio\/#website","url":"http:\/\/cuartetoenlaweb.com.ar\/sitio\/","name":"Cuarteto en la Web","description":"","publisher":{"@id":"http:\/\/cuartetoenlaweb.com.ar\/sitio\/#organization"},"potentialAction":[{"@type":"SearchAction","target":{"@type":"EntryPoint","urlTemplate":"http:\/\/cuartetoenlaweb.com.ar\/sitio\/?s={search_term_string}"},"query-input":{"@type":"PropertyValueSpecification","valueRequired":true,"valueName":"search_term_string"}}],"inLanguage":"es"},{"@type":"Organization","@id":"http:\/\/cuartetoenlaweb.com.ar\/sitio\/#organization","name":"Cuarteto en la Web","url":"http:\/\/cuartetoenlaweb.com.ar\/sitio\/","logo":{"@type":"ImageObject","inLanguage":"es","@id":"http:\/\/cuartetoenlaweb.com.ar\/sitio\/#\/schema\/logo\/image\/","url":"https:\/\/cuartetoenlaweb.com.ar\/sitio\/wp-content\/uploads\/2025\/07\/cropped-cropped-logitoweb21.png","contentUrl":"https:\/\/cuartetoenlaweb.com.ar\/sitio\/wp-content\/uploads\/2025\/07\/cropped-cropped-logitoweb21.png","width":199,"height":199,"caption":"Cuarteto en la Web"},"image":{"@id":"http:\/\/cuartetoenlaweb.com.ar\/sitio\/#\/schema\/logo\/image\/"}}]}},"_links":{"self":[{"href":"https:\/\/cuartetoenlaweb.com.ar\/sitio\/wp-json\/wp\/v2\/posts\/12521","targetHints":{"allow":["GET"]}}],"collection":[{"href":"https:\/\/cuartetoenlaweb.com.ar\/sitio\/wp-json\/wp\/v2\/posts"}],"about":[{"href":"https:\/\/cuartetoenlaweb.com.ar\/sitio\/wp-json\/wp\/v2\/types\/post"}],"replies":[{"embeddable":true,"href":"https:\/\/cuartetoenlaweb.com.ar\/sitio\/wp-json\/wp\/v2\/comments?post=12521"}],"version-history":[{"count":0,"href":"https:\/\/cuartetoenlaweb.com.ar\/sitio\/wp-json\/wp\/v2\/posts\/12521\/revisions"}],"wp:featuredmedia":[{"embeddable":true,"href":"https:\/\/cuartetoenlaweb.com.ar\/sitio\/wp-json\/wp\/v2\/media\/12522"}],"wp:attachment":[{"href":"https:\/\/cuartetoenlaweb.com.ar\/sitio\/wp-json\/wp\/v2\/media?parent=12521"}],"wp:term":[{"taxonomy":"category","embeddable":true,"href":"https:\/\/cuartetoenlaweb.com.ar\/sitio\/wp-json\/wp\/v2\/categories?post=12521"},{"taxonomy":"post_tag","embeddable":true,"href":"https:\/\/cuartetoenlaweb.com.ar\/sitio\/wp-json\/wp\/v2\/tags?post=12521"}],"curies":[{"name":"wp","href":"https:\/\/api.w.org\/{rel}","templated":true}]}}