
{"id":12516,"date":"2026-02-23T10:00:27","date_gmt":"2026-02-23T13:00:27","guid":{"rendered":"https:\/\/cuartetoenlaweb.com.ar\/sitio\/se-postergo-el-juicio-contra-el-ex-titular-de-la-sociedad-rural-de-diamante-por-narcotrafico\/"},"modified":"2026-02-23T10:00:27","modified_gmt":"2026-02-23T13:00:27","slug":"se-postergo-el-juicio-contra-el-ex-titular-de-la-sociedad-rural-de-diamante-por-narcotrafico","status":"publish","type":"post","link":"https:\/\/cuartetoenlaweb.com.ar\/sitio\/se-postergo-el-juicio-contra-el-ex-titular-de-la-sociedad-rural-de-diamante-por-narcotrafico\/","title":{"rendered":"Se posterg\u00f3 el juicio contra el ex titular de la Sociedad Rural de Diamante por narcotr\u00e1fico"},"content":{"rendered":"<p>Buenos Aires, 23 febrero (NA) \u2013 El juicio contra Leonardo Airaldi, ex titular de la Sociedad Rural de Diamante, Entre R\u00edos, por narcotr\u00e1fico se posterg\u00f3 para comienzos de marzo. La medida fue determinada en las \u00faltimas horas y podr\u00eda estar vinculada a la nueva acusaci\u00f3n que afronta el ex funcionario por contratar a un sicario para matar a un juez, un fiscal y al ministro de Seguridad provincial.<\/p>\n<p>Este martes 24 de febrero se aguardaba que se d\u00e9 inicio al debate oral contra Airaldi y otros 13 procesados por haber operado entre junio de 2019 y marzo de 2024 en las ciudades de Diamante y Paran\u00e1 una organizaci\u00f3n narco. La acusaci\u00f3n contra el ex titular es de ser l\u00edder, proveedor y financiador de dicha banda.<\/p>\n<p>Las autoridades destacan que, en su rol, Airaldi distribu\u00eda tareas, administraba recursos humanos y materiales, adem\u00e1s de emitir \u00f3rdenes. Otro punto mencionado es que dispon\u00eda de medios financieros y log\u00edsticos para la adquisici\u00f3n, transporte, distribuci\u00f3n y venta de drogas. <\/p>\n<p>Ahora, a la espera del inicio del juicio, fuentes del caso le confirmaron a la Agencia Noticias Argentinas que la primera audiencia se posterg\u00f3 para el pr\u00f3ximo martes 3 de marzo en el Tribunal Oral Federal de Paran\u00e1, Entre R\u00edos.<\/p>\n<p>En la actualidad, Airaldi afronta una nueva acusaci\u00f3n. Se supo que est\u00e1 detr\u00e1s de una trama criminal al haberle pagado a un sicario uruguayo para que asesine en Punta del Este al juez federal Leandro R\u00edos y al fiscal federal Ignacio Candioti. El pago habr\u00eda sido de USD 40 mil.<\/p>\n<p>A su vez, se determin\u00f3 que en el macabro plan tambi\u00e9n quer\u00eda matar al ministro de Seguridad entrerriano N\u00e9stor Roncaglia.<\/p>\n<p>El dato surgi\u00f3 a partir del testimonio de un recluso ligado al narcotr\u00e1fico, quien aport\u00f3 la informaci\u00f3n ante la Justicia federal.<\/p>\n<p>Por este caso, el ex titular se encuentra acusado del delito de amenazas y plan de atentado y la causa se tramitar\u00e1 en el Juzgado Federal de Gualeguaych\u00fa, a cargo de Hern\u00e1n Viri, y act\u00faa el fiscal Pedro Rebollo.<\/p>\n<p>\u201cSon actuaciones diferentes\u201d, detallaron a NA respecto a la posible vinculaci\u00f3n entre ambas causas. #AgenciaNA<\/p>\n","protected":false},"excerpt":{"rendered":"<p>Buenos Aires, 23 febrero (NA) \u2013 El juicio contra Leonardo<\/p>\n","protected":false},"author":0,"featured_media":12517,"comment_status":"","ping_status":"","sticky":false,"template":"","format":"standard","meta":{"footnotes":""},"categories":[65],"tags":[],"class_list":["post-12516","post","type-post","status-publish","format-standard","has-post-thumbnail","hentry","category-pais"],"yoast_head":"<!-- This site is optimized with the Yoast SEO plugin v27.5 - https:\/\/yoast.com\/product\/yoast-seo-wordpress\/ -->\n<title>Se posterg\u00f3 el juicio contra el ex titular de la Sociedad Rural de Diamante por narcotr\u00e1fico - Cuarteto en la Web<\/title>\n<meta name=\"robots\" content=\"index, follow, max-snippet:-1, max-image-preview:large, max-video-preview:-1\" \/>\n<link rel=\"canonical\" href=\"https:\/\/cuartetoenlaweb.com.ar\/sitio\/se-postergo-el-juicio-contra-el-ex-titular-de-la-sociedad-rural-de-diamante-por-narcotrafico\/\" \/>\n<meta property=\"og:locale\" content=\"es_ES\" \/>\n<meta property=\"og:type\" content=\"article\" \/>\n<meta property=\"og:title\" content=\"Se posterg\u00f3 el juicio contra el ex titular de la Sociedad Rural de Diamante por narcotr\u00e1fico - Cuarteto en la Web\" \/>\n<meta property=\"og:description\" content=\"Buenos Aires, 23 febrero (NA) \u2013 El juicio contra Leonardo\" \/>\n<meta property=\"og:url\" content=\"https:\/\/cuartetoenlaweb.com.ar\/sitio\/se-postergo-el-juicio-contra-el-ex-titular-de-la-sociedad-rural-de-diamante-por-narcotrafico\/\" \/>\n<meta property=\"og:site_name\" content=\"Cuarteto en la Web\" \/>\n<meta property=\"article:published_time\" content=\"2026-02-23T13:00:27+00:00\" \/>\n<meta property=\"og:image\" content=\"https:\/\/cuartetoenlaweb.com.ar\/sitio\/wp-content\/uploads\/2026\/02\/720-307.jpeg\" \/>\n\t<meta property=\"og:image:width\" content=\"1079\" \/>\n\t<meta property=\"og:image:height\" content=\"720\" \/>\n\t<meta property=\"og:image:type\" content=\"image\/jpeg\" \/>\n<meta name=\"twitter:card\" content=\"summary_large_image\" \/>\n<meta name=\"twitter:label1\" content=\"Tiempo de lectura\" \/>\n\t<meta name=\"twitter:data1\" content=\"2 minutos\" \/>\n<script type=\"application\/ld+json\" class=\"yoast-schema-graph\">{\"@context\":\"https:\\\/\\\/schema.org\",\"@graph\":[{\"@type\":\"Article\",\"@id\":\"https:\\\/\\\/cuartetoenlaweb.com.ar\\\/sitio\\\/se-postergo-el-juicio-contra-el-ex-titular-de-la-sociedad-rural-de-diamante-por-narcotrafico\\\/#article\",\"isPartOf\":{\"@id\":\"https:\\\/\\\/cuartetoenlaweb.com.ar\\\/sitio\\\/se-postergo-el-juicio-contra-el-ex-titular-de-la-sociedad-rural-de-diamante-por-narcotrafico\\\/\"},\"author\":{\"name\":\"\",\"@id\":\"\"},\"headline\":\"Se posterg\u00f3 el juicio contra el ex titular de la Sociedad Rural de Diamante por narcotr\u00e1fico\",\"datePublished\":\"2026-02-23T13:00:27+00:00\",\"mainEntityOfPage\":{\"@id\":\"https:\\\/\\\/cuartetoenlaweb.com.ar\\\/sitio\\\/se-postergo-el-juicio-contra-el-ex-titular-de-la-sociedad-rural-de-diamante-por-narcotrafico\\\/\"},\"wordCount\":385,\"publisher\":{\"@id\":\"http:\\\/\\\/cuartetoenlaweb.com.ar\\\/sitio\\\/#organization\"},\"image\":{\"@id\":\"https:\\\/\\\/cuartetoenlaweb.com.ar\\\/sitio\\\/se-postergo-el-juicio-contra-el-ex-titular-de-la-sociedad-rural-de-diamante-por-narcotrafico\\\/#primaryimage\"},\"thumbnailUrl\":\"https:\\\/\\\/cuartetoenlaweb.com.ar\\\/sitio\\\/wp-content\\\/uploads\\\/2026\\\/02\\\/720-307.jpeg\",\"articleSection\":[\"PAIS\"],\"inLanguage\":\"es\"},{\"@type\":\"WebPage\",\"@id\":\"https:\\\/\\\/cuartetoenlaweb.com.ar\\\/sitio\\\/se-postergo-el-juicio-contra-el-ex-titular-de-la-sociedad-rural-de-diamante-por-narcotrafico\\\/\",\"url\":\"https:\\\/\\\/cuartetoenlaweb.com.ar\\\/sitio\\\/se-postergo-el-juicio-contra-el-ex-titular-de-la-sociedad-rural-de-diamante-por-narcotrafico\\\/\",\"name\":\"Se posterg\u00f3 el juicio contra el ex titular de la Sociedad Rural de Diamante por narcotr\u00e1fico - Cuarteto en la Web\",\"isPartOf\":{\"@id\":\"http:\\\/\\\/cuartetoenlaweb.com.ar\\\/sitio\\\/#website\"},\"primaryImageOfPage\":{\"@id\":\"https:\\\/\\\/cuartetoenlaweb.com.ar\\\/sitio\\\/se-postergo-el-juicio-contra-el-ex-titular-de-la-sociedad-rural-de-diamante-por-narcotrafico\\\/#primaryimage\"},\"image\":{\"@id\":\"https:\\\/\\\/cuartetoenlaweb.com.ar\\\/sitio\\\/se-postergo-el-juicio-contra-el-ex-titular-de-la-sociedad-rural-de-diamante-por-narcotrafico\\\/#primaryimage\"},\"thumbnailUrl\":\"https:\\\/\\\/cuartetoenlaweb.com.ar\\\/sitio\\\/wp-content\\\/uploads\\\/2026\\\/02\\\/720-307.jpeg\",\"datePublished\":\"2026-02-23T13:00:27+00:00\",\"breadcrumb\":{\"@id\":\"https:\\\/\\\/cuartetoenlaweb.com.ar\\\/sitio\\\/se-postergo-el-juicio-contra-el-ex-titular-de-la-sociedad-rural-de-diamante-por-narcotrafico\\\/#breadcrumb\"},\"inLanguage\":\"es\",\"potentialAction\":[{\"@type\":\"ReadAction\",\"target\":[\"https:\\\/\\\/cuartetoenlaweb.com.ar\\\/sitio\\\/se-postergo-el-juicio-contra-el-ex-titular-de-la-sociedad-rural-de-diamante-por-narcotrafico\\\/\"]}]},{\"@type\":\"ImageObject\",\"inLanguage\":\"es\",\"@id\":\"https:\\\/\\\/cuartetoenlaweb.com.ar\\\/sitio\\\/se-postergo-el-juicio-contra-el-ex-titular-de-la-sociedad-rural-de-diamante-por-narcotrafico\\\/#primaryimage\",\"url\":\"https:\\\/\\\/cuartetoenlaweb.com.ar\\\/sitio\\\/wp-content\\\/uploads\\\/2026\\\/02\\\/720-307.jpeg\",\"contentUrl\":\"https:\\\/\\\/cuartetoenlaweb.com.ar\\\/sitio\\\/wp-content\\\/uploads\\\/2026\\\/02\\\/720-307.jpeg\",\"width\":1079,\"height\":720},{\"@type\":\"BreadcrumbList\",\"@id\":\"https:\\\/\\\/cuartetoenlaweb.com.ar\\\/sitio\\\/se-postergo-el-juicio-contra-el-ex-titular-de-la-sociedad-rural-de-diamante-por-narcotrafico\\\/#breadcrumb\",\"itemListElement\":[{\"@type\":\"ListItem\",\"position\":1,\"name\":\"Portada\",\"item\":\"http:\\\/\\\/cuartetoenlaweb.com.ar\\\/sitio\\\/\"},{\"@type\":\"ListItem\",\"position\":2,\"name\":\"Se posterg\u00f3 el juicio contra el ex titular de la Sociedad Rural de Diamante por narcotr\u00e1fico\"}]},{\"@type\":\"WebSite\",\"@id\":\"http:\\\/\\\/cuartetoenlaweb.com.ar\\\/sitio\\\/#website\",\"url\":\"http:\\\/\\\/cuartetoenlaweb.com.ar\\\/sitio\\\/\",\"name\":\"Cuarteto en la Web\",\"description\":\"\",\"publisher\":{\"@id\":\"http:\\\/\\\/cuartetoenlaweb.com.ar\\\/sitio\\\/#organization\"},\"potentialAction\":[{\"@type\":\"SearchAction\",\"target\":{\"@type\":\"EntryPoint\",\"urlTemplate\":\"http:\\\/\\\/cuartetoenlaweb.com.ar\\\/sitio\\\/?s={search_term_string}\"},\"query-input\":{\"@type\":\"PropertyValueSpecification\",\"valueRequired\":true,\"valueName\":\"search_term_string\"}}],\"inLanguage\":\"es\"},{\"@type\":\"Organization\",\"@id\":\"http:\\\/\\\/cuartetoenlaweb.com.ar\\\/sitio\\\/#organization\",\"name\":\"Cuarteto en la Web\",\"url\":\"http:\\\/\\\/cuartetoenlaweb.com.ar\\\/sitio\\\/\",\"logo\":{\"@type\":\"ImageObject\",\"inLanguage\":\"es\",\"@id\":\"http:\\\/\\\/cuartetoenlaweb.com.ar\\\/sitio\\\/#\\\/schema\\\/logo\\\/image\\\/\",\"url\":\"https:\\\/\\\/cuartetoenlaweb.com.ar\\\/sitio\\\/wp-content\\\/uploads\\\/2025\\\/07\\\/cropped-cropped-logitoweb21.png\",\"contentUrl\":\"https:\\\/\\\/cuartetoenlaweb.com.ar\\\/sitio\\\/wp-content\\\/uploads\\\/2025\\\/07\\\/cropped-cropped-logitoweb21.png\",\"width\":199,\"height\":199,\"caption\":\"Cuarteto en la Web\"},\"image\":{\"@id\":\"http:\\\/\\\/cuartetoenlaweb.com.ar\\\/sitio\\\/#\\\/schema\\\/logo\\\/image\\\/\"}}]}<\/script>\n<!-- \/ Yoast SEO plugin. -->","yoast_head_json":{"title":"Se posterg\u00f3 el juicio contra el ex titular de la Sociedad Rural de Diamante por narcotr\u00e1fico - Cuarteto en la Web","robots":{"index":"index","follow":"follow","max-snippet":"max-snippet:-1","max-image-preview":"max-image-preview:large","max-video-preview":"max-video-preview:-1"},"canonical":"https:\/\/cuartetoenlaweb.com.ar\/sitio\/se-postergo-el-juicio-contra-el-ex-titular-de-la-sociedad-rural-de-diamante-por-narcotrafico\/","og_locale":"es_ES","og_type":"article","og_title":"Se posterg\u00f3 el juicio contra el ex titular de la Sociedad Rural de Diamante por narcotr\u00e1fico - Cuarteto en la Web","og_description":"Buenos Aires, 23 febrero (NA) \u2013 El juicio contra Leonardo","og_url":"https:\/\/cuartetoenlaweb.com.ar\/sitio\/se-postergo-el-juicio-contra-el-ex-titular-de-la-sociedad-rural-de-diamante-por-narcotrafico\/","og_site_name":"Cuarteto en la Web","article_published_time":"2026-02-23T13:00:27+00:00","og_image":[{"width":1079,"height":720,"url":"https:\/\/cuartetoenlaweb.com.ar\/sitio\/wp-content\/uploads\/2026\/02\/720-307.jpeg","type":"image\/jpeg"}],"twitter_card":"summary_large_image","twitter_misc":{"Tiempo de lectura":"2 minutos"},"schema":{"@context":"https:\/\/schema.org","@graph":[{"@type":"Article","@id":"https:\/\/cuartetoenlaweb.com.ar\/sitio\/se-postergo-el-juicio-contra-el-ex-titular-de-la-sociedad-rural-de-diamante-por-narcotrafico\/#article","isPartOf":{"@id":"https:\/\/cuartetoenlaweb.com.ar\/sitio\/se-postergo-el-juicio-contra-el-ex-titular-de-la-sociedad-rural-de-diamante-por-narcotrafico\/"},"author":{"name":"","@id":""},"headline":"Se posterg\u00f3 el juicio contra el ex titular de la Sociedad Rural de Diamante por narcotr\u00e1fico","datePublished":"2026-02-23T13:00:27+00:00","mainEntityOfPage":{"@id":"https:\/\/cuartetoenlaweb.com.ar\/sitio\/se-postergo-el-juicio-contra-el-ex-titular-de-la-sociedad-rural-de-diamante-por-narcotrafico\/"},"wordCount":385,"publisher":{"@id":"http:\/\/cuartetoenlaweb.com.ar\/sitio\/#organization"},"image":{"@id":"https:\/\/cuartetoenlaweb.com.ar\/sitio\/se-postergo-el-juicio-contra-el-ex-titular-de-la-sociedad-rural-de-diamante-por-narcotrafico\/#primaryimage"},"thumbnailUrl":"https:\/\/cuartetoenlaweb.com.ar\/sitio\/wp-content\/uploads\/2026\/02\/720-307.jpeg","articleSection":["PAIS"],"inLanguage":"es"},{"@type":"WebPage","@id":"https:\/\/cuartetoenlaweb.com.ar\/sitio\/se-postergo-el-juicio-contra-el-ex-titular-de-la-sociedad-rural-de-diamante-por-narcotrafico\/","url":"https:\/\/cuartetoenlaweb.com.ar\/sitio\/se-postergo-el-juicio-contra-el-ex-titular-de-la-sociedad-rural-de-diamante-por-narcotrafico\/","name":"Se posterg\u00f3 el juicio contra el ex titular de la Sociedad Rural de Diamante por narcotr\u00e1fico - Cuarteto en la Web","isPartOf":{"@id":"http:\/\/cuartetoenlaweb.com.ar\/sitio\/#website"},"primaryImageOfPage":{"@id":"https:\/\/cuartetoenlaweb.com.ar\/sitio\/se-postergo-el-juicio-contra-el-ex-titular-de-la-sociedad-rural-de-diamante-por-narcotrafico\/#primaryimage"},"image":{"@id":"https:\/\/cuartetoenlaweb.com.ar\/sitio\/se-postergo-el-juicio-contra-el-ex-titular-de-la-sociedad-rural-de-diamante-por-narcotrafico\/#primaryimage"},"thumbnailUrl":"https:\/\/cuartetoenlaweb.com.ar\/sitio\/wp-content\/uploads\/2026\/02\/720-307.jpeg","datePublished":"2026-02-23T13:00:27+00:00","breadcrumb":{"@id":"https:\/\/cuartetoenlaweb.com.ar\/sitio\/se-postergo-el-juicio-contra-el-ex-titular-de-la-sociedad-rural-de-diamante-por-narcotrafico\/#breadcrumb"},"inLanguage":"es","potentialAction":[{"@type":"ReadAction","target":["https:\/\/cuartetoenlaweb.com.ar\/sitio\/se-postergo-el-juicio-contra-el-ex-titular-de-la-sociedad-rural-de-diamante-por-narcotrafico\/"]}]},{"@type":"ImageObject","inLanguage":"es","@id":"https:\/\/cuartetoenlaweb.com.ar\/sitio\/se-postergo-el-juicio-contra-el-ex-titular-de-la-sociedad-rural-de-diamante-por-narcotrafico\/#primaryimage","url":"https:\/\/cuartetoenlaweb.com.ar\/sitio\/wp-content\/uploads\/2026\/02\/720-307.jpeg","contentUrl":"https:\/\/cuartetoenlaweb.com.ar\/sitio\/wp-content\/uploads\/2026\/02\/720-307.jpeg","width":1079,"height":720},{"@type":"BreadcrumbList","@id":"https:\/\/cuartetoenlaweb.com.ar\/sitio\/se-postergo-el-juicio-contra-el-ex-titular-de-la-sociedad-rural-de-diamante-por-narcotrafico\/#breadcrumb","itemListElement":[{"@type":"ListItem","position":1,"name":"Portada","item":"http:\/\/cuartetoenlaweb.com.ar\/sitio\/"},{"@type":"ListItem","position":2,"name":"Se posterg\u00f3 el juicio contra el ex titular de la Sociedad Rural de Diamante por narcotr\u00e1fico"}]},{"@type":"WebSite","@id":"http:\/\/cuartetoenlaweb.com.ar\/sitio\/#website","url":"http:\/\/cuartetoenlaweb.com.ar\/sitio\/","name":"Cuarteto en la Web","description":"","publisher":{"@id":"http:\/\/cuartetoenlaweb.com.ar\/sitio\/#organization"},"potentialAction":[{"@type":"SearchAction","target":{"@type":"EntryPoint","urlTemplate":"http:\/\/cuartetoenlaweb.com.ar\/sitio\/?s={search_term_string}"},"query-input":{"@type":"PropertyValueSpecification","valueRequired":true,"valueName":"search_term_string"}}],"inLanguage":"es"},{"@type":"Organization","@id":"http:\/\/cuartetoenlaweb.com.ar\/sitio\/#organization","name":"Cuarteto en la Web","url":"http:\/\/cuartetoenlaweb.com.ar\/sitio\/","logo":{"@type":"ImageObject","inLanguage":"es","@id":"http:\/\/cuartetoenlaweb.com.ar\/sitio\/#\/schema\/logo\/image\/","url":"https:\/\/cuartetoenlaweb.com.ar\/sitio\/wp-content\/uploads\/2025\/07\/cropped-cropped-logitoweb21.png","contentUrl":"https:\/\/cuartetoenlaweb.com.ar\/sitio\/wp-content\/uploads\/2025\/07\/cropped-cropped-logitoweb21.png","width":199,"height":199,"caption":"Cuarteto en la Web"},"image":{"@id":"http:\/\/cuartetoenlaweb.com.ar\/sitio\/#\/schema\/logo\/image\/"}}]}},"_links":{"self":[{"href":"https:\/\/cuartetoenlaweb.com.ar\/sitio\/wp-json\/wp\/v2\/posts\/12516","targetHints":{"allow":["GET"]}}],"collection":[{"href":"https:\/\/cuartetoenlaweb.com.ar\/sitio\/wp-json\/wp\/v2\/posts"}],"about":[{"href":"https:\/\/cuartetoenlaweb.com.ar\/sitio\/wp-json\/wp\/v2\/types\/post"}],"replies":[{"embeddable":true,"href":"https:\/\/cuartetoenlaweb.com.ar\/sitio\/wp-json\/wp\/v2\/comments?post=12516"}],"version-history":[{"count":0,"href":"https:\/\/cuartetoenlaweb.com.ar\/sitio\/wp-json\/wp\/v2\/posts\/12516\/revisions"}],"wp:featuredmedia":[{"embeddable":true,"href":"https:\/\/cuartetoenlaweb.com.ar\/sitio\/wp-json\/wp\/v2\/media\/12517"}],"wp:attachment":[{"href":"https:\/\/cuartetoenlaweb.com.ar\/sitio\/wp-json\/wp\/v2\/media?parent=12516"}],"wp:term":[{"taxonomy":"category","embeddable":true,"href":"https:\/\/cuartetoenlaweb.com.ar\/sitio\/wp-json\/wp\/v2\/categories?post=12516"},{"taxonomy":"post_tag","embeddable":true,"href":"https:\/\/cuartetoenlaweb.com.ar\/sitio\/wp-json\/wp\/v2\/tags?post=12516"}],"curies":[{"name":"wp","href":"https:\/\/api.w.org\/{rel}","templated":true}]}}