
{"id":12514,"date":"2026-02-23T10:00:24","date_gmt":"2026-02-23T13:00:24","guid":{"rendered":"https:\/\/cuartetoenlaweb.com.ar\/sitio\/se-iniciaron-las-clases-en-san-luis-y-chubut\/"},"modified":"2026-02-23T10:00:24","modified_gmt":"2026-02-23T13:00:24","slug":"se-iniciaron-las-clases-en-san-luis-y-chubut","status":"publish","type":"post","link":"https:\/\/cuartetoenlaweb.com.ar\/sitio\/se-iniciaron-las-clases-en-san-luis-y-chubut\/","title":{"rendered":"Se iniciaron las clases en San Luis y Chubut"},"content":{"rendered":"<p>Buenos Aires, 23 febrero (NA) \u2013 El ciclo lectivo 2026 se inici\u00f3 este lunes en las provincias de San Luis y Chubut y, mientras que en la primera el acto central se realiz\u00f3 con la presencia del gobernador Claudio Poggi, en la segunda, el mismo fue encabezado por el ministro de Educaci\u00f3n, Jos\u00e9 Luis Punta.<\/p>\n<p>El comienzo de las clases en San Luis fue con las actividades para los niveles Inicial y Primario, mientras que el nivel Secundario arrancar\u00e1 el mi\u00e9rcoles y, seg\u00fan supo la Agencia Noticias Argentinas, el inicio fue con normalidad, mientras que se inform\u00f3 que el personal docente y administrativo fue el primero en arribar a las escuelas, tras lo cual los ni\u00f1os llegaron junto a padres, abuelos y hermanos para acompa\u00f1arlos en el primer acto.<\/p>\n<p>La jornada inaugural tuvo su acto central en la Escuela N\u00b0450 Provincia de Neuqu\u00e9n, en Anchorena, departamento Dupuy en una ceremonia encabezada por el gobernador Claudio Poggi que dio inicio a una recorrida por los nueve departamentos, que incluir\u00e1 m\u00e1s de 20 localidades.<\/p>\n<p>El inicio del ciclo lectivo en San Luis se enmarca en la declaraci\u00f3n de 2026 como \u201cEl A\u00f1o de la Educaci\u00f3n\u201d, en conmemoraci\u00f3n del bicentenario de la primera escuela fundada por Domingo Faustino Sarmiento en San Francisco del Monte de Oro.<\/p>\n<p>EN CHUBUT, TAMBI\u00c9N COMENZARON LAS CLASES<\/p>\n<p>El ministro de Educaci\u00f3n de Chubut, Jos\u00e9 Luis Punta, confirm\u00f3 el inicio del ciclo lectivo 2026 en toda la provincia y lo defini\u00f3 como \u201cun d\u00eda de celebraci\u00f3n\u201d en di\u00e1logo con Jornada Radio, a la vez que dijo: \u201cEl comienzo del ciclo lectivo siempre es un motivo de festejo\u201d.<\/p>\n<p>\u201cLos chicos en las escuelas, los maestros dando clases y las familias expectantes generan una emoci\u00f3n dif\u00edcil de comparar. Soy padre, abuelo y docente. He vivido este momento en todos esos roles y siempre representa renovaci\u00f3n y esperanza\u201d, a\u00f1adi\u00f3 el funcionario.<\/p>\n<p>Adem\u00e1s, el ministro expres\u00f3: \u201cPr\u00e1cticamente podr\u00edamos decir que el a\u00f1o comienza cuando comienzan las clases. La organizaci\u00f3n de la sociedad depende en buena medida del calendario escolar\u201d.<\/p>\n<p>#AgenciaNA <\/p>\n<p>Punta manifest\u00f3 adem\u00e1s que el objetivo oficial es cumplir con 290 d\u00edas de clases, con las particularidades propias de cada nivel educativo. \u201cLa meta es completar el calendario previsto\u201d, concluy\u00f3.<\/p>\n","protected":false},"excerpt":{"rendered":"<p>Buenos Aires, 23 febrero (NA) \u2013 El ciclo lectivo 2026<\/p>\n","protected":false},"author":0,"featured_media":12515,"comment_status":"","ping_status":"","sticky":false,"template":"","format":"standard","meta":{"footnotes":""},"categories":[65],"tags":[],"class_list":["post-12514","post","type-post","status-publish","format-standard","has-post-thumbnail","hentry","category-pais"],"yoast_head":"<!-- This site is optimized with the Yoast SEO plugin v27.5 - https:\/\/yoast.com\/product\/yoast-seo-wordpress\/ -->\n<title>Se iniciaron las clases en San Luis y Chubut - Cuarteto en la Web<\/title>\n<meta name=\"robots\" content=\"index, follow, max-snippet:-1, max-image-preview:large, max-video-preview:-1\" \/>\n<link rel=\"canonical\" href=\"https:\/\/cuartetoenlaweb.com.ar\/sitio\/se-iniciaron-las-clases-en-san-luis-y-chubut\/\" \/>\n<meta property=\"og:locale\" content=\"es_ES\" \/>\n<meta property=\"og:type\" content=\"article\" \/>\n<meta property=\"og:title\" content=\"Se iniciaron las clases en San Luis y Chubut - Cuarteto en la Web\" \/>\n<meta property=\"og:description\" content=\"Buenos Aires, 23 febrero (NA) \u2013 El ciclo lectivo 2026\" \/>\n<meta property=\"og:url\" content=\"https:\/\/cuartetoenlaweb.com.ar\/sitio\/se-iniciaron-las-clases-en-san-luis-y-chubut\/\" \/>\n<meta property=\"og:site_name\" content=\"Cuarteto en la Web\" \/>\n<meta property=\"article:published_time\" content=\"2026-02-23T13:00:24+00:00\" \/>\n<meta property=\"og:image\" content=\"https:\/\/cuartetoenlaweb.com.ar\/sitio\/wp-content\/uploads\/2026\/02\/image-7.jpg\" \/>\n\t<meta property=\"og:image:width\" content=\"1024\" \/>\n\t<meta property=\"og:image:height\" content=\"576\" \/>\n\t<meta property=\"og:image:type\" content=\"image\/jpeg\" \/>\n<meta name=\"twitter:card\" content=\"summary_large_image\" \/>\n<meta name=\"twitter:label1\" content=\"Tiempo de lectura\" \/>\n\t<meta name=\"twitter:data1\" content=\"2 minutos\" \/>\n<script type=\"application\/ld+json\" class=\"yoast-schema-graph\">{\"@context\":\"https:\\\/\\\/schema.org\",\"@graph\":[{\"@type\":\"Article\",\"@id\":\"https:\\\/\\\/cuartetoenlaweb.com.ar\\\/sitio\\\/se-iniciaron-las-clases-en-san-luis-y-chubut\\\/#article\",\"isPartOf\":{\"@id\":\"https:\\\/\\\/cuartetoenlaweb.com.ar\\\/sitio\\\/se-iniciaron-las-clases-en-san-luis-y-chubut\\\/\"},\"author\":{\"name\":\"\",\"@id\":\"\"},\"headline\":\"Se iniciaron las clases en San Luis y Chubut\",\"datePublished\":\"2026-02-23T13:00:24+00:00\",\"mainEntityOfPage\":{\"@id\":\"https:\\\/\\\/cuartetoenlaweb.com.ar\\\/sitio\\\/se-iniciaron-las-clases-en-san-luis-y-chubut\\\/\"},\"wordCount\":396,\"publisher\":{\"@id\":\"http:\\\/\\\/cuartetoenlaweb.com.ar\\\/sitio\\\/#organization\"},\"image\":{\"@id\":\"https:\\\/\\\/cuartetoenlaweb.com.ar\\\/sitio\\\/se-iniciaron-las-clases-en-san-luis-y-chubut\\\/#primaryimage\"},\"thumbnailUrl\":\"https:\\\/\\\/cuartetoenlaweb.com.ar\\\/sitio\\\/wp-content\\\/uploads\\\/2026\\\/02\\\/image-7.jpg\",\"articleSection\":[\"PAIS\"],\"inLanguage\":\"es\"},{\"@type\":\"WebPage\",\"@id\":\"https:\\\/\\\/cuartetoenlaweb.com.ar\\\/sitio\\\/se-iniciaron-las-clases-en-san-luis-y-chubut\\\/\",\"url\":\"https:\\\/\\\/cuartetoenlaweb.com.ar\\\/sitio\\\/se-iniciaron-las-clases-en-san-luis-y-chubut\\\/\",\"name\":\"Se iniciaron las clases en San Luis y Chubut - Cuarteto en la Web\",\"isPartOf\":{\"@id\":\"http:\\\/\\\/cuartetoenlaweb.com.ar\\\/sitio\\\/#website\"},\"primaryImageOfPage\":{\"@id\":\"https:\\\/\\\/cuartetoenlaweb.com.ar\\\/sitio\\\/se-iniciaron-las-clases-en-san-luis-y-chubut\\\/#primaryimage\"},\"image\":{\"@id\":\"https:\\\/\\\/cuartetoenlaweb.com.ar\\\/sitio\\\/se-iniciaron-las-clases-en-san-luis-y-chubut\\\/#primaryimage\"},\"thumbnailUrl\":\"https:\\\/\\\/cuartetoenlaweb.com.ar\\\/sitio\\\/wp-content\\\/uploads\\\/2026\\\/02\\\/image-7.jpg\",\"datePublished\":\"2026-02-23T13:00:24+00:00\",\"breadcrumb\":{\"@id\":\"https:\\\/\\\/cuartetoenlaweb.com.ar\\\/sitio\\\/se-iniciaron-las-clases-en-san-luis-y-chubut\\\/#breadcrumb\"},\"inLanguage\":\"es\",\"potentialAction\":[{\"@type\":\"ReadAction\",\"target\":[\"https:\\\/\\\/cuartetoenlaweb.com.ar\\\/sitio\\\/se-iniciaron-las-clases-en-san-luis-y-chubut\\\/\"]}]},{\"@type\":\"ImageObject\",\"inLanguage\":\"es\",\"@id\":\"https:\\\/\\\/cuartetoenlaweb.com.ar\\\/sitio\\\/se-iniciaron-las-clases-en-san-luis-y-chubut\\\/#primaryimage\",\"url\":\"https:\\\/\\\/cuartetoenlaweb.com.ar\\\/sitio\\\/wp-content\\\/uploads\\\/2026\\\/02\\\/image-7.jpg\",\"contentUrl\":\"https:\\\/\\\/cuartetoenlaweb.com.ar\\\/sitio\\\/wp-content\\\/uploads\\\/2026\\\/02\\\/image-7.jpg\",\"width\":1024,\"height\":576},{\"@type\":\"BreadcrumbList\",\"@id\":\"https:\\\/\\\/cuartetoenlaweb.com.ar\\\/sitio\\\/se-iniciaron-las-clases-en-san-luis-y-chubut\\\/#breadcrumb\",\"itemListElement\":[{\"@type\":\"ListItem\",\"position\":1,\"name\":\"Portada\",\"item\":\"http:\\\/\\\/cuartetoenlaweb.com.ar\\\/sitio\\\/\"},{\"@type\":\"ListItem\",\"position\":2,\"name\":\"Se iniciaron las clases en San Luis y Chubut\"}]},{\"@type\":\"WebSite\",\"@id\":\"http:\\\/\\\/cuartetoenlaweb.com.ar\\\/sitio\\\/#website\",\"url\":\"http:\\\/\\\/cuartetoenlaweb.com.ar\\\/sitio\\\/\",\"name\":\"Cuarteto en la Web\",\"description\":\"\",\"publisher\":{\"@id\":\"http:\\\/\\\/cuartetoenlaweb.com.ar\\\/sitio\\\/#organization\"},\"potentialAction\":[{\"@type\":\"SearchAction\",\"target\":{\"@type\":\"EntryPoint\",\"urlTemplate\":\"http:\\\/\\\/cuartetoenlaweb.com.ar\\\/sitio\\\/?s={search_term_string}\"},\"query-input\":{\"@type\":\"PropertyValueSpecification\",\"valueRequired\":true,\"valueName\":\"search_term_string\"}}],\"inLanguage\":\"es\"},{\"@type\":\"Organization\",\"@id\":\"http:\\\/\\\/cuartetoenlaweb.com.ar\\\/sitio\\\/#organization\",\"name\":\"Cuarteto en la Web\",\"url\":\"http:\\\/\\\/cuartetoenlaweb.com.ar\\\/sitio\\\/\",\"logo\":{\"@type\":\"ImageObject\",\"inLanguage\":\"es\",\"@id\":\"http:\\\/\\\/cuartetoenlaweb.com.ar\\\/sitio\\\/#\\\/schema\\\/logo\\\/image\\\/\",\"url\":\"https:\\\/\\\/cuartetoenlaweb.com.ar\\\/sitio\\\/wp-content\\\/uploads\\\/2025\\\/07\\\/cropped-cropped-logitoweb21.png\",\"contentUrl\":\"https:\\\/\\\/cuartetoenlaweb.com.ar\\\/sitio\\\/wp-content\\\/uploads\\\/2025\\\/07\\\/cropped-cropped-logitoweb21.png\",\"width\":199,\"height\":199,\"caption\":\"Cuarteto en la Web\"},\"image\":{\"@id\":\"http:\\\/\\\/cuartetoenlaweb.com.ar\\\/sitio\\\/#\\\/schema\\\/logo\\\/image\\\/\"}}]}<\/script>\n<!-- \/ Yoast SEO plugin. -->","yoast_head_json":{"title":"Se iniciaron las clases en San Luis y Chubut - Cuarteto en la Web","robots":{"index":"index","follow":"follow","max-snippet":"max-snippet:-1","max-image-preview":"max-image-preview:large","max-video-preview":"max-video-preview:-1"},"canonical":"https:\/\/cuartetoenlaweb.com.ar\/sitio\/se-iniciaron-las-clases-en-san-luis-y-chubut\/","og_locale":"es_ES","og_type":"article","og_title":"Se iniciaron las clases en San Luis y Chubut - Cuarteto en la Web","og_description":"Buenos Aires, 23 febrero (NA) \u2013 El ciclo lectivo 2026","og_url":"https:\/\/cuartetoenlaweb.com.ar\/sitio\/se-iniciaron-las-clases-en-san-luis-y-chubut\/","og_site_name":"Cuarteto en la Web","article_published_time":"2026-02-23T13:00:24+00:00","og_image":[{"width":1024,"height":576,"url":"https:\/\/cuartetoenlaweb.com.ar\/sitio\/wp-content\/uploads\/2026\/02\/image-7.jpg","type":"image\/jpeg"}],"twitter_card":"summary_large_image","twitter_misc":{"Tiempo de lectura":"2 minutos"},"schema":{"@context":"https:\/\/schema.org","@graph":[{"@type":"Article","@id":"https:\/\/cuartetoenlaweb.com.ar\/sitio\/se-iniciaron-las-clases-en-san-luis-y-chubut\/#article","isPartOf":{"@id":"https:\/\/cuartetoenlaweb.com.ar\/sitio\/se-iniciaron-las-clases-en-san-luis-y-chubut\/"},"author":{"name":"","@id":""},"headline":"Se iniciaron las clases en San Luis y Chubut","datePublished":"2026-02-23T13:00:24+00:00","mainEntityOfPage":{"@id":"https:\/\/cuartetoenlaweb.com.ar\/sitio\/se-iniciaron-las-clases-en-san-luis-y-chubut\/"},"wordCount":396,"publisher":{"@id":"http:\/\/cuartetoenlaweb.com.ar\/sitio\/#organization"},"image":{"@id":"https:\/\/cuartetoenlaweb.com.ar\/sitio\/se-iniciaron-las-clases-en-san-luis-y-chubut\/#primaryimage"},"thumbnailUrl":"https:\/\/cuartetoenlaweb.com.ar\/sitio\/wp-content\/uploads\/2026\/02\/image-7.jpg","articleSection":["PAIS"],"inLanguage":"es"},{"@type":"WebPage","@id":"https:\/\/cuartetoenlaweb.com.ar\/sitio\/se-iniciaron-las-clases-en-san-luis-y-chubut\/","url":"https:\/\/cuartetoenlaweb.com.ar\/sitio\/se-iniciaron-las-clases-en-san-luis-y-chubut\/","name":"Se iniciaron las clases en San Luis y Chubut - Cuarteto en la Web","isPartOf":{"@id":"http:\/\/cuartetoenlaweb.com.ar\/sitio\/#website"},"primaryImageOfPage":{"@id":"https:\/\/cuartetoenlaweb.com.ar\/sitio\/se-iniciaron-las-clases-en-san-luis-y-chubut\/#primaryimage"},"image":{"@id":"https:\/\/cuartetoenlaweb.com.ar\/sitio\/se-iniciaron-las-clases-en-san-luis-y-chubut\/#primaryimage"},"thumbnailUrl":"https:\/\/cuartetoenlaweb.com.ar\/sitio\/wp-content\/uploads\/2026\/02\/image-7.jpg","datePublished":"2026-02-23T13:00:24+00:00","breadcrumb":{"@id":"https:\/\/cuartetoenlaweb.com.ar\/sitio\/se-iniciaron-las-clases-en-san-luis-y-chubut\/#breadcrumb"},"inLanguage":"es","potentialAction":[{"@type":"ReadAction","target":["https:\/\/cuartetoenlaweb.com.ar\/sitio\/se-iniciaron-las-clases-en-san-luis-y-chubut\/"]}]},{"@type":"ImageObject","inLanguage":"es","@id":"https:\/\/cuartetoenlaweb.com.ar\/sitio\/se-iniciaron-las-clases-en-san-luis-y-chubut\/#primaryimage","url":"https:\/\/cuartetoenlaweb.com.ar\/sitio\/wp-content\/uploads\/2026\/02\/image-7.jpg","contentUrl":"https:\/\/cuartetoenlaweb.com.ar\/sitio\/wp-content\/uploads\/2026\/02\/image-7.jpg","width":1024,"height":576},{"@type":"BreadcrumbList","@id":"https:\/\/cuartetoenlaweb.com.ar\/sitio\/se-iniciaron-las-clases-en-san-luis-y-chubut\/#breadcrumb","itemListElement":[{"@type":"ListItem","position":1,"name":"Portada","item":"http:\/\/cuartetoenlaweb.com.ar\/sitio\/"},{"@type":"ListItem","position":2,"name":"Se iniciaron las clases en San Luis y Chubut"}]},{"@type":"WebSite","@id":"http:\/\/cuartetoenlaweb.com.ar\/sitio\/#website","url":"http:\/\/cuartetoenlaweb.com.ar\/sitio\/","name":"Cuarteto en la Web","description":"","publisher":{"@id":"http:\/\/cuartetoenlaweb.com.ar\/sitio\/#organization"},"potentialAction":[{"@type":"SearchAction","target":{"@type":"EntryPoint","urlTemplate":"http:\/\/cuartetoenlaweb.com.ar\/sitio\/?s={search_term_string}"},"query-input":{"@type":"PropertyValueSpecification","valueRequired":true,"valueName":"search_term_string"}}],"inLanguage":"es"},{"@type":"Organization","@id":"http:\/\/cuartetoenlaweb.com.ar\/sitio\/#organization","name":"Cuarteto en la Web","url":"http:\/\/cuartetoenlaweb.com.ar\/sitio\/","logo":{"@type":"ImageObject","inLanguage":"es","@id":"http:\/\/cuartetoenlaweb.com.ar\/sitio\/#\/schema\/logo\/image\/","url":"https:\/\/cuartetoenlaweb.com.ar\/sitio\/wp-content\/uploads\/2025\/07\/cropped-cropped-logitoweb21.png","contentUrl":"https:\/\/cuartetoenlaweb.com.ar\/sitio\/wp-content\/uploads\/2025\/07\/cropped-cropped-logitoweb21.png","width":199,"height":199,"caption":"Cuarteto en la Web"},"image":{"@id":"http:\/\/cuartetoenlaweb.com.ar\/sitio\/#\/schema\/logo\/image\/"}}]}},"_links":{"self":[{"href":"https:\/\/cuartetoenlaweb.com.ar\/sitio\/wp-json\/wp\/v2\/posts\/12514","targetHints":{"allow":["GET"]}}],"collection":[{"href":"https:\/\/cuartetoenlaweb.com.ar\/sitio\/wp-json\/wp\/v2\/posts"}],"about":[{"href":"https:\/\/cuartetoenlaweb.com.ar\/sitio\/wp-json\/wp\/v2\/types\/post"}],"replies":[{"embeddable":true,"href":"https:\/\/cuartetoenlaweb.com.ar\/sitio\/wp-json\/wp\/v2\/comments?post=12514"}],"version-history":[{"count":0,"href":"https:\/\/cuartetoenlaweb.com.ar\/sitio\/wp-json\/wp\/v2\/posts\/12514\/revisions"}],"wp:featuredmedia":[{"embeddable":true,"href":"https:\/\/cuartetoenlaweb.com.ar\/sitio\/wp-json\/wp\/v2\/media\/12515"}],"wp:attachment":[{"href":"https:\/\/cuartetoenlaweb.com.ar\/sitio\/wp-json\/wp\/v2\/media?parent=12514"}],"wp:term":[{"taxonomy":"category","embeddable":true,"href":"https:\/\/cuartetoenlaweb.com.ar\/sitio\/wp-json\/wp\/v2\/categories?post=12514"},{"taxonomy":"post_tag","embeddable":true,"href":"https:\/\/cuartetoenlaweb.com.ar\/sitio\/wp-json\/wp\/v2\/tags?post=12514"}],"curies":[{"name":"wp","href":"https:\/\/api.w.org\/{rel}","templated":true}]}}