
{"id":12512,"date":"2026-02-23T10:00:21","date_gmt":"2026-02-23T13:00:21","guid":{"rendered":"https:\/\/cuartetoenlaweb.com.ar\/sitio\/filtraron-los-nombres-de-los-concursantes-de-gran-hermano-generacion-dorada\/"},"modified":"2026-02-23T10:00:21","modified_gmt":"2026-02-23T13:00:21","slug":"filtraron-los-nombres-de-los-concursantes-de-gran-hermano-generacion-dorada","status":"publish","type":"post","link":"https:\/\/cuartetoenlaweb.com.ar\/sitio\/filtraron-los-nombres-de-los-concursantes-de-gran-hermano-generacion-dorada\/","title":{"rendered":"Filtraron los nombres de los concursantes de Gran Hermano Generaci\u00f3n Dorada"},"content":{"rendered":"<p>Buenos Aires, 23 febrero (NA) \u2013 A pocas horas del regreso de Gran Hermano a la pantalla de Telefe, una cuenta en redes sociales filtr\u00f3 la lista de los posibles candidatos a ingresar a la casa m\u00e1s famosa del pa\u00eds. <\/p>\n<p>Seg\u00fan supo la Agencia Noticias Argentinas, esta nueva edici\u00f3n titulada \u201cGeneraci\u00f3n dorada\u201d re\u00fane figuras del espect\u00e1culo, ex concursantes del reality, influencers y personas an\u00f3nimas en una misma casa. <\/p>\n<p>Dentro de los nombres c\u00e9lebres que se pueden ver en la imagen que simula ser la \u201cplaca de nominados\u201d se puede ver el nombre de la periodista Daniela De Luc\u00eda, el estilista Kennys Palacios, el actor Juanicar, el exfutbolista Brian Sarmiento y la exvedette Divina Gloria. <\/p>\n<p>Adem\u00e1s, se pueden ver los nombres de dos recordados ex Gran Hermano; Solange G\u00f3mez, de la edici\u00f3n 2011 y Emmanuel Di Gioia, de la temporada 2006 y La Pincoya, de la edici\u00f3n chilena.<\/p>\n<p>Tambi\u00e9n hay nombres de personalidades de internet como Lolo Poggio, hermana de Julieta Poggio, Franco, pareja de Lizardo Ponce, Danelik y Titi Tcherkaski.<\/p>\n<p>Otro de los grandes rumores es que ingresar\u00eda Andrea del Boca, actriz emblem\u00e1tica de Argentina, para competir en la competencia.<\/p>\n<p>El estreno de Gran Hermano: Generaci\u00f3n Dorada ser\u00e1 este lunes a las 22:15 por la pantalla de Telefe, con la conducci\u00f3n de Santiago del Moro. #AgenciaNA<\/p>\n","protected":false},"excerpt":{"rendered":"<p>Buenos Aires, 23 febrero (NA) \u2013 A pocas horas del<\/p>\n","protected":false},"author":0,"featured_media":12513,"comment_status":"","ping_status":"","sticky":false,"template":"","format":"standard","meta":{"footnotes":""},"categories":[65],"tags":[],"class_list":["post-12512","post","type-post","status-publish","format-standard","has-post-thumbnail","hentry","category-pais"],"yoast_head":"<!-- This site is optimized with the Yoast SEO plugin v27.5 - https:\/\/yoast.com\/product\/yoast-seo-wordpress\/ -->\n<title>Filtraron los nombres de los concursantes de Gran Hermano Generaci\u00f3n Dorada - Cuarteto en la Web<\/title>\n<meta name=\"robots\" content=\"index, follow, max-snippet:-1, max-image-preview:large, max-video-preview:-1\" \/>\n<link rel=\"canonical\" href=\"https:\/\/cuartetoenlaweb.com.ar\/sitio\/filtraron-los-nombres-de-los-concursantes-de-gran-hermano-generacion-dorada\/\" \/>\n<meta property=\"og:locale\" content=\"es_ES\" \/>\n<meta property=\"og:type\" content=\"article\" \/>\n<meta property=\"og:title\" content=\"Filtraron los nombres de los concursantes de Gran Hermano Generaci\u00f3n Dorada - Cuarteto en la Web\" \/>\n<meta property=\"og:description\" content=\"Buenos Aires, 23 febrero (NA) \u2013 A pocas horas del\" \/>\n<meta property=\"og:url\" content=\"https:\/\/cuartetoenlaweb.com.ar\/sitio\/filtraron-los-nombres-de-los-concursantes-de-gran-hermano-generacion-dorada\/\" \/>\n<meta property=\"og:site_name\" content=\"Cuarteto en la Web\" \/>\n<meta property=\"article:published_time\" content=\"2026-02-23T13:00:21+00:00\" \/>\n<meta property=\"og:image\" content=\"https:\/\/cuartetoenlaweb.com.ar\/sitio\/wp-content\/uploads\/2026\/02\/720-306.jpeg\" \/>\n\t<meta property=\"og:image:width\" content=\"1280\" \/>\n\t<meta property=\"og:image:height\" content=\"720\" \/>\n\t<meta property=\"og:image:type\" content=\"image\/jpeg\" \/>\n<meta name=\"twitter:card\" content=\"summary_large_image\" \/>\n<meta name=\"twitter:label1\" content=\"Tiempo de lectura\" \/>\n\t<meta name=\"twitter:data1\" content=\"1 minuto\" \/>\n<script type=\"application\/ld+json\" class=\"yoast-schema-graph\">{\"@context\":\"https:\\\/\\\/schema.org\",\"@graph\":[{\"@type\":\"Article\",\"@id\":\"https:\\\/\\\/cuartetoenlaweb.com.ar\\\/sitio\\\/filtraron-los-nombres-de-los-concursantes-de-gran-hermano-generacion-dorada\\\/#article\",\"isPartOf\":{\"@id\":\"https:\\\/\\\/cuartetoenlaweb.com.ar\\\/sitio\\\/filtraron-los-nombres-de-los-concursantes-de-gran-hermano-generacion-dorada\\\/\"},\"author\":{\"name\":\"\",\"@id\":\"\"},\"headline\":\"Filtraron los nombres de los concursantes de Gran Hermano Generaci\u00f3n Dorada\",\"datePublished\":\"2026-02-23T13:00:21+00:00\",\"mainEntityOfPage\":{\"@id\":\"https:\\\/\\\/cuartetoenlaweb.com.ar\\\/sitio\\\/filtraron-los-nombres-de-los-concursantes-de-gran-hermano-generacion-dorada\\\/\"},\"wordCount\":242,\"publisher\":{\"@id\":\"http:\\\/\\\/cuartetoenlaweb.com.ar\\\/sitio\\\/#organization\"},\"image\":{\"@id\":\"https:\\\/\\\/cuartetoenlaweb.com.ar\\\/sitio\\\/filtraron-los-nombres-de-los-concursantes-de-gran-hermano-generacion-dorada\\\/#primaryimage\"},\"thumbnailUrl\":\"https:\\\/\\\/cuartetoenlaweb.com.ar\\\/sitio\\\/wp-content\\\/uploads\\\/2026\\\/02\\\/720-306.jpeg\",\"articleSection\":[\"PAIS\"],\"inLanguage\":\"es\"},{\"@type\":\"WebPage\",\"@id\":\"https:\\\/\\\/cuartetoenlaweb.com.ar\\\/sitio\\\/filtraron-los-nombres-de-los-concursantes-de-gran-hermano-generacion-dorada\\\/\",\"url\":\"https:\\\/\\\/cuartetoenlaweb.com.ar\\\/sitio\\\/filtraron-los-nombres-de-los-concursantes-de-gran-hermano-generacion-dorada\\\/\",\"name\":\"Filtraron los nombres de los concursantes de Gran Hermano Generaci\u00f3n Dorada - Cuarteto en la Web\",\"isPartOf\":{\"@id\":\"http:\\\/\\\/cuartetoenlaweb.com.ar\\\/sitio\\\/#website\"},\"primaryImageOfPage\":{\"@id\":\"https:\\\/\\\/cuartetoenlaweb.com.ar\\\/sitio\\\/filtraron-los-nombres-de-los-concursantes-de-gran-hermano-generacion-dorada\\\/#primaryimage\"},\"image\":{\"@id\":\"https:\\\/\\\/cuartetoenlaweb.com.ar\\\/sitio\\\/filtraron-los-nombres-de-los-concursantes-de-gran-hermano-generacion-dorada\\\/#primaryimage\"},\"thumbnailUrl\":\"https:\\\/\\\/cuartetoenlaweb.com.ar\\\/sitio\\\/wp-content\\\/uploads\\\/2026\\\/02\\\/720-306.jpeg\",\"datePublished\":\"2026-02-23T13:00:21+00:00\",\"breadcrumb\":{\"@id\":\"https:\\\/\\\/cuartetoenlaweb.com.ar\\\/sitio\\\/filtraron-los-nombres-de-los-concursantes-de-gran-hermano-generacion-dorada\\\/#breadcrumb\"},\"inLanguage\":\"es\",\"potentialAction\":[{\"@type\":\"ReadAction\",\"target\":[\"https:\\\/\\\/cuartetoenlaweb.com.ar\\\/sitio\\\/filtraron-los-nombres-de-los-concursantes-de-gran-hermano-generacion-dorada\\\/\"]}]},{\"@type\":\"ImageObject\",\"inLanguage\":\"es\",\"@id\":\"https:\\\/\\\/cuartetoenlaweb.com.ar\\\/sitio\\\/filtraron-los-nombres-de-los-concursantes-de-gran-hermano-generacion-dorada\\\/#primaryimage\",\"url\":\"https:\\\/\\\/cuartetoenlaweb.com.ar\\\/sitio\\\/wp-content\\\/uploads\\\/2026\\\/02\\\/720-306.jpeg\",\"contentUrl\":\"https:\\\/\\\/cuartetoenlaweb.com.ar\\\/sitio\\\/wp-content\\\/uploads\\\/2026\\\/02\\\/720-306.jpeg\",\"width\":1280,\"height\":720},{\"@type\":\"BreadcrumbList\",\"@id\":\"https:\\\/\\\/cuartetoenlaweb.com.ar\\\/sitio\\\/filtraron-los-nombres-de-los-concursantes-de-gran-hermano-generacion-dorada\\\/#breadcrumb\",\"itemListElement\":[{\"@type\":\"ListItem\",\"position\":1,\"name\":\"Portada\",\"item\":\"http:\\\/\\\/cuartetoenlaweb.com.ar\\\/sitio\\\/\"},{\"@type\":\"ListItem\",\"position\":2,\"name\":\"Filtraron los nombres de los concursantes de Gran Hermano Generaci\u00f3n Dorada\"}]},{\"@type\":\"WebSite\",\"@id\":\"http:\\\/\\\/cuartetoenlaweb.com.ar\\\/sitio\\\/#website\",\"url\":\"http:\\\/\\\/cuartetoenlaweb.com.ar\\\/sitio\\\/\",\"name\":\"Cuarteto en la Web\",\"description\":\"\",\"publisher\":{\"@id\":\"http:\\\/\\\/cuartetoenlaweb.com.ar\\\/sitio\\\/#organization\"},\"potentialAction\":[{\"@type\":\"SearchAction\",\"target\":{\"@type\":\"EntryPoint\",\"urlTemplate\":\"http:\\\/\\\/cuartetoenlaweb.com.ar\\\/sitio\\\/?s={search_term_string}\"},\"query-input\":{\"@type\":\"PropertyValueSpecification\",\"valueRequired\":true,\"valueName\":\"search_term_string\"}}],\"inLanguage\":\"es\"},{\"@type\":\"Organization\",\"@id\":\"http:\\\/\\\/cuartetoenlaweb.com.ar\\\/sitio\\\/#organization\",\"name\":\"Cuarteto en la Web\",\"url\":\"http:\\\/\\\/cuartetoenlaweb.com.ar\\\/sitio\\\/\",\"logo\":{\"@type\":\"ImageObject\",\"inLanguage\":\"es\",\"@id\":\"http:\\\/\\\/cuartetoenlaweb.com.ar\\\/sitio\\\/#\\\/schema\\\/logo\\\/image\\\/\",\"url\":\"https:\\\/\\\/cuartetoenlaweb.com.ar\\\/sitio\\\/wp-content\\\/uploads\\\/2025\\\/07\\\/cropped-cropped-logitoweb21.png\",\"contentUrl\":\"https:\\\/\\\/cuartetoenlaweb.com.ar\\\/sitio\\\/wp-content\\\/uploads\\\/2025\\\/07\\\/cropped-cropped-logitoweb21.png\",\"width\":199,\"height\":199,\"caption\":\"Cuarteto en la Web\"},\"image\":{\"@id\":\"http:\\\/\\\/cuartetoenlaweb.com.ar\\\/sitio\\\/#\\\/schema\\\/logo\\\/image\\\/\"}}]}<\/script>\n<!-- \/ Yoast SEO plugin. -->","yoast_head_json":{"title":"Filtraron los nombres de los concursantes de Gran Hermano Generaci\u00f3n Dorada - Cuarteto en la Web","robots":{"index":"index","follow":"follow","max-snippet":"max-snippet:-1","max-image-preview":"max-image-preview:large","max-video-preview":"max-video-preview:-1"},"canonical":"https:\/\/cuartetoenlaweb.com.ar\/sitio\/filtraron-los-nombres-de-los-concursantes-de-gran-hermano-generacion-dorada\/","og_locale":"es_ES","og_type":"article","og_title":"Filtraron los nombres de los concursantes de Gran Hermano Generaci\u00f3n Dorada - Cuarteto en la Web","og_description":"Buenos Aires, 23 febrero (NA) \u2013 A pocas horas del","og_url":"https:\/\/cuartetoenlaweb.com.ar\/sitio\/filtraron-los-nombres-de-los-concursantes-de-gran-hermano-generacion-dorada\/","og_site_name":"Cuarteto en la Web","article_published_time":"2026-02-23T13:00:21+00:00","og_image":[{"width":1280,"height":720,"url":"https:\/\/cuartetoenlaweb.com.ar\/sitio\/wp-content\/uploads\/2026\/02\/720-306.jpeg","type":"image\/jpeg"}],"twitter_card":"summary_large_image","twitter_misc":{"Tiempo de lectura":"1 minuto"},"schema":{"@context":"https:\/\/schema.org","@graph":[{"@type":"Article","@id":"https:\/\/cuartetoenlaweb.com.ar\/sitio\/filtraron-los-nombres-de-los-concursantes-de-gran-hermano-generacion-dorada\/#article","isPartOf":{"@id":"https:\/\/cuartetoenlaweb.com.ar\/sitio\/filtraron-los-nombres-de-los-concursantes-de-gran-hermano-generacion-dorada\/"},"author":{"name":"","@id":""},"headline":"Filtraron los nombres de los concursantes de Gran Hermano Generaci\u00f3n Dorada","datePublished":"2026-02-23T13:00:21+00:00","mainEntityOfPage":{"@id":"https:\/\/cuartetoenlaweb.com.ar\/sitio\/filtraron-los-nombres-de-los-concursantes-de-gran-hermano-generacion-dorada\/"},"wordCount":242,"publisher":{"@id":"http:\/\/cuartetoenlaweb.com.ar\/sitio\/#organization"},"image":{"@id":"https:\/\/cuartetoenlaweb.com.ar\/sitio\/filtraron-los-nombres-de-los-concursantes-de-gran-hermano-generacion-dorada\/#primaryimage"},"thumbnailUrl":"https:\/\/cuartetoenlaweb.com.ar\/sitio\/wp-content\/uploads\/2026\/02\/720-306.jpeg","articleSection":["PAIS"],"inLanguage":"es"},{"@type":"WebPage","@id":"https:\/\/cuartetoenlaweb.com.ar\/sitio\/filtraron-los-nombres-de-los-concursantes-de-gran-hermano-generacion-dorada\/","url":"https:\/\/cuartetoenlaweb.com.ar\/sitio\/filtraron-los-nombres-de-los-concursantes-de-gran-hermano-generacion-dorada\/","name":"Filtraron los nombres de los concursantes de Gran Hermano Generaci\u00f3n Dorada - Cuarteto en la Web","isPartOf":{"@id":"http:\/\/cuartetoenlaweb.com.ar\/sitio\/#website"},"primaryImageOfPage":{"@id":"https:\/\/cuartetoenlaweb.com.ar\/sitio\/filtraron-los-nombres-de-los-concursantes-de-gran-hermano-generacion-dorada\/#primaryimage"},"image":{"@id":"https:\/\/cuartetoenlaweb.com.ar\/sitio\/filtraron-los-nombres-de-los-concursantes-de-gran-hermano-generacion-dorada\/#primaryimage"},"thumbnailUrl":"https:\/\/cuartetoenlaweb.com.ar\/sitio\/wp-content\/uploads\/2026\/02\/720-306.jpeg","datePublished":"2026-02-23T13:00:21+00:00","breadcrumb":{"@id":"https:\/\/cuartetoenlaweb.com.ar\/sitio\/filtraron-los-nombres-de-los-concursantes-de-gran-hermano-generacion-dorada\/#breadcrumb"},"inLanguage":"es","potentialAction":[{"@type":"ReadAction","target":["https:\/\/cuartetoenlaweb.com.ar\/sitio\/filtraron-los-nombres-de-los-concursantes-de-gran-hermano-generacion-dorada\/"]}]},{"@type":"ImageObject","inLanguage":"es","@id":"https:\/\/cuartetoenlaweb.com.ar\/sitio\/filtraron-los-nombres-de-los-concursantes-de-gran-hermano-generacion-dorada\/#primaryimage","url":"https:\/\/cuartetoenlaweb.com.ar\/sitio\/wp-content\/uploads\/2026\/02\/720-306.jpeg","contentUrl":"https:\/\/cuartetoenlaweb.com.ar\/sitio\/wp-content\/uploads\/2026\/02\/720-306.jpeg","width":1280,"height":720},{"@type":"BreadcrumbList","@id":"https:\/\/cuartetoenlaweb.com.ar\/sitio\/filtraron-los-nombres-de-los-concursantes-de-gran-hermano-generacion-dorada\/#breadcrumb","itemListElement":[{"@type":"ListItem","position":1,"name":"Portada","item":"http:\/\/cuartetoenlaweb.com.ar\/sitio\/"},{"@type":"ListItem","position":2,"name":"Filtraron los nombres de los concursantes de Gran Hermano Generaci\u00f3n Dorada"}]},{"@type":"WebSite","@id":"http:\/\/cuartetoenlaweb.com.ar\/sitio\/#website","url":"http:\/\/cuartetoenlaweb.com.ar\/sitio\/","name":"Cuarteto en la Web","description":"","publisher":{"@id":"http:\/\/cuartetoenlaweb.com.ar\/sitio\/#organization"},"potentialAction":[{"@type":"SearchAction","target":{"@type":"EntryPoint","urlTemplate":"http:\/\/cuartetoenlaweb.com.ar\/sitio\/?s={search_term_string}"},"query-input":{"@type":"PropertyValueSpecification","valueRequired":true,"valueName":"search_term_string"}}],"inLanguage":"es"},{"@type":"Organization","@id":"http:\/\/cuartetoenlaweb.com.ar\/sitio\/#organization","name":"Cuarteto en la Web","url":"http:\/\/cuartetoenlaweb.com.ar\/sitio\/","logo":{"@type":"ImageObject","inLanguage":"es","@id":"http:\/\/cuartetoenlaweb.com.ar\/sitio\/#\/schema\/logo\/image\/","url":"https:\/\/cuartetoenlaweb.com.ar\/sitio\/wp-content\/uploads\/2025\/07\/cropped-cropped-logitoweb21.png","contentUrl":"https:\/\/cuartetoenlaweb.com.ar\/sitio\/wp-content\/uploads\/2025\/07\/cropped-cropped-logitoweb21.png","width":199,"height":199,"caption":"Cuarteto en la Web"},"image":{"@id":"http:\/\/cuartetoenlaweb.com.ar\/sitio\/#\/schema\/logo\/image\/"}}]}},"_links":{"self":[{"href":"https:\/\/cuartetoenlaweb.com.ar\/sitio\/wp-json\/wp\/v2\/posts\/12512","targetHints":{"allow":["GET"]}}],"collection":[{"href":"https:\/\/cuartetoenlaweb.com.ar\/sitio\/wp-json\/wp\/v2\/posts"}],"about":[{"href":"https:\/\/cuartetoenlaweb.com.ar\/sitio\/wp-json\/wp\/v2\/types\/post"}],"replies":[{"embeddable":true,"href":"https:\/\/cuartetoenlaweb.com.ar\/sitio\/wp-json\/wp\/v2\/comments?post=12512"}],"version-history":[{"count":0,"href":"https:\/\/cuartetoenlaweb.com.ar\/sitio\/wp-json\/wp\/v2\/posts\/12512\/revisions"}],"wp:featuredmedia":[{"embeddable":true,"href":"https:\/\/cuartetoenlaweb.com.ar\/sitio\/wp-json\/wp\/v2\/media\/12513"}],"wp:attachment":[{"href":"https:\/\/cuartetoenlaweb.com.ar\/sitio\/wp-json\/wp\/v2\/media?parent=12512"}],"wp:term":[{"taxonomy":"category","embeddable":true,"href":"https:\/\/cuartetoenlaweb.com.ar\/sitio\/wp-json\/wp\/v2\/categories?post=12512"},{"taxonomy":"post_tag","embeddable":true,"href":"https:\/\/cuartetoenlaweb.com.ar\/sitio\/wp-json\/wp\/v2\/tags?post=12512"}],"curies":[{"name":"wp","href":"https:\/\/api.w.org\/{rel}","templated":true}]}}