
{"id":12510,"date":"2026-02-23T10:00:16","date_gmt":"2026-02-23T13:00:16","guid":{"rendered":"https:\/\/cuartetoenlaweb.com.ar\/sitio\/hugo-sigman-mencionado-en-la-causa-por-vuelos-a-la-mansion-de-pilar\/"},"modified":"2026-02-23T10:00:16","modified_gmt":"2026-02-23T13:00:16","slug":"hugo-sigman-mencionado-en-la-causa-por-vuelos-a-la-mansion-de-pilar","status":"publish","type":"post","link":"https:\/\/cuartetoenlaweb.com.ar\/sitio\/hugo-sigman-mencionado-en-la-causa-por-vuelos-a-la-mansion-de-pilar\/","title":{"rendered":"Hugo Sigman, mencionado en la causa por vuelos a la mansi\u00f3n de Pilar"},"content":{"rendered":"<p>Buenos Aires, 23 febrero (NA) \u2013 El empresario Hugo Sigman qued\u00f3 mencionado en la causa que investiga los vuelos a la mansi\u00f3n de Pilar, a partir de la declaraci\u00f3n de pilotos y de documentaci\u00f3n que vincula operaciones a\u00e9reas con un helipuerto perteneciente a su entorno familiar.<\/p>\n<p>El nombre de Sigman surgi\u00f3 en el expediente debido a que Luis Alberto Gold, propietario del helipuerto Las Chacritas (HLT), es hermano de Silvia Gold, esposa del empresario.<\/p>\n<p>Seg\u00fan public\u00f3 Clar\u00edn y pudo saber la Agencia Noticias Argentinas, Gold es due\u00f1o de un helic\u00f3ptero Bell 407GX, matr\u00edcula LV-FNE, que realiz\u00f3 unos 34 viajes a la mansi\u00f3n de Pilar.<\/p>\n<p>La investigaci\u00f3n judicial analiz\u00f3 tambi\u00e9n operaciones del helic\u00f3ptero Bell 429 GlobalRanger matr\u00edcula LV-FKY, operado por Flyzar, cuyos pilotos declararon como testigos ante el juez Aguinsky.<\/p>\n<p>En esas testimoniales surgieron contradicciones respecto del registro de pasajeros y de los destinos declarados en los planes de vuelo y manifiestos.<\/p>\n<p>En relaci\u00f3n con el helipuerto Las Chacritas, se consign\u00f3 que se trata de un predio privado no controlado, al igual que otros mencionados en la causa, lo que abre la posibilidad de que un vuelo haya declarado un destino y aterrizado en otro.<\/p>\n<p>La documentaci\u00f3n incorporada al expediente indic\u00f3 adem\u00e1s que no se entregaron la totalidad de los planes de vuelo y manifiestos requeridos por la Justicia, por lo que no se pudo determinar con precisi\u00f3n todos los movimientos a\u00e9reos vinculados a la mansi\u00f3n de Pilar. #AgenciaNA<\/p>\n","protected":false},"excerpt":{"rendered":"<p>Buenos Aires, 23 febrero (NA) \u2013 El empresario Hugo Sigman<\/p>\n","protected":false},"author":0,"featured_media":12511,"comment_status":"","ping_status":"","sticky":false,"template":"","format":"standard","meta":{"footnotes":""},"categories":[65],"tags":[],"class_list":["post-12510","post","type-post","status-publish","format-standard","has-post-thumbnail","hentry","category-pais"],"yoast_head":"<!-- This site is optimized with the Yoast SEO plugin v27.5 - https:\/\/yoast.com\/product\/yoast-seo-wordpress\/ -->\n<title>Hugo Sigman, mencionado en la causa por vuelos a la mansi\u00f3n de Pilar - Cuarteto en la Web<\/title>\n<meta name=\"robots\" content=\"index, follow, max-snippet:-1, max-image-preview:large, max-video-preview:-1\" \/>\n<link rel=\"canonical\" href=\"https:\/\/cuartetoenlaweb.com.ar\/sitio\/hugo-sigman-mencionado-en-la-causa-por-vuelos-a-la-mansion-de-pilar\/\" \/>\n<meta property=\"og:locale\" content=\"es_ES\" \/>\n<meta property=\"og:type\" content=\"article\" \/>\n<meta property=\"og:title\" content=\"Hugo Sigman, mencionado en la causa por vuelos a la mansi\u00f3n de Pilar - Cuarteto en la Web\" \/>\n<meta property=\"og:description\" content=\"Buenos Aires, 23 febrero (NA) \u2013 El empresario Hugo Sigman\" \/>\n<meta property=\"og:url\" content=\"https:\/\/cuartetoenlaweb.com.ar\/sitio\/hugo-sigman-mencionado-en-la-causa-por-vuelos-a-la-mansion-de-pilar\/\" \/>\n<meta property=\"og:site_name\" content=\"Cuarteto en la Web\" \/>\n<meta property=\"article:published_time\" content=\"2026-02-23T13:00:16+00:00\" \/>\n<meta property=\"og:image\" content=\"https:\/\/cuartetoenlaweb.com.ar\/sitio\/wp-content\/uploads\/2026\/02\/720-305.jpeg\" \/>\n\t<meta property=\"og:image:width\" content=\"1080\" \/>\n\t<meta property=\"og:image:height\" content=\"720\" \/>\n\t<meta property=\"og:image:type\" content=\"image\/jpeg\" \/>\n<meta name=\"twitter:card\" content=\"summary_large_image\" \/>\n<meta name=\"twitter:label1\" content=\"Tiempo de lectura\" \/>\n\t<meta name=\"twitter:data1\" content=\"1 minuto\" \/>\n<script type=\"application\/ld+json\" class=\"yoast-schema-graph\">{\"@context\":\"https:\\\/\\\/schema.org\",\"@graph\":[{\"@type\":\"Article\",\"@id\":\"https:\\\/\\\/cuartetoenlaweb.com.ar\\\/sitio\\\/hugo-sigman-mencionado-en-la-causa-por-vuelos-a-la-mansion-de-pilar\\\/#article\",\"isPartOf\":{\"@id\":\"https:\\\/\\\/cuartetoenlaweb.com.ar\\\/sitio\\\/hugo-sigman-mencionado-en-la-causa-por-vuelos-a-la-mansion-de-pilar\\\/\"},\"author\":{\"name\":\"\",\"@id\":\"\"},\"headline\":\"Hugo Sigman, mencionado en la causa por vuelos a la mansi\u00f3n de Pilar\",\"datePublished\":\"2026-02-23T13:00:16+00:00\",\"mainEntityOfPage\":{\"@id\":\"https:\\\/\\\/cuartetoenlaweb.com.ar\\\/sitio\\\/hugo-sigman-mencionado-en-la-causa-por-vuelos-a-la-mansion-de-pilar\\\/\"},\"wordCount\":268,\"publisher\":{\"@id\":\"http:\\\/\\\/cuartetoenlaweb.com.ar\\\/sitio\\\/#organization\"},\"image\":{\"@id\":\"https:\\\/\\\/cuartetoenlaweb.com.ar\\\/sitio\\\/hugo-sigman-mencionado-en-la-causa-por-vuelos-a-la-mansion-de-pilar\\\/#primaryimage\"},\"thumbnailUrl\":\"https:\\\/\\\/cuartetoenlaweb.com.ar\\\/sitio\\\/wp-content\\\/uploads\\\/2026\\\/02\\\/720-305.jpeg\",\"articleSection\":[\"PAIS\"],\"inLanguage\":\"es\"},{\"@type\":\"WebPage\",\"@id\":\"https:\\\/\\\/cuartetoenlaweb.com.ar\\\/sitio\\\/hugo-sigman-mencionado-en-la-causa-por-vuelos-a-la-mansion-de-pilar\\\/\",\"url\":\"https:\\\/\\\/cuartetoenlaweb.com.ar\\\/sitio\\\/hugo-sigman-mencionado-en-la-causa-por-vuelos-a-la-mansion-de-pilar\\\/\",\"name\":\"Hugo Sigman, mencionado en la causa por vuelos a la mansi\u00f3n de Pilar - Cuarteto en la Web\",\"isPartOf\":{\"@id\":\"http:\\\/\\\/cuartetoenlaweb.com.ar\\\/sitio\\\/#website\"},\"primaryImageOfPage\":{\"@id\":\"https:\\\/\\\/cuartetoenlaweb.com.ar\\\/sitio\\\/hugo-sigman-mencionado-en-la-causa-por-vuelos-a-la-mansion-de-pilar\\\/#primaryimage\"},\"image\":{\"@id\":\"https:\\\/\\\/cuartetoenlaweb.com.ar\\\/sitio\\\/hugo-sigman-mencionado-en-la-causa-por-vuelos-a-la-mansion-de-pilar\\\/#primaryimage\"},\"thumbnailUrl\":\"https:\\\/\\\/cuartetoenlaweb.com.ar\\\/sitio\\\/wp-content\\\/uploads\\\/2026\\\/02\\\/720-305.jpeg\",\"datePublished\":\"2026-02-23T13:00:16+00:00\",\"breadcrumb\":{\"@id\":\"https:\\\/\\\/cuartetoenlaweb.com.ar\\\/sitio\\\/hugo-sigman-mencionado-en-la-causa-por-vuelos-a-la-mansion-de-pilar\\\/#breadcrumb\"},\"inLanguage\":\"es\",\"potentialAction\":[{\"@type\":\"ReadAction\",\"target\":[\"https:\\\/\\\/cuartetoenlaweb.com.ar\\\/sitio\\\/hugo-sigman-mencionado-en-la-causa-por-vuelos-a-la-mansion-de-pilar\\\/\"]}]},{\"@type\":\"ImageObject\",\"inLanguage\":\"es\",\"@id\":\"https:\\\/\\\/cuartetoenlaweb.com.ar\\\/sitio\\\/hugo-sigman-mencionado-en-la-causa-por-vuelos-a-la-mansion-de-pilar\\\/#primaryimage\",\"url\":\"https:\\\/\\\/cuartetoenlaweb.com.ar\\\/sitio\\\/wp-content\\\/uploads\\\/2026\\\/02\\\/720-305.jpeg\",\"contentUrl\":\"https:\\\/\\\/cuartetoenlaweb.com.ar\\\/sitio\\\/wp-content\\\/uploads\\\/2026\\\/02\\\/720-305.jpeg\",\"width\":1080,\"height\":720},{\"@type\":\"BreadcrumbList\",\"@id\":\"https:\\\/\\\/cuartetoenlaweb.com.ar\\\/sitio\\\/hugo-sigman-mencionado-en-la-causa-por-vuelos-a-la-mansion-de-pilar\\\/#breadcrumb\",\"itemListElement\":[{\"@type\":\"ListItem\",\"position\":1,\"name\":\"Portada\",\"item\":\"http:\\\/\\\/cuartetoenlaweb.com.ar\\\/sitio\\\/\"},{\"@type\":\"ListItem\",\"position\":2,\"name\":\"Hugo Sigman, mencionado en la causa por vuelos a la mansi\u00f3n de Pilar\"}]},{\"@type\":\"WebSite\",\"@id\":\"http:\\\/\\\/cuartetoenlaweb.com.ar\\\/sitio\\\/#website\",\"url\":\"http:\\\/\\\/cuartetoenlaweb.com.ar\\\/sitio\\\/\",\"name\":\"Cuarteto en la Web\",\"description\":\"\",\"publisher\":{\"@id\":\"http:\\\/\\\/cuartetoenlaweb.com.ar\\\/sitio\\\/#organization\"},\"potentialAction\":[{\"@type\":\"SearchAction\",\"target\":{\"@type\":\"EntryPoint\",\"urlTemplate\":\"http:\\\/\\\/cuartetoenlaweb.com.ar\\\/sitio\\\/?s={search_term_string}\"},\"query-input\":{\"@type\":\"PropertyValueSpecification\",\"valueRequired\":true,\"valueName\":\"search_term_string\"}}],\"inLanguage\":\"es\"},{\"@type\":\"Organization\",\"@id\":\"http:\\\/\\\/cuartetoenlaweb.com.ar\\\/sitio\\\/#organization\",\"name\":\"Cuarteto en la Web\",\"url\":\"http:\\\/\\\/cuartetoenlaweb.com.ar\\\/sitio\\\/\",\"logo\":{\"@type\":\"ImageObject\",\"inLanguage\":\"es\",\"@id\":\"http:\\\/\\\/cuartetoenlaweb.com.ar\\\/sitio\\\/#\\\/schema\\\/logo\\\/image\\\/\",\"url\":\"https:\\\/\\\/cuartetoenlaweb.com.ar\\\/sitio\\\/wp-content\\\/uploads\\\/2025\\\/07\\\/cropped-cropped-logitoweb21.png\",\"contentUrl\":\"https:\\\/\\\/cuartetoenlaweb.com.ar\\\/sitio\\\/wp-content\\\/uploads\\\/2025\\\/07\\\/cropped-cropped-logitoweb21.png\",\"width\":199,\"height\":199,\"caption\":\"Cuarteto en la Web\"},\"image\":{\"@id\":\"http:\\\/\\\/cuartetoenlaweb.com.ar\\\/sitio\\\/#\\\/schema\\\/logo\\\/image\\\/\"}}]}<\/script>\n<!-- \/ Yoast SEO plugin. -->","yoast_head_json":{"title":"Hugo Sigman, mencionado en la causa por vuelos a la mansi\u00f3n de Pilar - Cuarteto en la Web","robots":{"index":"index","follow":"follow","max-snippet":"max-snippet:-1","max-image-preview":"max-image-preview:large","max-video-preview":"max-video-preview:-1"},"canonical":"https:\/\/cuartetoenlaweb.com.ar\/sitio\/hugo-sigman-mencionado-en-la-causa-por-vuelos-a-la-mansion-de-pilar\/","og_locale":"es_ES","og_type":"article","og_title":"Hugo Sigman, mencionado en la causa por vuelos a la mansi\u00f3n de Pilar - Cuarteto en la Web","og_description":"Buenos Aires, 23 febrero (NA) \u2013 El empresario Hugo Sigman","og_url":"https:\/\/cuartetoenlaweb.com.ar\/sitio\/hugo-sigman-mencionado-en-la-causa-por-vuelos-a-la-mansion-de-pilar\/","og_site_name":"Cuarteto en la Web","article_published_time":"2026-02-23T13:00:16+00:00","og_image":[{"width":1080,"height":720,"url":"https:\/\/cuartetoenlaweb.com.ar\/sitio\/wp-content\/uploads\/2026\/02\/720-305.jpeg","type":"image\/jpeg"}],"twitter_card":"summary_large_image","twitter_misc":{"Tiempo de lectura":"1 minuto"},"schema":{"@context":"https:\/\/schema.org","@graph":[{"@type":"Article","@id":"https:\/\/cuartetoenlaweb.com.ar\/sitio\/hugo-sigman-mencionado-en-la-causa-por-vuelos-a-la-mansion-de-pilar\/#article","isPartOf":{"@id":"https:\/\/cuartetoenlaweb.com.ar\/sitio\/hugo-sigman-mencionado-en-la-causa-por-vuelos-a-la-mansion-de-pilar\/"},"author":{"name":"","@id":""},"headline":"Hugo Sigman, mencionado en la causa por vuelos a la mansi\u00f3n de Pilar","datePublished":"2026-02-23T13:00:16+00:00","mainEntityOfPage":{"@id":"https:\/\/cuartetoenlaweb.com.ar\/sitio\/hugo-sigman-mencionado-en-la-causa-por-vuelos-a-la-mansion-de-pilar\/"},"wordCount":268,"publisher":{"@id":"http:\/\/cuartetoenlaweb.com.ar\/sitio\/#organization"},"image":{"@id":"https:\/\/cuartetoenlaweb.com.ar\/sitio\/hugo-sigman-mencionado-en-la-causa-por-vuelos-a-la-mansion-de-pilar\/#primaryimage"},"thumbnailUrl":"https:\/\/cuartetoenlaweb.com.ar\/sitio\/wp-content\/uploads\/2026\/02\/720-305.jpeg","articleSection":["PAIS"],"inLanguage":"es"},{"@type":"WebPage","@id":"https:\/\/cuartetoenlaweb.com.ar\/sitio\/hugo-sigman-mencionado-en-la-causa-por-vuelos-a-la-mansion-de-pilar\/","url":"https:\/\/cuartetoenlaweb.com.ar\/sitio\/hugo-sigman-mencionado-en-la-causa-por-vuelos-a-la-mansion-de-pilar\/","name":"Hugo Sigman, mencionado en la causa por vuelos a la mansi\u00f3n de Pilar - Cuarteto en la Web","isPartOf":{"@id":"http:\/\/cuartetoenlaweb.com.ar\/sitio\/#website"},"primaryImageOfPage":{"@id":"https:\/\/cuartetoenlaweb.com.ar\/sitio\/hugo-sigman-mencionado-en-la-causa-por-vuelos-a-la-mansion-de-pilar\/#primaryimage"},"image":{"@id":"https:\/\/cuartetoenlaweb.com.ar\/sitio\/hugo-sigman-mencionado-en-la-causa-por-vuelos-a-la-mansion-de-pilar\/#primaryimage"},"thumbnailUrl":"https:\/\/cuartetoenlaweb.com.ar\/sitio\/wp-content\/uploads\/2026\/02\/720-305.jpeg","datePublished":"2026-02-23T13:00:16+00:00","breadcrumb":{"@id":"https:\/\/cuartetoenlaweb.com.ar\/sitio\/hugo-sigman-mencionado-en-la-causa-por-vuelos-a-la-mansion-de-pilar\/#breadcrumb"},"inLanguage":"es","potentialAction":[{"@type":"ReadAction","target":["https:\/\/cuartetoenlaweb.com.ar\/sitio\/hugo-sigman-mencionado-en-la-causa-por-vuelos-a-la-mansion-de-pilar\/"]}]},{"@type":"ImageObject","inLanguage":"es","@id":"https:\/\/cuartetoenlaweb.com.ar\/sitio\/hugo-sigman-mencionado-en-la-causa-por-vuelos-a-la-mansion-de-pilar\/#primaryimage","url":"https:\/\/cuartetoenlaweb.com.ar\/sitio\/wp-content\/uploads\/2026\/02\/720-305.jpeg","contentUrl":"https:\/\/cuartetoenlaweb.com.ar\/sitio\/wp-content\/uploads\/2026\/02\/720-305.jpeg","width":1080,"height":720},{"@type":"BreadcrumbList","@id":"https:\/\/cuartetoenlaweb.com.ar\/sitio\/hugo-sigman-mencionado-en-la-causa-por-vuelos-a-la-mansion-de-pilar\/#breadcrumb","itemListElement":[{"@type":"ListItem","position":1,"name":"Portada","item":"http:\/\/cuartetoenlaweb.com.ar\/sitio\/"},{"@type":"ListItem","position":2,"name":"Hugo Sigman, mencionado en la causa por vuelos a la mansi\u00f3n de Pilar"}]},{"@type":"WebSite","@id":"http:\/\/cuartetoenlaweb.com.ar\/sitio\/#website","url":"http:\/\/cuartetoenlaweb.com.ar\/sitio\/","name":"Cuarteto en la Web","description":"","publisher":{"@id":"http:\/\/cuartetoenlaweb.com.ar\/sitio\/#organization"},"potentialAction":[{"@type":"SearchAction","target":{"@type":"EntryPoint","urlTemplate":"http:\/\/cuartetoenlaweb.com.ar\/sitio\/?s={search_term_string}"},"query-input":{"@type":"PropertyValueSpecification","valueRequired":true,"valueName":"search_term_string"}}],"inLanguage":"es"},{"@type":"Organization","@id":"http:\/\/cuartetoenlaweb.com.ar\/sitio\/#organization","name":"Cuarteto en la Web","url":"http:\/\/cuartetoenlaweb.com.ar\/sitio\/","logo":{"@type":"ImageObject","inLanguage":"es","@id":"http:\/\/cuartetoenlaweb.com.ar\/sitio\/#\/schema\/logo\/image\/","url":"https:\/\/cuartetoenlaweb.com.ar\/sitio\/wp-content\/uploads\/2025\/07\/cropped-cropped-logitoweb21.png","contentUrl":"https:\/\/cuartetoenlaweb.com.ar\/sitio\/wp-content\/uploads\/2025\/07\/cropped-cropped-logitoweb21.png","width":199,"height":199,"caption":"Cuarteto en la Web"},"image":{"@id":"http:\/\/cuartetoenlaweb.com.ar\/sitio\/#\/schema\/logo\/image\/"}}]}},"_links":{"self":[{"href":"https:\/\/cuartetoenlaweb.com.ar\/sitio\/wp-json\/wp\/v2\/posts\/12510","targetHints":{"allow":["GET"]}}],"collection":[{"href":"https:\/\/cuartetoenlaweb.com.ar\/sitio\/wp-json\/wp\/v2\/posts"}],"about":[{"href":"https:\/\/cuartetoenlaweb.com.ar\/sitio\/wp-json\/wp\/v2\/types\/post"}],"replies":[{"embeddable":true,"href":"https:\/\/cuartetoenlaweb.com.ar\/sitio\/wp-json\/wp\/v2\/comments?post=12510"}],"version-history":[{"count":0,"href":"https:\/\/cuartetoenlaweb.com.ar\/sitio\/wp-json\/wp\/v2\/posts\/12510\/revisions"}],"wp:featuredmedia":[{"embeddable":true,"href":"https:\/\/cuartetoenlaweb.com.ar\/sitio\/wp-json\/wp\/v2\/media\/12511"}],"wp:attachment":[{"href":"https:\/\/cuartetoenlaweb.com.ar\/sitio\/wp-json\/wp\/v2\/media?parent=12510"}],"wp:term":[{"taxonomy":"category","embeddable":true,"href":"https:\/\/cuartetoenlaweb.com.ar\/sitio\/wp-json\/wp\/v2\/categories?post=12510"},{"taxonomy":"post_tag","embeddable":true,"href":"https:\/\/cuartetoenlaweb.com.ar\/sitio\/wp-json\/wp\/v2\/tags?post=12510"}],"curies":[{"name":"wp","href":"https:\/\/api.w.org\/{rel}","templated":true}]}}