
{"id":12506,"date":"2026-02-23T10:00:12","date_gmt":"2026-02-23T13:00:12","guid":{"rendered":"https:\/\/cuartetoenlaweb.com.ar\/sitio\/otra-polemica-con-oky-se-hizo-una-lipo-en-la-papada-por-las-criticas-que-recibia-todo-fue-horrible\/"},"modified":"2026-02-23T10:00:12","modified_gmt":"2026-02-23T13:00:12","slug":"otra-polemica-con-oky-se-hizo-una-lipo-en-la-papada-por-las-criticas-que-recibia-todo-fue-horrible","status":"publish","type":"post","link":"https:\/\/cuartetoenlaweb.com.ar\/sitio\/otra-polemica-con-oky-se-hizo-una-lipo-en-la-papada-por-las-criticas-que-recibia-todo-fue-horrible\/","title":{"rendered":"\u00a1Otra pol\u00e9mica con Oky! Se hizo una lipo en la papada por las cr\u00edticas que recib\u00eda: &quot;Todo fue horrible&quot;"},"content":{"rendered":"<p>El pol\u00e9mico streamer volvi\u00f3 a dar que hablar en las redes sociales luego de que en las \u00faltimas horas subiera un video en el que narra la reciente cirug\u00eda est\u00e9tica a la que se someti\u00f3 a fin de retocar su rostro cansado de las cr\u00edticas y los haters.<\/p>\n<p>Siempre tentando debate y exponiendo cosas que hacen a su vida personal, esta vez, lejos de ser desde Miami, hablando de su carrera art\u00edstica o de alg\u00fan nuevo romance o separaci\u00f3n, <strong>Oky<\/strong> reconoci\u00f3 que lo afectaron las opiniones sobre su papada y decidi\u00f3 pasar por el quir\u00f3fano.<\/p>\n<p>Mostr\u00e1ndose con vendas color rosa alrededor de su cabeza y comparando esa curaci\u00f3n con una prenda \u00edntima de mujer, el Influencer lanz\u00f3: \u201c<em>Me hice una intervenci\u00f3n quir\u00fargica, no jur\u00eddica, que es b\u00e1sicamente una liposucci\u00f3n de papada. Fue horrible\u201d.<\/em><\/p>\n<div class=\"mt-box \">\n<h4 class=\"mt-heading\">Mir\u00e1 Tambi\u00e9n<\/h4>\n<p><a href=\"https:\/\/www.paparazzi.com.ar\/romances\/la-icardiada-de-wanda-nara-con-que-hombre-del-circulo-intimo-de-mauro-icardi-tendria-un-romance\/\"><\/p>\n<div class=\"mt-content\">\n<div class=\"mt-image-container\"><img decoding=\"async\" src=\"https:\/\/www.paparazzi.com.ar\/wp-content\/uploads\/2026\/01\/Wanda-Nara-Mauro-Icardi-1-359x226.jpg\" alt=\"La icardiada de Wanda Nara: con qui\u00e9n del c\u00edrculo \u00edntimo de Mauro Icardi tendr\u00eda un romance\" class=\"mt-image\" loading=\"lazy\" \/><\/div>\n<h5 class=\"mt-title\">La icardiada de Wanda Nara: con qui\u00e9n del c\u00edrculo \u00edntimo de Mauro Icardi tendr\u00eda un romance<\/h5>\n<\/div>\n<p><\/a><\/div>\n<p><em>\u201cA ver, yo no me iba a hacer esto pero empec\u00e9 a ir a una cl\u00ednica de est\u00e9tica que me ofrecieron. No me contaban nada y ten\u00eda que hacer una historia. La realidad es que bastante, bastante, me traumaron ustedes este a\u00f1o. Que cerdoky, que chanchoky\u201d, <\/em>manifest\u00f3 <a href=\"https:\/\/www.paparazzi.com.ar\/romances\/escandalosos-videos-la-ex-gran-hermano-gabriela-gianatassio-pesco-a-oky-con-otra-de-gh-y-hubo-fea-pelea-en-vivo\/\" id=\"https:\/\/www.paparazzi.com.ar\/romances\/escandalosos-videos-la-ex-gran-hermano-gabriela-gianatassio-pesco-a-oky-con-otra-de-gh-y-hubo-fea-pelea-en-vivo\/\">el streamer<\/a>.<\/p>\n<h2 class=\"wp-block-heading\">OKY  PAGA CARO EL PRECIO DE LA FAMA<\/h2>\n<p>Asimismo, frente a la c\u00e1mara y mostrando el post operatorio, <a href=\"https:\/\/www.paparazzi.com.ar\/teve\/oky-le-confeso-su-amor-a-claudia-albertario-y-se-dieron-su-primer-beso-en-the-challenge\/\" id=\"https:\/\/www.paparazzi.com.ar\/teve\/oky-le-confeso-su-amor-a-claudia-albertario-y-se-dieron-su-primer-beso-en-the-challenge\/\">Oky<\/a> sigui\u00f3: \u201c<em>Y si, es la realidad. Yo el a\u00f1o pasado ca\u00ed internado, sub\u00ed 15 kilos y literalmente, de los 15, 14 se me fueron a la cara. Aparte, con todo el tratamiento psiqui\u00e1trico. Se me hinch\u00f3. Las pastillas me dieron retenci\u00f3n\u201d.<\/em><\/p>\n<p><em>\u201cY la cara se me qued\u00f3 como una tortilla. Ahora baj\u00e9 de peso, estoy m\u00e1s flaco, pesando 76. Hab\u00eda subido de 60 y pico a 85. Ahora ya baj\u00e9 bastante. Pero es como que la cara me qued\u00f3 gorda. Y esa grasa cay\u00f3 en la papad<\/em>a\u201d, cerr\u00f3 el joven que fue tendencia en la red social X por mostrarse y narrar su drama.\u00a0<\/p>\n<figure class=\"wp-block-image size-large\"><img decoding=\"async\" src=\"https:\/\/www.paparazzi.com.ar\/wp-content\/uploads\/2026\/02\/oku-og-587x1024.jpeg.webp\" loading=\"lazy\" alt=\"\" class=\"wp-image-465097\" \/><\/figure>\n<div class=\"mt-box \">\n<h4 class=\"mt-heading\">Mir\u00e1 Tambi\u00e9n<\/h4>\n<p><a href=\"https:\/\/www.paparazzi.com.ar\/teve\/traicion-de-sangre-las-fotos-que-destrozaron-a-mauro-icardi-en-el-dia-de-su-cumpleanos\/\"><\/p>\n<div class=\"mt-content\">\n<div class=\"mt-image-container\"><img decoding=\"async\" src=\"https:\/\/www.paparazzi.com.ar\/wp-content\/uploads\/2026\/02\/mauro-icardi-359x226.jpg\" alt=\"\u00a1Traici\u00f3n de sangre! Las fotos que destrozaron a Mauro Icardi en el d\u00eda de su cumplea\u00f1os\" class=\"mt-image\" loading=\"lazy\" \/><\/div>\n<h5 class=\"mt-title\">\u00a1Traici\u00f3n de sangre! Las fotos que destrozaron a Mauro Icardi en el d\u00eda de su cumplea\u00f1os<\/h5>\n<\/div>\n<p><\/a><\/div>\n<div class=\"mt-box \">\n<h4 class=\"mt-heading\">Mir\u00e1 Tambi\u00e9n<\/h4>\n<p><a href=\"https:\/\/www.paparazzi.com.ar\/teve\/cuantos-anos-de-carcel-piden-para-felipe-pettinato-por-provocar-el-incendio-en-el-que-murio-su-amigo\/\"><\/p>\n<div class=\"mt-content\">\n<div class=\"mt-image-container\"><img decoding=\"async\" src=\"https:\/\/www.paparazzi.com.ar\/wp-content\/uploads\/2026\/02\/felipe-pettinato-359x226.jpg\" alt=\"A cu\u00e1ntos a\u00f1os de c\u00e1rcel podr\u00edan condenar a Felipe Pettinato por provocar el incendio en el que muri\u00f3 su amigo\" class=\"mt-image\" loading=\"lazy\" \/><\/div>\n<h5 class=\"mt-title\">A cu\u00e1ntos a\u00f1os de c\u00e1rcel podr\u00edan condenar a Felipe Pettinato por provocar el incendio en el que muri\u00f3 su amigo<\/h5>\n<\/div>\n<p><\/a><\/div>\n<p>The post <a href=\"https:\/\/www.paparazzi.com.ar\/teve\/otra-polemica-con-oky-se-hizo-una-lipo-en-la-papada-por-las-criticas-que-recibia-todo-fue-horrible\/\">\u00a1Otra pol\u00e9mica con Oky! Se hizo una lipo en la papada por las cr\u00edticas que recib\u00eda: &quot;Todo fue horrible&quot;<\/a> appeared first on <a href=\"https:\/\/www.paparazzi.com.ar\">Revista Paparazzi<\/a>.<\/p>\n","protected":false},"excerpt":{"rendered":"<p>El pol\u00e9mico streamer volvi\u00f3 a dar que hablar en las<\/p>\n","protected":false},"author":0,"featured_media":12507,"comment_status":"","ping_status":"","sticky":false,"template":"","format":"standard","meta":{"footnotes":""},"categories":[12],"tags":[],"class_list":["post-12506","post","type-post","status-publish","format-standard","has-post-thumbnail","hentry","category-espectaculo"],"yoast_head":"<!-- This site is optimized with the Yoast SEO plugin v27.5 - https:\/\/yoast.com\/product\/yoast-seo-wordpress\/ -->\n<title>\u00a1Otra pol\u00e9mica con Oky! Se hizo una lipo en la papada por las cr\u00edticas que recib\u00eda: &quot;Todo fue horrible&quot; - Cuarteto en la Web<\/title>\n<meta name=\"robots\" content=\"index, follow, max-snippet:-1, max-image-preview:large, max-video-preview:-1\" \/>\n<link rel=\"canonical\" href=\"https:\/\/cuartetoenlaweb.com.ar\/sitio\/otra-polemica-con-oky-se-hizo-una-lipo-en-la-papada-por-las-criticas-que-recibia-todo-fue-horrible\/\" \/>\n<meta property=\"og:locale\" content=\"es_ES\" \/>\n<meta property=\"og:type\" content=\"article\" \/>\n<meta property=\"og:title\" content=\"\u00a1Otra pol\u00e9mica con Oky! Se hizo una lipo en la papada por las cr\u00edticas que recib\u00eda: &quot;Todo fue horrible&quot; - Cuarteto en la Web\" \/>\n<meta property=\"og:description\" content=\"El pol\u00e9mico streamer volvi\u00f3 a dar que hablar en las\" \/>\n<meta property=\"og:url\" content=\"https:\/\/cuartetoenlaweb.com.ar\/sitio\/otra-polemica-con-oky-se-hizo-una-lipo-en-la-papada-por-las-criticas-que-recibia-todo-fue-horrible\/\" \/>\n<meta property=\"og:site_name\" content=\"Cuarteto en la Web\" \/>\n<meta property=\"article:published_time\" content=\"2026-02-23T13:00:12+00:00\" \/>\n<meta property=\"og:image\" content=\"https:\/\/cuartetoenlaweb.com.ar\/sitio\/wp-content\/uploads\/2026\/02\/Wanda-Nara-Mauro-Icardi-1-359x226-2.jpg\" \/>\n\t<meta property=\"og:image:width\" content=\"359\" \/>\n\t<meta property=\"og:image:height\" content=\"226\" \/>\n\t<meta property=\"og:image:type\" content=\"image\/jpeg\" \/>\n<meta name=\"twitter:card\" content=\"summary_large_image\" \/>\n<meta name=\"twitter:label1\" content=\"Tiempo de lectura\" \/>\n\t<meta name=\"twitter:data1\" content=\"2 minutos\" \/>\n<script type=\"application\/ld+json\" class=\"yoast-schema-graph\">{\"@context\":\"https:\\\/\\\/schema.org\",\"@graph\":[{\"@type\":\"Article\",\"@id\":\"https:\\\/\\\/cuartetoenlaweb.com.ar\\\/sitio\\\/otra-polemica-con-oky-se-hizo-una-lipo-en-la-papada-por-las-criticas-que-recibia-todo-fue-horrible\\\/#article\",\"isPartOf\":{\"@id\":\"https:\\\/\\\/cuartetoenlaweb.com.ar\\\/sitio\\\/otra-polemica-con-oky-se-hizo-una-lipo-en-la-papada-por-las-criticas-que-recibia-todo-fue-horrible\\\/\"},\"author\":{\"name\":\"\",\"@id\":\"\"},\"headline\":\"\u00a1Otra pol\u00e9mica con Oky! Se hizo una lipo en la papada por las cr\u00edticas que recib\u00eda: &quot;Todo fue horrible&quot;\",\"datePublished\":\"2026-02-23T13:00:12+00:00\",\"mainEntityOfPage\":{\"@id\":\"https:\\\/\\\/cuartetoenlaweb.com.ar\\\/sitio\\\/otra-polemica-con-oky-se-hizo-una-lipo-en-la-papada-por-las-criticas-que-recibia-todo-fue-horrible\\\/\"},\"wordCount\":450,\"publisher\":{\"@id\":\"http:\\\/\\\/cuartetoenlaweb.com.ar\\\/sitio\\\/#organization\"},\"image\":{\"@id\":\"https:\\\/\\\/cuartetoenlaweb.com.ar\\\/sitio\\\/otra-polemica-con-oky-se-hizo-una-lipo-en-la-papada-por-las-criticas-que-recibia-todo-fue-horrible\\\/#primaryimage\"},\"thumbnailUrl\":\"https:\\\/\\\/cuartetoenlaweb.com.ar\\\/sitio\\\/wp-content\\\/uploads\\\/2026\\\/02\\\/Wanda-Nara-Mauro-Icardi-1-359x226-2.jpg\",\"articleSection\":[\"ESPECT\u00c1CULO\"],\"inLanguage\":\"es\"},{\"@type\":\"WebPage\",\"@id\":\"https:\\\/\\\/cuartetoenlaweb.com.ar\\\/sitio\\\/otra-polemica-con-oky-se-hizo-una-lipo-en-la-papada-por-las-criticas-que-recibia-todo-fue-horrible\\\/\",\"url\":\"https:\\\/\\\/cuartetoenlaweb.com.ar\\\/sitio\\\/otra-polemica-con-oky-se-hizo-una-lipo-en-la-papada-por-las-criticas-que-recibia-todo-fue-horrible\\\/\",\"name\":\"\u00a1Otra pol\u00e9mica con Oky! Se hizo una lipo en la papada por las cr\u00edticas que recib\u00eda: &quot;Todo fue horrible&quot; - Cuarteto en la Web\",\"isPartOf\":{\"@id\":\"http:\\\/\\\/cuartetoenlaweb.com.ar\\\/sitio\\\/#website\"},\"primaryImageOfPage\":{\"@id\":\"https:\\\/\\\/cuartetoenlaweb.com.ar\\\/sitio\\\/otra-polemica-con-oky-se-hizo-una-lipo-en-la-papada-por-las-criticas-que-recibia-todo-fue-horrible\\\/#primaryimage\"},\"image\":{\"@id\":\"https:\\\/\\\/cuartetoenlaweb.com.ar\\\/sitio\\\/otra-polemica-con-oky-se-hizo-una-lipo-en-la-papada-por-las-criticas-que-recibia-todo-fue-horrible\\\/#primaryimage\"},\"thumbnailUrl\":\"https:\\\/\\\/cuartetoenlaweb.com.ar\\\/sitio\\\/wp-content\\\/uploads\\\/2026\\\/02\\\/Wanda-Nara-Mauro-Icardi-1-359x226-2.jpg\",\"datePublished\":\"2026-02-23T13:00:12+00:00\",\"breadcrumb\":{\"@id\":\"https:\\\/\\\/cuartetoenlaweb.com.ar\\\/sitio\\\/otra-polemica-con-oky-se-hizo-una-lipo-en-la-papada-por-las-criticas-que-recibia-todo-fue-horrible\\\/#breadcrumb\"},\"inLanguage\":\"es\",\"potentialAction\":[{\"@type\":\"ReadAction\",\"target\":[\"https:\\\/\\\/cuartetoenlaweb.com.ar\\\/sitio\\\/otra-polemica-con-oky-se-hizo-una-lipo-en-la-papada-por-las-criticas-que-recibia-todo-fue-horrible\\\/\"]}]},{\"@type\":\"ImageObject\",\"inLanguage\":\"es\",\"@id\":\"https:\\\/\\\/cuartetoenlaweb.com.ar\\\/sitio\\\/otra-polemica-con-oky-se-hizo-una-lipo-en-la-papada-por-las-criticas-que-recibia-todo-fue-horrible\\\/#primaryimage\",\"url\":\"https:\\\/\\\/cuartetoenlaweb.com.ar\\\/sitio\\\/wp-content\\\/uploads\\\/2026\\\/02\\\/Wanda-Nara-Mauro-Icardi-1-359x226-2.jpg\",\"contentUrl\":\"https:\\\/\\\/cuartetoenlaweb.com.ar\\\/sitio\\\/wp-content\\\/uploads\\\/2026\\\/02\\\/Wanda-Nara-Mauro-Icardi-1-359x226-2.jpg\",\"width\":359,\"height\":226},{\"@type\":\"BreadcrumbList\",\"@id\":\"https:\\\/\\\/cuartetoenlaweb.com.ar\\\/sitio\\\/otra-polemica-con-oky-se-hizo-una-lipo-en-la-papada-por-las-criticas-que-recibia-todo-fue-horrible\\\/#breadcrumb\",\"itemListElement\":[{\"@type\":\"ListItem\",\"position\":1,\"name\":\"Portada\",\"item\":\"http:\\\/\\\/cuartetoenlaweb.com.ar\\\/sitio\\\/\"},{\"@type\":\"ListItem\",\"position\":2,\"name\":\"\u00a1Otra pol\u00e9mica con Oky! Se hizo una lipo en la papada por las cr\u00edticas que recib\u00eda: &quot;Todo fue horrible&quot;\"}]},{\"@type\":\"WebSite\",\"@id\":\"http:\\\/\\\/cuartetoenlaweb.com.ar\\\/sitio\\\/#website\",\"url\":\"http:\\\/\\\/cuartetoenlaweb.com.ar\\\/sitio\\\/\",\"name\":\"Cuarteto en la Web\",\"description\":\"\",\"publisher\":{\"@id\":\"http:\\\/\\\/cuartetoenlaweb.com.ar\\\/sitio\\\/#organization\"},\"potentialAction\":[{\"@type\":\"SearchAction\",\"target\":{\"@type\":\"EntryPoint\",\"urlTemplate\":\"http:\\\/\\\/cuartetoenlaweb.com.ar\\\/sitio\\\/?s={search_term_string}\"},\"query-input\":{\"@type\":\"PropertyValueSpecification\",\"valueRequired\":true,\"valueName\":\"search_term_string\"}}],\"inLanguage\":\"es\"},{\"@type\":\"Organization\",\"@id\":\"http:\\\/\\\/cuartetoenlaweb.com.ar\\\/sitio\\\/#organization\",\"name\":\"Cuarteto en la Web\",\"url\":\"http:\\\/\\\/cuartetoenlaweb.com.ar\\\/sitio\\\/\",\"logo\":{\"@type\":\"ImageObject\",\"inLanguage\":\"es\",\"@id\":\"http:\\\/\\\/cuartetoenlaweb.com.ar\\\/sitio\\\/#\\\/schema\\\/logo\\\/image\\\/\",\"url\":\"https:\\\/\\\/cuartetoenlaweb.com.ar\\\/sitio\\\/wp-content\\\/uploads\\\/2025\\\/07\\\/cropped-cropped-logitoweb21.png\",\"contentUrl\":\"https:\\\/\\\/cuartetoenlaweb.com.ar\\\/sitio\\\/wp-content\\\/uploads\\\/2025\\\/07\\\/cropped-cropped-logitoweb21.png\",\"width\":199,\"height\":199,\"caption\":\"Cuarteto en la Web\"},\"image\":{\"@id\":\"http:\\\/\\\/cuartetoenlaweb.com.ar\\\/sitio\\\/#\\\/schema\\\/logo\\\/image\\\/\"}}]}<\/script>\n<!-- \/ Yoast SEO plugin. -->","yoast_head_json":{"title":"\u00a1Otra pol\u00e9mica con Oky! Se hizo una lipo en la papada por las cr\u00edticas que recib\u00eda: &quot;Todo fue horrible&quot; - Cuarteto en la Web","robots":{"index":"index","follow":"follow","max-snippet":"max-snippet:-1","max-image-preview":"max-image-preview:large","max-video-preview":"max-video-preview:-1"},"canonical":"https:\/\/cuartetoenlaweb.com.ar\/sitio\/otra-polemica-con-oky-se-hizo-una-lipo-en-la-papada-por-las-criticas-que-recibia-todo-fue-horrible\/","og_locale":"es_ES","og_type":"article","og_title":"\u00a1Otra pol\u00e9mica con Oky! Se hizo una lipo en la papada por las cr\u00edticas que recib\u00eda: &quot;Todo fue horrible&quot; - Cuarteto en la Web","og_description":"El pol\u00e9mico streamer volvi\u00f3 a dar que hablar en las","og_url":"https:\/\/cuartetoenlaweb.com.ar\/sitio\/otra-polemica-con-oky-se-hizo-una-lipo-en-la-papada-por-las-criticas-que-recibia-todo-fue-horrible\/","og_site_name":"Cuarteto en la Web","article_published_time":"2026-02-23T13:00:12+00:00","og_image":[{"width":359,"height":226,"url":"https:\/\/cuartetoenlaweb.com.ar\/sitio\/wp-content\/uploads\/2026\/02\/Wanda-Nara-Mauro-Icardi-1-359x226-2.jpg","type":"image\/jpeg"}],"twitter_card":"summary_large_image","twitter_misc":{"Tiempo de lectura":"2 minutos"},"schema":{"@context":"https:\/\/schema.org","@graph":[{"@type":"Article","@id":"https:\/\/cuartetoenlaweb.com.ar\/sitio\/otra-polemica-con-oky-se-hizo-una-lipo-en-la-papada-por-las-criticas-que-recibia-todo-fue-horrible\/#article","isPartOf":{"@id":"https:\/\/cuartetoenlaweb.com.ar\/sitio\/otra-polemica-con-oky-se-hizo-una-lipo-en-la-papada-por-las-criticas-que-recibia-todo-fue-horrible\/"},"author":{"name":"","@id":""},"headline":"\u00a1Otra pol\u00e9mica con Oky! Se hizo una lipo en la papada por las cr\u00edticas que recib\u00eda: &quot;Todo fue horrible&quot;","datePublished":"2026-02-23T13:00:12+00:00","mainEntityOfPage":{"@id":"https:\/\/cuartetoenlaweb.com.ar\/sitio\/otra-polemica-con-oky-se-hizo-una-lipo-en-la-papada-por-las-criticas-que-recibia-todo-fue-horrible\/"},"wordCount":450,"publisher":{"@id":"http:\/\/cuartetoenlaweb.com.ar\/sitio\/#organization"},"image":{"@id":"https:\/\/cuartetoenlaweb.com.ar\/sitio\/otra-polemica-con-oky-se-hizo-una-lipo-en-la-papada-por-las-criticas-que-recibia-todo-fue-horrible\/#primaryimage"},"thumbnailUrl":"https:\/\/cuartetoenlaweb.com.ar\/sitio\/wp-content\/uploads\/2026\/02\/Wanda-Nara-Mauro-Icardi-1-359x226-2.jpg","articleSection":["ESPECT\u00c1CULO"],"inLanguage":"es"},{"@type":"WebPage","@id":"https:\/\/cuartetoenlaweb.com.ar\/sitio\/otra-polemica-con-oky-se-hizo-una-lipo-en-la-papada-por-las-criticas-que-recibia-todo-fue-horrible\/","url":"https:\/\/cuartetoenlaweb.com.ar\/sitio\/otra-polemica-con-oky-se-hizo-una-lipo-en-la-papada-por-las-criticas-que-recibia-todo-fue-horrible\/","name":"\u00a1Otra pol\u00e9mica con Oky! Se hizo una lipo en la papada por las cr\u00edticas que recib\u00eda: &quot;Todo fue horrible&quot; - Cuarteto en la Web","isPartOf":{"@id":"http:\/\/cuartetoenlaweb.com.ar\/sitio\/#website"},"primaryImageOfPage":{"@id":"https:\/\/cuartetoenlaweb.com.ar\/sitio\/otra-polemica-con-oky-se-hizo-una-lipo-en-la-papada-por-las-criticas-que-recibia-todo-fue-horrible\/#primaryimage"},"image":{"@id":"https:\/\/cuartetoenlaweb.com.ar\/sitio\/otra-polemica-con-oky-se-hizo-una-lipo-en-la-papada-por-las-criticas-que-recibia-todo-fue-horrible\/#primaryimage"},"thumbnailUrl":"https:\/\/cuartetoenlaweb.com.ar\/sitio\/wp-content\/uploads\/2026\/02\/Wanda-Nara-Mauro-Icardi-1-359x226-2.jpg","datePublished":"2026-02-23T13:00:12+00:00","breadcrumb":{"@id":"https:\/\/cuartetoenlaweb.com.ar\/sitio\/otra-polemica-con-oky-se-hizo-una-lipo-en-la-papada-por-las-criticas-que-recibia-todo-fue-horrible\/#breadcrumb"},"inLanguage":"es","potentialAction":[{"@type":"ReadAction","target":["https:\/\/cuartetoenlaweb.com.ar\/sitio\/otra-polemica-con-oky-se-hizo-una-lipo-en-la-papada-por-las-criticas-que-recibia-todo-fue-horrible\/"]}]},{"@type":"ImageObject","inLanguage":"es","@id":"https:\/\/cuartetoenlaweb.com.ar\/sitio\/otra-polemica-con-oky-se-hizo-una-lipo-en-la-papada-por-las-criticas-que-recibia-todo-fue-horrible\/#primaryimage","url":"https:\/\/cuartetoenlaweb.com.ar\/sitio\/wp-content\/uploads\/2026\/02\/Wanda-Nara-Mauro-Icardi-1-359x226-2.jpg","contentUrl":"https:\/\/cuartetoenlaweb.com.ar\/sitio\/wp-content\/uploads\/2026\/02\/Wanda-Nara-Mauro-Icardi-1-359x226-2.jpg","width":359,"height":226},{"@type":"BreadcrumbList","@id":"https:\/\/cuartetoenlaweb.com.ar\/sitio\/otra-polemica-con-oky-se-hizo-una-lipo-en-la-papada-por-las-criticas-que-recibia-todo-fue-horrible\/#breadcrumb","itemListElement":[{"@type":"ListItem","position":1,"name":"Portada","item":"http:\/\/cuartetoenlaweb.com.ar\/sitio\/"},{"@type":"ListItem","position":2,"name":"\u00a1Otra pol\u00e9mica con Oky! Se hizo una lipo en la papada por las cr\u00edticas que recib\u00eda: &quot;Todo fue horrible&quot;"}]},{"@type":"WebSite","@id":"http:\/\/cuartetoenlaweb.com.ar\/sitio\/#website","url":"http:\/\/cuartetoenlaweb.com.ar\/sitio\/","name":"Cuarteto en la Web","description":"","publisher":{"@id":"http:\/\/cuartetoenlaweb.com.ar\/sitio\/#organization"},"potentialAction":[{"@type":"SearchAction","target":{"@type":"EntryPoint","urlTemplate":"http:\/\/cuartetoenlaweb.com.ar\/sitio\/?s={search_term_string}"},"query-input":{"@type":"PropertyValueSpecification","valueRequired":true,"valueName":"search_term_string"}}],"inLanguage":"es"},{"@type":"Organization","@id":"http:\/\/cuartetoenlaweb.com.ar\/sitio\/#organization","name":"Cuarteto en la Web","url":"http:\/\/cuartetoenlaweb.com.ar\/sitio\/","logo":{"@type":"ImageObject","inLanguage":"es","@id":"http:\/\/cuartetoenlaweb.com.ar\/sitio\/#\/schema\/logo\/image\/","url":"https:\/\/cuartetoenlaweb.com.ar\/sitio\/wp-content\/uploads\/2025\/07\/cropped-cropped-logitoweb21.png","contentUrl":"https:\/\/cuartetoenlaweb.com.ar\/sitio\/wp-content\/uploads\/2025\/07\/cropped-cropped-logitoweb21.png","width":199,"height":199,"caption":"Cuarteto en la Web"},"image":{"@id":"http:\/\/cuartetoenlaweb.com.ar\/sitio\/#\/schema\/logo\/image\/"}}]}},"_links":{"self":[{"href":"https:\/\/cuartetoenlaweb.com.ar\/sitio\/wp-json\/wp\/v2\/posts\/12506","targetHints":{"allow":["GET"]}}],"collection":[{"href":"https:\/\/cuartetoenlaweb.com.ar\/sitio\/wp-json\/wp\/v2\/posts"}],"about":[{"href":"https:\/\/cuartetoenlaweb.com.ar\/sitio\/wp-json\/wp\/v2\/types\/post"}],"replies":[{"embeddable":true,"href":"https:\/\/cuartetoenlaweb.com.ar\/sitio\/wp-json\/wp\/v2\/comments?post=12506"}],"version-history":[{"count":0,"href":"https:\/\/cuartetoenlaweb.com.ar\/sitio\/wp-json\/wp\/v2\/posts\/12506\/revisions"}],"wp:featuredmedia":[{"embeddable":true,"href":"https:\/\/cuartetoenlaweb.com.ar\/sitio\/wp-json\/wp\/v2\/media\/12507"}],"wp:attachment":[{"href":"https:\/\/cuartetoenlaweb.com.ar\/sitio\/wp-json\/wp\/v2\/media?parent=12506"}],"wp:term":[{"taxonomy":"category","embeddable":true,"href":"https:\/\/cuartetoenlaweb.com.ar\/sitio\/wp-json\/wp\/v2\/categories?post=12506"},{"taxonomy":"post_tag","embeddable":true,"href":"https:\/\/cuartetoenlaweb.com.ar\/sitio\/wp-json\/wp\/v2\/tags?post=12506"}],"curies":[{"name":"wp","href":"https:\/\/api.w.org\/{rel}","templated":true}]}}