
{"id":12504,"date":"2026-02-23T10:00:11","date_gmt":"2026-02-23T13:00:11","guid":{"rendered":"https:\/\/cuartetoenlaweb.com.ar\/sitio\/yanina-latorre-se-ofendio-porque-ivana-icardi-la-trato-de-vieja-y-le-tiro-con-lo-peor-que-averiguo-de-ella-sin-dignidad\/"},"modified":"2026-02-23T10:00:11","modified_gmt":"2026-02-23T13:00:11","slug":"yanina-latorre-se-ofendio-porque-ivana-icardi-la-trato-de-vieja-y-le-tiro-con-lo-peor-que-averiguo-de-ella-sin-dignidad","status":"publish","type":"post","link":"https:\/\/cuartetoenlaweb.com.ar\/sitio\/yanina-latorre-se-ofendio-porque-ivana-icardi-la-trato-de-vieja-y-le-tiro-con-lo-peor-que-averiguo-de-ella-sin-dignidad\/","title":{"rendered":"Yanina Latorre se ofendi\u00f3 porque Ivana Icardi la trat\u00f3 de vieja y le tir\u00f3 con lo peor que averigu\u00f3 de ella: &quot;Sin dignidad&quot;"},"content":{"rendered":"<p>El jueves 19 de febrero fue el cumplea\u00f1os de <strong>Mauro Icardi<\/strong>. Y as\u00ed como su novia <strong>Eugenia Su\u00e1rez<\/strong> le dedic\u00f3 un posteo en las redes sociales, tambi\u00e9n lo hicieron algunos allegados que eligieron subir fotos con el jugador del Galatasaray. Pero quien no dej\u00f3 de estar presente en esta fecha especial fue su hermana Ivana.<\/p>\n<p>Luego de un distanciamiento, donde se\u00f1alan a<strong> Wanda Nara<\/strong> como la causante de esa pelea, la ex participante de <em>Gran Hermano<\/em> subi\u00f3 una seguidilla de historias a instagram saludando al cumplea\u00f1ero y demostrando que, a pesar de todos los problemas, ella lo tiene presente y lo quiere.<\/p>\n<p>Pero teniendo en cuenta que uno de los hermanos de Mauro se hab\u00eda sentado en <em>Intrusos<\/em> el d\u00eda anterior para destrozar p\u00fablicamente al deportista y luego se reuni\u00f3 con la conductora de Masterchef Celebrity, qui\u00e9n astuta sac\u00f3 ventaja de la pol\u00e9mica, el mensaje de <a href=\"https:\/\/www.paparazzi.com.ar\/teve\/ivana-icardi-conto-la-dramatica-historia-de-su-mama-y-por-que-esta-alejada-de-mauro-tuvo-una-relacion-insana-con-nuestro-padre\/\" id=\"https:\/\/www.paparazzi.com.ar\/teve\/ivana-icardi-conto-la-dramatica-historia-de-su-mama-y-por-que-esta-alejada-de-mauro-tuvo-una-relacion-insana-con-nuestro-padre\/\">Ivana<\/a> no pas\u00f3 inadvertido.<\/p>\n<div class=\"mt-box \">\n<h4 class=\"mt-heading\">Mir\u00e1 Tambi\u00e9n<\/h4>\n<p><a href=\"https:\/\/www.paparazzi.com.ar\/romances\/y-eso-que-es-y-como-funciona-el-regalo-que-la-china-suarez-le-hizo-a-mauro-icardi-para-controlarlo\/\"><\/p>\n<div class=\"mt-content\">\n<div class=\"mt-image-container\"><img decoding=\"async\" src=\"https:\/\/www.paparazzi.com.ar\/wp-content\/uploads\/2026\/02\/china-suarez-icardi-359x226.jpg\" alt=\"\u00bfY eso? Qu\u00e9 es y c\u00f3mo funciona el regalo que la China Su\u00e1rez le hizo a Mauro Icardi\u2026 \u00a1para controlarlo!\" class=\"mt-image\" loading=\"lazy\" \/><\/div>\n<h5 class=\"mt-title\">\u00bfY eso? Qu\u00e9 es y c\u00f3mo funciona el regalo que la China Su\u00e1rez le hizo a Mauro Icardi\u2026 \u00a1para controlarlo!<\/h5>\n<\/div>\n<p><\/a><\/div>\n<p>\u00a1Mucho menos para SQP d\u00f3nde en las redes del progama se hicieron eco del saludito de la ex novia de<strong> Luifa Galesio<\/strong>! Al ver que tomaron su posteo en la cuenta personal del ciclo de <strong>Yanina Latorre<\/strong>, inmediatamente, Icardi sali\u00f3 al cruce y apunt\u00f3 contra la conductora.<\/p>\n<h2 class=\"wp-block-heading\">YANINA LATORRE DESTROZO A IVANA ICARDI<\/h2>\n<p><em>\u201cPara el programa de Cornuda Latorre: si no te menciono en Instagram no me pueden repostear, y no lo mencion\u00e9, quiz\u00e1s la vieja lo \u00fanico que sabe de la red social es colgarse para ganar seguidores pero no del funcionamiento de la misma. No se cansa de ser berreta ella y su programucho<\/em>\u201d, tipe\u00f3<a href=\"https:\/\/www.paparazzi.com.ar\/teve\/se-pudrio-todo-aparecio-ivana-icardi-y-se-completo-la-guerra-familiar-con-sus-hermanos-mauro-y-guido-una-pizza\/\" id=\"https:\/\/www.paparazzi.com.ar\/teve\/se-pudrio-todo-aparecio-ivana-icardi-y-se-completo-la-guerra-familiar-con-sus-hermanos-mauro-y-guido-una-pizza\/\"> la hermana de Mauro.<\/a><\/p>\n<p>A lo que, horas m\u00e1s tarde, la propia ex angelita le contest\u00f3 desde El Observador, \u201cdos cosas. Yo de ella no habl\u00e9 en el d\u00eda. Al nombrarla le doy lo que necesita. De mi programa SQP, el instagram, que obviamente soy la due\u00f1a y me hago cargo, que no lo manejo yo sino la community manager, y que me hago cargo. La community informa todo el d\u00eda lo que pasa en el medio\u201d.<\/p>\n<div class=\"mt-box \">\n<h4 class=\"mt-heading\">Mir\u00e1 Tambi\u00e9n<\/h4>\n<p><a href=\"https:\/\/www.paparazzi.com.ar\/teve\/el-dolor-de-juana-repetto-a-una-semana-del-nacimiento-de-su-hijo-timoteo-se-me-caen-las-lagrimas\/\"><\/p>\n<div class=\"mt-content\">\n<div class=\"mt-image-container\"><img decoding=\"async\" src=\"https:\/\/www.paparazzi.com.ar\/wp-content\/uploads\/2026\/02\/El-dolor-de-Juana-Repetto-a-una-semana-del-nacimiento-de-su-hijo-Timoteo-Se-me-caen-las-lagrimas-359x226.jpg\" alt=\"El dolor de Juana Repetto a una semana del nacimiento de su hijo Timoteo: &quot;Se me caen las l\u00e1grimas&quot;\" class=\"mt-image\" loading=\"lazy\" \/><\/div>\n<h5 class=\"mt-title\">El dolor de Juana Repetto a una semana del nacimiento de su hijo Timoteo: \u00abSe me caen las l\u00e1grimas\u00bb<\/h5>\n<\/div>\n<p><\/a><\/div>\n<p><em>\u201cSube lo de Wanda, la China, y otros. Y como ella est\u00e1 dele su vida y decirle feliz cumplea\u00f1os, entiendo que mi community debe de haber puesto que lo salud\u00f3 20 veces, Icardi reposte\u00f3 todo, menos el de ella. La vieja tiene un programa en la tele que le va muy bien, un programa en la radio que le va muy bien. La vieja tiene laburo, dignidad, seguidores y una vida, cosa que vos no ten\u00e9s. Segu\u00eds a tu hermano que cuando se cas\u00f3 con Wanda te metiste en la casa de Gh pensando que ibas a ser famosa. Est\u00e1s tratando que la China te conteste o tu hermano te repostee\u201d,<\/em> remat\u00f3 <a href=\"https:\/\/www.paparazzi.com.ar\/teve\/el-ataque-de-furia-de-yanina-latorre-con-una-panelista-que-le-arruino-un-chimento-al-aire-te-vas\/\" id=\"https:\/\/www.paparazzi.com.ar\/teve\/el-ataque-de-furia-de-yanina-latorre-con-una-panelista-que-le-arruino-un-chimento-al-aire-te-vas\/\">Yanina<\/a> indignada y luego que se meta con su edad y desconocimiento de redes.<\/p>\n<figure class=\"wp-block-image size-large\"><img decoding=\"async\" src=\"https:\/\/www.paparazzi.com.ar\/wp-content\/uploads\/2026\/02\/historia-ivana-icardi-639x1024.jpeg.webp\" loading=\"lazy\" alt=\"\" class=\"wp-image-465183\" \/><\/figure>\n<div class=\"mt-box \">\n<h4 class=\"mt-heading\">Mir\u00e1 Tambi\u00e9n<\/h4>\n<p><a href=\"https:\/\/www.paparazzi.com.ar\/romances\/turbina-roberto-moldavsky-confeso-su-amor-prohibido-con-la-pareja-de-carlos-maslaton-la-madre-de-mis-hijos-era-mi\/\"><\/p>\n<div class=\"mt-content\">\n<div class=\"mt-image-container\"><img decoding=\"async\" src=\"https:\/\/www.paparazzi.com.ar\/wp-content\/uploads\/2026\/02\/moldavsky-359x226.jpeg\" alt=\"\u00a1Turbina! Roberto Moldavsky confes\u00f3 su amor prohibido con la pareja de Carlos Maslat\u00f3n: \u201cLa madre de mis hijos era mi\u2026.\u201d\" class=\"mt-image\" loading=\"lazy\" \/><\/div>\n<h5 class=\"mt-title\">\u00a1Turbina! Roberto Moldavsky confes\u00f3 su amor prohibido con la pareja de Carlos Maslat\u00f3n: \u201cLa madre de mis hijos era mi\u2026.\u201d<\/h5>\n<\/div>\n<p><\/a><\/div>\n<div class=\"mt-box \">\n<h4 class=\"mt-heading\">Mir\u00e1 Tambi\u00e9n<\/h4>\n<p><a href=\"https:\/\/www.paparazzi.com.ar\/romances\/que-fue-lo-mas-atrevido-que-hizo-nati-jota-en-el-pogo-del-cosquin-rock-el-saludo-fue-con-lengua\/\"><\/p>\n<div class=\"mt-content\">\n<div class=\"mt-image-container\"><img decoding=\"async\" src=\"https:\/\/www.paparazzi.com.ar\/wp-content\/uploads\/2026\/02\/jota-359x226.jpeg\" alt=\"Qu\u00e9 fue lo m\u00e1s atrevido que hizo Nati Jota en el pogo del Cosqu\u00edn Rock: &quot;El saludo fue con lengua&quot;\" class=\"mt-image\" loading=\"lazy\" \/><\/div>\n<h5 class=\"mt-title\">Qu\u00e9 fue lo m\u00e1s atrevido que hizo Nati Jota en el pogo del Cosqu\u00edn Rock: \u00abEl saludo fue con lengua\u00bb<\/h5>\n<\/div>\n<p><\/a><\/div>\n<p>The post <a href=\"https:\/\/www.paparazzi.com.ar\/teve\/yanina-latorre-se-ofendio-porque-ivana-icardi-la-trato-de-vieja-y-le-tiro-con-lo-peor-que-averiguo-de-ella-sin-dignidad\/\">Yanina Latorre se ofendi\u00f3 porque Ivana Icardi la trat\u00f3 de vieja y le tir\u00f3 con lo peor que averigu\u00f3 de ella: &quot;Sin dignidad&quot;<\/a> appeared first on <a href=\"https:\/\/www.paparazzi.com.ar\">Revista Paparazzi<\/a>.<\/p>\n","protected":false},"excerpt":{"rendered":"<p>El jueves 19 de febrero fue el cumplea\u00f1os de Mauro<\/p>\n","protected":false},"author":0,"featured_media":12505,"comment_status":"","ping_status":"","sticky":false,"template":"","format":"standard","meta":{"footnotes":""},"categories":[12],"tags":[],"class_list":["post-12504","post","type-post","status-publish","format-standard","has-post-thumbnail","hentry","category-espectaculo"],"yoast_head":"<!-- This site is optimized with the Yoast SEO plugin v27.5 - https:\/\/yoast.com\/product\/yoast-seo-wordpress\/ -->\n<title>Yanina Latorre se ofendi\u00f3 porque Ivana Icardi la trat\u00f3 de vieja y le tir\u00f3 con lo peor que averigu\u00f3 de ella: &quot;Sin dignidad&quot; - Cuarteto en la Web<\/title>\n<meta name=\"robots\" content=\"index, follow, max-snippet:-1, max-image-preview:large, max-video-preview:-1\" \/>\n<link rel=\"canonical\" href=\"https:\/\/cuartetoenlaweb.com.ar\/sitio\/yanina-latorre-se-ofendio-porque-ivana-icardi-la-trato-de-vieja-y-le-tiro-con-lo-peor-que-averiguo-de-ella-sin-dignidad\/\" \/>\n<meta property=\"og:locale\" content=\"es_ES\" \/>\n<meta property=\"og:type\" content=\"article\" \/>\n<meta property=\"og:title\" content=\"Yanina Latorre se ofendi\u00f3 porque Ivana Icardi la trat\u00f3 de vieja y le tir\u00f3 con lo peor que averigu\u00f3 de ella: &quot;Sin dignidad&quot; - Cuarteto en la Web\" \/>\n<meta property=\"og:description\" content=\"El jueves 19 de febrero fue el cumplea\u00f1os de Mauro\" \/>\n<meta property=\"og:url\" content=\"https:\/\/cuartetoenlaweb.com.ar\/sitio\/yanina-latorre-se-ofendio-porque-ivana-icardi-la-trato-de-vieja-y-le-tiro-con-lo-peor-que-averiguo-de-ella-sin-dignidad\/\" \/>\n<meta property=\"og:site_name\" content=\"Cuarteto en la Web\" \/>\n<meta property=\"article:published_time\" content=\"2026-02-23T13:00:11+00:00\" \/>\n<meta property=\"og:image\" content=\"https:\/\/cuartetoenlaweb.com.ar\/sitio\/wp-content\/uploads\/2026\/02\/china-suarez-icardi-359x226-1.jpg\" \/>\n\t<meta property=\"og:image:width\" content=\"359\" \/>\n\t<meta property=\"og:image:height\" content=\"226\" \/>\n\t<meta property=\"og:image:type\" content=\"image\/jpeg\" \/>\n<meta name=\"twitter:card\" content=\"summary_large_image\" \/>\n<meta name=\"twitter:label1\" content=\"Tiempo de lectura\" \/>\n\t<meta name=\"twitter:data1\" content=\"3 minutos\" \/>\n<script type=\"application\/ld+json\" class=\"yoast-schema-graph\">{\"@context\":\"https:\\\/\\\/schema.org\",\"@graph\":[{\"@type\":\"Article\",\"@id\":\"https:\\\/\\\/cuartetoenlaweb.com.ar\\\/sitio\\\/yanina-latorre-se-ofendio-porque-ivana-icardi-la-trato-de-vieja-y-le-tiro-con-lo-peor-que-averiguo-de-ella-sin-dignidad\\\/#article\",\"isPartOf\":{\"@id\":\"https:\\\/\\\/cuartetoenlaweb.com.ar\\\/sitio\\\/yanina-latorre-se-ofendio-porque-ivana-icardi-la-trato-de-vieja-y-le-tiro-con-lo-peor-que-averiguo-de-ella-sin-dignidad\\\/\"},\"author\":{\"name\":\"\",\"@id\":\"\"},\"headline\":\"Yanina Latorre se ofendi\u00f3 porque Ivana Icardi la trat\u00f3 de vieja y le tir\u00f3 con lo peor que averigu\u00f3 de ella: &quot;Sin dignidad&quot;\",\"datePublished\":\"2026-02-23T13:00:11+00:00\",\"mainEntityOfPage\":{\"@id\":\"https:\\\/\\\/cuartetoenlaweb.com.ar\\\/sitio\\\/yanina-latorre-se-ofendio-porque-ivana-icardi-la-trato-de-vieja-y-le-tiro-con-lo-peor-que-averiguo-de-ella-sin-dignidad\\\/\"},\"wordCount\":632,\"publisher\":{\"@id\":\"http:\\\/\\\/cuartetoenlaweb.com.ar\\\/sitio\\\/#organization\"},\"image\":{\"@id\":\"https:\\\/\\\/cuartetoenlaweb.com.ar\\\/sitio\\\/yanina-latorre-se-ofendio-porque-ivana-icardi-la-trato-de-vieja-y-le-tiro-con-lo-peor-que-averiguo-de-ella-sin-dignidad\\\/#primaryimage\"},\"thumbnailUrl\":\"https:\\\/\\\/cuartetoenlaweb.com.ar\\\/sitio\\\/wp-content\\\/uploads\\\/2026\\\/02\\\/china-suarez-icardi-359x226-1.jpg\",\"articleSection\":[\"ESPECT\u00c1CULO\"],\"inLanguage\":\"es\"},{\"@type\":\"WebPage\",\"@id\":\"https:\\\/\\\/cuartetoenlaweb.com.ar\\\/sitio\\\/yanina-latorre-se-ofendio-porque-ivana-icardi-la-trato-de-vieja-y-le-tiro-con-lo-peor-que-averiguo-de-ella-sin-dignidad\\\/\",\"url\":\"https:\\\/\\\/cuartetoenlaweb.com.ar\\\/sitio\\\/yanina-latorre-se-ofendio-porque-ivana-icardi-la-trato-de-vieja-y-le-tiro-con-lo-peor-que-averiguo-de-ella-sin-dignidad\\\/\",\"name\":\"Yanina Latorre se ofendi\u00f3 porque Ivana Icardi la trat\u00f3 de vieja y le tir\u00f3 con lo peor que averigu\u00f3 de ella: &quot;Sin dignidad&quot; - Cuarteto en la Web\",\"isPartOf\":{\"@id\":\"http:\\\/\\\/cuartetoenlaweb.com.ar\\\/sitio\\\/#website\"},\"primaryImageOfPage\":{\"@id\":\"https:\\\/\\\/cuartetoenlaweb.com.ar\\\/sitio\\\/yanina-latorre-se-ofendio-porque-ivana-icardi-la-trato-de-vieja-y-le-tiro-con-lo-peor-que-averiguo-de-ella-sin-dignidad\\\/#primaryimage\"},\"image\":{\"@id\":\"https:\\\/\\\/cuartetoenlaweb.com.ar\\\/sitio\\\/yanina-latorre-se-ofendio-porque-ivana-icardi-la-trato-de-vieja-y-le-tiro-con-lo-peor-que-averiguo-de-ella-sin-dignidad\\\/#primaryimage\"},\"thumbnailUrl\":\"https:\\\/\\\/cuartetoenlaweb.com.ar\\\/sitio\\\/wp-content\\\/uploads\\\/2026\\\/02\\\/china-suarez-icardi-359x226-1.jpg\",\"datePublished\":\"2026-02-23T13:00:11+00:00\",\"breadcrumb\":{\"@id\":\"https:\\\/\\\/cuartetoenlaweb.com.ar\\\/sitio\\\/yanina-latorre-se-ofendio-porque-ivana-icardi-la-trato-de-vieja-y-le-tiro-con-lo-peor-que-averiguo-de-ella-sin-dignidad\\\/#breadcrumb\"},\"inLanguage\":\"es\",\"potentialAction\":[{\"@type\":\"ReadAction\",\"target\":[\"https:\\\/\\\/cuartetoenlaweb.com.ar\\\/sitio\\\/yanina-latorre-se-ofendio-porque-ivana-icardi-la-trato-de-vieja-y-le-tiro-con-lo-peor-que-averiguo-de-ella-sin-dignidad\\\/\"]}]},{\"@type\":\"ImageObject\",\"inLanguage\":\"es\",\"@id\":\"https:\\\/\\\/cuartetoenlaweb.com.ar\\\/sitio\\\/yanina-latorre-se-ofendio-porque-ivana-icardi-la-trato-de-vieja-y-le-tiro-con-lo-peor-que-averiguo-de-ella-sin-dignidad\\\/#primaryimage\",\"url\":\"https:\\\/\\\/cuartetoenlaweb.com.ar\\\/sitio\\\/wp-content\\\/uploads\\\/2026\\\/02\\\/china-suarez-icardi-359x226-1.jpg\",\"contentUrl\":\"https:\\\/\\\/cuartetoenlaweb.com.ar\\\/sitio\\\/wp-content\\\/uploads\\\/2026\\\/02\\\/china-suarez-icardi-359x226-1.jpg\",\"width\":359,\"height\":226},{\"@type\":\"BreadcrumbList\",\"@id\":\"https:\\\/\\\/cuartetoenlaweb.com.ar\\\/sitio\\\/yanina-latorre-se-ofendio-porque-ivana-icardi-la-trato-de-vieja-y-le-tiro-con-lo-peor-que-averiguo-de-ella-sin-dignidad\\\/#breadcrumb\",\"itemListElement\":[{\"@type\":\"ListItem\",\"position\":1,\"name\":\"Portada\",\"item\":\"http:\\\/\\\/cuartetoenlaweb.com.ar\\\/sitio\\\/\"},{\"@type\":\"ListItem\",\"position\":2,\"name\":\"Yanina Latorre se ofendi\u00f3 porque Ivana Icardi la trat\u00f3 de vieja y le tir\u00f3 con lo peor que averigu\u00f3 de ella: &quot;Sin dignidad&quot;\"}]},{\"@type\":\"WebSite\",\"@id\":\"http:\\\/\\\/cuartetoenlaweb.com.ar\\\/sitio\\\/#website\",\"url\":\"http:\\\/\\\/cuartetoenlaweb.com.ar\\\/sitio\\\/\",\"name\":\"Cuarteto en la Web\",\"description\":\"\",\"publisher\":{\"@id\":\"http:\\\/\\\/cuartetoenlaweb.com.ar\\\/sitio\\\/#organization\"},\"potentialAction\":[{\"@type\":\"SearchAction\",\"target\":{\"@type\":\"EntryPoint\",\"urlTemplate\":\"http:\\\/\\\/cuartetoenlaweb.com.ar\\\/sitio\\\/?s={search_term_string}\"},\"query-input\":{\"@type\":\"PropertyValueSpecification\",\"valueRequired\":true,\"valueName\":\"search_term_string\"}}],\"inLanguage\":\"es\"},{\"@type\":\"Organization\",\"@id\":\"http:\\\/\\\/cuartetoenlaweb.com.ar\\\/sitio\\\/#organization\",\"name\":\"Cuarteto en la Web\",\"url\":\"http:\\\/\\\/cuartetoenlaweb.com.ar\\\/sitio\\\/\",\"logo\":{\"@type\":\"ImageObject\",\"inLanguage\":\"es\",\"@id\":\"http:\\\/\\\/cuartetoenlaweb.com.ar\\\/sitio\\\/#\\\/schema\\\/logo\\\/image\\\/\",\"url\":\"https:\\\/\\\/cuartetoenlaweb.com.ar\\\/sitio\\\/wp-content\\\/uploads\\\/2025\\\/07\\\/cropped-cropped-logitoweb21.png\",\"contentUrl\":\"https:\\\/\\\/cuartetoenlaweb.com.ar\\\/sitio\\\/wp-content\\\/uploads\\\/2025\\\/07\\\/cropped-cropped-logitoweb21.png\",\"width\":199,\"height\":199,\"caption\":\"Cuarteto en la Web\"},\"image\":{\"@id\":\"http:\\\/\\\/cuartetoenlaweb.com.ar\\\/sitio\\\/#\\\/schema\\\/logo\\\/image\\\/\"}}]}<\/script>\n<!-- \/ Yoast SEO plugin. -->","yoast_head_json":{"title":"Yanina Latorre se ofendi\u00f3 porque Ivana Icardi la trat\u00f3 de vieja y le tir\u00f3 con lo peor que averigu\u00f3 de ella: &quot;Sin dignidad&quot; - Cuarteto en la Web","robots":{"index":"index","follow":"follow","max-snippet":"max-snippet:-1","max-image-preview":"max-image-preview:large","max-video-preview":"max-video-preview:-1"},"canonical":"https:\/\/cuartetoenlaweb.com.ar\/sitio\/yanina-latorre-se-ofendio-porque-ivana-icardi-la-trato-de-vieja-y-le-tiro-con-lo-peor-que-averiguo-de-ella-sin-dignidad\/","og_locale":"es_ES","og_type":"article","og_title":"Yanina Latorre se ofendi\u00f3 porque Ivana Icardi la trat\u00f3 de vieja y le tir\u00f3 con lo peor que averigu\u00f3 de ella: &quot;Sin dignidad&quot; - Cuarteto en la Web","og_description":"El jueves 19 de febrero fue el cumplea\u00f1os de Mauro","og_url":"https:\/\/cuartetoenlaweb.com.ar\/sitio\/yanina-latorre-se-ofendio-porque-ivana-icardi-la-trato-de-vieja-y-le-tiro-con-lo-peor-que-averiguo-de-ella-sin-dignidad\/","og_site_name":"Cuarteto en la Web","article_published_time":"2026-02-23T13:00:11+00:00","og_image":[{"width":359,"height":226,"url":"https:\/\/cuartetoenlaweb.com.ar\/sitio\/wp-content\/uploads\/2026\/02\/china-suarez-icardi-359x226-1.jpg","type":"image\/jpeg"}],"twitter_card":"summary_large_image","twitter_misc":{"Tiempo de lectura":"3 minutos"},"schema":{"@context":"https:\/\/schema.org","@graph":[{"@type":"Article","@id":"https:\/\/cuartetoenlaweb.com.ar\/sitio\/yanina-latorre-se-ofendio-porque-ivana-icardi-la-trato-de-vieja-y-le-tiro-con-lo-peor-que-averiguo-de-ella-sin-dignidad\/#article","isPartOf":{"@id":"https:\/\/cuartetoenlaweb.com.ar\/sitio\/yanina-latorre-se-ofendio-porque-ivana-icardi-la-trato-de-vieja-y-le-tiro-con-lo-peor-que-averiguo-de-ella-sin-dignidad\/"},"author":{"name":"","@id":""},"headline":"Yanina Latorre se ofendi\u00f3 porque Ivana Icardi la trat\u00f3 de vieja y le tir\u00f3 con lo peor que averigu\u00f3 de ella: &quot;Sin dignidad&quot;","datePublished":"2026-02-23T13:00:11+00:00","mainEntityOfPage":{"@id":"https:\/\/cuartetoenlaweb.com.ar\/sitio\/yanina-latorre-se-ofendio-porque-ivana-icardi-la-trato-de-vieja-y-le-tiro-con-lo-peor-que-averiguo-de-ella-sin-dignidad\/"},"wordCount":632,"publisher":{"@id":"http:\/\/cuartetoenlaweb.com.ar\/sitio\/#organization"},"image":{"@id":"https:\/\/cuartetoenlaweb.com.ar\/sitio\/yanina-latorre-se-ofendio-porque-ivana-icardi-la-trato-de-vieja-y-le-tiro-con-lo-peor-que-averiguo-de-ella-sin-dignidad\/#primaryimage"},"thumbnailUrl":"https:\/\/cuartetoenlaweb.com.ar\/sitio\/wp-content\/uploads\/2026\/02\/china-suarez-icardi-359x226-1.jpg","articleSection":["ESPECT\u00c1CULO"],"inLanguage":"es"},{"@type":"WebPage","@id":"https:\/\/cuartetoenlaweb.com.ar\/sitio\/yanina-latorre-se-ofendio-porque-ivana-icardi-la-trato-de-vieja-y-le-tiro-con-lo-peor-que-averiguo-de-ella-sin-dignidad\/","url":"https:\/\/cuartetoenlaweb.com.ar\/sitio\/yanina-latorre-se-ofendio-porque-ivana-icardi-la-trato-de-vieja-y-le-tiro-con-lo-peor-que-averiguo-de-ella-sin-dignidad\/","name":"Yanina Latorre se ofendi\u00f3 porque Ivana Icardi la trat\u00f3 de vieja y le tir\u00f3 con lo peor que averigu\u00f3 de ella: &quot;Sin dignidad&quot; - Cuarteto en la Web","isPartOf":{"@id":"http:\/\/cuartetoenlaweb.com.ar\/sitio\/#website"},"primaryImageOfPage":{"@id":"https:\/\/cuartetoenlaweb.com.ar\/sitio\/yanina-latorre-se-ofendio-porque-ivana-icardi-la-trato-de-vieja-y-le-tiro-con-lo-peor-que-averiguo-de-ella-sin-dignidad\/#primaryimage"},"image":{"@id":"https:\/\/cuartetoenlaweb.com.ar\/sitio\/yanina-latorre-se-ofendio-porque-ivana-icardi-la-trato-de-vieja-y-le-tiro-con-lo-peor-que-averiguo-de-ella-sin-dignidad\/#primaryimage"},"thumbnailUrl":"https:\/\/cuartetoenlaweb.com.ar\/sitio\/wp-content\/uploads\/2026\/02\/china-suarez-icardi-359x226-1.jpg","datePublished":"2026-02-23T13:00:11+00:00","breadcrumb":{"@id":"https:\/\/cuartetoenlaweb.com.ar\/sitio\/yanina-latorre-se-ofendio-porque-ivana-icardi-la-trato-de-vieja-y-le-tiro-con-lo-peor-que-averiguo-de-ella-sin-dignidad\/#breadcrumb"},"inLanguage":"es","potentialAction":[{"@type":"ReadAction","target":["https:\/\/cuartetoenlaweb.com.ar\/sitio\/yanina-latorre-se-ofendio-porque-ivana-icardi-la-trato-de-vieja-y-le-tiro-con-lo-peor-que-averiguo-de-ella-sin-dignidad\/"]}]},{"@type":"ImageObject","inLanguage":"es","@id":"https:\/\/cuartetoenlaweb.com.ar\/sitio\/yanina-latorre-se-ofendio-porque-ivana-icardi-la-trato-de-vieja-y-le-tiro-con-lo-peor-que-averiguo-de-ella-sin-dignidad\/#primaryimage","url":"https:\/\/cuartetoenlaweb.com.ar\/sitio\/wp-content\/uploads\/2026\/02\/china-suarez-icardi-359x226-1.jpg","contentUrl":"https:\/\/cuartetoenlaweb.com.ar\/sitio\/wp-content\/uploads\/2026\/02\/china-suarez-icardi-359x226-1.jpg","width":359,"height":226},{"@type":"BreadcrumbList","@id":"https:\/\/cuartetoenlaweb.com.ar\/sitio\/yanina-latorre-se-ofendio-porque-ivana-icardi-la-trato-de-vieja-y-le-tiro-con-lo-peor-que-averiguo-de-ella-sin-dignidad\/#breadcrumb","itemListElement":[{"@type":"ListItem","position":1,"name":"Portada","item":"http:\/\/cuartetoenlaweb.com.ar\/sitio\/"},{"@type":"ListItem","position":2,"name":"Yanina Latorre se ofendi\u00f3 porque Ivana Icardi la trat\u00f3 de vieja y le tir\u00f3 con lo peor que averigu\u00f3 de ella: &quot;Sin dignidad&quot;"}]},{"@type":"WebSite","@id":"http:\/\/cuartetoenlaweb.com.ar\/sitio\/#website","url":"http:\/\/cuartetoenlaweb.com.ar\/sitio\/","name":"Cuarteto en la Web","description":"","publisher":{"@id":"http:\/\/cuartetoenlaweb.com.ar\/sitio\/#organization"},"potentialAction":[{"@type":"SearchAction","target":{"@type":"EntryPoint","urlTemplate":"http:\/\/cuartetoenlaweb.com.ar\/sitio\/?s={search_term_string}"},"query-input":{"@type":"PropertyValueSpecification","valueRequired":true,"valueName":"search_term_string"}}],"inLanguage":"es"},{"@type":"Organization","@id":"http:\/\/cuartetoenlaweb.com.ar\/sitio\/#organization","name":"Cuarteto en la Web","url":"http:\/\/cuartetoenlaweb.com.ar\/sitio\/","logo":{"@type":"ImageObject","inLanguage":"es","@id":"http:\/\/cuartetoenlaweb.com.ar\/sitio\/#\/schema\/logo\/image\/","url":"https:\/\/cuartetoenlaweb.com.ar\/sitio\/wp-content\/uploads\/2025\/07\/cropped-cropped-logitoweb21.png","contentUrl":"https:\/\/cuartetoenlaweb.com.ar\/sitio\/wp-content\/uploads\/2025\/07\/cropped-cropped-logitoweb21.png","width":199,"height":199,"caption":"Cuarteto en la Web"},"image":{"@id":"http:\/\/cuartetoenlaweb.com.ar\/sitio\/#\/schema\/logo\/image\/"}}]}},"_links":{"self":[{"href":"https:\/\/cuartetoenlaweb.com.ar\/sitio\/wp-json\/wp\/v2\/posts\/12504","targetHints":{"allow":["GET"]}}],"collection":[{"href":"https:\/\/cuartetoenlaweb.com.ar\/sitio\/wp-json\/wp\/v2\/posts"}],"about":[{"href":"https:\/\/cuartetoenlaweb.com.ar\/sitio\/wp-json\/wp\/v2\/types\/post"}],"replies":[{"embeddable":true,"href":"https:\/\/cuartetoenlaweb.com.ar\/sitio\/wp-json\/wp\/v2\/comments?post=12504"}],"version-history":[{"count":0,"href":"https:\/\/cuartetoenlaweb.com.ar\/sitio\/wp-json\/wp\/v2\/posts\/12504\/revisions"}],"wp:featuredmedia":[{"embeddable":true,"href":"https:\/\/cuartetoenlaweb.com.ar\/sitio\/wp-json\/wp\/v2\/media\/12505"}],"wp:attachment":[{"href":"https:\/\/cuartetoenlaweb.com.ar\/sitio\/wp-json\/wp\/v2\/media?parent=12504"}],"wp:term":[{"taxonomy":"category","embeddable":true,"href":"https:\/\/cuartetoenlaweb.com.ar\/sitio\/wp-json\/wp\/v2\/categories?post=12504"},{"taxonomy":"post_tag","embeddable":true,"href":"https:\/\/cuartetoenlaweb.com.ar\/sitio\/wp-json\/wp\/v2\/tags?post=12504"}],"curies":[{"name":"wp","href":"https:\/\/api.w.org\/{rel}","templated":true}]}}