
{"id":12491,"date":"2026-02-23T00:00:26","date_gmt":"2026-02-23T03:00:26","guid":{"rendered":"https:\/\/cuartetoenlaweb.com.ar\/sitio\/tension-en-mexico-tras-la-muerte-del-capo-narco-el-mencho-imagenes-de-los-incidentes-y-ultimas-noticias\/"},"modified":"2026-02-23T00:00:26","modified_gmt":"2026-02-23T03:00:26","slug":"tension-en-mexico-tras-la-muerte-del-capo-narco-el-mencho-imagenes-de-los-incidentes-y-ultimas-noticias","status":"publish","type":"post","link":"https:\/\/cuartetoenlaweb.com.ar\/sitio\/tension-en-mexico-tras-la-muerte-del-capo-narco-el-mencho-imagenes-de-los-incidentes-y-ultimas-noticias\/","title":{"rendered":"Tensi\u00f3n en M\u00e9xico tras la muerte del capo narco \u201cEl Mencho\u201d: im\u00e1genes de los incidentes y \u00faltimas noticias"},"content":{"rendered":"<blockquote class=\"twitter-tweet\">\n<p lang=\"es\" dir=\"ltr\">Ma\u00f1ana las oficinas de <a href=\"https:\/\/twitter.com\/GobiernoJalisco?ref_src=twsrc%5Etfw\">@GobiernoJalisco<\/a> trabajar\u00e1n con normalidad, debemos atender a la ciudadan\u00eda en todas sus necesidades, m\u00e1s en momentos tan dif\u00edciles; nuestra prioridad es siempre estar cercana a la gente.<\/p>\n<p>&mdash; Pablo Lemus Navarro (@PabloLemusN) <a href=\"https:\/\/twitter.com\/PabloLemusN\/status\/2025756885853352256?ref_src=twsrc%5Etfw\">February 23, 2026<\/a><\/p><\/blockquote>\n<p>Autoridades en los <b>estados de Jalisco, Michoac\u00e1n y Guanajuato <\/b>reportaron <b>al menos 14 muertos<\/b> -entre ellos siete miembros de la Guardia Nacional &#8211; y 45 detenidos, seg\u00fan inform\u00f3 la agencia AP.<\/p>\n<p>Las muertes informadas se dieron en el marco de la jornada en la que el l\u00edder del C\u00e1rtel Jalisco Nueva Generaci\u00f3n, Nemesio Oseguera Cervantes, alias <b>\u201cEl Mencho\u201d<\/b>, muri\u00f3 tras un enfrentamiento con militares en el occidente de M\u00e9xico.<\/p>\n<p>En el marco del mensaje transmitido, <b>Pablo Lemus<\/b>, gobernador de Jalisco, se\u00f1al\u00f3 que el objetivo principal durante esta jornada fue \u201csalvaguardar la seguridad de las personas\u201d. Explic\u00f3 que, por ese motivo, se activ\u00f3 el <b>\u201cc\u00f3digo rojo\u201d <\/b>para coordinar el trabajo de todas las corporaciones de seguridad y determinar diferentes medidas de seguridad.<\/p>\n<p>En ese marco, explic\u00f3 que <b>se suspendi\u00f3 <\/b>el sistema de <b>transporte p\u00fablico <\/b>y los <b>eventos masivos <\/b>para evitar mayores afectaciones a la poblaci\u00f3n. En el mismo sentido, se tom\u00f3 la determinaci\u00f3n de <b>suspender las clases <\/b>al menos por el lunes.<\/p>\n<p>El <b>gobernador de Jalisco, Pablo Lemus<\/b>, protagoniz\u00f3 una emisi\u00f3n oficial para informar a la poblaci\u00f3n mexicana el estado de situaci\u00f3n tras la muerte del capo narco \u201cEl Mencho\u201d. En ese marco, sostuvo que se vivieron <b>\u201choras cr\u00edticas\u201d <\/b>en las que se debieron atender diferentes incidentes.<\/p>\n<p>En ese sentido, asegur\u00f3 que fue clave la coordinaci\u00f3n y que su compromiso mantener el trabajo <b>en coordinaci\u00f3n con el gobierno de la presidenta Claudia Sheinbaum<\/b>.<\/p>\n<blockquote class=\"twitter-tweet\">\n<p lang=\"es\" dir=\"ltr\">Sobre los bloqueos carreteros registrados en Jalisco, actualmente permanecen activos 4.<\/p>\n<p>Los trabajos contin\u00faan de manera ininterrumpida hasta la liberaci\u00f3n total de las v\u00edas, con operativos coordinados del Gabinete de Seguridad y autoridades de los tres \u00f3rdenes de gobierno, cuya\u2026<\/p>\n<p>&mdash; Gabinete de Seguridad de M\u00e9xico (@GabSeguridadMX) <a href=\"https:\/\/twitter.com\/GabSeguridadMX\/status\/2025726711472554204?ref_src=twsrc%5Etfw\">February 23, 2026<\/a><\/p><\/blockquote>\n<blockquote class=\"twitter-tweet\">\n<p lang=\"es\" dir=\"ltr\">Se informa que actualmente se registran 7 bloqueos carreteros en el estado de Jalisco, de los cuales 3 est\u00e1n por ser liberados.<\/p>\n<p>Las fuerzas federales y estatales mantienen el despliegue operativo para liberar vialidades y garantizar la seguridad de la poblaci\u00f3n.<\/p>\n<p>&mdash; Gabinete de Seguridad de M\u00e9xico (@GabSeguridadMX) <a href=\"https:\/\/twitter.com\/GabSeguridadMX\/status\/2025714714437632235?ref_src=twsrc%5Etfw\">February 22, 2026<\/a><\/p><\/blockquote>\n<p>CIUDAD DE M\u00c9XICO.\u2013 Con la colaboraci\u00f3n de la inteligencia estadounidense, el <b>Ej\u00e9rcito de M\u00e9xico mat\u00f3 este domingo a <\/b><a href=\"https:\/\/www.lanacion.com.ar\/el-mundo\/el-mencho-el-discreto-y-violento-narco-que-lidera-el-cartel-mas-poderoso-de-mexico-nid30032025\/\" rel=\"\" title=\"https:\/\/www.lanacion.com.ar\/el-mundo\/el-mencho-el-discreto-y-violento-narco-que-lidera-el-cartel-mas-poderoso-de-mexico-nid30032025\/\"><b>Nemesio Oseguera Cervantes<\/b>, alias \u201cEl Mencho\u201d<\/a><i>,<\/i> el <b>narcotraficante m\u00e1s buscado y peligroso del mundo<\/b>, seg\u00fan confirmaron fuentes del gobierno mexicano.<\/p>\n<p>El <b>fat\u00eddico golpe al cabecilla narco de 59 a\u00f1os mantiene en vilo a varios distritos del pa\u00eds<\/b> que gobierna Claudia Sheinbaum, mientras miembros de las organizaciones criminales <b>incendian autos y disparan contra miembros de las fuerzas mexicanas. <\/b>Fuentes oficiales indicaron que <b>tres miembros de las fuerzas fueron heridos en los incidentes <\/b>y se encuentran recibiendo tratamiento m\u00e9dico.<\/p>\n<p><img loading=\"lazy\" decoding=\"async\" src=\"https:\/\/resizer.glanacion.com\/resizer\/v2\/U2STIVJKXBHTNGJZG2SL5BHSMI.jpg?auth=d0c8d2e10aa740aef474df4fd12c682c714021a7fda74750141d258d3faff860&amp;smart=true&amp;width=2000&amp;height=1333\" height=\"1333\" width=\"2000\" \/><\/p>\n<p><a href=\"https:\/\/www.lanacion.com.ar\/el-mundo\/la-muerte-del-lider-del-cartel-jalisco-nueva-generacion-hunde-a-varios-estados-mexicanos-en-una-ola-nid22022026\/\">Le\u00e9 la nota completa ac\u00e1<\/a><\/p>\n<blockquote class=\"twitter-tweet\">\n<p lang=\"es\" dir=\"ltr\">Se informa que el Hospital Civil de Guadalajara opera con normalidad y sin afectaciones.<\/p>\n<p>Asimismo, se verific\u00f3 que los dem\u00e1s hospitales de Jalisco se encuentran sin incidentes. La atenci\u00f3n m\u00e9dica est\u00e1 garantizada.<\/p>\n<p>&mdash; Gabinete de Seguridad de M\u00e9xico (@GabSeguridadMX) <a href=\"https:\/\/twitter.com\/GabSeguridadMX\/status\/2025705664908005538?ref_src=twsrc%5Etfw\">February 22, 2026<\/a><\/p><\/blockquote>\n<figure><video height=\"960\" width=\"540\" poster=\"https:\/\/cdn.jwplayer.com\/v2\/media\/1nsKqXdf\/poster.jpg?width=720\"><\/video><figcaption>P\u00e1nico en el Aeropuerto de Guadalajara<\/figcaption><\/figure>\n<blockquote class=\"twitter-tweet\">\n<p lang=\"es\" dir=\"ltr\">\ud83d\udea8 As\u00ed luce Puerto Vallarta, en Jalisco, tras la quema de veh\u00edculos en respuesta al operativo de fuerzas federales en el que fue abatido Nemesio Oseguera Cervantes, &quot;El Mencho&quot;, fundador y l\u00edder del CJNG.<\/p>\n<p>\ud83d\udcf8 <a href=\"https:\/\/twitter.com\/hashtag\/FOTOS?src=hash&amp;ref_src=twsrc%5Etfw\">#FOTOS<\/a>: Cuartoscuro <a href=\"https:\/\/t.co\/U6qL0djhAI\">pic.twitter.com\/U6qL0djhAI<\/a><\/p>\n<p>&mdash; El Universal (@El_Universal_Mx) <a href=\"https:\/\/twitter.com\/El_Universal_Mx\/status\/2025685781038195122?ref_src=twsrc%5Etfw\">February 22, 2026<\/a><\/p><\/blockquote>\n<p><b>Jalisco, Nayarit, Colima<\/b> son algunos de los estados mexicanos que suspendieron las clases para el lunes 23 de febrero ante los hechos de seguridad registrados durante la jornada con el objetivo de \u201csalvaguardar\u201d de estudiantes, personal docente y administrativo de todo el sector educativo.<\/p>\n<blockquote class=\"twitter-tweet\">\n<p lang=\"es\" dir=\"ltr\">El Gabinete de Seguridad trabaja en coordinaci\u00f3n con los gobiernos de las entidades federativas para atender cualquier incidente; se ha reforzado la presencia de las autoridades en distintos puntos para liberar vialidades y restablecer el orden, con el apoyo de los tres \u00f3rdenes\u2026<\/p>\n<p>&mdash; Gabinete de Seguridad de M\u00e9xico (@GabSeguridadMX) <a href=\"https:\/\/twitter.com\/GabSeguridadMX\/status\/2025690736075964856?ref_src=twsrc%5Etfw\">February 22, 2026<\/a><\/p><\/blockquote>\n<blockquote class=\"twitter-tweet\">\n<p lang=\"es\" dir=\"ltr\">Ante los hechos registrados este d\u00eda, es importante actuar con responsabilidad.<\/p>\n<p>Se ha detectado la circulaci\u00f3n de im\u00e1genes, audios y publicaciones falsas. Evita compartir contenido sin verificar su origen y confirma que provenga de fuentes oficiales. <a href=\"https:\/\/t.co\/NZbXxYsWlZ\">pic.twitter.com\/NZbXxYsWlZ<\/a><\/p>\n<p>&mdash; Gobierno de Jalisco (@GobiernoJalisco) <a href=\"https:\/\/twitter.com\/GobiernoJalisco\/status\/2025676911054127522?ref_src=twsrc%5Etfw\">February 22, 2026<\/a><\/p><\/blockquote>\n<blockquote class=\"twitter-tweet\">\n<p lang=\"es\" dir=\"ltr\">Frente a los acontecimientos recientes en el estado de Jalisco, M\u00e9xico, se recomienda a los ciudadanos argentinos evaluar cuidadosamente la necesidad de viajar a esa jurisdicci\u00f3n y, de no ser imprescindible, postergar los desplazamientos hasta que la situaci\u00f3n se estabilice.<\/p>\n<p>A\u2026<\/p>\n<p>&mdash; Canciller\u00eda Argentina \ud83c\udde6\ud83c\uddf7 (@Cancilleria_Ar) <a href=\"https:\/\/twitter.com\/Cancilleria_Ar\/status\/2025692135849140593?ref_src=twsrc%5Etfw\">February 22, 2026<\/a><\/p><\/blockquote>\n<p>Como represalia por el asesinato de \u2018El Mencho\u2019, organizaciones criminales incendiaron diversos negocios. Entre los afectados se encuentra una de la cadena Costco, ubicada en Puerto Vallarta, Jalisco.<\/p>\n<blockquote class=\"twitter-tweet\">\n<p lang=\"es\" dir=\"ltr\">As\u00ed el Costco de Puerto Vallarta, Jalisco.<\/p>\n<p> No salgan de sus casas u hoteles. <a href=\"https:\/\/t.co\/OaAh6SWCcq\">pic.twitter.com\/OaAh6SWCcq<\/a><\/p>\n<p>&mdash; Joaqu\u00edn L\u00f3pez-D\u00f3riga (@lopezdoriga) <a href=\"https:\/\/twitter.com\/lopezdoriga\/status\/2025657706439135703?ref_src=twsrc%5Etfw\">February 22, 2026<\/a><\/p><\/blockquote>\n<p>La presidenta de M\u00e9xico pidi\u00f3 a la poblaci\u00f3n mantenerse en calma e informada tras el operativo en el que muri\u00f3 el capo narco Oseguera que deriv\u00f3 en bloqueos e incendios de veh\u00edculos y negocios en distintos estados.<\/p>\n<p>\u201cExiste absoluta coordinaci\u00f3n con gobiernos de todos los estados; debemos mantenernos informados y en calma\u201d, dijo la mandataria en la red <i>X.<\/i><\/p>\n<blockquote class=\"twitter-tweet\">\n<p lang=\"es\" dir=\"ltr\">La Secretar\u00eda de la Defensa Nacional report\u00f3 el operativo llevado a cabo esta ma\u00f1ana por fuerzas federales, que deriv\u00f3 en diversos bloqueos y otras reacciones.<\/p>\n<p>Existe absoluta coordinaci\u00f3n con gobiernos de todos los estados; debemos mantenernos informados y en calma.<\/p>\n<p>Las redes\u2026<\/p>\n<p>&mdash; Claudia Sheinbaum Pardo (@Claudiashein) <a href=\"https:\/\/twitter.com\/Claudiashein\/status\/2025682673008878003?ref_src=twsrc%5Etfw\">February 22, 2026<\/a><\/p><\/blockquote>\n<p>Guadalajara, una de las ciudades m\u00e1s afectadas por los ataques de las organizaciones criminales tras la muerte de El Mencho, es<b> sede de cuatro partidos <\/b>de la Copa del Mundo 2026.<\/p>\n<p><img loading=\"lazy\" decoding=\"async\" src=\"https:\/\/resizer.glanacion.com\/resizer\/v2\/5OEDASKIRJBAJL3QUJ5R6MT7W4.JPG?auth=fa1625e4aa18e27b49b46e365e40649e7eba2563e2092aa77690acc7fff5bb6c&amp;smart=true&amp;width=3090&amp;height=2101\" alt=\" Un hombre observa un veh\u00edculo incendiado durante un estado de c\u00f3digo rojo, en la ciudad de Guadalajara, capital del estado de Jalisco\" height=\"2101\" width=\"3090\" \/><\/p>\n<p>A menos de cuatro meses del inicio del torneo, la incertidumbre crece sobre la capacidad de las autoridades mexicanas para contener el caos generado por las organizaciones criminales y garantizar la protecci\u00f3n de los visitantes<\/p>\n<p>La muerte de \u201cEl Mencho\u201d desat\u00f3 decenas de incendios de comercios y veh\u00edculos, al igual que bloqueos de v\u00edas, en al menos siete estados de M\u00e9xico, entre ellos Jalisco, Michoac\u00e1n, Nayarit, Tamaulipas, Colima, Guanajuato y Zacatecas, lo que oblig\u00f3 a fuerzas federales y estatales a reforzar la seguridad en diferentes puntos.<\/p>\n<p>Ante los ataques a los locales comerciales y una veintena de bloqueos de vialidades, el gobernador de Jalisco, Pablo Lemus, solicit\u00f3 a los habitantes del estado no salir de sus casas y orden\u00f3 suspender el transporte p\u00fablico.<\/p>\n<p>Lemus escribi\u00f3 en X que se instal\u00f3 una mesa de seguridad con autoridades de los tres niveles de gobierno y se activ\u00f3 el \u201cc\u00f3digo rojo con el fin de inhibir actos contra la poblaci\u00f3n\u201d.<\/p>\n<p><img loading=\"lazy\" decoding=\"async\" src=\"https:\/\/resizer.glanacion.com\/resizer\/v2\/JPC3KY7YQVHNXCM3QOOEXQH5DE.JPG?auth=63205cb82561f7505779f5c21c3e547726baca0e8e4b39792fbce092ac5b23c9&amp;smart=true&amp;width=5088&amp;height=3392\" alt=\"Un bus se incendia en Jalisco tras el asesinato de El Mencho\" height=\"3392\" width=\"5088\" \/><\/p>\n<p>Los ataques en Jalisco se concentraron en Guadalajara, Chapala, y la ciudad tur\u00edstica de Puerto Vallarta, donde se reportaron varios incendios de comercios y veh\u00edculos, y una ri\u00f1a entre los presos de la c\u00e1rcel de esa localidad. Un funcionario estatal, que habl\u00f3 con The Associated Press a condici\u00f3n de guardar el anonimato por no estar autorizado a declarar, detall\u00f3 que durante la jornada de violencia murieron un elemento de la Guardia Nacional en Tapalpa, un custodio de la c\u00e1rcel de Puerto Vallarta, y un fiscal estatal en Guadalajara.<\/p>\n<p>Asimismo, el gobernador del estado occidental de Michoac\u00e1n, Alfredo Ram\u00edrez Bedolla, indic\u00f3 en un mensaje en la misma red social que fuerzas estatales y federales se mantienen desplegadas para restablecer el orden y liberar las v\u00edas bloqueadas.<\/p>\n<p>La Liga de M\u00e9xico cancel\u00f3 esta tarde el partido de f\u00fatbol entre Quer\u00e9taro y Ju\u00e1rez, debido al caos que se extendi\u00f3 a Guadalajara tras el asesinato del l\u00edder narco \u201cEl Mencho\u201d por parte del Ej\u00e9rcito mexicano.<\/p>\n<p>Estados Unidos y Canad\u00e1 pidieron hoy a sus ciudadanos no moverse de sus casas o lugares de hospedaje si est\u00e1n en Jalisco, debido a las consecuencias del asesinato de Nemesio Oseguera, alias \u201cEl Mencho\u201d, el capo narco del Cartel Jalisco Nueva Generaci\u00f3n. Su asesinato, por parte del ej\u00e9rcito de M\u00e9xico, desat\u00f3 una ola de bloqueos en Aeropuertos y rutas. <\/p>\n<p>El Ej\u00e9rcito mexicano mat\u00f3 este domingo a <b>Nemesio Oseguera Cervantes<\/b>, alias El Mencho, el narcotraficante m\u00e1s buscado y peligroso del mundo, seg\u00fan confirmaron fuentes oficiales. El <b>l\u00edder del Cartel Jalisco Nueva Generaci\u00f3n<\/b>, el grupo criminal m\u00e1s relevante del pa\u00eds, dirig\u00eda una empresa delictiva de mil y un tent\u00e1culos, poderosa como ninguna otra, violenta y agresiva en sus pr\u00e1cticas comerciales, ligadas principalmente al narcotr\u00e1fico.<\/p>\n<p><b>La muerte de \u201cEl Mencho\u201d <\/b>desat\u00f3 una <b>ola de violencia narco <\/b>en diferentes ciudades de M\u00e9xico que dej\u00f3 un saldo de <b>14 personas muertas<\/b>, entre ellos siete miembros de la Guardia Nacional, y al menos <b>45 detenidos<\/b>, seg\u00fan confirmaron fuentes del gobierno mexicano.<\/p>\n<p>Tal como public\u00f3 LA NACION, la ca\u00edda de este l\u00edder narco supone un <b>triunfo <\/b>de la estrategia de seguridad de la presidenta<b> Claudia Sheinbaum<\/b>, que lidera <b>Omar Garc\u00eda Harfuch<\/b>, su secretario de Seguridad, en uno de los momentos m\u00e1s cr\u00edticos del sexenio, con la violencia al alza en lugares como Sinaloa o Michoac\u00e1n.<\/p>\n<p><b>Oseguera es tambi\u00e9n un viejo conocido de Garc\u00eda Harfuch. <\/b>El 20 de junio de 2020 El Mencho orden\u00f3 un in\u00e9dito asalto armado contra Harfuch en calles de Ciudad de M\u00e9xico. El funcionario result\u00f3 herido y tres personas fallecieron, entre ellos dos escoltas.<\/p>\n<p><img loading=\"lazy\" decoding=\"async\" src=\"https:\/\/resizer.glanacion.com\/resizer\/v2\/VDBI53RQXRGFNMK26M4RO53MB4.png?auth=d203078acc80949dd2c923b956ca8770fa3cb1a6ca7ed6f6c7ed7ab22687433a&amp;smart=true&amp;width=742&amp;height=740\" alt=\"En 2018, una corte federal en Washington D.C. acus\u00f3 formalmente a \u201cEl Mencho\u201d de conspiraci\u00f3n para traficar drogas\" height=\"740\" width=\"742\" \/><\/p>\n","protected":false},"excerpt":{"rendered":"<p>Ma\u00f1ana las oficinas de @GobiernoJalisco trabajar\u00e1n con normalidad, debemos atender<\/p>\n","protected":false},"author":0,"featured_media":0,"comment_status":"","ping_status":"","sticky":false,"template":"","format":"standard","meta":{"footnotes":""},"categories":[65],"tags":[],"class_list":["post-12491","post","type-post","status-publish","format-standard","hentry","category-pais"],"yoast_head":"<!-- This site is optimized with the Yoast SEO plugin v27.5 - https:\/\/yoast.com\/product\/yoast-seo-wordpress\/ -->\n<title>Tensi\u00f3n en M\u00e9xico tras la muerte del capo narco \u201cEl Mencho\u201d: im\u00e1genes de los incidentes y \u00faltimas noticias - Cuarteto en la Web<\/title>\n<meta name=\"robots\" content=\"index, follow, max-snippet:-1, max-image-preview:large, max-video-preview:-1\" \/>\n<link rel=\"canonical\" href=\"https:\/\/cuartetoenlaweb.com.ar\/sitio\/tension-en-mexico-tras-la-muerte-del-capo-narco-el-mencho-imagenes-de-los-incidentes-y-ultimas-noticias\/\" \/>\n<meta property=\"og:locale\" content=\"es_ES\" \/>\n<meta property=\"og:type\" content=\"article\" \/>\n<meta property=\"og:title\" content=\"Tensi\u00f3n en M\u00e9xico tras la muerte del capo narco \u201cEl Mencho\u201d: im\u00e1genes de los incidentes y \u00faltimas noticias - Cuarteto en la Web\" \/>\n<meta property=\"og:description\" content=\"Ma\u00f1ana las oficinas de @GobiernoJalisco trabajar\u00e1n con normalidad, debemos atender\" \/>\n<meta property=\"og:url\" content=\"https:\/\/cuartetoenlaweb.com.ar\/sitio\/tension-en-mexico-tras-la-muerte-del-capo-narco-el-mencho-imagenes-de-los-incidentes-y-ultimas-noticias\/\" \/>\n<meta property=\"og:site_name\" content=\"Cuarteto en la Web\" \/>\n<meta property=\"article:published_time\" content=\"2026-02-23T03:00:26+00:00\" \/>\n<meta property=\"og:image\" content=\"https:\/\/resizer.glanacion.com\/resizer\/v2\/U2STIVJKXBHTNGJZG2SL5BHSMI.jpg?auth=d0c8d2e10aa740aef474df4fd12c682c714021a7fda74750141d258d3faff860&amp;smart=true&amp;width=2000&amp;height=1333\" \/>\n<meta name=\"twitter:card\" content=\"summary_large_image\" \/>\n<meta name=\"twitter:label1\" content=\"Tiempo de lectura\" \/>\n\t<meta name=\"twitter:data1\" content=\"8 minutos\" \/>\n<script type=\"application\/ld+json\" class=\"yoast-schema-graph\">{\"@context\":\"https:\\\/\\\/schema.org\",\"@graph\":[{\"@type\":\"Article\",\"@id\":\"https:\\\/\\\/cuartetoenlaweb.com.ar\\\/sitio\\\/tension-en-mexico-tras-la-muerte-del-capo-narco-el-mencho-imagenes-de-los-incidentes-y-ultimas-noticias\\\/#article\",\"isPartOf\":{\"@id\":\"https:\\\/\\\/cuartetoenlaweb.com.ar\\\/sitio\\\/tension-en-mexico-tras-la-muerte-del-capo-narco-el-mencho-imagenes-de-los-incidentes-y-ultimas-noticias\\\/\"},\"author\":{\"name\":\"\",\"@id\":\"\"},\"headline\":\"Tensi\u00f3n en M\u00e9xico tras la muerte del capo narco \u201cEl Mencho\u201d: im\u00e1genes de los incidentes y \u00faltimas noticias\",\"datePublished\":\"2026-02-23T03:00:26+00:00\",\"mainEntityOfPage\":{\"@id\":\"https:\\\/\\\/cuartetoenlaweb.com.ar\\\/sitio\\\/tension-en-mexico-tras-la-muerte-del-capo-narco-el-mencho-imagenes-de-los-incidentes-y-ultimas-noticias\\\/\"},\"wordCount\":1643,\"publisher\":{\"@id\":\"http:\\\/\\\/cuartetoenlaweb.com.ar\\\/sitio\\\/#organization\"},\"image\":{\"@id\":\"https:\\\/\\\/cuartetoenlaweb.com.ar\\\/sitio\\\/tension-en-mexico-tras-la-muerte-del-capo-narco-el-mencho-imagenes-de-los-incidentes-y-ultimas-noticias\\\/#primaryimage\"},\"thumbnailUrl\":\"https:\\\/\\\/resizer.glanacion.com\\\/resizer\\\/v2\\\/U2STIVJKXBHTNGJZG2SL5BHSMI.jpg?auth=d0c8d2e10aa740aef474df4fd12c682c714021a7fda74750141d258d3faff860&amp;smart=true&amp;width=2000&amp;height=1333\",\"articleSection\":[\"PAIS\"],\"inLanguage\":\"es\"},{\"@type\":\"WebPage\",\"@id\":\"https:\\\/\\\/cuartetoenlaweb.com.ar\\\/sitio\\\/tension-en-mexico-tras-la-muerte-del-capo-narco-el-mencho-imagenes-de-los-incidentes-y-ultimas-noticias\\\/\",\"url\":\"https:\\\/\\\/cuartetoenlaweb.com.ar\\\/sitio\\\/tension-en-mexico-tras-la-muerte-del-capo-narco-el-mencho-imagenes-de-los-incidentes-y-ultimas-noticias\\\/\",\"name\":\"Tensi\u00f3n en M\u00e9xico tras la muerte del capo narco \u201cEl Mencho\u201d: im\u00e1genes de los incidentes y \u00faltimas noticias - Cuarteto en la Web\",\"isPartOf\":{\"@id\":\"http:\\\/\\\/cuartetoenlaweb.com.ar\\\/sitio\\\/#website\"},\"primaryImageOfPage\":{\"@id\":\"https:\\\/\\\/cuartetoenlaweb.com.ar\\\/sitio\\\/tension-en-mexico-tras-la-muerte-del-capo-narco-el-mencho-imagenes-de-los-incidentes-y-ultimas-noticias\\\/#primaryimage\"},\"image\":{\"@id\":\"https:\\\/\\\/cuartetoenlaweb.com.ar\\\/sitio\\\/tension-en-mexico-tras-la-muerte-del-capo-narco-el-mencho-imagenes-de-los-incidentes-y-ultimas-noticias\\\/#primaryimage\"},\"thumbnailUrl\":\"https:\\\/\\\/resizer.glanacion.com\\\/resizer\\\/v2\\\/U2STIVJKXBHTNGJZG2SL5BHSMI.jpg?auth=d0c8d2e10aa740aef474df4fd12c682c714021a7fda74750141d258d3faff860&amp;smart=true&amp;width=2000&amp;height=1333\",\"datePublished\":\"2026-02-23T03:00:26+00:00\",\"breadcrumb\":{\"@id\":\"https:\\\/\\\/cuartetoenlaweb.com.ar\\\/sitio\\\/tension-en-mexico-tras-la-muerte-del-capo-narco-el-mencho-imagenes-de-los-incidentes-y-ultimas-noticias\\\/#breadcrumb\"},\"inLanguage\":\"es\",\"potentialAction\":[{\"@type\":\"ReadAction\",\"target\":[\"https:\\\/\\\/cuartetoenlaweb.com.ar\\\/sitio\\\/tension-en-mexico-tras-la-muerte-del-capo-narco-el-mencho-imagenes-de-los-incidentes-y-ultimas-noticias\\\/\"]}]},{\"@type\":\"ImageObject\",\"inLanguage\":\"es\",\"@id\":\"https:\\\/\\\/cuartetoenlaweb.com.ar\\\/sitio\\\/tension-en-mexico-tras-la-muerte-del-capo-narco-el-mencho-imagenes-de-los-incidentes-y-ultimas-noticias\\\/#primaryimage\",\"url\":\"https:\\\/\\\/resizer.glanacion.com\\\/resizer\\\/v2\\\/U2STIVJKXBHTNGJZG2SL5BHSMI.jpg?auth=d0c8d2e10aa740aef474df4fd12c682c714021a7fda74750141d258d3faff860&amp;smart=true&amp;width=2000&amp;height=1333\",\"contentUrl\":\"https:\\\/\\\/resizer.glanacion.com\\\/resizer\\\/v2\\\/U2STIVJKXBHTNGJZG2SL5BHSMI.jpg?auth=d0c8d2e10aa740aef474df4fd12c682c714021a7fda74750141d258d3faff860&amp;smart=true&amp;width=2000&amp;height=1333\"},{\"@type\":\"BreadcrumbList\",\"@id\":\"https:\\\/\\\/cuartetoenlaweb.com.ar\\\/sitio\\\/tension-en-mexico-tras-la-muerte-del-capo-narco-el-mencho-imagenes-de-los-incidentes-y-ultimas-noticias\\\/#breadcrumb\",\"itemListElement\":[{\"@type\":\"ListItem\",\"position\":1,\"name\":\"Portada\",\"item\":\"http:\\\/\\\/cuartetoenlaweb.com.ar\\\/sitio\\\/\"},{\"@type\":\"ListItem\",\"position\":2,\"name\":\"Tensi\u00f3n en M\u00e9xico tras la muerte del capo narco \u201cEl Mencho\u201d: im\u00e1genes de los incidentes y \u00faltimas noticias\"}]},{\"@type\":\"WebSite\",\"@id\":\"http:\\\/\\\/cuartetoenlaweb.com.ar\\\/sitio\\\/#website\",\"url\":\"http:\\\/\\\/cuartetoenlaweb.com.ar\\\/sitio\\\/\",\"name\":\"Cuarteto en la Web\",\"description\":\"\",\"publisher\":{\"@id\":\"http:\\\/\\\/cuartetoenlaweb.com.ar\\\/sitio\\\/#organization\"},\"potentialAction\":[{\"@type\":\"SearchAction\",\"target\":{\"@type\":\"EntryPoint\",\"urlTemplate\":\"http:\\\/\\\/cuartetoenlaweb.com.ar\\\/sitio\\\/?s={search_term_string}\"},\"query-input\":{\"@type\":\"PropertyValueSpecification\",\"valueRequired\":true,\"valueName\":\"search_term_string\"}}],\"inLanguage\":\"es\"},{\"@type\":\"Organization\",\"@id\":\"http:\\\/\\\/cuartetoenlaweb.com.ar\\\/sitio\\\/#organization\",\"name\":\"Cuarteto en la Web\",\"url\":\"http:\\\/\\\/cuartetoenlaweb.com.ar\\\/sitio\\\/\",\"logo\":{\"@type\":\"ImageObject\",\"inLanguage\":\"es\",\"@id\":\"http:\\\/\\\/cuartetoenlaweb.com.ar\\\/sitio\\\/#\\\/schema\\\/logo\\\/image\\\/\",\"url\":\"https:\\\/\\\/cuartetoenlaweb.com.ar\\\/sitio\\\/wp-content\\\/uploads\\\/2025\\\/07\\\/cropped-cropped-logitoweb21.png\",\"contentUrl\":\"https:\\\/\\\/cuartetoenlaweb.com.ar\\\/sitio\\\/wp-content\\\/uploads\\\/2025\\\/07\\\/cropped-cropped-logitoweb21.png\",\"width\":199,\"height\":199,\"caption\":\"Cuarteto en la Web\"},\"image\":{\"@id\":\"http:\\\/\\\/cuartetoenlaweb.com.ar\\\/sitio\\\/#\\\/schema\\\/logo\\\/image\\\/\"}}]}<\/script>\n<!-- \/ Yoast SEO plugin. -->","yoast_head_json":{"title":"Tensi\u00f3n en M\u00e9xico tras la muerte del capo narco \u201cEl Mencho\u201d: im\u00e1genes de los incidentes y \u00faltimas noticias - Cuarteto en la Web","robots":{"index":"index","follow":"follow","max-snippet":"max-snippet:-1","max-image-preview":"max-image-preview:large","max-video-preview":"max-video-preview:-1"},"canonical":"https:\/\/cuartetoenlaweb.com.ar\/sitio\/tension-en-mexico-tras-la-muerte-del-capo-narco-el-mencho-imagenes-de-los-incidentes-y-ultimas-noticias\/","og_locale":"es_ES","og_type":"article","og_title":"Tensi\u00f3n en M\u00e9xico tras la muerte del capo narco \u201cEl Mencho\u201d: im\u00e1genes de los incidentes y \u00faltimas noticias - Cuarteto en la Web","og_description":"Ma\u00f1ana las oficinas de @GobiernoJalisco trabajar\u00e1n con normalidad, debemos atender","og_url":"https:\/\/cuartetoenlaweb.com.ar\/sitio\/tension-en-mexico-tras-la-muerte-del-capo-narco-el-mencho-imagenes-de-los-incidentes-y-ultimas-noticias\/","og_site_name":"Cuarteto en la Web","article_published_time":"2026-02-23T03:00:26+00:00","og_image":[{"url":"https:\/\/resizer.glanacion.com\/resizer\/v2\/U2STIVJKXBHTNGJZG2SL5BHSMI.jpg?auth=d0c8d2e10aa740aef474df4fd12c682c714021a7fda74750141d258d3faff860&amp;smart=true&amp;width=2000&amp;height=1333","type":"","width":"","height":""}],"twitter_card":"summary_large_image","twitter_misc":{"Tiempo de lectura":"8 minutos"},"schema":{"@context":"https:\/\/schema.org","@graph":[{"@type":"Article","@id":"https:\/\/cuartetoenlaweb.com.ar\/sitio\/tension-en-mexico-tras-la-muerte-del-capo-narco-el-mencho-imagenes-de-los-incidentes-y-ultimas-noticias\/#article","isPartOf":{"@id":"https:\/\/cuartetoenlaweb.com.ar\/sitio\/tension-en-mexico-tras-la-muerte-del-capo-narco-el-mencho-imagenes-de-los-incidentes-y-ultimas-noticias\/"},"author":{"name":"","@id":""},"headline":"Tensi\u00f3n en M\u00e9xico tras la muerte del capo narco \u201cEl Mencho\u201d: im\u00e1genes de los incidentes y \u00faltimas noticias","datePublished":"2026-02-23T03:00:26+00:00","mainEntityOfPage":{"@id":"https:\/\/cuartetoenlaweb.com.ar\/sitio\/tension-en-mexico-tras-la-muerte-del-capo-narco-el-mencho-imagenes-de-los-incidentes-y-ultimas-noticias\/"},"wordCount":1643,"publisher":{"@id":"http:\/\/cuartetoenlaweb.com.ar\/sitio\/#organization"},"image":{"@id":"https:\/\/cuartetoenlaweb.com.ar\/sitio\/tension-en-mexico-tras-la-muerte-del-capo-narco-el-mencho-imagenes-de-los-incidentes-y-ultimas-noticias\/#primaryimage"},"thumbnailUrl":"https:\/\/resizer.glanacion.com\/resizer\/v2\/U2STIVJKXBHTNGJZG2SL5BHSMI.jpg?auth=d0c8d2e10aa740aef474df4fd12c682c714021a7fda74750141d258d3faff860&amp;smart=true&amp;width=2000&amp;height=1333","articleSection":["PAIS"],"inLanguage":"es"},{"@type":"WebPage","@id":"https:\/\/cuartetoenlaweb.com.ar\/sitio\/tension-en-mexico-tras-la-muerte-del-capo-narco-el-mencho-imagenes-de-los-incidentes-y-ultimas-noticias\/","url":"https:\/\/cuartetoenlaweb.com.ar\/sitio\/tension-en-mexico-tras-la-muerte-del-capo-narco-el-mencho-imagenes-de-los-incidentes-y-ultimas-noticias\/","name":"Tensi\u00f3n en M\u00e9xico tras la muerte del capo narco \u201cEl Mencho\u201d: im\u00e1genes de los incidentes y \u00faltimas noticias - Cuarteto en la Web","isPartOf":{"@id":"http:\/\/cuartetoenlaweb.com.ar\/sitio\/#website"},"primaryImageOfPage":{"@id":"https:\/\/cuartetoenlaweb.com.ar\/sitio\/tension-en-mexico-tras-la-muerte-del-capo-narco-el-mencho-imagenes-de-los-incidentes-y-ultimas-noticias\/#primaryimage"},"image":{"@id":"https:\/\/cuartetoenlaweb.com.ar\/sitio\/tension-en-mexico-tras-la-muerte-del-capo-narco-el-mencho-imagenes-de-los-incidentes-y-ultimas-noticias\/#primaryimage"},"thumbnailUrl":"https:\/\/resizer.glanacion.com\/resizer\/v2\/U2STIVJKXBHTNGJZG2SL5BHSMI.jpg?auth=d0c8d2e10aa740aef474df4fd12c682c714021a7fda74750141d258d3faff860&amp;smart=true&amp;width=2000&amp;height=1333","datePublished":"2026-02-23T03:00:26+00:00","breadcrumb":{"@id":"https:\/\/cuartetoenlaweb.com.ar\/sitio\/tension-en-mexico-tras-la-muerte-del-capo-narco-el-mencho-imagenes-de-los-incidentes-y-ultimas-noticias\/#breadcrumb"},"inLanguage":"es","potentialAction":[{"@type":"ReadAction","target":["https:\/\/cuartetoenlaweb.com.ar\/sitio\/tension-en-mexico-tras-la-muerte-del-capo-narco-el-mencho-imagenes-de-los-incidentes-y-ultimas-noticias\/"]}]},{"@type":"ImageObject","inLanguage":"es","@id":"https:\/\/cuartetoenlaweb.com.ar\/sitio\/tension-en-mexico-tras-la-muerte-del-capo-narco-el-mencho-imagenes-de-los-incidentes-y-ultimas-noticias\/#primaryimage","url":"https:\/\/resizer.glanacion.com\/resizer\/v2\/U2STIVJKXBHTNGJZG2SL5BHSMI.jpg?auth=d0c8d2e10aa740aef474df4fd12c682c714021a7fda74750141d258d3faff860&amp;smart=true&amp;width=2000&amp;height=1333","contentUrl":"https:\/\/resizer.glanacion.com\/resizer\/v2\/U2STIVJKXBHTNGJZG2SL5BHSMI.jpg?auth=d0c8d2e10aa740aef474df4fd12c682c714021a7fda74750141d258d3faff860&amp;smart=true&amp;width=2000&amp;height=1333"},{"@type":"BreadcrumbList","@id":"https:\/\/cuartetoenlaweb.com.ar\/sitio\/tension-en-mexico-tras-la-muerte-del-capo-narco-el-mencho-imagenes-de-los-incidentes-y-ultimas-noticias\/#breadcrumb","itemListElement":[{"@type":"ListItem","position":1,"name":"Portada","item":"http:\/\/cuartetoenlaweb.com.ar\/sitio\/"},{"@type":"ListItem","position":2,"name":"Tensi\u00f3n en M\u00e9xico tras la muerte del capo narco \u201cEl Mencho\u201d: im\u00e1genes de los incidentes y \u00faltimas noticias"}]},{"@type":"WebSite","@id":"http:\/\/cuartetoenlaweb.com.ar\/sitio\/#website","url":"http:\/\/cuartetoenlaweb.com.ar\/sitio\/","name":"Cuarteto en la Web","description":"","publisher":{"@id":"http:\/\/cuartetoenlaweb.com.ar\/sitio\/#organization"},"potentialAction":[{"@type":"SearchAction","target":{"@type":"EntryPoint","urlTemplate":"http:\/\/cuartetoenlaweb.com.ar\/sitio\/?s={search_term_string}"},"query-input":{"@type":"PropertyValueSpecification","valueRequired":true,"valueName":"search_term_string"}}],"inLanguage":"es"},{"@type":"Organization","@id":"http:\/\/cuartetoenlaweb.com.ar\/sitio\/#organization","name":"Cuarteto en la Web","url":"http:\/\/cuartetoenlaweb.com.ar\/sitio\/","logo":{"@type":"ImageObject","inLanguage":"es","@id":"http:\/\/cuartetoenlaweb.com.ar\/sitio\/#\/schema\/logo\/image\/","url":"https:\/\/cuartetoenlaweb.com.ar\/sitio\/wp-content\/uploads\/2025\/07\/cropped-cropped-logitoweb21.png","contentUrl":"https:\/\/cuartetoenlaweb.com.ar\/sitio\/wp-content\/uploads\/2025\/07\/cropped-cropped-logitoweb21.png","width":199,"height":199,"caption":"Cuarteto en la Web"},"image":{"@id":"http:\/\/cuartetoenlaweb.com.ar\/sitio\/#\/schema\/logo\/image\/"}}]}},"_links":{"self":[{"href":"https:\/\/cuartetoenlaweb.com.ar\/sitio\/wp-json\/wp\/v2\/posts\/12491","targetHints":{"allow":["GET"]}}],"collection":[{"href":"https:\/\/cuartetoenlaweb.com.ar\/sitio\/wp-json\/wp\/v2\/posts"}],"about":[{"href":"https:\/\/cuartetoenlaweb.com.ar\/sitio\/wp-json\/wp\/v2\/types\/post"}],"replies":[{"embeddable":true,"href":"https:\/\/cuartetoenlaweb.com.ar\/sitio\/wp-json\/wp\/v2\/comments?post=12491"}],"version-history":[{"count":0,"href":"https:\/\/cuartetoenlaweb.com.ar\/sitio\/wp-json\/wp\/v2\/posts\/12491\/revisions"}],"wp:attachment":[{"href":"https:\/\/cuartetoenlaweb.com.ar\/sitio\/wp-json\/wp\/v2\/media?parent=12491"}],"wp:term":[{"taxonomy":"category","embeddable":true,"href":"https:\/\/cuartetoenlaweb.com.ar\/sitio\/wp-json\/wp\/v2\/categories?post=12491"},{"taxonomy":"post_tag","embeddable":true,"href":"https:\/\/cuartetoenlaweb.com.ar\/sitio\/wp-json\/wp\/v2\/tags?post=12491"}],"curies":[{"name":"wp","href":"https:\/\/api.w.org\/{rel}","templated":true}]}}