
{"id":12485,"date":"2026-02-23T00:00:15","date_gmt":"2026-02-23T03:00:15","guid":{"rendered":"https:\/\/cuartetoenlaweb.com.ar\/sitio\/caos-en-mexico-el-ejercito-mato-al-peligroso-narco-el-mencho-y-el-cartel-de-jalisco-respondio-con-feroz-violencia\/"},"modified":"2026-02-23T00:00:15","modified_gmt":"2026-02-23T03:00:15","slug":"caos-en-mexico-el-ejercito-mato-al-peligroso-narco-el-mencho-y-el-cartel-de-jalisco-respondio-con-feroz-violencia","status":"publish","type":"post","link":"https:\/\/cuartetoenlaweb.com.ar\/sitio\/caos-en-mexico-el-ejercito-mato-al-peligroso-narco-el-mencho-y-el-cartel-de-jalisco-respondio-con-feroz-violencia\/","title":{"rendered":"Caos en M\u00e9xico: el ej\u00e9rcito mat\u00f3 al peligroso narco &quot;El Mencho&quot; y el cartel de Jalisco respondi\u00f3 con feroz violencia"},"content":{"rendered":"<p>Domingo de caos y violencia en M\u00e9xico. El ej\u00e9rcito asesin\u00f3 a Nemesio Rub\u00e9n Oseguera Cervantes, alias El Mencho, m\u00e1ximo l\u00edder del C\u00e1rtel Jalisco Nueva Generaci\u00f3n (CJNG), hecho que gener\u00f3 una violenta e inmediata respuesta por parte de las c\u00e9lulas criminales que comandaba el narco.  <\/p>\n<p>Fue tras un gigante y espectacular operativo militar en el estado occidental de Jalisco. El Mencho era el capo narco m\u00e1s buscado por las autoridades mexicanas y de Estados Unidos. <\/p>\n<p>Las im\u00e1genes de personas armadas bloqueando distintas v\u00edas y rutas estrat\u00e9gicas de los estados de Jalisco y Michoac\u00e1n con decenas de autos y camiones incendiados, recorren el mundo. <\/p>\n<p>COMUNICADO DE LA SECRETAR\u00cdA DE DEFENSA <\/p>\n<p>\u00abCon trabajos de inteligencia militar central, del Centro Nacional de Inteligencia y de la Fiscal\u00eda General de Rep\u00fablica (FEMDO), Fuerzas Especiales del Ej\u00e9rcito Mexicano planearon y ejecutaron una operaci\u00f3n en Tapalpa, Jal., en la que intervinieron diversas aeronaves de la Fuerza A\u00e9rea y la Fuerza Especial de Reacci\u00f3n Inmediata de la Guardia Nacional para lograr la detenci\u00f3n de Ruben &#8216;N&#8217; (a) Mencho\u00bb, indicaron. <\/p>\n<p>\u00abDurante esta operaci\u00f3n, personal militar fue atacado, por lo que en defensa de su integridad repelieron la agresi\u00f3n, resultando cuatro integrantes del grupo delictivo &#8216;CJNG&#8217; fallecidos en el lugar y tres heridos de gravedad, quienes perdieron la vida durante su traslado v\u00eda a\u00e9rea a la Ciudad de M\u00e9xico; entre estos \u00faltimos se encuentra Ruben &#8216;N&#8217; (a) Mencho, sin embargo, ser\u00e1n las autoridades correspondientes las que se encargar\u00e1n de las actividades periciales para su identificaci\u00f3n\u00bb, agregaron. <\/p>\n<p>C\u00d3DIGO ROJO EN JALISCO<\/p>\n<p>El gobernador de Jalisco, Pablo Lemus Navarro, se refiri\u00f3 al gran operativo: \u00abFuerzas federales realizaron hace unas horas un operativo en Tapalpa que ha derivado en enfrentamientos en la zona. Tambi\u00e9n a ra\u00edz de dicho operativo, en distintos puntos de esa regi\u00f3n y en otros puntos de Jalisco individuos han quemado y atravesado veh\u00edculos para inhibir la acci\u00f3n de las autoridades\u00bb. <\/p>\n<p>\u00abHe dado la instrucci\u00f3n de instalar de inmediato la mesa de seguridad con autoridades de los tres niveles de gobierno y activar el c\u00f3digo rojo con el fin de inhibir actos contra la poblaci\u00f3n\u00bb, expres\u00f3 en la red social X. <\/p>\n<p>Y en medio de toda la violencia, ciudadanos atrapados en rutas y en las calles por la violencia del c\u00e1rtel Jalisco Nueva Generaci\u00f3n.<\/p>\n","protected":false},"excerpt":{"rendered":"<p>Domingo de caos y violencia en M\u00e9xico. El ej\u00e9rcito asesin\u00f3<\/p>\n","protected":false},"author":0,"featured_media":12486,"comment_status":"","ping_status":"","sticky":false,"template":"","format":"standard","meta":{"footnotes":""},"categories":[65],"tags":[],"class_list":["post-12485","post","type-post","status-publish","format-standard","has-post-thumbnail","hentry","category-pais"],"yoast_head":"<!-- This site is optimized with the Yoast SEO plugin v27.5 - https:\/\/yoast.com\/product\/yoast-seo-wordpress\/ -->\n<title>Caos en M\u00e9xico: el ej\u00e9rcito mat\u00f3 al peligroso narco &quot;El Mencho&quot; y el cartel de Jalisco respondi\u00f3 con feroz violencia - Cuarteto en la Web<\/title>\n<meta name=\"robots\" content=\"index, follow, max-snippet:-1, max-image-preview:large, max-video-preview:-1\" \/>\n<link rel=\"canonical\" href=\"https:\/\/cuartetoenlaweb.com.ar\/sitio\/caos-en-mexico-el-ejercito-mato-al-peligroso-narco-el-mencho-y-el-cartel-de-jalisco-respondio-con-feroz-violencia\/\" \/>\n<meta property=\"og:locale\" content=\"es_ES\" \/>\n<meta property=\"og:type\" content=\"article\" \/>\n<meta property=\"og:title\" content=\"Caos en M\u00e9xico: el ej\u00e9rcito mat\u00f3 al peligroso narco &quot;El Mencho&quot; y el cartel de Jalisco respondi\u00f3 con feroz violencia - Cuarteto en la Web\" \/>\n<meta property=\"og:description\" content=\"Domingo de caos y violencia en M\u00e9xico. El ej\u00e9rcito asesin\u00f3\" \/>\n<meta property=\"og:url\" content=\"https:\/\/cuartetoenlaweb.com.ar\/sitio\/caos-en-mexico-el-ejercito-mato-al-peligroso-narco-el-mencho-y-el-cartel-de-jalisco-respondio-con-feroz-violencia\/\" \/>\n<meta property=\"og:site_name\" content=\"Cuarteto en la Web\" \/>\n<meta property=\"article:published_time\" content=\"2026-02-23T03:00:15+00:00\" \/>\n<meta property=\"og:image\" content=\"https:\/\/cuartetoenlaweb.com.ar\/sitio\/wp-content\/uploads\/2026\/02\/720-301.jpeg\" \/>\n\t<meta property=\"og:image:width\" content=\"1280\" \/>\n\t<meta property=\"og:image:height\" content=\"591\" \/>\n\t<meta property=\"og:image:type\" content=\"image\/jpeg\" \/>\n<meta name=\"twitter:card\" content=\"summary_large_image\" \/>\n<meta name=\"twitter:label1\" content=\"Tiempo de lectura\" \/>\n\t<meta name=\"twitter:data1\" content=\"2 minutos\" \/>\n<script type=\"application\/ld+json\" class=\"yoast-schema-graph\">{\"@context\":\"https:\\\/\\\/schema.org\",\"@graph\":[{\"@type\":\"Article\",\"@id\":\"https:\\\/\\\/cuartetoenlaweb.com.ar\\\/sitio\\\/caos-en-mexico-el-ejercito-mato-al-peligroso-narco-el-mencho-y-el-cartel-de-jalisco-respondio-con-feroz-violencia\\\/#article\",\"isPartOf\":{\"@id\":\"https:\\\/\\\/cuartetoenlaweb.com.ar\\\/sitio\\\/caos-en-mexico-el-ejercito-mato-al-peligroso-narco-el-mencho-y-el-cartel-de-jalisco-respondio-con-feroz-violencia\\\/\"},\"author\":{\"name\":\"\",\"@id\":\"\"},\"headline\":\"Caos en M\u00e9xico: el ej\u00e9rcito mat\u00f3 al peligroso narco &quot;El Mencho&quot; y el cartel de Jalisco respondi\u00f3 con feroz violencia\",\"datePublished\":\"2026-02-23T03:00:15+00:00\",\"mainEntityOfPage\":{\"@id\":\"https:\\\/\\\/cuartetoenlaweb.com.ar\\\/sitio\\\/caos-en-mexico-el-ejercito-mato-al-peligroso-narco-el-mencho-y-el-cartel-de-jalisco-respondio-con-feroz-violencia\\\/\"},\"wordCount\":438,\"publisher\":{\"@id\":\"http:\\\/\\\/cuartetoenlaweb.com.ar\\\/sitio\\\/#organization\"},\"image\":{\"@id\":\"https:\\\/\\\/cuartetoenlaweb.com.ar\\\/sitio\\\/caos-en-mexico-el-ejercito-mato-al-peligroso-narco-el-mencho-y-el-cartel-de-jalisco-respondio-con-feroz-violencia\\\/#primaryimage\"},\"thumbnailUrl\":\"https:\\\/\\\/cuartetoenlaweb.com.ar\\\/sitio\\\/wp-content\\\/uploads\\\/2026\\\/02\\\/720-301.jpeg\",\"articleSection\":[\"PAIS\"],\"inLanguage\":\"es\"},{\"@type\":\"WebPage\",\"@id\":\"https:\\\/\\\/cuartetoenlaweb.com.ar\\\/sitio\\\/caos-en-mexico-el-ejercito-mato-al-peligroso-narco-el-mencho-y-el-cartel-de-jalisco-respondio-con-feroz-violencia\\\/\",\"url\":\"https:\\\/\\\/cuartetoenlaweb.com.ar\\\/sitio\\\/caos-en-mexico-el-ejercito-mato-al-peligroso-narco-el-mencho-y-el-cartel-de-jalisco-respondio-con-feroz-violencia\\\/\",\"name\":\"Caos en M\u00e9xico: el ej\u00e9rcito mat\u00f3 al peligroso narco &quot;El Mencho&quot; y el cartel de Jalisco respondi\u00f3 con feroz violencia - Cuarteto en la Web\",\"isPartOf\":{\"@id\":\"http:\\\/\\\/cuartetoenlaweb.com.ar\\\/sitio\\\/#website\"},\"primaryImageOfPage\":{\"@id\":\"https:\\\/\\\/cuartetoenlaweb.com.ar\\\/sitio\\\/caos-en-mexico-el-ejercito-mato-al-peligroso-narco-el-mencho-y-el-cartel-de-jalisco-respondio-con-feroz-violencia\\\/#primaryimage\"},\"image\":{\"@id\":\"https:\\\/\\\/cuartetoenlaweb.com.ar\\\/sitio\\\/caos-en-mexico-el-ejercito-mato-al-peligroso-narco-el-mencho-y-el-cartel-de-jalisco-respondio-con-feroz-violencia\\\/#primaryimage\"},\"thumbnailUrl\":\"https:\\\/\\\/cuartetoenlaweb.com.ar\\\/sitio\\\/wp-content\\\/uploads\\\/2026\\\/02\\\/720-301.jpeg\",\"datePublished\":\"2026-02-23T03:00:15+00:00\",\"breadcrumb\":{\"@id\":\"https:\\\/\\\/cuartetoenlaweb.com.ar\\\/sitio\\\/caos-en-mexico-el-ejercito-mato-al-peligroso-narco-el-mencho-y-el-cartel-de-jalisco-respondio-con-feroz-violencia\\\/#breadcrumb\"},\"inLanguage\":\"es\",\"potentialAction\":[{\"@type\":\"ReadAction\",\"target\":[\"https:\\\/\\\/cuartetoenlaweb.com.ar\\\/sitio\\\/caos-en-mexico-el-ejercito-mato-al-peligroso-narco-el-mencho-y-el-cartel-de-jalisco-respondio-con-feroz-violencia\\\/\"]}]},{\"@type\":\"ImageObject\",\"inLanguage\":\"es\",\"@id\":\"https:\\\/\\\/cuartetoenlaweb.com.ar\\\/sitio\\\/caos-en-mexico-el-ejercito-mato-al-peligroso-narco-el-mencho-y-el-cartel-de-jalisco-respondio-con-feroz-violencia\\\/#primaryimage\",\"url\":\"https:\\\/\\\/cuartetoenlaweb.com.ar\\\/sitio\\\/wp-content\\\/uploads\\\/2026\\\/02\\\/720-301.jpeg\",\"contentUrl\":\"https:\\\/\\\/cuartetoenlaweb.com.ar\\\/sitio\\\/wp-content\\\/uploads\\\/2026\\\/02\\\/720-301.jpeg\",\"width\":1280,\"height\":591},{\"@type\":\"BreadcrumbList\",\"@id\":\"https:\\\/\\\/cuartetoenlaweb.com.ar\\\/sitio\\\/caos-en-mexico-el-ejercito-mato-al-peligroso-narco-el-mencho-y-el-cartel-de-jalisco-respondio-con-feroz-violencia\\\/#breadcrumb\",\"itemListElement\":[{\"@type\":\"ListItem\",\"position\":1,\"name\":\"Portada\",\"item\":\"http:\\\/\\\/cuartetoenlaweb.com.ar\\\/sitio\\\/\"},{\"@type\":\"ListItem\",\"position\":2,\"name\":\"Caos en M\u00e9xico: el ej\u00e9rcito mat\u00f3 al peligroso narco &quot;El Mencho&quot; y el cartel de Jalisco respondi\u00f3 con feroz violencia\"}]},{\"@type\":\"WebSite\",\"@id\":\"http:\\\/\\\/cuartetoenlaweb.com.ar\\\/sitio\\\/#website\",\"url\":\"http:\\\/\\\/cuartetoenlaweb.com.ar\\\/sitio\\\/\",\"name\":\"Cuarteto en la Web\",\"description\":\"\",\"publisher\":{\"@id\":\"http:\\\/\\\/cuartetoenlaweb.com.ar\\\/sitio\\\/#organization\"},\"potentialAction\":[{\"@type\":\"SearchAction\",\"target\":{\"@type\":\"EntryPoint\",\"urlTemplate\":\"http:\\\/\\\/cuartetoenlaweb.com.ar\\\/sitio\\\/?s={search_term_string}\"},\"query-input\":{\"@type\":\"PropertyValueSpecification\",\"valueRequired\":true,\"valueName\":\"search_term_string\"}}],\"inLanguage\":\"es\"},{\"@type\":\"Organization\",\"@id\":\"http:\\\/\\\/cuartetoenlaweb.com.ar\\\/sitio\\\/#organization\",\"name\":\"Cuarteto en la Web\",\"url\":\"http:\\\/\\\/cuartetoenlaweb.com.ar\\\/sitio\\\/\",\"logo\":{\"@type\":\"ImageObject\",\"inLanguage\":\"es\",\"@id\":\"http:\\\/\\\/cuartetoenlaweb.com.ar\\\/sitio\\\/#\\\/schema\\\/logo\\\/image\\\/\",\"url\":\"https:\\\/\\\/cuartetoenlaweb.com.ar\\\/sitio\\\/wp-content\\\/uploads\\\/2025\\\/07\\\/cropped-cropped-logitoweb21.png\",\"contentUrl\":\"https:\\\/\\\/cuartetoenlaweb.com.ar\\\/sitio\\\/wp-content\\\/uploads\\\/2025\\\/07\\\/cropped-cropped-logitoweb21.png\",\"width\":199,\"height\":199,\"caption\":\"Cuarteto en la Web\"},\"image\":{\"@id\":\"http:\\\/\\\/cuartetoenlaweb.com.ar\\\/sitio\\\/#\\\/schema\\\/logo\\\/image\\\/\"}}]}<\/script>\n<!-- \/ Yoast SEO plugin. -->","yoast_head_json":{"title":"Caos en M\u00e9xico: el ej\u00e9rcito mat\u00f3 al peligroso narco &quot;El Mencho&quot; y el cartel de Jalisco respondi\u00f3 con feroz violencia - Cuarteto en la Web","robots":{"index":"index","follow":"follow","max-snippet":"max-snippet:-1","max-image-preview":"max-image-preview:large","max-video-preview":"max-video-preview:-1"},"canonical":"https:\/\/cuartetoenlaweb.com.ar\/sitio\/caos-en-mexico-el-ejercito-mato-al-peligroso-narco-el-mencho-y-el-cartel-de-jalisco-respondio-con-feroz-violencia\/","og_locale":"es_ES","og_type":"article","og_title":"Caos en M\u00e9xico: el ej\u00e9rcito mat\u00f3 al peligroso narco &quot;El Mencho&quot; y el cartel de Jalisco respondi\u00f3 con feroz violencia - Cuarteto en la Web","og_description":"Domingo de caos y violencia en M\u00e9xico. El ej\u00e9rcito asesin\u00f3","og_url":"https:\/\/cuartetoenlaweb.com.ar\/sitio\/caos-en-mexico-el-ejercito-mato-al-peligroso-narco-el-mencho-y-el-cartel-de-jalisco-respondio-con-feroz-violencia\/","og_site_name":"Cuarteto en la Web","article_published_time":"2026-02-23T03:00:15+00:00","og_image":[{"width":1280,"height":591,"url":"https:\/\/cuartetoenlaweb.com.ar\/sitio\/wp-content\/uploads\/2026\/02\/720-301.jpeg","type":"image\/jpeg"}],"twitter_card":"summary_large_image","twitter_misc":{"Tiempo de lectura":"2 minutos"},"schema":{"@context":"https:\/\/schema.org","@graph":[{"@type":"Article","@id":"https:\/\/cuartetoenlaweb.com.ar\/sitio\/caos-en-mexico-el-ejercito-mato-al-peligroso-narco-el-mencho-y-el-cartel-de-jalisco-respondio-con-feroz-violencia\/#article","isPartOf":{"@id":"https:\/\/cuartetoenlaweb.com.ar\/sitio\/caos-en-mexico-el-ejercito-mato-al-peligroso-narco-el-mencho-y-el-cartel-de-jalisco-respondio-con-feroz-violencia\/"},"author":{"name":"","@id":""},"headline":"Caos en M\u00e9xico: el ej\u00e9rcito mat\u00f3 al peligroso narco &quot;El Mencho&quot; y el cartel de Jalisco respondi\u00f3 con feroz violencia","datePublished":"2026-02-23T03:00:15+00:00","mainEntityOfPage":{"@id":"https:\/\/cuartetoenlaweb.com.ar\/sitio\/caos-en-mexico-el-ejercito-mato-al-peligroso-narco-el-mencho-y-el-cartel-de-jalisco-respondio-con-feroz-violencia\/"},"wordCount":438,"publisher":{"@id":"http:\/\/cuartetoenlaweb.com.ar\/sitio\/#organization"},"image":{"@id":"https:\/\/cuartetoenlaweb.com.ar\/sitio\/caos-en-mexico-el-ejercito-mato-al-peligroso-narco-el-mencho-y-el-cartel-de-jalisco-respondio-con-feroz-violencia\/#primaryimage"},"thumbnailUrl":"https:\/\/cuartetoenlaweb.com.ar\/sitio\/wp-content\/uploads\/2026\/02\/720-301.jpeg","articleSection":["PAIS"],"inLanguage":"es"},{"@type":"WebPage","@id":"https:\/\/cuartetoenlaweb.com.ar\/sitio\/caos-en-mexico-el-ejercito-mato-al-peligroso-narco-el-mencho-y-el-cartel-de-jalisco-respondio-con-feroz-violencia\/","url":"https:\/\/cuartetoenlaweb.com.ar\/sitio\/caos-en-mexico-el-ejercito-mato-al-peligroso-narco-el-mencho-y-el-cartel-de-jalisco-respondio-con-feroz-violencia\/","name":"Caos en M\u00e9xico: el ej\u00e9rcito mat\u00f3 al peligroso narco &quot;El Mencho&quot; y el cartel de Jalisco respondi\u00f3 con feroz violencia - Cuarteto en la Web","isPartOf":{"@id":"http:\/\/cuartetoenlaweb.com.ar\/sitio\/#website"},"primaryImageOfPage":{"@id":"https:\/\/cuartetoenlaweb.com.ar\/sitio\/caos-en-mexico-el-ejercito-mato-al-peligroso-narco-el-mencho-y-el-cartel-de-jalisco-respondio-con-feroz-violencia\/#primaryimage"},"image":{"@id":"https:\/\/cuartetoenlaweb.com.ar\/sitio\/caos-en-mexico-el-ejercito-mato-al-peligroso-narco-el-mencho-y-el-cartel-de-jalisco-respondio-con-feroz-violencia\/#primaryimage"},"thumbnailUrl":"https:\/\/cuartetoenlaweb.com.ar\/sitio\/wp-content\/uploads\/2026\/02\/720-301.jpeg","datePublished":"2026-02-23T03:00:15+00:00","breadcrumb":{"@id":"https:\/\/cuartetoenlaweb.com.ar\/sitio\/caos-en-mexico-el-ejercito-mato-al-peligroso-narco-el-mencho-y-el-cartel-de-jalisco-respondio-con-feroz-violencia\/#breadcrumb"},"inLanguage":"es","potentialAction":[{"@type":"ReadAction","target":["https:\/\/cuartetoenlaweb.com.ar\/sitio\/caos-en-mexico-el-ejercito-mato-al-peligroso-narco-el-mencho-y-el-cartel-de-jalisco-respondio-con-feroz-violencia\/"]}]},{"@type":"ImageObject","inLanguage":"es","@id":"https:\/\/cuartetoenlaweb.com.ar\/sitio\/caos-en-mexico-el-ejercito-mato-al-peligroso-narco-el-mencho-y-el-cartel-de-jalisco-respondio-con-feroz-violencia\/#primaryimage","url":"https:\/\/cuartetoenlaweb.com.ar\/sitio\/wp-content\/uploads\/2026\/02\/720-301.jpeg","contentUrl":"https:\/\/cuartetoenlaweb.com.ar\/sitio\/wp-content\/uploads\/2026\/02\/720-301.jpeg","width":1280,"height":591},{"@type":"BreadcrumbList","@id":"https:\/\/cuartetoenlaweb.com.ar\/sitio\/caos-en-mexico-el-ejercito-mato-al-peligroso-narco-el-mencho-y-el-cartel-de-jalisco-respondio-con-feroz-violencia\/#breadcrumb","itemListElement":[{"@type":"ListItem","position":1,"name":"Portada","item":"http:\/\/cuartetoenlaweb.com.ar\/sitio\/"},{"@type":"ListItem","position":2,"name":"Caos en M\u00e9xico: el ej\u00e9rcito mat\u00f3 al peligroso narco &quot;El Mencho&quot; y el cartel de Jalisco respondi\u00f3 con feroz violencia"}]},{"@type":"WebSite","@id":"http:\/\/cuartetoenlaweb.com.ar\/sitio\/#website","url":"http:\/\/cuartetoenlaweb.com.ar\/sitio\/","name":"Cuarteto en la Web","description":"","publisher":{"@id":"http:\/\/cuartetoenlaweb.com.ar\/sitio\/#organization"},"potentialAction":[{"@type":"SearchAction","target":{"@type":"EntryPoint","urlTemplate":"http:\/\/cuartetoenlaweb.com.ar\/sitio\/?s={search_term_string}"},"query-input":{"@type":"PropertyValueSpecification","valueRequired":true,"valueName":"search_term_string"}}],"inLanguage":"es"},{"@type":"Organization","@id":"http:\/\/cuartetoenlaweb.com.ar\/sitio\/#organization","name":"Cuarteto en la Web","url":"http:\/\/cuartetoenlaweb.com.ar\/sitio\/","logo":{"@type":"ImageObject","inLanguage":"es","@id":"http:\/\/cuartetoenlaweb.com.ar\/sitio\/#\/schema\/logo\/image\/","url":"https:\/\/cuartetoenlaweb.com.ar\/sitio\/wp-content\/uploads\/2025\/07\/cropped-cropped-logitoweb21.png","contentUrl":"https:\/\/cuartetoenlaweb.com.ar\/sitio\/wp-content\/uploads\/2025\/07\/cropped-cropped-logitoweb21.png","width":199,"height":199,"caption":"Cuarteto en la Web"},"image":{"@id":"http:\/\/cuartetoenlaweb.com.ar\/sitio\/#\/schema\/logo\/image\/"}}]}},"_links":{"self":[{"href":"https:\/\/cuartetoenlaweb.com.ar\/sitio\/wp-json\/wp\/v2\/posts\/12485","targetHints":{"allow":["GET"]}}],"collection":[{"href":"https:\/\/cuartetoenlaweb.com.ar\/sitio\/wp-json\/wp\/v2\/posts"}],"about":[{"href":"https:\/\/cuartetoenlaweb.com.ar\/sitio\/wp-json\/wp\/v2\/types\/post"}],"replies":[{"embeddable":true,"href":"https:\/\/cuartetoenlaweb.com.ar\/sitio\/wp-json\/wp\/v2\/comments?post=12485"}],"version-history":[{"count":0,"href":"https:\/\/cuartetoenlaweb.com.ar\/sitio\/wp-json\/wp\/v2\/posts\/12485\/revisions"}],"wp:featuredmedia":[{"embeddable":true,"href":"https:\/\/cuartetoenlaweb.com.ar\/sitio\/wp-json\/wp\/v2\/media\/12486"}],"wp:attachment":[{"href":"https:\/\/cuartetoenlaweb.com.ar\/sitio\/wp-json\/wp\/v2\/media?parent=12485"}],"wp:term":[{"taxonomy":"category","embeddable":true,"href":"https:\/\/cuartetoenlaweb.com.ar\/sitio\/wp-json\/wp\/v2\/categories?post=12485"},{"taxonomy":"post_tag","embeddable":true,"href":"https:\/\/cuartetoenlaweb.com.ar\/sitio\/wp-json\/wp\/v2\/tags?post=12485"}],"curies":[{"name":"wp","href":"https:\/\/api.w.org\/{rel}","templated":true}]}}