
{"id":12479,"date":"2026-02-23T00:00:00","date_gmt":"2026-02-23T03:00:00","guid":{"rendered":"https:\/\/cuartetoenlaweb.com.ar\/sitio\/me-siento-una-pelotuda-marilu-la-influencer-libertaria-que-se-reia-de-los-despidos-conto-que-fue-estafada\/"},"modified":"2026-02-23T00:00:00","modified_gmt":"2026-02-23T03:00:00","slug":"me-siento-una-pelotuda-marilu-la-influencer-libertaria-que-se-reia-de-los-despidos-conto-que-fue-estafada","status":"publish","type":"post","link":"https:\/\/cuartetoenlaweb.com.ar\/sitio\/me-siento-una-pelotuda-marilu-la-influencer-libertaria-que-se-reia-de-los-despidos-conto-que-fue-estafada\/","title":{"rendered":"\u201cMe siento una pelotuda\u201d: Maril\u00fa, la influencer libertaria que se re\u00eda de los despidos, cont\u00f3 que fue estafada"},"content":{"rendered":"<p>En octubre pasado, la influencer libertaria de nombre Maril\u00fa,se hizo viral por publicar videos en los que se burlaba de los despidos del gobierno de Javier Milei. <\/p>\n<p>Este domingo, se hizo viral tras contar en sus redes sociales que fue v\u00edctima de un enga\u00f1o al intentar concretar un alquiler. <\/p>\n<p>\u00abFui v\u00edctima de una estafa inmobiliaria y ahora me siento una pelotuda\u00bb, escribi\u00f3 Maril\u00fa, y comparti\u00f3 capturas de pantalla que documentan el enga\u00f1o. <\/p>\n<p>Y las redes se hicieron un fest\u00edn:<\/p>\n<p>&gt; pic.twitter.com\/UPgsubK8Qd<br \/>\n&gt;<br \/>\n&gt; \u2014 Mattarael (@MattaraelDoom) February 22, 2026<\/p>\n<p>&gt; posteas esto para flitrar<br \/>\n&gt; a los pelotudos que se lo creen<br \/>\n&gt; de los que juntan 3 neuronas ?<br \/>\n&gt; me intriga el reconte final como te dio&#8230;<br \/>\n&gt; aunque esto recien empieza. pic.twitter.com\/rMlPsl5wOz<br \/>\n&gt;<br \/>\n&gt; \u2014 JotaPe \ud83c\udde6\ud83c\uddf7 (@bertin4t) February 22, 2026<\/p>\n<p>&gt; pic.twitter.com\/j7FddOcOYi<br \/>\n&gt;<br \/>\n&gt; \u2014 Nico27 (@Nico27___) February 22, 2026<\/p>\n","protected":false},"excerpt":{"rendered":"<p>En octubre pasado, la influencer libertaria de nombre Maril\u00fa,se hizo<\/p>\n","protected":false},"author":0,"featured_media":12480,"comment_status":"","ping_status":"","sticky":false,"template":"","format":"standard","meta":{"footnotes":""},"categories":[65],"tags":[],"class_list":["post-12479","post","type-post","status-publish","format-standard","has-post-thumbnail","hentry","category-pais"],"yoast_head":"<!-- This site is optimized with the Yoast SEO plugin v27.5 - https:\/\/yoast.com\/product\/yoast-seo-wordpress\/ -->\n<title>\u201cMe siento una pelotuda\u201d: Maril\u00fa, la influencer libertaria que se re\u00eda de los despidos, cont\u00f3 que fue estafada - Cuarteto en la Web<\/title>\n<meta name=\"robots\" content=\"index, follow, max-snippet:-1, max-image-preview:large, max-video-preview:-1\" \/>\n<link rel=\"canonical\" href=\"https:\/\/cuartetoenlaweb.com.ar\/sitio\/me-siento-una-pelotuda-marilu-la-influencer-libertaria-que-se-reia-de-los-despidos-conto-que-fue-estafada\/\" \/>\n<meta property=\"og:locale\" content=\"es_ES\" \/>\n<meta property=\"og:type\" content=\"article\" \/>\n<meta property=\"og:title\" content=\"\u201cMe siento una pelotuda\u201d: Maril\u00fa, la influencer libertaria que se re\u00eda de los despidos, cont\u00f3 que fue estafada - Cuarteto en la Web\" \/>\n<meta property=\"og:description\" content=\"En octubre pasado, la influencer libertaria de nombre Maril\u00fa,se hizo\" \/>\n<meta property=\"og:url\" content=\"https:\/\/cuartetoenlaweb.com.ar\/sitio\/me-siento-una-pelotuda-marilu-la-influencer-libertaria-que-se-reia-de-los-despidos-conto-que-fue-estafada\/\" \/>\n<meta property=\"og:site_name\" content=\"Cuarteto en la Web\" \/>\n<meta property=\"article:published_time\" content=\"2026-02-23T03:00:00+00:00\" \/>\n<meta property=\"og:image\" content=\"https:\/\/cuartetoenlaweb.com.ar\/sitio\/wp-content\/uploads\/2026\/02\/720-298.jpeg\" \/>\n\t<meta property=\"og:image:width\" content=\"1130\" \/>\n\t<meta property=\"og:image:height\" content=\"720\" \/>\n\t<meta property=\"og:image:type\" content=\"image\/jpeg\" \/>\n<meta name=\"twitter:card\" content=\"summary_large_image\" \/>\n<meta name=\"twitter:label1\" content=\"Tiempo de lectura\" \/>\n\t<meta name=\"twitter:data1\" content=\"1 minuto\" \/>\n<script type=\"application\/ld+json\" class=\"yoast-schema-graph\">{\"@context\":\"https:\\\/\\\/schema.org\",\"@graph\":[{\"@type\":\"Article\",\"@id\":\"https:\\\/\\\/cuartetoenlaweb.com.ar\\\/sitio\\\/me-siento-una-pelotuda-marilu-la-influencer-libertaria-que-se-reia-de-los-despidos-conto-que-fue-estafada\\\/#article\",\"isPartOf\":{\"@id\":\"https:\\\/\\\/cuartetoenlaweb.com.ar\\\/sitio\\\/me-siento-una-pelotuda-marilu-la-influencer-libertaria-que-se-reia-de-los-despidos-conto-que-fue-estafada\\\/\"},\"author\":{\"name\":\"\",\"@id\":\"\"},\"headline\":\"\u201cMe siento una pelotuda\u201d: Maril\u00fa, la influencer libertaria que se re\u00eda de los despidos, cont\u00f3 que fue estafada\",\"datePublished\":\"2026-02-23T03:00:00+00:00\",\"mainEntityOfPage\":{\"@id\":\"https:\\\/\\\/cuartetoenlaweb.com.ar\\\/sitio\\\/me-siento-una-pelotuda-marilu-la-influencer-libertaria-que-se-reia-de-los-despidos-conto-que-fue-estafada\\\/\"},\"wordCount\":170,\"publisher\":{\"@id\":\"http:\\\/\\\/cuartetoenlaweb.com.ar\\\/sitio\\\/#organization\"},\"image\":{\"@id\":\"https:\\\/\\\/cuartetoenlaweb.com.ar\\\/sitio\\\/me-siento-una-pelotuda-marilu-la-influencer-libertaria-que-se-reia-de-los-despidos-conto-que-fue-estafada\\\/#primaryimage\"},\"thumbnailUrl\":\"https:\\\/\\\/cuartetoenlaweb.com.ar\\\/sitio\\\/wp-content\\\/uploads\\\/2026\\\/02\\\/720-298.jpeg\",\"articleSection\":[\"PAIS\"],\"inLanguage\":\"es\"},{\"@type\":\"WebPage\",\"@id\":\"https:\\\/\\\/cuartetoenlaweb.com.ar\\\/sitio\\\/me-siento-una-pelotuda-marilu-la-influencer-libertaria-que-se-reia-de-los-despidos-conto-que-fue-estafada\\\/\",\"url\":\"https:\\\/\\\/cuartetoenlaweb.com.ar\\\/sitio\\\/me-siento-una-pelotuda-marilu-la-influencer-libertaria-que-se-reia-de-los-despidos-conto-que-fue-estafada\\\/\",\"name\":\"\u201cMe siento una pelotuda\u201d: Maril\u00fa, la influencer libertaria que se re\u00eda de los despidos, cont\u00f3 que fue estafada - Cuarteto en la Web\",\"isPartOf\":{\"@id\":\"http:\\\/\\\/cuartetoenlaweb.com.ar\\\/sitio\\\/#website\"},\"primaryImageOfPage\":{\"@id\":\"https:\\\/\\\/cuartetoenlaweb.com.ar\\\/sitio\\\/me-siento-una-pelotuda-marilu-la-influencer-libertaria-que-se-reia-de-los-despidos-conto-que-fue-estafada\\\/#primaryimage\"},\"image\":{\"@id\":\"https:\\\/\\\/cuartetoenlaweb.com.ar\\\/sitio\\\/me-siento-una-pelotuda-marilu-la-influencer-libertaria-que-se-reia-de-los-despidos-conto-que-fue-estafada\\\/#primaryimage\"},\"thumbnailUrl\":\"https:\\\/\\\/cuartetoenlaweb.com.ar\\\/sitio\\\/wp-content\\\/uploads\\\/2026\\\/02\\\/720-298.jpeg\",\"datePublished\":\"2026-02-23T03:00:00+00:00\",\"breadcrumb\":{\"@id\":\"https:\\\/\\\/cuartetoenlaweb.com.ar\\\/sitio\\\/me-siento-una-pelotuda-marilu-la-influencer-libertaria-que-se-reia-de-los-despidos-conto-que-fue-estafada\\\/#breadcrumb\"},\"inLanguage\":\"es\",\"potentialAction\":[{\"@type\":\"ReadAction\",\"target\":[\"https:\\\/\\\/cuartetoenlaweb.com.ar\\\/sitio\\\/me-siento-una-pelotuda-marilu-la-influencer-libertaria-que-se-reia-de-los-despidos-conto-que-fue-estafada\\\/\"]}]},{\"@type\":\"ImageObject\",\"inLanguage\":\"es\",\"@id\":\"https:\\\/\\\/cuartetoenlaweb.com.ar\\\/sitio\\\/me-siento-una-pelotuda-marilu-la-influencer-libertaria-que-se-reia-de-los-despidos-conto-que-fue-estafada\\\/#primaryimage\",\"url\":\"https:\\\/\\\/cuartetoenlaweb.com.ar\\\/sitio\\\/wp-content\\\/uploads\\\/2026\\\/02\\\/720-298.jpeg\",\"contentUrl\":\"https:\\\/\\\/cuartetoenlaweb.com.ar\\\/sitio\\\/wp-content\\\/uploads\\\/2026\\\/02\\\/720-298.jpeg\",\"width\":1130,\"height\":720},{\"@type\":\"BreadcrumbList\",\"@id\":\"https:\\\/\\\/cuartetoenlaweb.com.ar\\\/sitio\\\/me-siento-una-pelotuda-marilu-la-influencer-libertaria-que-se-reia-de-los-despidos-conto-que-fue-estafada\\\/#breadcrumb\",\"itemListElement\":[{\"@type\":\"ListItem\",\"position\":1,\"name\":\"Portada\",\"item\":\"http:\\\/\\\/cuartetoenlaweb.com.ar\\\/sitio\\\/\"},{\"@type\":\"ListItem\",\"position\":2,\"name\":\"\u201cMe siento una pelotuda\u201d: Maril\u00fa, la influencer libertaria que se re\u00eda de los despidos, cont\u00f3 que fue estafada\"}]},{\"@type\":\"WebSite\",\"@id\":\"http:\\\/\\\/cuartetoenlaweb.com.ar\\\/sitio\\\/#website\",\"url\":\"http:\\\/\\\/cuartetoenlaweb.com.ar\\\/sitio\\\/\",\"name\":\"Cuarteto en la Web\",\"description\":\"\",\"publisher\":{\"@id\":\"http:\\\/\\\/cuartetoenlaweb.com.ar\\\/sitio\\\/#organization\"},\"potentialAction\":[{\"@type\":\"SearchAction\",\"target\":{\"@type\":\"EntryPoint\",\"urlTemplate\":\"http:\\\/\\\/cuartetoenlaweb.com.ar\\\/sitio\\\/?s={search_term_string}\"},\"query-input\":{\"@type\":\"PropertyValueSpecification\",\"valueRequired\":true,\"valueName\":\"search_term_string\"}}],\"inLanguage\":\"es\"},{\"@type\":\"Organization\",\"@id\":\"http:\\\/\\\/cuartetoenlaweb.com.ar\\\/sitio\\\/#organization\",\"name\":\"Cuarteto en la Web\",\"url\":\"http:\\\/\\\/cuartetoenlaweb.com.ar\\\/sitio\\\/\",\"logo\":{\"@type\":\"ImageObject\",\"inLanguage\":\"es\",\"@id\":\"http:\\\/\\\/cuartetoenlaweb.com.ar\\\/sitio\\\/#\\\/schema\\\/logo\\\/image\\\/\",\"url\":\"https:\\\/\\\/cuartetoenlaweb.com.ar\\\/sitio\\\/wp-content\\\/uploads\\\/2025\\\/07\\\/cropped-cropped-logitoweb21.png\",\"contentUrl\":\"https:\\\/\\\/cuartetoenlaweb.com.ar\\\/sitio\\\/wp-content\\\/uploads\\\/2025\\\/07\\\/cropped-cropped-logitoweb21.png\",\"width\":199,\"height\":199,\"caption\":\"Cuarteto en la Web\"},\"image\":{\"@id\":\"http:\\\/\\\/cuartetoenlaweb.com.ar\\\/sitio\\\/#\\\/schema\\\/logo\\\/image\\\/\"}}]}<\/script>\n<!-- \/ Yoast SEO plugin. -->","yoast_head_json":{"title":"\u201cMe siento una pelotuda\u201d: Maril\u00fa, la influencer libertaria que se re\u00eda de los despidos, cont\u00f3 que fue estafada - Cuarteto en la Web","robots":{"index":"index","follow":"follow","max-snippet":"max-snippet:-1","max-image-preview":"max-image-preview:large","max-video-preview":"max-video-preview:-1"},"canonical":"https:\/\/cuartetoenlaweb.com.ar\/sitio\/me-siento-una-pelotuda-marilu-la-influencer-libertaria-que-se-reia-de-los-despidos-conto-que-fue-estafada\/","og_locale":"es_ES","og_type":"article","og_title":"\u201cMe siento una pelotuda\u201d: Maril\u00fa, la influencer libertaria que se re\u00eda de los despidos, cont\u00f3 que fue estafada - Cuarteto en la Web","og_description":"En octubre pasado, la influencer libertaria de nombre Maril\u00fa,se hizo","og_url":"https:\/\/cuartetoenlaweb.com.ar\/sitio\/me-siento-una-pelotuda-marilu-la-influencer-libertaria-que-se-reia-de-los-despidos-conto-que-fue-estafada\/","og_site_name":"Cuarteto en la Web","article_published_time":"2026-02-23T03:00:00+00:00","og_image":[{"width":1130,"height":720,"url":"https:\/\/cuartetoenlaweb.com.ar\/sitio\/wp-content\/uploads\/2026\/02\/720-298.jpeg","type":"image\/jpeg"}],"twitter_card":"summary_large_image","twitter_misc":{"Tiempo de lectura":"1 minuto"},"schema":{"@context":"https:\/\/schema.org","@graph":[{"@type":"Article","@id":"https:\/\/cuartetoenlaweb.com.ar\/sitio\/me-siento-una-pelotuda-marilu-la-influencer-libertaria-que-se-reia-de-los-despidos-conto-que-fue-estafada\/#article","isPartOf":{"@id":"https:\/\/cuartetoenlaweb.com.ar\/sitio\/me-siento-una-pelotuda-marilu-la-influencer-libertaria-que-se-reia-de-los-despidos-conto-que-fue-estafada\/"},"author":{"name":"","@id":""},"headline":"\u201cMe siento una pelotuda\u201d: Maril\u00fa, la influencer libertaria que se re\u00eda de los despidos, cont\u00f3 que fue estafada","datePublished":"2026-02-23T03:00:00+00:00","mainEntityOfPage":{"@id":"https:\/\/cuartetoenlaweb.com.ar\/sitio\/me-siento-una-pelotuda-marilu-la-influencer-libertaria-que-se-reia-de-los-despidos-conto-que-fue-estafada\/"},"wordCount":170,"publisher":{"@id":"http:\/\/cuartetoenlaweb.com.ar\/sitio\/#organization"},"image":{"@id":"https:\/\/cuartetoenlaweb.com.ar\/sitio\/me-siento-una-pelotuda-marilu-la-influencer-libertaria-que-se-reia-de-los-despidos-conto-que-fue-estafada\/#primaryimage"},"thumbnailUrl":"https:\/\/cuartetoenlaweb.com.ar\/sitio\/wp-content\/uploads\/2026\/02\/720-298.jpeg","articleSection":["PAIS"],"inLanguage":"es"},{"@type":"WebPage","@id":"https:\/\/cuartetoenlaweb.com.ar\/sitio\/me-siento-una-pelotuda-marilu-la-influencer-libertaria-que-se-reia-de-los-despidos-conto-que-fue-estafada\/","url":"https:\/\/cuartetoenlaweb.com.ar\/sitio\/me-siento-una-pelotuda-marilu-la-influencer-libertaria-que-se-reia-de-los-despidos-conto-que-fue-estafada\/","name":"\u201cMe siento una pelotuda\u201d: Maril\u00fa, la influencer libertaria que se re\u00eda de los despidos, cont\u00f3 que fue estafada - Cuarteto en la Web","isPartOf":{"@id":"http:\/\/cuartetoenlaweb.com.ar\/sitio\/#website"},"primaryImageOfPage":{"@id":"https:\/\/cuartetoenlaweb.com.ar\/sitio\/me-siento-una-pelotuda-marilu-la-influencer-libertaria-que-se-reia-de-los-despidos-conto-que-fue-estafada\/#primaryimage"},"image":{"@id":"https:\/\/cuartetoenlaweb.com.ar\/sitio\/me-siento-una-pelotuda-marilu-la-influencer-libertaria-que-se-reia-de-los-despidos-conto-que-fue-estafada\/#primaryimage"},"thumbnailUrl":"https:\/\/cuartetoenlaweb.com.ar\/sitio\/wp-content\/uploads\/2026\/02\/720-298.jpeg","datePublished":"2026-02-23T03:00:00+00:00","breadcrumb":{"@id":"https:\/\/cuartetoenlaweb.com.ar\/sitio\/me-siento-una-pelotuda-marilu-la-influencer-libertaria-que-se-reia-de-los-despidos-conto-que-fue-estafada\/#breadcrumb"},"inLanguage":"es","potentialAction":[{"@type":"ReadAction","target":["https:\/\/cuartetoenlaweb.com.ar\/sitio\/me-siento-una-pelotuda-marilu-la-influencer-libertaria-que-se-reia-de-los-despidos-conto-que-fue-estafada\/"]}]},{"@type":"ImageObject","inLanguage":"es","@id":"https:\/\/cuartetoenlaweb.com.ar\/sitio\/me-siento-una-pelotuda-marilu-la-influencer-libertaria-que-se-reia-de-los-despidos-conto-que-fue-estafada\/#primaryimage","url":"https:\/\/cuartetoenlaweb.com.ar\/sitio\/wp-content\/uploads\/2026\/02\/720-298.jpeg","contentUrl":"https:\/\/cuartetoenlaweb.com.ar\/sitio\/wp-content\/uploads\/2026\/02\/720-298.jpeg","width":1130,"height":720},{"@type":"BreadcrumbList","@id":"https:\/\/cuartetoenlaweb.com.ar\/sitio\/me-siento-una-pelotuda-marilu-la-influencer-libertaria-que-se-reia-de-los-despidos-conto-que-fue-estafada\/#breadcrumb","itemListElement":[{"@type":"ListItem","position":1,"name":"Portada","item":"http:\/\/cuartetoenlaweb.com.ar\/sitio\/"},{"@type":"ListItem","position":2,"name":"\u201cMe siento una pelotuda\u201d: Maril\u00fa, la influencer libertaria que se re\u00eda de los despidos, cont\u00f3 que fue estafada"}]},{"@type":"WebSite","@id":"http:\/\/cuartetoenlaweb.com.ar\/sitio\/#website","url":"http:\/\/cuartetoenlaweb.com.ar\/sitio\/","name":"Cuarteto en la Web","description":"","publisher":{"@id":"http:\/\/cuartetoenlaweb.com.ar\/sitio\/#organization"},"potentialAction":[{"@type":"SearchAction","target":{"@type":"EntryPoint","urlTemplate":"http:\/\/cuartetoenlaweb.com.ar\/sitio\/?s={search_term_string}"},"query-input":{"@type":"PropertyValueSpecification","valueRequired":true,"valueName":"search_term_string"}}],"inLanguage":"es"},{"@type":"Organization","@id":"http:\/\/cuartetoenlaweb.com.ar\/sitio\/#organization","name":"Cuarteto en la Web","url":"http:\/\/cuartetoenlaweb.com.ar\/sitio\/","logo":{"@type":"ImageObject","inLanguage":"es","@id":"http:\/\/cuartetoenlaweb.com.ar\/sitio\/#\/schema\/logo\/image\/","url":"https:\/\/cuartetoenlaweb.com.ar\/sitio\/wp-content\/uploads\/2025\/07\/cropped-cropped-logitoweb21.png","contentUrl":"https:\/\/cuartetoenlaweb.com.ar\/sitio\/wp-content\/uploads\/2025\/07\/cropped-cropped-logitoweb21.png","width":199,"height":199,"caption":"Cuarteto en la Web"},"image":{"@id":"http:\/\/cuartetoenlaweb.com.ar\/sitio\/#\/schema\/logo\/image\/"}}]}},"_links":{"self":[{"href":"https:\/\/cuartetoenlaweb.com.ar\/sitio\/wp-json\/wp\/v2\/posts\/12479","targetHints":{"allow":["GET"]}}],"collection":[{"href":"https:\/\/cuartetoenlaweb.com.ar\/sitio\/wp-json\/wp\/v2\/posts"}],"about":[{"href":"https:\/\/cuartetoenlaweb.com.ar\/sitio\/wp-json\/wp\/v2\/types\/post"}],"replies":[{"embeddable":true,"href":"https:\/\/cuartetoenlaweb.com.ar\/sitio\/wp-json\/wp\/v2\/comments?post=12479"}],"version-history":[{"count":0,"href":"https:\/\/cuartetoenlaweb.com.ar\/sitio\/wp-json\/wp\/v2\/posts\/12479\/revisions"}],"wp:featuredmedia":[{"embeddable":true,"href":"https:\/\/cuartetoenlaweb.com.ar\/sitio\/wp-json\/wp\/v2\/media\/12480"}],"wp:attachment":[{"href":"https:\/\/cuartetoenlaweb.com.ar\/sitio\/wp-json\/wp\/v2\/media?parent=12479"}],"wp:term":[{"taxonomy":"category","embeddable":true,"href":"https:\/\/cuartetoenlaweb.com.ar\/sitio\/wp-json\/wp\/v2\/categories?post=12479"},{"taxonomy":"post_tag","embeddable":true,"href":"https:\/\/cuartetoenlaweb.com.ar\/sitio\/wp-json\/wp\/v2\/tags?post=12479"}],"curies":[{"name":"wp","href":"https:\/\/api.w.org\/{rel}","templated":true}]}}