
{"id":12476,"date":"2026-02-22T22:00:28","date_gmt":"2026-02-23T01:00:28","guid":{"rendered":"https:\/\/cuartetoenlaweb.com.ar\/sitio\/nadie-es-inocente-los-chinos-fate-y-el-dolar\/"},"modified":"2026-02-22T22:00:28","modified_gmt":"2026-02-23T01:00:28","slug":"nadie-es-inocente-los-chinos-fate-y-el-dolar","status":"publish","type":"post","link":"https:\/\/cuartetoenlaweb.com.ar\/sitio\/nadie-es-inocente-los-chinos-fate-y-el-dolar\/","title":{"rendered":"Nadie es inocente: los chinos, FATE y el d\u00f3lar"},"content":{"rendered":"<p>Semanas atr\u00e1s le toc\u00f3 a <b>Paolo Roca<\/b>, en estas horas a <b>Javier Madanes Quintanilla<\/b>, principal accionista del grupo<b> Fate-Aluar<\/b>. As\u00ed se renueva para el <b>gobierno <\/b>y sus voceros el \u201cvillano invitado\u201d de la semana, como en la serie de <b>Batman<\/b>, a fines de los <b>60s<\/b>.<\/p>\n<p>Foco puesto ahora para el canciller <b>Pablo Quirno<\/b>, que, en el marco del nuevo acuerdo comercial con EE.UU., debe reclamar la baja de <b>cupos <\/b>a favor de las <b>exportaciones <\/b>argentinas de acero y aluminio, justamente las de <a href=\"https:\/\/www.cronista.com\/negocios\/paolo-rocca-mira-al-acuerdo-de-milei-con-los-eeuu-para-reforzar-su-posible-reclamo-antidumping-por-los-canos-indios\/\" target=\"_blank\" rel=\"\" title=\"https:\/\/www.cronista.com\/negocios\/paolo-rocca-mira-al-acuerdo-de-milei-con-los-eeuu-para-reforzar-su-posible-reclamo-antidumping-por-los-canos-indios\/\"><b>Techint <\/b><\/a>y <b>Aluar<\/b>.<\/p>\n<p>Se <b>actualiz\u00f3 <\/b>una pr\u00e1ctica kirchnerista que se supon\u00eda superada, y as\u00ed ahora los <a href=\"https:\/\/www.cronista.com\/columnistas\/el-camino-a-la-integracion-y-la-competencia-en-igualdad-de-condiciones\/\" target=\"_blank\" rel=\"\" title=\"https:\/\/www.cronista.com\/columnistas\/el-camino-a-la-integracion-y-la-competencia-en-igualdad-de-condiciones\/\"><b>industriales <\/b><\/a>afectados por la competencia contra <b>China <\/b>se han convertido, seg\u00fan el relato oficial, en los nuevos <b>responsables <\/b>de buena parte de los males <b>econ\u00f3micos <\/b>que golpean a los argentinos hace d\u00e9cadas.<\/p>\n<p>En verdad, la furia oficial por el anuncio de <b>cierre <\/b>de <a href=\"https:\/\/www.cronista.com\/economia-politica\/efecto-fate-cuales-son-los-otros-sectores-que-se-miran-en-el-espejo-y-temen-problemas\/\" target=\"_blank\" rel=\"\" title=\"https:\/\/www.cronista.com\/economia-politica\/efecto-fate-cuales-son-los-otros-sectores-que-se-miran-en-el-espejo-y-temen-problemas\/\"><b>FATE <\/b><\/a>parece m\u00e1s ligada al impacto que la noticia tiene sobre las objeciones al plan <b>econ\u00f3mico <\/b>que a los motivos que dej\u00f3 <b>trascender <\/b>el Gobierno. Es obvio que una determinaci\u00f3n como la de cerrar una <b>empresa <\/b>pagando todas las obligaciones resulta una decisi\u00f3n que debe ser <b>planificada <\/b>con mucha anticipaci\u00f3n. <\/p>\n<p><img loading=\"lazy\" decoding=\"async\" src=\"https:\/\/www.cronista.com\/resizer\/v2\/HX6GONXFYRFFDEC6H4XY63JPE4.jpeg?auth=0a23df8df0b28df143920e4d0cde279db7703e85458cd6fdb289fe168b3abf65&amp;smart=true&amp;width=1600&amp;height=900\" alt=\"La furia oficial por el anuncio de cierre de FATE \" height=\"900\" width=\"1600\" \/><\/p>\n<p>Sobre todo si adem\u00e1s se enfrenta dentro de la <b>f\u00e1brica <\/b>a una comisi\u00f3n <b>interna <\/b>de extrema izquierda como es el caso. Es poco cre\u00edble suponer el relato en que coincid\u00edan el Gobierno con el <b>Partido Obrero<\/b>: que <a href=\"https:\/\/www.cronista.com\/negocios\/quien-es-javier-madanes-quintanilla-el-industrial-que-quedo-en-el-centro-de-la-escena-tras-el-cierre-de-fate\/\" target=\"_blank\" rel=\"\" title=\"https:\/\/www.cronista.com\/negocios\/quien-es-javier-madanes-quintanilla-el-industrial-que-quedo-en-el-centro-de-la-escena-tras-el-cierre-de-fate\/\"><b>Madanes <\/b><\/a>estaba en una conspiraci\u00f3n para afectar al Gobierno cerrando <b>FATE <\/b>justo en medio de la aprobaci\u00f3n de la <b>reforma laboral <\/b>y con el paro general anunciado 48 hs antes.<\/p>\n<p>Es curioso que en teor\u00eda a la <b>empresa <\/b>le hubiera convenido esperar a que estuviera en vigencia la nueva <b>reforma laboral<\/b> para realizar los <b>despidos <\/b>y pagar las indemnizaciones, supuestamente con menos adicionales seg\u00fan la <b>nueva <\/b>norma. <\/p>\n<p>No parece que vaya a ser el <b>caso<\/b>, pero ahora, como intervino el <b>Gobierno <\/b>y dict\u00f3 una extra\u00f1a <b>conciliaci\u00f3n <\/b>obligatoria que <b>retrotrae <\/b>los despidos, la parte empresaria podr\u00eda en el futuro recalcular para abajo las <b>retribuciones <\/b>con el argumento de que las desvinculaciones son ya con la nueva <b>normativa<\/b>. Todo un disparate.<\/p>\n<p>La realidad del problema es que el <b>cierre <\/b>de <b>FATE<\/b>, que se sabe no es ni ser\u00e1 el \u00fanico, reaviva el fuego del debate sobre el plan <b>econ\u00f3mico <\/b>y sus consecuencias <b>pol\u00edticas <\/b>mirando las chances de <b>reelecci\u00f3n <\/b>de Javier Milei en <b>2027<\/b>. <\/p>\n<p>Ocurre mientras hay un consolidado veranito <b>financiero<\/b>, se siguen anunciando <b>inversiones <\/b>millonarias en <b>miner\u00eda <\/b>e <b>hidrocarburos<\/b>, y el Gobierno disfruta de un c\u00f3modo liderazgo pol\u00edtico con la oposici\u00f3n casi grogui; la <b>inflaci\u00f3n <\/b>est\u00e1 m\u00e1s cerca de 3% que de 2% mensual, los ingresos corren detr\u00e1s de los <b>precios <\/b>y las <b>importaciones libres<\/b> desde <b>China <\/b>con un atraso cambiario que se profundiza golpean m\u00e1s a la <b>producci\u00f3n <\/b>local y al <b>empleo<\/b>.<\/p>\n<p>El plan del equipo econ\u00f3mico con el <b>d\u00f3lar <\/b>por debajo de 1400 pesos y tasas para el cr\u00e9dito que cuadruplican la <b>inflaci\u00f3n <\/b>no ha logrado contener del todo los <b>precios<\/b>. No frenan las <b>subas <\/b>en alimentos, carne, tarifas y servicios.<\/p>\n<p>Se profundiza el d\u00f3lar barato que combinado con <b>ingreso libre <\/b>y sin l\u00edmite de las <b>importaciones <\/b>desde China liquidan a la industria local, sobre todo peque\u00f1as y medianas. Con el consumo <b>masivo <\/b>que no crece y la <b>inflaci\u00f3n <\/b>que no cede, entre economistas comienza a escucharse la palabra <b>estanflaci\u00f3n<\/b>.<\/p>\n<p>El <b>Gobierno <\/b>no parece dispuesto a <b>ceder<\/b>, y es cierto que la soluci\u00f3n no puede ser que los consumidores argentinos deban pagar dos o tres veces m\u00e1s <b>caras <\/b>las cosas en el pa\u00eds para <b>sostener <\/b>empresas que no logren competir. Cerrar las importaciones al 100% como fue con el <b>cepo <\/b>en la era K, en el caso de los <b>neum\u00e1ticos <\/b>termin\u00f3 en el \u00e9xodo de los <b>argentinos <\/b>cambiando cubiertas en Chile, Brasil, Paraguay y Uruguay. <\/p>\n<p>Con fuerte <b>desabastecimiento <\/b>en el mercado local porque no hab\u00eda d\u00f3lares para importar ni <b>neum\u00e1ticos <\/b>terminados, tampoco <b>insumos <\/b>para producirlos en el pa\u00eds. De all\u00ed que los <b>precios <\/b>internos volaran. Pero tambi\u00e9n hay que entender que <b>China <\/b>no es un <b>competidor <\/b>leal en condiciones del libre mercado como las entiende Occidente. <\/p>\n<p>Y todos los pa\u00edses, ni hablar <b>EE.UU.<\/b>, ponen l\u00edmite al ingreso de algunas importaciones chinas. En la Argentina <b>cuotifica <\/b>el ingreso de autos provenientes del gigante <b>asi\u00e1tico<\/b>.<\/p>\n<p>Un dato pol\u00edtico para tener en cuenta en el caso de <b>FATE <\/b>fue el <b>nulo <\/b>inter\u00e9s del Gobierno por intervenir para buscar una soluci\u00f3n menos <b>traum\u00e1tica<\/b>. Se puede comprender el fanatismo en la tribuna o en declaraciones a la <b>prensa<\/b>, pero a la hora de gobernar hay caminos que se podr\u00edan haber <b>explorado<\/b>, sin que significara <b>sacrificar <\/b>los principales lineamientos <b>pol\u00edticos <\/b>y econ\u00f3micos de la Casa Rosada. <\/p>\n<p>Est\u00e1 claro que no hubo ni vocaci\u00f3n ni <b>inter\u00e9s<\/b>, m\u00e1s bien dogmas <b>ideol\u00f3gicos<\/b>, quien sabe revanchas y resentimientos del pasado. En cualquier caso caben algunas preguntas: \u00bfEstaba avisado el <b>Presidente <\/b>del cierre de <b>FATE<\/b>? \u00bfLo sab\u00eda el <b>ministro <\/b>de <b>Econom\u00eda <\/b>o el encargado de <b>Industria<\/b>?<\/p>\n<p>La <b>tirria <\/b>de Javier Milei y sus colaboradores econ\u00f3micos contra los industriales locales no es <b>novedad<\/b>. Tampoco un sentimiento exclusivo del actual Presidente. <b>Mauricio Macri <\/b>jam\u00e1s recibi\u00f3 a la <b>Uni\u00f3n Industrial<\/b> cuando fue<b> jefe de Estado<\/b>. <\/p>\n<p>Luis Caputo, Federico Sturzenegger y todo el \u00e1rea econ\u00f3mica oficial se ha formado en la <b>ortodoxia <\/b>y el mundo financiero, donde las cr\u00edticas y los prejuicios contra la <b>producci\u00f3n <\/b>nacional llevan siglos de <b>debate<\/b>.<\/p>\n<p>A\u00fan antes del cierre de <b>FATE<\/b>, el titular del palacio de Hacienda se quej\u00f3 porque \u201cninguna c\u00e1mara\u201d empresaria festej\u00f3 la supuesta <b>rebaja<\/b> de aportes patronales que en algunos casos permitir\u00eda la reforma laboral para las <b>pymes<\/b>.<\/p>\n<p>En general los <b>especialistas<\/b> han destacado algunos avances importantes logrados con la reforma, pero se coincide en que los <b>costos laborales<\/b> siguen pr\u00e1cticamente igual, al punto que se mantuvieron los privilegios para <b>c\u00e1maras empresarias<\/b> y gremios a la hora de recaudar del bolsillo de los afiliados <b>compulsivos<\/b>.<\/p>\n<p>Hoy las <b>pymes <\/b>tienen poco para festejar en medio de la inflaci\u00f3n que no cede, las tasas <b>impagables<\/b>, el atraso cambiario y la <b>avalancha <\/b>de importaciones chinas.<\/p>\n<p>Lo relevante es si la econom\u00eda empieza a <b>reactivarse<\/b>. Un dato es que no aparece por ahora la tan mentada <b>remonetizaci\u00f3n <\/b>de la econom\u00eda con <b>aumento <\/b>de la demanda de pesos. Los profesionales del dinero venden cada vez m\u00e1s <b>d\u00f3lares <\/b>al BCRA que <b>emite <\/b>y les entrega pesos. <\/p>\n<p>Pero esos pesos por ahora terminan en las <b>licitaciones <\/b>del <b>Tesoro <\/b>alimentando la renovada fiesta del<b> carry trade<\/b>. La cantidad de dinero <b>circulando <\/b>no aumenta demasiado en enero y febrero y de all\u00ed que el <b>consumo <\/b>no repunta en forma significativa.<\/p>\n<p>Tratar de <b>bajar <\/b>la inflaci\u00f3n a un d\u00edgito anual con <b>d\u00f3lar <\/b>planchado, tasas positivas y <b>apertura <\/b>libre a China tiene su <b>precio<\/b>. Golpea intereses, genuinos y de los otros. Es importante volver a definir que habr\u00e1 de <b>valorar <\/b>el padr\u00f3n <b>electoral <\/b>dentro de un a\u00f1o y medio mirando el futuro pol\u00edtico. De momento, se observa un camino despejado para el <b>oficialismo<\/b>. <\/p>\n<p>El Presidente corre con una gran <b>ventaja<\/b>: enfrente los candidatos a la vista siguen <b>radicalizados <\/b>y no lucen muy <b>competitivos<\/b>. No aparecen opciones razonables y atractivas, el Partido <b>Productivista <\/b>de los conurbanos con el que sue\u00f1an algunos. <\/p>\n<p>La <b>oposici\u00f3n <\/b>dura presenta mensajes e im\u00e1genes lastimosos, en tanto que el <b>Gobierno<\/b>, con el apoyo del peronismo no K, m\u00e1s que aprob\u00f3 el test de <b>gobernabilidad <\/b>en el Congreso. R\u00e9cord de <b>leyes <\/b>importantes aprobadas y capacidad de juntar mayor\u00edas contundentes en ambas <b>c\u00e1maras<\/b>.<\/p>\n<p>Luego de la <b>reforma laboral<\/b> y la nueva ley penal juvenil, la agenda sigue con Ley de Glaciares. <b>Reforma Electoral<\/b> para eliminar las <b>PASO<\/b>, y reforma del C\u00f3digo Penal. \u00bfLa <b>Reforma Impositiva<\/b> que se hab\u00eda prometido para nivelar la cancha contra las <b>importaciones<\/b>? \u00a1A seguir participando!<\/p>\n","protected":false},"excerpt":{"rendered":"<p>Semanas atr\u00e1s le toc\u00f3 a Paolo Roca, en estas horas<\/p>\n","protected":false},"author":0,"featured_media":0,"comment_status":"","ping_status":"","sticky":false,"template":"","format":"standard","meta":{"footnotes":""},"categories":[65],"tags":[],"class_list":["post-12476","post","type-post","status-publish","format-standard","hentry","category-pais"],"yoast_head":"<!-- This site is optimized with the Yoast SEO plugin v27.5 - https:\/\/yoast.com\/product\/yoast-seo-wordpress\/ -->\n<title>Nadie es inocente: los chinos, FATE y el d\u00f3lar - Cuarteto en la Web<\/title>\n<meta name=\"robots\" content=\"index, follow, max-snippet:-1, max-image-preview:large, max-video-preview:-1\" \/>\n<link rel=\"canonical\" href=\"https:\/\/cuartetoenlaweb.com.ar\/sitio\/nadie-es-inocente-los-chinos-fate-y-el-dolar\/\" \/>\n<meta property=\"og:locale\" content=\"es_ES\" \/>\n<meta property=\"og:type\" content=\"article\" \/>\n<meta property=\"og:title\" content=\"Nadie es inocente: los chinos, FATE y el d\u00f3lar - Cuarteto en la Web\" \/>\n<meta property=\"og:description\" content=\"Semanas atr\u00e1s le toc\u00f3 a Paolo Roca, en estas horas\" \/>\n<meta property=\"og:url\" content=\"https:\/\/cuartetoenlaweb.com.ar\/sitio\/nadie-es-inocente-los-chinos-fate-y-el-dolar\/\" \/>\n<meta property=\"og:site_name\" content=\"Cuarteto en la Web\" \/>\n<meta property=\"article:published_time\" content=\"2026-02-23T01:00:28+00:00\" \/>\n<meta property=\"og:image\" content=\"https:\/\/www.cronista.com\/resizer\/v2\/HX6GONXFYRFFDEC6H4XY63JPE4.jpeg?auth=0a23df8df0b28df143920e4d0cde279db7703e85458cd6fdb289fe168b3abf65&amp;smart=true&amp;width=1600&amp;height=900\" \/>\n<meta name=\"twitter:card\" content=\"summary_large_image\" \/>\n<meta name=\"twitter:label1\" content=\"Tiempo de lectura\" \/>\n\t<meta name=\"twitter:data1\" content=\"7 minutos\" \/>\n<script type=\"application\/ld+json\" class=\"yoast-schema-graph\">{\"@context\":\"https:\\\/\\\/schema.org\",\"@graph\":[{\"@type\":\"Article\",\"@id\":\"https:\\\/\\\/cuartetoenlaweb.com.ar\\\/sitio\\\/nadie-es-inocente-los-chinos-fate-y-el-dolar\\\/#article\",\"isPartOf\":{\"@id\":\"https:\\\/\\\/cuartetoenlaweb.com.ar\\\/sitio\\\/nadie-es-inocente-los-chinos-fate-y-el-dolar\\\/\"},\"author\":{\"name\":\"\",\"@id\":\"\"},\"headline\":\"Nadie es inocente: los chinos, FATE y el d\u00f3lar\",\"datePublished\":\"2026-02-23T01:00:28+00:00\",\"mainEntityOfPage\":{\"@id\":\"https:\\\/\\\/cuartetoenlaweb.com.ar\\\/sitio\\\/nadie-es-inocente-los-chinos-fate-y-el-dolar\\\/\"},\"wordCount\":1377,\"publisher\":{\"@id\":\"http:\\\/\\\/cuartetoenlaweb.com.ar\\\/sitio\\\/#organization\"},\"image\":{\"@id\":\"https:\\\/\\\/cuartetoenlaweb.com.ar\\\/sitio\\\/nadie-es-inocente-los-chinos-fate-y-el-dolar\\\/#primaryimage\"},\"thumbnailUrl\":\"https:\\\/\\\/www.cronista.com\\\/resizer\\\/v2\\\/HX6GONXFYRFFDEC6H4XY63JPE4.jpeg?auth=0a23df8df0b28df143920e4d0cde279db7703e85458cd6fdb289fe168b3abf65&amp;smart=true&amp;width=1600&amp;height=900\",\"articleSection\":[\"PAIS\"],\"inLanguage\":\"es\"},{\"@type\":\"WebPage\",\"@id\":\"https:\\\/\\\/cuartetoenlaweb.com.ar\\\/sitio\\\/nadie-es-inocente-los-chinos-fate-y-el-dolar\\\/\",\"url\":\"https:\\\/\\\/cuartetoenlaweb.com.ar\\\/sitio\\\/nadie-es-inocente-los-chinos-fate-y-el-dolar\\\/\",\"name\":\"Nadie es inocente: los chinos, FATE y el d\u00f3lar - Cuarteto en la Web\",\"isPartOf\":{\"@id\":\"http:\\\/\\\/cuartetoenlaweb.com.ar\\\/sitio\\\/#website\"},\"primaryImageOfPage\":{\"@id\":\"https:\\\/\\\/cuartetoenlaweb.com.ar\\\/sitio\\\/nadie-es-inocente-los-chinos-fate-y-el-dolar\\\/#primaryimage\"},\"image\":{\"@id\":\"https:\\\/\\\/cuartetoenlaweb.com.ar\\\/sitio\\\/nadie-es-inocente-los-chinos-fate-y-el-dolar\\\/#primaryimage\"},\"thumbnailUrl\":\"https:\\\/\\\/www.cronista.com\\\/resizer\\\/v2\\\/HX6GONXFYRFFDEC6H4XY63JPE4.jpeg?auth=0a23df8df0b28df143920e4d0cde279db7703e85458cd6fdb289fe168b3abf65&amp;smart=true&amp;width=1600&amp;height=900\",\"datePublished\":\"2026-02-23T01:00:28+00:00\",\"breadcrumb\":{\"@id\":\"https:\\\/\\\/cuartetoenlaweb.com.ar\\\/sitio\\\/nadie-es-inocente-los-chinos-fate-y-el-dolar\\\/#breadcrumb\"},\"inLanguage\":\"es\",\"potentialAction\":[{\"@type\":\"ReadAction\",\"target\":[\"https:\\\/\\\/cuartetoenlaweb.com.ar\\\/sitio\\\/nadie-es-inocente-los-chinos-fate-y-el-dolar\\\/\"]}]},{\"@type\":\"ImageObject\",\"inLanguage\":\"es\",\"@id\":\"https:\\\/\\\/cuartetoenlaweb.com.ar\\\/sitio\\\/nadie-es-inocente-los-chinos-fate-y-el-dolar\\\/#primaryimage\",\"url\":\"https:\\\/\\\/www.cronista.com\\\/resizer\\\/v2\\\/HX6GONXFYRFFDEC6H4XY63JPE4.jpeg?auth=0a23df8df0b28df143920e4d0cde279db7703e85458cd6fdb289fe168b3abf65&amp;smart=true&amp;width=1600&amp;height=900\",\"contentUrl\":\"https:\\\/\\\/www.cronista.com\\\/resizer\\\/v2\\\/HX6GONXFYRFFDEC6H4XY63JPE4.jpeg?auth=0a23df8df0b28df143920e4d0cde279db7703e85458cd6fdb289fe168b3abf65&amp;smart=true&amp;width=1600&amp;height=900\"},{\"@type\":\"BreadcrumbList\",\"@id\":\"https:\\\/\\\/cuartetoenlaweb.com.ar\\\/sitio\\\/nadie-es-inocente-los-chinos-fate-y-el-dolar\\\/#breadcrumb\",\"itemListElement\":[{\"@type\":\"ListItem\",\"position\":1,\"name\":\"Portada\",\"item\":\"http:\\\/\\\/cuartetoenlaweb.com.ar\\\/sitio\\\/\"},{\"@type\":\"ListItem\",\"position\":2,\"name\":\"Nadie es inocente: los chinos, FATE y el d\u00f3lar\"}]},{\"@type\":\"WebSite\",\"@id\":\"http:\\\/\\\/cuartetoenlaweb.com.ar\\\/sitio\\\/#website\",\"url\":\"http:\\\/\\\/cuartetoenlaweb.com.ar\\\/sitio\\\/\",\"name\":\"Cuarteto en la Web\",\"description\":\"\",\"publisher\":{\"@id\":\"http:\\\/\\\/cuartetoenlaweb.com.ar\\\/sitio\\\/#organization\"},\"potentialAction\":[{\"@type\":\"SearchAction\",\"target\":{\"@type\":\"EntryPoint\",\"urlTemplate\":\"http:\\\/\\\/cuartetoenlaweb.com.ar\\\/sitio\\\/?s={search_term_string}\"},\"query-input\":{\"@type\":\"PropertyValueSpecification\",\"valueRequired\":true,\"valueName\":\"search_term_string\"}}],\"inLanguage\":\"es\"},{\"@type\":\"Organization\",\"@id\":\"http:\\\/\\\/cuartetoenlaweb.com.ar\\\/sitio\\\/#organization\",\"name\":\"Cuarteto en la Web\",\"url\":\"http:\\\/\\\/cuartetoenlaweb.com.ar\\\/sitio\\\/\",\"logo\":{\"@type\":\"ImageObject\",\"inLanguage\":\"es\",\"@id\":\"http:\\\/\\\/cuartetoenlaweb.com.ar\\\/sitio\\\/#\\\/schema\\\/logo\\\/image\\\/\",\"url\":\"https:\\\/\\\/cuartetoenlaweb.com.ar\\\/sitio\\\/wp-content\\\/uploads\\\/2025\\\/07\\\/cropped-cropped-logitoweb21.png\",\"contentUrl\":\"https:\\\/\\\/cuartetoenlaweb.com.ar\\\/sitio\\\/wp-content\\\/uploads\\\/2025\\\/07\\\/cropped-cropped-logitoweb21.png\",\"width\":199,\"height\":199,\"caption\":\"Cuarteto en la Web\"},\"image\":{\"@id\":\"http:\\\/\\\/cuartetoenlaweb.com.ar\\\/sitio\\\/#\\\/schema\\\/logo\\\/image\\\/\"}}]}<\/script>\n<!-- \/ Yoast SEO plugin. -->","yoast_head_json":{"title":"Nadie es inocente: los chinos, FATE y el d\u00f3lar - Cuarteto en la Web","robots":{"index":"index","follow":"follow","max-snippet":"max-snippet:-1","max-image-preview":"max-image-preview:large","max-video-preview":"max-video-preview:-1"},"canonical":"https:\/\/cuartetoenlaweb.com.ar\/sitio\/nadie-es-inocente-los-chinos-fate-y-el-dolar\/","og_locale":"es_ES","og_type":"article","og_title":"Nadie es inocente: los chinos, FATE y el d\u00f3lar - Cuarteto en la Web","og_description":"Semanas atr\u00e1s le toc\u00f3 a Paolo Roca, en estas horas","og_url":"https:\/\/cuartetoenlaweb.com.ar\/sitio\/nadie-es-inocente-los-chinos-fate-y-el-dolar\/","og_site_name":"Cuarteto en la Web","article_published_time":"2026-02-23T01:00:28+00:00","og_image":[{"url":"https:\/\/www.cronista.com\/resizer\/v2\/HX6GONXFYRFFDEC6H4XY63JPE4.jpeg?auth=0a23df8df0b28df143920e4d0cde279db7703e85458cd6fdb289fe168b3abf65&amp;smart=true&amp;width=1600&amp;height=900","type":"","width":"","height":""}],"twitter_card":"summary_large_image","twitter_misc":{"Tiempo de lectura":"7 minutos"},"schema":{"@context":"https:\/\/schema.org","@graph":[{"@type":"Article","@id":"https:\/\/cuartetoenlaweb.com.ar\/sitio\/nadie-es-inocente-los-chinos-fate-y-el-dolar\/#article","isPartOf":{"@id":"https:\/\/cuartetoenlaweb.com.ar\/sitio\/nadie-es-inocente-los-chinos-fate-y-el-dolar\/"},"author":{"name":"","@id":""},"headline":"Nadie es inocente: los chinos, FATE y el d\u00f3lar","datePublished":"2026-02-23T01:00:28+00:00","mainEntityOfPage":{"@id":"https:\/\/cuartetoenlaweb.com.ar\/sitio\/nadie-es-inocente-los-chinos-fate-y-el-dolar\/"},"wordCount":1377,"publisher":{"@id":"http:\/\/cuartetoenlaweb.com.ar\/sitio\/#organization"},"image":{"@id":"https:\/\/cuartetoenlaweb.com.ar\/sitio\/nadie-es-inocente-los-chinos-fate-y-el-dolar\/#primaryimage"},"thumbnailUrl":"https:\/\/www.cronista.com\/resizer\/v2\/HX6GONXFYRFFDEC6H4XY63JPE4.jpeg?auth=0a23df8df0b28df143920e4d0cde279db7703e85458cd6fdb289fe168b3abf65&amp;smart=true&amp;width=1600&amp;height=900","articleSection":["PAIS"],"inLanguage":"es"},{"@type":"WebPage","@id":"https:\/\/cuartetoenlaweb.com.ar\/sitio\/nadie-es-inocente-los-chinos-fate-y-el-dolar\/","url":"https:\/\/cuartetoenlaweb.com.ar\/sitio\/nadie-es-inocente-los-chinos-fate-y-el-dolar\/","name":"Nadie es inocente: los chinos, FATE y el d\u00f3lar - Cuarteto en la Web","isPartOf":{"@id":"http:\/\/cuartetoenlaweb.com.ar\/sitio\/#website"},"primaryImageOfPage":{"@id":"https:\/\/cuartetoenlaweb.com.ar\/sitio\/nadie-es-inocente-los-chinos-fate-y-el-dolar\/#primaryimage"},"image":{"@id":"https:\/\/cuartetoenlaweb.com.ar\/sitio\/nadie-es-inocente-los-chinos-fate-y-el-dolar\/#primaryimage"},"thumbnailUrl":"https:\/\/www.cronista.com\/resizer\/v2\/HX6GONXFYRFFDEC6H4XY63JPE4.jpeg?auth=0a23df8df0b28df143920e4d0cde279db7703e85458cd6fdb289fe168b3abf65&amp;smart=true&amp;width=1600&amp;height=900","datePublished":"2026-02-23T01:00:28+00:00","breadcrumb":{"@id":"https:\/\/cuartetoenlaweb.com.ar\/sitio\/nadie-es-inocente-los-chinos-fate-y-el-dolar\/#breadcrumb"},"inLanguage":"es","potentialAction":[{"@type":"ReadAction","target":["https:\/\/cuartetoenlaweb.com.ar\/sitio\/nadie-es-inocente-los-chinos-fate-y-el-dolar\/"]}]},{"@type":"ImageObject","inLanguage":"es","@id":"https:\/\/cuartetoenlaweb.com.ar\/sitio\/nadie-es-inocente-los-chinos-fate-y-el-dolar\/#primaryimage","url":"https:\/\/www.cronista.com\/resizer\/v2\/HX6GONXFYRFFDEC6H4XY63JPE4.jpeg?auth=0a23df8df0b28df143920e4d0cde279db7703e85458cd6fdb289fe168b3abf65&amp;smart=true&amp;width=1600&amp;height=900","contentUrl":"https:\/\/www.cronista.com\/resizer\/v2\/HX6GONXFYRFFDEC6H4XY63JPE4.jpeg?auth=0a23df8df0b28df143920e4d0cde279db7703e85458cd6fdb289fe168b3abf65&amp;smart=true&amp;width=1600&amp;height=900"},{"@type":"BreadcrumbList","@id":"https:\/\/cuartetoenlaweb.com.ar\/sitio\/nadie-es-inocente-los-chinos-fate-y-el-dolar\/#breadcrumb","itemListElement":[{"@type":"ListItem","position":1,"name":"Portada","item":"http:\/\/cuartetoenlaweb.com.ar\/sitio\/"},{"@type":"ListItem","position":2,"name":"Nadie es inocente: los chinos, FATE y el d\u00f3lar"}]},{"@type":"WebSite","@id":"http:\/\/cuartetoenlaweb.com.ar\/sitio\/#website","url":"http:\/\/cuartetoenlaweb.com.ar\/sitio\/","name":"Cuarteto en la Web","description":"","publisher":{"@id":"http:\/\/cuartetoenlaweb.com.ar\/sitio\/#organization"},"potentialAction":[{"@type":"SearchAction","target":{"@type":"EntryPoint","urlTemplate":"http:\/\/cuartetoenlaweb.com.ar\/sitio\/?s={search_term_string}"},"query-input":{"@type":"PropertyValueSpecification","valueRequired":true,"valueName":"search_term_string"}}],"inLanguage":"es"},{"@type":"Organization","@id":"http:\/\/cuartetoenlaweb.com.ar\/sitio\/#organization","name":"Cuarteto en la Web","url":"http:\/\/cuartetoenlaweb.com.ar\/sitio\/","logo":{"@type":"ImageObject","inLanguage":"es","@id":"http:\/\/cuartetoenlaweb.com.ar\/sitio\/#\/schema\/logo\/image\/","url":"https:\/\/cuartetoenlaweb.com.ar\/sitio\/wp-content\/uploads\/2025\/07\/cropped-cropped-logitoweb21.png","contentUrl":"https:\/\/cuartetoenlaweb.com.ar\/sitio\/wp-content\/uploads\/2025\/07\/cropped-cropped-logitoweb21.png","width":199,"height":199,"caption":"Cuarteto en la Web"},"image":{"@id":"http:\/\/cuartetoenlaweb.com.ar\/sitio\/#\/schema\/logo\/image\/"}}]}},"_links":{"self":[{"href":"https:\/\/cuartetoenlaweb.com.ar\/sitio\/wp-json\/wp\/v2\/posts\/12476","targetHints":{"allow":["GET"]}}],"collection":[{"href":"https:\/\/cuartetoenlaweb.com.ar\/sitio\/wp-json\/wp\/v2\/posts"}],"about":[{"href":"https:\/\/cuartetoenlaweb.com.ar\/sitio\/wp-json\/wp\/v2\/types\/post"}],"replies":[{"embeddable":true,"href":"https:\/\/cuartetoenlaweb.com.ar\/sitio\/wp-json\/wp\/v2\/comments?post=12476"}],"version-history":[{"count":0,"href":"https:\/\/cuartetoenlaweb.com.ar\/sitio\/wp-json\/wp\/v2\/posts\/12476\/revisions"}],"wp:attachment":[{"href":"https:\/\/cuartetoenlaweb.com.ar\/sitio\/wp-json\/wp\/v2\/media?parent=12476"}],"wp:term":[{"taxonomy":"category","embeddable":true,"href":"https:\/\/cuartetoenlaweb.com.ar\/sitio\/wp-json\/wp\/v2\/categories?post=12476"},{"taxonomy":"post_tag","embeddable":true,"href":"https:\/\/cuartetoenlaweb.com.ar\/sitio\/wp-json\/wp\/v2\/tags?post=12476"}],"curies":[{"name":"wp","href":"https:\/\/api.w.org\/{rel}","templated":true}]}}