
{"id":12475,"date":"2026-02-22T22:00:28","date_gmt":"2026-02-23T01:00:28","guid":{"rendered":"https:\/\/cuartetoenlaweb.com.ar\/sitio\/el-gobierno-llamo-a-no-viajar-a-jalisco-por-la-creciente-ola-de-violencia-por-la-muerte-de-el-mencho\/"},"modified":"2026-02-22T22:00:28","modified_gmt":"2026-02-23T01:00:28","slug":"el-gobierno-llamo-a-no-viajar-a-jalisco-por-la-creciente-ola-de-violencia-por-la-muerte-de-el-mencho","status":"publish","type":"post","link":"https:\/\/cuartetoenlaweb.com.ar\/sitio\/el-gobierno-llamo-a-no-viajar-a-jalisco-por-la-creciente-ola-de-violencia-por-la-muerte-de-el-mencho\/","title":{"rendered":"El Gobierno llam\u00f3 a no viajar a Jalisco por la creciente ola de violencia por la muerte de \u201cEl Mencho\u201d"},"content":{"rendered":"<p>El Gobierno sali\u00f3 a alertar a los argentinos este domingo tras la escalada de violencia que estall\u00f3 en M\u00e9xico luego del abatimiento de <b>Nemesio Oseguera Cervantes<\/b>, <a href=\"https:\/\/www.cronista.com\/internacionales\/abatieron-a-el-mencho-quien-era-el-caponarco-que-supero-en-poder-a-el-chapo-guzman\/\" target=\"_blank\" rel=\"noreferrer\" title=\"https:\/\/www.cronista.com\/internacionales\/abatieron-a-el-mencho-quien-era-el-caponarco-que-supero-en-poder-a-el-chapo-guzman\/\"><b>\u201cEl Mencho\u201d<\/b><\/a>, l\u00edder del <b>C\u00e1rtel Jalisco Nueva Generaci\u00f3n<\/b> (<a href=\"https:\/\/www.cronista.com\/mexico\/actualidad-mx\/emite-embajada-de-eeuu-alerta-a-sus-ciudadanos-por-operaciones-de-seguridad-en-curso\/\" target=\"_blank\" rel=\"noreferrer\" title=\"https:\/\/www.cronista.com\/mexico\/actualidad-mx\/emite-embajada-de-eeuu-alerta-a-sus-ciudadanos-por-operaciones-de-seguridad-en-curso\/\"><b>CJNG<\/b><\/a>).<\/p>\n<p>A trav\u00e9s de un comunicado publicado en X, la Canciller\u00eda recomend\u00f3 no viajar al estado de Jalisco y extremar las precauciones a quienes ya se encuentren all\u00ed.<\/p>\n<blockquote class=\"twitter-tweet\">\n<p lang=\"es\" dir=\"ltr\">Frente a los acontecimientos recientes en el estado de Jalisco, M\u00e9xico, se recomienda a los ciudadanos argentinos evaluar cuidadosamente la necesidad de viajar a esa jurisdicci\u00f3n y, de no ser imprescindible, postergar los desplazamientos hasta que la situaci\u00f3n se estabilice.<\/p>\n<p>A\u2026<\/p>\n<p>\u2014 Canciller\u00eda Argentina \ud83c\udde6\ud83c\uddf7 (@Cancilleria_Ar) <a href=\"https:\/\/twitter.com\/Cancilleria_Ar\/status\/2025692135849140593?ref_src=twsrc%5Etfw\">February 22, 2026<\/a><\/p><\/blockquote>\n<h2><b>Ola de violencia en Jalisco: qu\u00e9 dice el comunicado de Canciller\u00eda<\/b><\/h2>\n<p>El texto del Ministerio de Relaciones Exteriores es claro: <b>evaluar cuidadosamente la necesidad de viajar a Jalisco y, de no ser imprescindible, postergar el desplazamiento hasta que la situaci\u00f3n se normalice<\/b>. Para los argentinos que ya est\u00e1n en la zona, la recomendaci\u00f3n es evitar los puntos con incidentes activos, seguir las instrucciones de las autoridades locales y mantenerse informados \u00fanicamente a trav\u00e9s de fuentes oficiales.<\/p>\n<p>En caso de emergencia, el consulado argentino en M\u00e9xico est\u00e1 disponible por dos v\u00edas: correo electr\u00f3nico a <a href=\"mailto:cmexi@mrecic.gov.ar\" target=\"_blank\" rel=\"\"><b>cmexi@mrecic.gov.ar<\/b><\/a> y tel\u00e9fono de guardia al <b>+52 1 55 8556-0472<\/b>.<\/p>\n<h2><b>Por qu\u00e9 se emiti\u00f3 la alerta del Gobierno argentino<\/b><\/h2>\n<p>El detonante fue el operativo militar que acab\u00f3 con la vida de El Mencho en la localidad de Tapalpa, Jalisco, y la respuesta inmediata del CJNG: <b>bloqueos de rutas con veh\u00edculos incendiados, tiroteos y despliegues t\u00e1cticos que se extendieron a al menos seis estados, incluyendo Michoac\u00e1n, Colima, Guanajuato, Tamaulipas y Aguascalientes<\/b>.<\/p>\n<p>Jalisco concentra buena parte de los atractivos tur\u00edsticos m\u00e1s visitados por argentinos en M\u00e9xico: Guadalajara, Puerto Vallarta y la Riviera Nayarit, zonas que en las \u00faltimas horas registraron cortes de tr\u00e1nsito y donde Air Canada lleg\u00f3 a suspender temporalmente sus vuelos por razones de seguridad.<\/p>\n<h2><b>La palabra de Sheinbaum: \u201cMantenernos en calma\u201d<\/b><\/h2>\n<p>La presidenta mexicana <b>Claudia Sheinbaum<\/b> sali\u00f3 a dar la cara pocas horas despu\u00e9s del operativo. En un mensaje en redes sociales, asegur\u00f3 que existe \u201cabsoluta coordinaci\u00f3n\u201d entre el gobierno federal y los ejecutivos de todos los estados, y pidi\u00f3 a la poblaci\u00f3n que se informe \u00fanicamente a trav\u00e9s de los canales oficiales del Gabinete de Seguridad para evitar la difusi\u00f3n de versiones no confirmadas.<\/p>\n<p><b>\u201cEn la mayor parte del territorio nacional se desarrollan actividades con plena normalidad\u201d<\/b>, afirm\u00f3 Sheinbaum, intentando acotar el impacto del caos en las regiones m\u00e1s afectadas. \u201cTrabajamos todos los d\u00edas por la paz, la seguridad, la justicia y el bienestar de M\u00e9xico\u201d, cerr\u00f3.<\/p>\n<p><img loading=\"lazy\" decoding=\"async\" src=\"https:\/\/www.cronista.com\/resizer\/v2\/OPPF4ZATFRB4PKVB3643DZL46Y.jpg?auth=dc717f8db2cc89c07f13762f40bbe712ba937e218400501fff7ca0c25580c268&amp;smart=true&amp;width=3628&amp;height=2419\" alt=\"La presidenta mexicana Claudia Sheinbaum sali\u00f3 a dar la cara pocas horas despu\u00e9s del operativo\" height=\"2419\" width=\"3628\" \/><\/p>\n<p>El tono del mensaje presidencial contrasta con las im\u00e1genes que circulan en redes sociales, donde se ven autopistas bloqueadas y columnas de humo en varias ciudades. La brecha entre el discurso oficial y la situaci\u00f3n en el terreno es uno de los elementos que m\u00e1s tensi\u00f3n genera en la cobertura period\u00edstica del operativo.<\/p>\n<h3><b>Qu\u00e9 hacer si est\u00e1s en M\u00e9xico<\/b><\/h3>\n<p>Si te encontr\u00e1s en Jalisco o en cualquier estado con alertas activas, estas son las recomendaciones vigentes:<\/p>\n<p>No te muevas hacia zonas con incidentes reportados ni uses rutas interurbanas hasta que las autoridades confirmen que est\u00e1n despejadas. Revis\u00e1 peri\u00f3dicamente el sitio de la Canciller\u00eda argentina (cancilleria.gob.ar) y el perfil oficial en X (@CancilleriaARG) para actualizaciones. Guard\u00e1 el n\u00famero consular y ten\u00e9s activo el roaming o una SIM local para poder comunicarte en caso de necesidad.<\/p>\n","protected":false},"excerpt":{"rendered":"<p>El Gobierno sali\u00f3 a alertar a los argentinos este domingo<\/p>\n","protected":false},"author":0,"featured_media":0,"comment_status":"","ping_status":"","sticky":false,"template":"","format":"standard","meta":{"footnotes":""},"categories":[65],"tags":[],"class_list":["post-12475","post","type-post","status-publish","format-standard","hentry","category-pais"],"yoast_head":"<!-- This site is optimized with the Yoast SEO plugin v27.5 - https:\/\/yoast.com\/product\/yoast-seo-wordpress\/ -->\n<title>El Gobierno llam\u00f3 a no viajar a Jalisco por la creciente ola de violencia por la muerte de \u201cEl Mencho\u201d - Cuarteto en la Web<\/title>\n<meta name=\"robots\" content=\"index, follow, max-snippet:-1, max-image-preview:large, max-video-preview:-1\" \/>\n<link rel=\"canonical\" href=\"https:\/\/cuartetoenlaweb.com.ar\/sitio\/el-gobierno-llamo-a-no-viajar-a-jalisco-por-la-creciente-ola-de-violencia-por-la-muerte-de-el-mencho\/\" \/>\n<meta property=\"og:locale\" content=\"es_ES\" \/>\n<meta property=\"og:type\" content=\"article\" \/>\n<meta property=\"og:title\" content=\"El Gobierno llam\u00f3 a no viajar a Jalisco por la creciente ola de violencia por la muerte de \u201cEl Mencho\u201d - Cuarteto en la Web\" \/>\n<meta property=\"og:description\" content=\"El Gobierno sali\u00f3 a alertar a los argentinos este domingo\" \/>\n<meta property=\"og:url\" content=\"https:\/\/cuartetoenlaweb.com.ar\/sitio\/el-gobierno-llamo-a-no-viajar-a-jalisco-por-la-creciente-ola-de-violencia-por-la-muerte-de-el-mencho\/\" \/>\n<meta property=\"og:site_name\" content=\"Cuarteto en la Web\" \/>\n<meta property=\"article:published_time\" content=\"2026-02-23T01:00:28+00:00\" \/>\n<meta property=\"og:image\" content=\"https:\/\/www.cronista.com\/resizer\/v2\/OPPF4ZATFRB4PKVB3643DZL46Y.jpg?auth=dc717f8db2cc89c07f13762f40bbe712ba937e218400501fff7ca0c25580c268&amp;smart=true&amp;width=3628&amp;height=2419\" \/>\n<meta name=\"twitter:card\" content=\"summary_large_image\" \/>\n<meta name=\"twitter:label1\" content=\"Tiempo de lectura\" \/>\n\t<meta name=\"twitter:data1\" content=\"3 minutos\" \/>\n<script type=\"application\/ld+json\" class=\"yoast-schema-graph\">{\"@context\":\"https:\\\/\\\/schema.org\",\"@graph\":[{\"@type\":\"Article\",\"@id\":\"https:\\\/\\\/cuartetoenlaweb.com.ar\\\/sitio\\\/el-gobierno-llamo-a-no-viajar-a-jalisco-por-la-creciente-ola-de-violencia-por-la-muerte-de-el-mencho\\\/#article\",\"isPartOf\":{\"@id\":\"https:\\\/\\\/cuartetoenlaweb.com.ar\\\/sitio\\\/el-gobierno-llamo-a-no-viajar-a-jalisco-por-la-creciente-ola-de-violencia-por-la-muerte-de-el-mencho\\\/\"},\"author\":{\"name\":\"\",\"@id\":\"\"},\"headline\":\"El Gobierno llam\u00f3 a no viajar a Jalisco por la creciente ola de violencia por la muerte de \u201cEl Mencho\u201d\",\"datePublished\":\"2026-02-23T01:00:28+00:00\",\"mainEntityOfPage\":{\"@id\":\"https:\\\/\\\/cuartetoenlaweb.com.ar\\\/sitio\\\/el-gobierno-llamo-a-no-viajar-a-jalisco-por-la-creciente-ola-de-violencia-por-la-muerte-de-el-mencho\\\/\"},\"wordCount\":633,\"publisher\":{\"@id\":\"http:\\\/\\\/cuartetoenlaweb.com.ar\\\/sitio\\\/#organization\"},\"image\":{\"@id\":\"https:\\\/\\\/cuartetoenlaweb.com.ar\\\/sitio\\\/el-gobierno-llamo-a-no-viajar-a-jalisco-por-la-creciente-ola-de-violencia-por-la-muerte-de-el-mencho\\\/#primaryimage\"},\"thumbnailUrl\":\"https:\\\/\\\/www.cronista.com\\\/resizer\\\/v2\\\/OPPF4ZATFRB4PKVB3643DZL46Y.jpg?auth=dc717f8db2cc89c07f13762f40bbe712ba937e218400501fff7ca0c25580c268&amp;smart=true&amp;width=3628&amp;height=2419\",\"articleSection\":[\"PAIS\"],\"inLanguage\":\"es\"},{\"@type\":\"WebPage\",\"@id\":\"https:\\\/\\\/cuartetoenlaweb.com.ar\\\/sitio\\\/el-gobierno-llamo-a-no-viajar-a-jalisco-por-la-creciente-ola-de-violencia-por-la-muerte-de-el-mencho\\\/\",\"url\":\"https:\\\/\\\/cuartetoenlaweb.com.ar\\\/sitio\\\/el-gobierno-llamo-a-no-viajar-a-jalisco-por-la-creciente-ola-de-violencia-por-la-muerte-de-el-mencho\\\/\",\"name\":\"El Gobierno llam\u00f3 a no viajar a Jalisco por la creciente ola de violencia por la muerte de \u201cEl Mencho\u201d - Cuarteto en la Web\",\"isPartOf\":{\"@id\":\"http:\\\/\\\/cuartetoenlaweb.com.ar\\\/sitio\\\/#website\"},\"primaryImageOfPage\":{\"@id\":\"https:\\\/\\\/cuartetoenlaweb.com.ar\\\/sitio\\\/el-gobierno-llamo-a-no-viajar-a-jalisco-por-la-creciente-ola-de-violencia-por-la-muerte-de-el-mencho\\\/#primaryimage\"},\"image\":{\"@id\":\"https:\\\/\\\/cuartetoenlaweb.com.ar\\\/sitio\\\/el-gobierno-llamo-a-no-viajar-a-jalisco-por-la-creciente-ola-de-violencia-por-la-muerte-de-el-mencho\\\/#primaryimage\"},\"thumbnailUrl\":\"https:\\\/\\\/www.cronista.com\\\/resizer\\\/v2\\\/OPPF4ZATFRB4PKVB3643DZL46Y.jpg?auth=dc717f8db2cc89c07f13762f40bbe712ba937e218400501fff7ca0c25580c268&amp;smart=true&amp;width=3628&amp;height=2419\",\"datePublished\":\"2026-02-23T01:00:28+00:00\",\"breadcrumb\":{\"@id\":\"https:\\\/\\\/cuartetoenlaweb.com.ar\\\/sitio\\\/el-gobierno-llamo-a-no-viajar-a-jalisco-por-la-creciente-ola-de-violencia-por-la-muerte-de-el-mencho\\\/#breadcrumb\"},\"inLanguage\":\"es\",\"potentialAction\":[{\"@type\":\"ReadAction\",\"target\":[\"https:\\\/\\\/cuartetoenlaweb.com.ar\\\/sitio\\\/el-gobierno-llamo-a-no-viajar-a-jalisco-por-la-creciente-ola-de-violencia-por-la-muerte-de-el-mencho\\\/\"]}]},{\"@type\":\"ImageObject\",\"inLanguage\":\"es\",\"@id\":\"https:\\\/\\\/cuartetoenlaweb.com.ar\\\/sitio\\\/el-gobierno-llamo-a-no-viajar-a-jalisco-por-la-creciente-ola-de-violencia-por-la-muerte-de-el-mencho\\\/#primaryimage\",\"url\":\"https:\\\/\\\/www.cronista.com\\\/resizer\\\/v2\\\/OPPF4ZATFRB4PKVB3643DZL46Y.jpg?auth=dc717f8db2cc89c07f13762f40bbe712ba937e218400501fff7ca0c25580c268&amp;smart=true&amp;width=3628&amp;height=2419\",\"contentUrl\":\"https:\\\/\\\/www.cronista.com\\\/resizer\\\/v2\\\/OPPF4ZATFRB4PKVB3643DZL46Y.jpg?auth=dc717f8db2cc89c07f13762f40bbe712ba937e218400501fff7ca0c25580c268&amp;smart=true&amp;width=3628&amp;height=2419\"},{\"@type\":\"BreadcrumbList\",\"@id\":\"https:\\\/\\\/cuartetoenlaweb.com.ar\\\/sitio\\\/el-gobierno-llamo-a-no-viajar-a-jalisco-por-la-creciente-ola-de-violencia-por-la-muerte-de-el-mencho\\\/#breadcrumb\",\"itemListElement\":[{\"@type\":\"ListItem\",\"position\":1,\"name\":\"Portada\",\"item\":\"http:\\\/\\\/cuartetoenlaweb.com.ar\\\/sitio\\\/\"},{\"@type\":\"ListItem\",\"position\":2,\"name\":\"El Gobierno llam\u00f3 a no viajar a Jalisco por la creciente ola de violencia por la muerte de \u201cEl Mencho\u201d\"}]},{\"@type\":\"WebSite\",\"@id\":\"http:\\\/\\\/cuartetoenlaweb.com.ar\\\/sitio\\\/#website\",\"url\":\"http:\\\/\\\/cuartetoenlaweb.com.ar\\\/sitio\\\/\",\"name\":\"Cuarteto en la Web\",\"description\":\"\",\"publisher\":{\"@id\":\"http:\\\/\\\/cuartetoenlaweb.com.ar\\\/sitio\\\/#organization\"},\"potentialAction\":[{\"@type\":\"SearchAction\",\"target\":{\"@type\":\"EntryPoint\",\"urlTemplate\":\"http:\\\/\\\/cuartetoenlaweb.com.ar\\\/sitio\\\/?s={search_term_string}\"},\"query-input\":{\"@type\":\"PropertyValueSpecification\",\"valueRequired\":true,\"valueName\":\"search_term_string\"}}],\"inLanguage\":\"es\"},{\"@type\":\"Organization\",\"@id\":\"http:\\\/\\\/cuartetoenlaweb.com.ar\\\/sitio\\\/#organization\",\"name\":\"Cuarteto en la Web\",\"url\":\"http:\\\/\\\/cuartetoenlaweb.com.ar\\\/sitio\\\/\",\"logo\":{\"@type\":\"ImageObject\",\"inLanguage\":\"es\",\"@id\":\"http:\\\/\\\/cuartetoenlaweb.com.ar\\\/sitio\\\/#\\\/schema\\\/logo\\\/image\\\/\",\"url\":\"https:\\\/\\\/cuartetoenlaweb.com.ar\\\/sitio\\\/wp-content\\\/uploads\\\/2025\\\/07\\\/cropped-cropped-logitoweb21.png\",\"contentUrl\":\"https:\\\/\\\/cuartetoenlaweb.com.ar\\\/sitio\\\/wp-content\\\/uploads\\\/2025\\\/07\\\/cropped-cropped-logitoweb21.png\",\"width\":199,\"height\":199,\"caption\":\"Cuarteto en la Web\"},\"image\":{\"@id\":\"http:\\\/\\\/cuartetoenlaweb.com.ar\\\/sitio\\\/#\\\/schema\\\/logo\\\/image\\\/\"}}]}<\/script>\n<!-- \/ Yoast SEO plugin. -->","yoast_head_json":{"title":"El Gobierno llam\u00f3 a no viajar a Jalisco por la creciente ola de violencia por la muerte de \u201cEl Mencho\u201d - Cuarteto en la Web","robots":{"index":"index","follow":"follow","max-snippet":"max-snippet:-1","max-image-preview":"max-image-preview:large","max-video-preview":"max-video-preview:-1"},"canonical":"https:\/\/cuartetoenlaweb.com.ar\/sitio\/el-gobierno-llamo-a-no-viajar-a-jalisco-por-la-creciente-ola-de-violencia-por-la-muerte-de-el-mencho\/","og_locale":"es_ES","og_type":"article","og_title":"El Gobierno llam\u00f3 a no viajar a Jalisco por la creciente ola de violencia por la muerte de \u201cEl Mencho\u201d - Cuarteto en la Web","og_description":"El Gobierno sali\u00f3 a alertar a los argentinos este domingo","og_url":"https:\/\/cuartetoenlaweb.com.ar\/sitio\/el-gobierno-llamo-a-no-viajar-a-jalisco-por-la-creciente-ola-de-violencia-por-la-muerte-de-el-mencho\/","og_site_name":"Cuarteto en la Web","article_published_time":"2026-02-23T01:00:28+00:00","og_image":[{"url":"https:\/\/www.cronista.com\/resizer\/v2\/OPPF4ZATFRB4PKVB3643DZL46Y.jpg?auth=dc717f8db2cc89c07f13762f40bbe712ba937e218400501fff7ca0c25580c268&amp;smart=true&amp;width=3628&amp;height=2419","type":"","width":"","height":""}],"twitter_card":"summary_large_image","twitter_misc":{"Tiempo de lectura":"3 minutos"},"schema":{"@context":"https:\/\/schema.org","@graph":[{"@type":"Article","@id":"https:\/\/cuartetoenlaweb.com.ar\/sitio\/el-gobierno-llamo-a-no-viajar-a-jalisco-por-la-creciente-ola-de-violencia-por-la-muerte-de-el-mencho\/#article","isPartOf":{"@id":"https:\/\/cuartetoenlaweb.com.ar\/sitio\/el-gobierno-llamo-a-no-viajar-a-jalisco-por-la-creciente-ola-de-violencia-por-la-muerte-de-el-mencho\/"},"author":{"name":"","@id":""},"headline":"El Gobierno llam\u00f3 a no viajar a Jalisco por la creciente ola de violencia por la muerte de \u201cEl Mencho\u201d","datePublished":"2026-02-23T01:00:28+00:00","mainEntityOfPage":{"@id":"https:\/\/cuartetoenlaweb.com.ar\/sitio\/el-gobierno-llamo-a-no-viajar-a-jalisco-por-la-creciente-ola-de-violencia-por-la-muerte-de-el-mencho\/"},"wordCount":633,"publisher":{"@id":"http:\/\/cuartetoenlaweb.com.ar\/sitio\/#organization"},"image":{"@id":"https:\/\/cuartetoenlaweb.com.ar\/sitio\/el-gobierno-llamo-a-no-viajar-a-jalisco-por-la-creciente-ola-de-violencia-por-la-muerte-de-el-mencho\/#primaryimage"},"thumbnailUrl":"https:\/\/www.cronista.com\/resizer\/v2\/OPPF4ZATFRB4PKVB3643DZL46Y.jpg?auth=dc717f8db2cc89c07f13762f40bbe712ba937e218400501fff7ca0c25580c268&amp;smart=true&amp;width=3628&amp;height=2419","articleSection":["PAIS"],"inLanguage":"es"},{"@type":"WebPage","@id":"https:\/\/cuartetoenlaweb.com.ar\/sitio\/el-gobierno-llamo-a-no-viajar-a-jalisco-por-la-creciente-ola-de-violencia-por-la-muerte-de-el-mencho\/","url":"https:\/\/cuartetoenlaweb.com.ar\/sitio\/el-gobierno-llamo-a-no-viajar-a-jalisco-por-la-creciente-ola-de-violencia-por-la-muerte-de-el-mencho\/","name":"El Gobierno llam\u00f3 a no viajar a Jalisco por la creciente ola de violencia por la muerte de \u201cEl Mencho\u201d - Cuarteto en la Web","isPartOf":{"@id":"http:\/\/cuartetoenlaweb.com.ar\/sitio\/#website"},"primaryImageOfPage":{"@id":"https:\/\/cuartetoenlaweb.com.ar\/sitio\/el-gobierno-llamo-a-no-viajar-a-jalisco-por-la-creciente-ola-de-violencia-por-la-muerte-de-el-mencho\/#primaryimage"},"image":{"@id":"https:\/\/cuartetoenlaweb.com.ar\/sitio\/el-gobierno-llamo-a-no-viajar-a-jalisco-por-la-creciente-ola-de-violencia-por-la-muerte-de-el-mencho\/#primaryimage"},"thumbnailUrl":"https:\/\/www.cronista.com\/resizer\/v2\/OPPF4ZATFRB4PKVB3643DZL46Y.jpg?auth=dc717f8db2cc89c07f13762f40bbe712ba937e218400501fff7ca0c25580c268&amp;smart=true&amp;width=3628&amp;height=2419","datePublished":"2026-02-23T01:00:28+00:00","breadcrumb":{"@id":"https:\/\/cuartetoenlaweb.com.ar\/sitio\/el-gobierno-llamo-a-no-viajar-a-jalisco-por-la-creciente-ola-de-violencia-por-la-muerte-de-el-mencho\/#breadcrumb"},"inLanguage":"es","potentialAction":[{"@type":"ReadAction","target":["https:\/\/cuartetoenlaweb.com.ar\/sitio\/el-gobierno-llamo-a-no-viajar-a-jalisco-por-la-creciente-ola-de-violencia-por-la-muerte-de-el-mencho\/"]}]},{"@type":"ImageObject","inLanguage":"es","@id":"https:\/\/cuartetoenlaweb.com.ar\/sitio\/el-gobierno-llamo-a-no-viajar-a-jalisco-por-la-creciente-ola-de-violencia-por-la-muerte-de-el-mencho\/#primaryimage","url":"https:\/\/www.cronista.com\/resizer\/v2\/OPPF4ZATFRB4PKVB3643DZL46Y.jpg?auth=dc717f8db2cc89c07f13762f40bbe712ba937e218400501fff7ca0c25580c268&amp;smart=true&amp;width=3628&amp;height=2419","contentUrl":"https:\/\/www.cronista.com\/resizer\/v2\/OPPF4ZATFRB4PKVB3643DZL46Y.jpg?auth=dc717f8db2cc89c07f13762f40bbe712ba937e218400501fff7ca0c25580c268&amp;smart=true&amp;width=3628&amp;height=2419"},{"@type":"BreadcrumbList","@id":"https:\/\/cuartetoenlaweb.com.ar\/sitio\/el-gobierno-llamo-a-no-viajar-a-jalisco-por-la-creciente-ola-de-violencia-por-la-muerte-de-el-mencho\/#breadcrumb","itemListElement":[{"@type":"ListItem","position":1,"name":"Portada","item":"http:\/\/cuartetoenlaweb.com.ar\/sitio\/"},{"@type":"ListItem","position":2,"name":"El Gobierno llam\u00f3 a no viajar a Jalisco por la creciente ola de violencia por la muerte de \u201cEl Mencho\u201d"}]},{"@type":"WebSite","@id":"http:\/\/cuartetoenlaweb.com.ar\/sitio\/#website","url":"http:\/\/cuartetoenlaweb.com.ar\/sitio\/","name":"Cuarteto en la Web","description":"","publisher":{"@id":"http:\/\/cuartetoenlaweb.com.ar\/sitio\/#organization"},"potentialAction":[{"@type":"SearchAction","target":{"@type":"EntryPoint","urlTemplate":"http:\/\/cuartetoenlaweb.com.ar\/sitio\/?s={search_term_string}"},"query-input":{"@type":"PropertyValueSpecification","valueRequired":true,"valueName":"search_term_string"}}],"inLanguage":"es"},{"@type":"Organization","@id":"http:\/\/cuartetoenlaweb.com.ar\/sitio\/#organization","name":"Cuarteto en la Web","url":"http:\/\/cuartetoenlaweb.com.ar\/sitio\/","logo":{"@type":"ImageObject","inLanguage":"es","@id":"http:\/\/cuartetoenlaweb.com.ar\/sitio\/#\/schema\/logo\/image\/","url":"https:\/\/cuartetoenlaweb.com.ar\/sitio\/wp-content\/uploads\/2025\/07\/cropped-cropped-logitoweb21.png","contentUrl":"https:\/\/cuartetoenlaweb.com.ar\/sitio\/wp-content\/uploads\/2025\/07\/cropped-cropped-logitoweb21.png","width":199,"height":199,"caption":"Cuarteto en la Web"},"image":{"@id":"http:\/\/cuartetoenlaweb.com.ar\/sitio\/#\/schema\/logo\/image\/"}}]}},"_links":{"self":[{"href":"https:\/\/cuartetoenlaweb.com.ar\/sitio\/wp-json\/wp\/v2\/posts\/12475","targetHints":{"allow":["GET"]}}],"collection":[{"href":"https:\/\/cuartetoenlaweb.com.ar\/sitio\/wp-json\/wp\/v2\/posts"}],"about":[{"href":"https:\/\/cuartetoenlaweb.com.ar\/sitio\/wp-json\/wp\/v2\/types\/post"}],"replies":[{"embeddable":true,"href":"https:\/\/cuartetoenlaweb.com.ar\/sitio\/wp-json\/wp\/v2\/comments?post=12475"}],"version-history":[{"count":0,"href":"https:\/\/cuartetoenlaweb.com.ar\/sitio\/wp-json\/wp\/v2\/posts\/12475\/revisions"}],"wp:attachment":[{"href":"https:\/\/cuartetoenlaweb.com.ar\/sitio\/wp-json\/wp\/v2\/media?parent=12475"}],"wp:term":[{"taxonomy":"category","embeddable":true,"href":"https:\/\/cuartetoenlaweb.com.ar\/sitio\/wp-json\/wp\/v2\/categories?post=12475"},{"taxonomy":"post_tag","embeddable":true,"href":"https:\/\/cuartetoenlaweb.com.ar\/sitio\/wp-json\/wp\/v2\/tags?post=12475"}],"curies":[{"name":"wp","href":"https:\/\/api.w.org\/{rel}","templated":true}]}}