
{"id":12474,"date":"2026-02-22T22:00:27","date_gmt":"2026-02-23T01:00:27","guid":{"rendered":"https:\/\/cuartetoenlaweb.com.ar\/sitio\/mercado-laboral-que-es-la-regla-10-5-el-numero-que-desnuda-la-destruccion-del-empleo-de-calidad\/"},"modified":"2026-02-22T22:00:27","modified_gmt":"2026-02-23T01:00:27","slug":"mercado-laboral-que-es-la-regla-10-5-el-numero-que-desnuda-la-destruccion-del-empleo-de-calidad","status":"publish","type":"post","link":"https:\/\/cuartetoenlaweb.com.ar\/sitio\/mercado-laboral-que-es-la-regla-10-5-el-numero-que-desnuda-la-destruccion-del-empleo-de-calidad\/","title":{"rendered":"Mercado laboral: qu\u00e9 es la regla \u201c10\/5\u201d, el n\u00famero que desnuda la destrucci\u00f3n del empleo de calidad"},"content":{"rendered":"<p>El mercado de trabajo se prepara para experimentar cambios significativos en los pr\u00f3ximos meses, luego de la casi segura aprobaci\u00f3n del proyecto de <a href=\"https:\/\/www.cronista.com\/economia-politica\/baja-de-cargas-menos-juicios-y-mas-empleo-formal-las-claves-de-la-nueva-reforma-laboral\/\" target=\"_blank\" rel=\"\" title=\"https:\/\/www.cronista.com\/economia-politica\/baja-de-cargas-menos-juicios-y-mas-empleo-formal-las-claves-de-la-nueva-reforma-laboral\/\"><b>Modernizaci\u00f3n Laboral<\/b><\/a><b> <\/b>en el Congreso, la iniciativa del Gobierno que busca dar <b>previsibilidad para dinamizar la contrataci\u00f3n y reducir la informalidad<\/b>.<\/p>\n<p>El debate de la norma, que se tratar\u00e1 en el Senado el viernes 27, se produce en un contexto marcado por la persistente <a href=\"https:\/\/www.cronista.com\/economia-politica\/el-empleo-privado-no-deja-de-caer-y-se-perdieron-casi-90-mil-puestos-en-los-ultimos-6-meses-los-dos-rubros-mas-golpeados\/\" target=\"_blank\" rel=\"\" title=\"https:\/\/www.cronista.com\/economia-politica\/el-empleo-privado-no-deja-de-caer-y-se-perdieron-casi-90-mil-puestos-en-los-ultimos-6-meses-los-dos-rubros-mas-golpeados\/\"><b>persistente debilidad del empleo asalariado formal<\/b><\/a> y el desplazamiento de los trabajadores hacia <b>modalidades informales<\/b>.<\/p>\n<p>Al respecto, un estudio del<i> Instituto Argentino de An\u00e1lisis Fiscal (IARAF)<\/i>, que analiz\u00f3 datos oficiales, revel\u00f3 n\u00fameros preocupantes sobre la <b>evoluci\u00f3n del <\/b><a href=\"https:\/\/www.cronista.com\/columnistas\/las-reformas-que-faltan-el-desafio-de-china-y-el-camino-que-ya-empezo-a-recorrer-brasil\/\" target=\"_blank\" rel=\"\" title=\"https:\/\/www.cronista.com\/columnistas\/las-reformas-que-faltan-el-desafio-de-china-y-el-camino-que-ya-empezo-a-recorrer-brasil\/\"><b>sector formal<\/b><\/a><b> en la era Milei<\/b>.<\/p>\n<p>Desde noviembre de 2023, mes previo a la asunci\u00f3n de la actual administraci\u00f3n, hasta el mismo mes de 2025, \u00faltimo dato disponible, <b>el mercado laboral lleva perdidos un total de 270.800 asalariados registrados<\/b>. Esta cifra se compone de una sangr\u00eda de 192.000 puestos en el sector privado y 78.800 en el sector p\u00fablico.<\/p>\n<h2>El fen\u00f3meno 10\/ 5: por cada 10 asalariados menos, se crearon 5 monotributos <\/h2>\n<p>El datos m\u00e1s revelador del informe es la relaci\u00f3n entre la p\u00e9rdida de empleos en relaci\u00f3n de dependencia y el surgimiento de <b>nuevos trabajadores independientes<\/b>. Por <b>cada 10 asalariados que salieron del sistema formal, se crearon 5 nuevos monotributos<\/b>. <\/p>\n<p>\u201cSi se hace la relaci\u00f3n entre ca\u00edda de empleos asalariados formales y <a href=\"https:\/\/www.cronista.com\/economia-politica\/adios-al-monotributo-cual-es-el-costo-de-dejar-el-regimen-para-usar-los-dolares-del-colchon\/\" target=\"_blank\" rel=\"\" title=\"https:\/\/www.cronista.com\/economia-politica\/adios-al-monotributo-cual-es-el-costo-de-dejar-el-regimen-para-usar-los-dolares-del-colchon\/\"><b>aumento de monotributistas<\/b><\/a>, se tiene que, <b>por cada empleo asalariado menos, se cre\u00f3 medio monotributo<\/b>\u201d, explic\u00f3 el <u>director del IARAF, Nadin Argara\u00f1az<\/u>. De esta forma, esta \u201ctasa de reemplazo\u201d del 50% indica que el mercado no solo est\u00e1 perdiendo calidad en el empleo, sino tambi\u00e9n cantidad neta de trabajadores con cobertura social y aportes regulares.<\/p>\n<p>Esta relaci\u00f3n alcanz\u00f3 su punto de mayor precariedad en <b>junio de 2025<\/b>, cuando la brecha lleg\u00f3 a 8: por <b>cada 10 bajas de asalariados, se dieron de alta 8 monotributistas<\/b>. Aunque el n\u00famero total de monotributos aument\u00f3 en <b>137.400 personas<\/b> en el per\u00edodo analizado, este crecimiento no compensa, ni en cantidad ni en calidad, la p\u00e9rdida de los puestos en relaci\u00f3n de dependencia.<\/p>\n<p><div class=\"flourish-embed flourish-chart\" data-src=\"visualisation\/27727089\"><img decoding=\"async\" src=\"https:\/\/public.flourish.studio\/visualisation\/27727089\/thumbnail\" width=\"100%\" alt=\"chart visualization\" \/><\/div>\n<\/p>\n<h3>Un cambio estructural en la torta del empleo<\/h3>\n<p>En noviembre de 2023, los <b>asalariados privados<\/b> representaban el <b>50,1%<\/b> del total de los trabajadores registrados. Para noviembre de 2025, esa participaci\u00f3n cay\u00f3 al <b>49,1%<\/b>. Por su parte, los independientes bajo el r\u00e9gimen de monotributo pasaron de representar el 16% al <b>17,3%<\/b>.<\/p>\n<p>Esta tendencia se repite en casi todas las categor\u00edas de empleo protegido. Los asalariados p\u00fablicos bajaron su participaci\u00f3n del 27,2% al 26,9%, y el empleo en casas particulares tambi\u00e9n retrocedi\u00f3 levemente. El \u00fanico segmento que mostr\u00f3 un crecimiento marginal, adem\u00e1s del monotributo, fue el de los <b>aut\u00f3nomos<\/b>, que subi\u00f3 del <b>3% al 3,1%<\/b>.<\/p>\n<h2>Desplome en el empleo privado: cay\u00f3 por sexto mes consecutivo<\/h2>\n<p>De manera similar, un relevamiento de la consultora <i>LCG<\/i>, que compila datos de noviembre de 2025 -los \u00faltimos disponibles-, evidenci\u00f3 una tendencia preocupante: el <a href=\"https:\/\/www.cronista.com\/economia-politica\/melconian-dio-un-lapidario-veredicto-sobre-la-reforma-laboral-esto-se-va-a-la\/\" target=\"_blank\" rel=\"\" title=\"https:\/\/www.cronista.com\/economia-politica\/melconian-dio-un-lapidario-veredicto-sobre-la-reforma-laboral-esto-se-va-a-la\/\">empleo privado<\/a> perdi\u00f3 6711 empleos formales y extendi\u00f3 a <b>seis meses consecutivos el per\u00edodo de retroceso<\/b>.<\/p>\n<p>Este resultado representa una baja del 0,1% mensual desestacionalizado y <b>eleva a 435.452 los empleos formales perdidos en el \u00faltimo a\u00f1o<\/b>, lo que equivale a una ca\u00edda interanual del 3,3%.<\/p>\n<p>La sangr\u00eda de <a href=\"https:\/\/www.cronista.com\/economia-politica\/reforma-laboral-los-9-puntos-centrales-del-proyecto-que-aprobo-el-senado-y-ahora-pasa-a-diputados\/\" target=\"_blank\" rel=\"\" title=\"https:\/\/www.cronista.com\/economia-politica\/reforma-laboral-los-9-puntos-centrales-del-proyecto-que-aprobo-el-senado-y-ahora-pasa-a-diputados\/\">puestos de trabajo<\/a> sigue concentr\u00e1ndose principalmente entre los asalariados privados. Este segmento, que constituye el n\u00facleo del mercado laboral formal, <b>sufri\u00f3 la baja de 13.114 plazas en noviembre<\/b>.<\/p>\n<p><div class=\"flourish-embed flourish-chart\" data-src=\"visualisation\/27622987\"><img decoding=\"async\" src=\"https:\/\/public.flourish.studio\/visualisation\/27622987\/thumbnail\" width=\"100%\" alt=\"chart visualization\" \/><\/div>\n<\/p>\n<p>La cifra cobra mayor importancia cuando se observa el acumulado: <b>en los \u00faltimos seis meses, el sector privado perdi\u00f3 81.000 puestos <\/b>de trabajo, lo que evidencia una <b>din\u00e1mica negativa que se arrastra desde mediados de 2023<\/b> y que ha llevado al empleo a estancarse en niveles similares a los de 2012.<\/p>\n<p>Si bien la ca\u00edda alcanza a todos los sectores de la econom\u00eda, fue motorizada por dos rubros: <b>el comercio y <\/b><a href=\"https:\/\/www.cronista.com\/economia-politica\/la-industria-se-hunde-el-uso-de-la-capacidad-instalada-en-diciembre-registro-el-nivel-mas-bajo-en-casi-dos-anos\/\" target=\"_blank\" rel=\"\" title=\"https:\/\/www.cronista.com\/economia-politica\/la-industria-se-hunde-el-uso-de-la-capacidad-instalada-en-diciembre-registro-el-nivel-mas-bajo-en-casi-dos-anos\/\"><b>la industria<\/b><\/a>. Entre ambos sectores explicaron dos tercios del retroceso de los asalariados, con bajas de <b>4928 y 4850 puestos respectivamente<\/b>.<\/p>\n","protected":false},"excerpt":{"rendered":"<p>El mercado de trabajo se prepara para experimentar cambios significativos<\/p>\n","protected":false},"author":0,"featured_media":0,"comment_status":"","ping_status":"","sticky":false,"template":"","format":"standard","meta":{"footnotes":""},"categories":[65],"tags":[],"class_list":["post-12474","post","type-post","status-publish","format-standard","hentry","category-pais"],"yoast_head":"<!-- This site is optimized with the Yoast SEO plugin v27.5 - https:\/\/yoast.com\/product\/yoast-seo-wordpress\/ -->\n<title>Mercado laboral: qu\u00e9 es la regla \u201c10\/5\u201d, el n\u00famero que desnuda la destrucci\u00f3n del empleo de calidad - Cuarteto en la Web<\/title>\n<meta name=\"robots\" content=\"index, follow, max-snippet:-1, max-image-preview:large, max-video-preview:-1\" \/>\n<link rel=\"canonical\" href=\"https:\/\/cuartetoenlaweb.com.ar\/sitio\/mercado-laboral-que-es-la-regla-10-5-el-numero-que-desnuda-la-destruccion-del-empleo-de-calidad\/\" \/>\n<meta property=\"og:locale\" content=\"es_ES\" \/>\n<meta property=\"og:type\" content=\"article\" \/>\n<meta property=\"og:title\" content=\"Mercado laboral: qu\u00e9 es la regla \u201c10\/5\u201d, el n\u00famero que desnuda la destrucci\u00f3n del empleo de calidad - Cuarteto en la Web\" \/>\n<meta property=\"og:description\" content=\"El mercado de trabajo se prepara para experimentar cambios significativos\" \/>\n<meta property=\"og:url\" content=\"https:\/\/cuartetoenlaweb.com.ar\/sitio\/mercado-laboral-que-es-la-regla-10-5-el-numero-que-desnuda-la-destruccion-del-empleo-de-calidad\/\" \/>\n<meta property=\"og:site_name\" content=\"Cuarteto en la Web\" \/>\n<meta property=\"article:published_time\" content=\"2026-02-23T01:00:27+00:00\" \/>\n<meta property=\"og:image\" content=\"https:\/\/public.flourish.studio\/visualisation\/27727089\/thumbnail\" \/>\n<meta name=\"twitter:card\" content=\"summary_large_image\" \/>\n<meta name=\"twitter:label1\" content=\"Tiempo de lectura\" \/>\n\t<meta name=\"twitter:data1\" content=\"3 minutos\" \/>\n<script type=\"application\/ld+json\" class=\"yoast-schema-graph\">{\"@context\":\"https:\\\/\\\/schema.org\",\"@graph\":[{\"@type\":\"Article\",\"@id\":\"https:\\\/\\\/cuartetoenlaweb.com.ar\\\/sitio\\\/mercado-laboral-que-es-la-regla-10-5-el-numero-que-desnuda-la-destruccion-del-empleo-de-calidad\\\/#article\",\"isPartOf\":{\"@id\":\"https:\\\/\\\/cuartetoenlaweb.com.ar\\\/sitio\\\/mercado-laboral-que-es-la-regla-10-5-el-numero-que-desnuda-la-destruccion-del-empleo-de-calidad\\\/\"},\"author\":{\"name\":\"\",\"@id\":\"\"},\"headline\":\"Mercado laboral: qu\u00e9 es la regla \u201c10\\\/5\u201d, el n\u00famero que desnuda la destrucci\u00f3n del empleo de calidad\",\"datePublished\":\"2026-02-23T01:00:27+00:00\",\"mainEntityOfPage\":{\"@id\":\"https:\\\/\\\/cuartetoenlaweb.com.ar\\\/sitio\\\/mercado-laboral-que-es-la-regla-10-5-el-numero-que-desnuda-la-destruccion-del-empleo-de-calidad\\\/\"},\"wordCount\":672,\"publisher\":{\"@id\":\"http:\\\/\\\/cuartetoenlaweb.com.ar\\\/sitio\\\/#organization\"},\"image\":{\"@id\":\"https:\\\/\\\/cuartetoenlaweb.com.ar\\\/sitio\\\/mercado-laboral-que-es-la-regla-10-5-el-numero-que-desnuda-la-destruccion-del-empleo-de-calidad\\\/#primaryimage\"},\"thumbnailUrl\":\"https:\\\/\\\/public.flourish.studio\\\/visualisation\\\/27727089\\\/thumbnail\",\"articleSection\":[\"PAIS\"],\"inLanguage\":\"es\"},{\"@type\":\"WebPage\",\"@id\":\"https:\\\/\\\/cuartetoenlaweb.com.ar\\\/sitio\\\/mercado-laboral-que-es-la-regla-10-5-el-numero-que-desnuda-la-destruccion-del-empleo-de-calidad\\\/\",\"url\":\"https:\\\/\\\/cuartetoenlaweb.com.ar\\\/sitio\\\/mercado-laboral-que-es-la-regla-10-5-el-numero-que-desnuda-la-destruccion-del-empleo-de-calidad\\\/\",\"name\":\"Mercado laboral: qu\u00e9 es la regla \u201c10\\\/5\u201d, el n\u00famero que desnuda la destrucci\u00f3n del empleo de calidad - Cuarteto en la Web\",\"isPartOf\":{\"@id\":\"http:\\\/\\\/cuartetoenlaweb.com.ar\\\/sitio\\\/#website\"},\"primaryImageOfPage\":{\"@id\":\"https:\\\/\\\/cuartetoenlaweb.com.ar\\\/sitio\\\/mercado-laboral-que-es-la-regla-10-5-el-numero-que-desnuda-la-destruccion-del-empleo-de-calidad\\\/#primaryimage\"},\"image\":{\"@id\":\"https:\\\/\\\/cuartetoenlaweb.com.ar\\\/sitio\\\/mercado-laboral-que-es-la-regla-10-5-el-numero-que-desnuda-la-destruccion-del-empleo-de-calidad\\\/#primaryimage\"},\"thumbnailUrl\":\"https:\\\/\\\/public.flourish.studio\\\/visualisation\\\/27727089\\\/thumbnail\",\"datePublished\":\"2026-02-23T01:00:27+00:00\",\"breadcrumb\":{\"@id\":\"https:\\\/\\\/cuartetoenlaweb.com.ar\\\/sitio\\\/mercado-laboral-que-es-la-regla-10-5-el-numero-que-desnuda-la-destruccion-del-empleo-de-calidad\\\/#breadcrumb\"},\"inLanguage\":\"es\",\"potentialAction\":[{\"@type\":\"ReadAction\",\"target\":[\"https:\\\/\\\/cuartetoenlaweb.com.ar\\\/sitio\\\/mercado-laboral-que-es-la-regla-10-5-el-numero-que-desnuda-la-destruccion-del-empleo-de-calidad\\\/\"]}]},{\"@type\":\"ImageObject\",\"inLanguage\":\"es\",\"@id\":\"https:\\\/\\\/cuartetoenlaweb.com.ar\\\/sitio\\\/mercado-laboral-que-es-la-regla-10-5-el-numero-que-desnuda-la-destruccion-del-empleo-de-calidad\\\/#primaryimage\",\"url\":\"https:\\\/\\\/public.flourish.studio\\\/visualisation\\\/27727089\\\/thumbnail\",\"contentUrl\":\"https:\\\/\\\/public.flourish.studio\\\/visualisation\\\/27727089\\\/thumbnail\"},{\"@type\":\"BreadcrumbList\",\"@id\":\"https:\\\/\\\/cuartetoenlaweb.com.ar\\\/sitio\\\/mercado-laboral-que-es-la-regla-10-5-el-numero-que-desnuda-la-destruccion-del-empleo-de-calidad\\\/#breadcrumb\",\"itemListElement\":[{\"@type\":\"ListItem\",\"position\":1,\"name\":\"Portada\",\"item\":\"http:\\\/\\\/cuartetoenlaweb.com.ar\\\/sitio\\\/\"},{\"@type\":\"ListItem\",\"position\":2,\"name\":\"Mercado laboral: qu\u00e9 es la regla \u201c10\\\/5\u201d, el n\u00famero que desnuda la destrucci\u00f3n del empleo de calidad\"}]},{\"@type\":\"WebSite\",\"@id\":\"http:\\\/\\\/cuartetoenlaweb.com.ar\\\/sitio\\\/#website\",\"url\":\"http:\\\/\\\/cuartetoenlaweb.com.ar\\\/sitio\\\/\",\"name\":\"Cuarteto en la Web\",\"description\":\"\",\"publisher\":{\"@id\":\"http:\\\/\\\/cuartetoenlaweb.com.ar\\\/sitio\\\/#organization\"},\"potentialAction\":[{\"@type\":\"SearchAction\",\"target\":{\"@type\":\"EntryPoint\",\"urlTemplate\":\"http:\\\/\\\/cuartetoenlaweb.com.ar\\\/sitio\\\/?s={search_term_string}\"},\"query-input\":{\"@type\":\"PropertyValueSpecification\",\"valueRequired\":true,\"valueName\":\"search_term_string\"}}],\"inLanguage\":\"es\"},{\"@type\":\"Organization\",\"@id\":\"http:\\\/\\\/cuartetoenlaweb.com.ar\\\/sitio\\\/#organization\",\"name\":\"Cuarteto en la Web\",\"url\":\"http:\\\/\\\/cuartetoenlaweb.com.ar\\\/sitio\\\/\",\"logo\":{\"@type\":\"ImageObject\",\"inLanguage\":\"es\",\"@id\":\"http:\\\/\\\/cuartetoenlaweb.com.ar\\\/sitio\\\/#\\\/schema\\\/logo\\\/image\\\/\",\"url\":\"https:\\\/\\\/cuartetoenlaweb.com.ar\\\/sitio\\\/wp-content\\\/uploads\\\/2025\\\/07\\\/cropped-cropped-logitoweb21.png\",\"contentUrl\":\"https:\\\/\\\/cuartetoenlaweb.com.ar\\\/sitio\\\/wp-content\\\/uploads\\\/2025\\\/07\\\/cropped-cropped-logitoweb21.png\",\"width\":199,\"height\":199,\"caption\":\"Cuarteto en la Web\"},\"image\":{\"@id\":\"http:\\\/\\\/cuartetoenlaweb.com.ar\\\/sitio\\\/#\\\/schema\\\/logo\\\/image\\\/\"}}]}<\/script>\n<!-- \/ Yoast SEO plugin. -->","yoast_head_json":{"title":"Mercado laboral: qu\u00e9 es la regla \u201c10\/5\u201d, el n\u00famero que desnuda la destrucci\u00f3n del empleo de calidad - Cuarteto en la Web","robots":{"index":"index","follow":"follow","max-snippet":"max-snippet:-1","max-image-preview":"max-image-preview:large","max-video-preview":"max-video-preview:-1"},"canonical":"https:\/\/cuartetoenlaweb.com.ar\/sitio\/mercado-laboral-que-es-la-regla-10-5-el-numero-que-desnuda-la-destruccion-del-empleo-de-calidad\/","og_locale":"es_ES","og_type":"article","og_title":"Mercado laboral: qu\u00e9 es la regla \u201c10\/5\u201d, el n\u00famero que desnuda la destrucci\u00f3n del empleo de calidad - Cuarteto en la Web","og_description":"El mercado de trabajo se prepara para experimentar cambios significativos","og_url":"https:\/\/cuartetoenlaweb.com.ar\/sitio\/mercado-laboral-que-es-la-regla-10-5-el-numero-que-desnuda-la-destruccion-del-empleo-de-calidad\/","og_site_name":"Cuarteto en la Web","article_published_time":"2026-02-23T01:00:27+00:00","og_image":[{"url":"https:\/\/public.flourish.studio\/visualisation\/27727089\/thumbnail","type":"","width":"","height":""}],"twitter_card":"summary_large_image","twitter_misc":{"Tiempo de lectura":"3 minutos"},"schema":{"@context":"https:\/\/schema.org","@graph":[{"@type":"Article","@id":"https:\/\/cuartetoenlaweb.com.ar\/sitio\/mercado-laboral-que-es-la-regla-10-5-el-numero-que-desnuda-la-destruccion-del-empleo-de-calidad\/#article","isPartOf":{"@id":"https:\/\/cuartetoenlaweb.com.ar\/sitio\/mercado-laboral-que-es-la-regla-10-5-el-numero-que-desnuda-la-destruccion-del-empleo-de-calidad\/"},"author":{"name":"","@id":""},"headline":"Mercado laboral: qu\u00e9 es la regla \u201c10\/5\u201d, el n\u00famero que desnuda la destrucci\u00f3n del empleo de calidad","datePublished":"2026-02-23T01:00:27+00:00","mainEntityOfPage":{"@id":"https:\/\/cuartetoenlaweb.com.ar\/sitio\/mercado-laboral-que-es-la-regla-10-5-el-numero-que-desnuda-la-destruccion-del-empleo-de-calidad\/"},"wordCount":672,"publisher":{"@id":"http:\/\/cuartetoenlaweb.com.ar\/sitio\/#organization"},"image":{"@id":"https:\/\/cuartetoenlaweb.com.ar\/sitio\/mercado-laboral-que-es-la-regla-10-5-el-numero-que-desnuda-la-destruccion-del-empleo-de-calidad\/#primaryimage"},"thumbnailUrl":"https:\/\/public.flourish.studio\/visualisation\/27727089\/thumbnail","articleSection":["PAIS"],"inLanguage":"es"},{"@type":"WebPage","@id":"https:\/\/cuartetoenlaweb.com.ar\/sitio\/mercado-laboral-que-es-la-regla-10-5-el-numero-que-desnuda-la-destruccion-del-empleo-de-calidad\/","url":"https:\/\/cuartetoenlaweb.com.ar\/sitio\/mercado-laboral-que-es-la-regla-10-5-el-numero-que-desnuda-la-destruccion-del-empleo-de-calidad\/","name":"Mercado laboral: qu\u00e9 es la regla \u201c10\/5\u201d, el n\u00famero que desnuda la destrucci\u00f3n del empleo de calidad - Cuarteto en la Web","isPartOf":{"@id":"http:\/\/cuartetoenlaweb.com.ar\/sitio\/#website"},"primaryImageOfPage":{"@id":"https:\/\/cuartetoenlaweb.com.ar\/sitio\/mercado-laboral-que-es-la-regla-10-5-el-numero-que-desnuda-la-destruccion-del-empleo-de-calidad\/#primaryimage"},"image":{"@id":"https:\/\/cuartetoenlaweb.com.ar\/sitio\/mercado-laboral-que-es-la-regla-10-5-el-numero-que-desnuda-la-destruccion-del-empleo-de-calidad\/#primaryimage"},"thumbnailUrl":"https:\/\/public.flourish.studio\/visualisation\/27727089\/thumbnail","datePublished":"2026-02-23T01:00:27+00:00","breadcrumb":{"@id":"https:\/\/cuartetoenlaweb.com.ar\/sitio\/mercado-laboral-que-es-la-regla-10-5-el-numero-que-desnuda-la-destruccion-del-empleo-de-calidad\/#breadcrumb"},"inLanguage":"es","potentialAction":[{"@type":"ReadAction","target":["https:\/\/cuartetoenlaweb.com.ar\/sitio\/mercado-laboral-que-es-la-regla-10-5-el-numero-que-desnuda-la-destruccion-del-empleo-de-calidad\/"]}]},{"@type":"ImageObject","inLanguage":"es","@id":"https:\/\/cuartetoenlaweb.com.ar\/sitio\/mercado-laboral-que-es-la-regla-10-5-el-numero-que-desnuda-la-destruccion-del-empleo-de-calidad\/#primaryimage","url":"https:\/\/public.flourish.studio\/visualisation\/27727089\/thumbnail","contentUrl":"https:\/\/public.flourish.studio\/visualisation\/27727089\/thumbnail"},{"@type":"BreadcrumbList","@id":"https:\/\/cuartetoenlaweb.com.ar\/sitio\/mercado-laboral-que-es-la-regla-10-5-el-numero-que-desnuda-la-destruccion-del-empleo-de-calidad\/#breadcrumb","itemListElement":[{"@type":"ListItem","position":1,"name":"Portada","item":"http:\/\/cuartetoenlaweb.com.ar\/sitio\/"},{"@type":"ListItem","position":2,"name":"Mercado laboral: qu\u00e9 es la regla \u201c10\/5\u201d, el n\u00famero que desnuda la destrucci\u00f3n del empleo de calidad"}]},{"@type":"WebSite","@id":"http:\/\/cuartetoenlaweb.com.ar\/sitio\/#website","url":"http:\/\/cuartetoenlaweb.com.ar\/sitio\/","name":"Cuarteto en la Web","description":"","publisher":{"@id":"http:\/\/cuartetoenlaweb.com.ar\/sitio\/#organization"},"potentialAction":[{"@type":"SearchAction","target":{"@type":"EntryPoint","urlTemplate":"http:\/\/cuartetoenlaweb.com.ar\/sitio\/?s={search_term_string}"},"query-input":{"@type":"PropertyValueSpecification","valueRequired":true,"valueName":"search_term_string"}}],"inLanguage":"es"},{"@type":"Organization","@id":"http:\/\/cuartetoenlaweb.com.ar\/sitio\/#organization","name":"Cuarteto en la Web","url":"http:\/\/cuartetoenlaweb.com.ar\/sitio\/","logo":{"@type":"ImageObject","inLanguage":"es","@id":"http:\/\/cuartetoenlaweb.com.ar\/sitio\/#\/schema\/logo\/image\/","url":"https:\/\/cuartetoenlaweb.com.ar\/sitio\/wp-content\/uploads\/2025\/07\/cropped-cropped-logitoweb21.png","contentUrl":"https:\/\/cuartetoenlaweb.com.ar\/sitio\/wp-content\/uploads\/2025\/07\/cropped-cropped-logitoweb21.png","width":199,"height":199,"caption":"Cuarteto en la Web"},"image":{"@id":"http:\/\/cuartetoenlaweb.com.ar\/sitio\/#\/schema\/logo\/image\/"}}]}},"_links":{"self":[{"href":"https:\/\/cuartetoenlaweb.com.ar\/sitio\/wp-json\/wp\/v2\/posts\/12474","targetHints":{"allow":["GET"]}}],"collection":[{"href":"https:\/\/cuartetoenlaweb.com.ar\/sitio\/wp-json\/wp\/v2\/posts"}],"about":[{"href":"https:\/\/cuartetoenlaweb.com.ar\/sitio\/wp-json\/wp\/v2\/types\/post"}],"replies":[{"embeddable":true,"href":"https:\/\/cuartetoenlaweb.com.ar\/sitio\/wp-json\/wp\/v2\/comments?post=12474"}],"version-history":[{"count":0,"href":"https:\/\/cuartetoenlaweb.com.ar\/sitio\/wp-json\/wp\/v2\/posts\/12474\/revisions"}],"wp:attachment":[{"href":"https:\/\/cuartetoenlaweb.com.ar\/sitio\/wp-json\/wp\/v2\/media?parent=12474"}],"wp:term":[{"taxonomy":"category","embeddable":true,"href":"https:\/\/cuartetoenlaweb.com.ar\/sitio\/wp-json\/wp\/v2\/categories?post=12474"},{"taxonomy":"post_tag","embeddable":true,"href":"https:\/\/cuartetoenlaweb.com.ar\/sitio\/wp-json\/wp\/v2\/tags?post=12474"}],"curies":[{"name":"wp","href":"https:\/\/api.w.org\/{rel}","templated":true}]}}