
{"id":12473,"date":"2026-02-22T22:00:26","date_gmt":"2026-02-23T01:00:26","guid":{"rendered":"https:\/\/cuartetoenlaweb.com.ar\/sitio\/la-paradoja-de-milei-el-pesimismo-economico-se-profundiza-pero-retiene-el-liderazgo-en-las-encuestas\/"},"modified":"2026-02-22T22:00:26","modified_gmt":"2026-02-23T01:00:26","slug":"la-paradoja-de-milei-el-pesimismo-economico-se-profundiza-pero-retiene-el-liderazgo-en-las-encuestas","status":"publish","type":"post","link":"https:\/\/cuartetoenlaweb.com.ar\/sitio\/la-paradoja-de-milei-el-pesimismo-economico-se-profundiza-pero-retiene-el-liderazgo-en-las-encuestas\/","title":{"rendered":"La paradoja de Milei: el pesimismo econ\u00f3mico se profundiza, pero retiene el liderazgo en las encuestas"},"content":{"rendered":"<p><b>\u00bfPuede un Gobierno sostenerse en la cima de las encuestas cuando el 60% de la poblaci\u00f3n teme por su futuro econ\u00f3mico?<\/b> La \u00faltima encuesta de la consultora <i>Proyecci\u00f3n<\/i>, correspondiente a febrero de 2026, revela que para la gesti\u00f3n de Javier Milei la respuesta es afirmativa.<\/p>\n<p>El estudio, que relev\u00f3 1464 casos efectivos entre el 1 y el 7 de febrero de 2026, y al que tuvo acceso <i>El Cronista<\/i>, expuso una<b> fractura evidente entre la realidad del bolsillo y la expectativa electoral<\/b>: mientras que el pesimismo sobre la econom\u00eda dom\u00e9stica se profundiza cada vez m\u00e1s, el oficialismo logra mantener intacto su n\u00facleo duro de votantes, <b>liderando c\u00f3modamente los sondeos de intenci\u00f3n de voto.<\/b><\/p>\n<p>El dato m\u00e1s inquietante para la Casa Rosada surge al indagar sobre las expectativas a corto plazo. Ante la pregunta de c\u00f3mo estar\u00e1 su econom\u00eda familiar dentro de seis meses, el <b>59,7% de los consultados ofreci\u00f3 una respuesta negativa<\/b>. <\/p>\n<p><div class=\"flourish-embed flourish-chart\" data-src=\"visualisation\/27730327?2933176\"><img decoding=\"async\" src=\"https:\/\/public.flourish.studio\/visualisation\/27730327\/thumbnail\" width=\"100%\" alt=\"chart visualization\" \/><\/div>\n<\/p>\n<p>Al desagregar esta cifra, se observa un fen\u00f3meno de desesperanza estructural: un 35,7% cree que estar\u00e1 \u201cigual de mal\u201d que ahora, mientras que un 24% anticipa que estar\u00e1 incluso \u201cpeor\u201d. <\/p>\n<p>En la vereda opuesta,<b> el optimismo parece haber tocado un techo<\/b>, con apenas un 40,3% que vislumbra una mejora o una estabilidad positiva.<\/p>\n<p>Esta visi\u00f3n sombr\u00eda del futuro inmediato no es un hecho aislado, sino la consecuencia de un deterioro percibido en el \u201cespejo retrovisor\u201d. <\/p>\n<p>El informe es contundente al se\u00f1alar que el <b>70,7% de los encuestados afirma que su situaci\u00f3n econ\u00f3mica empeor\u00f3<\/b> en los \u00faltimos meses. Solo un escaso 10,1% siente una mejor\u00eda real en sus finanzas, lo que explica por qu\u00e9 la preocupaci\u00f3n por los \u201cbajos ingresos\u201d (43,9%) ha escalado posiciones hasta ubicarse casi a la par de la inseguridad (46,5%) en el ranking de las principales inquietudes ciudadanas, desplazando a la inflaci\u00f3n al tercer lugar.<\/p>\n<p><div class=\"flourish-embed flourish-chart\" data-src=\"visualisation\/27730343?2933176\"><img decoding=\"async\" src=\"https:\/\/public.flourish.studio\/visualisation\/27730343\/thumbnail\" width=\"100%\" alt=\"chart visualization\" \/><\/div>\n<\/p>\n<p>La asfixia financiera de los hogares tambi\u00e9n queda plasmada en las <b>estrategias de supervivencia<\/b> de la clase media. Seg\u00fan el relevamiento, m\u00e1s de la mitad de los argentinos tuvo que recurrir a financiamiento para cubrir gastos corrientes en el \u00faltimo mes. Un 16,1% pidi\u00f3 dinero a familiares o amigos, un 12,8% se financi\u00f3 pagando el m\u00ednimo de la tarjeta o cuotificando consumos, y un 10,4% recurri\u00f3 a pr\u00e9stamos en billeteras virtuales.<\/p>\n<h2>La Libertad Avanza, adelante en todas las encuestas<\/h2>\n<p>Sin embargo, y aqu\u00ed radica la \u201cdoble lectura\u201d que destacan los analistas, este clima de recesi\u00f3n en la econom\u00eda real <b>no se ha traducido linealmente en un castigo en las urnas. <\/b><\/p>\n<p>El informe de Proyecci\u00f3n refleja que si hoy se celebraran elecciones nacionales, <b>La Libertad Avanza (LLA) se impondr\u00eda con el 43,6% de los votos<\/b>, consolid\u00e1ndose como la primera minor\u00eda y rozando los n\u00fameros necesarios para una victoria en primera vuelta. <\/p>\n<p>Este sondeo, como la gran mayor\u00eda de los que salieron en los \u00faltimos dos a\u00f1os, muestra que <b>la resiliencia de la marca libertaria desaf\u00eda los manuales tradicionales de la pol\u00edtica<\/b>,<u> donde el \u201cvoto bolsillo\u201d suele ser determinante.<\/u><\/p>\n<p><div class=\"flourish-embed flourish-chart\" data-src=\"visualisation\/27719050\"><img decoding=\"async\" src=\"https:\/\/public.flourish.studio\/visualisation\/27719050\/thumbnail\" width=\"100%\" alt=\"chart visualization\" \/><\/div>\n<\/p>\n<p>El escenario electoral muestra una <b>polarizaci\u00f3n consolidada<\/b>, con la coalici\u00f3n opositora <b>Fuerza Patria<\/b> (identificada con el peronismo\/kirchnerismo) reteniendo un 35,9% de las adhesiones. <\/p>\n<p>Lo llamativo del estudio es la pr\u00e1ctica desaparici\u00f3n del centro pol\u00edtico y de los aliados tradicionales: el PRO aparece desdibujado con un magro 3,8%, lo que sugiere que <b>su electorado ha sido absorbido casi en su totalidad por el oficialismo<\/b>, mientras que las fuerzas provinciales y la izquierda se mantienen en m\u00e1rgenes testimoniales.<\/p>\n<p><u>Esta contradicci\u00f3n entre el malestar econ\u00f3mico y el apoyo pol\u00edtico se explica, en parte, por la segmentaci\u00f3n de las expectativas. <\/u>El \u00cdndice de Perspectiva Econ\u00f3mica (IPE) elaborado por la consultora muestra que <b>el optimismo es significativamente m\u00e1s alto entre los votantes de LLA, los hombres y el segmento joven<\/b> (16 a 34 a\u00f1os), quienes parecen sostener un \u201cvoto de confianza\u201d ideol\u00f3gico m\u00e1s all\u00e1 de la coyuntura. <\/p>\n<p><u>Por el contrario, el pesimismo se agudiza en las mujeres, los mayores de 35 a\u00f1os y los residentes del Gran Buenos Aires.<\/u><\/p>\n<p><img loading=\"lazy\" decoding=\"async\" src=\"https:\/\/www.cronista.com\/resizer\/v2\/KRFMY3WKARH6HA34YKMLY6BN3Q.jpg?auth=07b64470f160845fd9664844ccbca7c9c99afef267bbc89111b2068ef6ed8692&amp;smart=true&amp;width=3000&amp;height=1995\" alt=\"\" height=\"1995\" width=\"3000\" \/><\/p>\n<h3>Luces amarillas por el presente de la gesti\u00f3n <\/h3>\n<p>El estudio tambi\u00e9n arroja luces amarillas sobre la evaluaci\u00f3n general de la gesti\u00f3n. Por primera vez en meses, la imagen del Gobierno <b>presenta un empate t\u00e9cnico con tendencia negativa<\/b>: un 47,6% eval\u00faa el trabajo del Ejecutivo como \u201cmalo\u201d o \u201cmuy malo\u201d, frente a un 44,9% que lo considera positivo. <\/p>\n<p>Asimismo, cuando se consulta sobre el rumbo del pa\u00eds, <b>el 48,8% opina que es entre \u201cequivocado\u201d y \u201cmuy equivocado\u201d<\/b>, superando al 41,9% que valida la direcci\u00f3n actual. <\/p>\n<p><div class=\"flourish-embed flourish-chart\" data-src=\"visualisation\/27718810\"><img decoding=\"async\" src=\"https:\/\/public.flourish.studio\/visualisation\/27718810\/thumbnail\" width=\"100%\" alt=\"chart visualization\" \/><\/div>\n<\/p>\n<p><u>Un p\u00e1rrafo aparte merece la percepci\u00f3n sobre la capacidad de gesti\u00f3n<\/u>. A pesar de las cr\u00edticas, un 44,9% de los encuestados todav\u00eda le asigna al Gobierno \u201cmucha\u201d o \u201calgo\u201d de<b> capacidad para resolver los problemas del pa\u00eds<\/b>, una cifra que coincide casi matem\u00e1ticamente con su intenci\u00f3n de voto. <\/p>\n<p>El desaf\u00edo para el oficialismo de cara a 2027 ser\u00e1 transformar esas expectativas electorales favorables en una realidad econ\u00f3mica palpable <b>antes de que el pesimismo del 60% que ve un futuro negro termine por erosionar su base<\/b> de sustentaci\u00f3n pol\u00edtica. Por ahora, la \u201cluna de miel\u201d electoral resiste, <u>pero el bolsillo empieza a emitir se\u00f1ales de agotamiento que no pueden ser ignoradas.<\/u><\/p>\n","protected":false},"excerpt":{"rendered":"<p>\u00bfPuede un Gobierno sostenerse en la cima de las encuestas<\/p>\n","protected":false},"author":0,"featured_media":0,"comment_status":"","ping_status":"","sticky":false,"template":"","format":"standard","meta":{"footnotes":""},"categories":[65],"tags":[],"class_list":["post-12473","post","type-post","status-publish","format-standard","hentry","category-pais"],"yoast_head":"<!-- This site is optimized with the Yoast SEO plugin v27.5 - https:\/\/yoast.com\/product\/yoast-seo-wordpress\/ -->\n<title>La paradoja de Milei: el pesimismo econ\u00f3mico se profundiza, pero retiene el liderazgo en las encuestas - Cuarteto en la Web<\/title>\n<meta name=\"robots\" content=\"index, follow, max-snippet:-1, max-image-preview:large, max-video-preview:-1\" \/>\n<link rel=\"canonical\" href=\"https:\/\/cuartetoenlaweb.com.ar\/sitio\/la-paradoja-de-milei-el-pesimismo-economico-se-profundiza-pero-retiene-el-liderazgo-en-las-encuestas\/\" \/>\n<meta property=\"og:locale\" content=\"es_ES\" \/>\n<meta property=\"og:type\" content=\"article\" \/>\n<meta property=\"og:title\" content=\"La paradoja de Milei: el pesimismo econ\u00f3mico se profundiza, pero retiene el liderazgo en las encuestas - Cuarteto en la Web\" \/>\n<meta property=\"og:description\" content=\"\u00bfPuede un Gobierno sostenerse en la cima de las encuestas\" \/>\n<meta property=\"og:url\" content=\"https:\/\/cuartetoenlaweb.com.ar\/sitio\/la-paradoja-de-milei-el-pesimismo-economico-se-profundiza-pero-retiene-el-liderazgo-en-las-encuestas\/\" \/>\n<meta property=\"og:site_name\" content=\"Cuarteto en la Web\" \/>\n<meta property=\"article:published_time\" content=\"2026-02-23T01:00:26+00:00\" \/>\n<meta property=\"og:image\" content=\"https:\/\/public.flourish.studio\/visualisation\/27730327\/thumbnail\" \/>\n<meta name=\"twitter:card\" content=\"summary_large_image\" \/>\n<meta name=\"twitter:label1\" content=\"Tiempo de lectura\" \/>\n\t<meta name=\"twitter:data1\" content=\"4 minutos\" \/>\n<script type=\"application\/ld+json\" class=\"yoast-schema-graph\">{\"@context\":\"https:\\\/\\\/schema.org\",\"@graph\":[{\"@type\":\"Article\",\"@id\":\"https:\\\/\\\/cuartetoenlaweb.com.ar\\\/sitio\\\/la-paradoja-de-milei-el-pesimismo-economico-se-profundiza-pero-retiene-el-liderazgo-en-las-encuestas\\\/#article\",\"isPartOf\":{\"@id\":\"https:\\\/\\\/cuartetoenlaweb.com.ar\\\/sitio\\\/la-paradoja-de-milei-el-pesimismo-economico-se-profundiza-pero-retiene-el-liderazgo-en-las-encuestas\\\/\"},\"author\":{\"name\":\"\",\"@id\":\"\"},\"headline\":\"La paradoja de Milei: el pesimismo econ\u00f3mico se profundiza, pero retiene el liderazgo en las encuestas\",\"datePublished\":\"2026-02-23T01:00:26+00:00\",\"mainEntityOfPage\":{\"@id\":\"https:\\\/\\\/cuartetoenlaweb.com.ar\\\/sitio\\\/la-paradoja-de-milei-el-pesimismo-economico-se-profundiza-pero-retiene-el-liderazgo-en-las-encuestas\\\/\"},\"wordCount\":908,\"publisher\":{\"@id\":\"http:\\\/\\\/cuartetoenlaweb.com.ar\\\/sitio\\\/#organization\"},\"image\":{\"@id\":\"https:\\\/\\\/cuartetoenlaweb.com.ar\\\/sitio\\\/la-paradoja-de-milei-el-pesimismo-economico-se-profundiza-pero-retiene-el-liderazgo-en-las-encuestas\\\/#primaryimage\"},\"thumbnailUrl\":\"https:\\\/\\\/public.flourish.studio\\\/visualisation\\\/27730327\\\/thumbnail\",\"articleSection\":[\"PAIS\"],\"inLanguage\":\"es\"},{\"@type\":\"WebPage\",\"@id\":\"https:\\\/\\\/cuartetoenlaweb.com.ar\\\/sitio\\\/la-paradoja-de-milei-el-pesimismo-economico-se-profundiza-pero-retiene-el-liderazgo-en-las-encuestas\\\/\",\"url\":\"https:\\\/\\\/cuartetoenlaweb.com.ar\\\/sitio\\\/la-paradoja-de-milei-el-pesimismo-economico-se-profundiza-pero-retiene-el-liderazgo-en-las-encuestas\\\/\",\"name\":\"La paradoja de Milei: el pesimismo econ\u00f3mico se profundiza, pero retiene el liderazgo en las encuestas - Cuarteto en la Web\",\"isPartOf\":{\"@id\":\"http:\\\/\\\/cuartetoenlaweb.com.ar\\\/sitio\\\/#website\"},\"primaryImageOfPage\":{\"@id\":\"https:\\\/\\\/cuartetoenlaweb.com.ar\\\/sitio\\\/la-paradoja-de-milei-el-pesimismo-economico-se-profundiza-pero-retiene-el-liderazgo-en-las-encuestas\\\/#primaryimage\"},\"image\":{\"@id\":\"https:\\\/\\\/cuartetoenlaweb.com.ar\\\/sitio\\\/la-paradoja-de-milei-el-pesimismo-economico-se-profundiza-pero-retiene-el-liderazgo-en-las-encuestas\\\/#primaryimage\"},\"thumbnailUrl\":\"https:\\\/\\\/public.flourish.studio\\\/visualisation\\\/27730327\\\/thumbnail\",\"datePublished\":\"2026-02-23T01:00:26+00:00\",\"breadcrumb\":{\"@id\":\"https:\\\/\\\/cuartetoenlaweb.com.ar\\\/sitio\\\/la-paradoja-de-milei-el-pesimismo-economico-se-profundiza-pero-retiene-el-liderazgo-en-las-encuestas\\\/#breadcrumb\"},\"inLanguage\":\"es\",\"potentialAction\":[{\"@type\":\"ReadAction\",\"target\":[\"https:\\\/\\\/cuartetoenlaweb.com.ar\\\/sitio\\\/la-paradoja-de-milei-el-pesimismo-economico-se-profundiza-pero-retiene-el-liderazgo-en-las-encuestas\\\/\"]}]},{\"@type\":\"ImageObject\",\"inLanguage\":\"es\",\"@id\":\"https:\\\/\\\/cuartetoenlaweb.com.ar\\\/sitio\\\/la-paradoja-de-milei-el-pesimismo-economico-se-profundiza-pero-retiene-el-liderazgo-en-las-encuestas\\\/#primaryimage\",\"url\":\"https:\\\/\\\/public.flourish.studio\\\/visualisation\\\/27730327\\\/thumbnail\",\"contentUrl\":\"https:\\\/\\\/public.flourish.studio\\\/visualisation\\\/27730327\\\/thumbnail\"},{\"@type\":\"BreadcrumbList\",\"@id\":\"https:\\\/\\\/cuartetoenlaweb.com.ar\\\/sitio\\\/la-paradoja-de-milei-el-pesimismo-economico-se-profundiza-pero-retiene-el-liderazgo-en-las-encuestas\\\/#breadcrumb\",\"itemListElement\":[{\"@type\":\"ListItem\",\"position\":1,\"name\":\"Portada\",\"item\":\"http:\\\/\\\/cuartetoenlaweb.com.ar\\\/sitio\\\/\"},{\"@type\":\"ListItem\",\"position\":2,\"name\":\"La paradoja de Milei: el pesimismo econ\u00f3mico se profundiza, pero retiene el liderazgo en las encuestas\"}]},{\"@type\":\"WebSite\",\"@id\":\"http:\\\/\\\/cuartetoenlaweb.com.ar\\\/sitio\\\/#website\",\"url\":\"http:\\\/\\\/cuartetoenlaweb.com.ar\\\/sitio\\\/\",\"name\":\"Cuarteto en la Web\",\"description\":\"\",\"publisher\":{\"@id\":\"http:\\\/\\\/cuartetoenlaweb.com.ar\\\/sitio\\\/#organization\"},\"potentialAction\":[{\"@type\":\"SearchAction\",\"target\":{\"@type\":\"EntryPoint\",\"urlTemplate\":\"http:\\\/\\\/cuartetoenlaweb.com.ar\\\/sitio\\\/?s={search_term_string}\"},\"query-input\":{\"@type\":\"PropertyValueSpecification\",\"valueRequired\":true,\"valueName\":\"search_term_string\"}}],\"inLanguage\":\"es\"},{\"@type\":\"Organization\",\"@id\":\"http:\\\/\\\/cuartetoenlaweb.com.ar\\\/sitio\\\/#organization\",\"name\":\"Cuarteto en la Web\",\"url\":\"http:\\\/\\\/cuartetoenlaweb.com.ar\\\/sitio\\\/\",\"logo\":{\"@type\":\"ImageObject\",\"inLanguage\":\"es\",\"@id\":\"http:\\\/\\\/cuartetoenlaweb.com.ar\\\/sitio\\\/#\\\/schema\\\/logo\\\/image\\\/\",\"url\":\"https:\\\/\\\/cuartetoenlaweb.com.ar\\\/sitio\\\/wp-content\\\/uploads\\\/2025\\\/07\\\/cropped-cropped-logitoweb21.png\",\"contentUrl\":\"https:\\\/\\\/cuartetoenlaweb.com.ar\\\/sitio\\\/wp-content\\\/uploads\\\/2025\\\/07\\\/cropped-cropped-logitoweb21.png\",\"width\":199,\"height\":199,\"caption\":\"Cuarteto en la Web\"},\"image\":{\"@id\":\"http:\\\/\\\/cuartetoenlaweb.com.ar\\\/sitio\\\/#\\\/schema\\\/logo\\\/image\\\/\"}}]}<\/script>\n<!-- \/ Yoast SEO plugin. -->","yoast_head_json":{"title":"La paradoja de Milei: el pesimismo econ\u00f3mico se profundiza, pero retiene el liderazgo en las encuestas - Cuarteto en la Web","robots":{"index":"index","follow":"follow","max-snippet":"max-snippet:-1","max-image-preview":"max-image-preview:large","max-video-preview":"max-video-preview:-1"},"canonical":"https:\/\/cuartetoenlaweb.com.ar\/sitio\/la-paradoja-de-milei-el-pesimismo-economico-se-profundiza-pero-retiene-el-liderazgo-en-las-encuestas\/","og_locale":"es_ES","og_type":"article","og_title":"La paradoja de Milei: el pesimismo econ\u00f3mico se profundiza, pero retiene el liderazgo en las encuestas - Cuarteto en la Web","og_description":"\u00bfPuede un Gobierno sostenerse en la cima de las encuestas","og_url":"https:\/\/cuartetoenlaweb.com.ar\/sitio\/la-paradoja-de-milei-el-pesimismo-economico-se-profundiza-pero-retiene-el-liderazgo-en-las-encuestas\/","og_site_name":"Cuarteto en la Web","article_published_time":"2026-02-23T01:00:26+00:00","og_image":[{"url":"https:\/\/public.flourish.studio\/visualisation\/27730327\/thumbnail","type":"","width":"","height":""}],"twitter_card":"summary_large_image","twitter_misc":{"Tiempo de lectura":"4 minutos"},"schema":{"@context":"https:\/\/schema.org","@graph":[{"@type":"Article","@id":"https:\/\/cuartetoenlaweb.com.ar\/sitio\/la-paradoja-de-milei-el-pesimismo-economico-se-profundiza-pero-retiene-el-liderazgo-en-las-encuestas\/#article","isPartOf":{"@id":"https:\/\/cuartetoenlaweb.com.ar\/sitio\/la-paradoja-de-milei-el-pesimismo-economico-se-profundiza-pero-retiene-el-liderazgo-en-las-encuestas\/"},"author":{"name":"","@id":""},"headline":"La paradoja de Milei: el pesimismo econ\u00f3mico se profundiza, pero retiene el liderazgo en las encuestas","datePublished":"2026-02-23T01:00:26+00:00","mainEntityOfPage":{"@id":"https:\/\/cuartetoenlaweb.com.ar\/sitio\/la-paradoja-de-milei-el-pesimismo-economico-se-profundiza-pero-retiene-el-liderazgo-en-las-encuestas\/"},"wordCount":908,"publisher":{"@id":"http:\/\/cuartetoenlaweb.com.ar\/sitio\/#organization"},"image":{"@id":"https:\/\/cuartetoenlaweb.com.ar\/sitio\/la-paradoja-de-milei-el-pesimismo-economico-se-profundiza-pero-retiene-el-liderazgo-en-las-encuestas\/#primaryimage"},"thumbnailUrl":"https:\/\/public.flourish.studio\/visualisation\/27730327\/thumbnail","articleSection":["PAIS"],"inLanguage":"es"},{"@type":"WebPage","@id":"https:\/\/cuartetoenlaweb.com.ar\/sitio\/la-paradoja-de-milei-el-pesimismo-economico-se-profundiza-pero-retiene-el-liderazgo-en-las-encuestas\/","url":"https:\/\/cuartetoenlaweb.com.ar\/sitio\/la-paradoja-de-milei-el-pesimismo-economico-se-profundiza-pero-retiene-el-liderazgo-en-las-encuestas\/","name":"La paradoja de Milei: el pesimismo econ\u00f3mico se profundiza, pero retiene el liderazgo en las encuestas - Cuarteto en la Web","isPartOf":{"@id":"http:\/\/cuartetoenlaweb.com.ar\/sitio\/#website"},"primaryImageOfPage":{"@id":"https:\/\/cuartetoenlaweb.com.ar\/sitio\/la-paradoja-de-milei-el-pesimismo-economico-se-profundiza-pero-retiene-el-liderazgo-en-las-encuestas\/#primaryimage"},"image":{"@id":"https:\/\/cuartetoenlaweb.com.ar\/sitio\/la-paradoja-de-milei-el-pesimismo-economico-se-profundiza-pero-retiene-el-liderazgo-en-las-encuestas\/#primaryimage"},"thumbnailUrl":"https:\/\/public.flourish.studio\/visualisation\/27730327\/thumbnail","datePublished":"2026-02-23T01:00:26+00:00","breadcrumb":{"@id":"https:\/\/cuartetoenlaweb.com.ar\/sitio\/la-paradoja-de-milei-el-pesimismo-economico-se-profundiza-pero-retiene-el-liderazgo-en-las-encuestas\/#breadcrumb"},"inLanguage":"es","potentialAction":[{"@type":"ReadAction","target":["https:\/\/cuartetoenlaweb.com.ar\/sitio\/la-paradoja-de-milei-el-pesimismo-economico-se-profundiza-pero-retiene-el-liderazgo-en-las-encuestas\/"]}]},{"@type":"ImageObject","inLanguage":"es","@id":"https:\/\/cuartetoenlaweb.com.ar\/sitio\/la-paradoja-de-milei-el-pesimismo-economico-se-profundiza-pero-retiene-el-liderazgo-en-las-encuestas\/#primaryimage","url":"https:\/\/public.flourish.studio\/visualisation\/27730327\/thumbnail","contentUrl":"https:\/\/public.flourish.studio\/visualisation\/27730327\/thumbnail"},{"@type":"BreadcrumbList","@id":"https:\/\/cuartetoenlaweb.com.ar\/sitio\/la-paradoja-de-milei-el-pesimismo-economico-se-profundiza-pero-retiene-el-liderazgo-en-las-encuestas\/#breadcrumb","itemListElement":[{"@type":"ListItem","position":1,"name":"Portada","item":"http:\/\/cuartetoenlaweb.com.ar\/sitio\/"},{"@type":"ListItem","position":2,"name":"La paradoja de Milei: el pesimismo econ\u00f3mico se profundiza, pero retiene el liderazgo en las encuestas"}]},{"@type":"WebSite","@id":"http:\/\/cuartetoenlaweb.com.ar\/sitio\/#website","url":"http:\/\/cuartetoenlaweb.com.ar\/sitio\/","name":"Cuarteto en la Web","description":"","publisher":{"@id":"http:\/\/cuartetoenlaweb.com.ar\/sitio\/#organization"},"potentialAction":[{"@type":"SearchAction","target":{"@type":"EntryPoint","urlTemplate":"http:\/\/cuartetoenlaweb.com.ar\/sitio\/?s={search_term_string}"},"query-input":{"@type":"PropertyValueSpecification","valueRequired":true,"valueName":"search_term_string"}}],"inLanguage":"es"},{"@type":"Organization","@id":"http:\/\/cuartetoenlaweb.com.ar\/sitio\/#organization","name":"Cuarteto en la Web","url":"http:\/\/cuartetoenlaweb.com.ar\/sitio\/","logo":{"@type":"ImageObject","inLanguage":"es","@id":"http:\/\/cuartetoenlaweb.com.ar\/sitio\/#\/schema\/logo\/image\/","url":"https:\/\/cuartetoenlaweb.com.ar\/sitio\/wp-content\/uploads\/2025\/07\/cropped-cropped-logitoweb21.png","contentUrl":"https:\/\/cuartetoenlaweb.com.ar\/sitio\/wp-content\/uploads\/2025\/07\/cropped-cropped-logitoweb21.png","width":199,"height":199,"caption":"Cuarteto en la Web"},"image":{"@id":"http:\/\/cuartetoenlaweb.com.ar\/sitio\/#\/schema\/logo\/image\/"}}]}},"_links":{"self":[{"href":"https:\/\/cuartetoenlaweb.com.ar\/sitio\/wp-json\/wp\/v2\/posts\/12473","targetHints":{"allow":["GET"]}}],"collection":[{"href":"https:\/\/cuartetoenlaweb.com.ar\/sitio\/wp-json\/wp\/v2\/posts"}],"about":[{"href":"https:\/\/cuartetoenlaweb.com.ar\/sitio\/wp-json\/wp\/v2\/types\/post"}],"replies":[{"embeddable":true,"href":"https:\/\/cuartetoenlaweb.com.ar\/sitio\/wp-json\/wp\/v2\/comments?post=12473"}],"version-history":[{"count":0,"href":"https:\/\/cuartetoenlaweb.com.ar\/sitio\/wp-json\/wp\/v2\/posts\/12473\/revisions"}],"wp:attachment":[{"href":"https:\/\/cuartetoenlaweb.com.ar\/sitio\/wp-json\/wp\/v2\/media?parent=12473"}],"wp:term":[{"taxonomy":"category","embeddable":true,"href":"https:\/\/cuartetoenlaweb.com.ar\/sitio\/wp-json\/wp\/v2\/categories?post=12473"},{"taxonomy":"post_tag","embeddable":true,"href":"https:\/\/cuartetoenlaweb.com.ar\/sitio\/wp-json\/wp\/v2\/tags?post=12473"}],"curies":[{"name":"wp","href":"https:\/\/api.w.org\/{rel}","templated":true}]}}