
{"id":12472,"date":"2026-02-22T22:00:26","date_gmt":"2026-02-23T01:00:26","guid":{"rendered":"https:\/\/cuartetoenlaweb.com.ar\/sitio\/adios-a-okupalandia-los-desalojos-y-el-retorno-de-la-propiedad-privada\/"},"modified":"2026-02-22T22:00:26","modified_gmt":"2026-02-23T01:00:26","slug":"adios-a-okupalandia-los-desalojos-y-el-retorno-de-la-propiedad-privada","status":"publish","type":"post","link":"https:\/\/cuartetoenlaweb.com.ar\/sitio\/adios-a-okupalandia-los-desalojos-y-el-retorno-de-la-propiedad-privada\/","title":{"rendered":"\u00bfAdi\u00f3s a okupalandia? Los desalojos y el retorno de la propiedad privada"},"content":{"rendered":"<p><b>Hernando de Soto <\/b>en su libro \u201cEl Misterio del Capital\u201d argumenta que la ausencia de sistemas <b>formales <\/b>de <b>propiedad <\/b>es la raz\u00f3n principal por la que el capitalismo fracasa en los pa\u00edses en <b>desarrollo<\/b>. El autor introduce el concepto de \u201c<b>capital muerto<\/b>\u201d para describir los activos como terrenos y viviendas que los <b>ciudadanos <\/b>poseen de forma <b>informal<\/b>, sin t\u00edtulos legales. <\/p>\n<p>Todo esto <b>degenera <\/b>y tiene varias consecuencias como que esos activos no pueden utilizarse como <b>garant\u00eda <\/b>para <b>pr\u00e9stamos <\/b>y menos para mejoras o <a href=\"https:\/\/www.cronista.com\/finanzas-mercados\/dolar-en-caida-libre-que-bonos-recomiendan-para-aprovechar-el-super-peso\/\" target=\"_blank\" rel=\"\" title=\"https:\/\/www.cronista.com\/finanzas-mercados\/dolar-en-caida-libre-que-bonos-recomiendan-para-aprovechar-el-super-peso\/\"><b>inversiones <\/b><\/a>porque su propiedad no est\u00e1 <b>legalmente <\/b>reconocida. <\/p>\n<p><img loading=\"lazy\" decoding=\"async\" src=\"https:\/\/www.cronista.com\/resizer\/v2\/FHNFYN3KG5FZVNLOYJ2LRIE3NI.jpg?auth=3b71580cc4f6ed0aa7538c640e27d55163d3e5ea91813a63cdc0239c1aee4a6a&amp;smart=true&amp;width=1920&amp;height=1080\" alt=\"El acceso a la propiedad formal y la posibilidad de transformar un bien en capital activo. Fuente: Shutterstock\" height=\"1080\" width=\"1920\" \/><\/p>\n<p>De <b>Soto <\/b>lo justifica sosteniendo que la legalizaci\u00f3n y formalizaci\u00f3n de estos derechos de <a href=\"https:\/\/www.cronista.com\/informacion-gral\/el-banco-ciudad-subasta-propiedades-a-precios-regalados-algunos-cuestan-menos-que-un-auto-0km\/\" target=\"_blank\" rel=\"\" title=\"https:\/\/www.cronista.com\/informacion-gral\/el-banco-ciudad-subasta-propiedades-a-precios-regalados-algunos-cuestan-menos-que-un-auto-0km\/\"><b>propiedad <\/b><\/a>es esencial para <b>desbloquear <\/b>su potencial econ\u00f3mico. Una vez \u201cblanqueados\u201d los <b>terrenos<\/b>, viviendas y otros tipos de activos se vuelven transferibles y <b>medibles<\/b>.<\/p>\n<p>En la <a href=\"https:\/\/www.cronista.com\/informacion-gral\/confirmado-decretan-un-fin-de-semana-largo-cuando-sera\/\" target=\"_blank\" rel=\"\" title=\"https:\/\/www.cronista.com\/informacion-gral\/confirmado-decretan-un-fin-de-semana-largo-cuando-sera\/\"><b>Argentina <\/b><\/a>comprar un terreno y no ocuparlo o no iniciar r\u00e1pidamente una <b>construcci\u00f3n <\/b>es pasible de ser inmediatamente <b>ocupado<\/b>. La velocidad en que pasa a ser intrusado depende de la ubicaci\u00f3n <b>geogr\u00e1fica<\/b>. La <b>Provincia de Buenos Aires <\/b>debe tener r\u00e9cords. <\/p>\n<p>Pas\u00f3 algo desapercibido en las \u00faltimas semanas el <b>accionar <\/b>del gobierno de la <a href=\"https:\/\/www.cronista.com\/informacion-gral\/construyen-una-plaza-gigante-en-uno-de-los-barrios-mas-populares-de-la-ciudad-tendra-jacarandas-y-beneficiara-a-todos-los-vecinos\/\" target=\"_blank\" rel=\"\" title=\"https:\/\/www.cronista.com\/informacion-gral\/construyen-una-plaza-gigante-en-uno-de-los-barrios-mas-populares-de-la-ciudad-tendra-jacarandas-y-beneficiara-a-todos-los-vecinos\/\"><b>Ciudad de Buenos Aires<\/b><\/a>. Llevan ya realizados 600 desalojos de viviendas. En la mayor\u00eda de los mismos, las <b>ocupaciones <\/b>eran realizadas por <b>asociaciones il\u00edcitas<\/b> que a su vez se ocupaban de subalquilar lo \u201cconquistado\u201d. <\/p>\n<p>La <b>justicia <\/b>porte\u00f1a en casi todos los casos aval\u00f3 la decisi\u00f3n ante la <b>inseguridad <\/b>existente en los edificios desalojados y el peligro de <b>derrumbes<\/b>. En otras ocasiones, se percib\u00eda que las viviendas eran <b>refugios <\/b>para diferentes actividades <b>delictivas<\/b>. Se activ\u00f3 el <b>Programa de Apoyo <\/b>a Personas en Situaci\u00f3n de Vulnerabilidad Habitacional para <b>ayudar <\/b>a las familias <b>afectadas<\/b>.<\/p>\n<p>Un caso emblem\u00e1tico fue del de <b>Emanuel Gin\u00f3bili<\/b>, que compr\u00f3 un <b>lote <\/b>en Villa La Angostura. A fines de 2005, supuestos <b>mapuches <\/b>ocuparon 43 hect\u00e1reas que reclamaron como propias, 13 de las cuales son las que adquiri\u00f3 la leyenda del <b>basquetbol <\/b>argentino. Parad\u00f3jicamente, un juez de Neuqu\u00e9n, <b>Ignacio Pombo<\/b>, sobresey\u00f3 a los <b>ocupantes<\/b>, los autodenominados mapuches. El mundo al <b>rev\u00e9s<\/b>.<\/p>\n<p>Muchas de las ocupaciones se dan en terrenos <b>fiscales<\/b>. Pero tambi\u00e9n se <b>trasladaron <\/b>a todo terreno y no necesariamente alejados de zonas <b>urbanas<\/b>. Esqueletos de <b>edificios <\/b>que se dejaron de construir y hasta galer\u00edas comerciales que est\u00e1n en proceso de <b>venta <\/b>pasan en pocos d\u00edas a ser <b>ocupadas<\/b>.<\/p>\n<p>Detr\u00e1s del problema <b>habitacional <\/b>en el pa\u00eds se escudan los que lucran con la invasi\u00f3n de <b>terrenos<\/b>. En PBA los <b>intendentes <\/b>tienen pocos recursos para <b>combatir<\/b>, si es que lo desean hacer. No tienen llegada a la justicia ni siquiera a veces <b>polic\u00eda <\/b>vecinal. El problema sigue <b>vigente<\/b>.<\/p>\n","protected":false},"excerpt":{"rendered":"<p>Hernando de Soto en su libro \u201cEl Misterio del Capital\u201d<\/p>\n","protected":false},"author":0,"featured_media":0,"comment_status":"","ping_status":"","sticky":false,"template":"","format":"standard","meta":{"footnotes":""},"categories":[65],"tags":[],"class_list":["post-12472","post","type-post","status-publish","format-standard","hentry","category-pais"],"yoast_head":"<!-- This site is optimized with the Yoast SEO plugin v27.5 - https:\/\/yoast.com\/product\/yoast-seo-wordpress\/ -->\n<title>\u00bfAdi\u00f3s a okupalandia? Los desalojos y el retorno de la propiedad privada - Cuarteto en la Web<\/title>\n<meta name=\"robots\" content=\"index, follow, max-snippet:-1, max-image-preview:large, max-video-preview:-1\" \/>\n<link rel=\"canonical\" href=\"https:\/\/cuartetoenlaweb.com.ar\/sitio\/adios-a-okupalandia-los-desalojos-y-el-retorno-de-la-propiedad-privada\/\" \/>\n<meta property=\"og:locale\" content=\"es_ES\" \/>\n<meta property=\"og:type\" content=\"article\" \/>\n<meta property=\"og:title\" content=\"\u00bfAdi\u00f3s a okupalandia? Los desalojos y el retorno de la propiedad privada - Cuarteto en la Web\" \/>\n<meta property=\"og:description\" content=\"Hernando de Soto en su libro \u201cEl Misterio del Capital\u201d\" \/>\n<meta property=\"og:url\" content=\"https:\/\/cuartetoenlaweb.com.ar\/sitio\/adios-a-okupalandia-los-desalojos-y-el-retorno-de-la-propiedad-privada\/\" \/>\n<meta property=\"og:site_name\" content=\"Cuarteto en la Web\" \/>\n<meta property=\"article:published_time\" content=\"2026-02-23T01:00:26+00:00\" \/>\n<meta property=\"og:image\" content=\"https:\/\/www.cronista.com\/resizer\/v2\/FHNFYN3KG5FZVNLOYJ2LRIE3NI.jpg?auth=3b71580cc4f6ed0aa7538c640e27d55163d3e5ea91813a63cdc0239c1aee4a6a&amp;smart=true&amp;width=1920&amp;height=1080\" \/>\n<meta name=\"twitter:card\" content=\"summary_large_image\" \/>\n<meta name=\"twitter:label1\" content=\"Tiempo de lectura\" \/>\n\t<meta name=\"twitter:data1\" content=\"2 minutos\" \/>\n<script type=\"application\/ld+json\" class=\"yoast-schema-graph\">{\"@context\":\"https:\\\/\\\/schema.org\",\"@graph\":[{\"@type\":\"Article\",\"@id\":\"https:\\\/\\\/cuartetoenlaweb.com.ar\\\/sitio\\\/adios-a-okupalandia-los-desalojos-y-el-retorno-de-la-propiedad-privada\\\/#article\",\"isPartOf\":{\"@id\":\"https:\\\/\\\/cuartetoenlaweb.com.ar\\\/sitio\\\/adios-a-okupalandia-los-desalojos-y-el-retorno-de-la-propiedad-privada\\\/\"},\"author\":{\"name\":\"\",\"@id\":\"\"},\"headline\":\"\u00bfAdi\u00f3s a okupalandia? Los desalojos y el retorno de la propiedad privada\",\"datePublished\":\"2026-02-23T01:00:26+00:00\",\"mainEntityOfPage\":{\"@id\":\"https:\\\/\\\/cuartetoenlaweb.com.ar\\\/sitio\\\/adios-a-okupalandia-los-desalojos-y-el-retorno-de-la-propiedad-privada\\\/\"},\"wordCount\":473,\"publisher\":{\"@id\":\"http:\\\/\\\/cuartetoenlaweb.com.ar\\\/sitio\\\/#organization\"},\"image\":{\"@id\":\"https:\\\/\\\/cuartetoenlaweb.com.ar\\\/sitio\\\/adios-a-okupalandia-los-desalojos-y-el-retorno-de-la-propiedad-privada\\\/#primaryimage\"},\"thumbnailUrl\":\"https:\\\/\\\/www.cronista.com\\\/resizer\\\/v2\\\/FHNFYN3KG5FZVNLOYJ2LRIE3NI.jpg?auth=3b71580cc4f6ed0aa7538c640e27d55163d3e5ea91813a63cdc0239c1aee4a6a&amp;smart=true&amp;width=1920&amp;height=1080\",\"articleSection\":[\"PAIS\"],\"inLanguage\":\"es\"},{\"@type\":\"WebPage\",\"@id\":\"https:\\\/\\\/cuartetoenlaweb.com.ar\\\/sitio\\\/adios-a-okupalandia-los-desalojos-y-el-retorno-de-la-propiedad-privada\\\/\",\"url\":\"https:\\\/\\\/cuartetoenlaweb.com.ar\\\/sitio\\\/adios-a-okupalandia-los-desalojos-y-el-retorno-de-la-propiedad-privada\\\/\",\"name\":\"\u00bfAdi\u00f3s a okupalandia? Los desalojos y el retorno de la propiedad privada - Cuarteto en la Web\",\"isPartOf\":{\"@id\":\"http:\\\/\\\/cuartetoenlaweb.com.ar\\\/sitio\\\/#website\"},\"primaryImageOfPage\":{\"@id\":\"https:\\\/\\\/cuartetoenlaweb.com.ar\\\/sitio\\\/adios-a-okupalandia-los-desalojos-y-el-retorno-de-la-propiedad-privada\\\/#primaryimage\"},\"image\":{\"@id\":\"https:\\\/\\\/cuartetoenlaweb.com.ar\\\/sitio\\\/adios-a-okupalandia-los-desalojos-y-el-retorno-de-la-propiedad-privada\\\/#primaryimage\"},\"thumbnailUrl\":\"https:\\\/\\\/www.cronista.com\\\/resizer\\\/v2\\\/FHNFYN3KG5FZVNLOYJ2LRIE3NI.jpg?auth=3b71580cc4f6ed0aa7538c640e27d55163d3e5ea91813a63cdc0239c1aee4a6a&amp;smart=true&amp;width=1920&amp;height=1080\",\"datePublished\":\"2026-02-23T01:00:26+00:00\",\"breadcrumb\":{\"@id\":\"https:\\\/\\\/cuartetoenlaweb.com.ar\\\/sitio\\\/adios-a-okupalandia-los-desalojos-y-el-retorno-de-la-propiedad-privada\\\/#breadcrumb\"},\"inLanguage\":\"es\",\"potentialAction\":[{\"@type\":\"ReadAction\",\"target\":[\"https:\\\/\\\/cuartetoenlaweb.com.ar\\\/sitio\\\/adios-a-okupalandia-los-desalojos-y-el-retorno-de-la-propiedad-privada\\\/\"]}]},{\"@type\":\"ImageObject\",\"inLanguage\":\"es\",\"@id\":\"https:\\\/\\\/cuartetoenlaweb.com.ar\\\/sitio\\\/adios-a-okupalandia-los-desalojos-y-el-retorno-de-la-propiedad-privada\\\/#primaryimage\",\"url\":\"https:\\\/\\\/www.cronista.com\\\/resizer\\\/v2\\\/FHNFYN3KG5FZVNLOYJ2LRIE3NI.jpg?auth=3b71580cc4f6ed0aa7538c640e27d55163d3e5ea91813a63cdc0239c1aee4a6a&amp;smart=true&amp;width=1920&amp;height=1080\",\"contentUrl\":\"https:\\\/\\\/www.cronista.com\\\/resizer\\\/v2\\\/FHNFYN3KG5FZVNLOYJ2LRIE3NI.jpg?auth=3b71580cc4f6ed0aa7538c640e27d55163d3e5ea91813a63cdc0239c1aee4a6a&amp;smart=true&amp;width=1920&amp;height=1080\"},{\"@type\":\"BreadcrumbList\",\"@id\":\"https:\\\/\\\/cuartetoenlaweb.com.ar\\\/sitio\\\/adios-a-okupalandia-los-desalojos-y-el-retorno-de-la-propiedad-privada\\\/#breadcrumb\",\"itemListElement\":[{\"@type\":\"ListItem\",\"position\":1,\"name\":\"Portada\",\"item\":\"http:\\\/\\\/cuartetoenlaweb.com.ar\\\/sitio\\\/\"},{\"@type\":\"ListItem\",\"position\":2,\"name\":\"\u00bfAdi\u00f3s a okupalandia? Los desalojos y el retorno de la propiedad privada\"}]},{\"@type\":\"WebSite\",\"@id\":\"http:\\\/\\\/cuartetoenlaweb.com.ar\\\/sitio\\\/#website\",\"url\":\"http:\\\/\\\/cuartetoenlaweb.com.ar\\\/sitio\\\/\",\"name\":\"Cuarteto en la Web\",\"description\":\"\",\"publisher\":{\"@id\":\"http:\\\/\\\/cuartetoenlaweb.com.ar\\\/sitio\\\/#organization\"},\"potentialAction\":[{\"@type\":\"SearchAction\",\"target\":{\"@type\":\"EntryPoint\",\"urlTemplate\":\"http:\\\/\\\/cuartetoenlaweb.com.ar\\\/sitio\\\/?s={search_term_string}\"},\"query-input\":{\"@type\":\"PropertyValueSpecification\",\"valueRequired\":true,\"valueName\":\"search_term_string\"}}],\"inLanguage\":\"es\"},{\"@type\":\"Organization\",\"@id\":\"http:\\\/\\\/cuartetoenlaweb.com.ar\\\/sitio\\\/#organization\",\"name\":\"Cuarteto en la Web\",\"url\":\"http:\\\/\\\/cuartetoenlaweb.com.ar\\\/sitio\\\/\",\"logo\":{\"@type\":\"ImageObject\",\"inLanguage\":\"es\",\"@id\":\"http:\\\/\\\/cuartetoenlaweb.com.ar\\\/sitio\\\/#\\\/schema\\\/logo\\\/image\\\/\",\"url\":\"https:\\\/\\\/cuartetoenlaweb.com.ar\\\/sitio\\\/wp-content\\\/uploads\\\/2025\\\/07\\\/cropped-cropped-logitoweb21.png\",\"contentUrl\":\"https:\\\/\\\/cuartetoenlaweb.com.ar\\\/sitio\\\/wp-content\\\/uploads\\\/2025\\\/07\\\/cropped-cropped-logitoweb21.png\",\"width\":199,\"height\":199,\"caption\":\"Cuarteto en la Web\"},\"image\":{\"@id\":\"http:\\\/\\\/cuartetoenlaweb.com.ar\\\/sitio\\\/#\\\/schema\\\/logo\\\/image\\\/\"}}]}<\/script>\n<!-- \/ Yoast SEO plugin. -->","yoast_head_json":{"title":"\u00bfAdi\u00f3s a okupalandia? Los desalojos y el retorno de la propiedad privada - Cuarteto en la Web","robots":{"index":"index","follow":"follow","max-snippet":"max-snippet:-1","max-image-preview":"max-image-preview:large","max-video-preview":"max-video-preview:-1"},"canonical":"https:\/\/cuartetoenlaweb.com.ar\/sitio\/adios-a-okupalandia-los-desalojos-y-el-retorno-de-la-propiedad-privada\/","og_locale":"es_ES","og_type":"article","og_title":"\u00bfAdi\u00f3s a okupalandia? Los desalojos y el retorno de la propiedad privada - Cuarteto en la Web","og_description":"Hernando de Soto en su libro \u201cEl Misterio del Capital\u201d","og_url":"https:\/\/cuartetoenlaweb.com.ar\/sitio\/adios-a-okupalandia-los-desalojos-y-el-retorno-de-la-propiedad-privada\/","og_site_name":"Cuarteto en la Web","article_published_time":"2026-02-23T01:00:26+00:00","og_image":[{"url":"https:\/\/www.cronista.com\/resizer\/v2\/FHNFYN3KG5FZVNLOYJ2LRIE3NI.jpg?auth=3b71580cc4f6ed0aa7538c640e27d55163d3e5ea91813a63cdc0239c1aee4a6a&amp;smart=true&amp;width=1920&amp;height=1080","type":"","width":"","height":""}],"twitter_card":"summary_large_image","twitter_misc":{"Tiempo de lectura":"2 minutos"},"schema":{"@context":"https:\/\/schema.org","@graph":[{"@type":"Article","@id":"https:\/\/cuartetoenlaweb.com.ar\/sitio\/adios-a-okupalandia-los-desalojos-y-el-retorno-de-la-propiedad-privada\/#article","isPartOf":{"@id":"https:\/\/cuartetoenlaweb.com.ar\/sitio\/adios-a-okupalandia-los-desalojos-y-el-retorno-de-la-propiedad-privada\/"},"author":{"name":"","@id":""},"headline":"\u00bfAdi\u00f3s a okupalandia? Los desalojos y el retorno de la propiedad privada","datePublished":"2026-02-23T01:00:26+00:00","mainEntityOfPage":{"@id":"https:\/\/cuartetoenlaweb.com.ar\/sitio\/adios-a-okupalandia-los-desalojos-y-el-retorno-de-la-propiedad-privada\/"},"wordCount":473,"publisher":{"@id":"http:\/\/cuartetoenlaweb.com.ar\/sitio\/#organization"},"image":{"@id":"https:\/\/cuartetoenlaweb.com.ar\/sitio\/adios-a-okupalandia-los-desalojos-y-el-retorno-de-la-propiedad-privada\/#primaryimage"},"thumbnailUrl":"https:\/\/www.cronista.com\/resizer\/v2\/FHNFYN3KG5FZVNLOYJ2LRIE3NI.jpg?auth=3b71580cc4f6ed0aa7538c640e27d55163d3e5ea91813a63cdc0239c1aee4a6a&amp;smart=true&amp;width=1920&amp;height=1080","articleSection":["PAIS"],"inLanguage":"es"},{"@type":"WebPage","@id":"https:\/\/cuartetoenlaweb.com.ar\/sitio\/adios-a-okupalandia-los-desalojos-y-el-retorno-de-la-propiedad-privada\/","url":"https:\/\/cuartetoenlaweb.com.ar\/sitio\/adios-a-okupalandia-los-desalojos-y-el-retorno-de-la-propiedad-privada\/","name":"\u00bfAdi\u00f3s a okupalandia? Los desalojos y el retorno de la propiedad privada - Cuarteto en la Web","isPartOf":{"@id":"http:\/\/cuartetoenlaweb.com.ar\/sitio\/#website"},"primaryImageOfPage":{"@id":"https:\/\/cuartetoenlaweb.com.ar\/sitio\/adios-a-okupalandia-los-desalojos-y-el-retorno-de-la-propiedad-privada\/#primaryimage"},"image":{"@id":"https:\/\/cuartetoenlaweb.com.ar\/sitio\/adios-a-okupalandia-los-desalojos-y-el-retorno-de-la-propiedad-privada\/#primaryimage"},"thumbnailUrl":"https:\/\/www.cronista.com\/resizer\/v2\/FHNFYN3KG5FZVNLOYJ2LRIE3NI.jpg?auth=3b71580cc4f6ed0aa7538c640e27d55163d3e5ea91813a63cdc0239c1aee4a6a&amp;smart=true&amp;width=1920&amp;height=1080","datePublished":"2026-02-23T01:00:26+00:00","breadcrumb":{"@id":"https:\/\/cuartetoenlaweb.com.ar\/sitio\/adios-a-okupalandia-los-desalojos-y-el-retorno-de-la-propiedad-privada\/#breadcrumb"},"inLanguage":"es","potentialAction":[{"@type":"ReadAction","target":["https:\/\/cuartetoenlaweb.com.ar\/sitio\/adios-a-okupalandia-los-desalojos-y-el-retorno-de-la-propiedad-privada\/"]}]},{"@type":"ImageObject","inLanguage":"es","@id":"https:\/\/cuartetoenlaweb.com.ar\/sitio\/adios-a-okupalandia-los-desalojos-y-el-retorno-de-la-propiedad-privada\/#primaryimage","url":"https:\/\/www.cronista.com\/resizer\/v2\/FHNFYN3KG5FZVNLOYJ2LRIE3NI.jpg?auth=3b71580cc4f6ed0aa7538c640e27d55163d3e5ea91813a63cdc0239c1aee4a6a&amp;smart=true&amp;width=1920&amp;height=1080","contentUrl":"https:\/\/www.cronista.com\/resizer\/v2\/FHNFYN3KG5FZVNLOYJ2LRIE3NI.jpg?auth=3b71580cc4f6ed0aa7538c640e27d55163d3e5ea91813a63cdc0239c1aee4a6a&amp;smart=true&amp;width=1920&amp;height=1080"},{"@type":"BreadcrumbList","@id":"https:\/\/cuartetoenlaweb.com.ar\/sitio\/adios-a-okupalandia-los-desalojos-y-el-retorno-de-la-propiedad-privada\/#breadcrumb","itemListElement":[{"@type":"ListItem","position":1,"name":"Portada","item":"http:\/\/cuartetoenlaweb.com.ar\/sitio\/"},{"@type":"ListItem","position":2,"name":"\u00bfAdi\u00f3s a okupalandia? Los desalojos y el retorno de la propiedad privada"}]},{"@type":"WebSite","@id":"http:\/\/cuartetoenlaweb.com.ar\/sitio\/#website","url":"http:\/\/cuartetoenlaweb.com.ar\/sitio\/","name":"Cuarteto en la Web","description":"","publisher":{"@id":"http:\/\/cuartetoenlaweb.com.ar\/sitio\/#organization"},"potentialAction":[{"@type":"SearchAction","target":{"@type":"EntryPoint","urlTemplate":"http:\/\/cuartetoenlaweb.com.ar\/sitio\/?s={search_term_string}"},"query-input":{"@type":"PropertyValueSpecification","valueRequired":true,"valueName":"search_term_string"}}],"inLanguage":"es"},{"@type":"Organization","@id":"http:\/\/cuartetoenlaweb.com.ar\/sitio\/#organization","name":"Cuarteto en la Web","url":"http:\/\/cuartetoenlaweb.com.ar\/sitio\/","logo":{"@type":"ImageObject","inLanguage":"es","@id":"http:\/\/cuartetoenlaweb.com.ar\/sitio\/#\/schema\/logo\/image\/","url":"https:\/\/cuartetoenlaweb.com.ar\/sitio\/wp-content\/uploads\/2025\/07\/cropped-cropped-logitoweb21.png","contentUrl":"https:\/\/cuartetoenlaweb.com.ar\/sitio\/wp-content\/uploads\/2025\/07\/cropped-cropped-logitoweb21.png","width":199,"height":199,"caption":"Cuarteto en la Web"},"image":{"@id":"http:\/\/cuartetoenlaweb.com.ar\/sitio\/#\/schema\/logo\/image\/"}}]}},"_links":{"self":[{"href":"https:\/\/cuartetoenlaweb.com.ar\/sitio\/wp-json\/wp\/v2\/posts\/12472","targetHints":{"allow":["GET"]}}],"collection":[{"href":"https:\/\/cuartetoenlaweb.com.ar\/sitio\/wp-json\/wp\/v2\/posts"}],"about":[{"href":"https:\/\/cuartetoenlaweb.com.ar\/sitio\/wp-json\/wp\/v2\/types\/post"}],"replies":[{"embeddable":true,"href":"https:\/\/cuartetoenlaweb.com.ar\/sitio\/wp-json\/wp\/v2\/comments?post=12472"}],"version-history":[{"count":0,"href":"https:\/\/cuartetoenlaweb.com.ar\/sitio\/wp-json\/wp\/v2\/posts\/12472\/revisions"}],"wp:attachment":[{"href":"https:\/\/cuartetoenlaweb.com.ar\/sitio\/wp-json\/wp\/v2\/media?parent=12472"}],"wp:term":[{"taxonomy":"category","embeddable":true,"href":"https:\/\/cuartetoenlaweb.com.ar\/sitio\/wp-json\/wp\/v2\/categories?post=12472"},{"taxonomy":"post_tag","embeddable":true,"href":"https:\/\/cuartetoenlaweb.com.ar\/sitio\/wp-json\/wp\/v2\/tags?post=12472"}],"curies":[{"name":"wp","href":"https:\/\/api.w.org\/{rel}","templated":true}]}}