
{"id":12470,"date":"2026-02-22T22:00:19","date_gmt":"2026-02-23T01:00:19","guid":{"rendered":"https:\/\/cuartetoenlaweb.com.ar\/sitio\/sale-el-mudo-vazquez-debut-del-pibe-tulian-el-cambio-que-unio-a-dos-eras-en-belgrano\/"},"modified":"2026-02-22T22:00:19","modified_gmt":"2026-02-23T01:00:19","slug":"sale-el-mudo-vazquez-debut-del-pibe-tulian-el-cambio-que-unio-a-dos-eras-en-belgrano","status":"publish","type":"post","link":"https:\/\/cuartetoenlaweb.com.ar\/sitio\/sale-el-mudo-vazquez-debut-del-pibe-tulian-el-cambio-que-unio-a-dos-eras-en-belgrano\/","title":{"rendered":"Sale \u201cel Mudo\u201d V\u00e1zquez, debut del pibe Tuli\u00e1n: el cambio que uni\u00f3 a dos eras en Belgrano"},"content":{"rendered":"<p>El f\u00fatbol, a veces, se encarga de escribir guiones que superan cualquier an\u00e1lisis t\u00e1ctico. En Florencio Varela, mientras el reloj marcaba los 85 minutos y la tensi\u00f3n por el resultado ante Defensa y Justicia crec\u00eda, se produjo un movimiento en el banco de suplentes que detuvo el tiempo para los hinchas de <a href=\"https:\/\/www.lavoz.com.ar\/deportes\/futbol\/mariano-troilo-amargo-al-milan-y-le-dio-la-victoria-al-parma-por-la-serie-a\/\" target=\"_self\" rel=\"\" title=\"https:\/\/www.lavoz.com.ar\/deportes\/futbol\/mariano-troilo-amargo-al-milan-y-le-dio-la-victoria-al-parma-por-la-serie-a\/\">Belgrano<\/a>. No fue un cambio m\u00e1s para intentar cerrar un partido que terminar\u00eda en un amargo 1 a 1 por un penal en el \u00faltimo suspiro; fue, en esencia, un <b>traspaso de mando generacional<\/b> cargado de simbolismo y pertenencia.<\/p>\n<p><a href=\"https:\/\/www.lavoz.com.ar\/deportes\/futbol\/no-es-un-regreso-cualquiera-franco-vazquez-y-la-leccion-que-belgrano-necesitaba\/\" target=\"_self\" rel=\"\" title=\"https:\/\/www.lavoz.com.ar\/deportes\/futbol\/no-es-un-regreso-cualquiera-franco-vazquez-y-la-leccion-que-belgrano-necesitaba\/\"><b>Franco \u201cel Mudo\u201d V\u00e1zquez<\/b> abandon\u00f3 el campo de juego con la parsimonia de quien conoce <\/a>cada rinc\u00f3n del c\u00e9sped profesional. A sus <b>37 a\u00f1os<\/b>, cumplidos precisamente este domingo 22 de febrero, el enganche nacido en el \u201cf\u00fatbol de los barrios\u201d \u2014con ra\u00edces en Barrio Parque y Atl\u00e9tico Carlos Paz\u2014 representa el eslab\u00f3n dorado en la historia reciente del club.<\/p>\n<p>Su regreso a Alberdi, tras <b>15 a\u00f1os de carrera en Europa<\/b>, no fue un retiro anticipado, sino una apuesta de calidad para el esquema de Ricardo Zielinski. V\u00e1zquez volvi\u00f3 desde el Cremonese de Italia con el mismo guante en el pie izquierdo (tambi\u00e9n tiene goles de derecha), pero con una madurez f\u00edsica y conceptual que lo transform\u00f3 en un jugador total: hoy, a su innegable talento creativo, le suma una renovada capacidad para <b>marcar y ocupar posiciones de recuperaci\u00f3n de pelota<\/b>, fruto de su paso por la Serie A y su experiencia internacional con la selecci\u00f3n de Italia y la \u201cScaloneta\u201d.<\/p>\n<blockquote class=\"instagram-media\" data-instgrm-captioned data-instgrm-permalink=\"https:\/\/www.instagram.com\/reel\/DUw0DZUDYb-\/?utm_source=ig_embed&amp;utm_campaign=loading\" data-instgrm-version=\"14\" style=\"background:#FFF;border:0;border-radius:3px;margin: 1px;max-width:540px;min-width:326px;padding:0;width:99.375%;width:-webkit-calc(100% - 2px);width:calc(100% - 2px)\">\n<div style=\"padding:16px\"> <a href=\"https:\/\/www.instagram.com\/reel\/DUw0DZUDYb-\/?utm_source=ig_embed&amp;utm_campaign=loading\" style=\"background:#FFFFFF;line-height:0;padding:0 0;text-align:center;text-decoration:none;width:100%\" target=\"_blank\"> <\/p>\n<div style=\"flex-direction: row;align-items: center\">\n<div style=\"background-color: #F4F4F4;border-radius: 50%;flex-grow: 0;height: 40px;margin-right: 14px;width: 40px\"><\/div>\n<div style=\"flex-direction: column;flex-grow: 1;justify-content: center\">\n<div style=\"background-color: #F4F4F4;border-radius: 4px;flex-grow: 0;height: 14px;margin-bottom: 6px;width: 100px\"><\/div>\n<div style=\"background-color: #F4F4F4;border-radius: 4px;flex-grow: 0;height: 14px;width: 60px\"><\/div>\n<\/div>\n<\/div>\n<div style=\"padding: 19% 0\"><\/div>\n<div style=\"height:50px;margin:0 auto 12px;width:50px\"><\/div>\n<div style=\"padding-top: 8px\">\n<div style=\"color:#3897f0;font-family:Arial,sans-serif;font-size:14px;font-style:normal;font-weight:550;line-height:18px\">Ver esta publicaci\u00f3n en Instagram<\/div>\n<\/div>\n<div style=\"padding: 12.5% 0\"><\/div>\n<div style=\"flex-direction: row;margin-bottom: 14px;align-items: center\">\n<div>\n<div style=\"background-color: #F4F4F4;border-radius: 50%;height: 12.5px;width: 12.5px\"><\/div>\n<div style=\"background-color: #F4F4F4;height: 12.5px;width: 12.5px;flex-grow: 0;margin-right: 14px;margin-left: 2px\"><\/div>\n<div style=\"background-color: #F4F4F4;border-radius: 50%;height: 12.5px;width: 12.5px\"><\/div>\n<\/div>\n<div style=\"margin-left: 8px\">\n<div style=\"background-color: #F4F4F4;border-radius: 50%;flex-grow: 0;height: 20px;width: 20px\"><\/div>\n<div style=\"width: 0;height: 0;border-top: 2px solid transparent;border-left: 6px solid #f4f4f4;border-bottom: 2px solid transparent\"><\/div>\n<\/div>\n<div style=\"margin-left: auto\">\n<div style=\"width: 0px;border-top: 8px solid #F4F4F4;border-right: 8px solid transparent\"><\/div>\n<div style=\"background-color: #F4F4F4;flex-grow: 0;height: 12px;width: 16px\"><\/div>\n<div style=\"width: 0;height: 0;border-top: 8px solid #F4F4F4;border-left: 8px solid transparent\"><\/div>\n<\/div>\n<\/div>\n<div style=\"flex-direction: column;flex-grow: 1;justify-content: center;margin-bottom: 24px\">\n<div style=\"background-color: #F4F4F4;border-radius: 4px;flex-grow: 0;height: 14px;margin-bottom: 6px;width: 224px\"><\/div>\n<div style=\"background-color: #F4F4F4;border-radius: 4px;flex-grow: 0;height: 14px;width: 144px\"><\/div>\n<\/div>\n<p><\/a><\/p>\n<p style=\"color:#c9c8cd;font-family:Arial,sans-serif;font-size:14px;line-height:17px;margin-bottom:0;margin-top:8px;overflow:hidden;padding:8px 0 7px;text-align:center;white-space:nowrap\"><a href=\"https:\/\/www.instagram.com\/reel\/DUw0DZUDYb-\/?utm_source=ig_embed&amp;utm_campaign=loading\" style=\"color:#c9c8cd;font-family:Arial,sans-serif;font-size:14px;font-style:normal;font-weight:normal;line-height:17px;text-decoration:none\" target=\"_blank\">Una publicaci\u00f3n compartida por SportsCenter ESPN (@scespn)<\/a><\/p>\n<\/div>\n<\/blockquote>\n<p>El \u201cMudo\u201d es el \u00faltimo sobreviviente de aquel fen\u00f3meno conocido como <b>\u201ca lo Belgrano\u201d<\/b>. Fue protagonista del hist\u00f3rico ascenso de 2011 ante River Plate y pieza clave de un equipo que, bajo la conducci\u00f3n de Zielinski, se hizo internacional y protagonista de los torneos locales antes de su venta al Palermo de Italia. <\/p>\n<p>Aquella <b>era dorada<\/b> entr\u00f3 en un tobog\u00e1n descendente tras su partida, culminando en el doloroso descenso de 2019. Hoy, su presencia en el plantel busca recuperar esa <b>chapa de equipo internacional<\/b>, pero bajo un estilo de juego distinto: uno que prioriza las variantes ofensivas y la asociaci\u00f3n de talentos.<\/p>\n<blockquote class=\"instagram-media\" data-instgrm-captioned data-instgrm-permalink=\"https:\/\/www.instagram.com\/p\/DTt0UY8DfzP\/?utm_source=ig_embed&amp;utm_campaign=loading\" data-instgrm-version=\"14\" style=\"background:#FFF;border:0;border-radius:3px;margin: 1px;max-width:658px;min-width:326px;padding:0;width:99.375%;width:-webkit-calc(100% - 2px);width:calc(100% - 2px)\">\n<div style=\"padding:16px\"> <a href=\"https:\/\/www.instagram.com\/p\/DTt0UY8DfzP\/?utm_source=ig_embed&amp;utm_campaign=loading\" style=\"background:#FFFFFF;line-height:0;padding:0 0;text-align:center;text-decoration:none;width:100%\" target=\"_blank\"> <\/p>\n<div style=\"flex-direction: row;align-items: center\">\n<div style=\"background-color: #F4F4F4;border-radius: 50%;flex-grow: 0;height: 40px;margin-right: 14px;width: 40px\"><\/div>\n<div style=\"flex-direction: column;flex-grow: 1;justify-content: center\">\n<div style=\"background-color: #F4F4F4;border-radius: 4px;flex-grow: 0;height: 14px;margin-bottom: 6px;width: 100px\"><\/div>\n<div style=\"background-color: #F4F4F4;border-radius: 4px;flex-grow: 0;height: 14px;width: 60px\"><\/div>\n<\/div>\n<\/div>\n<div style=\"padding: 19% 0\"><\/div>\n<div style=\"height:50px;margin:0 auto 12px;width:50px\"><\/div>\n<div style=\"padding-top: 8px\">\n<div style=\"color:#3897f0;font-family:Arial,sans-serif;font-size:14px;font-style:normal;font-weight:550;line-height:18px\">View this post on Instagram<\/div>\n<\/div>\n<div style=\"padding: 12.5% 0\"><\/div>\n<div style=\"flex-direction: row;margin-bottom: 14px;align-items: center\">\n<div>\n<div style=\"background-color: #F4F4F4;border-radius: 50%;height: 12.5px;width: 12.5px\"><\/div>\n<div style=\"background-color: #F4F4F4;height: 12.5px;width: 12.5px;flex-grow: 0;margin-right: 14px;margin-left: 2px\"><\/div>\n<div style=\"background-color: #F4F4F4;border-radius: 50%;height: 12.5px;width: 12.5px\"><\/div>\n<\/div>\n<div style=\"margin-left: 8px\">\n<div style=\"background-color: #F4F4F4;border-radius: 50%;flex-grow: 0;height: 20px;width: 20px\"><\/div>\n<div style=\"width: 0;height: 0;border-top: 2px solid transparent;border-left: 6px solid #f4f4f4;border-bottom: 2px solid transparent\"><\/div>\n<\/div>\n<div style=\"margin-left: auto\">\n<div style=\"width: 0px;border-top: 8px solid #F4F4F4;border-right: 8px solid transparent\"><\/div>\n<div style=\"background-color: #F4F4F4;flex-grow: 0;height: 12px;width: 16px\"><\/div>\n<div style=\"width: 0;height: 0;border-top: 8px solid #F4F4F4;border-left: 8px solid transparent\"><\/div>\n<\/div>\n<\/div>\n<div style=\"flex-direction: column;flex-grow: 1;justify-content: center;margin-bottom: 24px\">\n<div style=\"background-color: #F4F4F4;border-radius: 4px;flex-grow: 0;height: 14px;margin-bottom: 6px;width: 224px\"><\/div>\n<div style=\"background-color: #F4F4F4;border-radius: 4px;flex-grow: 0;height: 14px;width: 144px\"><\/div>\n<\/div>\n<p><\/a><\/div>\n<\/blockquote>\n<blockquote class=\"instagram-media\" data-instgrm-captioned data-instgrm-permalink=\"https:\/\/www.instagram.com\/p\/DU_vLkJgc3E\/?utm_source=ig_embed&amp;utm_campaign=loading\" data-instgrm-version=\"14\" style=\"background:#FFF;border:0;border-radius:3px;margin: 1px;max-width:658px;min-width:326px;padding:0;width:99.375%;width:-webkit-calc(100% - 2px);width:calc(100% - 2px)\">\n<div style=\"padding:16px\"> <a href=\"https:\/\/www.instagram.com\/p\/DU_vLkJgc3E\/?utm_source=ig_embed&amp;utm_campaign=loading\" style=\"background:#FFFFFF;line-height:0;padding:0 0;text-align:center;text-decoration:none;width:100%\" target=\"_blank\"> <\/p>\n<div style=\"flex-direction: row;align-items: center\">\n<div style=\"background-color: #F4F4F4;border-radius: 50%;flex-grow: 0;height: 40px;margin-right: 14px;width: 40px\"><\/div>\n<div style=\"flex-direction: column;flex-grow: 1;justify-content: center\">\n<div style=\"background-color: #F4F4F4;border-radius: 4px;flex-grow: 0;height: 14px;margin-bottom: 6px;width: 100px\"><\/div>\n<div style=\"background-color: #F4F4F4;border-radius: 4px;flex-grow: 0;height: 14px;width: 60px\"><\/div>\n<\/div>\n<\/div>\n<div style=\"padding: 19% 0\"><\/div>\n<div style=\"height:50px;margin:0 auto 12px;width:50px\"><\/div>\n<div style=\"padding-top: 8px\">\n<div style=\"color:#3897f0;font-family:Arial,sans-serif;font-size:14px;font-style:normal;font-weight:550;line-height:18px\">View this post on Instagram<\/div>\n<\/div>\n<div style=\"padding: 12.5% 0\"><\/div>\n<div style=\"flex-direction: row;margin-bottom: 14px;align-items: center\">\n<div>\n<div style=\"background-color: #F4F4F4;border-radius: 50%;height: 12.5px;width: 12.5px\"><\/div>\n<div style=\"background-color: #F4F4F4;height: 12.5px;width: 12.5px;flex-grow: 0;margin-right: 14px;margin-left: 2px\"><\/div>\n<div style=\"background-color: #F4F4F4;border-radius: 50%;height: 12.5px;width: 12.5px\"><\/div>\n<\/div>\n<div style=\"margin-left: 8px\">\n<div style=\"background-color: #F4F4F4;border-radius: 50%;flex-grow: 0;height: 20px;width: 20px\"><\/div>\n<div style=\"width: 0;height: 0;border-top: 2px solid transparent;border-left: 6px solid #f4f4f4;border-bottom: 2px solid transparent\"><\/div>\n<\/div>\n<div style=\"margin-left: auto\">\n<div style=\"width: 0px;border-top: 8px solid #F4F4F4;border-right: 8px solid transparent\"><\/div>\n<div style=\"background-color: #F4F4F4;flex-grow: 0;height: 12px;width: 16px\"><\/div>\n<div style=\"width: 0;height: 0;border-top: 8px solid #F4F4F4;border-left: 8px solid transparent\"><\/div>\n<\/div>\n<\/div>\n<div style=\"flex-direction: column;flex-grow: 1;justify-content: center;margin-bottom: 24px\">\n<div style=\"background-color: #F4F4F4;border-radius: 4px;flex-grow: 0;height: 14px;margin-bottom: 6px;width: 224px\"><\/div>\n<div style=\"background-color: #F4F4F4;border-radius: 4px;flex-grow: 0;height: 14px;width: 144px\"><\/div>\n<\/div>\n<p><\/a><\/div>\n<\/blockquote>\n<h2>Tuli\u00e1n, la \u201cjoya\u201d<b> <\/b><\/h2>\n<p><a href=\"https:\/\/www.lavoz.com.ar\/deportes\/futbol\/luego-del-debut-de-ramiro-tulian-en-belgrano-las-flores-conto-el-acuerdo-por-su-ficha\/\" target=\"_self\" rel=\"\" title=\"https:\/\/www.lavoz.com.ar\/deportes\/futbol\/luego-del-debut-de-ramiro-tulian-en-belgrano-las-flores-conto-el-acuerdo-por-su-ficha\/\">Cuando el cartel luminoso mostr\u00f3 el n\u00famero de V\u00e1zquez saliendo y el de <b>Ramiro Tuli\u00e1n<\/b> ingresando<\/a>, Belgrano le dio la bienvenida oficial a su nueva gran esperanza. Con apenas <b>18 a\u00f1os reci\u00e9n cumplidos<\/b>, Tuli\u00e1n es la s\u00edntesis perfecta del proyecto formativo que el club pretende consolidar. Su historia es la de un talento moldeado inicialmente en la Liga Cordobesa: se form\u00f3 en el club <b>Las Flores, tras un paso breve por<\/b> los scouts de <b>Medea (no lleg\u00f3 a firmar)<\/b>, ambos baluartes de la Primera B local.<\/p>\n<p>Considerado por la dirigencia y el cuerpo t\u00e9cnico como <b>\u201cla joya\u201d de la cantera<\/b>, Tuli\u00e1n no es un desconocido para el radar nacional. Viene de pisar fuerte en las selecciones juveniles de AFA, habiendo integrado el plantel del <b>Mundial Sub 17 en 2025<\/b> y consagr\u00e1ndose campe\u00f3n en el prestigioso torneo de <b>L\u2019Alcudia<\/b>. Su debut en Primera es la consecuencia l\u00f3gica de un proceso donde el \u201cpotrero\u201d le dio el car\u00e1cter y el predio de Villa Esqui\u00fa le aport\u00f3 la disciplina t\u00e1ctica.<\/p>\n<p>La confianza en su potencial es tal que Belgrano no solo le renov\u00f3 el contrato con una <b>cl\u00e1usula de salida de 15 millones de d\u00f3lares<\/b>, sino que recientemente renegoci\u00f3 con Las Flores para adquirir un 10% adicional de su ficha por 100.000 d\u00f3lares, asegurando que el club de origen mantenga un beneficio por su crecimiento futuro. Es un jugador de \u201cmanejo, lectura de juego y una madurez poco habitual\u201d que ahora asume la responsabilidad de tomar la posta creativa.<\/p>\n<blockquote class=\"instagram-media\" data-instgrm-captioned data-instgrm-permalink=\"https:\/\/www.instagram.com\/p\/DVCafmfgLOO\/?utm_source=ig_embed&amp;utm_campaign=loading\" data-instgrm-version=\"14\" style=\"background:#FFF;border:0;border-radius:3px;margin: 1px;max-width:540px;min-width:326px;padding:0;width:99.375%;width:-webkit-calc(100% - 2px);width:calc(100% - 2px)\">\n<div style=\"padding:16px\"> <a href=\"https:\/\/www.instagram.com\/p\/DVCafmfgLOO\/?utm_source=ig_embed&amp;utm_campaign=loading\" style=\"background:#FFFFFF;line-height:0;padding:0 0;text-align:center;text-decoration:none;width:100%\" target=\"_blank\"> <\/p>\n<div style=\"flex-direction: row;align-items: center\">\n<div style=\"background-color: #F4F4F4;border-radius: 50%;flex-grow: 0;height: 40px;margin-right: 14px;width: 40px\"><\/div>\n<div style=\"flex-direction: column;flex-grow: 1;justify-content: center\">\n<div style=\"background-color: #F4F4F4;border-radius: 4px;flex-grow: 0;height: 14px;margin-bottom: 6px;width: 100px\"><\/div>\n<div style=\"background-color: #F4F4F4;border-radius: 4px;flex-grow: 0;height: 14px;width: 60px\"><\/div>\n<\/div>\n<\/div>\n<div style=\"padding: 19% 0\"><\/div>\n<div style=\"height:50px;margin:0 auto 12px;width:50px\"><\/div>\n<div style=\"padding-top: 8px\">\n<div style=\"color:#3897f0;font-family:Arial,sans-serif;font-size:14px;font-style:normal;font-weight:550;line-height:18px\">Ver esta publicaci\u00f3n en Instagram<\/div>\n<\/div>\n<div style=\"padding: 12.5% 0\"><\/div>\n<div style=\"flex-direction: row;margin-bottom: 14px;align-items: center\">\n<div>\n<div style=\"background-color: #F4F4F4;border-radius: 50%;height: 12.5px;width: 12.5px\"><\/div>\n<div style=\"background-color: #F4F4F4;height: 12.5px;width: 12.5px;flex-grow: 0;margin-right: 14px;margin-left: 2px\"><\/div>\n<div style=\"background-color: #F4F4F4;border-radius: 50%;height: 12.5px;width: 12.5px\"><\/div>\n<\/div>\n<div style=\"margin-left: 8px\">\n<div style=\"background-color: #F4F4F4;border-radius: 50%;flex-grow: 0;height: 20px;width: 20px\"><\/div>\n<div style=\"width: 0;height: 0;border-top: 2px solid transparent;border-left: 6px solid #f4f4f4;border-bottom: 2px solid transparent\"><\/div>\n<\/div>\n<div style=\"margin-left: auto\">\n<div style=\"width: 0px;border-top: 8px solid #F4F4F4;border-right: 8px solid transparent\"><\/div>\n<div style=\"background-color: #F4F4F4;flex-grow: 0;height: 12px;width: 16px\"><\/div>\n<div style=\"width: 0;height: 0;border-top: 8px solid #F4F4F4;border-left: 8px solid transparent\"><\/div>\n<\/div>\n<\/div>\n<div style=\"flex-direction: column;flex-grow: 1;justify-content: center;margin-bottom: 24px\">\n<div style=\"background-color: #F4F4F4;border-radius: 4px;flex-grow: 0;height: 14px;margin-bottom: 6px;width: 224px\"><\/div>\n<div style=\"background-color: #F4F4F4;border-radius: 4px;flex-grow: 0;height: 14px;width: 144px\"><\/div>\n<\/div>\n<p><\/a><\/p>\n<p style=\"color:#c9c8cd;font-family:Arial,sans-serif;font-size:14px;line-height:17px;margin-bottom:0;margin-top:8px;overflow:hidden;padding:8px 0 7px;text-align:center;white-space:nowrap\"><a href=\"https:\/\/www.instagram.com\/p\/DVCafmfgLOO\/?utm_source=ig_embed&amp;utm_campaign=loading\" style=\"color:#c9c8cd;font-family:Arial,sans-serif;font-size:14px;font-style:normal;font-weight:normal;line-height:17px;text-decoration:none\" target=\"_blank\">Una publicaci\u00f3n compartida por Club Atle\u0301tico Belgrano (@clubatleticobelgrano)<\/a><\/p>\n<\/div>\n<\/blockquote>\n<h2>Un cambio de dimensiones temporales y conceptuales<\/h2>\n<p>La foto del cambio en el minuto 85 implica mucho m\u00e1s que una sustituci\u00f3n posicional. Es un <b>cambio de dimensiones temporales<\/b>. De un lado, el hombre que vivi\u00f3 la transici\u00f3n del Belgrano aguerrido de la promoci\u00f3n al Belgrano internacional de la \u00faltima d\u00e9cada; del otro, el pibe que representa el futuro de un club que apuesta a las joyas de su semillero para reinventarse.<\/p>\n<p>El ingreso de Tuli\u00e1n por V\u00e1zquez abre la puerta a una convivencia t\u00e1ctica que entusiasma al \u201cRuso\u201d Zielinski. Se vislumbra en el horizonte la posibilidad de un <b>tridente de \u201c10\u201d<\/b>, donde la experiencia del \u201cMudo\u201d y la electricidad de Tuli\u00e1n se unan al talento de <b>Lucas Zelaray\u00e1n<\/b>. Este Belgrano modelo 2025, de vuelta bajo el mando de Zielinski, busca alejarse de la excesiva dependencia defensiva para construir un f\u00fatbol con m\u00e1s variantes, donde el enganche por enganche no sea solo un cambio de nombres, sino una reafirmaci\u00f3n de identidad.<\/p>\n<p>Ramiro Tuli\u00e1n mostr\u00f3 aplomo en sus primeros minutos, pidiendo la pelota y anim\u00e1ndose a jugar con la misma convicci\u00f3n con la que lo hac\u00eda en las canchas de tierra de su barrio. El \u201cMudo\u201d, desde el banco, observaba el surgimiento de quien est\u00e1 llamado a heredar su legado.<\/p>\n<p>M\u00e1s all\u00e1 de la bronca por el empate de Defensa y Justicia en el tiempo adicional, el hincha de Belgrano se llev\u00f3 de Florencio Varela una certeza: el ciclo de la vida futbol\u00edstica sigue su curso. <\/p>\n<p>Entre el veterano que volvi\u00f3 enriquecido de Europa y el juvenil que brilla en las selecciones nacionales, el \u201cPirata\u201d est\u00e1 construyendo un puente hacia un futuro que pretende ser tan glorioso como aquel 2011, pero con la frescura y la calidad t\u00e9cnica que solo el semillero cordob\u00e9s puede proveer. <\/p>\n<p>El sue\u00f1o que empez\u00f3 en el potrero de Las Flores ha dado su primer gran paso en el f\u00fatbol grande, y la posta ya est\u00e1 en manos de la nueva generaci\u00f3n.<\/p>\n<blockquote class=\"instagram-media\" data-instgrm-captioned data-instgrm-permalink=\"https:\/\/www.instagram.com\/p\/DRFtShyjE24\/?utm_source=ig_embed&amp;utm_campaign=loading\" data-instgrm-version=\"14\" style=\"background:#FFF;border:0;border-radius:3px;margin: 1px;max-width:658px;min-width:326px;padding:0;width:99.375%;width:-webkit-calc(100% - 2px);width:calc(100% - 2px)\">\n<div style=\"padding:16px\"> <a href=\"https:\/\/www.instagram.com\/p\/DRFtShyjE24\/?utm_source=ig_embed&amp;utm_campaign=loading\" style=\"background:#FFFFFF;line-height:0;padding:0 0;text-align:center;text-decoration:none;width:100%\" target=\"_blank\"> <\/p>\n<div style=\"flex-direction: row;align-items: center\">\n<div style=\"background-color: #F4F4F4;border-radius: 50%;flex-grow: 0;height: 40px;margin-right: 14px;width: 40px\"><\/div>\n<div style=\"flex-direction: column;flex-grow: 1;justify-content: center\">\n<div style=\"background-color: #F4F4F4;border-radius: 4px;flex-grow: 0;height: 14px;margin-bottom: 6px;width: 100px\"><\/div>\n<div style=\"background-color: #F4F4F4;border-radius: 4px;flex-grow: 0;height: 14px;width: 60px\"><\/div>\n<\/div>\n<\/div>\n<div style=\"padding: 19% 0\"><\/div>\n<div style=\"height:50px;margin:0 auto 12px;width:50px\"><\/div>\n<div style=\"padding-top: 8px\">\n<div style=\"color:#3897f0;font-family:Arial,sans-serif;font-size:14px;font-style:normal;font-weight:550;line-height:18px\">View this post on Instagram<\/div>\n<\/div>\n<div style=\"padding: 12.5% 0\"><\/div>\n<div style=\"flex-direction: row;margin-bottom: 14px;align-items: center\">\n<div>\n<div style=\"background-color: #F4F4F4;border-radius: 50%;height: 12.5px;width: 12.5px\"><\/div>\n<div style=\"background-color: #F4F4F4;height: 12.5px;width: 12.5px;flex-grow: 0;margin-right: 14px;margin-left: 2px\"><\/div>\n<div style=\"background-color: #F4F4F4;border-radius: 50%;height: 12.5px;width: 12.5px\"><\/div>\n<\/div>\n<div style=\"margin-left: 8px\">\n<div style=\"background-color: #F4F4F4;border-radius: 50%;flex-grow: 0;height: 20px;width: 20px\"><\/div>\n<div style=\"width: 0;height: 0;border-top: 2px solid transparent;border-left: 6px solid #f4f4f4;border-bottom: 2px solid transparent\"><\/div>\n<\/div>\n<div style=\"margin-left: auto\">\n<div style=\"width: 0px;border-top: 8px solid #F4F4F4;border-right: 8px solid transparent\"><\/div>\n<div style=\"background-color: #F4F4F4;flex-grow: 0;height: 12px;width: 16px\"><\/div>\n<div style=\"width: 0;height: 0;border-top: 8px solid #F4F4F4;border-left: 8px solid transparent\"><\/div>\n<\/div>\n<\/div>\n<div style=\"flex-direction: column;flex-grow: 1;justify-content: center;margin-bottom: 24px\">\n<div style=\"background-color: #F4F4F4;border-radius: 4px;flex-grow: 0;height: 14px;margin-bottom: 6px;width: 224px\"><\/div>\n<div style=\"background-color: #F4F4F4;border-radius: 4px;flex-grow: 0;height: 14px;width: 144px\"><\/div>\n<\/div>\n<p><\/a><\/div>\n<\/blockquote>\n<blockquote class=\"instagram-media\" data-instgrm-captioned data-instgrm-permalink=\"https:\/\/www.instagram.com\/p\/DMxdBhDMMdn\/?utm_source=ig_embed&amp;utm_campaign=loading\" data-instgrm-version=\"14\" style=\"background:#FFF;border:0;border-radius:3px;margin: 1px;max-width:658px;min-width:326px;padding:0;width:99.375%;width:-webkit-calc(100% - 2px);width:calc(100% - 2px)\">\n<div style=\"padding:16px\"> <a href=\"https:\/\/www.instagram.com\/p\/DMxdBhDMMdn\/?utm_source=ig_embed&amp;utm_campaign=loading\" style=\"background:#FFFFFF;line-height:0;padding:0 0;text-align:center;text-decoration:none;width:100%\" target=\"_blank\"> <\/p>\n<div style=\"flex-direction: row;align-items: center\">\n<div style=\"background-color: #F4F4F4;border-radius: 50%;flex-grow: 0;height: 40px;margin-right: 14px;width: 40px\"><\/div>\n<div style=\"flex-direction: column;flex-grow: 1;justify-content: center\">\n<div style=\"background-color: #F4F4F4;border-radius: 4px;flex-grow: 0;height: 14px;margin-bottom: 6px;width: 100px\"><\/div>\n<div style=\"background-color: #F4F4F4;border-radius: 4px;flex-grow: 0;height: 14px;width: 60px\"><\/div>\n<\/div>\n<\/div>\n<div style=\"padding: 19% 0\"><\/div>\n<div style=\"height:50px;margin:0 auto 12px;width:50px\"><\/div>\n<div style=\"padding-top: 8px\">\n<div style=\"color:#3897f0;font-family:Arial,sans-serif;font-size:14px;font-style:normal;font-weight:550;line-height:18px\">View this post on Instagram<\/div>\n<\/div>\n<div style=\"padding: 12.5% 0\"><\/div>\n<div style=\"flex-direction: row;margin-bottom: 14px;align-items: center\">\n<div>\n<div style=\"background-color: #F4F4F4;border-radius: 50%;height: 12.5px;width: 12.5px\"><\/div>\n<div style=\"background-color: #F4F4F4;height: 12.5px;width: 12.5px;flex-grow: 0;margin-right: 14px;margin-left: 2px\"><\/div>\n<div style=\"background-color: #F4F4F4;border-radius: 50%;height: 12.5px;width: 12.5px\"><\/div>\n<\/div>\n<div style=\"margin-left: 8px\">\n<div style=\"background-color: #F4F4F4;border-radius: 50%;flex-grow: 0;height: 20px;width: 20px\"><\/div>\n<div style=\"width: 0;height: 0;border-top: 2px solid transparent;border-left: 6px solid #f4f4f4;border-bottom: 2px solid transparent\"><\/div>\n<\/div>\n<div style=\"margin-left: auto\">\n<div style=\"width: 0px;border-top: 8px solid #F4F4F4;border-right: 8px solid transparent\"><\/div>\n<div style=\"background-color: #F4F4F4;flex-grow: 0;height: 12px;width: 16px\"><\/div>\n<div style=\"width: 0;height: 0;border-top: 8px solid #F4F4F4;border-left: 8px solid transparent\"><\/div>\n<\/div>\n<\/div>\n<div style=\"flex-direction: column;flex-grow: 1;justify-content: center;margin-bottom: 24px\">\n<div style=\"background-color: #F4F4F4;border-radius: 4px;flex-grow: 0;height: 14px;margin-bottom: 6px;width: 224px\"><\/div>\n<div style=\"background-color: #F4F4F4;border-radius: 4px;flex-grow: 0;height: 14px;width: 144px\"><\/div>\n<\/div>\n<p><\/a><\/div>\n<\/blockquote>\n","protected":false},"excerpt":{"rendered":"<p>El f\u00fatbol, a veces, se encarga de escribir guiones que<\/p>\n","protected":false},"author":0,"featured_media":12471,"comment_status":"","ping_status":"","sticky":false,"template":"","format":"standard","meta":{"footnotes":""},"categories":[65],"tags":[],"class_list":["post-12470","post","type-post","status-publish","format-standard","has-post-thumbnail","hentry","category-pais"],"yoast_head":"<!-- This site is optimized with the Yoast SEO plugin v27.5 - https:\/\/yoast.com\/product\/yoast-seo-wordpress\/ -->\n<title>Sale \u201cel Mudo\u201d V\u00e1zquez, debut del pibe Tuli\u00e1n: el cambio que uni\u00f3 a dos eras en Belgrano - Cuarteto en la Web<\/title>\n<meta name=\"robots\" content=\"index, follow, max-snippet:-1, max-image-preview:large, max-video-preview:-1\" \/>\n<link rel=\"canonical\" href=\"https:\/\/cuartetoenlaweb.com.ar\/sitio\/sale-el-mudo-vazquez-debut-del-pibe-tulian-el-cambio-que-unio-a-dos-eras-en-belgrano\/\" \/>\n<meta property=\"og:locale\" content=\"es_ES\" \/>\n<meta property=\"og:type\" content=\"article\" \/>\n<meta property=\"og:title\" content=\"Sale \u201cel Mudo\u201d V\u00e1zquez, debut del pibe Tuli\u00e1n: el cambio que uni\u00f3 a dos eras en Belgrano - Cuarteto en la Web\" \/>\n<meta property=\"og:description\" content=\"El f\u00fatbol, a veces, se encarga de escribir guiones que\" \/>\n<meta property=\"og:url\" content=\"https:\/\/cuartetoenlaweb.com.ar\/sitio\/sale-el-mudo-vazquez-debut-del-pibe-tulian-el-cambio-que-unio-a-dos-eras-en-belgrano\/\" \/>\n<meta property=\"og:site_name\" content=\"Cuarteto en la Web\" \/>\n<meta property=\"article:published_time\" content=\"2026-02-23T01:00:19+00:00\" \/>\n<meta property=\"og:image\" content=\"https:\/\/cuartetoenlaweb.com.ar\/sitio\/wp-content\/uploads\/2026\/02\/2EHPZ4LPZ5AC3G2YO5JJEIO6RM.jpeg\" \/>\n\t<meta property=\"og:image:width\" content=\"1599\" \/>\n\t<meta property=\"og:image:height\" content=\"1003\" \/>\n\t<meta property=\"og:image:type\" content=\"image\/jpeg\" \/>\n<meta name=\"twitter:card\" content=\"summary_large_image\" \/>\n<meta name=\"twitter:label1\" content=\"Tiempo de lectura\" \/>\n\t<meta name=\"twitter:data1\" content=\"5 minutos\" \/>\n<script type=\"application\/ld+json\" class=\"yoast-schema-graph\">{\"@context\":\"https:\\\/\\\/schema.org\",\"@graph\":[{\"@type\":\"Article\",\"@id\":\"https:\\\/\\\/cuartetoenlaweb.com.ar\\\/sitio\\\/sale-el-mudo-vazquez-debut-del-pibe-tulian-el-cambio-que-unio-a-dos-eras-en-belgrano\\\/#article\",\"isPartOf\":{\"@id\":\"https:\\\/\\\/cuartetoenlaweb.com.ar\\\/sitio\\\/sale-el-mudo-vazquez-debut-del-pibe-tulian-el-cambio-que-unio-a-dos-eras-en-belgrano\\\/\"},\"author\":{\"name\":\"\",\"@id\":\"\"},\"headline\":\"Sale \u201cel Mudo\u201d V\u00e1zquez, debut del pibe Tuli\u00e1n: el cambio que uni\u00f3 a dos eras en Belgrano\",\"datePublished\":\"2026-02-23T01:00:19+00:00\",\"mainEntityOfPage\":{\"@id\":\"https:\\\/\\\/cuartetoenlaweb.com.ar\\\/sitio\\\/sale-el-mudo-vazquez-debut-del-pibe-tulian-el-cambio-que-unio-a-dos-eras-en-belgrano\\\/\"},\"wordCount\":1046,\"publisher\":{\"@id\":\"http:\\\/\\\/cuartetoenlaweb.com.ar\\\/sitio\\\/#organization\"},\"image\":{\"@id\":\"https:\\\/\\\/cuartetoenlaweb.com.ar\\\/sitio\\\/sale-el-mudo-vazquez-debut-del-pibe-tulian-el-cambio-que-unio-a-dos-eras-en-belgrano\\\/#primaryimage\"},\"thumbnailUrl\":\"https:\\\/\\\/cuartetoenlaweb.com.ar\\\/sitio\\\/wp-content\\\/uploads\\\/2026\\\/02\\\/2EHPZ4LPZ5AC3G2YO5JJEIO6RM.jpeg\",\"articleSection\":[\"PAIS\"],\"inLanguage\":\"es\"},{\"@type\":\"WebPage\",\"@id\":\"https:\\\/\\\/cuartetoenlaweb.com.ar\\\/sitio\\\/sale-el-mudo-vazquez-debut-del-pibe-tulian-el-cambio-que-unio-a-dos-eras-en-belgrano\\\/\",\"url\":\"https:\\\/\\\/cuartetoenlaweb.com.ar\\\/sitio\\\/sale-el-mudo-vazquez-debut-del-pibe-tulian-el-cambio-que-unio-a-dos-eras-en-belgrano\\\/\",\"name\":\"Sale \u201cel Mudo\u201d V\u00e1zquez, debut del pibe Tuli\u00e1n: el cambio que uni\u00f3 a dos eras en Belgrano - Cuarteto en la Web\",\"isPartOf\":{\"@id\":\"http:\\\/\\\/cuartetoenlaweb.com.ar\\\/sitio\\\/#website\"},\"primaryImageOfPage\":{\"@id\":\"https:\\\/\\\/cuartetoenlaweb.com.ar\\\/sitio\\\/sale-el-mudo-vazquez-debut-del-pibe-tulian-el-cambio-que-unio-a-dos-eras-en-belgrano\\\/#primaryimage\"},\"image\":{\"@id\":\"https:\\\/\\\/cuartetoenlaweb.com.ar\\\/sitio\\\/sale-el-mudo-vazquez-debut-del-pibe-tulian-el-cambio-que-unio-a-dos-eras-en-belgrano\\\/#primaryimage\"},\"thumbnailUrl\":\"https:\\\/\\\/cuartetoenlaweb.com.ar\\\/sitio\\\/wp-content\\\/uploads\\\/2026\\\/02\\\/2EHPZ4LPZ5AC3G2YO5JJEIO6RM.jpeg\",\"datePublished\":\"2026-02-23T01:00:19+00:00\",\"breadcrumb\":{\"@id\":\"https:\\\/\\\/cuartetoenlaweb.com.ar\\\/sitio\\\/sale-el-mudo-vazquez-debut-del-pibe-tulian-el-cambio-que-unio-a-dos-eras-en-belgrano\\\/#breadcrumb\"},\"inLanguage\":\"es\",\"potentialAction\":[{\"@type\":\"ReadAction\",\"target\":[\"https:\\\/\\\/cuartetoenlaweb.com.ar\\\/sitio\\\/sale-el-mudo-vazquez-debut-del-pibe-tulian-el-cambio-que-unio-a-dos-eras-en-belgrano\\\/\"]}]},{\"@type\":\"ImageObject\",\"inLanguage\":\"es\",\"@id\":\"https:\\\/\\\/cuartetoenlaweb.com.ar\\\/sitio\\\/sale-el-mudo-vazquez-debut-del-pibe-tulian-el-cambio-que-unio-a-dos-eras-en-belgrano\\\/#primaryimage\",\"url\":\"https:\\\/\\\/cuartetoenlaweb.com.ar\\\/sitio\\\/wp-content\\\/uploads\\\/2026\\\/02\\\/2EHPZ4LPZ5AC3G2YO5JJEIO6RM.jpeg\",\"contentUrl\":\"https:\\\/\\\/cuartetoenlaweb.com.ar\\\/sitio\\\/wp-content\\\/uploads\\\/2026\\\/02\\\/2EHPZ4LPZ5AC3G2YO5JJEIO6RM.jpeg\",\"width\":1599,\"height\":1003},{\"@type\":\"BreadcrumbList\",\"@id\":\"https:\\\/\\\/cuartetoenlaweb.com.ar\\\/sitio\\\/sale-el-mudo-vazquez-debut-del-pibe-tulian-el-cambio-que-unio-a-dos-eras-en-belgrano\\\/#breadcrumb\",\"itemListElement\":[{\"@type\":\"ListItem\",\"position\":1,\"name\":\"Portada\",\"item\":\"http:\\\/\\\/cuartetoenlaweb.com.ar\\\/sitio\\\/\"},{\"@type\":\"ListItem\",\"position\":2,\"name\":\"Sale \u201cel Mudo\u201d V\u00e1zquez, debut del pibe Tuli\u00e1n: el cambio que uni\u00f3 a dos eras en Belgrano\"}]},{\"@type\":\"WebSite\",\"@id\":\"http:\\\/\\\/cuartetoenlaweb.com.ar\\\/sitio\\\/#website\",\"url\":\"http:\\\/\\\/cuartetoenlaweb.com.ar\\\/sitio\\\/\",\"name\":\"Cuarteto en la Web\",\"description\":\"\",\"publisher\":{\"@id\":\"http:\\\/\\\/cuartetoenlaweb.com.ar\\\/sitio\\\/#organization\"},\"potentialAction\":[{\"@type\":\"SearchAction\",\"target\":{\"@type\":\"EntryPoint\",\"urlTemplate\":\"http:\\\/\\\/cuartetoenlaweb.com.ar\\\/sitio\\\/?s={search_term_string}\"},\"query-input\":{\"@type\":\"PropertyValueSpecification\",\"valueRequired\":true,\"valueName\":\"search_term_string\"}}],\"inLanguage\":\"es\"},{\"@type\":\"Organization\",\"@id\":\"http:\\\/\\\/cuartetoenlaweb.com.ar\\\/sitio\\\/#organization\",\"name\":\"Cuarteto en la Web\",\"url\":\"http:\\\/\\\/cuartetoenlaweb.com.ar\\\/sitio\\\/\",\"logo\":{\"@type\":\"ImageObject\",\"inLanguage\":\"es\",\"@id\":\"http:\\\/\\\/cuartetoenlaweb.com.ar\\\/sitio\\\/#\\\/schema\\\/logo\\\/image\\\/\",\"url\":\"https:\\\/\\\/cuartetoenlaweb.com.ar\\\/sitio\\\/wp-content\\\/uploads\\\/2025\\\/07\\\/cropped-cropped-logitoweb21.png\",\"contentUrl\":\"https:\\\/\\\/cuartetoenlaweb.com.ar\\\/sitio\\\/wp-content\\\/uploads\\\/2025\\\/07\\\/cropped-cropped-logitoweb21.png\",\"width\":199,\"height\":199,\"caption\":\"Cuarteto en la Web\"},\"image\":{\"@id\":\"http:\\\/\\\/cuartetoenlaweb.com.ar\\\/sitio\\\/#\\\/schema\\\/logo\\\/image\\\/\"}}]}<\/script>\n<!-- \/ Yoast SEO plugin. -->","yoast_head_json":{"title":"Sale \u201cel Mudo\u201d V\u00e1zquez, debut del pibe Tuli\u00e1n: el cambio que uni\u00f3 a dos eras en Belgrano - Cuarteto en la Web","robots":{"index":"index","follow":"follow","max-snippet":"max-snippet:-1","max-image-preview":"max-image-preview:large","max-video-preview":"max-video-preview:-1"},"canonical":"https:\/\/cuartetoenlaweb.com.ar\/sitio\/sale-el-mudo-vazquez-debut-del-pibe-tulian-el-cambio-que-unio-a-dos-eras-en-belgrano\/","og_locale":"es_ES","og_type":"article","og_title":"Sale \u201cel Mudo\u201d V\u00e1zquez, debut del pibe Tuli\u00e1n: el cambio que uni\u00f3 a dos eras en Belgrano - Cuarteto en la Web","og_description":"El f\u00fatbol, a veces, se encarga de escribir guiones que","og_url":"https:\/\/cuartetoenlaweb.com.ar\/sitio\/sale-el-mudo-vazquez-debut-del-pibe-tulian-el-cambio-que-unio-a-dos-eras-en-belgrano\/","og_site_name":"Cuarteto en la Web","article_published_time":"2026-02-23T01:00:19+00:00","og_image":[{"width":1599,"height":1003,"url":"https:\/\/cuartetoenlaweb.com.ar\/sitio\/wp-content\/uploads\/2026\/02\/2EHPZ4LPZ5AC3G2YO5JJEIO6RM.jpeg","type":"image\/jpeg"}],"twitter_card":"summary_large_image","twitter_misc":{"Tiempo de lectura":"5 minutos"},"schema":{"@context":"https:\/\/schema.org","@graph":[{"@type":"Article","@id":"https:\/\/cuartetoenlaweb.com.ar\/sitio\/sale-el-mudo-vazquez-debut-del-pibe-tulian-el-cambio-que-unio-a-dos-eras-en-belgrano\/#article","isPartOf":{"@id":"https:\/\/cuartetoenlaweb.com.ar\/sitio\/sale-el-mudo-vazquez-debut-del-pibe-tulian-el-cambio-que-unio-a-dos-eras-en-belgrano\/"},"author":{"name":"","@id":""},"headline":"Sale \u201cel Mudo\u201d V\u00e1zquez, debut del pibe Tuli\u00e1n: el cambio que uni\u00f3 a dos eras en Belgrano","datePublished":"2026-02-23T01:00:19+00:00","mainEntityOfPage":{"@id":"https:\/\/cuartetoenlaweb.com.ar\/sitio\/sale-el-mudo-vazquez-debut-del-pibe-tulian-el-cambio-que-unio-a-dos-eras-en-belgrano\/"},"wordCount":1046,"publisher":{"@id":"http:\/\/cuartetoenlaweb.com.ar\/sitio\/#organization"},"image":{"@id":"https:\/\/cuartetoenlaweb.com.ar\/sitio\/sale-el-mudo-vazquez-debut-del-pibe-tulian-el-cambio-que-unio-a-dos-eras-en-belgrano\/#primaryimage"},"thumbnailUrl":"https:\/\/cuartetoenlaweb.com.ar\/sitio\/wp-content\/uploads\/2026\/02\/2EHPZ4LPZ5AC3G2YO5JJEIO6RM.jpeg","articleSection":["PAIS"],"inLanguage":"es"},{"@type":"WebPage","@id":"https:\/\/cuartetoenlaweb.com.ar\/sitio\/sale-el-mudo-vazquez-debut-del-pibe-tulian-el-cambio-que-unio-a-dos-eras-en-belgrano\/","url":"https:\/\/cuartetoenlaweb.com.ar\/sitio\/sale-el-mudo-vazquez-debut-del-pibe-tulian-el-cambio-que-unio-a-dos-eras-en-belgrano\/","name":"Sale \u201cel Mudo\u201d V\u00e1zquez, debut del pibe Tuli\u00e1n: el cambio que uni\u00f3 a dos eras en Belgrano - Cuarteto en la Web","isPartOf":{"@id":"http:\/\/cuartetoenlaweb.com.ar\/sitio\/#website"},"primaryImageOfPage":{"@id":"https:\/\/cuartetoenlaweb.com.ar\/sitio\/sale-el-mudo-vazquez-debut-del-pibe-tulian-el-cambio-que-unio-a-dos-eras-en-belgrano\/#primaryimage"},"image":{"@id":"https:\/\/cuartetoenlaweb.com.ar\/sitio\/sale-el-mudo-vazquez-debut-del-pibe-tulian-el-cambio-que-unio-a-dos-eras-en-belgrano\/#primaryimage"},"thumbnailUrl":"https:\/\/cuartetoenlaweb.com.ar\/sitio\/wp-content\/uploads\/2026\/02\/2EHPZ4LPZ5AC3G2YO5JJEIO6RM.jpeg","datePublished":"2026-02-23T01:00:19+00:00","breadcrumb":{"@id":"https:\/\/cuartetoenlaweb.com.ar\/sitio\/sale-el-mudo-vazquez-debut-del-pibe-tulian-el-cambio-que-unio-a-dos-eras-en-belgrano\/#breadcrumb"},"inLanguage":"es","potentialAction":[{"@type":"ReadAction","target":["https:\/\/cuartetoenlaweb.com.ar\/sitio\/sale-el-mudo-vazquez-debut-del-pibe-tulian-el-cambio-que-unio-a-dos-eras-en-belgrano\/"]}]},{"@type":"ImageObject","inLanguage":"es","@id":"https:\/\/cuartetoenlaweb.com.ar\/sitio\/sale-el-mudo-vazquez-debut-del-pibe-tulian-el-cambio-que-unio-a-dos-eras-en-belgrano\/#primaryimage","url":"https:\/\/cuartetoenlaweb.com.ar\/sitio\/wp-content\/uploads\/2026\/02\/2EHPZ4LPZ5AC3G2YO5JJEIO6RM.jpeg","contentUrl":"https:\/\/cuartetoenlaweb.com.ar\/sitio\/wp-content\/uploads\/2026\/02\/2EHPZ4LPZ5AC3G2YO5JJEIO6RM.jpeg","width":1599,"height":1003},{"@type":"BreadcrumbList","@id":"https:\/\/cuartetoenlaweb.com.ar\/sitio\/sale-el-mudo-vazquez-debut-del-pibe-tulian-el-cambio-que-unio-a-dos-eras-en-belgrano\/#breadcrumb","itemListElement":[{"@type":"ListItem","position":1,"name":"Portada","item":"http:\/\/cuartetoenlaweb.com.ar\/sitio\/"},{"@type":"ListItem","position":2,"name":"Sale \u201cel Mudo\u201d V\u00e1zquez, debut del pibe Tuli\u00e1n: el cambio que uni\u00f3 a dos eras en Belgrano"}]},{"@type":"WebSite","@id":"http:\/\/cuartetoenlaweb.com.ar\/sitio\/#website","url":"http:\/\/cuartetoenlaweb.com.ar\/sitio\/","name":"Cuarteto en la Web","description":"","publisher":{"@id":"http:\/\/cuartetoenlaweb.com.ar\/sitio\/#organization"},"potentialAction":[{"@type":"SearchAction","target":{"@type":"EntryPoint","urlTemplate":"http:\/\/cuartetoenlaweb.com.ar\/sitio\/?s={search_term_string}"},"query-input":{"@type":"PropertyValueSpecification","valueRequired":true,"valueName":"search_term_string"}}],"inLanguage":"es"},{"@type":"Organization","@id":"http:\/\/cuartetoenlaweb.com.ar\/sitio\/#organization","name":"Cuarteto en la Web","url":"http:\/\/cuartetoenlaweb.com.ar\/sitio\/","logo":{"@type":"ImageObject","inLanguage":"es","@id":"http:\/\/cuartetoenlaweb.com.ar\/sitio\/#\/schema\/logo\/image\/","url":"https:\/\/cuartetoenlaweb.com.ar\/sitio\/wp-content\/uploads\/2025\/07\/cropped-cropped-logitoweb21.png","contentUrl":"https:\/\/cuartetoenlaweb.com.ar\/sitio\/wp-content\/uploads\/2025\/07\/cropped-cropped-logitoweb21.png","width":199,"height":199,"caption":"Cuarteto en la Web"},"image":{"@id":"http:\/\/cuartetoenlaweb.com.ar\/sitio\/#\/schema\/logo\/image\/"}}]}},"_links":{"self":[{"href":"https:\/\/cuartetoenlaweb.com.ar\/sitio\/wp-json\/wp\/v2\/posts\/12470","targetHints":{"allow":["GET"]}}],"collection":[{"href":"https:\/\/cuartetoenlaweb.com.ar\/sitio\/wp-json\/wp\/v2\/posts"}],"about":[{"href":"https:\/\/cuartetoenlaweb.com.ar\/sitio\/wp-json\/wp\/v2\/types\/post"}],"replies":[{"embeddable":true,"href":"https:\/\/cuartetoenlaweb.com.ar\/sitio\/wp-json\/wp\/v2\/comments?post=12470"}],"version-history":[{"count":0,"href":"https:\/\/cuartetoenlaweb.com.ar\/sitio\/wp-json\/wp\/v2\/posts\/12470\/revisions"}],"wp:featuredmedia":[{"embeddable":true,"href":"https:\/\/cuartetoenlaweb.com.ar\/sitio\/wp-json\/wp\/v2\/media\/12471"}],"wp:attachment":[{"href":"https:\/\/cuartetoenlaweb.com.ar\/sitio\/wp-json\/wp\/v2\/media?parent=12470"}],"wp:term":[{"taxonomy":"category","embeddable":true,"href":"https:\/\/cuartetoenlaweb.com.ar\/sitio\/wp-json\/wp\/v2\/categories?post=12470"},{"taxonomy":"post_tag","embeddable":true,"href":"https:\/\/cuartetoenlaweb.com.ar\/sitio\/wp-json\/wp\/v2\/tags?post=12470"}],"curies":[{"name":"wp","href":"https:\/\/api.w.org\/{rel}","templated":true}]}}