
{"id":12467,"date":"2026-02-22T22:00:17","date_gmt":"2026-02-23T01:00:17","guid":{"rendered":"https:\/\/cuartetoenlaweb.com.ar\/sitio\/una-herida-profunda-que-cambio-la-situacion-en-medio-oriente\/"},"modified":"2026-02-22T22:00:17","modified_gmt":"2026-02-23T01:00:17","slug":"una-herida-profunda-que-cambio-la-situacion-en-medio-oriente","status":"publish","type":"post","link":"https:\/\/cuartetoenlaweb.com.ar\/sitio\/una-herida-profunda-que-cambio-la-situacion-en-medio-oriente\/","title":{"rendered":"Una herida profunda que cambi\u00f3 la situaci\u00f3n en Medio Oriente"},"content":{"rendered":"<p><i><b>Especial desde Jerusal\u00e9n, Israel.<\/b><\/i><\/p>\n<p>Solo recorriendo el pa\u00eds y conversando con sus protagonistas se comprende la herida profunda que provocaron el ataque y la masacre en una amplia zona pr\u00f3xima a Gaza, por parte de Ham\u00e1s el 7 de octubre de 2023. <\/p>\n<p>La reacci\u00f3n contra las milicias que asesinaron a m\u00e1s de 1.200 residentes y el secuestro de 251 personas de distintas nacionalidades -hab\u00eda 24 argentinos entre ellos-, no solamente provino de autoridades y fuentes militares, sino tambi\u00e9n de quienes alentaban la convivencia e, incluso, de quienes ten\u00edan posiciones de izquierda. <\/p>\n<p>El trauma es comparado con el sentimiento de la sociedad norteamericana luego del atentado a las Torres Gemelas, el 11 de septiembre de 2000, al sentirse vulnerada en su propio territorio. <\/p>\n<p>Distintos actores de la sociedad israel\u00ed, incluso en \u00e1mbitos diplom\u00e1ticos, se alude a un \u201cpeque\u00f1o holocausto\u201d, ya que los militantes de Ham\u00e1s ingresaron violentamente al territorio, torturaron, violaron y mataron con una profunda crueldad. <\/p>\n<p>Los secuestrados sufrieron tormentos durante su cautiverio, inconcebibles para un mundo civilizado. <\/p>\n<p>Las aterradoras im\u00e1genes fueron grabadas y luego difundidas por los fan\u00e1ticos integrantes de la milicia isl\u00e1mica-palestina. <\/p>\n<h2>Una herida con impacto regional <\/h2>\n<p>En Israel, distintos sectores militares y civiles son partidarios de una r\u00e9plica contundente contra Ham\u00e1s y Hezbollah, dos brazos armados de la guerrilla que tienen financiamiento de Ir\u00e1n. Es probable que los miembros de estos grupos hayan recibido adiestramiento militar en Qatar. <\/p>\n<p>\u201cPuede ser\u201d, se repite con frecuencia en las esferas de poder sobre el probable ataque de Estados Unidos a Ir\u00e1n, del posible lanzamiento de misiles de este pa\u00eds contra Israel, o bien de nuevas incursiones de la aviaci\u00f3n israel\u00ed contra instalaciones nucleares y misil\u00edsticas de los persas. <\/p>\n<p>El presidente Donal Trump intim\u00f3 a los gobernantes de Ir\u00e1n a que en un plazo perentorio -\u00bfuna semana?- desmantele la c\u00fapula oficial y al ayatollah Khameini, para evitar acciones militares. <\/p>\n<p><img loading=\"lazy\" decoding=\"async\" src=\"https:\/\/www.lavoz.com.ar\/resizer\/OR4FdRC5nxBiLnTagBAVej7uT0w=\/cloudfront-us-east-1.images.arcpublishing.com\/grupoclarin\/FN42JB6R4NGW3M5NYEC7SMM4WY.jpeg\" alt=\"Israel: Abraham, sobreviviente del kibbutz Beer\u00ed, a\u00fan lo desvelan los malos recuerdos del 7 de octubre de 2023. (La Voz)\" height=\"1280\" width=\"960\" \/><\/p>\n<p>Analistas de la situaci\u00f3n temen que una incursi\u00f3n de Estados Unidos o de Israel sobre los objetivos nucleares de Ir\u00e1n desaten la solidaridad de China y de Rusia, para evitar perder influencia regional. <\/p>\n<p>Funcionarios de la canciller\u00eda israel\u00ed; Beni Santi, analista y comentarista de televisi\u00f3n sobre temas iran\u00edes y el reservista militar Avir Avivi coinciden en que es necesario detener la producci\u00f3n anual de 1.200 misiles de largo alcance y eliminar el uranio enriquecido que posee el pa\u00eds persa, como paso previo a la fabricaci\u00f3n de una bomba at\u00f3mica. <\/p>\n<p>En el norte de Israel, en la frontera con El L\u00edbano, sigue operando la guerrilla proiran\u00ed de Hezbollah, disminuida en su \u201ccapacidad de da\u00f1o\u201d, pero no extinguida. <\/p>\n<p>La delegaci\u00f3n de periodistas latinoamericanos que recorre el pa\u00eds, entre los que se encuentra el enviado de La Voz, invitados por la organizaci\u00f3n B\u2019nai B\u2019rith, conoci\u00f3 que dos integrantes de Hezbollah fueron muertos por la Fuerza de Defensa Israel\u00ed (FDI) el martes \u00faltimo, seg\u00fan fuentes militares. <\/p>\n<p>\u201cHezbollah no va a desaparecer\u201d, advierte Zoe Levornik, investigadora del centro de estudios Alma, en Tefen, a unos 15 kil\u00f3metros de la frontera sur de El L\u00edbano con Israel. <\/p>\n<p>\u201cEl grupo se est\u00e1 reorganizando ahora despu\u00e9s de los ataques israel\u00edes, pero posee una estructura de t\u00faneles y de armamento que lo hace peligroso\u201d, agrega. <\/p>\n<p>La acci\u00f3n de los beepers expuso globalmente a Hezbollah. <\/p>\n<h2>Cambio de posici\u00f3n <\/h2>\n<p>Diego Sciretra, un cordob\u00e9s que estudi\u00f3 en Ciencias de la Comunicaci\u00f3n de la UNC, reside ahora en Sderot, a s\u00f3lo dos kil\u00f3metros de la barrera que separa esa localidad del sudoeste israel\u00ed con Gaza. <\/p>\n<p>Militante de la convivencia pac\u00edfica entre israel\u00edes y palestinos, Sciretra abandon\u00f3 esa posici\u00f3n tras los graves sucesos del 7 de octubre. Sin embargo, cree que la convivencia es a\u00fan factible si Ham\u00e1s desaparece definitivamente de Gaza. <\/p>\n<p><img loading=\"lazy\" decoding=\"async\" src=\"https:\/\/www.lavoz.com.ar\/resizer\/8p4Xffzou7EiVKuhlh4uPPLoxJE=\/cloudfront-us-east-1.images.arcpublishing.com\/grupoclarin\/IARHHLSKUZFHJKTG44SBOZBHDA.jpeg\" alt=\"Israel: Diego Sciretra, un cordob\u00e9s reside ahora en Sderot, a s\u00f3lo dos kil\u00f3metros de la barrera que separa esa localidad del sudoeste israel\u00ed con Gaza. (La Voz)\" height=\"1600\" width=\"1600\" \/><\/p>\n<p>\u201cEs una guerra cultural, porque ellos hablan de eliminar a Israel\u201d, se queja quien observ\u00f3 con preocupaci\u00f3n c\u00f3mo los guerrilleros de Ham\u00e1s tomaron la comisar\u00eda del poblado y se enfrentaron durante varias horas a las fuerzas militares. Todos los invasores resultaron muertos. <\/p>\n<p>\u201cAbrumi\u201d (por Abraham), un exresidente del kibbutz Beer\u00ed, a\u00fan conserva aterradores recuerdos del encierro que sufri\u00f3 en el refugio de su casa durante 17 horas, mientras los insurgentes dispararon contra la vivienda. Luego, le prendieron fuego, con \u00e9l y su mujer encerrados en el cuarto de seguriad. <\/p>\n<p>\u201cA veces me despierto por las noches y siento una sensaci\u00f3n de ahogo\u201d, afirma. Tiene la esperanza de volver a Beer\u00ed, hoy destruido en su mayor parte. <\/p>\n<p>Hay diferentes especulaciones sobre qu\u00e9 fall\u00f3 para que esas milicias cometieran los cr\u00edmenes y vejaciones a la condici\u00f3n humana, sin que su incursi\u00f3n fuera detectada y eliminada a tiempo. <\/p>\n<p>Una fuente que sirvi\u00f3 en las operaciones de los servicios de inteligencia considera que \u201cla pol\u00edtica amigable\u201d (de negociaci\u00f3n) de Benjamin Netanyahu con Gaza y con Ir\u00e1n alent\u00f3 el crecimiento de grupos enemigos a la existencia del Estado de Israel, creado el 14 de mayo de 1948. <\/p>\n<p>El primer ministro Netanyahu, con varios per\u00edodos no sucesivos en el Gobierno, podr\u00eda volver a ser la primera minor\u00eda en las elecciones del 27 de octubre pr\u00f3ximo, seg\u00fan encuestas. <\/p>\n<p>Los opositores cuestionan su embestida contra el Tribunal Supremo por la comisi\u00f3n que debe investigar las responsabilidades de los funcionarios y de los servicios de seguridad interior en el mayor desaf\u00edo que enfrenta hoy la sociedad israel\u00ed. <\/p>\n<p>Los cr\u00edmenes horrendos y la sensaci\u00f3n de inseguridad que gener\u00f3 la incursi\u00f3n de Ham\u00e1s provocaron un cambio hacia posiciones m\u00e1s duras por parte de quienes alentaban una convivencia con los palestinos, con una autonom\u00eda limitada. <\/p>\n<p>Las convulsiones hist\u00f3ricas de Medio Oriente est\u00e1n por escribir un nuevo cap\u00edtulo, cuyas consecuencias impactar\u00e1n en todo el mundo. <\/p>\n<p>La alianza alentada por Javier Milei, quien visitar\u00e1 Israel el 21 de abril, atravesar\u00e1 nuevos desaf\u00edos. El presidente argentino apostar\u00e1 por un mayor v\u00ednculo. <\/p>\n","protected":false},"excerpt":{"rendered":"<p>Especial desde Jerusal\u00e9n, Israel. Solo recorriendo el pa\u00eds y conversando<\/p>\n","protected":false},"author":0,"featured_media":0,"comment_status":"","ping_status":"","sticky":false,"template":"","format":"standard","meta":{"footnotes":""},"categories":[65],"tags":[],"class_list":["post-12467","post","type-post","status-publish","format-standard","hentry","category-pais"],"yoast_head":"<!-- This site is optimized with the Yoast SEO plugin v27.5 - https:\/\/yoast.com\/product\/yoast-seo-wordpress\/ -->\n<title>Una herida profunda que cambi\u00f3 la situaci\u00f3n en Medio Oriente - Cuarteto en la Web<\/title>\n<meta name=\"robots\" content=\"index, follow, max-snippet:-1, max-image-preview:large, max-video-preview:-1\" \/>\n<link rel=\"canonical\" href=\"https:\/\/cuartetoenlaweb.com.ar\/sitio\/una-herida-profunda-que-cambio-la-situacion-en-medio-oriente\/\" \/>\n<meta property=\"og:locale\" content=\"es_ES\" \/>\n<meta property=\"og:type\" content=\"article\" \/>\n<meta property=\"og:title\" content=\"Una herida profunda que cambi\u00f3 la situaci\u00f3n en Medio Oriente - Cuarteto en la Web\" \/>\n<meta property=\"og:description\" content=\"Especial desde Jerusal\u00e9n, Israel. Solo recorriendo el pa\u00eds y conversando\" \/>\n<meta property=\"og:url\" content=\"https:\/\/cuartetoenlaweb.com.ar\/sitio\/una-herida-profunda-que-cambio-la-situacion-en-medio-oriente\/\" \/>\n<meta property=\"og:site_name\" content=\"Cuarteto en la Web\" \/>\n<meta property=\"article:published_time\" content=\"2026-02-23T01:00:17+00:00\" \/>\n<meta property=\"og:image\" content=\"https:\/\/www.lavoz.com.ar\/resizer\/OR4FdRC5nxBiLnTagBAVej7uT0w=\/cloudfront-us-east-1.images.arcpublishing.com\/grupoclarin\/FN42JB6R4NGW3M5NYEC7SMM4WY.jpeg\" \/>\n<meta name=\"twitter:card\" content=\"summary_large_image\" \/>\n<meta name=\"twitter:label1\" content=\"Tiempo de lectura\" \/>\n\t<meta name=\"twitter:data1\" content=\"5 minutos\" \/>\n<script type=\"application\/ld+json\" class=\"yoast-schema-graph\">{\"@context\":\"https:\\\/\\\/schema.org\",\"@graph\":[{\"@type\":\"Article\",\"@id\":\"https:\\\/\\\/cuartetoenlaweb.com.ar\\\/sitio\\\/una-herida-profunda-que-cambio-la-situacion-en-medio-oriente\\\/#article\",\"isPartOf\":{\"@id\":\"https:\\\/\\\/cuartetoenlaweb.com.ar\\\/sitio\\\/una-herida-profunda-que-cambio-la-situacion-en-medio-oriente\\\/\"},\"author\":{\"name\":\"\",\"@id\":\"\"},\"headline\":\"Una herida profunda que cambi\u00f3 la situaci\u00f3n en Medio Oriente\",\"datePublished\":\"2026-02-23T01:00:17+00:00\",\"mainEntityOfPage\":{\"@id\":\"https:\\\/\\\/cuartetoenlaweb.com.ar\\\/sitio\\\/una-herida-profunda-que-cambio-la-situacion-en-medio-oriente\\\/\"},\"wordCount\":1029,\"publisher\":{\"@id\":\"http:\\\/\\\/cuartetoenlaweb.com.ar\\\/sitio\\\/#organization\"},\"image\":{\"@id\":\"https:\\\/\\\/cuartetoenlaweb.com.ar\\\/sitio\\\/una-herida-profunda-que-cambio-la-situacion-en-medio-oriente\\\/#primaryimage\"},\"thumbnailUrl\":\"https:\\\/\\\/www.lavoz.com.ar\\\/resizer\\\/OR4FdRC5nxBiLnTagBAVej7uT0w=\\\/cloudfront-us-east-1.images.arcpublishing.com\\\/grupoclarin\\\/FN42JB6R4NGW3M5NYEC7SMM4WY.jpeg\",\"articleSection\":[\"PAIS\"],\"inLanguage\":\"es\"},{\"@type\":\"WebPage\",\"@id\":\"https:\\\/\\\/cuartetoenlaweb.com.ar\\\/sitio\\\/una-herida-profunda-que-cambio-la-situacion-en-medio-oriente\\\/\",\"url\":\"https:\\\/\\\/cuartetoenlaweb.com.ar\\\/sitio\\\/una-herida-profunda-que-cambio-la-situacion-en-medio-oriente\\\/\",\"name\":\"Una herida profunda que cambi\u00f3 la situaci\u00f3n en Medio Oriente - Cuarteto en la Web\",\"isPartOf\":{\"@id\":\"http:\\\/\\\/cuartetoenlaweb.com.ar\\\/sitio\\\/#website\"},\"primaryImageOfPage\":{\"@id\":\"https:\\\/\\\/cuartetoenlaweb.com.ar\\\/sitio\\\/una-herida-profunda-que-cambio-la-situacion-en-medio-oriente\\\/#primaryimage\"},\"image\":{\"@id\":\"https:\\\/\\\/cuartetoenlaweb.com.ar\\\/sitio\\\/una-herida-profunda-que-cambio-la-situacion-en-medio-oriente\\\/#primaryimage\"},\"thumbnailUrl\":\"https:\\\/\\\/www.lavoz.com.ar\\\/resizer\\\/OR4FdRC5nxBiLnTagBAVej7uT0w=\\\/cloudfront-us-east-1.images.arcpublishing.com\\\/grupoclarin\\\/FN42JB6R4NGW3M5NYEC7SMM4WY.jpeg\",\"datePublished\":\"2026-02-23T01:00:17+00:00\",\"breadcrumb\":{\"@id\":\"https:\\\/\\\/cuartetoenlaweb.com.ar\\\/sitio\\\/una-herida-profunda-que-cambio-la-situacion-en-medio-oriente\\\/#breadcrumb\"},\"inLanguage\":\"es\",\"potentialAction\":[{\"@type\":\"ReadAction\",\"target\":[\"https:\\\/\\\/cuartetoenlaweb.com.ar\\\/sitio\\\/una-herida-profunda-que-cambio-la-situacion-en-medio-oriente\\\/\"]}]},{\"@type\":\"ImageObject\",\"inLanguage\":\"es\",\"@id\":\"https:\\\/\\\/cuartetoenlaweb.com.ar\\\/sitio\\\/una-herida-profunda-que-cambio-la-situacion-en-medio-oriente\\\/#primaryimage\",\"url\":\"https:\\\/\\\/www.lavoz.com.ar\\\/resizer\\\/OR4FdRC5nxBiLnTagBAVej7uT0w=\\\/cloudfront-us-east-1.images.arcpublishing.com\\\/grupoclarin\\\/FN42JB6R4NGW3M5NYEC7SMM4WY.jpeg\",\"contentUrl\":\"https:\\\/\\\/www.lavoz.com.ar\\\/resizer\\\/OR4FdRC5nxBiLnTagBAVej7uT0w=\\\/cloudfront-us-east-1.images.arcpublishing.com\\\/grupoclarin\\\/FN42JB6R4NGW3M5NYEC7SMM4WY.jpeg\"},{\"@type\":\"BreadcrumbList\",\"@id\":\"https:\\\/\\\/cuartetoenlaweb.com.ar\\\/sitio\\\/una-herida-profunda-que-cambio-la-situacion-en-medio-oriente\\\/#breadcrumb\",\"itemListElement\":[{\"@type\":\"ListItem\",\"position\":1,\"name\":\"Portada\",\"item\":\"http:\\\/\\\/cuartetoenlaweb.com.ar\\\/sitio\\\/\"},{\"@type\":\"ListItem\",\"position\":2,\"name\":\"Una herida profunda que cambi\u00f3 la situaci\u00f3n en Medio Oriente\"}]},{\"@type\":\"WebSite\",\"@id\":\"http:\\\/\\\/cuartetoenlaweb.com.ar\\\/sitio\\\/#website\",\"url\":\"http:\\\/\\\/cuartetoenlaweb.com.ar\\\/sitio\\\/\",\"name\":\"Cuarteto en la Web\",\"description\":\"\",\"publisher\":{\"@id\":\"http:\\\/\\\/cuartetoenlaweb.com.ar\\\/sitio\\\/#organization\"},\"potentialAction\":[{\"@type\":\"SearchAction\",\"target\":{\"@type\":\"EntryPoint\",\"urlTemplate\":\"http:\\\/\\\/cuartetoenlaweb.com.ar\\\/sitio\\\/?s={search_term_string}\"},\"query-input\":{\"@type\":\"PropertyValueSpecification\",\"valueRequired\":true,\"valueName\":\"search_term_string\"}}],\"inLanguage\":\"es\"},{\"@type\":\"Organization\",\"@id\":\"http:\\\/\\\/cuartetoenlaweb.com.ar\\\/sitio\\\/#organization\",\"name\":\"Cuarteto en la Web\",\"url\":\"http:\\\/\\\/cuartetoenlaweb.com.ar\\\/sitio\\\/\",\"logo\":{\"@type\":\"ImageObject\",\"inLanguage\":\"es\",\"@id\":\"http:\\\/\\\/cuartetoenlaweb.com.ar\\\/sitio\\\/#\\\/schema\\\/logo\\\/image\\\/\",\"url\":\"https:\\\/\\\/cuartetoenlaweb.com.ar\\\/sitio\\\/wp-content\\\/uploads\\\/2025\\\/07\\\/cropped-cropped-logitoweb21.png\",\"contentUrl\":\"https:\\\/\\\/cuartetoenlaweb.com.ar\\\/sitio\\\/wp-content\\\/uploads\\\/2025\\\/07\\\/cropped-cropped-logitoweb21.png\",\"width\":199,\"height\":199,\"caption\":\"Cuarteto en la Web\"},\"image\":{\"@id\":\"http:\\\/\\\/cuartetoenlaweb.com.ar\\\/sitio\\\/#\\\/schema\\\/logo\\\/image\\\/\"}}]}<\/script>\n<!-- \/ Yoast SEO plugin. -->","yoast_head_json":{"title":"Una herida profunda que cambi\u00f3 la situaci\u00f3n en Medio Oriente - Cuarteto en la Web","robots":{"index":"index","follow":"follow","max-snippet":"max-snippet:-1","max-image-preview":"max-image-preview:large","max-video-preview":"max-video-preview:-1"},"canonical":"https:\/\/cuartetoenlaweb.com.ar\/sitio\/una-herida-profunda-que-cambio-la-situacion-en-medio-oriente\/","og_locale":"es_ES","og_type":"article","og_title":"Una herida profunda que cambi\u00f3 la situaci\u00f3n en Medio Oriente - Cuarteto en la Web","og_description":"Especial desde Jerusal\u00e9n, Israel. Solo recorriendo el pa\u00eds y conversando","og_url":"https:\/\/cuartetoenlaweb.com.ar\/sitio\/una-herida-profunda-que-cambio-la-situacion-en-medio-oriente\/","og_site_name":"Cuarteto en la Web","article_published_time":"2026-02-23T01:00:17+00:00","og_image":[{"url":"https:\/\/www.lavoz.com.ar\/resizer\/OR4FdRC5nxBiLnTagBAVej7uT0w=\/cloudfront-us-east-1.images.arcpublishing.com\/grupoclarin\/FN42JB6R4NGW3M5NYEC7SMM4WY.jpeg","type":"","width":"","height":""}],"twitter_card":"summary_large_image","twitter_misc":{"Tiempo de lectura":"5 minutos"},"schema":{"@context":"https:\/\/schema.org","@graph":[{"@type":"Article","@id":"https:\/\/cuartetoenlaweb.com.ar\/sitio\/una-herida-profunda-que-cambio-la-situacion-en-medio-oriente\/#article","isPartOf":{"@id":"https:\/\/cuartetoenlaweb.com.ar\/sitio\/una-herida-profunda-que-cambio-la-situacion-en-medio-oriente\/"},"author":{"name":"","@id":""},"headline":"Una herida profunda que cambi\u00f3 la situaci\u00f3n en Medio Oriente","datePublished":"2026-02-23T01:00:17+00:00","mainEntityOfPage":{"@id":"https:\/\/cuartetoenlaweb.com.ar\/sitio\/una-herida-profunda-que-cambio-la-situacion-en-medio-oriente\/"},"wordCount":1029,"publisher":{"@id":"http:\/\/cuartetoenlaweb.com.ar\/sitio\/#organization"},"image":{"@id":"https:\/\/cuartetoenlaweb.com.ar\/sitio\/una-herida-profunda-que-cambio-la-situacion-en-medio-oriente\/#primaryimage"},"thumbnailUrl":"https:\/\/www.lavoz.com.ar\/resizer\/OR4FdRC5nxBiLnTagBAVej7uT0w=\/cloudfront-us-east-1.images.arcpublishing.com\/grupoclarin\/FN42JB6R4NGW3M5NYEC7SMM4WY.jpeg","articleSection":["PAIS"],"inLanguage":"es"},{"@type":"WebPage","@id":"https:\/\/cuartetoenlaweb.com.ar\/sitio\/una-herida-profunda-que-cambio-la-situacion-en-medio-oriente\/","url":"https:\/\/cuartetoenlaweb.com.ar\/sitio\/una-herida-profunda-que-cambio-la-situacion-en-medio-oriente\/","name":"Una herida profunda que cambi\u00f3 la situaci\u00f3n en Medio Oriente - Cuarteto en la Web","isPartOf":{"@id":"http:\/\/cuartetoenlaweb.com.ar\/sitio\/#website"},"primaryImageOfPage":{"@id":"https:\/\/cuartetoenlaweb.com.ar\/sitio\/una-herida-profunda-que-cambio-la-situacion-en-medio-oriente\/#primaryimage"},"image":{"@id":"https:\/\/cuartetoenlaweb.com.ar\/sitio\/una-herida-profunda-que-cambio-la-situacion-en-medio-oriente\/#primaryimage"},"thumbnailUrl":"https:\/\/www.lavoz.com.ar\/resizer\/OR4FdRC5nxBiLnTagBAVej7uT0w=\/cloudfront-us-east-1.images.arcpublishing.com\/grupoclarin\/FN42JB6R4NGW3M5NYEC7SMM4WY.jpeg","datePublished":"2026-02-23T01:00:17+00:00","breadcrumb":{"@id":"https:\/\/cuartetoenlaweb.com.ar\/sitio\/una-herida-profunda-que-cambio-la-situacion-en-medio-oriente\/#breadcrumb"},"inLanguage":"es","potentialAction":[{"@type":"ReadAction","target":["https:\/\/cuartetoenlaweb.com.ar\/sitio\/una-herida-profunda-que-cambio-la-situacion-en-medio-oriente\/"]}]},{"@type":"ImageObject","inLanguage":"es","@id":"https:\/\/cuartetoenlaweb.com.ar\/sitio\/una-herida-profunda-que-cambio-la-situacion-en-medio-oriente\/#primaryimage","url":"https:\/\/www.lavoz.com.ar\/resizer\/OR4FdRC5nxBiLnTagBAVej7uT0w=\/cloudfront-us-east-1.images.arcpublishing.com\/grupoclarin\/FN42JB6R4NGW3M5NYEC7SMM4WY.jpeg","contentUrl":"https:\/\/www.lavoz.com.ar\/resizer\/OR4FdRC5nxBiLnTagBAVej7uT0w=\/cloudfront-us-east-1.images.arcpublishing.com\/grupoclarin\/FN42JB6R4NGW3M5NYEC7SMM4WY.jpeg"},{"@type":"BreadcrumbList","@id":"https:\/\/cuartetoenlaweb.com.ar\/sitio\/una-herida-profunda-que-cambio-la-situacion-en-medio-oriente\/#breadcrumb","itemListElement":[{"@type":"ListItem","position":1,"name":"Portada","item":"http:\/\/cuartetoenlaweb.com.ar\/sitio\/"},{"@type":"ListItem","position":2,"name":"Una herida profunda que cambi\u00f3 la situaci\u00f3n en Medio Oriente"}]},{"@type":"WebSite","@id":"http:\/\/cuartetoenlaweb.com.ar\/sitio\/#website","url":"http:\/\/cuartetoenlaweb.com.ar\/sitio\/","name":"Cuarteto en la Web","description":"","publisher":{"@id":"http:\/\/cuartetoenlaweb.com.ar\/sitio\/#organization"},"potentialAction":[{"@type":"SearchAction","target":{"@type":"EntryPoint","urlTemplate":"http:\/\/cuartetoenlaweb.com.ar\/sitio\/?s={search_term_string}"},"query-input":{"@type":"PropertyValueSpecification","valueRequired":true,"valueName":"search_term_string"}}],"inLanguage":"es"},{"@type":"Organization","@id":"http:\/\/cuartetoenlaweb.com.ar\/sitio\/#organization","name":"Cuarteto en la Web","url":"http:\/\/cuartetoenlaweb.com.ar\/sitio\/","logo":{"@type":"ImageObject","inLanguage":"es","@id":"http:\/\/cuartetoenlaweb.com.ar\/sitio\/#\/schema\/logo\/image\/","url":"https:\/\/cuartetoenlaweb.com.ar\/sitio\/wp-content\/uploads\/2025\/07\/cropped-cropped-logitoweb21.png","contentUrl":"https:\/\/cuartetoenlaweb.com.ar\/sitio\/wp-content\/uploads\/2025\/07\/cropped-cropped-logitoweb21.png","width":199,"height":199,"caption":"Cuarteto en la Web"},"image":{"@id":"http:\/\/cuartetoenlaweb.com.ar\/sitio\/#\/schema\/logo\/image\/"}}]}},"_links":{"self":[{"href":"https:\/\/cuartetoenlaweb.com.ar\/sitio\/wp-json\/wp\/v2\/posts\/12467","targetHints":{"allow":["GET"]}}],"collection":[{"href":"https:\/\/cuartetoenlaweb.com.ar\/sitio\/wp-json\/wp\/v2\/posts"}],"about":[{"href":"https:\/\/cuartetoenlaweb.com.ar\/sitio\/wp-json\/wp\/v2\/types\/post"}],"replies":[{"embeddable":true,"href":"https:\/\/cuartetoenlaweb.com.ar\/sitio\/wp-json\/wp\/v2\/comments?post=12467"}],"version-history":[{"count":0,"href":"https:\/\/cuartetoenlaweb.com.ar\/sitio\/wp-json\/wp\/v2\/posts\/12467\/revisions"}],"wp:attachment":[{"href":"https:\/\/cuartetoenlaweb.com.ar\/sitio\/wp-json\/wp\/v2\/media?parent=12467"}],"wp:term":[{"taxonomy":"category","embeddable":true,"href":"https:\/\/cuartetoenlaweb.com.ar\/sitio\/wp-json\/wp\/v2\/categories?post=12467"},{"taxonomy":"post_tag","embeddable":true,"href":"https:\/\/cuartetoenlaweb.com.ar\/sitio\/wp-json\/wp\/v2\/tags?post=12467"}],"curies":[{"name":"wp","href":"https:\/\/api.w.org\/{rel}","templated":true}]}}