
{"id":12463,"date":"2026-02-22T22:00:06","date_gmt":"2026-02-23T01:00:06","guid":{"rendered":"https:\/\/cuartetoenlaweb.com.ar\/sitio\/tomas-etcheverry-logro-su-primer-titulo-atp-con-una-remontada-memorable-en-rio-de-janeiro\/"},"modified":"2026-02-22T22:00:06","modified_gmt":"2026-02-23T01:00:06","slug":"tomas-etcheverry-logro-su-primer-titulo-atp-con-una-remontada-memorable-en-rio-de-janeiro","status":"publish","type":"post","link":"https:\/\/cuartetoenlaweb.com.ar\/sitio\/tomas-etcheverry-logro-su-primer-titulo-atp-con-una-remontada-memorable-en-rio-de-janeiro\/","title":{"rendered":"Tom\u00e1s Etcheverry logr\u00f3 su primer t\u00edtulo ATP con una remontada memorable en R\u00edo de Janeiro"},"content":{"rendered":"<p><b>Tom\u00e1s Mart\u00edn Etcheverry<\/b> consigui\u00f3 este domingo el primer t\u00edtulo ATP de su carrera despu\u00e9s de una final dur\u00edsima en el Abierto de R\u00edo de Janeiro. El platense, de 26 a\u00f1os, venci\u00f3 al chileno Alejandro Tabilo por 3-6, 7-6 (3) y 6-4 en un duelo que se extendi\u00f3 durante tres horas y que dej\u00f3 una imagen marcada por su actitud y resistencia.<\/p>\n<blockquote class=\"twitter-tweet\">\n<p lang=\"pt\" dir=\"ltr\">Tomas Etcheverry, o cabe\u00e7a de chave 8 do torneio, foi um verdadeiro GLADIADOR para levantar seu primeiro trof\u00e9u de n\u00edvel ATP \u2694\ufe0f\ud83c\udfc6<\/p>\n<p>Parab\u00e9ns, campe\u00f3n! \ud83d\udc99\ud83c\udfbe<a href=\"https:\/\/twitter.com\/hashtag\/RioOpen?src=hash&amp;ref_src=twsrc%5Etfw\">#RioOpen<\/a><a href=\"https:\/\/t.co\/QAoPS6ikOx\">pic.twitter.com\/QAoPS6ikOx<\/a><\/p>\n<p>&mdash; Rio Open (@RioOpenOficial) <a href=\"https:\/\/twitter.com\/RioOpenOficial\/status\/2025731598293860637?ref_src=twsrc%5Etfw\">February 23, 2026<\/a><\/p><\/blockquote>\n<p>Etcheverry levant\u00f3 el trofeo en la cancha Guga Kuerten del Jockey Club Brasileiro y dej\u00f3 atr\u00e1s las finales perdidas en Santiago y Houston (2023) y Lyon (2024). El logro lleg\u00f3 apenas unas horas despu\u00e9s de superar una semifinal extenuante ante el checo V\u00edt Kopriva, encuentro que sum\u00f3 interrupciones por lluvia y calor extremo y que se convirti\u00f3 en el m\u00e1s largo en la historia del \u00fanico ATP 500 de Sudam\u00e9rica.<\/p>\n<p>Tabilo, que buscaba su cuarto t\u00edtulo y el primero sobre polvo de ladrillo, domin\u00f3 el primer set con dos quiebres y mayores certezas desde el fondo. El chileno, de 28 a\u00f1os y n\u00famero 68 del ranking, parec\u00eda encaminado al triunfo cuando quebr\u00f3 en blanco en el inicio del segundo parcial. Pero Etcheverry reaccion\u00f3: recuper\u00f3 profundidad, achic\u00f3 errores y devolvi\u00f3 el quiebre en el sexto juego. En el tie-break volvi\u00f3 a mostrarse firme y estir\u00f3 la definici\u00f3n.<\/p>\n<blockquote class=\"twitter-tweet\">\n<p lang=\"es\" dir=\"ltr\">YA ES UN CL\u00c1SICO. Con el t\u00edtulo de Tomy Etcheverry, por TERCER A\u00d1O CONSECUTIVO un tenista argentino grit\u00f3 campe\u00f3n en el ATP de R\u00edo de Janeiro. <a href=\"https:\/\/t.co\/79BFMnbER7\">pic.twitter.com\/79BFMnbER7<\/a><\/p>\n<p>&mdash; SportsCenter (@SC_ESPN) <a href=\"https:\/\/twitter.com\/SC_ESPN\/status\/2025728425751703900?ref_src=twsrc%5Etfw\">February 23, 2026<\/a><\/p><\/blockquote>\n<blockquote class=\"twitter-tweet\">\n<p lang=\"es\" dir=\"ltr\">La tercera no, pero la cuarta&#8230; \u00a1FUE LA VENCIDA PARA TOMY! Luego de 3 finales perdidas, Etcheverry triunf\u00f3 en la gran definici\u00f3n ante el chileno Tabilo y gan\u00f3 por primera vez en su carrera un t\u00edtulo a nivel ATP. <a href=\"https:\/\/t.co\/YmZs2vBDyl\">pic.twitter.com\/YmZs2vBDyl<\/a><\/p>\n<p>&mdash; SportsCenter (@SC_ESPN) <a href=\"https:\/\/twitter.com\/SC_ESPN\/status\/2025728510229143851?ref_src=twsrc%5Etfw\">February 23, 2026<\/a><\/p><\/blockquote>\n<p>El tercer set expuso el contraste f\u00edsico y an\u00edmico entre ambos. Etcheverry entr\u00f3 con energ\u00eda renovada; Tabilo, en cambio, mostr\u00f3 se\u00f1ales de desgaste y entreg\u00f3 el servicio en el tercer game. Poco despu\u00e9s pidi\u00f3 atenci\u00f3n m\u00e9dica por una molestia en la espalda. <\/p>\n<p>Ya bajo una llovizna persistente, el argentino mantuvo cada turno de saque con solvencia y cerr\u00f3 la tarde entre l\u00e1grimas, consciente de la magnitud de su remontada.<\/p>\n<p>El platense, ubicado en el puesto 51 del ranking, se qued\u00f3 as\u00ed con una consagraci\u00f3n que marca un antes y un despu\u00e9s en su carrera y que coron\u00f3 una jornada \u00e9pica en R\u00edo de Janeiro.<\/p>\n","protected":false},"excerpt":{"rendered":"<p>Tom\u00e1s Mart\u00edn Etcheverry consigui\u00f3 este domingo el primer t\u00edtulo ATP<\/p>\n","protected":false},"author":0,"featured_media":12464,"comment_status":"","ping_status":"","sticky":false,"template":"","format":"standard","meta":{"footnotes":""},"categories":[65],"tags":[],"class_list":["post-12463","post","type-post","status-publish","format-standard","has-post-thumbnail","hentry","category-pais"],"yoast_head":"<!-- This site is optimized with the Yoast SEO plugin v27.5 - https:\/\/yoast.com\/product\/yoast-seo-wordpress\/ -->\n<title>Tom\u00e1s Etcheverry logr\u00f3 su primer t\u00edtulo ATP con una remontada memorable en R\u00edo de Janeiro - Cuarteto en la Web<\/title>\n<meta name=\"robots\" content=\"index, follow, max-snippet:-1, max-image-preview:large, max-video-preview:-1\" \/>\n<link rel=\"canonical\" href=\"https:\/\/cuartetoenlaweb.com.ar\/sitio\/tomas-etcheverry-logro-su-primer-titulo-atp-con-una-remontada-memorable-en-rio-de-janeiro\/\" \/>\n<meta property=\"og:locale\" content=\"es_ES\" \/>\n<meta property=\"og:type\" content=\"article\" \/>\n<meta property=\"og:title\" content=\"Tom\u00e1s Etcheverry logr\u00f3 su primer t\u00edtulo ATP con una remontada memorable en R\u00edo de Janeiro - Cuarteto en la Web\" \/>\n<meta property=\"og:description\" content=\"Tom\u00e1s Mart\u00edn Etcheverry consigui\u00f3 este domingo el primer t\u00edtulo ATP\" \/>\n<meta property=\"og:url\" content=\"https:\/\/cuartetoenlaweb.com.ar\/sitio\/tomas-etcheverry-logro-su-primer-titulo-atp-con-una-remontada-memorable-en-rio-de-janeiro\/\" \/>\n<meta property=\"og:site_name\" content=\"Cuarteto en la Web\" \/>\n<meta property=\"article:published_time\" content=\"2026-02-23T01:00:06+00:00\" \/>\n<meta property=\"og:image\" content=\"https:\/\/cuartetoenlaweb.com.ar\/sitio\/wp-content\/uploads\/2026\/02\/IH524BT2EJGCFATB5RV6JWOKCA.jpg\" \/>\n\t<meta property=\"og:image:width\" content=\"2048\" \/>\n\t<meta property=\"og:image:height\" content=\"1365\" \/>\n\t<meta property=\"og:image:type\" content=\"image\/jpeg\" \/>\n<meta name=\"twitter:card\" content=\"summary_large_image\" \/>\n<meta name=\"twitter:label1\" content=\"Tiempo de lectura\" \/>\n\t<meta name=\"twitter:data1\" content=\"2 minutos\" \/>\n<script type=\"application\/ld+json\" class=\"yoast-schema-graph\">{\"@context\":\"https:\\\/\\\/schema.org\",\"@graph\":[{\"@type\":\"Article\",\"@id\":\"https:\\\/\\\/cuartetoenlaweb.com.ar\\\/sitio\\\/tomas-etcheverry-logro-su-primer-titulo-atp-con-una-remontada-memorable-en-rio-de-janeiro\\\/#article\",\"isPartOf\":{\"@id\":\"https:\\\/\\\/cuartetoenlaweb.com.ar\\\/sitio\\\/tomas-etcheverry-logro-su-primer-titulo-atp-con-una-remontada-memorable-en-rio-de-janeiro\\\/\"},\"author\":{\"name\":\"\",\"@id\":\"\"},\"headline\":\"Tom\u00e1s Etcheverry logr\u00f3 su primer t\u00edtulo ATP con una remontada memorable en R\u00edo de Janeiro\",\"datePublished\":\"2026-02-23T01:00:06+00:00\",\"mainEntityOfPage\":{\"@id\":\"https:\\\/\\\/cuartetoenlaweb.com.ar\\\/sitio\\\/tomas-etcheverry-logro-su-primer-titulo-atp-con-una-remontada-memorable-en-rio-de-janeiro\\\/\"},\"wordCount\":477,\"publisher\":{\"@id\":\"http:\\\/\\\/cuartetoenlaweb.com.ar\\\/sitio\\\/#organization\"},\"image\":{\"@id\":\"https:\\\/\\\/cuartetoenlaweb.com.ar\\\/sitio\\\/tomas-etcheverry-logro-su-primer-titulo-atp-con-una-remontada-memorable-en-rio-de-janeiro\\\/#primaryimage\"},\"thumbnailUrl\":\"https:\\\/\\\/cuartetoenlaweb.com.ar\\\/sitio\\\/wp-content\\\/uploads\\\/2026\\\/02\\\/IH524BT2EJGCFATB5RV6JWOKCA.jpg\",\"articleSection\":[\"PAIS\"],\"inLanguage\":\"es\"},{\"@type\":\"WebPage\",\"@id\":\"https:\\\/\\\/cuartetoenlaweb.com.ar\\\/sitio\\\/tomas-etcheverry-logro-su-primer-titulo-atp-con-una-remontada-memorable-en-rio-de-janeiro\\\/\",\"url\":\"https:\\\/\\\/cuartetoenlaweb.com.ar\\\/sitio\\\/tomas-etcheverry-logro-su-primer-titulo-atp-con-una-remontada-memorable-en-rio-de-janeiro\\\/\",\"name\":\"Tom\u00e1s Etcheverry logr\u00f3 su primer t\u00edtulo ATP con una remontada memorable en R\u00edo de Janeiro - Cuarteto en la Web\",\"isPartOf\":{\"@id\":\"http:\\\/\\\/cuartetoenlaweb.com.ar\\\/sitio\\\/#website\"},\"primaryImageOfPage\":{\"@id\":\"https:\\\/\\\/cuartetoenlaweb.com.ar\\\/sitio\\\/tomas-etcheverry-logro-su-primer-titulo-atp-con-una-remontada-memorable-en-rio-de-janeiro\\\/#primaryimage\"},\"image\":{\"@id\":\"https:\\\/\\\/cuartetoenlaweb.com.ar\\\/sitio\\\/tomas-etcheverry-logro-su-primer-titulo-atp-con-una-remontada-memorable-en-rio-de-janeiro\\\/#primaryimage\"},\"thumbnailUrl\":\"https:\\\/\\\/cuartetoenlaweb.com.ar\\\/sitio\\\/wp-content\\\/uploads\\\/2026\\\/02\\\/IH524BT2EJGCFATB5RV6JWOKCA.jpg\",\"datePublished\":\"2026-02-23T01:00:06+00:00\",\"breadcrumb\":{\"@id\":\"https:\\\/\\\/cuartetoenlaweb.com.ar\\\/sitio\\\/tomas-etcheverry-logro-su-primer-titulo-atp-con-una-remontada-memorable-en-rio-de-janeiro\\\/#breadcrumb\"},\"inLanguage\":\"es\",\"potentialAction\":[{\"@type\":\"ReadAction\",\"target\":[\"https:\\\/\\\/cuartetoenlaweb.com.ar\\\/sitio\\\/tomas-etcheverry-logro-su-primer-titulo-atp-con-una-remontada-memorable-en-rio-de-janeiro\\\/\"]}]},{\"@type\":\"ImageObject\",\"inLanguage\":\"es\",\"@id\":\"https:\\\/\\\/cuartetoenlaweb.com.ar\\\/sitio\\\/tomas-etcheverry-logro-su-primer-titulo-atp-con-una-remontada-memorable-en-rio-de-janeiro\\\/#primaryimage\",\"url\":\"https:\\\/\\\/cuartetoenlaweb.com.ar\\\/sitio\\\/wp-content\\\/uploads\\\/2026\\\/02\\\/IH524BT2EJGCFATB5RV6JWOKCA.jpg\",\"contentUrl\":\"https:\\\/\\\/cuartetoenlaweb.com.ar\\\/sitio\\\/wp-content\\\/uploads\\\/2026\\\/02\\\/IH524BT2EJGCFATB5RV6JWOKCA.jpg\",\"width\":2048,\"height\":1365},{\"@type\":\"BreadcrumbList\",\"@id\":\"https:\\\/\\\/cuartetoenlaweb.com.ar\\\/sitio\\\/tomas-etcheverry-logro-su-primer-titulo-atp-con-una-remontada-memorable-en-rio-de-janeiro\\\/#breadcrumb\",\"itemListElement\":[{\"@type\":\"ListItem\",\"position\":1,\"name\":\"Portada\",\"item\":\"http:\\\/\\\/cuartetoenlaweb.com.ar\\\/sitio\\\/\"},{\"@type\":\"ListItem\",\"position\":2,\"name\":\"Tom\u00e1s Etcheverry logr\u00f3 su primer t\u00edtulo ATP con una remontada memorable en R\u00edo de Janeiro\"}]},{\"@type\":\"WebSite\",\"@id\":\"http:\\\/\\\/cuartetoenlaweb.com.ar\\\/sitio\\\/#website\",\"url\":\"http:\\\/\\\/cuartetoenlaweb.com.ar\\\/sitio\\\/\",\"name\":\"Cuarteto en la Web\",\"description\":\"\",\"publisher\":{\"@id\":\"http:\\\/\\\/cuartetoenlaweb.com.ar\\\/sitio\\\/#organization\"},\"potentialAction\":[{\"@type\":\"SearchAction\",\"target\":{\"@type\":\"EntryPoint\",\"urlTemplate\":\"http:\\\/\\\/cuartetoenlaweb.com.ar\\\/sitio\\\/?s={search_term_string}\"},\"query-input\":{\"@type\":\"PropertyValueSpecification\",\"valueRequired\":true,\"valueName\":\"search_term_string\"}}],\"inLanguage\":\"es\"},{\"@type\":\"Organization\",\"@id\":\"http:\\\/\\\/cuartetoenlaweb.com.ar\\\/sitio\\\/#organization\",\"name\":\"Cuarteto en la Web\",\"url\":\"http:\\\/\\\/cuartetoenlaweb.com.ar\\\/sitio\\\/\",\"logo\":{\"@type\":\"ImageObject\",\"inLanguage\":\"es\",\"@id\":\"http:\\\/\\\/cuartetoenlaweb.com.ar\\\/sitio\\\/#\\\/schema\\\/logo\\\/image\\\/\",\"url\":\"https:\\\/\\\/cuartetoenlaweb.com.ar\\\/sitio\\\/wp-content\\\/uploads\\\/2025\\\/07\\\/cropped-cropped-logitoweb21.png\",\"contentUrl\":\"https:\\\/\\\/cuartetoenlaweb.com.ar\\\/sitio\\\/wp-content\\\/uploads\\\/2025\\\/07\\\/cropped-cropped-logitoweb21.png\",\"width\":199,\"height\":199,\"caption\":\"Cuarteto en la Web\"},\"image\":{\"@id\":\"http:\\\/\\\/cuartetoenlaweb.com.ar\\\/sitio\\\/#\\\/schema\\\/logo\\\/image\\\/\"}}]}<\/script>\n<!-- \/ Yoast SEO plugin. -->","yoast_head_json":{"title":"Tom\u00e1s Etcheverry logr\u00f3 su primer t\u00edtulo ATP con una remontada memorable en R\u00edo de Janeiro - Cuarteto en la Web","robots":{"index":"index","follow":"follow","max-snippet":"max-snippet:-1","max-image-preview":"max-image-preview:large","max-video-preview":"max-video-preview:-1"},"canonical":"https:\/\/cuartetoenlaweb.com.ar\/sitio\/tomas-etcheverry-logro-su-primer-titulo-atp-con-una-remontada-memorable-en-rio-de-janeiro\/","og_locale":"es_ES","og_type":"article","og_title":"Tom\u00e1s Etcheverry logr\u00f3 su primer t\u00edtulo ATP con una remontada memorable en R\u00edo de Janeiro - Cuarteto en la Web","og_description":"Tom\u00e1s Mart\u00edn Etcheverry consigui\u00f3 este domingo el primer t\u00edtulo ATP","og_url":"https:\/\/cuartetoenlaweb.com.ar\/sitio\/tomas-etcheverry-logro-su-primer-titulo-atp-con-una-remontada-memorable-en-rio-de-janeiro\/","og_site_name":"Cuarteto en la Web","article_published_time":"2026-02-23T01:00:06+00:00","og_image":[{"width":2048,"height":1365,"url":"https:\/\/cuartetoenlaweb.com.ar\/sitio\/wp-content\/uploads\/2026\/02\/IH524BT2EJGCFATB5RV6JWOKCA.jpg","type":"image\/jpeg"}],"twitter_card":"summary_large_image","twitter_misc":{"Tiempo de lectura":"2 minutos"},"schema":{"@context":"https:\/\/schema.org","@graph":[{"@type":"Article","@id":"https:\/\/cuartetoenlaweb.com.ar\/sitio\/tomas-etcheverry-logro-su-primer-titulo-atp-con-una-remontada-memorable-en-rio-de-janeiro\/#article","isPartOf":{"@id":"https:\/\/cuartetoenlaweb.com.ar\/sitio\/tomas-etcheverry-logro-su-primer-titulo-atp-con-una-remontada-memorable-en-rio-de-janeiro\/"},"author":{"name":"","@id":""},"headline":"Tom\u00e1s Etcheverry logr\u00f3 su primer t\u00edtulo ATP con una remontada memorable en R\u00edo de Janeiro","datePublished":"2026-02-23T01:00:06+00:00","mainEntityOfPage":{"@id":"https:\/\/cuartetoenlaweb.com.ar\/sitio\/tomas-etcheverry-logro-su-primer-titulo-atp-con-una-remontada-memorable-en-rio-de-janeiro\/"},"wordCount":477,"publisher":{"@id":"http:\/\/cuartetoenlaweb.com.ar\/sitio\/#organization"},"image":{"@id":"https:\/\/cuartetoenlaweb.com.ar\/sitio\/tomas-etcheverry-logro-su-primer-titulo-atp-con-una-remontada-memorable-en-rio-de-janeiro\/#primaryimage"},"thumbnailUrl":"https:\/\/cuartetoenlaweb.com.ar\/sitio\/wp-content\/uploads\/2026\/02\/IH524BT2EJGCFATB5RV6JWOKCA.jpg","articleSection":["PAIS"],"inLanguage":"es"},{"@type":"WebPage","@id":"https:\/\/cuartetoenlaweb.com.ar\/sitio\/tomas-etcheverry-logro-su-primer-titulo-atp-con-una-remontada-memorable-en-rio-de-janeiro\/","url":"https:\/\/cuartetoenlaweb.com.ar\/sitio\/tomas-etcheverry-logro-su-primer-titulo-atp-con-una-remontada-memorable-en-rio-de-janeiro\/","name":"Tom\u00e1s Etcheverry logr\u00f3 su primer t\u00edtulo ATP con una remontada memorable en R\u00edo de Janeiro - Cuarteto en la Web","isPartOf":{"@id":"http:\/\/cuartetoenlaweb.com.ar\/sitio\/#website"},"primaryImageOfPage":{"@id":"https:\/\/cuartetoenlaweb.com.ar\/sitio\/tomas-etcheverry-logro-su-primer-titulo-atp-con-una-remontada-memorable-en-rio-de-janeiro\/#primaryimage"},"image":{"@id":"https:\/\/cuartetoenlaweb.com.ar\/sitio\/tomas-etcheverry-logro-su-primer-titulo-atp-con-una-remontada-memorable-en-rio-de-janeiro\/#primaryimage"},"thumbnailUrl":"https:\/\/cuartetoenlaweb.com.ar\/sitio\/wp-content\/uploads\/2026\/02\/IH524BT2EJGCFATB5RV6JWOKCA.jpg","datePublished":"2026-02-23T01:00:06+00:00","breadcrumb":{"@id":"https:\/\/cuartetoenlaweb.com.ar\/sitio\/tomas-etcheverry-logro-su-primer-titulo-atp-con-una-remontada-memorable-en-rio-de-janeiro\/#breadcrumb"},"inLanguage":"es","potentialAction":[{"@type":"ReadAction","target":["https:\/\/cuartetoenlaweb.com.ar\/sitio\/tomas-etcheverry-logro-su-primer-titulo-atp-con-una-remontada-memorable-en-rio-de-janeiro\/"]}]},{"@type":"ImageObject","inLanguage":"es","@id":"https:\/\/cuartetoenlaweb.com.ar\/sitio\/tomas-etcheverry-logro-su-primer-titulo-atp-con-una-remontada-memorable-en-rio-de-janeiro\/#primaryimage","url":"https:\/\/cuartetoenlaweb.com.ar\/sitio\/wp-content\/uploads\/2026\/02\/IH524BT2EJGCFATB5RV6JWOKCA.jpg","contentUrl":"https:\/\/cuartetoenlaweb.com.ar\/sitio\/wp-content\/uploads\/2026\/02\/IH524BT2EJGCFATB5RV6JWOKCA.jpg","width":2048,"height":1365},{"@type":"BreadcrumbList","@id":"https:\/\/cuartetoenlaweb.com.ar\/sitio\/tomas-etcheverry-logro-su-primer-titulo-atp-con-una-remontada-memorable-en-rio-de-janeiro\/#breadcrumb","itemListElement":[{"@type":"ListItem","position":1,"name":"Portada","item":"http:\/\/cuartetoenlaweb.com.ar\/sitio\/"},{"@type":"ListItem","position":2,"name":"Tom\u00e1s Etcheverry logr\u00f3 su primer t\u00edtulo ATP con una remontada memorable en R\u00edo de Janeiro"}]},{"@type":"WebSite","@id":"http:\/\/cuartetoenlaweb.com.ar\/sitio\/#website","url":"http:\/\/cuartetoenlaweb.com.ar\/sitio\/","name":"Cuarteto en la Web","description":"","publisher":{"@id":"http:\/\/cuartetoenlaweb.com.ar\/sitio\/#organization"},"potentialAction":[{"@type":"SearchAction","target":{"@type":"EntryPoint","urlTemplate":"http:\/\/cuartetoenlaweb.com.ar\/sitio\/?s={search_term_string}"},"query-input":{"@type":"PropertyValueSpecification","valueRequired":true,"valueName":"search_term_string"}}],"inLanguage":"es"},{"@type":"Organization","@id":"http:\/\/cuartetoenlaweb.com.ar\/sitio\/#organization","name":"Cuarteto en la Web","url":"http:\/\/cuartetoenlaweb.com.ar\/sitio\/","logo":{"@type":"ImageObject","inLanguage":"es","@id":"http:\/\/cuartetoenlaweb.com.ar\/sitio\/#\/schema\/logo\/image\/","url":"https:\/\/cuartetoenlaweb.com.ar\/sitio\/wp-content\/uploads\/2025\/07\/cropped-cropped-logitoweb21.png","contentUrl":"https:\/\/cuartetoenlaweb.com.ar\/sitio\/wp-content\/uploads\/2025\/07\/cropped-cropped-logitoweb21.png","width":199,"height":199,"caption":"Cuarteto en la Web"},"image":{"@id":"http:\/\/cuartetoenlaweb.com.ar\/sitio\/#\/schema\/logo\/image\/"}}]}},"_links":{"self":[{"href":"https:\/\/cuartetoenlaweb.com.ar\/sitio\/wp-json\/wp\/v2\/posts\/12463","targetHints":{"allow":["GET"]}}],"collection":[{"href":"https:\/\/cuartetoenlaweb.com.ar\/sitio\/wp-json\/wp\/v2\/posts"}],"about":[{"href":"https:\/\/cuartetoenlaweb.com.ar\/sitio\/wp-json\/wp\/v2\/types\/post"}],"replies":[{"embeddable":true,"href":"https:\/\/cuartetoenlaweb.com.ar\/sitio\/wp-json\/wp\/v2\/comments?post=12463"}],"version-history":[{"count":0,"href":"https:\/\/cuartetoenlaweb.com.ar\/sitio\/wp-json\/wp\/v2\/posts\/12463\/revisions"}],"wp:featuredmedia":[{"embeddable":true,"href":"https:\/\/cuartetoenlaweb.com.ar\/sitio\/wp-json\/wp\/v2\/media\/12464"}],"wp:attachment":[{"href":"https:\/\/cuartetoenlaweb.com.ar\/sitio\/wp-json\/wp\/v2\/media?parent=12463"}],"wp:term":[{"taxonomy":"category","embeddable":true,"href":"https:\/\/cuartetoenlaweb.com.ar\/sitio\/wp-json\/wp\/v2\/categories?post=12463"},{"taxonomy":"post_tag","embeddable":true,"href":"https:\/\/cuartetoenlaweb.com.ar\/sitio\/wp-json\/wp\/v2\/tags?post=12463"}],"curies":[{"name":"wp","href":"https:\/\/api.w.org\/{rel}","templated":true}]}}