
{"id":12461,"date":"2026-02-22T21:59:52","date_gmt":"2026-02-23T00:59:52","guid":{"rendered":"https:\/\/cuartetoenlaweb.com.ar\/sitio\/cambio-de-horario-y-de-formato-en-masterchef-celebrity-que-pasa-este-domingo\/"},"modified":"2026-02-22T21:59:52","modified_gmt":"2026-02-23T00:59:52","slug":"cambio-de-horario-y-de-formato-en-masterchef-celebrity-que-pasa-este-domingo","status":"publish","type":"post","link":"https:\/\/cuartetoenlaweb.com.ar\/sitio\/cambio-de-horario-y-de-formato-en-masterchef-celebrity-que-pasa-este-domingo\/","title":{"rendered":"Cambio de horario y de formato en MasterChef Celebrity: qu\u00e9 pasa este domingo"},"content":{"rendered":"<p>Buenos Aires, 22 febrero (NA) \u2013 MasterChef Celebrity contin\u00faa con m\u00e1s preparaciones y mucha competencia, mientras empiezan a definirse el reality, este domingo que tocaba de \u201c\u00faltima chance\u201d, tiene una sorpresa para televidentes y participantes. <\/p>\n<p>Seg\u00fan supo la Agencia Noticias Argentinas, el reality culinario viene de algunas modificaciones de horarios, y es el caso de este domingo, que en lugar de iniciar a las 22 como es habitual, lo har\u00e1 a las 22.15.<\/p>\n<p>Pero no es la \u00fanica novedad, ya que si bien tocaba gala de \u00faltima chance, un participante dejar\u00e1 el reality para el final del programa.<\/p>\n<p>\u201cUna gala de \u00faltima chance que termina en eliminaci\u00f3n\u201d, anunci\u00f3 Telefe en su publicidad. <\/p>\n<p>C\u00d3MO VER EN VIVO MASTERCHEF CELEBRITY<\/p>\n<p>El reality podr\u00e1 seguirse en vivo por la pantalla de Telefe, y los servicios de streaming Telecentro Play, Flow y DGO. Tambi\u00e9n se puede seguir en MiTelefe. <\/p>\n<p>#AgenciaNA<\/p>\n","protected":false},"excerpt":{"rendered":"<p>Buenos Aires, 22 febrero (NA) \u2013 MasterChef Celebrity contin\u00faa con<\/p>\n","protected":false},"author":0,"featured_media":12462,"comment_status":"","ping_status":"","sticky":false,"template":"","format":"standard","meta":{"footnotes":""},"categories":[65],"tags":[],"class_list":["post-12461","post","type-post","status-publish","format-standard","has-post-thumbnail","hentry","category-pais"],"yoast_head":"<!-- This site is optimized with the Yoast SEO plugin v27.5 - https:\/\/yoast.com\/product\/yoast-seo-wordpress\/ -->\n<title>Cambio de horario y de formato en MasterChef Celebrity: qu\u00e9 pasa este domingo - Cuarteto en la Web<\/title>\n<meta name=\"robots\" content=\"index, follow, max-snippet:-1, max-image-preview:large, max-video-preview:-1\" \/>\n<link rel=\"canonical\" href=\"https:\/\/cuartetoenlaweb.com.ar\/sitio\/cambio-de-horario-y-de-formato-en-masterchef-celebrity-que-pasa-este-domingo\/\" \/>\n<meta property=\"og:locale\" content=\"es_ES\" \/>\n<meta property=\"og:type\" content=\"article\" \/>\n<meta property=\"og:title\" content=\"Cambio de horario y de formato en MasterChef Celebrity: qu\u00e9 pasa este domingo - Cuarteto en la Web\" \/>\n<meta property=\"og:description\" content=\"Buenos Aires, 22 febrero (NA) \u2013 MasterChef Celebrity contin\u00faa con\" \/>\n<meta property=\"og:url\" content=\"https:\/\/cuartetoenlaweb.com.ar\/sitio\/cambio-de-horario-y-de-formato-en-masterchef-celebrity-que-pasa-este-domingo\/\" \/>\n<meta property=\"og:site_name\" content=\"Cuarteto en la Web\" \/>\n<meta property=\"article:published_time\" content=\"2026-02-23T00:59:52+00:00\" \/>\n<meta property=\"og:image\" content=\"https:\/\/cuartetoenlaweb.com.ar\/sitio\/wp-content\/uploads\/2026\/02\/720-296.jpeg\" \/>\n\t<meta property=\"og:image:width\" content=\"1078\" \/>\n\t<meta property=\"og:image:height\" content=\"720\" \/>\n\t<meta property=\"og:image:type\" content=\"image\/jpeg\" \/>\n<meta name=\"twitter:card\" content=\"summary_large_image\" \/>\n<meta name=\"twitter:label1\" content=\"Tiempo de lectura\" \/>\n\t<meta name=\"twitter:data1\" content=\"1 minuto\" \/>\n<script type=\"application\/ld+json\" class=\"yoast-schema-graph\">{\"@context\":\"https:\\\/\\\/schema.org\",\"@graph\":[{\"@type\":\"Article\",\"@id\":\"https:\\\/\\\/cuartetoenlaweb.com.ar\\\/sitio\\\/cambio-de-horario-y-de-formato-en-masterchef-celebrity-que-pasa-este-domingo\\\/#article\",\"isPartOf\":{\"@id\":\"https:\\\/\\\/cuartetoenlaweb.com.ar\\\/sitio\\\/cambio-de-horario-y-de-formato-en-masterchef-celebrity-que-pasa-este-domingo\\\/\"},\"author\":{\"name\":\"\",\"@id\":\"\"},\"headline\":\"Cambio de horario y de formato en MasterChef Celebrity: qu\u00e9 pasa este domingo\",\"datePublished\":\"2026-02-23T00:59:52+00:00\",\"mainEntityOfPage\":{\"@id\":\"https:\\\/\\\/cuartetoenlaweb.com.ar\\\/sitio\\\/cambio-de-horario-y-de-formato-en-masterchef-celebrity-que-pasa-este-domingo\\\/\"},\"wordCount\":161,\"publisher\":{\"@id\":\"http:\\\/\\\/cuartetoenlaweb.com.ar\\\/sitio\\\/#organization\"},\"image\":{\"@id\":\"https:\\\/\\\/cuartetoenlaweb.com.ar\\\/sitio\\\/cambio-de-horario-y-de-formato-en-masterchef-celebrity-que-pasa-este-domingo\\\/#primaryimage\"},\"thumbnailUrl\":\"https:\\\/\\\/cuartetoenlaweb.com.ar\\\/sitio\\\/wp-content\\\/uploads\\\/2026\\\/02\\\/720-296.jpeg\",\"articleSection\":[\"PAIS\"],\"inLanguage\":\"es\"},{\"@type\":\"WebPage\",\"@id\":\"https:\\\/\\\/cuartetoenlaweb.com.ar\\\/sitio\\\/cambio-de-horario-y-de-formato-en-masterchef-celebrity-que-pasa-este-domingo\\\/\",\"url\":\"https:\\\/\\\/cuartetoenlaweb.com.ar\\\/sitio\\\/cambio-de-horario-y-de-formato-en-masterchef-celebrity-que-pasa-este-domingo\\\/\",\"name\":\"Cambio de horario y de formato en MasterChef Celebrity: qu\u00e9 pasa este domingo - Cuarteto en la Web\",\"isPartOf\":{\"@id\":\"http:\\\/\\\/cuartetoenlaweb.com.ar\\\/sitio\\\/#website\"},\"primaryImageOfPage\":{\"@id\":\"https:\\\/\\\/cuartetoenlaweb.com.ar\\\/sitio\\\/cambio-de-horario-y-de-formato-en-masterchef-celebrity-que-pasa-este-domingo\\\/#primaryimage\"},\"image\":{\"@id\":\"https:\\\/\\\/cuartetoenlaweb.com.ar\\\/sitio\\\/cambio-de-horario-y-de-formato-en-masterchef-celebrity-que-pasa-este-domingo\\\/#primaryimage\"},\"thumbnailUrl\":\"https:\\\/\\\/cuartetoenlaweb.com.ar\\\/sitio\\\/wp-content\\\/uploads\\\/2026\\\/02\\\/720-296.jpeg\",\"datePublished\":\"2026-02-23T00:59:52+00:00\",\"breadcrumb\":{\"@id\":\"https:\\\/\\\/cuartetoenlaweb.com.ar\\\/sitio\\\/cambio-de-horario-y-de-formato-en-masterchef-celebrity-que-pasa-este-domingo\\\/#breadcrumb\"},\"inLanguage\":\"es\",\"potentialAction\":[{\"@type\":\"ReadAction\",\"target\":[\"https:\\\/\\\/cuartetoenlaweb.com.ar\\\/sitio\\\/cambio-de-horario-y-de-formato-en-masterchef-celebrity-que-pasa-este-domingo\\\/\"]}]},{\"@type\":\"ImageObject\",\"inLanguage\":\"es\",\"@id\":\"https:\\\/\\\/cuartetoenlaweb.com.ar\\\/sitio\\\/cambio-de-horario-y-de-formato-en-masterchef-celebrity-que-pasa-este-domingo\\\/#primaryimage\",\"url\":\"https:\\\/\\\/cuartetoenlaweb.com.ar\\\/sitio\\\/wp-content\\\/uploads\\\/2026\\\/02\\\/720-296.jpeg\",\"contentUrl\":\"https:\\\/\\\/cuartetoenlaweb.com.ar\\\/sitio\\\/wp-content\\\/uploads\\\/2026\\\/02\\\/720-296.jpeg\",\"width\":1078,\"height\":720},{\"@type\":\"BreadcrumbList\",\"@id\":\"https:\\\/\\\/cuartetoenlaweb.com.ar\\\/sitio\\\/cambio-de-horario-y-de-formato-en-masterchef-celebrity-que-pasa-este-domingo\\\/#breadcrumb\",\"itemListElement\":[{\"@type\":\"ListItem\",\"position\":1,\"name\":\"Portada\",\"item\":\"http:\\\/\\\/cuartetoenlaweb.com.ar\\\/sitio\\\/\"},{\"@type\":\"ListItem\",\"position\":2,\"name\":\"Cambio de horario y de formato en MasterChef Celebrity: qu\u00e9 pasa este domingo\"}]},{\"@type\":\"WebSite\",\"@id\":\"http:\\\/\\\/cuartetoenlaweb.com.ar\\\/sitio\\\/#website\",\"url\":\"http:\\\/\\\/cuartetoenlaweb.com.ar\\\/sitio\\\/\",\"name\":\"Cuarteto en la Web\",\"description\":\"\",\"publisher\":{\"@id\":\"http:\\\/\\\/cuartetoenlaweb.com.ar\\\/sitio\\\/#organization\"},\"potentialAction\":[{\"@type\":\"SearchAction\",\"target\":{\"@type\":\"EntryPoint\",\"urlTemplate\":\"http:\\\/\\\/cuartetoenlaweb.com.ar\\\/sitio\\\/?s={search_term_string}\"},\"query-input\":{\"@type\":\"PropertyValueSpecification\",\"valueRequired\":true,\"valueName\":\"search_term_string\"}}],\"inLanguage\":\"es\"},{\"@type\":\"Organization\",\"@id\":\"http:\\\/\\\/cuartetoenlaweb.com.ar\\\/sitio\\\/#organization\",\"name\":\"Cuarteto en la Web\",\"url\":\"http:\\\/\\\/cuartetoenlaweb.com.ar\\\/sitio\\\/\",\"logo\":{\"@type\":\"ImageObject\",\"inLanguage\":\"es\",\"@id\":\"http:\\\/\\\/cuartetoenlaweb.com.ar\\\/sitio\\\/#\\\/schema\\\/logo\\\/image\\\/\",\"url\":\"https:\\\/\\\/cuartetoenlaweb.com.ar\\\/sitio\\\/wp-content\\\/uploads\\\/2025\\\/07\\\/cropped-cropped-logitoweb21.png\",\"contentUrl\":\"https:\\\/\\\/cuartetoenlaweb.com.ar\\\/sitio\\\/wp-content\\\/uploads\\\/2025\\\/07\\\/cropped-cropped-logitoweb21.png\",\"width\":199,\"height\":199,\"caption\":\"Cuarteto en la Web\"},\"image\":{\"@id\":\"http:\\\/\\\/cuartetoenlaweb.com.ar\\\/sitio\\\/#\\\/schema\\\/logo\\\/image\\\/\"}}]}<\/script>\n<!-- \/ Yoast SEO plugin. -->","yoast_head_json":{"title":"Cambio de horario y de formato en MasterChef Celebrity: qu\u00e9 pasa este domingo - Cuarteto en la Web","robots":{"index":"index","follow":"follow","max-snippet":"max-snippet:-1","max-image-preview":"max-image-preview:large","max-video-preview":"max-video-preview:-1"},"canonical":"https:\/\/cuartetoenlaweb.com.ar\/sitio\/cambio-de-horario-y-de-formato-en-masterchef-celebrity-que-pasa-este-domingo\/","og_locale":"es_ES","og_type":"article","og_title":"Cambio de horario y de formato en MasterChef Celebrity: qu\u00e9 pasa este domingo - Cuarteto en la Web","og_description":"Buenos Aires, 22 febrero (NA) \u2013 MasterChef Celebrity contin\u00faa con","og_url":"https:\/\/cuartetoenlaweb.com.ar\/sitio\/cambio-de-horario-y-de-formato-en-masterchef-celebrity-que-pasa-este-domingo\/","og_site_name":"Cuarteto en la Web","article_published_time":"2026-02-23T00:59:52+00:00","og_image":[{"width":1078,"height":720,"url":"https:\/\/cuartetoenlaweb.com.ar\/sitio\/wp-content\/uploads\/2026\/02\/720-296.jpeg","type":"image\/jpeg"}],"twitter_card":"summary_large_image","twitter_misc":{"Tiempo de lectura":"1 minuto"},"schema":{"@context":"https:\/\/schema.org","@graph":[{"@type":"Article","@id":"https:\/\/cuartetoenlaweb.com.ar\/sitio\/cambio-de-horario-y-de-formato-en-masterchef-celebrity-que-pasa-este-domingo\/#article","isPartOf":{"@id":"https:\/\/cuartetoenlaweb.com.ar\/sitio\/cambio-de-horario-y-de-formato-en-masterchef-celebrity-que-pasa-este-domingo\/"},"author":{"name":"","@id":""},"headline":"Cambio de horario y de formato en MasterChef Celebrity: qu\u00e9 pasa este domingo","datePublished":"2026-02-23T00:59:52+00:00","mainEntityOfPage":{"@id":"https:\/\/cuartetoenlaweb.com.ar\/sitio\/cambio-de-horario-y-de-formato-en-masterchef-celebrity-que-pasa-este-domingo\/"},"wordCount":161,"publisher":{"@id":"http:\/\/cuartetoenlaweb.com.ar\/sitio\/#organization"},"image":{"@id":"https:\/\/cuartetoenlaweb.com.ar\/sitio\/cambio-de-horario-y-de-formato-en-masterchef-celebrity-que-pasa-este-domingo\/#primaryimage"},"thumbnailUrl":"https:\/\/cuartetoenlaweb.com.ar\/sitio\/wp-content\/uploads\/2026\/02\/720-296.jpeg","articleSection":["PAIS"],"inLanguage":"es"},{"@type":"WebPage","@id":"https:\/\/cuartetoenlaweb.com.ar\/sitio\/cambio-de-horario-y-de-formato-en-masterchef-celebrity-que-pasa-este-domingo\/","url":"https:\/\/cuartetoenlaweb.com.ar\/sitio\/cambio-de-horario-y-de-formato-en-masterchef-celebrity-que-pasa-este-domingo\/","name":"Cambio de horario y de formato en MasterChef Celebrity: qu\u00e9 pasa este domingo - Cuarteto en la Web","isPartOf":{"@id":"http:\/\/cuartetoenlaweb.com.ar\/sitio\/#website"},"primaryImageOfPage":{"@id":"https:\/\/cuartetoenlaweb.com.ar\/sitio\/cambio-de-horario-y-de-formato-en-masterchef-celebrity-que-pasa-este-domingo\/#primaryimage"},"image":{"@id":"https:\/\/cuartetoenlaweb.com.ar\/sitio\/cambio-de-horario-y-de-formato-en-masterchef-celebrity-que-pasa-este-domingo\/#primaryimage"},"thumbnailUrl":"https:\/\/cuartetoenlaweb.com.ar\/sitio\/wp-content\/uploads\/2026\/02\/720-296.jpeg","datePublished":"2026-02-23T00:59:52+00:00","breadcrumb":{"@id":"https:\/\/cuartetoenlaweb.com.ar\/sitio\/cambio-de-horario-y-de-formato-en-masterchef-celebrity-que-pasa-este-domingo\/#breadcrumb"},"inLanguage":"es","potentialAction":[{"@type":"ReadAction","target":["https:\/\/cuartetoenlaweb.com.ar\/sitio\/cambio-de-horario-y-de-formato-en-masterchef-celebrity-que-pasa-este-domingo\/"]}]},{"@type":"ImageObject","inLanguage":"es","@id":"https:\/\/cuartetoenlaweb.com.ar\/sitio\/cambio-de-horario-y-de-formato-en-masterchef-celebrity-que-pasa-este-domingo\/#primaryimage","url":"https:\/\/cuartetoenlaweb.com.ar\/sitio\/wp-content\/uploads\/2026\/02\/720-296.jpeg","contentUrl":"https:\/\/cuartetoenlaweb.com.ar\/sitio\/wp-content\/uploads\/2026\/02\/720-296.jpeg","width":1078,"height":720},{"@type":"BreadcrumbList","@id":"https:\/\/cuartetoenlaweb.com.ar\/sitio\/cambio-de-horario-y-de-formato-en-masterchef-celebrity-que-pasa-este-domingo\/#breadcrumb","itemListElement":[{"@type":"ListItem","position":1,"name":"Portada","item":"http:\/\/cuartetoenlaweb.com.ar\/sitio\/"},{"@type":"ListItem","position":2,"name":"Cambio de horario y de formato en MasterChef Celebrity: qu\u00e9 pasa este domingo"}]},{"@type":"WebSite","@id":"http:\/\/cuartetoenlaweb.com.ar\/sitio\/#website","url":"http:\/\/cuartetoenlaweb.com.ar\/sitio\/","name":"Cuarteto en la Web","description":"","publisher":{"@id":"http:\/\/cuartetoenlaweb.com.ar\/sitio\/#organization"},"potentialAction":[{"@type":"SearchAction","target":{"@type":"EntryPoint","urlTemplate":"http:\/\/cuartetoenlaweb.com.ar\/sitio\/?s={search_term_string}"},"query-input":{"@type":"PropertyValueSpecification","valueRequired":true,"valueName":"search_term_string"}}],"inLanguage":"es"},{"@type":"Organization","@id":"http:\/\/cuartetoenlaweb.com.ar\/sitio\/#organization","name":"Cuarteto en la Web","url":"http:\/\/cuartetoenlaweb.com.ar\/sitio\/","logo":{"@type":"ImageObject","inLanguage":"es","@id":"http:\/\/cuartetoenlaweb.com.ar\/sitio\/#\/schema\/logo\/image\/","url":"https:\/\/cuartetoenlaweb.com.ar\/sitio\/wp-content\/uploads\/2025\/07\/cropped-cropped-logitoweb21.png","contentUrl":"https:\/\/cuartetoenlaweb.com.ar\/sitio\/wp-content\/uploads\/2025\/07\/cropped-cropped-logitoweb21.png","width":199,"height":199,"caption":"Cuarteto en la Web"},"image":{"@id":"http:\/\/cuartetoenlaweb.com.ar\/sitio\/#\/schema\/logo\/image\/"}}]}},"_links":{"self":[{"href":"https:\/\/cuartetoenlaweb.com.ar\/sitio\/wp-json\/wp\/v2\/posts\/12461","targetHints":{"allow":["GET"]}}],"collection":[{"href":"https:\/\/cuartetoenlaweb.com.ar\/sitio\/wp-json\/wp\/v2\/posts"}],"about":[{"href":"https:\/\/cuartetoenlaweb.com.ar\/sitio\/wp-json\/wp\/v2\/types\/post"}],"replies":[{"embeddable":true,"href":"https:\/\/cuartetoenlaweb.com.ar\/sitio\/wp-json\/wp\/v2\/comments?post=12461"}],"version-history":[{"count":0,"href":"https:\/\/cuartetoenlaweb.com.ar\/sitio\/wp-json\/wp\/v2\/posts\/12461\/revisions"}],"wp:featuredmedia":[{"embeddable":true,"href":"https:\/\/cuartetoenlaweb.com.ar\/sitio\/wp-json\/wp\/v2\/media\/12462"}],"wp:attachment":[{"href":"https:\/\/cuartetoenlaweb.com.ar\/sitio\/wp-json\/wp\/v2\/media?parent=12461"}],"wp:term":[{"taxonomy":"category","embeddable":true,"href":"https:\/\/cuartetoenlaweb.com.ar\/sitio\/wp-json\/wp\/v2\/categories?post=12461"},{"taxonomy":"post_tag","embeddable":true,"href":"https:\/\/cuartetoenlaweb.com.ar\/sitio\/wp-json\/wp\/v2\/tags?post=12461"}],"curies":[{"name":"wp","href":"https:\/\/api.w.org\/{rel}","templated":true}]}}