
{"id":12451,"date":"2026-02-22T21:59:42","date_gmt":"2026-02-23T00:59:42","guid":{"rendered":"https:\/\/cuartetoenlaweb.com.ar\/sitio\/festejo-top-en-costanera-emily-lucius-se-caso-con-el-sobrino-de-mauricio-macri-y-lo-celebro-a-lo-grande\/"},"modified":"2026-02-22T21:59:42","modified_gmt":"2026-02-23T00:59:42","slug":"festejo-top-en-costanera-emily-lucius-se-caso-con-el-sobrino-de-mauricio-macri-y-lo-celebro-a-lo-grande","status":"publish","type":"post","link":"https:\/\/cuartetoenlaweb.com.ar\/sitio\/festejo-top-en-costanera-emily-lucius-se-caso-con-el-sobrino-de-mauricio-macri-y-lo-celebro-a-lo-grande\/","title":{"rendered":"Festejo top en Costanera: Emily Lucius se cas\u00f3 con el sobrino de Mauricio Macri y lo celebr\u00f3 a lo grande"},"content":{"rendered":"<p>El amor est\u00e1 de fiesta y esta vez tuvo escenario de lujo. <strong><a href=\"https:\/\/www.paparazzi.com.ar\/?s=Emily+Lucius\">Emily Lucius<\/a><\/strong> se cas\u00f3 por civil <a href=\"https:\/\/www.paparazzi.com.ar\/romances\/se-confirmo-el-nuevo-romance-de-emily-lucius-asi-la-descubrieron-junto-a-su-novio\/\">con <strong>Rodrigo Valladares Macri<\/strong><\/a><strong> <\/strong>y celebr\u00f3 con un evento a pura emoci\u00f3n, glamour y caras conocidas en la Costanera porte\u00f1a. <a href=\"https:\/\/www.paparazzi.com.ar\/romances\/emily-lucius-mostro-como-su-novio-le-propuso-casamiento-en-ny-y-en-las-redes-le-llovieron-las-criticas\/\">La pareja dio el <em>\u201cs\u00ed\u201d<\/em><\/a> en el Registro Civil de la calle Uruguay y luego se traslad\u00f3 a Malloys de la Costanera, frente al Aeroparque Jorge Newbery, donde unos 80 invitados fueron testigos de una noche inolvidable.<\/p>\n<p>Blanca, radiante y visiblemente emocionada, Emily deslumbr\u00f3 con un dise\u00f1o exclusivo de Natalia Antol\u00edn que se llev\u00f3 todos los flashes. Con libreta roja en mano y l\u00e1grimas en los ojos, la influencer agradeci\u00f3 a sus seres queridos: <em>\u201cEs un d\u00eda muy importante para nosotros, que so\u00f1amos y planificamos durante mucho tiempo\u201d.<\/em><\/p>\n<p>En primera fila estuvieron sus pap\u00e1s, <strong>Miguel <\/strong>y<strong> Silvia<\/strong>, y su hermana mayor, <strong>Belu Lucius<\/strong>, que ofici\u00f3 pr\u00e1cticamente de anfitriona junto a su marido, <strong>Javier Ortega Desio<\/strong>. La pareja no par\u00f3 de saludar invitados y celebrar cada momento.<\/p>\n<div class=\"mt-box \">\n<h4 class=\"mt-heading\">Mir\u00e1 Tambi\u00e9n<\/h4>\n<p><a href=\"https:\/\/www.paparazzi.com.ar\/romances\/exclusivo-el-video-de-la-china-suarez-yendose-del-pais-para-reencontrarse-con-mauro-icardi-en-medio-de-su-crisis\/\"><\/p>\n<div class=\"mt-content\">\n<div class=\"mt-image-container\"><img decoding=\"async\" src=\"https:\/\/www.paparazzi.com.ar\/wp-content\/uploads\/2026\/02\/China-Suarez-aeropuerto-359x226.jpg\" alt=\"\u00a1Exclusivo! El video de la China Su\u00e1rez y\u00e9ndose del pa\u00eds para reencontrarse con Mauro Icardi en medio de su crisis\" class=\"mt-image\" loading=\"lazy\" \/><\/div>\n<h5 class=\"mt-title\">\u00a1Exclusivo! El video de la China Su\u00e1rez y\u00e9ndose del pa\u00eds para reencontrarse con Mauro Icardi en medio de su crisis<\/h5>\n<\/div>\n<p><\/a><\/div>\n<p>Pero si algo tuvo esta boda fue glamour y famosos. Entre los invitados se destacaron<strong> Mica Viciconte<\/strong> y <strong>Fabi\u00e1n Cubero<\/strong>, siempre sonrientes; <strong>Roc\u00edo Marengo<\/strong>, que lleg\u00f3 con su hermana Sol (mientras el peque\u00f1o Isidro qued\u00f3 en casa con su pap\u00e1, <strong>Eduardo Fort<\/strong>); el influencer<strong> Agust\u00edn Battioni<\/strong> y el ex Gran Hermano <strong>Mart\u00edn Anchorena<\/strong>, entre otros.<\/p>\n<p>La celebraci\u00f3n tuvo todos los condimentos de una fiesta top: banda en vivo, cotill\u00f3n luminoso, recepci\u00f3n con tablas de quesos y fiambres premium, finger food, pinchos, cazuelas calientes, mesa dulce so\u00f1ada y una torta espectacular creada por <strong>Dami\u00e1n Pier Basile<\/strong>, ganador de Bake Off Argentina.<\/p>\n<div class=\"mt-box \">\n<h4 class=\"mt-heading\">Mir\u00e1 Tambi\u00e9n<\/h4>\n<p><a href=\"https:\/\/www.paparazzi.com.ar\/teve\/que-impresion-a-emily-lucius-le-sacaron-el-juanete-y-mostro-como-le-quedo-el-pie\/\"><\/p>\n<div class=\"mt-content\">\n<div class=\"mt-image-container\"><img decoding=\"async\" src=\"https:\/\/www.paparazzi.com.ar\/wp-content\/uploads\/2025\/06\/emily-post-operacion-juanete.jpg.webp\" alt=\"\u00a1Qu\u00e9 impresi\u00f3n! A Emily Lucius le sacaron el juanete y mostr\u00f3 c\u00f3mo le qued\u00f3 el pie\" class=\"mt-image\" loading=\"lazy\" \/><\/div>\n<h5 class=\"mt-title\">\u00a1Qu\u00e9 impresi\u00f3n! A Emily Lucius le sacaron el juanete y mostr\u00f3 c\u00f3mo le qued\u00f3 el pie<\/h5>\n<\/div>\n<p><\/a><\/div>\n<p>Entre brindis y abrazos, Emily anticip\u00f3 que esto es solo el comienzo: <strong>el pr\u00f3ximo 7 de marzo celebrar\u00e1n su gran fiesta para m\u00e1s de 300 invitados en Zona Norte<\/strong>. Es decir, lo de la Costanera fue apenas un \u201caperitivo\u201d de lo que promete ser uno de los casamientos del a\u00f1o.<\/p>\n<p>Con cotill\u00f3n, m\u00fasica, risas y mucha emoci\u00f3n, la pareja tir\u00f3 la casa por la ventana y dej\u00f3 en claro que su historia reci\u00e9n empieza\u2026 y viene con cap\u00edtulos a puro festejo.<\/p>\n<h2 class=\"wp-block-heading\">Todas las fotos de la boda de Emily Lucius con Rodrigo Valladares Macri: <\/h2>\n<figure class=\"wp-block-image size-large\"><img decoding=\"async\" src=\"https:\/\/www.paparazzi.com.ar\/wp-content\/uploads\/2026\/02\/Boda-Emily-Lucius-768x1024.jpg.webp\" loading=\"lazy\" alt=\"\" class=\"wp-image-465432\" \/><\/figure>\n<figure class=\"wp-block-image size-large\"><img decoding=\"async\" src=\"https:\/\/www.paparazzi.com.ar\/wp-content\/uploads\/2026\/02\/Boda-Emily-Lucius1-768x1024.jpg.webp\" loading=\"lazy\" alt=\"\" class=\"wp-image-465433\" \/><\/figure>\n<figure class=\"wp-block-image size-large\"><img decoding=\"async\" src=\"https:\/\/www.paparazzi.com.ar\/wp-content\/uploads\/2026\/02\/Boda-Emily-Lucius2-772x1024.jpg.webp\" loading=\"lazy\" alt=\"\" class=\"wp-image-465434\" \/><\/figure>\n<figure class=\"wp-block-image size-large\"><img decoding=\"async\" src=\"https:\/\/www.paparazzi.com.ar\/wp-content\/uploads\/2026\/02\/Boda-Emily-Lucius3-768x1024.jpg.webp\" loading=\"lazy\" alt=\"\" class=\"wp-image-465435\" \/><\/figure>\n<figure class=\"wp-block-image size-large\"><img decoding=\"async\" src=\"https:\/\/www.paparazzi.com.ar\/wp-content\/uploads\/2026\/02\/Boda-Emily-Lucius4-576x1024.jpg.webp\" loading=\"lazy\" alt=\"\" class=\"wp-image-465436\" \/><\/figure>\n<figure class=\"wp-block-image size-large\"><img decoding=\"async\" src=\"https:\/\/www.paparazzi.com.ar\/wp-content\/uploads\/2026\/02\/Boda-Emily-Lucius6-576x1024.jpg.webp\" loading=\"lazy\" alt=\"\" class=\"wp-image-465437\" \/><\/figure>\n<figure class=\"wp-block-image size-large\"><img decoding=\"async\" src=\"https:\/\/www.paparazzi.com.ar\/wp-content\/uploads\/2026\/02\/Boda-Emily-Lucius7-772x1024.jpg.webp\" loading=\"lazy\" alt=\"\" class=\"wp-image-465438\" \/><\/figure>\n<figure class=\"wp-block-image size-large\"><img decoding=\"async\" src=\"https:\/\/www.paparazzi.com.ar\/wp-content\/uploads\/2026\/02\/Boda-Emily-Lucius9-787x1024.jpg.webp\" loading=\"lazy\" alt=\"\" class=\"wp-image-465439\" \/><\/figure>\n<figure class=\"wp-block-image size-large\"><img decoding=\"async\" src=\"https:\/\/www.paparazzi.com.ar\/wp-content\/uploads\/2026\/02\/Boda-Emily-Lucius10-768x1024.jpg.webp\" loading=\"lazy\" alt=\"\" class=\"wp-image-465440\" \/><\/figure>\n<figure class=\"wp-block-image size-large\"><img decoding=\"async\" src=\"https:\/\/www.paparazzi.com.ar\/wp-content\/uploads\/2026\/02\/Boda-Rmily-Lucious-12-768x1024.jpg.webp\" loading=\"lazy\" alt=\"\" class=\"wp-image-465447\" \/><\/figure>\n<h2 class=\"wp-block-heading\">Los invitados a la fiesta:<\/h2>\n<figure class=\"wp-block-image size-large\"><img decoding=\"async\" src=\"https:\/\/www.paparazzi.com.ar\/wp-content\/uploads\/2026\/02\/Boda-Emily-5-768x1024.jpg.webp\" loading=\"lazy\" alt=\"\" class=\"wp-image-465452\" \/><\/figure>\n<figure class=\"wp-block-image size-large\"><img decoding=\"async\" src=\"https:\/\/www.paparazzi.com.ar\/wp-content\/uploads\/2026\/02\/Boda-Emily-768x1024.jpg.webp\" loading=\"lazy\" alt=\"\" class=\"wp-image-465448\" \/><\/figure>\n<figure class=\"wp-block-image size-large\"><img decoding=\"async\" src=\"https:\/\/www.paparazzi.com.ar\/wp-content\/uploads\/2026\/02\/Boda-Emily-1-768x1024.jpg.webp\" loading=\"lazy\" alt=\"\" class=\"wp-image-465449\" \/><\/figure>\n<figure class=\"wp-block-image size-full\"><img decoding=\"async\" width=\"768\" height=\"1015\" src=\"https:\/\/www.paparazzi.com.ar\/wp-content\/uploads\/2026\/02\/image-159.png.webp\" loading=\"lazy\" alt=\"\" class=\"wp-image-465442\" \/><\/figure>\n<figure class=\"wp-block-image size-large\"><img decoding=\"async\" src=\"https:\/\/www.paparazzi.com.ar\/wp-content\/uploads\/2026\/02\/image-160-739x1024.png.webp\" loading=\"lazy\" alt=\"\" class=\"wp-image-465443\" \/><\/figure>\n<figure class=\"wp-block-image size-large\"><img decoding=\"async\" src=\"https:\/\/www.paparazzi.com.ar\/wp-content\/uploads\/2026\/02\/image-161-709x1024.png.webp\" loading=\"lazy\" alt=\"\" class=\"wp-image-465444\" \/><\/figure>\n<figure class=\"wp-block-image size-full\"><img decoding=\"async\" width=\"768\" height=\"909\" src=\"https:\/\/www.paparazzi.com.ar\/wp-content\/uploads\/2026\/02\/image-163.png.webp\" loading=\"lazy\" alt=\"\" class=\"wp-image-465446\" \/><\/figure>\n<figure class=\"wp-block-image size-large\"><img decoding=\"async\" src=\"https:\/\/www.paparazzi.com.ar\/wp-content\/uploads\/2026\/02\/Boda-Emily2-768x1024.jpg.webp\" loading=\"lazy\" alt=\"\" class=\"wp-image-465450\" \/><\/figure>\n<figure class=\"wp-block-image size-large\"><img decoding=\"async\" src=\"https:\/\/www.paparazzi.com.ar\/wp-content\/uploads\/2026\/02\/Boda-Emily-3-768x1024.jpg.webp\" loading=\"lazy\" alt=\"\" class=\"wp-image-465451\" \/><\/figure>\n<div class=\"mt-box \">\n<h4 class=\"mt-heading\">Mir\u00e1 Tambi\u00e9n<\/h4>\n<p><a href=\"https:\/\/www.paparazzi.com.ar\/teve\/emily-lucius-congelo-ovulos-y-mostro-el-proceso-el-video-intimo-de-su-decision\/\"><\/p>\n<div class=\"mt-content\">\n<div class=\"mt-image-container\"><img decoding=\"async\" src=\"https:\/\/www.paparazzi.com.ar\/wp-content\/uploads\/2023\/11\/IMG_1284.png.webp\" alt=\"Emily Lucius congel\u00f3 \u00f3vulos y mostr\u00f3 el proceso: el video \u00edntimo de su decisi\u00f3n\" class=\"mt-image\" loading=\"lazy\" \/><\/div>\n<h5 class=\"mt-title\">Emily Lucius congel\u00f3 \u00f3vulos y mostr\u00f3 el proceso: el video \u00edntimo de su decisi\u00f3n<\/h5>\n<\/div>\n<p><\/a><\/div>\n<div class=\"mt-box \">\n<h4 class=\"mt-heading\">Mir\u00e1 Tambi\u00e9n<\/h4>\n<p><a href=\"https:\/\/www.paparazzi.com.ar\/romances\/se-confirmo-el-nuevo-romance-de-emily-lucius-asi-la-descubrieron-junto-a-su-novio\/\"><\/p>\n<div class=\"mt-content\">\n<div class=\"mt-image-container\"><img decoding=\"async\" src=\"https:\/\/www.paparazzi.com.ar\/wp-content\/uploads\/2023\/06\/El-nuevo-romance-de-Emily-Lucius1.jpg.webp\" alt=\"Se confirm\u00f3 el nuevo romance de Emily Lucius: as\u00ed la descubrieron junto a su novio\" class=\"mt-image\" loading=\"lazy\" \/><\/div>\n<h5 class=\"mt-title\">Se confirm\u00f3 el nuevo romance de Emily Lucius: as\u00ed la descubrieron junto a su novio<\/h5>\n<\/div>\n<p><\/a><\/div>\n<p>The post <a href=\"https:\/\/www.paparazzi.com.ar\/romances\/festejo-top-en-costanera-emily-lucius-se-caso-con-el-sobrino-de-mauricio-macri-y-lo-celebro-a-lo-grande-con-famosos-y-banda-en-vivo\/\">Festejo top en Costanera: Emily Lucius se cas\u00f3 con el sobrino de Mauricio Macri y lo celebr\u00f3 a lo grande<\/a> appeared first on <a href=\"https:\/\/www.paparazzi.com.ar\">Revista Paparazzi<\/a>.<\/p>\n","protected":false},"excerpt":{"rendered":"<p>El amor est\u00e1 de fiesta y esta vez tuvo escenario<\/p>\n","protected":false},"author":0,"featured_media":12452,"comment_status":"","ping_status":"","sticky":false,"template":"","format":"standard","meta":{"footnotes":""},"categories":[12],"tags":[],"class_list":["post-12451","post","type-post","status-publish","format-standard","has-post-thumbnail","hentry","category-espectaculo"],"yoast_head":"<!-- This site is optimized with the Yoast SEO plugin v27.5 - https:\/\/yoast.com\/product\/yoast-seo-wordpress\/ -->\n<title>Festejo top en Costanera: Emily Lucius se cas\u00f3 con el sobrino de Mauricio Macri y lo celebr\u00f3 a lo grande - Cuarteto en la Web<\/title>\n<meta name=\"robots\" content=\"index, follow, max-snippet:-1, max-image-preview:large, max-video-preview:-1\" \/>\n<link rel=\"canonical\" href=\"https:\/\/cuartetoenlaweb.com.ar\/sitio\/festejo-top-en-costanera-emily-lucius-se-caso-con-el-sobrino-de-mauricio-macri-y-lo-celebro-a-lo-grande\/\" \/>\n<meta property=\"og:locale\" content=\"es_ES\" \/>\n<meta property=\"og:type\" content=\"article\" \/>\n<meta property=\"og:title\" content=\"Festejo top en Costanera: Emily Lucius se cas\u00f3 con el sobrino de Mauricio Macri y lo celebr\u00f3 a lo grande - Cuarteto en la Web\" \/>\n<meta property=\"og:description\" content=\"El amor est\u00e1 de fiesta y esta vez tuvo escenario\" \/>\n<meta property=\"og:url\" content=\"https:\/\/cuartetoenlaweb.com.ar\/sitio\/festejo-top-en-costanera-emily-lucius-se-caso-con-el-sobrino-de-mauricio-macri-y-lo-celebro-a-lo-grande\/\" \/>\n<meta property=\"og:site_name\" content=\"Cuarteto en la Web\" \/>\n<meta property=\"article:published_time\" content=\"2026-02-23T00:59:42+00:00\" \/>\n<meta property=\"og:image\" content=\"https:\/\/cuartetoenlaweb.com.ar\/sitio\/wp-content\/uploads\/2026\/02\/China-Suarez-aeropuerto-359x226-24.jpg\" \/>\n\t<meta property=\"og:image:width\" content=\"359\" \/>\n\t<meta property=\"og:image:height\" content=\"226\" \/>\n\t<meta property=\"og:image:type\" content=\"image\/jpeg\" \/>\n<meta name=\"twitter:card\" content=\"summary_large_image\" \/>\n<meta name=\"twitter:label1\" content=\"Tiempo de lectura\" \/>\n\t<meta name=\"twitter:data1\" content=\"2 minutos\" \/>\n<script type=\"application\/ld+json\" class=\"yoast-schema-graph\">{\"@context\":\"https:\\\/\\\/schema.org\",\"@graph\":[{\"@type\":\"Article\",\"@id\":\"https:\\\/\\\/cuartetoenlaweb.com.ar\\\/sitio\\\/festejo-top-en-costanera-emily-lucius-se-caso-con-el-sobrino-de-mauricio-macri-y-lo-celebro-a-lo-grande\\\/#article\",\"isPartOf\":{\"@id\":\"https:\\\/\\\/cuartetoenlaweb.com.ar\\\/sitio\\\/festejo-top-en-costanera-emily-lucius-se-caso-con-el-sobrino-de-mauricio-macri-y-lo-celebro-a-lo-grande\\\/\"},\"author\":{\"name\":\"\",\"@id\":\"\"},\"headline\":\"Festejo top en Costanera: Emily Lucius se cas\u00f3 con el sobrino de Mauricio Macri y lo celebr\u00f3 a lo grande\",\"datePublished\":\"2026-02-23T00:59:42+00:00\",\"mainEntityOfPage\":{\"@id\":\"https:\\\/\\\/cuartetoenlaweb.com.ar\\\/sitio\\\/festejo-top-en-costanera-emily-lucius-se-caso-con-el-sobrino-de-mauricio-macri-y-lo-celebro-a-lo-grande\\\/\"},\"wordCount\":518,\"publisher\":{\"@id\":\"http:\\\/\\\/cuartetoenlaweb.com.ar\\\/sitio\\\/#organization\"},\"image\":{\"@id\":\"https:\\\/\\\/cuartetoenlaweb.com.ar\\\/sitio\\\/festejo-top-en-costanera-emily-lucius-se-caso-con-el-sobrino-de-mauricio-macri-y-lo-celebro-a-lo-grande\\\/#primaryimage\"},\"thumbnailUrl\":\"https:\\\/\\\/cuartetoenlaweb.com.ar\\\/sitio\\\/wp-content\\\/uploads\\\/2026\\\/02\\\/China-Suarez-aeropuerto-359x226-24.jpg\",\"articleSection\":[\"ESPECT\u00c1CULO\"],\"inLanguage\":\"es\"},{\"@type\":\"WebPage\",\"@id\":\"https:\\\/\\\/cuartetoenlaweb.com.ar\\\/sitio\\\/festejo-top-en-costanera-emily-lucius-se-caso-con-el-sobrino-de-mauricio-macri-y-lo-celebro-a-lo-grande\\\/\",\"url\":\"https:\\\/\\\/cuartetoenlaweb.com.ar\\\/sitio\\\/festejo-top-en-costanera-emily-lucius-se-caso-con-el-sobrino-de-mauricio-macri-y-lo-celebro-a-lo-grande\\\/\",\"name\":\"Festejo top en Costanera: Emily Lucius se cas\u00f3 con el sobrino de Mauricio Macri y lo celebr\u00f3 a lo grande - Cuarteto en la Web\",\"isPartOf\":{\"@id\":\"http:\\\/\\\/cuartetoenlaweb.com.ar\\\/sitio\\\/#website\"},\"primaryImageOfPage\":{\"@id\":\"https:\\\/\\\/cuartetoenlaweb.com.ar\\\/sitio\\\/festejo-top-en-costanera-emily-lucius-se-caso-con-el-sobrino-de-mauricio-macri-y-lo-celebro-a-lo-grande\\\/#primaryimage\"},\"image\":{\"@id\":\"https:\\\/\\\/cuartetoenlaweb.com.ar\\\/sitio\\\/festejo-top-en-costanera-emily-lucius-se-caso-con-el-sobrino-de-mauricio-macri-y-lo-celebro-a-lo-grande\\\/#primaryimage\"},\"thumbnailUrl\":\"https:\\\/\\\/cuartetoenlaweb.com.ar\\\/sitio\\\/wp-content\\\/uploads\\\/2026\\\/02\\\/China-Suarez-aeropuerto-359x226-24.jpg\",\"datePublished\":\"2026-02-23T00:59:42+00:00\",\"breadcrumb\":{\"@id\":\"https:\\\/\\\/cuartetoenlaweb.com.ar\\\/sitio\\\/festejo-top-en-costanera-emily-lucius-se-caso-con-el-sobrino-de-mauricio-macri-y-lo-celebro-a-lo-grande\\\/#breadcrumb\"},\"inLanguage\":\"es\",\"potentialAction\":[{\"@type\":\"ReadAction\",\"target\":[\"https:\\\/\\\/cuartetoenlaweb.com.ar\\\/sitio\\\/festejo-top-en-costanera-emily-lucius-se-caso-con-el-sobrino-de-mauricio-macri-y-lo-celebro-a-lo-grande\\\/\"]}]},{\"@type\":\"ImageObject\",\"inLanguage\":\"es\",\"@id\":\"https:\\\/\\\/cuartetoenlaweb.com.ar\\\/sitio\\\/festejo-top-en-costanera-emily-lucius-se-caso-con-el-sobrino-de-mauricio-macri-y-lo-celebro-a-lo-grande\\\/#primaryimage\",\"url\":\"https:\\\/\\\/cuartetoenlaweb.com.ar\\\/sitio\\\/wp-content\\\/uploads\\\/2026\\\/02\\\/China-Suarez-aeropuerto-359x226-24.jpg\",\"contentUrl\":\"https:\\\/\\\/cuartetoenlaweb.com.ar\\\/sitio\\\/wp-content\\\/uploads\\\/2026\\\/02\\\/China-Suarez-aeropuerto-359x226-24.jpg\",\"width\":359,\"height\":226},{\"@type\":\"BreadcrumbList\",\"@id\":\"https:\\\/\\\/cuartetoenlaweb.com.ar\\\/sitio\\\/festejo-top-en-costanera-emily-lucius-se-caso-con-el-sobrino-de-mauricio-macri-y-lo-celebro-a-lo-grande\\\/#breadcrumb\",\"itemListElement\":[{\"@type\":\"ListItem\",\"position\":1,\"name\":\"Portada\",\"item\":\"http:\\\/\\\/cuartetoenlaweb.com.ar\\\/sitio\\\/\"},{\"@type\":\"ListItem\",\"position\":2,\"name\":\"Festejo top en Costanera: Emily Lucius se cas\u00f3 con el sobrino de Mauricio Macri y lo celebr\u00f3 a lo grande\"}]},{\"@type\":\"WebSite\",\"@id\":\"http:\\\/\\\/cuartetoenlaweb.com.ar\\\/sitio\\\/#website\",\"url\":\"http:\\\/\\\/cuartetoenlaweb.com.ar\\\/sitio\\\/\",\"name\":\"Cuarteto en la Web\",\"description\":\"\",\"publisher\":{\"@id\":\"http:\\\/\\\/cuartetoenlaweb.com.ar\\\/sitio\\\/#organization\"},\"potentialAction\":[{\"@type\":\"SearchAction\",\"target\":{\"@type\":\"EntryPoint\",\"urlTemplate\":\"http:\\\/\\\/cuartetoenlaweb.com.ar\\\/sitio\\\/?s={search_term_string}\"},\"query-input\":{\"@type\":\"PropertyValueSpecification\",\"valueRequired\":true,\"valueName\":\"search_term_string\"}}],\"inLanguage\":\"es\"},{\"@type\":\"Organization\",\"@id\":\"http:\\\/\\\/cuartetoenlaweb.com.ar\\\/sitio\\\/#organization\",\"name\":\"Cuarteto en la Web\",\"url\":\"http:\\\/\\\/cuartetoenlaweb.com.ar\\\/sitio\\\/\",\"logo\":{\"@type\":\"ImageObject\",\"inLanguage\":\"es\",\"@id\":\"http:\\\/\\\/cuartetoenlaweb.com.ar\\\/sitio\\\/#\\\/schema\\\/logo\\\/image\\\/\",\"url\":\"https:\\\/\\\/cuartetoenlaweb.com.ar\\\/sitio\\\/wp-content\\\/uploads\\\/2025\\\/07\\\/cropped-cropped-logitoweb21.png\",\"contentUrl\":\"https:\\\/\\\/cuartetoenlaweb.com.ar\\\/sitio\\\/wp-content\\\/uploads\\\/2025\\\/07\\\/cropped-cropped-logitoweb21.png\",\"width\":199,\"height\":199,\"caption\":\"Cuarteto en la Web\"},\"image\":{\"@id\":\"http:\\\/\\\/cuartetoenlaweb.com.ar\\\/sitio\\\/#\\\/schema\\\/logo\\\/image\\\/\"}}]}<\/script>\n<!-- \/ Yoast SEO plugin. -->","yoast_head_json":{"title":"Festejo top en Costanera: Emily Lucius se cas\u00f3 con el sobrino de Mauricio Macri y lo celebr\u00f3 a lo grande - Cuarteto en la Web","robots":{"index":"index","follow":"follow","max-snippet":"max-snippet:-1","max-image-preview":"max-image-preview:large","max-video-preview":"max-video-preview:-1"},"canonical":"https:\/\/cuartetoenlaweb.com.ar\/sitio\/festejo-top-en-costanera-emily-lucius-se-caso-con-el-sobrino-de-mauricio-macri-y-lo-celebro-a-lo-grande\/","og_locale":"es_ES","og_type":"article","og_title":"Festejo top en Costanera: Emily Lucius se cas\u00f3 con el sobrino de Mauricio Macri y lo celebr\u00f3 a lo grande - Cuarteto en la Web","og_description":"El amor est\u00e1 de fiesta y esta vez tuvo escenario","og_url":"https:\/\/cuartetoenlaweb.com.ar\/sitio\/festejo-top-en-costanera-emily-lucius-se-caso-con-el-sobrino-de-mauricio-macri-y-lo-celebro-a-lo-grande\/","og_site_name":"Cuarteto en la Web","article_published_time":"2026-02-23T00:59:42+00:00","og_image":[{"width":359,"height":226,"url":"https:\/\/cuartetoenlaweb.com.ar\/sitio\/wp-content\/uploads\/2026\/02\/China-Suarez-aeropuerto-359x226-24.jpg","type":"image\/jpeg"}],"twitter_card":"summary_large_image","twitter_misc":{"Tiempo de lectura":"2 minutos"},"schema":{"@context":"https:\/\/schema.org","@graph":[{"@type":"Article","@id":"https:\/\/cuartetoenlaweb.com.ar\/sitio\/festejo-top-en-costanera-emily-lucius-se-caso-con-el-sobrino-de-mauricio-macri-y-lo-celebro-a-lo-grande\/#article","isPartOf":{"@id":"https:\/\/cuartetoenlaweb.com.ar\/sitio\/festejo-top-en-costanera-emily-lucius-se-caso-con-el-sobrino-de-mauricio-macri-y-lo-celebro-a-lo-grande\/"},"author":{"name":"","@id":""},"headline":"Festejo top en Costanera: Emily Lucius se cas\u00f3 con el sobrino de Mauricio Macri y lo celebr\u00f3 a lo grande","datePublished":"2026-02-23T00:59:42+00:00","mainEntityOfPage":{"@id":"https:\/\/cuartetoenlaweb.com.ar\/sitio\/festejo-top-en-costanera-emily-lucius-se-caso-con-el-sobrino-de-mauricio-macri-y-lo-celebro-a-lo-grande\/"},"wordCount":518,"publisher":{"@id":"http:\/\/cuartetoenlaweb.com.ar\/sitio\/#organization"},"image":{"@id":"https:\/\/cuartetoenlaweb.com.ar\/sitio\/festejo-top-en-costanera-emily-lucius-se-caso-con-el-sobrino-de-mauricio-macri-y-lo-celebro-a-lo-grande\/#primaryimage"},"thumbnailUrl":"https:\/\/cuartetoenlaweb.com.ar\/sitio\/wp-content\/uploads\/2026\/02\/China-Suarez-aeropuerto-359x226-24.jpg","articleSection":["ESPECT\u00c1CULO"],"inLanguage":"es"},{"@type":"WebPage","@id":"https:\/\/cuartetoenlaweb.com.ar\/sitio\/festejo-top-en-costanera-emily-lucius-se-caso-con-el-sobrino-de-mauricio-macri-y-lo-celebro-a-lo-grande\/","url":"https:\/\/cuartetoenlaweb.com.ar\/sitio\/festejo-top-en-costanera-emily-lucius-se-caso-con-el-sobrino-de-mauricio-macri-y-lo-celebro-a-lo-grande\/","name":"Festejo top en Costanera: Emily Lucius se cas\u00f3 con el sobrino de Mauricio Macri y lo celebr\u00f3 a lo grande - Cuarteto en la Web","isPartOf":{"@id":"http:\/\/cuartetoenlaweb.com.ar\/sitio\/#website"},"primaryImageOfPage":{"@id":"https:\/\/cuartetoenlaweb.com.ar\/sitio\/festejo-top-en-costanera-emily-lucius-se-caso-con-el-sobrino-de-mauricio-macri-y-lo-celebro-a-lo-grande\/#primaryimage"},"image":{"@id":"https:\/\/cuartetoenlaweb.com.ar\/sitio\/festejo-top-en-costanera-emily-lucius-se-caso-con-el-sobrino-de-mauricio-macri-y-lo-celebro-a-lo-grande\/#primaryimage"},"thumbnailUrl":"https:\/\/cuartetoenlaweb.com.ar\/sitio\/wp-content\/uploads\/2026\/02\/China-Suarez-aeropuerto-359x226-24.jpg","datePublished":"2026-02-23T00:59:42+00:00","breadcrumb":{"@id":"https:\/\/cuartetoenlaweb.com.ar\/sitio\/festejo-top-en-costanera-emily-lucius-se-caso-con-el-sobrino-de-mauricio-macri-y-lo-celebro-a-lo-grande\/#breadcrumb"},"inLanguage":"es","potentialAction":[{"@type":"ReadAction","target":["https:\/\/cuartetoenlaweb.com.ar\/sitio\/festejo-top-en-costanera-emily-lucius-se-caso-con-el-sobrino-de-mauricio-macri-y-lo-celebro-a-lo-grande\/"]}]},{"@type":"ImageObject","inLanguage":"es","@id":"https:\/\/cuartetoenlaweb.com.ar\/sitio\/festejo-top-en-costanera-emily-lucius-se-caso-con-el-sobrino-de-mauricio-macri-y-lo-celebro-a-lo-grande\/#primaryimage","url":"https:\/\/cuartetoenlaweb.com.ar\/sitio\/wp-content\/uploads\/2026\/02\/China-Suarez-aeropuerto-359x226-24.jpg","contentUrl":"https:\/\/cuartetoenlaweb.com.ar\/sitio\/wp-content\/uploads\/2026\/02\/China-Suarez-aeropuerto-359x226-24.jpg","width":359,"height":226},{"@type":"BreadcrumbList","@id":"https:\/\/cuartetoenlaweb.com.ar\/sitio\/festejo-top-en-costanera-emily-lucius-se-caso-con-el-sobrino-de-mauricio-macri-y-lo-celebro-a-lo-grande\/#breadcrumb","itemListElement":[{"@type":"ListItem","position":1,"name":"Portada","item":"http:\/\/cuartetoenlaweb.com.ar\/sitio\/"},{"@type":"ListItem","position":2,"name":"Festejo top en Costanera: Emily Lucius se cas\u00f3 con el sobrino de Mauricio Macri y lo celebr\u00f3 a lo grande"}]},{"@type":"WebSite","@id":"http:\/\/cuartetoenlaweb.com.ar\/sitio\/#website","url":"http:\/\/cuartetoenlaweb.com.ar\/sitio\/","name":"Cuarteto en la Web","description":"","publisher":{"@id":"http:\/\/cuartetoenlaweb.com.ar\/sitio\/#organization"},"potentialAction":[{"@type":"SearchAction","target":{"@type":"EntryPoint","urlTemplate":"http:\/\/cuartetoenlaweb.com.ar\/sitio\/?s={search_term_string}"},"query-input":{"@type":"PropertyValueSpecification","valueRequired":true,"valueName":"search_term_string"}}],"inLanguage":"es"},{"@type":"Organization","@id":"http:\/\/cuartetoenlaweb.com.ar\/sitio\/#organization","name":"Cuarteto en la Web","url":"http:\/\/cuartetoenlaweb.com.ar\/sitio\/","logo":{"@type":"ImageObject","inLanguage":"es","@id":"http:\/\/cuartetoenlaweb.com.ar\/sitio\/#\/schema\/logo\/image\/","url":"https:\/\/cuartetoenlaweb.com.ar\/sitio\/wp-content\/uploads\/2025\/07\/cropped-cropped-logitoweb21.png","contentUrl":"https:\/\/cuartetoenlaweb.com.ar\/sitio\/wp-content\/uploads\/2025\/07\/cropped-cropped-logitoweb21.png","width":199,"height":199,"caption":"Cuarteto en la Web"},"image":{"@id":"http:\/\/cuartetoenlaweb.com.ar\/sitio\/#\/schema\/logo\/image\/"}}]}},"_links":{"self":[{"href":"https:\/\/cuartetoenlaweb.com.ar\/sitio\/wp-json\/wp\/v2\/posts\/12451","targetHints":{"allow":["GET"]}}],"collection":[{"href":"https:\/\/cuartetoenlaweb.com.ar\/sitio\/wp-json\/wp\/v2\/posts"}],"about":[{"href":"https:\/\/cuartetoenlaweb.com.ar\/sitio\/wp-json\/wp\/v2\/types\/post"}],"replies":[{"embeddable":true,"href":"https:\/\/cuartetoenlaweb.com.ar\/sitio\/wp-json\/wp\/v2\/comments?post=12451"}],"version-history":[{"count":0,"href":"https:\/\/cuartetoenlaweb.com.ar\/sitio\/wp-json\/wp\/v2\/posts\/12451\/revisions"}],"wp:featuredmedia":[{"embeddable":true,"href":"https:\/\/cuartetoenlaweb.com.ar\/sitio\/wp-json\/wp\/v2\/media\/12452"}],"wp:attachment":[{"href":"https:\/\/cuartetoenlaweb.com.ar\/sitio\/wp-json\/wp\/v2\/media?parent=12451"}],"wp:term":[{"taxonomy":"category","embeddable":true,"href":"https:\/\/cuartetoenlaweb.com.ar\/sitio\/wp-json\/wp\/v2\/categories?post=12451"},{"taxonomy":"post_tag","embeddable":true,"href":"https:\/\/cuartetoenlaweb.com.ar\/sitio\/wp-json\/wp\/v2\/tags?post=12451"}],"curies":[{"name":"wp","href":"https:\/\/api.w.org\/{rel}","templated":true}]}}