
{"id":12445,"date":"2026-02-22T21:59:40","date_gmt":"2026-02-23T00:59:40","guid":{"rendered":"https:\/\/cuartetoenlaweb.com.ar\/sitio\/todos-contra-emilia-mernes-el-explosivo-mensaje-de-tiago-pzk-que-agito-la-interna-urbana\/"},"modified":"2026-02-22T21:59:40","modified_gmt":"2026-02-23T00:59:40","slug":"todos-contra-emilia-mernes-el-explosivo-mensaje-de-tiago-pzk-que-agito-la-interna-urbana","status":"publish","type":"post","link":"https:\/\/cuartetoenlaweb.com.ar\/sitio\/todos-contra-emilia-mernes-el-explosivo-mensaje-de-tiago-pzk-que-agito-la-interna-urbana\/","title":{"rendered":"\u00bfTodos contra Emilia Mernes? El explosivo mensaje de Tiago PZK que agit\u00f3 la interna urbana"},"content":{"rendered":"<p>El mundo del trap y el pop urbano volvi\u00f3 a agitarse despu\u00e9s del contundente posteo que comparti\u00f3 <strong><a href=\"https:\/\/www.paparazzi.com.ar\/?s=Tiago+PZK\">Tiago PZK<\/a><\/strong> en sus redes sociales. A las dos de la ma\u00f1ana, el artista lanz\u00f3 un mensaje cargado de enojo y decepci\u00f3n que muchos interpretaron como una indirecta directa hacia colegas del ambiente.<\/p>\n<p><em>\u201cLa industria de los artistas caretas y su ego me tienen re podrido. Yo vengo de un mundo real, mi sufrimiento de guacho nunca me lo san\u00f3 el cuento de la fama. Hoy en mi mesa solo come el que me vio teniendo hambre. Hace tiempo que mi m\u00fasica no representa qui\u00e9n soy, mucho tiempo me falt\u00e9 a m\u00ed mismo y a mis valores para hacer lo que complace al resto\u201d<\/em>, escribi\u00f3 el cantante.<\/p>\n<p>La palabra \u201ccaretas\u201d no pas\u00f3 desapercibida y r\u00e1pidamente encendi\u00f3 especulaciones. En Infama, el periodista <strong>Gonzalo Sorbo<\/strong> puso el foco en las posibles internas: <em>\u201cHace un tiempo dijeron que supuestamente<strong> Tini<\/strong> se habr\u00eda peleado con <strong>Emilia Mernes <\/strong>y ahora sale un posteo de un cantante, Tiago PZK, a las 2 am\u2026\u201d. <\/em>Y agreg\u00f3 con picard\u00eda: <em>\u201cBueno, te nombro a Tini y Emilia porque fue la supuesta pelea que hubo hace unos d\u00edas. Ahora, \u00bfqu\u00e9 pasar\u00e1 con Tiago y Emilia?\u201d.<\/em><\/p>\n<div class=\"mt-box \">\n<h4 class=\"mt-heading\">Mir\u00e1 Tambi\u00e9n<\/h4>\n<p><a href=\"https:\/\/www.paparazzi.com.ar\/romances\/exclusivo-el-video-de-la-china-suarez-yendose-del-pais-para-reencontrarse-con-mauro-icardi-en-medio-de-su-crisis\/\"><\/p>\n<div class=\"mt-content\">\n<div class=\"mt-image-container\"><img decoding=\"async\" src=\"https:\/\/www.paparazzi.com.ar\/wp-content\/uploads\/2026\/02\/China-Suarez-aeropuerto-359x226.jpg\" alt=\"\u00a1Exclusivo! El video de la China Su\u00e1rez y\u00e9ndose del pa\u00eds para reencontrarse con Mauro Icardi en medio de su crisis\" class=\"mt-image\" loading=\"lazy\" \/><\/div>\n<h5 class=\"mt-title\">\u00a1Exclusivo! El video de la China Su\u00e1rez y\u00e9ndose del pa\u00eds para reencontrarse con Mauro Icardi en medio de su crisis<\/h5>\n<\/div>\n<p><\/a><\/div>\n<p>As\u00ed, los nombres de<strong> Tini <\/strong>y <strong>Emilia Mernes<\/strong> volvieron a quedar en el centro de la escena. Las versiones sobre tensiones en el movimiento urbano circulan hace tiempo, especialmente <strong>desde la disoluci\u00f3n del grupo Los del Espacio<\/strong>. Aquel colectivo, que tambi\u00e9n integraban <strong>Mar\u00eda Becerra<\/strong>, <strong>Rusherking y Duki<\/strong>, fue s\u00edmbolo de colaboraci\u00f3n y hermandad art\u00edstica. Sin embargo, <a href=\"https:\/\/www.paparazzi.com.ar\/teve\/por-que-rusherking-se-peleo-con-su-amigo-tiago-pzk\/\">con el paso del tiempo cada uno tom\u00f3 su propio camino y el proyecto qued\u00f3 en el recuerdo<\/a>.<\/p>\n<p>El momento personal de Tiago tambi\u00e9n suma condimentos al misterio. Hace un a\u00f1o fue criticado tras su presentaci\u00f3n en el Cosqu\u00edn Rock, donde interpret\u00f3 un tema de <strong>Gustavo Cerati<\/strong> y recibi\u00f3 cuestionamientos por el uso de autotune. Luego sorprendi\u00f3 al anunciar que adoptar\u00eda el nombre art\u00edstico <strong>\u201cGotti\u201d,<\/strong> marcando una etapa diferente en su carrera.<\/p>\n<div class=\"mt-box \">\n<h4 class=\"mt-heading\">Mir\u00e1 Tambi\u00e9n<\/h4>\n<p><a href=\"https:\/\/www.paparazzi.com.ar\/romances\/tiago-pzk-se-separo-de-belen-negri-a-meses-de-confirmar-su-reconciliacion-a-veces-no-alcanza\/\"><\/p>\n<div class=\"mt-content\">\n<div class=\"mt-image-container\"><img decoding=\"async\" src=\"https:\/\/www.paparazzi.com.ar\/wp-content\/uploads\/2025\/10\/image-478-359x226.png\" alt=\"Tiago PZK se separ\u00f3 de Bel\u00e9n Negri a 4 meses de su reconciliaci\u00f3n y el motivo es una bomba\" class=\"mt-image\" loading=\"lazy\" \/><\/div>\n<h5 class=\"mt-title\">Tiago PZK se separ\u00f3 de Bel\u00e9n Negri a 4 meses de su reconciliaci\u00f3n y el motivo es una bomba<\/h5>\n<\/div>\n<p><\/a><\/div>\n<p>En las \u00faltimas semanas, adem\u00e1s, fue sometido a una operaci\u00f3n y decidi\u00f3 instalarse en la casa de su madre en busca de contenci\u00f3n. Un replanteo art\u00edstico, un proceso personal profundo y un mensaje que suena a hartazgo. <\/p>\n<p><strong>\u00bfSe trata simplemente de una evoluci\u00f3n musical o estamos ante una nueva fractura silenciosa en la escena urbana argentina?<\/strong> Por ahora, nadie respondi\u00f3. Pero en el universo del trap, cuando alguien habla de \u201ccaretas\u201d, nadie se siente afuera.<\/p>\n<div class=\"mt-box \">\n<h4 class=\"mt-heading\">Mir\u00e1 Tambi\u00e9n<\/h4>\n<p><a href=\"https:\/\/www.paparazzi.com.ar\/teve\/el-extrano-comportamiento-de-tiago-pzk-en-la-voz-argentina-que-causo-polemica\/\"><\/p>\n<div class=\"mt-content\">\n<div class=\"mt-image-container\"><img decoding=\"async\" src=\"https:\/\/www.paparazzi.com.ar\/wp-content\/uploads\/2025\/09\/tiago.png.webp\" alt=\"El extra\u00f1o comportamiento de Tiago PZK en La Voz Argentina que caus\u00f3 pol\u00e9mica\" class=\"mt-image\" loading=\"lazy\" \/><\/div>\n<h5 class=\"mt-title\">El extra\u00f1o comportamiento de Tiago PZK en La Voz Argentina que caus\u00f3 pol\u00e9mica<\/h5>\n<\/div>\n<p><\/a><\/div>\n<div class=\"mt-box \">\n<h4 class=\"mt-heading\">Mir\u00e1 Tambi\u00e9n<\/h4>\n<p><a href=\"https:\/\/www.paparazzi.com.ar\/teve\/por-que-rusherking-se-peleo-con-su-amigo-tiago-pzk\/\"><\/p>\n<div class=\"mt-content\">\n<div class=\"mt-image-container\"><img decoding=\"async\" src=\"https:\/\/www.paparazzi.com.ar\/wp-content\/uploads\/2023\/05\/Rusherking-Thiago-Pzk.jpg.webp\" alt=\"Por qu\u00e9 Rusherking se pele\u00f3 con su amigo Tiago PZK\" class=\"mt-image\" loading=\"lazy\" \/><\/div>\n<h5 class=\"mt-title\">Por qu\u00e9 Rusherking se pele\u00f3 con su amigo Tiago PZK<\/h5>\n<\/div>\n<p><\/a><\/div>\n<p>The post <a href=\"https:\/\/www.paparazzi.com.ar\/teve\/todos-contra-emilia-mernes-el-explosivo-mensaje-de-tiago-pzk-que-agito-la-interna-urbana\/\">\u00bfTodos contra Emilia Mernes? El explosivo mensaje de Tiago PZK que agit\u00f3 la interna urbana<\/a> appeared first on <a href=\"https:\/\/www.paparazzi.com.ar\">Revista Paparazzi<\/a>.<\/p>\n","protected":false},"excerpt":{"rendered":"<p>El mundo del trap y el pop urbano volvi\u00f3 a<\/p>\n","protected":false},"author":0,"featured_media":12446,"comment_status":"","ping_status":"","sticky":false,"template":"","format":"standard","meta":{"footnotes":""},"categories":[12],"tags":[],"class_list":["post-12445","post","type-post","status-publish","format-standard","has-post-thumbnail","hentry","category-espectaculo"],"yoast_head":"<!-- This site is optimized with the Yoast SEO plugin v27.5 - https:\/\/yoast.com\/product\/yoast-seo-wordpress\/ -->\n<title>\u00bfTodos contra Emilia Mernes? El explosivo mensaje de Tiago PZK que agit\u00f3 la interna urbana - Cuarteto en la Web<\/title>\n<meta name=\"robots\" content=\"index, follow, max-snippet:-1, max-image-preview:large, max-video-preview:-1\" \/>\n<link rel=\"canonical\" href=\"https:\/\/cuartetoenlaweb.com.ar\/sitio\/todos-contra-emilia-mernes-el-explosivo-mensaje-de-tiago-pzk-que-agito-la-interna-urbana\/\" \/>\n<meta property=\"og:locale\" content=\"es_ES\" \/>\n<meta property=\"og:type\" content=\"article\" \/>\n<meta property=\"og:title\" content=\"\u00bfTodos contra Emilia Mernes? El explosivo mensaje de Tiago PZK que agit\u00f3 la interna urbana - Cuarteto en la Web\" \/>\n<meta property=\"og:description\" content=\"El mundo del trap y el pop urbano volvi\u00f3 a\" \/>\n<meta property=\"og:url\" content=\"https:\/\/cuartetoenlaweb.com.ar\/sitio\/todos-contra-emilia-mernes-el-explosivo-mensaje-de-tiago-pzk-que-agito-la-interna-urbana\/\" \/>\n<meta property=\"og:site_name\" content=\"Cuarteto en la Web\" \/>\n<meta property=\"article:published_time\" content=\"2026-02-23T00:59:40+00:00\" \/>\n<meta property=\"og:image\" content=\"https:\/\/cuartetoenlaweb.com.ar\/sitio\/wp-content\/uploads\/2026\/02\/China-Suarez-aeropuerto-359x226-22.jpg\" \/>\n\t<meta property=\"og:image:width\" content=\"359\" \/>\n\t<meta property=\"og:image:height\" content=\"226\" \/>\n\t<meta property=\"og:image:type\" content=\"image\/jpeg\" \/>\n<meta name=\"twitter:card\" content=\"summary_large_image\" \/>\n<meta name=\"twitter:label1\" content=\"Tiempo de lectura\" \/>\n\t<meta name=\"twitter:data1\" content=\"3 minutos\" \/>\n<script type=\"application\/ld+json\" class=\"yoast-schema-graph\">{\"@context\":\"https:\\\/\\\/schema.org\",\"@graph\":[{\"@type\":\"Article\",\"@id\":\"https:\\\/\\\/cuartetoenlaweb.com.ar\\\/sitio\\\/todos-contra-emilia-mernes-el-explosivo-mensaje-de-tiago-pzk-que-agito-la-interna-urbana\\\/#article\",\"isPartOf\":{\"@id\":\"https:\\\/\\\/cuartetoenlaweb.com.ar\\\/sitio\\\/todos-contra-emilia-mernes-el-explosivo-mensaje-de-tiago-pzk-que-agito-la-interna-urbana\\\/\"},\"author\":{\"name\":\"\",\"@id\":\"\"},\"headline\":\"\u00bfTodos contra Emilia Mernes? El explosivo mensaje de Tiago PZK que agit\u00f3 la interna urbana\",\"datePublished\":\"2026-02-23T00:59:40+00:00\",\"mainEntityOfPage\":{\"@id\":\"https:\\\/\\\/cuartetoenlaweb.com.ar\\\/sitio\\\/todos-contra-emilia-mernes-el-explosivo-mensaje-de-tiago-pzk-que-agito-la-interna-urbana\\\/\"},\"wordCount\":547,\"publisher\":{\"@id\":\"http:\\\/\\\/cuartetoenlaweb.com.ar\\\/sitio\\\/#organization\"},\"image\":{\"@id\":\"https:\\\/\\\/cuartetoenlaweb.com.ar\\\/sitio\\\/todos-contra-emilia-mernes-el-explosivo-mensaje-de-tiago-pzk-que-agito-la-interna-urbana\\\/#primaryimage\"},\"thumbnailUrl\":\"https:\\\/\\\/cuartetoenlaweb.com.ar\\\/sitio\\\/wp-content\\\/uploads\\\/2026\\\/02\\\/China-Suarez-aeropuerto-359x226-22.jpg\",\"articleSection\":[\"ESPECT\u00c1CULO\"],\"inLanguage\":\"es\"},{\"@type\":\"WebPage\",\"@id\":\"https:\\\/\\\/cuartetoenlaweb.com.ar\\\/sitio\\\/todos-contra-emilia-mernes-el-explosivo-mensaje-de-tiago-pzk-que-agito-la-interna-urbana\\\/\",\"url\":\"https:\\\/\\\/cuartetoenlaweb.com.ar\\\/sitio\\\/todos-contra-emilia-mernes-el-explosivo-mensaje-de-tiago-pzk-que-agito-la-interna-urbana\\\/\",\"name\":\"\u00bfTodos contra Emilia Mernes? El explosivo mensaje de Tiago PZK que agit\u00f3 la interna urbana - Cuarteto en la Web\",\"isPartOf\":{\"@id\":\"http:\\\/\\\/cuartetoenlaweb.com.ar\\\/sitio\\\/#website\"},\"primaryImageOfPage\":{\"@id\":\"https:\\\/\\\/cuartetoenlaweb.com.ar\\\/sitio\\\/todos-contra-emilia-mernes-el-explosivo-mensaje-de-tiago-pzk-que-agito-la-interna-urbana\\\/#primaryimage\"},\"image\":{\"@id\":\"https:\\\/\\\/cuartetoenlaweb.com.ar\\\/sitio\\\/todos-contra-emilia-mernes-el-explosivo-mensaje-de-tiago-pzk-que-agito-la-interna-urbana\\\/#primaryimage\"},\"thumbnailUrl\":\"https:\\\/\\\/cuartetoenlaweb.com.ar\\\/sitio\\\/wp-content\\\/uploads\\\/2026\\\/02\\\/China-Suarez-aeropuerto-359x226-22.jpg\",\"datePublished\":\"2026-02-23T00:59:40+00:00\",\"breadcrumb\":{\"@id\":\"https:\\\/\\\/cuartetoenlaweb.com.ar\\\/sitio\\\/todos-contra-emilia-mernes-el-explosivo-mensaje-de-tiago-pzk-que-agito-la-interna-urbana\\\/#breadcrumb\"},\"inLanguage\":\"es\",\"potentialAction\":[{\"@type\":\"ReadAction\",\"target\":[\"https:\\\/\\\/cuartetoenlaweb.com.ar\\\/sitio\\\/todos-contra-emilia-mernes-el-explosivo-mensaje-de-tiago-pzk-que-agito-la-interna-urbana\\\/\"]}]},{\"@type\":\"ImageObject\",\"inLanguage\":\"es\",\"@id\":\"https:\\\/\\\/cuartetoenlaweb.com.ar\\\/sitio\\\/todos-contra-emilia-mernes-el-explosivo-mensaje-de-tiago-pzk-que-agito-la-interna-urbana\\\/#primaryimage\",\"url\":\"https:\\\/\\\/cuartetoenlaweb.com.ar\\\/sitio\\\/wp-content\\\/uploads\\\/2026\\\/02\\\/China-Suarez-aeropuerto-359x226-22.jpg\",\"contentUrl\":\"https:\\\/\\\/cuartetoenlaweb.com.ar\\\/sitio\\\/wp-content\\\/uploads\\\/2026\\\/02\\\/China-Suarez-aeropuerto-359x226-22.jpg\",\"width\":359,\"height\":226},{\"@type\":\"BreadcrumbList\",\"@id\":\"https:\\\/\\\/cuartetoenlaweb.com.ar\\\/sitio\\\/todos-contra-emilia-mernes-el-explosivo-mensaje-de-tiago-pzk-que-agito-la-interna-urbana\\\/#breadcrumb\",\"itemListElement\":[{\"@type\":\"ListItem\",\"position\":1,\"name\":\"Portada\",\"item\":\"http:\\\/\\\/cuartetoenlaweb.com.ar\\\/sitio\\\/\"},{\"@type\":\"ListItem\",\"position\":2,\"name\":\"\u00bfTodos contra Emilia Mernes? El explosivo mensaje de Tiago PZK que agit\u00f3 la interna urbana\"}]},{\"@type\":\"WebSite\",\"@id\":\"http:\\\/\\\/cuartetoenlaweb.com.ar\\\/sitio\\\/#website\",\"url\":\"http:\\\/\\\/cuartetoenlaweb.com.ar\\\/sitio\\\/\",\"name\":\"Cuarteto en la Web\",\"description\":\"\",\"publisher\":{\"@id\":\"http:\\\/\\\/cuartetoenlaweb.com.ar\\\/sitio\\\/#organization\"},\"potentialAction\":[{\"@type\":\"SearchAction\",\"target\":{\"@type\":\"EntryPoint\",\"urlTemplate\":\"http:\\\/\\\/cuartetoenlaweb.com.ar\\\/sitio\\\/?s={search_term_string}\"},\"query-input\":{\"@type\":\"PropertyValueSpecification\",\"valueRequired\":true,\"valueName\":\"search_term_string\"}}],\"inLanguage\":\"es\"},{\"@type\":\"Organization\",\"@id\":\"http:\\\/\\\/cuartetoenlaweb.com.ar\\\/sitio\\\/#organization\",\"name\":\"Cuarteto en la Web\",\"url\":\"http:\\\/\\\/cuartetoenlaweb.com.ar\\\/sitio\\\/\",\"logo\":{\"@type\":\"ImageObject\",\"inLanguage\":\"es\",\"@id\":\"http:\\\/\\\/cuartetoenlaweb.com.ar\\\/sitio\\\/#\\\/schema\\\/logo\\\/image\\\/\",\"url\":\"https:\\\/\\\/cuartetoenlaweb.com.ar\\\/sitio\\\/wp-content\\\/uploads\\\/2025\\\/07\\\/cropped-cropped-logitoweb21.png\",\"contentUrl\":\"https:\\\/\\\/cuartetoenlaweb.com.ar\\\/sitio\\\/wp-content\\\/uploads\\\/2025\\\/07\\\/cropped-cropped-logitoweb21.png\",\"width\":199,\"height\":199,\"caption\":\"Cuarteto en la Web\"},\"image\":{\"@id\":\"http:\\\/\\\/cuartetoenlaweb.com.ar\\\/sitio\\\/#\\\/schema\\\/logo\\\/image\\\/\"}}]}<\/script>\n<!-- \/ Yoast SEO plugin. -->","yoast_head_json":{"title":"\u00bfTodos contra Emilia Mernes? El explosivo mensaje de Tiago PZK que agit\u00f3 la interna urbana - Cuarteto en la Web","robots":{"index":"index","follow":"follow","max-snippet":"max-snippet:-1","max-image-preview":"max-image-preview:large","max-video-preview":"max-video-preview:-1"},"canonical":"https:\/\/cuartetoenlaweb.com.ar\/sitio\/todos-contra-emilia-mernes-el-explosivo-mensaje-de-tiago-pzk-que-agito-la-interna-urbana\/","og_locale":"es_ES","og_type":"article","og_title":"\u00bfTodos contra Emilia Mernes? El explosivo mensaje de Tiago PZK que agit\u00f3 la interna urbana - Cuarteto en la Web","og_description":"El mundo del trap y el pop urbano volvi\u00f3 a","og_url":"https:\/\/cuartetoenlaweb.com.ar\/sitio\/todos-contra-emilia-mernes-el-explosivo-mensaje-de-tiago-pzk-que-agito-la-interna-urbana\/","og_site_name":"Cuarteto en la Web","article_published_time":"2026-02-23T00:59:40+00:00","og_image":[{"width":359,"height":226,"url":"https:\/\/cuartetoenlaweb.com.ar\/sitio\/wp-content\/uploads\/2026\/02\/China-Suarez-aeropuerto-359x226-22.jpg","type":"image\/jpeg"}],"twitter_card":"summary_large_image","twitter_misc":{"Tiempo de lectura":"3 minutos"},"schema":{"@context":"https:\/\/schema.org","@graph":[{"@type":"Article","@id":"https:\/\/cuartetoenlaweb.com.ar\/sitio\/todos-contra-emilia-mernes-el-explosivo-mensaje-de-tiago-pzk-que-agito-la-interna-urbana\/#article","isPartOf":{"@id":"https:\/\/cuartetoenlaweb.com.ar\/sitio\/todos-contra-emilia-mernes-el-explosivo-mensaje-de-tiago-pzk-que-agito-la-interna-urbana\/"},"author":{"name":"","@id":""},"headline":"\u00bfTodos contra Emilia Mernes? El explosivo mensaje de Tiago PZK que agit\u00f3 la interna urbana","datePublished":"2026-02-23T00:59:40+00:00","mainEntityOfPage":{"@id":"https:\/\/cuartetoenlaweb.com.ar\/sitio\/todos-contra-emilia-mernes-el-explosivo-mensaje-de-tiago-pzk-que-agito-la-interna-urbana\/"},"wordCount":547,"publisher":{"@id":"http:\/\/cuartetoenlaweb.com.ar\/sitio\/#organization"},"image":{"@id":"https:\/\/cuartetoenlaweb.com.ar\/sitio\/todos-contra-emilia-mernes-el-explosivo-mensaje-de-tiago-pzk-que-agito-la-interna-urbana\/#primaryimage"},"thumbnailUrl":"https:\/\/cuartetoenlaweb.com.ar\/sitio\/wp-content\/uploads\/2026\/02\/China-Suarez-aeropuerto-359x226-22.jpg","articleSection":["ESPECT\u00c1CULO"],"inLanguage":"es"},{"@type":"WebPage","@id":"https:\/\/cuartetoenlaweb.com.ar\/sitio\/todos-contra-emilia-mernes-el-explosivo-mensaje-de-tiago-pzk-que-agito-la-interna-urbana\/","url":"https:\/\/cuartetoenlaweb.com.ar\/sitio\/todos-contra-emilia-mernes-el-explosivo-mensaje-de-tiago-pzk-que-agito-la-interna-urbana\/","name":"\u00bfTodos contra Emilia Mernes? El explosivo mensaje de Tiago PZK que agit\u00f3 la interna urbana - Cuarteto en la Web","isPartOf":{"@id":"http:\/\/cuartetoenlaweb.com.ar\/sitio\/#website"},"primaryImageOfPage":{"@id":"https:\/\/cuartetoenlaweb.com.ar\/sitio\/todos-contra-emilia-mernes-el-explosivo-mensaje-de-tiago-pzk-que-agito-la-interna-urbana\/#primaryimage"},"image":{"@id":"https:\/\/cuartetoenlaweb.com.ar\/sitio\/todos-contra-emilia-mernes-el-explosivo-mensaje-de-tiago-pzk-que-agito-la-interna-urbana\/#primaryimage"},"thumbnailUrl":"https:\/\/cuartetoenlaweb.com.ar\/sitio\/wp-content\/uploads\/2026\/02\/China-Suarez-aeropuerto-359x226-22.jpg","datePublished":"2026-02-23T00:59:40+00:00","breadcrumb":{"@id":"https:\/\/cuartetoenlaweb.com.ar\/sitio\/todos-contra-emilia-mernes-el-explosivo-mensaje-de-tiago-pzk-que-agito-la-interna-urbana\/#breadcrumb"},"inLanguage":"es","potentialAction":[{"@type":"ReadAction","target":["https:\/\/cuartetoenlaweb.com.ar\/sitio\/todos-contra-emilia-mernes-el-explosivo-mensaje-de-tiago-pzk-que-agito-la-interna-urbana\/"]}]},{"@type":"ImageObject","inLanguage":"es","@id":"https:\/\/cuartetoenlaweb.com.ar\/sitio\/todos-contra-emilia-mernes-el-explosivo-mensaje-de-tiago-pzk-que-agito-la-interna-urbana\/#primaryimage","url":"https:\/\/cuartetoenlaweb.com.ar\/sitio\/wp-content\/uploads\/2026\/02\/China-Suarez-aeropuerto-359x226-22.jpg","contentUrl":"https:\/\/cuartetoenlaweb.com.ar\/sitio\/wp-content\/uploads\/2026\/02\/China-Suarez-aeropuerto-359x226-22.jpg","width":359,"height":226},{"@type":"BreadcrumbList","@id":"https:\/\/cuartetoenlaweb.com.ar\/sitio\/todos-contra-emilia-mernes-el-explosivo-mensaje-de-tiago-pzk-que-agito-la-interna-urbana\/#breadcrumb","itemListElement":[{"@type":"ListItem","position":1,"name":"Portada","item":"http:\/\/cuartetoenlaweb.com.ar\/sitio\/"},{"@type":"ListItem","position":2,"name":"\u00bfTodos contra Emilia Mernes? El explosivo mensaje de Tiago PZK que agit\u00f3 la interna urbana"}]},{"@type":"WebSite","@id":"http:\/\/cuartetoenlaweb.com.ar\/sitio\/#website","url":"http:\/\/cuartetoenlaweb.com.ar\/sitio\/","name":"Cuarteto en la Web","description":"","publisher":{"@id":"http:\/\/cuartetoenlaweb.com.ar\/sitio\/#organization"},"potentialAction":[{"@type":"SearchAction","target":{"@type":"EntryPoint","urlTemplate":"http:\/\/cuartetoenlaweb.com.ar\/sitio\/?s={search_term_string}"},"query-input":{"@type":"PropertyValueSpecification","valueRequired":true,"valueName":"search_term_string"}}],"inLanguage":"es"},{"@type":"Organization","@id":"http:\/\/cuartetoenlaweb.com.ar\/sitio\/#organization","name":"Cuarteto en la Web","url":"http:\/\/cuartetoenlaweb.com.ar\/sitio\/","logo":{"@type":"ImageObject","inLanguage":"es","@id":"http:\/\/cuartetoenlaweb.com.ar\/sitio\/#\/schema\/logo\/image\/","url":"https:\/\/cuartetoenlaweb.com.ar\/sitio\/wp-content\/uploads\/2025\/07\/cropped-cropped-logitoweb21.png","contentUrl":"https:\/\/cuartetoenlaweb.com.ar\/sitio\/wp-content\/uploads\/2025\/07\/cropped-cropped-logitoweb21.png","width":199,"height":199,"caption":"Cuarteto en la Web"},"image":{"@id":"http:\/\/cuartetoenlaweb.com.ar\/sitio\/#\/schema\/logo\/image\/"}}]}},"_links":{"self":[{"href":"https:\/\/cuartetoenlaweb.com.ar\/sitio\/wp-json\/wp\/v2\/posts\/12445","targetHints":{"allow":["GET"]}}],"collection":[{"href":"https:\/\/cuartetoenlaweb.com.ar\/sitio\/wp-json\/wp\/v2\/posts"}],"about":[{"href":"https:\/\/cuartetoenlaweb.com.ar\/sitio\/wp-json\/wp\/v2\/types\/post"}],"replies":[{"embeddable":true,"href":"https:\/\/cuartetoenlaweb.com.ar\/sitio\/wp-json\/wp\/v2\/comments?post=12445"}],"version-history":[{"count":0,"href":"https:\/\/cuartetoenlaweb.com.ar\/sitio\/wp-json\/wp\/v2\/posts\/12445\/revisions"}],"wp:featuredmedia":[{"embeddable":true,"href":"https:\/\/cuartetoenlaweb.com.ar\/sitio\/wp-json\/wp\/v2\/media\/12446"}],"wp:attachment":[{"href":"https:\/\/cuartetoenlaweb.com.ar\/sitio\/wp-json\/wp\/v2\/media?parent=12445"}],"wp:term":[{"taxonomy":"category","embeddable":true,"href":"https:\/\/cuartetoenlaweb.com.ar\/sitio\/wp-json\/wp\/v2\/categories?post=12445"},{"taxonomy":"post_tag","embeddable":true,"href":"https:\/\/cuartetoenlaweb.com.ar\/sitio\/wp-json\/wp\/v2\/tags?post=12445"}],"curies":[{"name":"wp","href":"https:\/\/api.w.org\/{rel}","templated":true}]}}