
{"id":12443,"date":"2026-02-22T21:59:39","date_gmt":"2026-02-23T00:59:39","guid":{"rendered":"https:\/\/cuartetoenlaweb.com.ar\/sitio\/le-damos-verguenza-guido-icardi-rompio-el-silencio-y-dejo-a-mauro-icardi-contra-las-cuerdas\/"},"modified":"2026-02-22T21:59:39","modified_gmt":"2026-02-23T00:59:39","slug":"le-damos-verguenza-guido-icardi-rompio-el-silencio-y-dejo-a-mauro-icardi-contra-las-cuerdas","status":"publish","type":"post","link":"https:\/\/cuartetoenlaweb.com.ar\/sitio\/le-damos-verguenza-guido-icardi-rompio-el-silencio-y-dejo-a-mauro-icardi-contra-las-cuerdas\/","title":{"rendered":"\u201cLe damos verg\u00fcenza\u201d: Guido Icardi rompi\u00f3 el silencio y dej\u00f3 a Mauro Icardi contra las cuerdas"},"content":{"rendered":"<p><a href=\"https:\/\/www.paparazzi.com.ar\/teve\/todo-por-dinero-escandalo-con-el-hermano-de-mauro-icardi-guido-y-su-apoyo-a-wanda-nara-me-pidio-400-mil-para\/\">El conflicto en el clan Icardi sum\u00f3 un nuevo y explosivo cap\u00edtulo<\/a>. Esta vez fue<strong> Guido Icardi <\/strong>quien se sent\u00f3 en televisi\u00f3n y no esquiv\u00f3 ninguna pregunta sobre su relaci\u00f3n con su hermano,<strong> Mauro Icardi<\/strong>. Con frases filosas, revelaciones inc\u00f3modas y una confesi\u00f3n que sorprendi\u00f3 a todos, dej\u00f3 al descubierto la profundidad del quiebre familiar.<\/p>\n<p><em>\u201cCreo que me clav\u00f3 el visto\u201d<\/em>, lanz\u00f3 Guido cuando le preguntaron si Mauro le respondi\u00f3 el mensaje de cumplea\u00f1os. Una frase simple, pero demoledora. Seg\u00fan cont\u00f3, la relaci\u00f3n ven\u00eda mejorando, pero todo volvi\u00f3 a enfriarse <a href=\"https:\/\/www.paparazzi.com.ar\/romances\/la-icardiada-de-wanda-nara-con-que-hombre-del-circulo-intimo-de-mauro-icardi-tendria-un-romance\/\">despu\u00e9s de su acercamiento a<strong> Wanda Nara<\/strong><\/a>.<\/p>\n<p><a href=\"https:\/\/www.paparazzi.com.ar\/teve\/explota-de-ira-mauro-icardi-su-hermano-se-unio-con-wanda-nara-maxi-lopez-y-martin-migueles-y-estallo-un-escandalo\/\">El encuentro en la casa de la empresaria<\/a> \u2014donde tambi\u00e9n estaban <strong>Maxi L\u00f3pez<\/strong> y la actual pareja de Wanda, <strong>Mart\u00edn Migueles<\/strong>\u2014 gener\u00f3 un fuerte revuelo medi\u00e1tico. Sin embargo, Guido fue tajante:<em> \u201cYo fui a conocer a mis sobrinas\u201d. <\/em>Y agreg\u00f3 que no se sinti\u00f3 utilizado pese a las especulaciones: <em>\u201cSi usaron la foto para mojarle la oreja a mi hermano, la verdad a m\u00ed me da igual\u201d.<\/em><\/p>\n<div class=\"mt-box \">\n<h4 class=\"mt-heading\">Mir\u00e1 Tambi\u00e9n<\/h4>\n<p><a href=\"https:\/\/www.paparazzi.com.ar\/romances\/exclusivo-el-video-de-la-china-suarez-yendose-del-pais-para-reencontrarse-con-mauro-icardi-en-medio-de-su-crisis\/\"><\/p>\n<div class=\"mt-content\">\n<div class=\"mt-image-container\"><img decoding=\"async\" src=\"https:\/\/www.paparazzi.com.ar\/wp-content\/uploads\/2026\/02\/China-Suarez-aeropuerto-359x226.jpg\" alt=\"\u00a1Exclusivo! El video de la China Su\u00e1rez y\u00e9ndose del pa\u00eds para reencontrarse con Mauro Icardi en medio de su crisis\" class=\"mt-image\" loading=\"lazy\" \/><\/div>\n<h5 class=\"mt-title\">\u00a1Exclusivo! El video de la China Su\u00e1rez y\u00e9ndose del pa\u00eds para reencontrarse con Mauro Icardi en medio de su crisis<\/h5>\n<\/div>\n<p><\/a><\/div>\n<p>Pero la frase que realmente encendi\u00f3 las alarmas lleg\u00f3 despu\u00e9s. Intentando encontrar una explicaci\u00f3n al distanciamiento, confes\u00f3: <em>\u201cNo tenemos ninguna raz\u00f3n como para que est\u00e9 enojado con nosotros\u2026 <strong>quiz\u00e1s le damos verg\u00fcenza<\/strong>. Es triste pensarlo, pero no tengo otra respuesta\u201d.<\/em> La declaraci\u00f3n impact\u00f3 de lleno porque instala una hip\u00f3tesis dolorosa: \u00bfla fama y el \u00e9xito habr\u00edan cambiado a Mauro?<\/p>\n<p>En esa misma l\u00ednea, Guido desliz\u00f3 otra reflexi\u00f3n contundente: <em>\u201cNo s\u00e9 si ser\u00e1\u2026 el \u00e9xito se le subi\u00f3\u201d.<\/em> Y aunque aclar\u00f3 que no tiene certezas sobre el motivo del quiebre, reconoci\u00f3 que la distancia no es solo con \u00e9l. <em>\u201cCon mi pap\u00e1 no habla desde hace un par de meses tambi\u00e9n\u201d,<\/em> revel\u00f3, ampliando el conflicto.<\/p>\n<div class=\"mt-box \">\n<h4 class=\"mt-heading\">Mir\u00e1 Tambi\u00e9n<\/h4>\n<p><a href=\"https:\/\/www.paparazzi.com.ar\/romances\/el-divorcio-de-mauro-icardi-y-wanda-nara-ya-tiene-fecha-cuando-se-casa-con-la-china-suarez\/\"><\/p>\n<div class=\"mt-content\">\n<div class=\"mt-image-container\"><img decoding=\"async\" src=\"https:\/\/www.paparazzi.com.ar\/wp-content\/uploads\/2025\/07\/El-problema-que-enfrenta-Mauro-Icardi-en-su-llegada-a-Turquia-por-la-China-Suarez-y-Wanda-Nara.jpg.webp\" alt=\"El divorcio de Mauro Icardi y Wanda Nara ya tiene fecha: \u00bfCu\u00e1ndo se casa con la China Su\u00e1rez?\" class=\"mt-image\" loading=\"lazy\" \/><\/div>\n<h5 class=\"mt-title\">El divorcio de Mauro Icardi y Wanda Nara ya tiene fecha: \u00bfCu\u00e1ndo se casa con la China Su\u00e1rez?<\/h5>\n<\/div>\n<p><\/a><\/div>\n<p>Consultado sobre la personalidad del delantero, fue directo: confirm\u00f3 que Mauro<em> \u201ces celoso\u201d <\/em>y admiti\u00f3 que le gusta <em>\u201cque se hable de \u00e9l\u201d.<\/em> <em>\u201cLe gusta el \u00e9xito, que se hable, ser el centro de atenci\u00f3n\u201d<\/em>, explic\u00f3. Sin embargo, evit\u00f3 responsabilizar a terceros y sostuvo que lo que ocurri\u00f3 puertas adentro en su matrimonio solo lo saben los protagonistas.<\/p>\n<p>Lejos de mostrarse enojado, Guido asegur\u00f3 que desea que su hermano encuentre paz: <em>\u201cQuiero que se termine su problema medi\u00e1tico, que se pueda divorciar en buenos t\u00e9rminos y que se termine todo el circo que hay armado\u201d. <\/em>Tambi\u00e9n expres\u00f3 su deseo de que, alg\u00fan d\u00eda, puedan volver a hablar como familia. <strong>Mientras tanto, el clan Icardi parece m\u00e1s fracturado que nunca&#8230;<\/strong><\/p>\n<div class=\"mt-box \">\n<h4 class=\"mt-heading\">Mir\u00e1 Tambi\u00e9n<\/h4>\n<p><a href=\"https:\/\/www.paparazzi.com.ar\/romances\/el-peor-cumpleanos-de-mauro-icardi\/\"><\/p>\n<div class=\"mt-content\">\n<div class=\"mt-image-container\"><img decoding=\"async\" src=\"https:\/\/www.paparazzi.com.ar\/wp-content\/uploads\/2026\/02\/Icardi-1-359x226.jpg\" alt=\"Wanda Nara le arruin\u00f3 el cumplea\u00f1os: la furia de Mauro Icardi por una fuerte foto de Mart\u00edn Migueles con una de sus hijas\" class=\"mt-image\" loading=\"lazy\" \/><\/div>\n<h5 class=\"mt-title\">Wanda Nara le arruin\u00f3 el cumplea\u00f1os: la furia de Mauro Icardi por una fuerte foto de Mart\u00edn Migueles con una de sus hijas<\/h5>\n<\/div>\n<p><\/a><\/div>\n<div class=\"mt-box \">\n<h4 class=\"mt-heading\">Mir\u00e1 Tambi\u00e9n<\/h4>\n<p><a href=\"https:\/\/www.paparazzi.com.ar\/teve\/bomba-guido-icardi-a-un-paso-de-cambiar-su-vida-gracias-a-wanda-nara-la-macabra-jugada\/\"><\/p>\n<div class=\"mt-content\">\n<div class=\"mt-image-container\"><img decoding=\"async\" src=\"https:\/\/www.paparazzi.com.ar\/wp-content\/uploads\/2026\/02\/\u00a1Bomba-Guido-Icardi-a-un-paso-de-cambiar-su-vida-gracias-a-Wanda-Nara-la-macabra-jugada-359x226.jpeg\" alt=\"\u00a1Bomba! Guido Icardi a un paso de cambiar su vida gracias a Wanda Nara: la macabra jugada\" class=\"mt-image\" loading=\"lazy\" \/><\/div>\n<h5 class=\"mt-title\">\u00a1Bomba! Guido Icardi a un paso de cambiar su vida gracias a Wanda Nara: la macabra jugada<\/h5>\n<\/div>\n<p><\/a><\/div>\n<p>The post <a href=\"https:\/\/www.paparazzi.com.ar\/teve\/le-damos-verguenza-guido-icardi-rompio-el-silencio-y-dejo-a-mauro-icardi-contra-las-cuerdas\/\">\u201cLe damos verg\u00fcenza\u201d: Guido Icardi rompi\u00f3 el silencio y dej\u00f3 a Mauro Icardi contra las cuerdas<\/a> appeared first on <a href=\"https:\/\/www.paparazzi.com.ar\">Revista Paparazzi<\/a>.<\/p>\n","protected":false},"excerpt":{"rendered":"<p>El conflicto en el clan Icardi sum\u00f3 un nuevo y<\/p>\n","protected":false},"author":0,"featured_media":12444,"comment_status":"","ping_status":"","sticky":false,"template":"","format":"standard","meta":{"footnotes":""},"categories":[12],"tags":[],"class_list":["post-12443","post","type-post","status-publish","format-standard","has-post-thumbnail","hentry","category-espectaculo"],"yoast_head":"<!-- This site is optimized with the Yoast SEO plugin v27.5 - https:\/\/yoast.com\/product\/yoast-seo-wordpress\/ -->\n<title>\u201cLe damos verg\u00fcenza\u201d: Guido Icardi rompi\u00f3 el silencio y dej\u00f3 a Mauro Icardi contra las cuerdas - Cuarteto en la Web<\/title>\n<meta name=\"robots\" content=\"index, follow, max-snippet:-1, max-image-preview:large, max-video-preview:-1\" \/>\n<link rel=\"canonical\" href=\"https:\/\/cuartetoenlaweb.com.ar\/sitio\/le-damos-verguenza-guido-icardi-rompio-el-silencio-y-dejo-a-mauro-icardi-contra-las-cuerdas\/\" \/>\n<meta property=\"og:locale\" content=\"es_ES\" \/>\n<meta property=\"og:type\" content=\"article\" \/>\n<meta property=\"og:title\" content=\"\u201cLe damos verg\u00fcenza\u201d: Guido Icardi rompi\u00f3 el silencio y dej\u00f3 a Mauro Icardi contra las cuerdas - Cuarteto en la Web\" \/>\n<meta property=\"og:description\" content=\"El conflicto en el clan Icardi sum\u00f3 un nuevo y\" \/>\n<meta property=\"og:url\" content=\"https:\/\/cuartetoenlaweb.com.ar\/sitio\/le-damos-verguenza-guido-icardi-rompio-el-silencio-y-dejo-a-mauro-icardi-contra-las-cuerdas\/\" \/>\n<meta property=\"og:site_name\" content=\"Cuarteto en la Web\" \/>\n<meta property=\"article:published_time\" content=\"2026-02-23T00:59:39+00:00\" \/>\n<meta property=\"og:image\" content=\"https:\/\/cuartetoenlaweb.com.ar\/sitio\/wp-content\/uploads\/2026\/02\/China-Suarez-aeropuerto-359x226-21.jpg\" \/>\n\t<meta property=\"og:image:width\" content=\"359\" \/>\n\t<meta property=\"og:image:height\" content=\"226\" \/>\n\t<meta property=\"og:image:type\" content=\"image\/jpeg\" \/>\n<meta name=\"twitter:card\" content=\"summary_large_image\" \/>\n<meta name=\"twitter:label1\" content=\"Tiempo de lectura\" \/>\n\t<meta name=\"twitter:data1\" content=\"3 minutos\" \/>\n<script type=\"application\/ld+json\" class=\"yoast-schema-graph\">{\"@context\":\"https:\\\/\\\/schema.org\",\"@graph\":[{\"@type\":\"Article\",\"@id\":\"https:\\\/\\\/cuartetoenlaweb.com.ar\\\/sitio\\\/le-damos-verguenza-guido-icardi-rompio-el-silencio-y-dejo-a-mauro-icardi-contra-las-cuerdas\\\/#article\",\"isPartOf\":{\"@id\":\"https:\\\/\\\/cuartetoenlaweb.com.ar\\\/sitio\\\/le-damos-verguenza-guido-icardi-rompio-el-silencio-y-dejo-a-mauro-icardi-contra-las-cuerdas\\\/\"},\"author\":{\"name\":\"\",\"@id\":\"\"},\"headline\":\"\u201cLe damos verg\u00fcenza\u201d: Guido Icardi rompi\u00f3 el silencio y dej\u00f3 a Mauro Icardi contra las cuerdas\",\"datePublished\":\"2026-02-23T00:59:39+00:00\",\"mainEntityOfPage\":{\"@id\":\"https:\\\/\\\/cuartetoenlaweb.com.ar\\\/sitio\\\/le-damos-verguenza-guido-icardi-rompio-el-silencio-y-dejo-a-mauro-icardi-contra-las-cuerdas\\\/\"},\"wordCount\":567,\"publisher\":{\"@id\":\"http:\\\/\\\/cuartetoenlaweb.com.ar\\\/sitio\\\/#organization\"},\"image\":{\"@id\":\"https:\\\/\\\/cuartetoenlaweb.com.ar\\\/sitio\\\/le-damos-verguenza-guido-icardi-rompio-el-silencio-y-dejo-a-mauro-icardi-contra-las-cuerdas\\\/#primaryimage\"},\"thumbnailUrl\":\"https:\\\/\\\/cuartetoenlaweb.com.ar\\\/sitio\\\/wp-content\\\/uploads\\\/2026\\\/02\\\/China-Suarez-aeropuerto-359x226-21.jpg\",\"articleSection\":[\"ESPECT\u00c1CULO\"],\"inLanguage\":\"es\"},{\"@type\":\"WebPage\",\"@id\":\"https:\\\/\\\/cuartetoenlaweb.com.ar\\\/sitio\\\/le-damos-verguenza-guido-icardi-rompio-el-silencio-y-dejo-a-mauro-icardi-contra-las-cuerdas\\\/\",\"url\":\"https:\\\/\\\/cuartetoenlaweb.com.ar\\\/sitio\\\/le-damos-verguenza-guido-icardi-rompio-el-silencio-y-dejo-a-mauro-icardi-contra-las-cuerdas\\\/\",\"name\":\"\u201cLe damos verg\u00fcenza\u201d: Guido Icardi rompi\u00f3 el silencio y dej\u00f3 a Mauro Icardi contra las cuerdas - Cuarteto en la Web\",\"isPartOf\":{\"@id\":\"http:\\\/\\\/cuartetoenlaweb.com.ar\\\/sitio\\\/#website\"},\"primaryImageOfPage\":{\"@id\":\"https:\\\/\\\/cuartetoenlaweb.com.ar\\\/sitio\\\/le-damos-verguenza-guido-icardi-rompio-el-silencio-y-dejo-a-mauro-icardi-contra-las-cuerdas\\\/#primaryimage\"},\"image\":{\"@id\":\"https:\\\/\\\/cuartetoenlaweb.com.ar\\\/sitio\\\/le-damos-verguenza-guido-icardi-rompio-el-silencio-y-dejo-a-mauro-icardi-contra-las-cuerdas\\\/#primaryimage\"},\"thumbnailUrl\":\"https:\\\/\\\/cuartetoenlaweb.com.ar\\\/sitio\\\/wp-content\\\/uploads\\\/2026\\\/02\\\/China-Suarez-aeropuerto-359x226-21.jpg\",\"datePublished\":\"2026-02-23T00:59:39+00:00\",\"breadcrumb\":{\"@id\":\"https:\\\/\\\/cuartetoenlaweb.com.ar\\\/sitio\\\/le-damos-verguenza-guido-icardi-rompio-el-silencio-y-dejo-a-mauro-icardi-contra-las-cuerdas\\\/#breadcrumb\"},\"inLanguage\":\"es\",\"potentialAction\":[{\"@type\":\"ReadAction\",\"target\":[\"https:\\\/\\\/cuartetoenlaweb.com.ar\\\/sitio\\\/le-damos-verguenza-guido-icardi-rompio-el-silencio-y-dejo-a-mauro-icardi-contra-las-cuerdas\\\/\"]}]},{\"@type\":\"ImageObject\",\"inLanguage\":\"es\",\"@id\":\"https:\\\/\\\/cuartetoenlaweb.com.ar\\\/sitio\\\/le-damos-verguenza-guido-icardi-rompio-el-silencio-y-dejo-a-mauro-icardi-contra-las-cuerdas\\\/#primaryimage\",\"url\":\"https:\\\/\\\/cuartetoenlaweb.com.ar\\\/sitio\\\/wp-content\\\/uploads\\\/2026\\\/02\\\/China-Suarez-aeropuerto-359x226-21.jpg\",\"contentUrl\":\"https:\\\/\\\/cuartetoenlaweb.com.ar\\\/sitio\\\/wp-content\\\/uploads\\\/2026\\\/02\\\/China-Suarez-aeropuerto-359x226-21.jpg\",\"width\":359,\"height\":226},{\"@type\":\"BreadcrumbList\",\"@id\":\"https:\\\/\\\/cuartetoenlaweb.com.ar\\\/sitio\\\/le-damos-verguenza-guido-icardi-rompio-el-silencio-y-dejo-a-mauro-icardi-contra-las-cuerdas\\\/#breadcrumb\",\"itemListElement\":[{\"@type\":\"ListItem\",\"position\":1,\"name\":\"Portada\",\"item\":\"http:\\\/\\\/cuartetoenlaweb.com.ar\\\/sitio\\\/\"},{\"@type\":\"ListItem\",\"position\":2,\"name\":\"\u201cLe damos verg\u00fcenza\u201d: Guido Icardi rompi\u00f3 el silencio y dej\u00f3 a Mauro Icardi contra las cuerdas\"}]},{\"@type\":\"WebSite\",\"@id\":\"http:\\\/\\\/cuartetoenlaweb.com.ar\\\/sitio\\\/#website\",\"url\":\"http:\\\/\\\/cuartetoenlaweb.com.ar\\\/sitio\\\/\",\"name\":\"Cuarteto en la Web\",\"description\":\"\",\"publisher\":{\"@id\":\"http:\\\/\\\/cuartetoenlaweb.com.ar\\\/sitio\\\/#organization\"},\"potentialAction\":[{\"@type\":\"SearchAction\",\"target\":{\"@type\":\"EntryPoint\",\"urlTemplate\":\"http:\\\/\\\/cuartetoenlaweb.com.ar\\\/sitio\\\/?s={search_term_string}\"},\"query-input\":{\"@type\":\"PropertyValueSpecification\",\"valueRequired\":true,\"valueName\":\"search_term_string\"}}],\"inLanguage\":\"es\"},{\"@type\":\"Organization\",\"@id\":\"http:\\\/\\\/cuartetoenlaweb.com.ar\\\/sitio\\\/#organization\",\"name\":\"Cuarteto en la Web\",\"url\":\"http:\\\/\\\/cuartetoenlaweb.com.ar\\\/sitio\\\/\",\"logo\":{\"@type\":\"ImageObject\",\"inLanguage\":\"es\",\"@id\":\"http:\\\/\\\/cuartetoenlaweb.com.ar\\\/sitio\\\/#\\\/schema\\\/logo\\\/image\\\/\",\"url\":\"https:\\\/\\\/cuartetoenlaweb.com.ar\\\/sitio\\\/wp-content\\\/uploads\\\/2025\\\/07\\\/cropped-cropped-logitoweb21.png\",\"contentUrl\":\"https:\\\/\\\/cuartetoenlaweb.com.ar\\\/sitio\\\/wp-content\\\/uploads\\\/2025\\\/07\\\/cropped-cropped-logitoweb21.png\",\"width\":199,\"height\":199,\"caption\":\"Cuarteto en la Web\"},\"image\":{\"@id\":\"http:\\\/\\\/cuartetoenlaweb.com.ar\\\/sitio\\\/#\\\/schema\\\/logo\\\/image\\\/\"}}]}<\/script>\n<!-- \/ Yoast SEO plugin. -->","yoast_head_json":{"title":"\u201cLe damos verg\u00fcenza\u201d: Guido Icardi rompi\u00f3 el silencio y dej\u00f3 a Mauro Icardi contra las cuerdas - Cuarteto en la Web","robots":{"index":"index","follow":"follow","max-snippet":"max-snippet:-1","max-image-preview":"max-image-preview:large","max-video-preview":"max-video-preview:-1"},"canonical":"https:\/\/cuartetoenlaweb.com.ar\/sitio\/le-damos-verguenza-guido-icardi-rompio-el-silencio-y-dejo-a-mauro-icardi-contra-las-cuerdas\/","og_locale":"es_ES","og_type":"article","og_title":"\u201cLe damos verg\u00fcenza\u201d: Guido Icardi rompi\u00f3 el silencio y dej\u00f3 a Mauro Icardi contra las cuerdas - Cuarteto en la Web","og_description":"El conflicto en el clan Icardi sum\u00f3 un nuevo y","og_url":"https:\/\/cuartetoenlaweb.com.ar\/sitio\/le-damos-verguenza-guido-icardi-rompio-el-silencio-y-dejo-a-mauro-icardi-contra-las-cuerdas\/","og_site_name":"Cuarteto en la Web","article_published_time":"2026-02-23T00:59:39+00:00","og_image":[{"width":359,"height":226,"url":"https:\/\/cuartetoenlaweb.com.ar\/sitio\/wp-content\/uploads\/2026\/02\/China-Suarez-aeropuerto-359x226-21.jpg","type":"image\/jpeg"}],"twitter_card":"summary_large_image","twitter_misc":{"Tiempo de lectura":"3 minutos"},"schema":{"@context":"https:\/\/schema.org","@graph":[{"@type":"Article","@id":"https:\/\/cuartetoenlaweb.com.ar\/sitio\/le-damos-verguenza-guido-icardi-rompio-el-silencio-y-dejo-a-mauro-icardi-contra-las-cuerdas\/#article","isPartOf":{"@id":"https:\/\/cuartetoenlaweb.com.ar\/sitio\/le-damos-verguenza-guido-icardi-rompio-el-silencio-y-dejo-a-mauro-icardi-contra-las-cuerdas\/"},"author":{"name":"","@id":""},"headline":"\u201cLe damos verg\u00fcenza\u201d: Guido Icardi rompi\u00f3 el silencio y dej\u00f3 a Mauro Icardi contra las cuerdas","datePublished":"2026-02-23T00:59:39+00:00","mainEntityOfPage":{"@id":"https:\/\/cuartetoenlaweb.com.ar\/sitio\/le-damos-verguenza-guido-icardi-rompio-el-silencio-y-dejo-a-mauro-icardi-contra-las-cuerdas\/"},"wordCount":567,"publisher":{"@id":"http:\/\/cuartetoenlaweb.com.ar\/sitio\/#organization"},"image":{"@id":"https:\/\/cuartetoenlaweb.com.ar\/sitio\/le-damos-verguenza-guido-icardi-rompio-el-silencio-y-dejo-a-mauro-icardi-contra-las-cuerdas\/#primaryimage"},"thumbnailUrl":"https:\/\/cuartetoenlaweb.com.ar\/sitio\/wp-content\/uploads\/2026\/02\/China-Suarez-aeropuerto-359x226-21.jpg","articleSection":["ESPECT\u00c1CULO"],"inLanguage":"es"},{"@type":"WebPage","@id":"https:\/\/cuartetoenlaweb.com.ar\/sitio\/le-damos-verguenza-guido-icardi-rompio-el-silencio-y-dejo-a-mauro-icardi-contra-las-cuerdas\/","url":"https:\/\/cuartetoenlaweb.com.ar\/sitio\/le-damos-verguenza-guido-icardi-rompio-el-silencio-y-dejo-a-mauro-icardi-contra-las-cuerdas\/","name":"\u201cLe damos verg\u00fcenza\u201d: Guido Icardi rompi\u00f3 el silencio y dej\u00f3 a Mauro Icardi contra las cuerdas - Cuarteto en la Web","isPartOf":{"@id":"http:\/\/cuartetoenlaweb.com.ar\/sitio\/#website"},"primaryImageOfPage":{"@id":"https:\/\/cuartetoenlaweb.com.ar\/sitio\/le-damos-verguenza-guido-icardi-rompio-el-silencio-y-dejo-a-mauro-icardi-contra-las-cuerdas\/#primaryimage"},"image":{"@id":"https:\/\/cuartetoenlaweb.com.ar\/sitio\/le-damos-verguenza-guido-icardi-rompio-el-silencio-y-dejo-a-mauro-icardi-contra-las-cuerdas\/#primaryimage"},"thumbnailUrl":"https:\/\/cuartetoenlaweb.com.ar\/sitio\/wp-content\/uploads\/2026\/02\/China-Suarez-aeropuerto-359x226-21.jpg","datePublished":"2026-02-23T00:59:39+00:00","breadcrumb":{"@id":"https:\/\/cuartetoenlaweb.com.ar\/sitio\/le-damos-verguenza-guido-icardi-rompio-el-silencio-y-dejo-a-mauro-icardi-contra-las-cuerdas\/#breadcrumb"},"inLanguage":"es","potentialAction":[{"@type":"ReadAction","target":["https:\/\/cuartetoenlaweb.com.ar\/sitio\/le-damos-verguenza-guido-icardi-rompio-el-silencio-y-dejo-a-mauro-icardi-contra-las-cuerdas\/"]}]},{"@type":"ImageObject","inLanguage":"es","@id":"https:\/\/cuartetoenlaweb.com.ar\/sitio\/le-damos-verguenza-guido-icardi-rompio-el-silencio-y-dejo-a-mauro-icardi-contra-las-cuerdas\/#primaryimage","url":"https:\/\/cuartetoenlaweb.com.ar\/sitio\/wp-content\/uploads\/2026\/02\/China-Suarez-aeropuerto-359x226-21.jpg","contentUrl":"https:\/\/cuartetoenlaweb.com.ar\/sitio\/wp-content\/uploads\/2026\/02\/China-Suarez-aeropuerto-359x226-21.jpg","width":359,"height":226},{"@type":"BreadcrumbList","@id":"https:\/\/cuartetoenlaweb.com.ar\/sitio\/le-damos-verguenza-guido-icardi-rompio-el-silencio-y-dejo-a-mauro-icardi-contra-las-cuerdas\/#breadcrumb","itemListElement":[{"@type":"ListItem","position":1,"name":"Portada","item":"http:\/\/cuartetoenlaweb.com.ar\/sitio\/"},{"@type":"ListItem","position":2,"name":"\u201cLe damos verg\u00fcenza\u201d: Guido Icardi rompi\u00f3 el silencio y dej\u00f3 a Mauro Icardi contra las cuerdas"}]},{"@type":"WebSite","@id":"http:\/\/cuartetoenlaweb.com.ar\/sitio\/#website","url":"http:\/\/cuartetoenlaweb.com.ar\/sitio\/","name":"Cuarteto en la Web","description":"","publisher":{"@id":"http:\/\/cuartetoenlaweb.com.ar\/sitio\/#organization"},"potentialAction":[{"@type":"SearchAction","target":{"@type":"EntryPoint","urlTemplate":"http:\/\/cuartetoenlaweb.com.ar\/sitio\/?s={search_term_string}"},"query-input":{"@type":"PropertyValueSpecification","valueRequired":true,"valueName":"search_term_string"}}],"inLanguage":"es"},{"@type":"Organization","@id":"http:\/\/cuartetoenlaweb.com.ar\/sitio\/#organization","name":"Cuarteto en la Web","url":"http:\/\/cuartetoenlaweb.com.ar\/sitio\/","logo":{"@type":"ImageObject","inLanguage":"es","@id":"http:\/\/cuartetoenlaweb.com.ar\/sitio\/#\/schema\/logo\/image\/","url":"https:\/\/cuartetoenlaweb.com.ar\/sitio\/wp-content\/uploads\/2025\/07\/cropped-cropped-logitoweb21.png","contentUrl":"https:\/\/cuartetoenlaweb.com.ar\/sitio\/wp-content\/uploads\/2025\/07\/cropped-cropped-logitoweb21.png","width":199,"height":199,"caption":"Cuarteto en la Web"},"image":{"@id":"http:\/\/cuartetoenlaweb.com.ar\/sitio\/#\/schema\/logo\/image\/"}}]}},"_links":{"self":[{"href":"https:\/\/cuartetoenlaweb.com.ar\/sitio\/wp-json\/wp\/v2\/posts\/12443","targetHints":{"allow":["GET"]}}],"collection":[{"href":"https:\/\/cuartetoenlaweb.com.ar\/sitio\/wp-json\/wp\/v2\/posts"}],"about":[{"href":"https:\/\/cuartetoenlaweb.com.ar\/sitio\/wp-json\/wp\/v2\/types\/post"}],"replies":[{"embeddable":true,"href":"https:\/\/cuartetoenlaweb.com.ar\/sitio\/wp-json\/wp\/v2\/comments?post=12443"}],"version-history":[{"count":0,"href":"https:\/\/cuartetoenlaweb.com.ar\/sitio\/wp-json\/wp\/v2\/posts\/12443\/revisions"}],"wp:featuredmedia":[{"embeddable":true,"href":"https:\/\/cuartetoenlaweb.com.ar\/sitio\/wp-json\/wp\/v2\/media\/12444"}],"wp:attachment":[{"href":"https:\/\/cuartetoenlaweb.com.ar\/sitio\/wp-json\/wp\/v2\/media?parent=12443"}],"wp:term":[{"taxonomy":"category","embeddable":true,"href":"https:\/\/cuartetoenlaweb.com.ar\/sitio\/wp-json\/wp\/v2\/categories?post=12443"},{"taxonomy":"post_tag","embeddable":true,"href":"https:\/\/cuartetoenlaweb.com.ar\/sitio\/wp-json\/wp\/v2\/tags?post=12443"}],"curies":[{"name":"wp","href":"https:\/\/api.w.org\/{rel}","templated":true}]}}