
{"id":12441,"date":"2026-02-22T11:00:36","date_gmt":"2026-02-22T14:00:36","guid":{"rendered":"https:\/\/cuartetoenlaweb.com.ar\/sitio\/mendoza-vota-concejales-en-seis-departamentos-con-la-mira-puesta-en-el-nivel-de-participacion\/"},"modified":"2026-02-22T11:00:36","modified_gmt":"2026-02-22T14:00:36","slug":"mendoza-vota-concejales-en-seis-departamentos-con-la-mira-puesta-en-el-nivel-de-participacion","status":"publish","type":"post","link":"https:\/\/cuartetoenlaweb.com.ar\/sitio\/mendoza-vota-concejales-en-seis-departamentos-con-la-mira-puesta-en-el-nivel-de-participacion\/","title":{"rendered":"Mendoza vota concejales en seis departamentos con la mira puesta en el nivel de participaci\u00f3n"},"content":{"rendered":"<p><img decoding=\"async\" src=\"https:\/\/alpha-assets.tadevel-cdn.com\/699af9ffc331fb2518bda3ac\/720.jpeg\" \/><\/p>\n<p>Buenos Aires, 22 febrero (NA) \u2013 Mendoza vive este domingo una at\u00edpica jornada electoral en la que seis de sus dieciocho departamentos eligen concejales, bajo un clima marcado por la incertidumbre respecto al nivel de asistencia de los votantes. <\/p>\n<p>Seg\u00fan pudo saber la Agencia Noticias Argentinas, un total de 514.000 personas est\u00e1n habilitadas para sufragar en San Rafael, Maip\u00fa, Luj\u00e1n de Cuyo, Rivadavia, Santa Rosa y La Paz, en un comicio que se desarrolla mediante el sistema de Boleta \u00danica Papel y que implica un costo log\u00edstico superior a los 3.000 millones de pesos costeados por las propias comunas. <\/p>\n<p>La fecha, fijada por ley para los municipios que decidieron desdoblar sus elecciones de las generales de octubre pasado, encuentra a la clase pol\u00edtica local expectante ante el desinter\u00e9s ciudadano, al punto que el gobernador Alfredo Cornejo manifest\u00f3: \u00abOjal\u00e1 que la gente vaya a votar; los intendentes perdieron una gran oportunidad de hacer las elecciones en octubre todas juntas\u00bb.<\/p>\n<p>En el plano pol\u00edtico, la contienda electoral refleja nuevas configuraciones de poder, destac\u00e1ndose la reincorporaci\u00f3n del PRO a la alianza oficialista provincial bajo el sello \u00abLa Libertad Avanza + Cambia Mendoza\u00bb, impulsada por el intendente de Luj\u00e1n de Cuyo, Esteban Allasino. Por el contrario, el peronismo llega a las urnas con fracturas internas en distritos clave como San Rafael, Luj\u00e1n y Rivadavia, donde el sector de los intendentes y La C\u00e1mpora compiten con listas separadas. <\/p>\n<p>El caso de San Rafael es el m\u00e1s complejo, ya que adem\u00e1s de concejales se eligen 24 convencionales constituyentes para redactar la carta org\u00e1nica municipal, un proceso que gener\u00f3 fuertes cruces pol\u00edticos en la previa.<\/p>\n<p>La log\u00edstica electoral dispuso 1.512 mesas en 223 escuelas, y se espera que los primeros resultados oficiales se conozcan alrededor de las 21 horas. La campa\u00f1a electoral result\u00f3 austera y se vio opacada por la suspensi\u00f3n de la visita del presidente Javier Milei a la provincia. <\/p>\n<p>Mientras el oficialismo provincial concentra sus expectativas en arrebatarle terreno al PJ en Maip\u00fa y San Rafael, los jefes comunales peronistas apuestan a su hist\u00f3rico arraigo territorial para retener el control de los concejos. <\/p>\n<p>El despliegue de seguridad est\u00e1 a cargo de la polic\u00eda de Mendoza y, a pesar de que la multa por no votar es de apenas 500 pesos, la Junta Electoral record\u00f3 que el sufragio mantiene su car\u00e1cter obligatorio para los ciudadanos de entre 18 y 70 a\u00f1os.<\/p>\n<p>#AgenciaNA<\/p>\n","protected":false},"excerpt":{"rendered":"<p>Buenos Aires, 22 febrero (NA) \u2013 Mendoza vive este domingo<\/p>\n","protected":false},"author":0,"featured_media":12442,"comment_status":"","ping_status":"","sticky":false,"template":"","format":"standard","meta":{"footnotes":""},"categories":[229],"tags":[],"class_list":["post-12441","post","type-post","status-publish","format-standard","has-post-thumbnail","hentry","category-deportes"],"yoast_head":"<!-- This site is optimized with the Yoast SEO plugin v27.5 - https:\/\/yoast.com\/product\/yoast-seo-wordpress\/ -->\n<title>Mendoza vota concejales en seis departamentos con la mira puesta en el nivel de participaci\u00f3n - Cuarteto en la Web<\/title>\n<meta name=\"robots\" content=\"index, follow, max-snippet:-1, max-image-preview:large, max-video-preview:-1\" \/>\n<link rel=\"canonical\" href=\"https:\/\/cuartetoenlaweb.com.ar\/sitio\/mendoza-vota-concejales-en-seis-departamentos-con-la-mira-puesta-en-el-nivel-de-participacion\/\" \/>\n<meta property=\"og:locale\" content=\"es_ES\" \/>\n<meta property=\"og:type\" content=\"article\" \/>\n<meta property=\"og:title\" content=\"Mendoza vota concejales en seis departamentos con la mira puesta en el nivel de participaci\u00f3n - Cuarteto en la Web\" \/>\n<meta property=\"og:description\" content=\"Buenos Aires, 22 febrero (NA) \u2013 Mendoza vive este domingo\" \/>\n<meta property=\"og:url\" content=\"https:\/\/cuartetoenlaweb.com.ar\/sitio\/mendoza-vota-concejales-en-seis-departamentos-con-la-mira-puesta-en-el-nivel-de-participacion\/\" \/>\n<meta property=\"og:site_name\" content=\"Cuarteto en la Web\" \/>\n<meta property=\"article:published_time\" content=\"2026-02-22T14:00:36+00:00\" \/>\n<meta property=\"og:image\" content=\"https:\/\/cuartetoenlaweb.com.ar\/sitio\/wp-content\/uploads\/2026\/02\/720-291.jpeg\" \/>\n\t<meta property=\"og:image:width\" content=\"1278\" \/>\n\t<meta property=\"og:image:height\" content=\"720\" \/>\n\t<meta property=\"og:image:type\" content=\"image\/jpeg\" \/>\n<meta name=\"twitter:card\" content=\"summary_large_image\" \/>\n<meta name=\"twitter:label1\" content=\"Tiempo de lectura\" \/>\n\t<meta name=\"twitter:data1\" content=\"2 minutos\" \/>\n<script type=\"application\/ld+json\" class=\"yoast-schema-graph\">{\"@context\":\"https:\\\/\\\/schema.org\",\"@graph\":[{\"@type\":\"Article\",\"@id\":\"https:\\\/\\\/cuartetoenlaweb.com.ar\\\/sitio\\\/mendoza-vota-concejales-en-seis-departamentos-con-la-mira-puesta-en-el-nivel-de-participacion\\\/#article\",\"isPartOf\":{\"@id\":\"https:\\\/\\\/cuartetoenlaweb.com.ar\\\/sitio\\\/mendoza-vota-concejales-en-seis-departamentos-con-la-mira-puesta-en-el-nivel-de-participacion\\\/\"},\"author\":{\"name\":\"\",\"@id\":\"\"},\"headline\":\"Mendoza vota concejales en seis departamentos con la mira puesta en el nivel de participaci\u00f3n\",\"datePublished\":\"2026-02-22T14:00:36+00:00\",\"mainEntityOfPage\":{\"@id\":\"https:\\\/\\\/cuartetoenlaweb.com.ar\\\/sitio\\\/mendoza-vota-concejales-en-seis-departamentos-con-la-mira-puesta-en-el-nivel-de-participacion\\\/\"},\"wordCount\":424,\"publisher\":{\"@id\":\"http:\\\/\\\/cuartetoenlaweb.com.ar\\\/sitio\\\/#organization\"},\"image\":{\"@id\":\"https:\\\/\\\/cuartetoenlaweb.com.ar\\\/sitio\\\/mendoza-vota-concejales-en-seis-departamentos-con-la-mira-puesta-en-el-nivel-de-participacion\\\/#primaryimage\"},\"thumbnailUrl\":\"https:\\\/\\\/cuartetoenlaweb.com.ar\\\/sitio\\\/wp-content\\\/uploads\\\/2026\\\/02\\\/720-291.jpeg\",\"articleSection\":[\"DEPORTES\"],\"inLanguage\":\"es\"},{\"@type\":\"WebPage\",\"@id\":\"https:\\\/\\\/cuartetoenlaweb.com.ar\\\/sitio\\\/mendoza-vota-concejales-en-seis-departamentos-con-la-mira-puesta-en-el-nivel-de-participacion\\\/\",\"url\":\"https:\\\/\\\/cuartetoenlaweb.com.ar\\\/sitio\\\/mendoza-vota-concejales-en-seis-departamentos-con-la-mira-puesta-en-el-nivel-de-participacion\\\/\",\"name\":\"Mendoza vota concejales en seis departamentos con la mira puesta en el nivel de participaci\u00f3n - Cuarteto en la Web\",\"isPartOf\":{\"@id\":\"http:\\\/\\\/cuartetoenlaweb.com.ar\\\/sitio\\\/#website\"},\"primaryImageOfPage\":{\"@id\":\"https:\\\/\\\/cuartetoenlaweb.com.ar\\\/sitio\\\/mendoza-vota-concejales-en-seis-departamentos-con-la-mira-puesta-en-el-nivel-de-participacion\\\/#primaryimage\"},\"image\":{\"@id\":\"https:\\\/\\\/cuartetoenlaweb.com.ar\\\/sitio\\\/mendoza-vota-concejales-en-seis-departamentos-con-la-mira-puesta-en-el-nivel-de-participacion\\\/#primaryimage\"},\"thumbnailUrl\":\"https:\\\/\\\/cuartetoenlaweb.com.ar\\\/sitio\\\/wp-content\\\/uploads\\\/2026\\\/02\\\/720-291.jpeg\",\"datePublished\":\"2026-02-22T14:00:36+00:00\",\"breadcrumb\":{\"@id\":\"https:\\\/\\\/cuartetoenlaweb.com.ar\\\/sitio\\\/mendoza-vota-concejales-en-seis-departamentos-con-la-mira-puesta-en-el-nivel-de-participacion\\\/#breadcrumb\"},\"inLanguage\":\"es\",\"potentialAction\":[{\"@type\":\"ReadAction\",\"target\":[\"https:\\\/\\\/cuartetoenlaweb.com.ar\\\/sitio\\\/mendoza-vota-concejales-en-seis-departamentos-con-la-mira-puesta-en-el-nivel-de-participacion\\\/\"]}]},{\"@type\":\"ImageObject\",\"inLanguage\":\"es\",\"@id\":\"https:\\\/\\\/cuartetoenlaweb.com.ar\\\/sitio\\\/mendoza-vota-concejales-en-seis-departamentos-con-la-mira-puesta-en-el-nivel-de-participacion\\\/#primaryimage\",\"url\":\"https:\\\/\\\/cuartetoenlaweb.com.ar\\\/sitio\\\/wp-content\\\/uploads\\\/2026\\\/02\\\/720-291.jpeg\",\"contentUrl\":\"https:\\\/\\\/cuartetoenlaweb.com.ar\\\/sitio\\\/wp-content\\\/uploads\\\/2026\\\/02\\\/720-291.jpeg\",\"width\":1278,\"height\":720},{\"@type\":\"BreadcrumbList\",\"@id\":\"https:\\\/\\\/cuartetoenlaweb.com.ar\\\/sitio\\\/mendoza-vota-concejales-en-seis-departamentos-con-la-mira-puesta-en-el-nivel-de-participacion\\\/#breadcrumb\",\"itemListElement\":[{\"@type\":\"ListItem\",\"position\":1,\"name\":\"Portada\",\"item\":\"http:\\\/\\\/cuartetoenlaweb.com.ar\\\/sitio\\\/\"},{\"@type\":\"ListItem\",\"position\":2,\"name\":\"Mendoza vota concejales en seis departamentos con la mira puesta en el nivel de participaci\u00f3n\"}]},{\"@type\":\"WebSite\",\"@id\":\"http:\\\/\\\/cuartetoenlaweb.com.ar\\\/sitio\\\/#website\",\"url\":\"http:\\\/\\\/cuartetoenlaweb.com.ar\\\/sitio\\\/\",\"name\":\"Cuarteto en la Web\",\"description\":\"\",\"publisher\":{\"@id\":\"http:\\\/\\\/cuartetoenlaweb.com.ar\\\/sitio\\\/#organization\"},\"potentialAction\":[{\"@type\":\"SearchAction\",\"target\":{\"@type\":\"EntryPoint\",\"urlTemplate\":\"http:\\\/\\\/cuartetoenlaweb.com.ar\\\/sitio\\\/?s={search_term_string}\"},\"query-input\":{\"@type\":\"PropertyValueSpecification\",\"valueRequired\":true,\"valueName\":\"search_term_string\"}}],\"inLanguage\":\"es\"},{\"@type\":\"Organization\",\"@id\":\"http:\\\/\\\/cuartetoenlaweb.com.ar\\\/sitio\\\/#organization\",\"name\":\"Cuarteto en la Web\",\"url\":\"http:\\\/\\\/cuartetoenlaweb.com.ar\\\/sitio\\\/\",\"logo\":{\"@type\":\"ImageObject\",\"inLanguage\":\"es\",\"@id\":\"http:\\\/\\\/cuartetoenlaweb.com.ar\\\/sitio\\\/#\\\/schema\\\/logo\\\/image\\\/\",\"url\":\"https:\\\/\\\/cuartetoenlaweb.com.ar\\\/sitio\\\/wp-content\\\/uploads\\\/2025\\\/07\\\/cropped-cropped-logitoweb21.png\",\"contentUrl\":\"https:\\\/\\\/cuartetoenlaweb.com.ar\\\/sitio\\\/wp-content\\\/uploads\\\/2025\\\/07\\\/cropped-cropped-logitoweb21.png\",\"width\":199,\"height\":199,\"caption\":\"Cuarteto en la Web\"},\"image\":{\"@id\":\"http:\\\/\\\/cuartetoenlaweb.com.ar\\\/sitio\\\/#\\\/schema\\\/logo\\\/image\\\/\"}}]}<\/script>\n<!-- \/ Yoast SEO plugin. -->","yoast_head_json":{"title":"Mendoza vota concejales en seis departamentos con la mira puesta en el nivel de participaci\u00f3n - Cuarteto en la Web","robots":{"index":"index","follow":"follow","max-snippet":"max-snippet:-1","max-image-preview":"max-image-preview:large","max-video-preview":"max-video-preview:-1"},"canonical":"https:\/\/cuartetoenlaweb.com.ar\/sitio\/mendoza-vota-concejales-en-seis-departamentos-con-la-mira-puesta-en-el-nivel-de-participacion\/","og_locale":"es_ES","og_type":"article","og_title":"Mendoza vota concejales en seis departamentos con la mira puesta en el nivel de participaci\u00f3n - Cuarteto en la Web","og_description":"Buenos Aires, 22 febrero (NA) \u2013 Mendoza vive este domingo","og_url":"https:\/\/cuartetoenlaweb.com.ar\/sitio\/mendoza-vota-concejales-en-seis-departamentos-con-la-mira-puesta-en-el-nivel-de-participacion\/","og_site_name":"Cuarteto en la Web","article_published_time":"2026-02-22T14:00:36+00:00","og_image":[{"width":1278,"height":720,"url":"https:\/\/cuartetoenlaweb.com.ar\/sitio\/wp-content\/uploads\/2026\/02\/720-291.jpeg","type":"image\/jpeg"}],"twitter_card":"summary_large_image","twitter_misc":{"Tiempo de lectura":"2 minutos"},"schema":{"@context":"https:\/\/schema.org","@graph":[{"@type":"Article","@id":"https:\/\/cuartetoenlaweb.com.ar\/sitio\/mendoza-vota-concejales-en-seis-departamentos-con-la-mira-puesta-en-el-nivel-de-participacion\/#article","isPartOf":{"@id":"https:\/\/cuartetoenlaweb.com.ar\/sitio\/mendoza-vota-concejales-en-seis-departamentos-con-la-mira-puesta-en-el-nivel-de-participacion\/"},"author":{"name":"","@id":""},"headline":"Mendoza vota concejales en seis departamentos con la mira puesta en el nivel de participaci\u00f3n","datePublished":"2026-02-22T14:00:36+00:00","mainEntityOfPage":{"@id":"https:\/\/cuartetoenlaweb.com.ar\/sitio\/mendoza-vota-concejales-en-seis-departamentos-con-la-mira-puesta-en-el-nivel-de-participacion\/"},"wordCount":424,"publisher":{"@id":"http:\/\/cuartetoenlaweb.com.ar\/sitio\/#organization"},"image":{"@id":"https:\/\/cuartetoenlaweb.com.ar\/sitio\/mendoza-vota-concejales-en-seis-departamentos-con-la-mira-puesta-en-el-nivel-de-participacion\/#primaryimage"},"thumbnailUrl":"https:\/\/cuartetoenlaweb.com.ar\/sitio\/wp-content\/uploads\/2026\/02\/720-291.jpeg","articleSection":["DEPORTES"],"inLanguage":"es"},{"@type":"WebPage","@id":"https:\/\/cuartetoenlaweb.com.ar\/sitio\/mendoza-vota-concejales-en-seis-departamentos-con-la-mira-puesta-en-el-nivel-de-participacion\/","url":"https:\/\/cuartetoenlaweb.com.ar\/sitio\/mendoza-vota-concejales-en-seis-departamentos-con-la-mira-puesta-en-el-nivel-de-participacion\/","name":"Mendoza vota concejales en seis departamentos con la mira puesta en el nivel de participaci\u00f3n - Cuarteto en la Web","isPartOf":{"@id":"http:\/\/cuartetoenlaweb.com.ar\/sitio\/#website"},"primaryImageOfPage":{"@id":"https:\/\/cuartetoenlaweb.com.ar\/sitio\/mendoza-vota-concejales-en-seis-departamentos-con-la-mira-puesta-en-el-nivel-de-participacion\/#primaryimage"},"image":{"@id":"https:\/\/cuartetoenlaweb.com.ar\/sitio\/mendoza-vota-concejales-en-seis-departamentos-con-la-mira-puesta-en-el-nivel-de-participacion\/#primaryimage"},"thumbnailUrl":"https:\/\/cuartetoenlaweb.com.ar\/sitio\/wp-content\/uploads\/2026\/02\/720-291.jpeg","datePublished":"2026-02-22T14:00:36+00:00","breadcrumb":{"@id":"https:\/\/cuartetoenlaweb.com.ar\/sitio\/mendoza-vota-concejales-en-seis-departamentos-con-la-mira-puesta-en-el-nivel-de-participacion\/#breadcrumb"},"inLanguage":"es","potentialAction":[{"@type":"ReadAction","target":["https:\/\/cuartetoenlaweb.com.ar\/sitio\/mendoza-vota-concejales-en-seis-departamentos-con-la-mira-puesta-en-el-nivel-de-participacion\/"]}]},{"@type":"ImageObject","inLanguage":"es","@id":"https:\/\/cuartetoenlaweb.com.ar\/sitio\/mendoza-vota-concejales-en-seis-departamentos-con-la-mira-puesta-en-el-nivel-de-participacion\/#primaryimage","url":"https:\/\/cuartetoenlaweb.com.ar\/sitio\/wp-content\/uploads\/2026\/02\/720-291.jpeg","contentUrl":"https:\/\/cuartetoenlaweb.com.ar\/sitio\/wp-content\/uploads\/2026\/02\/720-291.jpeg","width":1278,"height":720},{"@type":"BreadcrumbList","@id":"https:\/\/cuartetoenlaweb.com.ar\/sitio\/mendoza-vota-concejales-en-seis-departamentos-con-la-mira-puesta-en-el-nivel-de-participacion\/#breadcrumb","itemListElement":[{"@type":"ListItem","position":1,"name":"Portada","item":"http:\/\/cuartetoenlaweb.com.ar\/sitio\/"},{"@type":"ListItem","position":2,"name":"Mendoza vota concejales en seis departamentos con la mira puesta en el nivel de participaci\u00f3n"}]},{"@type":"WebSite","@id":"http:\/\/cuartetoenlaweb.com.ar\/sitio\/#website","url":"http:\/\/cuartetoenlaweb.com.ar\/sitio\/","name":"Cuarteto en la Web","description":"","publisher":{"@id":"http:\/\/cuartetoenlaweb.com.ar\/sitio\/#organization"},"potentialAction":[{"@type":"SearchAction","target":{"@type":"EntryPoint","urlTemplate":"http:\/\/cuartetoenlaweb.com.ar\/sitio\/?s={search_term_string}"},"query-input":{"@type":"PropertyValueSpecification","valueRequired":true,"valueName":"search_term_string"}}],"inLanguage":"es"},{"@type":"Organization","@id":"http:\/\/cuartetoenlaweb.com.ar\/sitio\/#organization","name":"Cuarteto en la Web","url":"http:\/\/cuartetoenlaweb.com.ar\/sitio\/","logo":{"@type":"ImageObject","inLanguage":"es","@id":"http:\/\/cuartetoenlaweb.com.ar\/sitio\/#\/schema\/logo\/image\/","url":"https:\/\/cuartetoenlaweb.com.ar\/sitio\/wp-content\/uploads\/2025\/07\/cropped-cropped-logitoweb21.png","contentUrl":"https:\/\/cuartetoenlaweb.com.ar\/sitio\/wp-content\/uploads\/2025\/07\/cropped-cropped-logitoweb21.png","width":199,"height":199,"caption":"Cuarteto en la Web"},"image":{"@id":"http:\/\/cuartetoenlaweb.com.ar\/sitio\/#\/schema\/logo\/image\/"}}]}},"_links":{"self":[{"href":"https:\/\/cuartetoenlaweb.com.ar\/sitio\/wp-json\/wp\/v2\/posts\/12441","targetHints":{"allow":["GET"]}}],"collection":[{"href":"https:\/\/cuartetoenlaweb.com.ar\/sitio\/wp-json\/wp\/v2\/posts"}],"about":[{"href":"https:\/\/cuartetoenlaweb.com.ar\/sitio\/wp-json\/wp\/v2\/types\/post"}],"replies":[{"embeddable":true,"href":"https:\/\/cuartetoenlaweb.com.ar\/sitio\/wp-json\/wp\/v2\/comments?post=12441"}],"version-history":[{"count":0,"href":"https:\/\/cuartetoenlaweb.com.ar\/sitio\/wp-json\/wp\/v2\/posts\/12441\/revisions"}],"wp:featuredmedia":[{"embeddable":true,"href":"https:\/\/cuartetoenlaweb.com.ar\/sitio\/wp-json\/wp\/v2\/media\/12442"}],"wp:attachment":[{"href":"https:\/\/cuartetoenlaweb.com.ar\/sitio\/wp-json\/wp\/v2\/media?parent=12441"}],"wp:term":[{"taxonomy":"category","embeddable":true,"href":"https:\/\/cuartetoenlaweb.com.ar\/sitio\/wp-json\/wp\/v2\/categories?post=12441"},{"taxonomy":"post_tag","embeddable":true,"href":"https:\/\/cuartetoenlaweb.com.ar\/sitio\/wp-json\/wp\/v2\/tags?post=12441"}],"curies":[{"name":"wp","href":"https:\/\/api.w.org\/{rel}","templated":true}]}}