
{"id":12440,"date":"2026-02-22T11:00:35","date_gmt":"2026-02-22T14:00:35","guid":{"rendered":"https:\/\/cuartetoenlaweb.com.ar\/sitio\/cuanto-cobran-los-jubilados-del-anses-en-marzo-de-2026-con-el-nuevo-aumento-confirmado\/"},"modified":"2026-02-22T11:00:35","modified_gmt":"2026-02-22T14:00:35","slug":"cuanto-cobran-los-jubilados-del-anses-en-marzo-de-2026-con-el-nuevo-aumento-confirmado","status":"publish","type":"post","link":"https:\/\/cuartetoenlaweb.com.ar\/sitio\/cuanto-cobran-los-jubilados-del-anses-en-marzo-de-2026-con-el-nuevo-aumento-confirmado\/","title":{"rendered":"Cu\u00e1nto cobran los jubilados del Anses en marzo de 2026 con el nuevo aumento confirmado"},"content":{"rendered":"<p>Los<b> <\/b><a href=\"https:\/\/www.lanacion.com.ar\/economia\/jubilados-de-la-anses-estos-son-los-nuevos-beneficios-y-descuentos-anunciados-por-el-gobierno-nid04022026\/\" target=\"_self\" rel=\"\" title=\"https:\/\/www.lanacion.com.ar\/economia\/jubilados-de-la-anses-estos-son-los-nuevos-beneficios-y-descuentos-anunciados-por-el-gobierno-nid04022026\/\"><b>jubilados de todo el pa\u00eds<\/b><\/a><b>,<\/b> que cobran sus haberes a trav\u00e9s de la <b>Anses<\/b> (Administraci\u00f3n Nacional de la Seguridad Social) reciben <b>en marzo una nueva actualizaci\u00f3n autom\u00e1tica<\/b>. Tras la publicaci\u00f3n del registro de inflaci\u00f3n de enero\tse modifican todos los valores de <b>los haberes mensuales.<\/b><\/p>\n<p><img loading=\"lazy\" decoding=\"async\" src=\"https:\/\/resizer.glanacion.com\/resizer\/v2\/LPQDVJLH65CTPK2AMQVO2LC2RA.jpg?auth=4623efcd8ce3b5d4c0e1bcb5c87b29d24077cb75f5445dc6a00fd66505810dc0&amp;smart=true&amp;width=2000&amp;height=1333\" alt=\"Las jubilaciones de marzo aumentan un 2,88%\" height=\"1333\" width=\"2000\" \/><\/p>\n<p>En el tercer mes del a\u00f1o, las prestaciones sociales y los haberes previsionales tienen un <b>ajuste del 2,88%<\/b>, en concordancia con<a href=\"https:\/\/www.lanacion.com.ar\/economia\/en-medio-de-la-polemica-por-la-medicion-de-la-inflacion-el-ipc-de-enero-marco-un-29-nid10022026\/\" target=\"_self\" rel=\"\" title=\"https:\/\/www.lanacion.com.ar\/economia\/en-medio-de-la-polemica-por-la-medicion-de-la-inflacion-el-ipc-de-enero-marco-un-29-nid10022026\/\"><b> la inflaci\u00f3n registrada en enero, que fue del 2,9%<\/b><\/a>. Cabe aclarar que para este tipo de actualizaciones, que se hacen mes a mes, <b>se toman los porcentajes de incremento en los precios con dos decimales<\/b>, y eso arroja el valor exacto actualizado.<\/p>\n<p>Esta suba mensual <b>modifica el monto del haber m\u00ednimo previsional<\/b>, el de las prestaciones contributivas previsionales a cargo de la Anses, el de la <b>Pensi\u00f3n Universal para el Adulto Mayor <\/b>(PUAM), y las <b>Pensiones No Contributivas<\/b> (PNC) por vejez, invalidez, madres de siete hijos o m\u00e1s y dem\u00e1s pensiones no contributivas y pensiones graciables.<\/p>\n<h1>Cu\u00e1nto cobran los jubilados en marzo de 2026<\/h1>\n<p>En el siguiente cuadro figuran los montos a percibir en marzo, de acuerdo a los distintos tipos de jubilaciones:<\/p>\n<table>\n<thead>\n<tr>\n<th>Tipo de jubilaci\u00f3n o pensi\u00f3n<\/th>\n<th>Haber con aumento<\/th>\n<th>Bono<\/th>\n<th>Total a cobrar<\/th>\n<\/tr>\n<\/thead>\n<tbody>\n<tr>\n<td>Jubilaci\u00f3n m\u00ednima<\/td>\n<td>$369.600,87<\/td>\n<td>$70.000<\/td>\n<td>$439.600,87<\/td>\n<\/tr>\n<tr>\n<td>Jubilaci\u00f3n m\u00e1xima<\/td>\n<td>$2.487.063,96<\/td>\n<td>&#8211;<\/td>\n<td>$2.487.063,96<\/td>\n<\/tr>\n<tr>\n<td>PUAM<\/td>\n<td>$295.680,69<\/td>\n<td>$70.000<\/td>\n<td>$365.680,69<\/td>\n<\/tr>\n<tr>\n<td>PNC (Invalidez\/Vejez)<\/td>\n<td>$258.720,61<\/td>\n<td>$70.000<\/td>\n<td>$328.720,61<\/td>\n<\/tr>\n<\/tbody>\n<\/table>\n<h1>Cu\u00e1l es el nuevo tope para la entrega del bono previsional<\/h1>\n<p>El <b>bono extraordinario es de $70.000<\/b>, cifra que no percibe cambios hace m\u00e1s de dos a\u00f1os. Se acredita directamente junto a los haberes y est\u00e1 destinado principalmente a quienes cobran el <b>haber m\u00ednimo o pensiones no contributivas y PUAM<\/b>.<\/p>\n<p>Para beneficiarios con haberes superiores al m\u00ednimo, el bono se otorga en <b>forma proporcional<\/b> hasta alcanzar un <b>tope de $439.600,87.<\/b><\/p>\n<p><img loading=\"lazy\" decoding=\"async\" src=\"https:\/\/resizer.glanacion.com\/resizer\/v2\/OTKGZT6URFAILMXAQDEMBTVJ6U.JPG?auth=80dc97d8ccddda1d3c7d7204fb6e05e1789701af29b46e7d1756cb048f9cbde8&amp;smart=true&amp;width=2000&amp;height=1333\" alt=\"As\u00ed quedan las jubilaciones con el bono\" height=\"1333\" width=\"2000\" \/><\/p>\n<p>Como ocurre mensualmente, las fechas de cobro para las jubilaciones y pensiones dependen de la terminaci\u00f3n del DNI y se extienden a lo largo del mes. La Anses da a conocer su cronograma para marzo en los primeros d\u00edas del mes.<\/p>\n<h1>C\u00f3mo tramitar la jubilaci\u00f3n en la Anses<\/h1>\n<p>Para iniciar un<b> tr\u00e1mite jubilatorio <\/b>en la <a href=\"https:\/\/www.anses.gob.ar\/jubilaciones-y-pensiones\/como-iniciar-mi-jubilacion\" rel=\"\" title=\"Anses \"><b>Anses <\/b><\/a>es necesario seguir estos pasos:<\/p>\n<ul>\n<li>Ingresar al sitio oficial de la Anses y&nbsp;<i>clickear&nbsp;<\/i>en el apartado&nbsp;<a href=\"https:\/\/www.anses.gob.ar\/mi-anses\" target=\"_blank\" rel=\"nofollow\" title=\"Mi Anses\">Mi Anses<\/a>. All\u00ed colocar el CUIL y la clave de la seguridad social.<\/li>\n<li>Verificar que todos los aportes est\u00e9n registrados, a trav\u00e9s de la opci\u00f3n Trabajo &gt; Consultar Historia Laboral.<\/li>\n<\/ul>\n<figure><video height=\"720\" width=\"1280\" poster=\"https:\/\/cdn.jwplayer.com\/v2\/media\/ENqyERZD\/poster.jpg?width=1280\"><\/video><figcaption>\u00bfC\u00f3mo crear la Clave de la Seguridad Social de la Anses?<\/figcaption><\/figure>\n<ul>\n<li>Si hubiese un faltante de aportes, se debe presentar la documentaci\u00f3n del per\u00edodo trabajado a trav\u00e9s de un comprobante de certificaci\u00f3n de servicios, recibos de sueldo, comprobantes de afiliaci\u00f3n a obra social o Declaraci\u00f3n Jurada. Tambi\u00e9n se debe completar el&nbsp;<a href=\"https:\/\/www.anses.gob.ar\/sites\/default\/files\/formulario\/2021-05\/Form%20PS%20618%20Solicitud%20de%20prestaciones%20previsionales.pdf\" target=\"_blank\" rel=\"nofollow\" title=\"formulario 6.18\">formulario 6.18<\/a>, que corresponde la solicitud de prestaciones previsionales.<\/li>\n<li>Luego, se debe solicitar un turno en alguna de las oficinas de Anses. Es importante que ese d\u00eda el beneficiario lleve el DNI.<\/li>\n<\/ul>\n","protected":false},"excerpt":{"rendered":"<p>Los jubilados de todo el pa\u00eds, que cobran sus haberes<\/p>\n","protected":false},"author":0,"featured_media":0,"comment_status":"","ping_status":"","sticky":false,"template":"","format":"standard","meta":{"footnotes":""},"categories":[65],"tags":[],"class_list":["post-12440","post","type-post","status-publish","format-standard","hentry","category-pais"],"yoast_head":"<!-- This site is optimized with the Yoast SEO plugin v27.5 - https:\/\/yoast.com\/product\/yoast-seo-wordpress\/ -->\n<title>Cu\u00e1nto cobran los jubilados del Anses en marzo de 2026 con el nuevo aumento confirmado - Cuarteto en la Web<\/title>\n<meta name=\"robots\" content=\"index, follow, max-snippet:-1, max-image-preview:large, max-video-preview:-1\" \/>\n<link rel=\"canonical\" href=\"https:\/\/cuartetoenlaweb.com.ar\/sitio\/cuanto-cobran-los-jubilados-del-anses-en-marzo-de-2026-con-el-nuevo-aumento-confirmado\/\" \/>\n<meta property=\"og:locale\" content=\"es_ES\" \/>\n<meta property=\"og:type\" content=\"article\" \/>\n<meta property=\"og:title\" content=\"Cu\u00e1nto cobran los jubilados del Anses en marzo de 2026 con el nuevo aumento confirmado - Cuarteto en la Web\" \/>\n<meta property=\"og:description\" content=\"Los jubilados de todo el pa\u00eds, que cobran sus haberes\" \/>\n<meta property=\"og:url\" content=\"https:\/\/cuartetoenlaweb.com.ar\/sitio\/cuanto-cobran-los-jubilados-del-anses-en-marzo-de-2026-con-el-nuevo-aumento-confirmado\/\" \/>\n<meta property=\"og:site_name\" content=\"Cuarteto en la Web\" \/>\n<meta property=\"article:published_time\" content=\"2026-02-22T14:00:35+00:00\" \/>\n<meta property=\"og:image\" content=\"https:\/\/resizer.glanacion.com\/resizer\/v2\/LPQDVJLH65CTPK2AMQVO2LC2RA.jpg?auth=4623efcd8ce3b5d4c0e1bcb5c87b29d24077cb75f5445dc6a00fd66505810dc0&amp;smart=true&amp;width=2000&amp;height=1333\" \/>\n<meta name=\"twitter:card\" content=\"summary_large_image\" \/>\n<meta name=\"twitter:label1\" content=\"Tiempo de lectura\" \/>\n\t<meta name=\"twitter:data1\" content=\"3 minutos\" \/>\n<script type=\"application\/ld+json\" class=\"yoast-schema-graph\">{\"@context\":\"https:\\\/\\\/schema.org\",\"@graph\":[{\"@type\":\"Article\",\"@id\":\"https:\\\/\\\/cuartetoenlaweb.com.ar\\\/sitio\\\/cuanto-cobran-los-jubilados-del-anses-en-marzo-de-2026-con-el-nuevo-aumento-confirmado\\\/#article\",\"isPartOf\":{\"@id\":\"https:\\\/\\\/cuartetoenlaweb.com.ar\\\/sitio\\\/cuanto-cobran-los-jubilados-del-anses-en-marzo-de-2026-con-el-nuevo-aumento-confirmado\\\/\"},\"author\":{\"name\":\"\",\"@id\":\"\"},\"headline\":\"Cu\u00e1nto cobran los jubilados del Anses en marzo de 2026 con el nuevo aumento confirmado\",\"datePublished\":\"2026-02-22T14:00:35+00:00\",\"mainEntityOfPage\":{\"@id\":\"https:\\\/\\\/cuartetoenlaweb.com.ar\\\/sitio\\\/cuanto-cobran-los-jubilados-del-anses-en-marzo-de-2026-con-el-nuevo-aumento-confirmado\\\/\"},\"wordCount\":522,\"publisher\":{\"@id\":\"http:\\\/\\\/cuartetoenlaweb.com.ar\\\/sitio\\\/#organization\"},\"image\":{\"@id\":\"https:\\\/\\\/cuartetoenlaweb.com.ar\\\/sitio\\\/cuanto-cobran-los-jubilados-del-anses-en-marzo-de-2026-con-el-nuevo-aumento-confirmado\\\/#primaryimage\"},\"thumbnailUrl\":\"https:\\\/\\\/resizer.glanacion.com\\\/resizer\\\/v2\\\/LPQDVJLH65CTPK2AMQVO2LC2RA.jpg?auth=4623efcd8ce3b5d4c0e1bcb5c87b29d24077cb75f5445dc6a00fd66505810dc0&amp;smart=true&amp;width=2000&amp;height=1333\",\"articleSection\":[\"PAIS\"],\"inLanguage\":\"es\"},{\"@type\":\"WebPage\",\"@id\":\"https:\\\/\\\/cuartetoenlaweb.com.ar\\\/sitio\\\/cuanto-cobran-los-jubilados-del-anses-en-marzo-de-2026-con-el-nuevo-aumento-confirmado\\\/\",\"url\":\"https:\\\/\\\/cuartetoenlaweb.com.ar\\\/sitio\\\/cuanto-cobran-los-jubilados-del-anses-en-marzo-de-2026-con-el-nuevo-aumento-confirmado\\\/\",\"name\":\"Cu\u00e1nto cobran los jubilados del Anses en marzo de 2026 con el nuevo aumento confirmado - Cuarteto en la Web\",\"isPartOf\":{\"@id\":\"http:\\\/\\\/cuartetoenlaweb.com.ar\\\/sitio\\\/#website\"},\"primaryImageOfPage\":{\"@id\":\"https:\\\/\\\/cuartetoenlaweb.com.ar\\\/sitio\\\/cuanto-cobran-los-jubilados-del-anses-en-marzo-de-2026-con-el-nuevo-aumento-confirmado\\\/#primaryimage\"},\"image\":{\"@id\":\"https:\\\/\\\/cuartetoenlaweb.com.ar\\\/sitio\\\/cuanto-cobran-los-jubilados-del-anses-en-marzo-de-2026-con-el-nuevo-aumento-confirmado\\\/#primaryimage\"},\"thumbnailUrl\":\"https:\\\/\\\/resizer.glanacion.com\\\/resizer\\\/v2\\\/LPQDVJLH65CTPK2AMQVO2LC2RA.jpg?auth=4623efcd8ce3b5d4c0e1bcb5c87b29d24077cb75f5445dc6a00fd66505810dc0&amp;smart=true&amp;width=2000&amp;height=1333\",\"datePublished\":\"2026-02-22T14:00:35+00:00\",\"breadcrumb\":{\"@id\":\"https:\\\/\\\/cuartetoenlaweb.com.ar\\\/sitio\\\/cuanto-cobran-los-jubilados-del-anses-en-marzo-de-2026-con-el-nuevo-aumento-confirmado\\\/#breadcrumb\"},\"inLanguage\":\"es\",\"potentialAction\":[{\"@type\":\"ReadAction\",\"target\":[\"https:\\\/\\\/cuartetoenlaweb.com.ar\\\/sitio\\\/cuanto-cobran-los-jubilados-del-anses-en-marzo-de-2026-con-el-nuevo-aumento-confirmado\\\/\"]}]},{\"@type\":\"ImageObject\",\"inLanguage\":\"es\",\"@id\":\"https:\\\/\\\/cuartetoenlaweb.com.ar\\\/sitio\\\/cuanto-cobran-los-jubilados-del-anses-en-marzo-de-2026-con-el-nuevo-aumento-confirmado\\\/#primaryimage\",\"url\":\"https:\\\/\\\/resizer.glanacion.com\\\/resizer\\\/v2\\\/LPQDVJLH65CTPK2AMQVO2LC2RA.jpg?auth=4623efcd8ce3b5d4c0e1bcb5c87b29d24077cb75f5445dc6a00fd66505810dc0&amp;smart=true&amp;width=2000&amp;height=1333\",\"contentUrl\":\"https:\\\/\\\/resizer.glanacion.com\\\/resizer\\\/v2\\\/LPQDVJLH65CTPK2AMQVO2LC2RA.jpg?auth=4623efcd8ce3b5d4c0e1bcb5c87b29d24077cb75f5445dc6a00fd66505810dc0&amp;smart=true&amp;width=2000&amp;height=1333\"},{\"@type\":\"BreadcrumbList\",\"@id\":\"https:\\\/\\\/cuartetoenlaweb.com.ar\\\/sitio\\\/cuanto-cobran-los-jubilados-del-anses-en-marzo-de-2026-con-el-nuevo-aumento-confirmado\\\/#breadcrumb\",\"itemListElement\":[{\"@type\":\"ListItem\",\"position\":1,\"name\":\"Portada\",\"item\":\"http:\\\/\\\/cuartetoenlaweb.com.ar\\\/sitio\\\/\"},{\"@type\":\"ListItem\",\"position\":2,\"name\":\"Cu\u00e1nto cobran los jubilados del Anses en marzo de 2026 con el nuevo aumento confirmado\"}]},{\"@type\":\"WebSite\",\"@id\":\"http:\\\/\\\/cuartetoenlaweb.com.ar\\\/sitio\\\/#website\",\"url\":\"http:\\\/\\\/cuartetoenlaweb.com.ar\\\/sitio\\\/\",\"name\":\"Cuarteto en la Web\",\"description\":\"\",\"publisher\":{\"@id\":\"http:\\\/\\\/cuartetoenlaweb.com.ar\\\/sitio\\\/#organization\"},\"potentialAction\":[{\"@type\":\"SearchAction\",\"target\":{\"@type\":\"EntryPoint\",\"urlTemplate\":\"http:\\\/\\\/cuartetoenlaweb.com.ar\\\/sitio\\\/?s={search_term_string}\"},\"query-input\":{\"@type\":\"PropertyValueSpecification\",\"valueRequired\":true,\"valueName\":\"search_term_string\"}}],\"inLanguage\":\"es\"},{\"@type\":\"Organization\",\"@id\":\"http:\\\/\\\/cuartetoenlaweb.com.ar\\\/sitio\\\/#organization\",\"name\":\"Cuarteto en la Web\",\"url\":\"http:\\\/\\\/cuartetoenlaweb.com.ar\\\/sitio\\\/\",\"logo\":{\"@type\":\"ImageObject\",\"inLanguage\":\"es\",\"@id\":\"http:\\\/\\\/cuartetoenlaweb.com.ar\\\/sitio\\\/#\\\/schema\\\/logo\\\/image\\\/\",\"url\":\"https:\\\/\\\/cuartetoenlaweb.com.ar\\\/sitio\\\/wp-content\\\/uploads\\\/2025\\\/07\\\/cropped-cropped-logitoweb21.png\",\"contentUrl\":\"https:\\\/\\\/cuartetoenlaweb.com.ar\\\/sitio\\\/wp-content\\\/uploads\\\/2025\\\/07\\\/cropped-cropped-logitoweb21.png\",\"width\":199,\"height\":199,\"caption\":\"Cuarteto en la Web\"},\"image\":{\"@id\":\"http:\\\/\\\/cuartetoenlaweb.com.ar\\\/sitio\\\/#\\\/schema\\\/logo\\\/image\\\/\"}}]}<\/script>\n<!-- \/ Yoast SEO plugin. -->","yoast_head_json":{"title":"Cu\u00e1nto cobran los jubilados del Anses en marzo de 2026 con el nuevo aumento confirmado - Cuarteto en la Web","robots":{"index":"index","follow":"follow","max-snippet":"max-snippet:-1","max-image-preview":"max-image-preview:large","max-video-preview":"max-video-preview:-1"},"canonical":"https:\/\/cuartetoenlaweb.com.ar\/sitio\/cuanto-cobran-los-jubilados-del-anses-en-marzo-de-2026-con-el-nuevo-aumento-confirmado\/","og_locale":"es_ES","og_type":"article","og_title":"Cu\u00e1nto cobran los jubilados del Anses en marzo de 2026 con el nuevo aumento confirmado - Cuarteto en la Web","og_description":"Los jubilados de todo el pa\u00eds, que cobran sus haberes","og_url":"https:\/\/cuartetoenlaweb.com.ar\/sitio\/cuanto-cobran-los-jubilados-del-anses-en-marzo-de-2026-con-el-nuevo-aumento-confirmado\/","og_site_name":"Cuarteto en la Web","article_published_time":"2026-02-22T14:00:35+00:00","og_image":[{"url":"https:\/\/resizer.glanacion.com\/resizer\/v2\/LPQDVJLH65CTPK2AMQVO2LC2RA.jpg?auth=4623efcd8ce3b5d4c0e1bcb5c87b29d24077cb75f5445dc6a00fd66505810dc0&amp;smart=true&amp;width=2000&amp;height=1333","type":"","width":"","height":""}],"twitter_card":"summary_large_image","twitter_misc":{"Tiempo de lectura":"3 minutos"},"schema":{"@context":"https:\/\/schema.org","@graph":[{"@type":"Article","@id":"https:\/\/cuartetoenlaweb.com.ar\/sitio\/cuanto-cobran-los-jubilados-del-anses-en-marzo-de-2026-con-el-nuevo-aumento-confirmado\/#article","isPartOf":{"@id":"https:\/\/cuartetoenlaweb.com.ar\/sitio\/cuanto-cobran-los-jubilados-del-anses-en-marzo-de-2026-con-el-nuevo-aumento-confirmado\/"},"author":{"name":"","@id":""},"headline":"Cu\u00e1nto cobran los jubilados del Anses en marzo de 2026 con el nuevo aumento confirmado","datePublished":"2026-02-22T14:00:35+00:00","mainEntityOfPage":{"@id":"https:\/\/cuartetoenlaweb.com.ar\/sitio\/cuanto-cobran-los-jubilados-del-anses-en-marzo-de-2026-con-el-nuevo-aumento-confirmado\/"},"wordCount":522,"publisher":{"@id":"http:\/\/cuartetoenlaweb.com.ar\/sitio\/#organization"},"image":{"@id":"https:\/\/cuartetoenlaweb.com.ar\/sitio\/cuanto-cobran-los-jubilados-del-anses-en-marzo-de-2026-con-el-nuevo-aumento-confirmado\/#primaryimage"},"thumbnailUrl":"https:\/\/resizer.glanacion.com\/resizer\/v2\/LPQDVJLH65CTPK2AMQVO2LC2RA.jpg?auth=4623efcd8ce3b5d4c0e1bcb5c87b29d24077cb75f5445dc6a00fd66505810dc0&amp;smart=true&amp;width=2000&amp;height=1333","articleSection":["PAIS"],"inLanguage":"es"},{"@type":"WebPage","@id":"https:\/\/cuartetoenlaweb.com.ar\/sitio\/cuanto-cobran-los-jubilados-del-anses-en-marzo-de-2026-con-el-nuevo-aumento-confirmado\/","url":"https:\/\/cuartetoenlaweb.com.ar\/sitio\/cuanto-cobran-los-jubilados-del-anses-en-marzo-de-2026-con-el-nuevo-aumento-confirmado\/","name":"Cu\u00e1nto cobran los jubilados del Anses en marzo de 2026 con el nuevo aumento confirmado - Cuarteto en la Web","isPartOf":{"@id":"http:\/\/cuartetoenlaweb.com.ar\/sitio\/#website"},"primaryImageOfPage":{"@id":"https:\/\/cuartetoenlaweb.com.ar\/sitio\/cuanto-cobran-los-jubilados-del-anses-en-marzo-de-2026-con-el-nuevo-aumento-confirmado\/#primaryimage"},"image":{"@id":"https:\/\/cuartetoenlaweb.com.ar\/sitio\/cuanto-cobran-los-jubilados-del-anses-en-marzo-de-2026-con-el-nuevo-aumento-confirmado\/#primaryimage"},"thumbnailUrl":"https:\/\/resizer.glanacion.com\/resizer\/v2\/LPQDVJLH65CTPK2AMQVO2LC2RA.jpg?auth=4623efcd8ce3b5d4c0e1bcb5c87b29d24077cb75f5445dc6a00fd66505810dc0&amp;smart=true&amp;width=2000&amp;height=1333","datePublished":"2026-02-22T14:00:35+00:00","breadcrumb":{"@id":"https:\/\/cuartetoenlaweb.com.ar\/sitio\/cuanto-cobran-los-jubilados-del-anses-en-marzo-de-2026-con-el-nuevo-aumento-confirmado\/#breadcrumb"},"inLanguage":"es","potentialAction":[{"@type":"ReadAction","target":["https:\/\/cuartetoenlaweb.com.ar\/sitio\/cuanto-cobran-los-jubilados-del-anses-en-marzo-de-2026-con-el-nuevo-aumento-confirmado\/"]}]},{"@type":"ImageObject","inLanguage":"es","@id":"https:\/\/cuartetoenlaweb.com.ar\/sitio\/cuanto-cobran-los-jubilados-del-anses-en-marzo-de-2026-con-el-nuevo-aumento-confirmado\/#primaryimage","url":"https:\/\/resizer.glanacion.com\/resizer\/v2\/LPQDVJLH65CTPK2AMQVO2LC2RA.jpg?auth=4623efcd8ce3b5d4c0e1bcb5c87b29d24077cb75f5445dc6a00fd66505810dc0&amp;smart=true&amp;width=2000&amp;height=1333","contentUrl":"https:\/\/resizer.glanacion.com\/resizer\/v2\/LPQDVJLH65CTPK2AMQVO2LC2RA.jpg?auth=4623efcd8ce3b5d4c0e1bcb5c87b29d24077cb75f5445dc6a00fd66505810dc0&amp;smart=true&amp;width=2000&amp;height=1333"},{"@type":"BreadcrumbList","@id":"https:\/\/cuartetoenlaweb.com.ar\/sitio\/cuanto-cobran-los-jubilados-del-anses-en-marzo-de-2026-con-el-nuevo-aumento-confirmado\/#breadcrumb","itemListElement":[{"@type":"ListItem","position":1,"name":"Portada","item":"http:\/\/cuartetoenlaweb.com.ar\/sitio\/"},{"@type":"ListItem","position":2,"name":"Cu\u00e1nto cobran los jubilados del Anses en marzo de 2026 con el nuevo aumento confirmado"}]},{"@type":"WebSite","@id":"http:\/\/cuartetoenlaweb.com.ar\/sitio\/#website","url":"http:\/\/cuartetoenlaweb.com.ar\/sitio\/","name":"Cuarteto en la Web","description":"","publisher":{"@id":"http:\/\/cuartetoenlaweb.com.ar\/sitio\/#organization"},"potentialAction":[{"@type":"SearchAction","target":{"@type":"EntryPoint","urlTemplate":"http:\/\/cuartetoenlaweb.com.ar\/sitio\/?s={search_term_string}"},"query-input":{"@type":"PropertyValueSpecification","valueRequired":true,"valueName":"search_term_string"}}],"inLanguage":"es"},{"@type":"Organization","@id":"http:\/\/cuartetoenlaweb.com.ar\/sitio\/#organization","name":"Cuarteto en la Web","url":"http:\/\/cuartetoenlaweb.com.ar\/sitio\/","logo":{"@type":"ImageObject","inLanguage":"es","@id":"http:\/\/cuartetoenlaweb.com.ar\/sitio\/#\/schema\/logo\/image\/","url":"https:\/\/cuartetoenlaweb.com.ar\/sitio\/wp-content\/uploads\/2025\/07\/cropped-cropped-logitoweb21.png","contentUrl":"https:\/\/cuartetoenlaweb.com.ar\/sitio\/wp-content\/uploads\/2025\/07\/cropped-cropped-logitoweb21.png","width":199,"height":199,"caption":"Cuarteto en la Web"},"image":{"@id":"http:\/\/cuartetoenlaweb.com.ar\/sitio\/#\/schema\/logo\/image\/"}}]}},"_links":{"self":[{"href":"https:\/\/cuartetoenlaweb.com.ar\/sitio\/wp-json\/wp\/v2\/posts\/12440","targetHints":{"allow":["GET"]}}],"collection":[{"href":"https:\/\/cuartetoenlaweb.com.ar\/sitio\/wp-json\/wp\/v2\/posts"}],"about":[{"href":"https:\/\/cuartetoenlaweb.com.ar\/sitio\/wp-json\/wp\/v2\/types\/post"}],"replies":[{"embeddable":true,"href":"https:\/\/cuartetoenlaweb.com.ar\/sitio\/wp-json\/wp\/v2\/comments?post=12440"}],"version-history":[{"count":0,"href":"https:\/\/cuartetoenlaweb.com.ar\/sitio\/wp-json\/wp\/v2\/posts\/12440\/revisions"}],"wp:attachment":[{"href":"https:\/\/cuartetoenlaweb.com.ar\/sitio\/wp-json\/wp\/v2\/media?parent=12440"}],"wp:term":[{"taxonomy":"category","embeddable":true,"href":"https:\/\/cuartetoenlaweb.com.ar\/sitio\/wp-json\/wp\/v2\/categories?post=12440"},{"taxonomy":"post_tag","embeddable":true,"href":"https:\/\/cuartetoenlaweb.com.ar\/sitio\/wp-json\/wp\/v2\/tags?post=12440"}],"curies":[{"name":"wp","href":"https:\/\/api.w.org\/{rel}","templated":true}]}}